{"id":15749,"date":"2025-08-11T16:45:23","date_gmt":"2025-08-11T16:45:23","guid":{"rendered":"https:\/\/dpress.ma\/fr\/?p=15749"},"modified":"2025-08-11T16:45:24","modified_gmt":"2025-08-11T16:45:24","slug":"sm-le-roi-felicite-le-president-de-la-republique-du-tchad-a-loccasion-de-la-fete-nationale-de-son-pays-2","status":"publish","type":"post","link":"https:\/\/dpress.ma\/fr\/2025\/08\/11\/sm-le-roi-felicite-le-president-de-la-republique-du-tchad-a-loccasion-de-la-fete-nationale-de-son-pays-2\/","title":{"rendered":"SM le Roi f\u00e9licite le Pr\u00e9sident de la R\u00e9publique du Tchad \u00e0 l\u2019occasion de la f\u00eate nationale de son pays"},"content":{"rendered":"\n<p>dpress<\/p>\n\n\n\n<p>Sa Majest\u00e9 le Roi Mohammed VI a adress\u00e9 un message de f\u00e9licitations au Pr\u00e9sident de la R\u00e9publique du Tchad, Chef de l\u2019\u00c9tat, Mahamat Idriss Deby Itno, \u00e0 l\u2019occasion de la f\u00eate nationale de son pays.<\/p>\n\n\n\n<p>Dans ce message, le Souverain adresse Ses f\u00e9licitations \u00e0 M. Deby Itno, ainsi que&nbsp;Ses v\u0153ux les meilleurs de bonheur et de prosp\u00e9rit\u00e9&nbsp;pour le peuple tchadien.<\/p>\n\n\n\n<p>A cette occasion, SM le Roi assure de Sa constante disposition \u00e0 poursuivre l\u2019action concert\u00e9e avec le Pr\u00e9sident de la R\u00e9publique du Tchad, afin de porter toujours plus haut l\u2019\u00e9troite coop\u00e9ration maroco-tchadienne, au service des deux peuples et du continent africain.<\/p>\n\n\n\n<p>Le Souverain forme \u00e9galement le v\u0153u de voir s\u2019enrichir encore davantage les profonds liens de fraternit\u00e9 solidaire entre les deux pays.<\/p>\n","protected":false},"excerpt":{"rendered":"<p>dpress Sa Majest\u00e9 le Roi Mohammed VI a adress\u00e9 un message de f\u00e9licitations au Pr\u00e9sident de la R\u00e9publique du Tchad, Chef de l\u2019\u00c9tat, Mahamat Idriss Deby Itno, \u00e0 l\u2019occasion de la f\u00eate nationale de son pays. Dans ce message, le Souverain adresse Ses f\u00e9licitations \u00e0 M. Deby Itno, ainsi que&nbsp;Ses v\u0153ux les meilleurs de bonheur &hellip;<\/p>\n","protected":false},"author":2,"featured_media":15750,"comment_status":"open","ping_status":"open","sticky":false,"template":"","format":"standard","meta":{"footnotes":""},"categories":[29],"tags":[],"class_list":["post-15749","post","type-post","status-publish","format-standard","has-post-thumbnail","hentry","category-activites-royales"],"yoast_head":"<!-- This site is optimized with the Yoast SEO plugin v27.5 - https:\/\/yoast.com\/product\/yoast-seo-wordpress\/ -->\n<title>SM le Roi f\u00e9licite le Pr\u00e9sident de la R\u00e9publique du Tchad \u00e0 l\u2019occasion de la f\u00eate nationale de son pays - Dpress.ma\/fr<\/title>\n<meta name=\"robots\" content=\"index, follow, max-snippet:-1, max-image-preview:large, max-video-preview:-1\" \/>\n<link rel=\"canonical\" href=\"https:\/\/dpress.ma\/fr\/2025\/08\/11\/sm-le-roi-felicite-le-president-de-la-republique-du-tchad-a-loccasion-de-la-fete-nationale-de-son-pays-2\/\" \/>\n<meta property=\"og:locale\" content=\"fr_FR\" \/>\n<meta property=\"og:type\" content=\"article\" \/>\n<meta property=\"og:title\" content=\"SM le Roi f\u00e9licite le Pr\u00e9sident de la R\u00e9publique du Tchad \u00e0 l\u2019occasion de la f\u00eate nationale de son pays - Dpress.ma\/fr\" \/>\n<meta property=\"og:description\" content=\"dpress Sa Majest\u00e9 le Roi Mohammed VI a adress\u00e9 un message de f\u00e9licitations au Pr\u00e9sident de la R\u00e9publique du Tchad, Chef de l\u2019\u00c9tat, Mahamat Idriss Deby Itno, \u00e0 l\u2019occasion de la f\u00eate nationale de son pays. Dans ce message, le Souverain adresse Ses f\u00e9licitations \u00e0 M. Deby Itno, ainsi que&nbsp;Ses v\u0153ux les meilleurs de bonheur &hellip;\" \/>\n<meta property=\"og:url\" content=\"https:\/\/dpress.ma\/fr\/2025\/08\/11\/sm-le-roi-felicite-le-president-de-la-republique-du-tchad-a-loccasion-de-la-fete-nationale-de-son-pays-2\/\" \/>\n<meta property=\"og:site_name\" content=\"Dpress.ma\/fr\" \/>\n<meta property=\"article:published_time\" content=\"2025-08-11T16:45:23+00:00\" \/>\n<meta property=\"article:modified_time\" content=\"2025-08-11T16:45:24+00:00\" \/>\n<meta property=\"og:image\" content=\"https:\/\/dpress.ma\/fr\/wp-content\/uploads\/sites\/2\/2025\/08\/dimensions2-20.jpg\" \/>\n\t<meta property=\"og:image:width\" content=\"2539\" \/>\n\t<meta property=\"og:image:height\" content=\"1594\" \/>\n\t<meta property=\"og:image:type\" content=\"image\/jpeg\" \/>\n<meta name=\"author\" content=\"Dpress.ma\" \/>\n<meta name=\"twitter:card\" content=\"summary_large_image\" \/>\n<meta name=\"twitter:label1\" content=\"\u00c9crit par\" \/>\n\t<meta name=\"twitter:data1\" content=\"Dpress.ma\" \/>\n\t<meta name=\"twitter:label2\" content=\"Dur\u00e9e de lecture estim\u00e9e\" \/>\n\t<meta name=\"twitter:data2\" content=\"1 minute\" \/>\n<script type=\"application\/ld+json\" class=\"yoast-schema-graph\">{\"@context\":\"https:\\\/\\\/schema.org\",\"@graph\":[{\"@type\":\"Article\",\"@id\":\"https:\\\/\\\/dpress.ma\\\/fr\\\/2025\\\/08\\\/11\\\/sm-le-roi-felicite-le-president-de-la-republique-du-tchad-a-loccasion-de-la-fete-nationale-de-son-pays-2\\\/#article\",\"isPartOf\":{\"@id\":\"https:\\\/\\\/dpress.ma\\\/fr\\\/2025\\\/08\\\/11\\\/sm-le-roi-felicite-le-president-de-la-republique-du-tchad-a-loccasion-de-la-fete-nationale-de-son-pays-2\\\/\"},\"author\":{\"name\":\"Dpress.ma\",\"@id\":\"https:\\\/\\\/dpress.ma\\\/fr\\\/#\\\/schema\\\/person\\\/4898febf3ccd59e6578d838656a306a0\"},\"headline\":\"SM le Roi f\u00e9licite le Pr\u00e9sident de la R\u00e9publique du Tchad \u00e0 l\u2019occasion de la f\u00eate nationale de son pays\",\"datePublished\":\"2025-08-11T16:45:23+00:00\",\"dateModified\":\"2025-08-11T16:45:24+00:00\",\"mainEntityOfPage\":{\"@id\":\"https:\\\/\\\/dpress.ma\\\/fr\\\/2025\\\/08\\\/11\\\/sm-le-roi-felicite-le-president-de-la-republique-du-tchad-a-loccasion-de-la-fete-nationale-de-son-pays-2\\\/\"},\"wordCount\":165,\"commentCount\":0,\"image\":{\"@id\":\"https:\\\/\\\/dpress.ma\\\/fr\\\/2025\\\/08\\\/11\\\/sm-le-roi-felicite-le-president-de-la-republique-du-tchad-a-loccasion-de-la-fete-nationale-de-son-pays-2\\\/#primaryimage\"},\"thumbnailUrl\":\"https:\\\/\\\/dpress.ma\\\/fr\\\/wp-content\\\/uploads\\\/sites\\\/2\\\/2025\\\/08\\\/dimensions2-20.jpg\",\"articleSection\":[\"Activit\u00e9s Royales\"],\"inLanguage\":\"fr-FR\",\"potentialAction\":[{\"@type\":\"CommentAction\",\"name\":\"Comment\",\"target\":[\"https:\\\/\\\/dpress.ma\\\/fr\\\/2025\\\/08\\\/11\\\/sm-le-roi-felicite-le-president-de-la-republique-du-tchad-a-loccasion-de-la-fete-nationale-de-son-pays-2\\\/#respond\"]}]},{\"@type\":\"WebPage\",\"@id\":\"https:\\\/\\\/dpress.ma\\\/fr\\\/2025\\\/08\\\/11\\\/sm-le-roi-felicite-le-president-de-la-republique-du-tchad-a-loccasion-de-la-fete-nationale-de-son-pays-2\\\/\",\"url\":\"https:\\\/\\\/dpress.ma\\\/fr\\\/2025\\\/08\\\/11\\\/sm-le-roi-felicite-le-president-de-la-republique-du-tchad-a-loccasion-de-la-fete-nationale-de-son-pays-2\\\/\",\"name\":\"SM le Roi f\u00e9licite le Pr\u00e9sident de la R\u00e9publique du Tchad \u00e0 l\u2019occasion de la f\u00eate nationale de son pays - Dpress.ma\\\/fr\",\"isPartOf\":{\"@id\":\"https:\\\/\\\/dpress.ma\\\/fr\\\/#website\"},\"primaryImageOfPage\":{\"@id\":\"https:\\\/\\\/dpress.ma\\\/fr\\\/2025\\\/08\\\/11\\\/sm-le-roi-felicite-le-president-de-la-republique-du-tchad-a-loccasion-de-la-fete-nationale-de-son-pays-2\\\/#primaryimage\"},\"image\":{\"@id\":\"https:\\\/\\\/dpress.ma\\\/fr\\\/2025\\\/08\\\/11\\\/sm-le-roi-felicite-le-president-de-la-republique-du-tchad-a-loccasion-de-la-fete-nationale-de-son-pays-2\\\/#primaryimage\"},\"thumbnailUrl\":\"https:\\\/\\\/dpress.ma\\\/fr\\\/wp-content\\\/uploads\\\/sites\\\/2\\\/2025\\\/08\\\/dimensions2-20.jpg\",\"datePublished\":\"2025-08-11T16:45:23+00:00\",\"dateModified\":\"2025-08-11T16:45:24+00:00\",\"author\":{\"@id\":\"https:\\\/\\\/dpress.ma\\\/fr\\\/#\\\/schema\\\/person\\\/4898febf3ccd59e6578d838656a306a0\"},\"breadcrumb\":{\"@id\":\"https:\\\/\\\/dpress.ma\\\/fr\\\/2025\\\/08\\\/11\\\/sm-le-roi-felicite-le-president-de-la-republique-du-tchad-a-loccasion-de-la-fete-nationale-de-son-pays-2\\\/#breadcrumb\"},\"inLanguage\":\"fr-FR\",\"potentialAction\":[{\"@type\":\"ReadAction\",\"target\":[\"https:\\\/\\\/dpress.ma\\\/fr\\\/2025\\\/08\\\/11\\\/sm-le-roi-felicite-le-president-de-la-republique-du-tchad-a-loccasion-de-la-fete-nationale-de-son-pays-2\\\/\"]}]},{\"@type\":\"ImageObject\",\"inLanguage\":\"fr-FR\",\"@id\":\"https:\\\/\\\/dpress.ma\\\/fr\\\/2025\\\/08\\\/11\\\/sm-le-roi-felicite-le-president-de-la-republique-du-tchad-a-loccasion-de-la-fete-nationale-de-son-pays-2\\\/#primaryimage\",\"url\":\"https:\\\/\\\/dpress.ma\\\/fr\\\/wp-content\\\/uploads\\\/sites\\\/2\\\/2025\\\/08\\\/dimensions2-20.jpg\",\"contentUrl\":\"https:\\\/\\\/dpress.ma\\\/fr\\\/wp-content\\\/uploads\\\/sites\\\/2\\\/2025\\\/08\\\/dimensions2-20.jpg\",\"width\":2539,\"height\":1594},{\"@type\":\"BreadcrumbList\",\"@id\":\"https:\\\/\\\/dpress.ma\\\/fr\\\/2025\\\/08\\\/11\\\/sm-le-roi-felicite-le-president-de-la-republique-du-tchad-a-loccasion-de-la-fete-nationale-de-son-pays-2\\\/#breadcrumb\",\"itemListElement\":[{\"@type\":\"ListItem\",\"position\":1,\"name\":\"Home\",\"item\":\"https:\\\/\\\/dpress.ma\\\/fr\\\/\"},{\"@type\":\"ListItem\",\"position\":2,\"name\":\"SM le Roi f\u00e9licite le Pr\u00e9sident de la R\u00e9publique du Tchad \u00e0 l\u2019occasion de la f\u00eate nationale de son pays\"}]},{\"@type\":\"WebSite\",\"@id\":\"https:\\\/\\\/dpress.ma\\\/fr\\\/#website\",\"url\":\"https:\\\/\\\/dpress.ma\\\/fr\\\/\",\"name\":\"Dpress.ma\\\/fr\",\"description\":\"\",\"potentialAction\":[{\"@type\":\"SearchAction\",\"target\":{\"@type\":\"EntryPoint\",\"urlTemplate\":\"https:\\\/\\\/dpress.ma\\\/fr\\\/?s={search_term_string}\"},\"query-input\":{\"@type\":\"PropertyValueSpecification\",\"valueRequired\":true,\"valueName\":\"search_term_string\"}}],\"inLanguage\":\"fr-FR\"},{\"@type\":\"Person\",\"@id\":\"https:\\\/\\\/dpress.ma\\\/fr\\\/#\\\/schema\\\/person\\\/4898febf3ccd59e6578d838656a306a0\",\"name\":\"Dpress.ma\",\"image\":{\"@type\":\"ImageObject\",\"inLanguage\":\"fr-FR\",\"@id\":\"https:\\\/\\\/secure.gravatar.com\\\/avatar\\\/72ecc30e9db047a2e0e7176561eb9d564ed77c8108376495b19bd8336405198a?s=96&d=mm&r=g\",\"url\":\"https:\\\/\\\/secure.gravatar.com\\\/avatar\\\/72ecc30e9db047a2e0e7176561eb9d564ed77c8108376495b19bd8336405198a?s=96&d=mm&r=g\",\"contentUrl\":\"https:\\\/\\\/secure.gravatar.com\\\/avatar\\\/72ecc30e9db047a2e0e7176561eb9d564ed77c8108376495b19bd8336405198a?s=96&d=mm&r=g\",\"caption\":\"Dpress.ma\"},\"sameAs\":[\"https:\\\/\\\/www.dpress.ma\"],\"url\":\"https:\\\/\\\/dpress.ma\\\/fr\\\/author\\\/dpress-ma\\\/\"}]}<\/script>\n<!-- \/ Yoast SEO plugin. -->","yoast_head_json":{"title":"SM le Roi f\u00e9licite le Pr\u00e9sident de la R\u00e9publique du Tchad \u00e0 l\u2019occasion de la f\u00eate nationale de son pays - Dpress.ma\/fr","robots":{"index":"index","follow":"follow","max-snippet":"max-snippet:-1","max-image-preview":"max-image-preview:large","max-video-preview":"max-video-preview:-1"},"canonical":"https:\/\/dpress.ma\/fr\/2025\/08\/11\/sm-le-roi-felicite-le-president-de-la-republique-du-tchad-a-loccasion-de-la-fete-nationale-de-son-pays-2\/","og_locale":"fr_FR","og_type":"article","og_title":"SM le Roi f\u00e9licite le Pr\u00e9sident de la R\u00e9publique du Tchad \u00e0 l\u2019occasion de la f\u00eate nationale de son pays - Dpress.ma\/fr","og_description":"dpress Sa Majest\u00e9 le Roi Mohammed VI a adress\u00e9 un message de f\u00e9licitations au Pr\u00e9sident de la R\u00e9publique du Tchad, Chef de l\u2019\u00c9tat, Mahamat Idriss Deby Itno, \u00e0 l\u2019occasion de la f\u00eate nationale de son pays. Dans ce message, le Souverain adresse Ses f\u00e9licitations \u00e0 M. Deby Itno, ainsi que&nbsp;Ses v\u0153ux les meilleurs de bonheur &hellip;","og_url":"https:\/\/dpress.ma\/fr\/2025\/08\/11\/sm-le-roi-felicite-le-president-de-la-republique-du-tchad-a-loccasion-de-la-fete-nationale-de-son-pays-2\/","og_site_name":"Dpress.ma\/fr","article_published_time":"2025-08-11T16:45:23+00:00","article_modified_time":"2025-08-11T16:45:24+00:00","og_image":[{"width":2539,"height":1594,"url":"https:\/\/dpress.ma\/fr\/wp-content\/uploads\/sites\/2\/2025\/08\/dimensions2-20.jpg","type":"image\/jpeg"}],"author":"Dpress.ma","twitter_card":"summary_large_image","twitter_misc":{"\u00c9crit par":"Dpress.ma","Dur\u00e9e de lecture estim\u00e9e":"1 minute"},"schema":{"@context":"https:\/\/schema.org","@graph":[{"@type":"Article","@id":"https:\/\/dpress.ma\/fr\/2025\/08\/11\/sm-le-roi-felicite-le-president-de-la-republique-du-tchad-a-loccasion-de-la-fete-nationale-de-son-pays-2\/#article","isPartOf":{"@id":"https:\/\/dpress.ma\/fr\/2025\/08\/11\/sm-le-roi-felicite-le-president-de-la-republique-du-tchad-a-loccasion-de-la-fete-nationale-de-son-pays-2\/"},"author":{"name":"Dpress.ma","@id":"https:\/\/dpress.ma\/fr\/#\/schema\/person\/4898febf3ccd59e6578d838656a306a0"},"headline":"SM le Roi f\u00e9licite le Pr\u00e9sident de la R\u00e9publique du Tchad \u00e0 l\u2019occasion de la f\u00eate nationale de son pays","datePublished":"2025-08-11T16:45:23+00:00","dateModified":"2025-08-11T16:45:24+00:00","mainEntityOfPage":{"@id":"https:\/\/dpress.ma\/fr\/2025\/08\/11\/sm-le-roi-felicite-le-president-de-la-republique-du-tchad-a-loccasion-de-la-fete-nationale-de-son-pays-2\/"},"wordCount":165,"commentCount":0,"image":{"@id":"https:\/\/dpress.ma\/fr\/2025\/08\/11\/sm-le-roi-felicite-le-president-de-la-republique-du-tchad-a-loccasion-de-la-fete-nationale-de-son-pays-2\/#primaryimage"},"thumbnailUrl":"https:\/\/dpress.ma\/fr\/wp-content\/uploads\/sites\/2\/2025\/08\/dimensions2-20.jpg","articleSection":["Activit\u00e9s Royales"],"inLanguage":"fr-FR","potentialAction":[{"@type":"CommentAction","name":"Comment","target":["https:\/\/dpress.ma\/fr\/2025\/08\/11\/sm-le-roi-felicite-le-president-de-la-republique-du-tchad-a-loccasion-de-la-fete-nationale-de-son-pays-2\/#respond"]}]},{"@type":"WebPage","@id":"https:\/\/dpress.ma\/fr\/2025\/08\/11\/sm-le-roi-felicite-le-president-de-la-republique-du-tchad-a-loccasion-de-la-fete-nationale-de-son-pays-2\/","url":"https:\/\/dpress.ma\/fr\/2025\/08\/11\/sm-le-roi-felicite-le-president-de-la-republique-du-tchad-a-loccasion-de-la-fete-nationale-de-son-pays-2\/","name":"SM le Roi f\u00e9licite le Pr\u00e9sident de la R\u00e9publique du Tchad \u00e0 l\u2019occasion de la f\u00eate nationale de son pays - Dpress.ma\/fr","isPartOf":{"@id":"https:\/\/dpress.ma\/fr\/#website"},"primaryImageOfPage":{"@id":"https:\/\/dpress.ma\/fr\/2025\/08\/11\/sm-le-roi-felicite-le-president-de-la-republique-du-tchad-a-loccasion-de-la-fete-nationale-de-son-pays-2\/#primaryimage"},"image":{"@id":"https:\/\/dpress.ma\/fr\/2025\/08\/11\/sm-le-roi-felicite-le-president-de-la-republique-du-tchad-a-loccasion-de-la-fete-nationale-de-son-pays-2\/#primaryimage"},"thumbnailUrl":"https:\/\/dpress.ma\/fr\/wp-content\/uploads\/sites\/2\/2025\/08\/dimensions2-20.jpg","datePublished":"2025-08-11T16:45:23+00:00","dateModified":"2025-08-11T16:45:24+00:00","author":{"@id":"https:\/\/dpress.ma\/fr\/#\/schema\/person\/4898febf3ccd59e6578d838656a306a0"},"breadcrumb":{"@id":"https:\/\/dpress.ma\/fr\/2025\/08\/11\/sm-le-roi-felicite-le-president-de-la-republique-du-tchad-a-loccasion-de-la-fete-nationale-de-son-pays-2\/#breadcrumb"},"inLanguage":"fr-FR","potentialAction":[{"@type":"ReadAction","target":["https:\/\/dpress.ma\/fr\/2025\/08\/11\/sm-le-roi-felicite-le-president-de-la-republique-du-tchad-a-loccasion-de-la-fete-nationale-de-son-pays-2\/"]}]},{"@type":"ImageObject","inLanguage":"fr-FR","@id":"https:\/\/dpress.ma\/fr\/2025\/08\/11\/sm-le-roi-felicite-le-president-de-la-republique-du-tchad-a-loccasion-de-la-fete-nationale-de-son-pays-2\/#primaryimage","url":"https:\/\/dpress.ma\/fr\/wp-content\/uploads\/sites\/2\/2025\/08\/dimensions2-20.jpg","contentUrl":"https:\/\/dpress.ma\/fr\/wp-content\/uploads\/sites\/2\/2025\/08\/dimensions2-20.jpg","width":2539,"height":1594},{"@type":"BreadcrumbList","@id":"https:\/\/dpress.ma\/fr\/2025\/08\/11\/sm-le-roi-felicite-le-president-de-la-republique-du-tchad-a-loccasion-de-la-fete-nationale-de-son-pays-2\/#breadcrumb","itemListElement":[{"@type":"ListItem","position":1,"name":"Home","item":"https:\/\/dpress.ma\/fr\/"},{"@type":"ListItem","position":2,"name":"SM le Roi f\u00e9licite le Pr\u00e9sident de la R\u00e9publique du Tchad \u00e0 l\u2019occasion de la f\u00eate nationale de son pays"}]},{"@type":"WebSite","@id":"https:\/\/dpress.ma\/fr\/#website","url":"https:\/\/dpress.ma\/fr\/","name":"Dpress.ma\/fr","description":"","potentialAction":[{"@type":"SearchAction","target":{"@type":"EntryPoint","urlTemplate":"https:\/\/dpress.ma\/fr\/?s={search_term_string}"},"query-input":{"@type":"PropertyValueSpecification","valueRequired":true,"valueName":"search_term_string"}}],"inLanguage":"fr-FR"},{"@type":"Person","@id":"https:\/\/dpress.ma\/fr\/#\/schema\/person\/4898febf3ccd59e6578d838656a306a0","name":"Dpress.ma","image":{"@type":"ImageObject","inLanguage":"fr-FR","@id":"https:\/\/secure.gravatar.com\/avatar\/72ecc30e9db047a2e0e7176561eb9d564ed77c8108376495b19bd8336405198a?s=96&d=mm&r=g","url":"https:\/\/secure.gravatar.com\/avatar\/72ecc30e9db047a2e0e7176561eb9d564ed77c8108376495b19bd8336405198a?s=96&d=mm&r=g","contentUrl":"https:\/\/secure.gravatar.com\/avatar\/72ecc30e9db047a2e0e7176561eb9d564ed77c8108376495b19bd8336405198a?s=96&d=mm&r=g","caption":"Dpress.ma"},"sameAs":["https:\/\/www.dpress.ma"],"url":"https:\/\/dpress.ma\/fr\/author\/dpress-ma\/"}]}},"amp_enabled":true,"_links":{"self":[{"href":"https:\/\/dpress.ma\/fr\/wp-json\/wp\/v2\/posts\/15749","targetHints":{"allow":["GET"]}}],"collection":[{"href":"https:\/\/dpress.ma\/fr\/wp-json\/wp\/v2\/posts"}],"about":[{"href":"https:\/\/dpress.ma\/fr\/wp-json\/wp\/v2\/types\/post"}],"author":[{"embeddable":true,"href":"https:\/\/dpress.ma\/fr\/wp-json\/wp\/v2\/users\/2"}],"replies":[{"embeddable":true,"href":"https:\/\/dpress.ma\/fr\/wp-json\/wp\/v2\/comments?post=15749"}],"version-history":[{"count":1,"href":"https:\/\/dpress.ma\/fr\/wp-json\/wp\/v2\/posts\/15749\/revisions"}],"predecessor-version":[{"id":15751,"href":"https:\/\/dpress.ma\/fr\/wp-json\/wp\/v2\/posts\/15749\/revisions\/15751"}],"wp:featuredmedia":[{"embeddable":true,"href":"https:\/\/dpress.ma\/fr\/wp-json\/wp\/v2\/media\/15750"}],"wp:attachment":[{"href":"https:\/\/dpress.ma\/fr\/wp-json\/wp\/v2\/media?parent=15749"}],"wp:term":[{"taxonomy":"category","embeddable":true,"href":"https:\/\/dpress.ma\/fr\/wp-json\/wp\/v2\/categories?post=15749"},{"taxonomy":"post_tag","embeddable":true,"href":"https:\/\/dpress.ma\/fr\/wp-json\/wp\/v2\/tags?post=15749"}],"curies":[{"name":"wp","href":"https:\/\/api.w.org\/{rel}","templated":true}]}}