{"id":15746,"date":"2025-08-11T09:00:32","date_gmt":"2025-08-11T09:00:32","guid":{"rendered":"https:\/\/dpress.ma\/fr\/?p=15746"},"modified":"2025-08-11T09:00:33","modified_gmt":"2025-08-11T09:00:33","slug":"interpellation-dun-element-impregne-de-lideologie-extremiste-de-lorganisation-terroriste-daech-bcij","status":"publish","type":"post","link":"https:\/\/dpress.ma\/fr\/2025\/08\/11\/interpellation-dun-element-impregne-de-lideologie-extremiste-de-lorganisation-terroriste-daech-bcij\/","title":{"rendered":"Interpellation d\u2019un \u00e9l\u00e9ment impr\u00e9gn\u00e9 de l\u2019id\u00e9ologie extr\u00e9miste de l\u2019organisation terroriste \u201cDaech\u201d (BCIJ)"},"content":{"rendered":"\n<p>dpress<\/p>\n\n\n\n<p>Le Bureau Central d\u2019Investigations Judiciaires (BCIJ) a proc\u00e9d\u00e9, dans la matin\u00e9e du dimanche 10 ao\u00fbt, sur la base de renseignements fournis par la Direction g\u00e9n\u00e9rale de la Surveillance du Territoire, \u00e0 l\u2019interpellation d\u2019un \u00e9l\u00e9ment impr\u00e9gn\u00e9 de l\u2019id\u00e9ologie extr\u00e9miste de l\u2019organisation terroriste \u201cDaech\u201d, \u00e2g\u00e9 de 18 ans et qui s\u2019activait \u00e0 Douar El Amarna, dans la province de Settat.<\/p>\n\n\n\n<p>Cette interpellation s\u2019inscrit dans le cadre des op\u00e9rations s\u00e9curitaires continues pour neutraliser les menaces des organisations terroristes qui guettent la s\u00e9curit\u00e9 du Royaume et la s\u00fbret\u00e9 des citoyens, indique le BCIJ dans un communiqu\u00e9.<\/p>\n\n\n\n<p>Selon les premiers \u00e9l\u00e9ments de l\u2019enqu\u00eate, l\u2019individu en question, qui a manifest\u00e9 son int\u00e9r\u00eat pour la fabrication d\u2019explosifs et des ceintures explosives, est soup\u00e7onn\u00e9 de pr\u00e9parer des attentats terroristes susceptibles de porter gravement atteinte \u00e0 la s\u00e9curit\u00e9 des personnes et \u00e0 l\u2019ordre public, a ajout\u00e9 la m\u00eame source, notant que le mis en cause \u00e9tait en contact avec l\u2019un des chefs maghr\u00e9bins sur le terrain de l\u2019organisation \u201cDaech\u201d, qui l\u2019a incit\u00e9 \u00e0 ex\u00e9cuter un projet terroriste dans le Royaume et lui a fourni des r\u00e9f\u00e9rences et des publications traitant de la mani\u00e8re de fabriquer des explosifs.<\/p>\n\n\n\n<p>L\u2019enqu\u00eate pr\u00e9liminaire a \u00e9galement r\u00e9v\u00e9l\u00e9 que le suspect interpell\u00e9 avait fait l\u2019apologie, sur des plateformes m\u00e9diatiques, de contenus portant sur des op\u00e9rations terroristes ex\u00e9cut\u00e9es par des combattants de \u201cDaech\u201d et d\u2019autres incitant \u00e0 l\u2019ex\u00e9cution de projets subversifs.<\/p>\n\n\n\n<p>Le mis en cause a \u00e9t\u00e9 d\u00e9f\u00e9r\u00e9 devant le BCIJ o\u00f9 il a \u00e9t\u00e9 plac\u00e9 en garde \u00e0 vue pour approfondir l\u2019enqu\u00eate men\u00e9e sous la supervision du parquet en charge des affaires de terrorisme, afin d\u2019identifier tous les projets terroristes qui lui sont imput\u00e9s et de d\u00e9terminer ses \u00e9ventuels liens \u00e0 l\u2019int\u00e9rieur et \u00e0 l\u2019ext\u00e9rieur du Maroc, ce qui met en \u00e9vidence la recrudescence des risques terroristes qui menacent le Royaume, conclut la m\u00eame source.<\/p>\n","protected":false},"excerpt":{"rendered":"<p>dpress Le Bureau Central d\u2019Investigations Judiciaires (BCIJ) a proc\u00e9d\u00e9, dans la matin\u00e9e du dimanche 10 ao\u00fbt, sur la base de renseignements fournis par la Direction g\u00e9n\u00e9rale de la Surveillance du Territoire, \u00e0 l\u2019interpellation d\u2019un \u00e9l\u00e9ment impr\u00e9gn\u00e9 de l\u2019id\u00e9ologie extr\u00e9miste de l\u2019organisation terroriste \u201cDaech\u201d, \u00e2g\u00e9 de 18 ans et qui s\u2019activait \u00e0 Douar El Amarna, dans &hellip;<\/p>\n","protected":false},"author":2,"featured_media":15747,"comment_status":"open","ping_status":"open","sticky":false,"template":"","format":"standard","meta":{"footnotes":""},"categories":[40],"tags":[],"class_list":["post-15746","post","type-post","status-publish","format-standard","has-post-thumbnail","hentry","category-societe-et-regions"],"yoast_head":"<!-- This site is optimized with the Yoast SEO plugin v27.5 - https:\/\/yoast.com\/product\/yoast-seo-wordpress\/ -->\n<title>Interpellation d\u2019un \u00e9l\u00e9ment impr\u00e9gn\u00e9 de l\u2019id\u00e9ologie extr\u00e9miste de l\u2019organisation terroriste \u201cDaech\u201d (BCIJ) - Dpress.ma\/fr<\/title>\n<meta name=\"robots\" content=\"index, follow, max-snippet:-1, max-image-preview:large, max-video-preview:-1\" \/>\n<link rel=\"canonical\" href=\"https:\/\/dpress.ma\/fr\/2025\/08\/11\/interpellation-dun-element-impregne-de-lideologie-extremiste-de-lorganisation-terroriste-daech-bcij\/\" \/>\n<meta property=\"og:locale\" content=\"fr_FR\" \/>\n<meta property=\"og:type\" content=\"article\" \/>\n<meta property=\"og:title\" content=\"Interpellation d\u2019un \u00e9l\u00e9ment impr\u00e9gn\u00e9 de l\u2019id\u00e9ologie extr\u00e9miste de l\u2019organisation terroriste \u201cDaech\u201d (BCIJ) - Dpress.ma\/fr\" \/>\n<meta property=\"og:description\" content=\"dpress Le Bureau Central d\u2019Investigations Judiciaires (BCIJ) a proc\u00e9d\u00e9, dans la matin\u00e9e du dimanche 10 ao\u00fbt, sur la base de renseignements fournis par la Direction g\u00e9n\u00e9rale de la Surveillance du Territoire, \u00e0 l\u2019interpellation d\u2019un \u00e9l\u00e9ment impr\u00e9gn\u00e9 de l\u2019id\u00e9ologie extr\u00e9miste de l\u2019organisation terroriste \u201cDaech\u201d, \u00e2g\u00e9 de 18 ans et qui s\u2019activait \u00e0 Douar El Amarna, dans &hellip;\" \/>\n<meta property=\"og:url\" content=\"https:\/\/dpress.ma\/fr\/2025\/08\/11\/interpellation-dun-element-impregne-de-lideologie-extremiste-de-lorganisation-terroriste-daech-bcij\/\" \/>\n<meta property=\"og:site_name\" content=\"Dpress.ma\/fr\" \/>\n<meta property=\"article:published_time\" content=\"2025-08-11T09:00:32+00:00\" \/>\n<meta property=\"article:modified_time\" content=\"2025-08-11T09:00:33+00:00\" \/>\n<meta property=\"og:image\" content=\"https:\/\/dpress.ma\/fr\/wp-content\/uploads\/sites\/2\/2025\/08\/dimensions2-19.jpg\" \/>\n\t<meta property=\"og:image:width\" content=\"2539\" \/>\n\t<meta property=\"og:image:height\" content=\"1594\" \/>\n\t<meta property=\"og:image:type\" content=\"image\/jpeg\" \/>\n<meta name=\"author\" content=\"Dpress.ma\" \/>\n<meta name=\"twitter:card\" content=\"summary_large_image\" \/>\n<meta name=\"twitter:label1\" content=\"\u00c9crit par\" \/>\n\t<meta name=\"twitter:data1\" content=\"Dpress.ma\" \/>\n\t<meta name=\"twitter:label2\" content=\"Dur\u00e9e de lecture estim\u00e9e\" \/>\n\t<meta name=\"twitter:data2\" content=\"2 minutes\" \/>\n<script type=\"application\/ld+json\" class=\"yoast-schema-graph\">{\"@context\":\"https:\\\/\\\/schema.org\",\"@graph\":[{\"@type\":\"Article\",\"@id\":\"https:\\\/\\\/dpress.ma\\\/fr\\\/2025\\\/08\\\/11\\\/interpellation-dun-element-impregne-de-lideologie-extremiste-de-lorganisation-terroriste-daech-bcij\\\/#article\",\"isPartOf\":{\"@id\":\"https:\\\/\\\/dpress.ma\\\/fr\\\/2025\\\/08\\\/11\\\/interpellation-dun-element-impregne-de-lideologie-extremiste-de-lorganisation-terroriste-daech-bcij\\\/\"},\"author\":{\"name\":\"Dpress.ma\",\"@id\":\"https:\\\/\\\/dpress.ma\\\/fr\\\/#\\\/schema\\\/person\\\/4898febf3ccd59e6578d838656a306a0\"},\"headline\":\"Interpellation d\u2019un \u00e9l\u00e9ment impr\u00e9gn\u00e9 de l\u2019id\u00e9ologie extr\u00e9miste de l\u2019organisation terroriste \u201cDaech\u201d (BCIJ)\",\"datePublished\":\"2025-08-11T09:00:32+00:00\",\"dateModified\":\"2025-08-11T09:00:33+00:00\",\"mainEntityOfPage\":{\"@id\":\"https:\\\/\\\/dpress.ma\\\/fr\\\/2025\\\/08\\\/11\\\/interpellation-dun-element-impregne-de-lideologie-extremiste-de-lorganisation-terroriste-daech-bcij\\\/\"},\"wordCount\":375,\"commentCount\":0,\"image\":{\"@id\":\"https:\\\/\\\/dpress.ma\\\/fr\\\/2025\\\/08\\\/11\\\/interpellation-dun-element-impregne-de-lideologie-extremiste-de-lorganisation-terroriste-daech-bcij\\\/#primaryimage\"},\"thumbnailUrl\":\"https:\\\/\\\/dpress.ma\\\/fr\\\/wp-content\\\/uploads\\\/sites\\\/2\\\/2025\\\/08\\\/dimensions2-19.jpg\",\"articleSection\":[\"societe et regions\"],\"inLanguage\":\"fr-FR\",\"potentialAction\":[{\"@type\":\"CommentAction\",\"name\":\"Comment\",\"target\":[\"https:\\\/\\\/dpress.ma\\\/fr\\\/2025\\\/08\\\/11\\\/interpellation-dun-element-impregne-de-lideologie-extremiste-de-lorganisation-terroriste-daech-bcij\\\/#respond\"]}]},{\"@type\":\"WebPage\",\"@id\":\"https:\\\/\\\/dpress.ma\\\/fr\\\/2025\\\/08\\\/11\\\/interpellation-dun-element-impregne-de-lideologie-extremiste-de-lorganisation-terroriste-daech-bcij\\\/\",\"url\":\"https:\\\/\\\/dpress.ma\\\/fr\\\/2025\\\/08\\\/11\\\/interpellation-dun-element-impregne-de-lideologie-extremiste-de-lorganisation-terroriste-daech-bcij\\\/\",\"name\":\"Interpellation d\u2019un \u00e9l\u00e9ment impr\u00e9gn\u00e9 de l\u2019id\u00e9ologie extr\u00e9miste de l\u2019organisation terroriste \u201cDaech\u201d (BCIJ) - Dpress.ma\\\/fr\",\"isPartOf\":{\"@id\":\"https:\\\/\\\/dpress.ma\\\/fr\\\/#website\"},\"primaryImageOfPage\":{\"@id\":\"https:\\\/\\\/dpress.ma\\\/fr\\\/2025\\\/08\\\/11\\\/interpellation-dun-element-impregne-de-lideologie-extremiste-de-lorganisation-terroriste-daech-bcij\\\/#primaryimage\"},\"image\":{\"@id\":\"https:\\\/\\\/dpress.ma\\\/fr\\\/2025\\\/08\\\/11\\\/interpellation-dun-element-impregne-de-lideologie-extremiste-de-lorganisation-terroriste-daech-bcij\\\/#primaryimage\"},\"thumbnailUrl\":\"https:\\\/\\\/dpress.ma\\\/fr\\\/wp-content\\\/uploads\\\/sites\\\/2\\\/2025\\\/08\\\/dimensions2-19.jpg\",\"datePublished\":\"2025-08-11T09:00:32+00:00\",\"dateModified\":\"2025-08-11T09:00:33+00:00\",\"author\":{\"@id\":\"https:\\\/\\\/dpress.ma\\\/fr\\\/#\\\/schema\\\/person\\\/4898febf3ccd59e6578d838656a306a0\"},\"breadcrumb\":{\"@id\":\"https:\\\/\\\/dpress.ma\\\/fr\\\/2025\\\/08\\\/11\\\/interpellation-dun-element-impregne-de-lideologie-extremiste-de-lorganisation-terroriste-daech-bcij\\\/#breadcrumb\"},\"inLanguage\":\"fr-FR\",\"potentialAction\":[{\"@type\":\"ReadAction\",\"target\":[\"https:\\\/\\\/dpress.ma\\\/fr\\\/2025\\\/08\\\/11\\\/interpellation-dun-element-impregne-de-lideologie-extremiste-de-lorganisation-terroriste-daech-bcij\\\/\"]}]},{\"@type\":\"ImageObject\",\"inLanguage\":\"fr-FR\",\"@id\":\"https:\\\/\\\/dpress.ma\\\/fr\\\/2025\\\/08\\\/11\\\/interpellation-dun-element-impregne-de-lideologie-extremiste-de-lorganisation-terroriste-daech-bcij\\\/#primaryimage\",\"url\":\"https:\\\/\\\/dpress.ma\\\/fr\\\/wp-content\\\/uploads\\\/sites\\\/2\\\/2025\\\/08\\\/dimensions2-19.jpg\",\"contentUrl\":\"https:\\\/\\\/dpress.ma\\\/fr\\\/wp-content\\\/uploads\\\/sites\\\/2\\\/2025\\\/08\\\/dimensions2-19.jpg\",\"width\":2539,\"height\":1594},{\"@type\":\"BreadcrumbList\",\"@id\":\"https:\\\/\\\/dpress.ma\\\/fr\\\/2025\\\/08\\\/11\\\/interpellation-dun-element-impregne-de-lideologie-extremiste-de-lorganisation-terroriste-daech-bcij\\\/#breadcrumb\",\"itemListElement\":[{\"@type\":\"ListItem\",\"position\":1,\"name\":\"Home\",\"item\":\"https:\\\/\\\/dpress.ma\\\/fr\\\/\"},{\"@type\":\"ListItem\",\"position\":2,\"name\":\"Interpellation d\u2019un \u00e9l\u00e9ment impr\u00e9gn\u00e9 de l\u2019id\u00e9ologie extr\u00e9miste de l\u2019organisation terroriste \u201cDaech\u201d (BCIJ)\"}]},{\"@type\":\"WebSite\",\"@id\":\"https:\\\/\\\/dpress.ma\\\/fr\\\/#website\",\"url\":\"https:\\\/\\\/dpress.ma\\\/fr\\\/\",\"name\":\"Dpress.ma\\\/fr\",\"description\":\"\",\"potentialAction\":[{\"@type\":\"SearchAction\",\"target\":{\"@type\":\"EntryPoint\",\"urlTemplate\":\"https:\\\/\\\/dpress.ma\\\/fr\\\/?s={search_term_string}\"},\"query-input\":{\"@type\":\"PropertyValueSpecification\",\"valueRequired\":true,\"valueName\":\"search_term_string\"}}],\"inLanguage\":\"fr-FR\"},{\"@type\":\"Person\",\"@id\":\"https:\\\/\\\/dpress.ma\\\/fr\\\/#\\\/schema\\\/person\\\/4898febf3ccd59e6578d838656a306a0\",\"name\":\"Dpress.ma\",\"image\":{\"@type\":\"ImageObject\",\"inLanguage\":\"fr-FR\",\"@id\":\"https:\\\/\\\/secure.gravatar.com\\\/avatar\\\/72ecc30e9db047a2e0e7176561eb9d564ed77c8108376495b19bd8336405198a?s=96&d=mm&r=g\",\"url\":\"https:\\\/\\\/secure.gravatar.com\\\/avatar\\\/72ecc30e9db047a2e0e7176561eb9d564ed77c8108376495b19bd8336405198a?s=96&d=mm&r=g\",\"contentUrl\":\"https:\\\/\\\/secure.gravatar.com\\\/avatar\\\/72ecc30e9db047a2e0e7176561eb9d564ed77c8108376495b19bd8336405198a?s=96&d=mm&r=g\",\"caption\":\"Dpress.ma\"},\"sameAs\":[\"https:\\\/\\\/www.dpress.ma\"],\"url\":\"https:\\\/\\\/dpress.ma\\\/fr\\\/author\\\/dpress-ma\\\/\"}]}<\/script>\n<!-- \/ Yoast SEO plugin. -->","yoast_head_json":{"title":"Interpellation d\u2019un \u00e9l\u00e9ment impr\u00e9gn\u00e9 de l\u2019id\u00e9ologie extr\u00e9miste de l\u2019organisation terroriste \u201cDaech\u201d (BCIJ) - Dpress.ma\/fr","robots":{"index":"index","follow":"follow","max-snippet":"max-snippet:-1","max-image-preview":"max-image-preview:large","max-video-preview":"max-video-preview:-1"},"canonical":"https:\/\/dpress.ma\/fr\/2025\/08\/11\/interpellation-dun-element-impregne-de-lideologie-extremiste-de-lorganisation-terroriste-daech-bcij\/","og_locale":"fr_FR","og_type":"article","og_title":"Interpellation d\u2019un \u00e9l\u00e9ment impr\u00e9gn\u00e9 de l\u2019id\u00e9ologie extr\u00e9miste de l\u2019organisation terroriste \u201cDaech\u201d (BCIJ) - Dpress.ma\/fr","og_description":"dpress Le Bureau Central d\u2019Investigations Judiciaires (BCIJ) a proc\u00e9d\u00e9, dans la matin\u00e9e du dimanche 10 ao\u00fbt, sur la base de renseignements fournis par la Direction g\u00e9n\u00e9rale de la Surveillance du Territoire, \u00e0 l\u2019interpellation d\u2019un \u00e9l\u00e9ment impr\u00e9gn\u00e9 de l\u2019id\u00e9ologie extr\u00e9miste de l\u2019organisation terroriste \u201cDaech\u201d, \u00e2g\u00e9 de 18 ans et qui s\u2019activait \u00e0 Douar El Amarna, dans &hellip;","og_url":"https:\/\/dpress.ma\/fr\/2025\/08\/11\/interpellation-dun-element-impregne-de-lideologie-extremiste-de-lorganisation-terroriste-daech-bcij\/","og_site_name":"Dpress.ma\/fr","article_published_time":"2025-08-11T09:00:32+00:00","article_modified_time":"2025-08-11T09:00:33+00:00","og_image":[{"width":2539,"height":1594,"url":"https:\/\/dpress.ma\/fr\/wp-content\/uploads\/sites\/2\/2025\/08\/dimensions2-19.jpg","type":"image\/jpeg"}],"author":"Dpress.ma","twitter_card":"summary_large_image","twitter_misc":{"\u00c9crit par":"Dpress.ma","Dur\u00e9e de lecture estim\u00e9e":"2 minutes"},"schema":{"@context":"https:\/\/schema.org","@graph":[{"@type":"Article","@id":"https:\/\/dpress.ma\/fr\/2025\/08\/11\/interpellation-dun-element-impregne-de-lideologie-extremiste-de-lorganisation-terroriste-daech-bcij\/#article","isPartOf":{"@id":"https:\/\/dpress.ma\/fr\/2025\/08\/11\/interpellation-dun-element-impregne-de-lideologie-extremiste-de-lorganisation-terroriste-daech-bcij\/"},"author":{"name":"Dpress.ma","@id":"https:\/\/dpress.ma\/fr\/#\/schema\/person\/4898febf3ccd59e6578d838656a306a0"},"headline":"Interpellation d\u2019un \u00e9l\u00e9ment impr\u00e9gn\u00e9 de l\u2019id\u00e9ologie extr\u00e9miste de l\u2019organisation terroriste \u201cDaech\u201d (BCIJ)","datePublished":"2025-08-11T09:00:32+00:00","dateModified":"2025-08-11T09:00:33+00:00","mainEntityOfPage":{"@id":"https:\/\/dpress.ma\/fr\/2025\/08\/11\/interpellation-dun-element-impregne-de-lideologie-extremiste-de-lorganisation-terroriste-daech-bcij\/"},"wordCount":375,"commentCount":0,"image":{"@id":"https:\/\/dpress.ma\/fr\/2025\/08\/11\/interpellation-dun-element-impregne-de-lideologie-extremiste-de-lorganisation-terroriste-daech-bcij\/#primaryimage"},"thumbnailUrl":"https:\/\/dpress.ma\/fr\/wp-content\/uploads\/sites\/2\/2025\/08\/dimensions2-19.jpg","articleSection":["societe et regions"],"inLanguage":"fr-FR","potentialAction":[{"@type":"CommentAction","name":"Comment","target":["https:\/\/dpress.ma\/fr\/2025\/08\/11\/interpellation-dun-element-impregne-de-lideologie-extremiste-de-lorganisation-terroriste-daech-bcij\/#respond"]}]},{"@type":"WebPage","@id":"https:\/\/dpress.ma\/fr\/2025\/08\/11\/interpellation-dun-element-impregne-de-lideologie-extremiste-de-lorganisation-terroriste-daech-bcij\/","url":"https:\/\/dpress.ma\/fr\/2025\/08\/11\/interpellation-dun-element-impregne-de-lideologie-extremiste-de-lorganisation-terroriste-daech-bcij\/","name":"Interpellation d\u2019un \u00e9l\u00e9ment impr\u00e9gn\u00e9 de l\u2019id\u00e9ologie extr\u00e9miste de l\u2019organisation terroriste \u201cDaech\u201d (BCIJ) - Dpress.ma\/fr","isPartOf":{"@id":"https:\/\/dpress.ma\/fr\/#website"},"primaryImageOfPage":{"@id":"https:\/\/dpress.ma\/fr\/2025\/08\/11\/interpellation-dun-element-impregne-de-lideologie-extremiste-de-lorganisation-terroriste-daech-bcij\/#primaryimage"},"image":{"@id":"https:\/\/dpress.ma\/fr\/2025\/08\/11\/interpellation-dun-element-impregne-de-lideologie-extremiste-de-lorganisation-terroriste-daech-bcij\/#primaryimage"},"thumbnailUrl":"https:\/\/dpress.ma\/fr\/wp-content\/uploads\/sites\/2\/2025\/08\/dimensions2-19.jpg","datePublished":"2025-08-11T09:00:32+00:00","dateModified":"2025-08-11T09:00:33+00:00","author":{"@id":"https:\/\/dpress.ma\/fr\/#\/schema\/person\/4898febf3ccd59e6578d838656a306a0"},"breadcrumb":{"@id":"https:\/\/dpress.ma\/fr\/2025\/08\/11\/interpellation-dun-element-impregne-de-lideologie-extremiste-de-lorganisation-terroriste-daech-bcij\/#breadcrumb"},"inLanguage":"fr-FR","potentialAction":[{"@type":"ReadAction","target":["https:\/\/dpress.ma\/fr\/2025\/08\/11\/interpellation-dun-element-impregne-de-lideologie-extremiste-de-lorganisation-terroriste-daech-bcij\/"]}]},{"@type":"ImageObject","inLanguage":"fr-FR","@id":"https:\/\/dpress.ma\/fr\/2025\/08\/11\/interpellation-dun-element-impregne-de-lideologie-extremiste-de-lorganisation-terroriste-daech-bcij\/#primaryimage","url":"https:\/\/dpress.ma\/fr\/wp-content\/uploads\/sites\/2\/2025\/08\/dimensions2-19.jpg","contentUrl":"https:\/\/dpress.ma\/fr\/wp-content\/uploads\/sites\/2\/2025\/08\/dimensions2-19.jpg","width":2539,"height":1594},{"@type":"BreadcrumbList","@id":"https:\/\/dpress.ma\/fr\/2025\/08\/11\/interpellation-dun-element-impregne-de-lideologie-extremiste-de-lorganisation-terroriste-daech-bcij\/#breadcrumb","itemListElement":[{"@type":"ListItem","position":1,"name":"Home","item":"https:\/\/dpress.ma\/fr\/"},{"@type":"ListItem","position":2,"name":"Interpellation d\u2019un \u00e9l\u00e9ment impr\u00e9gn\u00e9 de l\u2019id\u00e9ologie extr\u00e9miste de l\u2019organisation terroriste \u201cDaech\u201d (BCIJ)"}]},{"@type":"WebSite","@id":"https:\/\/dpress.ma\/fr\/#website","url":"https:\/\/dpress.ma\/fr\/","name":"Dpress.ma\/fr","description":"","potentialAction":[{"@type":"SearchAction","target":{"@type":"EntryPoint","urlTemplate":"https:\/\/dpress.ma\/fr\/?s={search_term_string}"},"query-input":{"@type":"PropertyValueSpecification","valueRequired":true,"valueName":"search_term_string"}}],"inLanguage":"fr-FR"},{"@type":"Person","@id":"https:\/\/dpress.ma\/fr\/#\/schema\/person\/4898febf3ccd59e6578d838656a306a0","name":"Dpress.ma","image":{"@type":"ImageObject","inLanguage":"fr-FR","@id":"https:\/\/secure.gravatar.com\/avatar\/72ecc30e9db047a2e0e7176561eb9d564ed77c8108376495b19bd8336405198a?s=96&d=mm&r=g","url":"https:\/\/secure.gravatar.com\/avatar\/72ecc30e9db047a2e0e7176561eb9d564ed77c8108376495b19bd8336405198a?s=96&d=mm&r=g","contentUrl":"https:\/\/secure.gravatar.com\/avatar\/72ecc30e9db047a2e0e7176561eb9d564ed77c8108376495b19bd8336405198a?s=96&d=mm&r=g","caption":"Dpress.ma"},"sameAs":["https:\/\/www.dpress.ma"],"url":"https:\/\/dpress.ma\/fr\/author\/dpress-ma\/"}]}},"amp_enabled":true,"_links":{"self":[{"href":"https:\/\/dpress.ma\/fr\/wp-json\/wp\/v2\/posts\/15746","targetHints":{"allow":["GET"]}}],"collection":[{"href":"https:\/\/dpress.ma\/fr\/wp-json\/wp\/v2\/posts"}],"about":[{"href":"https:\/\/dpress.ma\/fr\/wp-json\/wp\/v2\/types\/post"}],"author":[{"embeddable":true,"href":"https:\/\/dpress.ma\/fr\/wp-json\/wp\/v2\/users\/2"}],"replies":[{"embeddable":true,"href":"https:\/\/dpress.ma\/fr\/wp-json\/wp\/v2\/comments?post=15746"}],"version-history":[{"count":1,"href":"https:\/\/dpress.ma\/fr\/wp-json\/wp\/v2\/posts\/15746\/revisions"}],"predecessor-version":[{"id":15748,"href":"https:\/\/dpress.ma\/fr\/wp-json\/wp\/v2\/posts\/15746\/revisions\/15748"}],"wp:featuredmedia":[{"embeddable":true,"href":"https:\/\/dpress.ma\/fr\/wp-json\/wp\/v2\/media\/15747"}],"wp:attachment":[{"href":"https:\/\/dpress.ma\/fr\/wp-json\/wp\/v2\/media?parent=15746"}],"wp:term":[{"taxonomy":"category","embeddable":true,"href":"https:\/\/dpress.ma\/fr\/wp-json\/wp\/v2\/categories?post=15746"},{"taxonomy":"post_tag","embeddable":true,"href":"https:\/\/dpress.ma\/fr\/wp-json\/wp\/v2\/tags?post=15746"}],"curies":[{"name":"wp","href":"https:\/\/api.w.org\/{rel}","templated":true}]}}