{"id":15743,"date":"2025-08-11T08:57:09","date_gmt":"2025-08-11T08:57:09","guid":{"rendered":"https:\/\/dpress.ma\/fr\/?p=15743"},"modified":"2025-08-11T08:57:10","modified_gmt":"2025-08-11T08:57:10","slug":"les-opportunites-dinvestissement-a-fes-meknes-presentees-aux-marocains-du-monde","status":"publish","type":"post","link":"https:\/\/dpress.ma\/fr\/2025\/08\/11\/les-opportunites-dinvestissement-a-fes-meknes-presentees-aux-marocains-du-monde\/","title":{"rendered":"les opportunit\u00e9s d\u2019investissement \u00e0 F\u00e8s-Mekn\u00e8s pr\u00e9sent\u00e9es aux Marocains du monde"},"content":{"rendered":"\n<p>dpress<\/p>\n\n\n\n<p>Les opportunit\u00e9s d\u2019investissement dans la r\u00e9gion de F\u00e8s-Mekn\u00e8s et les dispositifs mis en place pour la facilitation des proc\u00e9dures administratives ont \u00e9t\u00e9 au c\u0153ur d\u2019une rencontre organis\u00e9e, hier \u00e0 F\u00e8s, au profit des Marocains r\u00e9sidant \u00e0 l\u2019\u00e9tranger (MRE), \u00e0 l\u2019occasion de la Journ\u00e9e nationale des MRE.<\/p>\n\n\n\n<p>Organis\u00e9e par la Wilaya de la r\u00e9gion de F\u00e8s-Mekn\u00e8s, en partenariat avec le Conseil r\u00e9gional d\u2019investissement \u00e0 F\u00e8s-Mekn\u00e8s, sous le th\u00e8me \u00abChantier de la digitalisation: renforcement des services de proximit\u00e9 destin\u00e9s aux Marocains du monde\u00bb, cette rencontre a \u00e9t\u00e9 l\u2019occasion de mettre en avant les potentialit\u00e9s de la r\u00e9gion de F\u00e8s-Mekn\u00e8s ainsi que les efforts d\u00e9ploy\u00e9s en mati\u00e8re de digitalisation des proc\u00e9dures administratives pour rapprocher les services fournis des membres de la diaspora marocaine.<\/p>\n\n\n\n<p>le wali de la r\u00e9gion F\u00e8s-Mekn\u00e8s, gouverneur de la pr\u00e9fecture de F\u00e8s par int\u00e9rim, Abdelghani Sabbar, a soulign\u00e9 que cette rencontre traduit l\u2019attention particuli\u00e8re que SM le Roi Mohammed VI accorde aux membres de la communaut\u00e9 marocaine r\u00e9sidant \u00e0 l\u2019\u00e9tranger, mettant l\u2019accent sur la n\u00e9cessit\u00e9 du renforcement du soutien institutionnel \u00e0 travers le renforcement de la simplification des proc\u00e9dures.<\/p>\n\n\n\n<p>Conform\u00e9ment aux Hautes Orientations Royales et afin d\u2019accompagner les changements que conna\u00eet le monde dans le domaine des technologies modernes, a-t-il poursuivi, le Royaume a lanc\u00e9 sa strat\u00e9gie num\u00e9rique \u00abMaroc 2030\u00bb, reposant sur la num\u00e9risation de l\u2019administration publique comme l\u2019un des piliers essentiels pour faciliter l\u2019acc\u00e8s aux services publics, am\u00e9liorer l\u2019efficacit\u00e9 et la performance administratives, et renforcer la transparence dans les proc\u00e9dures administratives.<\/p>\n\n\n\n<p>Le wali a \u00e9galement relev\u00e9 l\u2019importance de la transformation num\u00e9rique dans la modernisation de l\u2019administration et l\u2019am\u00e9lioration de l\u2019efficacit\u00e9 des services publics, pr\u00e9cisant qu\u2019un ensemble de l\u00e9gislations ont \u00e9t\u00e9 adopt\u00e9s, notamment en mati\u00e8re de protection des donn\u00e9es personnelles.<\/p>\n\n\n\n<p>Il a, dans ce sens, not\u00e9 que la transformation num\u00e9rique constitue un chantier int\u00e9gr\u00e9 visant \u00e0 instaurer une relation de confiance entre le citoyen et les administrations publiques, \u00e0 travers la mise en place d\u2019un syst\u00e8me unifi\u00e9 et interconnect\u00e9, permettant d\u2019atteindre les objectifs fix\u00e9s en mati\u00e8re de qualit\u00e9 des services rendus.<\/p>\n\n\n\n<p>De son c\u00f4t\u00e9, Ahmed Laraki, un Marocain r\u00e9sidant \u00e0 l\u2019\u00e9tranger, a indiqu\u00e9 que la rencontre a permis de pr\u00e9senter en d\u00e9tail la r\u00e9gion de F\u00e8s-Mekn\u00e8s ainsi que les opportunit\u00e9s d\u2019investissement offertes aux Marocains du monde, avec un accent particulier sur la facilitation des proc\u00e9dures.<\/p>\n\n\n\n<p>Il a ajout\u00e9 que cette rencontre a permis aux participants de s\u2019informer des efforts colossaux d\u00e9ploy\u00e9s en mati\u00e8re de facilitation des d\u00e9marches administratives au profit des MRE, soulignant l\u2019importance de la banque de projets mise en place au niveau de la r\u00e9gion pour orienter les potentiels investisseurs des marocains du Monde.<\/p>\n\n\n\n<p>La rencontre a \u00e9t\u00e9 l\u2019occasion de pr\u00e9senter certaines plateformes \u00e9lectroniques mises en place par le Royaume au profit des Marocains du monde, destin\u00e9es \u00e0 faciliter l\u2019acc\u00e8s aux services publics et \u00e0 simplifier les d\u00e9marches administratives. Parmi elles figure CRI INVEST, une plateforme qui permet aux investisseurs de d\u00e9poser et de suivre leurs dossiers d\u2019investissement \u00e0 distance, tout en obtenant les autorisations administratives par voie \u00e9lectronique.<\/p>\n\n\n\n<p>Les participants ont \u00e9galement d\u00e9couvert d\u2019autres outils num\u00e9riques innovants, tels que Rokhas.ma pour la gestion des diff\u00e9rentes autorisations communales, watiqa.ma pour la demande et la r\u00e9ception \u00e0 distance d\u2019actes de naissance et autres documents d\u2019\u00e9tat civil, ancfcc.gov.ma pour l\u2019extraction de documents fonciers, notamment les certificats de propri\u00e9t\u00e9 et les plans cadastraux, ainsi que tgr.gov.ma, la plateforme du Tr\u00e9sor g\u00e9n\u00e9ral du Royaume, qui permet l\u2019envoi en ligne de demandes de consultation et de requ\u00eates.<\/p>\n\n\n\n<p>Cette rencontre a \u00e9galement permis aux Marocains du monde de visiter les stands des diff\u00e9rentes institutions pr\u00e9sentes, offrant ainsi une occasion directe de rapprocher les services publics des citoyens. Les visiteurs ont pu obtenir des informations d\u00e9taill\u00e9es sur la digitalisation des proc\u00e9dures et d\u00e9marches administratives, ainsi que sur le r\u00f4le et les missions de chaque organisme, tout en d\u00e9couvrant les \u00e9tapes \u00e0 suivre pour b\u00e9n\u00e9ficier des services propos\u00e9s.<\/p>\n","protected":false},"excerpt":{"rendered":"<p>dpress Les opportunit\u00e9s d\u2019investissement dans la r\u00e9gion de F\u00e8s-Mekn\u00e8s et les dispositifs mis en place pour la facilitation des proc\u00e9dures administratives ont \u00e9t\u00e9 au c\u0153ur d\u2019une rencontre organis\u00e9e, hier \u00e0 F\u00e8s, au profit des Marocains r\u00e9sidant \u00e0 l\u2019\u00e9tranger (MRE), \u00e0 l\u2019occasion de la Journ\u00e9e nationale des MRE. Organis\u00e9e par la Wilaya de la r\u00e9gion de &hellip;<\/p>\n","protected":false},"author":2,"featured_media":15744,"comment_status":"open","ping_status":"open","sticky":false,"template":"","format":"standard","meta":{"footnotes":""},"categories":[40],"tags":[],"class_list":["post-15743","post","type-post","status-publish","format-standard","has-post-thumbnail","hentry","category-societe-et-regions"],"yoast_head":"<!-- This site is optimized with the Yoast SEO plugin v27.5 - https:\/\/yoast.com\/product\/yoast-seo-wordpress\/ -->\n<title>les opportunit\u00e9s d\u2019investissement \u00e0 F\u00e8s-Mekn\u00e8s pr\u00e9sent\u00e9es aux Marocains du monde - Dpress.ma\/fr<\/title>\n<meta name=\"robots\" content=\"index, follow, max-snippet:-1, max-image-preview:large, max-video-preview:-1\" \/>\n<link rel=\"canonical\" href=\"https:\/\/dpress.ma\/fr\/2025\/08\/11\/les-opportunites-dinvestissement-a-fes-meknes-presentees-aux-marocains-du-monde\/\" \/>\n<meta property=\"og:locale\" content=\"fr_FR\" \/>\n<meta property=\"og:type\" content=\"article\" \/>\n<meta property=\"og:title\" content=\"les opportunit\u00e9s d\u2019investissement \u00e0 F\u00e8s-Mekn\u00e8s pr\u00e9sent\u00e9es aux Marocains du monde - Dpress.ma\/fr\" \/>\n<meta property=\"og:description\" content=\"dpress Les opportunit\u00e9s d\u2019investissement dans la r\u00e9gion de F\u00e8s-Mekn\u00e8s et les dispositifs mis en place pour la facilitation des proc\u00e9dures administratives ont \u00e9t\u00e9 au c\u0153ur d\u2019une rencontre organis\u00e9e, hier \u00e0 F\u00e8s, au profit des Marocains r\u00e9sidant \u00e0 l\u2019\u00e9tranger (MRE), \u00e0 l\u2019occasion de la Journ\u00e9e nationale des MRE. Organis\u00e9e par la Wilaya de la r\u00e9gion de &hellip;\" \/>\n<meta property=\"og:url\" content=\"https:\/\/dpress.ma\/fr\/2025\/08\/11\/les-opportunites-dinvestissement-a-fes-meknes-presentees-aux-marocains-du-monde\/\" \/>\n<meta property=\"og:site_name\" content=\"Dpress.ma\/fr\" \/>\n<meta property=\"article:published_time\" content=\"2025-08-11T08:57:09+00:00\" \/>\n<meta property=\"article:modified_time\" content=\"2025-08-11T08:57:10+00:00\" \/>\n<meta property=\"og:image\" content=\"https:\/\/dpress.ma\/fr\/wp-content\/uploads\/sites\/2\/2025\/08\/dimensions2-18.jpg\" \/>\n\t<meta property=\"og:image:width\" content=\"2539\" \/>\n\t<meta property=\"og:image:height\" content=\"1594\" \/>\n\t<meta property=\"og:image:type\" content=\"image\/jpeg\" \/>\n<meta name=\"author\" content=\"Dpress.ma\" \/>\n<meta name=\"twitter:card\" content=\"summary_large_image\" \/>\n<meta name=\"twitter:label1\" content=\"\u00c9crit par\" \/>\n\t<meta name=\"twitter:data1\" content=\"Dpress.ma\" \/>\n\t<meta name=\"twitter:label2\" content=\"Dur\u00e9e de lecture estim\u00e9e\" \/>\n\t<meta name=\"twitter:data2\" content=\"4 minutes\" \/>\n<script type=\"application\/ld+json\" class=\"yoast-schema-graph\">{\"@context\":\"https:\\\/\\\/schema.org\",\"@graph\":[{\"@type\":\"Article\",\"@id\":\"https:\\\/\\\/dpress.ma\\\/fr\\\/2025\\\/08\\\/11\\\/les-opportunites-dinvestissement-a-fes-meknes-presentees-aux-marocains-du-monde\\\/#article\",\"isPartOf\":{\"@id\":\"https:\\\/\\\/dpress.ma\\\/fr\\\/2025\\\/08\\\/11\\\/les-opportunites-dinvestissement-a-fes-meknes-presentees-aux-marocains-du-monde\\\/\"},\"author\":{\"name\":\"Dpress.ma\",\"@id\":\"https:\\\/\\\/dpress.ma\\\/fr\\\/#\\\/schema\\\/person\\\/4898febf3ccd59e6578d838656a306a0\"},\"headline\":\"les opportunit\u00e9s d\u2019investissement \u00e0 F\u00e8s-Mekn\u00e8s pr\u00e9sent\u00e9es aux Marocains du monde\",\"datePublished\":\"2025-08-11T08:57:09+00:00\",\"dateModified\":\"2025-08-11T08:57:10+00:00\",\"mainEntityOfPage\":{\"@id\":\"https:\\\/\\\/dpress.ma\\\/fr\\\/2025\\\/08\\\/11\\\/les-opportunites-dinvestissement-a-fes-meknes-presentees-aux-marocains-du-monde\\\/\"},\"wordCount\":768,\"commentCount\":0,\"image\":{\"@id\":\"https:\\\/\\\/dpress.ma\\\/fr\\\/2025\\\/08\\\/11\\\/les-opportunites-dinvestissement-a-fes-meknes-presentees-aux-marocains-du-monde\\\/#primaryimage\"},\"thumbnailUrl\":\"https:\\\/\\\/dpress.ma\\\/fr\\\/wp-content\\\/uploads\\\/sites\\\/2\\\/2025\\\/08\\\/dimensions2-18.jpg\",\"articleSection\":[\"societe et regions\"],\"inLanguage\":\"fr-FR\",\"potentialAction\":[{\"@type\":\"CommentAction\",\"name\":\"Comment\",\"target\":[\"https:\\\/\\\/dpress.ma\\\/fr\\\/2025\\\/08\\\/11\\\/les-opportunites-dinvestissement-a-fes-meknes-presentees-aux-marocains-du-monde\\\/#respond\"]}]},{\"@type\":\"WebPage\",\"@id\":\"https:\\\/\\\/dpress.ma\\\/fr\\\/2025\\\/08\\\/11\\\/les-opportunites-dinvestissement-a-fes-meknes-presentees-aux-marocains-du-monde\\\/\",\"url\":\"https:\\\/\\\/dpress.ma\\\/fr\\\/2025\\\/08\\\/11\\\/les-opportunites-dinvestissement-a-fes-meknes-presentees-aux-marocains-du-monde\\\/\",\"name\":\"les opportunit\u00e9s d\u2019investissement \u00e0 F\u00e8s-Mekn\u00e8s pr\u00e9sent\u00e9es aux Marocains du monde - Dpress.ma\\\/fr\",\"isPartOf\":{\"@id\":\"https:\\\/\\\/dpress.ma\\\/fr\\\/#website\"},\"primaryImageOfPage\":{\"@id\":\"https:\\\/\\\/dpress.ma\\\/fr\\\/2025\\\/08\\\/11\\\/les-opportunites-dinvestissement-a-fes-meknes-presentees-aux-marocains-du-monde\\\/#primaryimage\"},\"image\":{\"@id\":\"https:\\\/\\\/dpress.ma\\\/fr\\\/2025\\\/08\\\/11\\\/les-opportunites-dinvestissement-a-fes-meknes-presentees-aux-marocains-du-monde\\\/#primaryimage\"},\"thumbnailUrl\":\"https:\\\/\\\/dpress.ma\\\/fr\\\/wp-content\\\/uploads\\\/sites\\\/2\\\/2025\\\/08\\\/dimensions2-18.jpg\",\"datePublished\":\"2025-08-11T08:57:09+00:00\",\"dateModified\":\"2025-08-11T08:57:10+00:00\",\"author\":{\"@id\":\"https:\\\/\\\/dpress.ma\\\/fr\\\/#\\\/schema\\\/person\\\/4898febf3ccd59e6578d838656a306a0\"},\"breadcrumb\":{\"@id\":\"https:\\\/\\\/dpress.ma\\\/fr\\\/2025\\\/08\\\/11\\\/les-opportunites-dinvestissement-a-fes-meknes-presentees-aux-marocains-du-monde\\\/#breadcrumb\"},\"inLanguage\":\"fr-FR\",\"potentialAction\":[{\"@type\":\"ReadAction\",\"target\":[\"https:\\\/\\\/dpress.ma\\\/fr\\\/2025\\\/08\\\/11\\\/les-opportunites-dinvestissement-a-fes-meknes-presentees-aux-marocains-du-monde\\\/\"]}]},{\"@type\":\"ImageObject\",\"inLanguage\":\"fr-FR\",\"@id\":\"https:\\\/\\\/dpress.ma\\\/fr\\\/2025\\\/08\\\/11\\\/les-opportunites-dinvestissement-a-fes-meknes-presentees-aux-marocains-du-monde\\\/#primaryimage\",\"url\":\"https:\\\/\\\/dpress.ma\\\/fr\\\/wp-content\\\/uploads\\\/sites\\\/2\\\/2025\\\/08\\\/dimensions2-18.jpg\",\"contentUrl\":\"https:\\\/\\\/dpress.ma\\\/fr\\\/wp-content\\\/uploads\\\/sites\\\/2\\\/2025\\\/08\\\/dimensions2-18.jpg\",\"width\":2539,\"height\":1594},{\"@type\":\"BreadcrumbList\",\"@id\":\"https:\\\/\\\/dpress.ma\\\/fr\\\/2025\\\/08\\\/11\\\/les-opportunites-dinvestissement-a-fes-meknes-presentees-aux-marocains-du-monde\\\/#breadcrumb\",\"itemListElement\":[{\"@type\":\"ListItem\",\"position\":1,\"name\":\"Home\",\"item\":\"https:\\\/\\\/dpress.ma\\\/fr\\\/\"},{\"@type\":\"ListItem\",\"position\":2,\"name\":\"les opportunit\u00e9s d\u2019investissement \u00e0 F\u00e8s-Mekn\u00e8s pr\u00e9sent\u00e9es aux Marocains du monde\"}]},{\"@type\":\"WebSite\",\"@id\":\"https:\\\/\\\/dpress.ma\\\/fr\\\/#website\",\"url\":\"https:\\\/\\\/dpress.ma\\\/fr\\\/\",\"name\":\"Dpress.ma\\\/fr\",\"description\":\"\",\"potentialAction\":[{\"@type\":\"SearchAction\",\"target\":{\"@type\":\"EntryPoint\",\"urlTemplate\":\"https:\\\/\\\/dpress.ma\\\/fr\\\/?s={search_term_string}\"},\"query-input\":{\"@type\":\"PropertyValueSpecification\",\"valueRequired\":true,\"valueName\":\"search_term_string\"}}],\"inLanguage\":\"fr-FR\"},{\"@type\":\"Person\",\"@id\":\"https:\\\/\\\/dpress.ma\\\/fr\\\/#\\\/schema\\\/person\\\/4898febf3ccd59e6578d838656a306a0\",\"name\":\"Dpress.ma\",\"image\":{\"@type\":\"ImageObject\",\"inLanguage\":\"fr-FR\",\"@id\":\"https:\\\/\\\/secure.gravatar.com\\\/avatar\\\/72ecc30e9db047a2e0e7176561eb9d564ed77c8108376495b19bd8336405198a?s=96&d=mm&r=g\",\"url\":\"https:\\\/\\\/secure.gravatar.com\\\/avatar\\\/72ecc30e9db047a2e0e7176561eb9d564ed77c8108376495b19bd8336405198a?s=96&d=mm&r=g\",\"contentUrl\":\"https:\\\/\\\/secure.gravatar.com\\\/avatar\\\/72ecc30e9db047a2e0e7176561eb9d564ed77c8108376495b19bd8336405198a?s=96&d=mm&r=g\",\"caption\":\"Dpress.ma\"},\"sameAs\":[\"https:\\\/\\\/www.dpress.ma\"],\"url\":\"https:\\\/\\\/dpress.ma\\\/fr\\\/author\\\/dpress-ma\\\/\"}]}<\/script>\n<!-- \/ Yoast SEO plugin. -->","yoast_head_json":{"title":"les opportunit\u00e9s d\u2019investissement \u00e0 F\u00e8s-Mekn\u00e8s pr\u00e9sent\u00e9es aux Marocains du monde - Dpress.ma\/fr","robots":{"index":"index","follow":"follow","max-snippet":"max-snippet:-1","max-image-preview":"max-image-preview:large","max-video-preview":"max-video-preview:-1"},"canonical":"https:\/\/dpress.ma\/fr\/2025\/08\/11\/les-opportunites-dinvestissement-a-fes-meknes-presentees-aux-marocains-du-monde\/","og_locale":"fr_FR","og_type":"article","og_title":"les opportunit\u00e9s d\u2019investissement \u00e0 F\u00e8s-Mekn\u00e8s pr\u00e9sent\u00e9es aux Marocains du monde - Dpress.ma\/fr","og_description":"dpress Les opportunit\u00e9s d\u2019investissement dans la r\u00e9gion de F\u00e8s-Mekn\u00e8s et les dispositifs mis en place pour la facilitation des proc\u00e9dures administratives ont \u00e9t\u00e9 au c\u0153ur d\u2019une rencontre organis\u00e9e, hier \u00e0 F\u00e8s, au profit des Marocains r\u00e9sidant \u00e0 l\u2019\u00e9tranger (MRE), \u00e0 l\u2019occasion de la Journ\u00e9e nationale des MRE. Organis\u00e9e par la Wilaya de la r\u00e9gion de &hellip;","og_url":"https:\/\/dpress.ma\/fr\/2025\/08\/11\/les-opportunites-dinvestissement-a-fes-meknes-presentees-aux-marocains-du-monde\/","og_site_name":"Dpress.ma\/fr","article_published_time":"2025-08-11T08:57:09+00:00","article_modified_time":"2025-08-11T08:57:10+00:00","og_image":[{"width":2539,"height":1594,"url":"https:\/\/dpress.ma\/fr\/wp-content\/uploads\/sites\/2\/2025\/08\/dimensions2-18.jpg","type":"image\/jpeg"}],"author":"Dpress.ma","twitter_card":"summary_large_image","twitter_misc":{"\u00c9crit par":"Dpress.ma","Dur\u00e9e de lecture estim\u00e9e":"4 minutes"},"schema":{"@context":"https:\/\/schema.org","@graph":[{"@type":"Article","@id":"https:\/\/dpress.ma\/fr\/2025\/08\/11\/les-opportunites-dinvestissement-a-fes-meknes-presentees-aux-marocains-du-monde\/#article","isPartOf":{"@id":"https:\/\/dpress.ma\/fr\/2025\/08\/11\/les-opportunites-dinvestissement-a-fes-meknes-presentees-aux-marocains-du-monde\/"},"author":{"name":"Dpress.ma","@id":"https:\/\/dpress.ma\/fr\/#\/schema\/person\/4898febf3ccd59e6578d838656a306a0"},"headline":"les opportunit\u00e9s d\u2019investissement \u00e0 F\u00e8s-Mekn\u00e8s pr\u00e9sent\u00e9es aux Marocains du monde","datePublished":"2025-08-11T08:57:09+00:00","dateModified":"2025-08-11T08:57:10+00:00","mainEntityOfPage":{"@id":"https:\/\/dpress.ma\/fr\/2025\/08\/11\/les-opportunites-dinvestissement-a-fes-meknes-presentees-aux-marocains-du-monde\/"},"wordCount":768,"commentCount":0,"image":{"@id":"https:\/\/dpress.ma\/fr\/2025\/08\/11\/les-opportunites-dinvestissement-a-fes-meknes-presentees-aux-marocains-du-monde\/#primaryimage"},"thumbnailUrl":"https:\/\/dpress.ma\/fr\/wp-content\/uploads\/sites\/2\/2025\/08\/dimensions2-18.jpg","articleSection":["societe et regions"],"inLanguage":"fr-FR","potentialAction":[{"@type":"CommentAction","name":"Comment","target":["https:\/\/dpress.ma\/fr\/2025\/08\/11\/les-opportunites-dinvestissement-a-fes-meknes-presentees-aux-marocains-du-monde\/#respond"]}]},{"@type":"WebPage","@id":"https:\/\/dpress.ma\/fr\/2025\/08\/11\/les-opportunites-dinvestissement-a-fes-meknes-presentees-aux-marocains-du-monde\/","url":"https:\/\/dpress.ma\/fr\/2025\/08\/11\/les-opportunites-dinvestissement-a-fes-meknes-presentees-aux-marocains-du-monde\/","name":"les opportunit\u00e9s d\u2019investissement \u00e0 F\u00e8s-Mekn\u00e8s pr\u00e9sent\u00e9es aux Marocains du monde - Dpress.ma\/fr","isPartOf":{"@id":"https:\/\/dpress.ma\/fr\/#website"},"primaryImageOfPage":{"@id":"https:\/\/dpress.ma\/fr\/2025\/08\/11\/les-opportunites-dinvestissement-a-fes-meknes-presentees-aux-marocains-du-monde\/#primaryimage"},"image":{"@id":"https:\/\/dpress.ma\/fr\/2025\/08\/11\/les-opportunites-dinvestissement-a-fes-meknes-presentees-aux-marocains-du-monde\/#primaryimage"},"thumbnailUrl":"https:\/\/dpress.ma\/fr\/wp-content\/uploads\/sites\/2\/2025\/08\/dimensions2-18.jpg","datePublished":"2025-08-11T08:57:09+00:00","dateModified":"2025-08-11T08:57:10+00:00","author":{"@id":"https:\/\/dpress.ma\/fr\/#\/schema\/person\/4898febf3ccd59e6578d838656a306a0"},"breadcrumb":{"@id":"https:\/\/dpress.ma\/fr\/2025\/08\/11\/les-opportunites-dinvestissement-a-fes-meknes-presentees-aux-marocains-du-monde\/#breadcrumb"},"inLanguage":"fr-FR","potentialAction":[{"@type":"ReadAction","target":["https:\/\/dpress.ma\/fr\/2025\/08\/11\/les-opportunites-dinvestissement-a-fes-meknes-presentees-aux-marocains-du-monde\/"]}]},{"@type":"ImageObject","inLanguage":"fr-FR","@id":"https:\/\/dpress.ma\/fr\/2025\/08\/11\/les-opportunites-dinvestissement-a-fes-meknes-presentees-aux-marocains-du-monde\/#primaryimage","url":"https:\/\/dpress.ma\/fr\/wp-content\/uploads\/sites\/2\/2025\/08\/dimensions2-18.jpg","contentUrl":"https:\/\/dpress.ma\/fr\/wp-content\/uploads\/sites\/2\/2025\/08\/dimensions2-18.jpg","width":2539,"height":1594},{"@type":"BreadcrumbList","@id":"https:\/\/dpress.ma\/fr\/2025\/08\/11\/les-opportunites-dinvestissement-a-fes-meknes-presentees-aux-marocains-du-monde\/#breadcrumb","itemListElement":[{"@type":"ListItem","position":1,"name":"Home","item":"https:\/\/dpress.ma\/fr\/"},{"@type":"ListItem","position":2,"name":"les opportunit\u00e9s d\u2019investissement \u00e0 F\u00e8s-Mekn\u00e8s pr\u00e9sent\u00e9es aux Marocains du monde"}]},{"@type":"WebSite","@id":"https:\/\/dpress.ma\/fr\/#website","url":"https:\/\/dpress.ma\/fr\/","name":"Dpress.ma\/fr","description":"","potentialAction":[{"@type":"SearchAction","target":{"@type":"EntryPoint","urlTemplate":"https:\/\/dpress.ma\/fr\/?s={search_term_string}"},"query-input":{"@type":"PropertyValueSpecification","valueRequired":true,"valueName":"search_term_string"}}],"inLanguage":"fr-FR"},{"@type":"Person","@id":"https:\/\/dpress.ma\/fr\/#\/schema\/person\/4898febf3ccd59e6578d838656a306a0","name":"Dpress.ma","image":{"@type":"ImageObject","inLanguage":"fr-FR","@id":"https:\/\/secure.gravatar.com\/avatar\/72ecc30e9db047a2e0e7176561eb9d564ed77c8108376495b19bd8336405198a?s=96&d=mm&r=g","url":"https:\/\/secure.gravatar.com\/avatar\/72ecc30e9db047a2e0e7176561eb9d564ed77c8108376495b19bd8336405198a?s=96&d=mm&r=g","contentUrl":"https:\/\/secure.gravatar.com\/avatar\/72ecc30e9db047a2e0e7176561eb9d564ed77c8108376495b19bd8336405198a?s=96&d=mm&r=g","caption":"Dpress.ma"},"sameAs":["https:\/\/www.dpress.ma"],"url":"https:\/\/dpress.ma\/fr\/author\/dpress-ma\/"}]}},"amp_enabled":true,"_links":{"self":[{"href":"https:\/\/dpress.ma\/fr\/wp-json\/wp\/v2\/posts\/15743","targetHints":{"allow":["GET"]}}],"collection":[{"href":"https:\/\/dpress.ma\/fr\/wp-json\/wp\/v2\/posts"}],"about":[{"href":"https:\/\/dpress.ma\/fr\/wp-json\/wp\/v2\/types\/post"}],"author":[{"embeddable":true,"href":"https:\/\/dpress.ma\/fr\/wp-json\/wp\/v2\/users\/2"}],"replies":[{"embeddable":true,"href":"https:\/\/dpress.ma\/fr\/wp-json\/wp\/v2\/comments?post=15743"}],"version-history":[{"count":1,"href":"https:\/\/dpress.ma\/fr\/wp-json\/wp\/v2\/posts\/15743\/revisions"}],"predecessor-version":[{"id":15745,"href":"https:\/\/dpress.ma\/fr\/wp-json\/wp\/v2\/posts\/15743\/revisions\/15745"}],"wp:featuredmedia":[{"embeddable":true,"href":"https:\/\/dpress.ma\/fr\/wp-json\/wp\/v2\/media\/15744"}],"wp:attachment":[{"href":"https:\/\/dpress.ma\/fr\/wp-json\/wp\/v2\/media?parent=15743"}],"wp:term":[{"taxonomy":"category","embeddable":true,"href":"https:\/\/dpress.ma\/fr\/wp-json\/wp\/v2\/categories?post=15743"},{"taxonomy":"post_tag","embeddable":true,"href":"https:\/\/dpress.ma\/fr\/wp-json\/wp\/v2\/tags?post=15743"}],"curies":[{"name":"wp","href":"https:\/\/api.w.org\/{rel}","templated":true}]}}