{"id":15681,"date":"2025-08-03T15:16:21","date_gmt":"2025-08-03T15:16:21","guid":{"rendered":"https:\/\/dpress.ma\/fr\/?p=15681"},"modified":"2025-08-03T15:16:25","modified_gmt":"2025-08-03T15:16:25","slug":"casablanca-stati-et-rehmani-cloturent-en-beaute-la-2%e1%b5%89-edition-du-festival-de-laita-marsaouia","status":"publish","type":"post","link":"https:\/\/dpress.ma\/fr\/2025\/08\/03\/casablanca-stati-et-rehmani-cloturent-en-beaute-la-2%e1%b5%89-edition-du-festival-de-laita-marsaouia\/","title":{"rendered":"Casablanca : Stati et Rehmani cl\u00f4turent en beaut\u00e9 la 2\u1d49 \u00e9dition du Festival de l\u2019A\u00efta Marsaouia"},"content":{"rendered":"\n<p>Dpress<\/p>\n\n\n\n<p>Le rideau est tomb\u00e9, samedi soir \u00e0 Casablanca, sur la deuxi\u00e8me \u00e9dition du Festival de l\u2019A\u00efta Marsaouia, \u00e0 l\u2019occasion d\u2019une soir\u00e9e populaire anim\u00e9e par l\u2019artiste Abdelaziz Stati et le jeune talent montant Walid Rehmani.<\/p>\n\n\n\n<p>Les deux artistes, connus pour leur style populaire singulier, ont enchant\u00e9 le public venu nombreux en interpr\u00e9tant un floril\u00e8ge de chansons du r\u00e9pertoire populaire, accueillies avec enthousiasme par les amateurs de ce genre musical, qui ont repris les paroles \u00e0 l\u2019unisson dans une ambiance vibrante et festive.<\/p>\n\n\n\n<p>Le chanteur populaire Stati a offert au public rassembl\u00e9 autour de la sc\u00e8ne de l\u2019espace \u201cToro\u201d, dans le quartier El Hank, une s\u00e9lection de ses plus grands succ\u00e8s inspir\u00e9s de styles populaires comme le Za\u00e2ri, le Hasbaoui, le Haouzi et le Marsaoui.<\/p>\n\n\n\n<p>De son c\u00f4t\u00e9, le jeune Walid Rehmani, reconnu pour sa ma\u00eetrise de divers registres de la musique populaire, a livr\u00e9 des prestations puisant dans l\u2019authentique patrimoine musical marocain et suscitant une vive interaction du public, toutes g\u00e9n\u00e9rations confondues.<\/p>\n\n\n\n<p>\u00c0 cette occasion, l\u2019artiste Walid Rahmani a exprim\u00e9 au micro de la MAP sa joie de participer au Festival de l\u2019A\u00efta Marsaouia, qui conna\u00eet un fort engouement aupr\u00e8s du public marocain.<\/p>\n\n\n\n<p>Il s\u2019est \u00e9galement dit honor\u00e9 de retrouver le public casablancais, r\u00e9put\u00e9 pour son attachement \u00e0 l\u2019art de l\u2019A\u00efta, soulignant que la forte affluence a apport\u00e9 une valeur ajout\u00e9e \u00e0 cette \u00e9dition.<\/p>\n\n\n\n<p>Pour sa part, Abdelouahad Mouaddine, adjoint de la directrice r\u00e9gionale de la Culture de la r\u00e9gion Casablanca-Settat, a indiqu\u00e9 dans une d\u00e9claration similaire que cette manifestation artistique, inscrite dans le cadre des c\u00e9l\u00e9brations de la F\u00eate du Tr\u00f4ne, constitue une occasion de mettre en valeur la richesse du patrimoine culturel et musical r\u00e9gional.<\/p>\n\n\n\n<p>Par ailleurs, il a pr\u00e9cis\u00e9 que cet \u00e9v\u00e9nement, organis\u00e9 par le minist\u00e8re de la Jeunesse, de la Culture et de la Communication, en partenariat avec le Conseil de la r\u00e9gion Casablanca-Settat, s\u2019inscrit dans le cadre de la troisi\u00e8me \u00e9tape de la deuxi\u00e8me \u00e9dition du Festival de l\u2019A\u00efta Marsaouia, avec pour objectif de redonner toute sa place \u00e0 ce genre musical.<\/p>\n\n\n\n<p>Il convient de rappeler que cette \u00e9dition s\u2019est d\u00e9roul\u00e9e en trois \u00e9tapes, \u00e0 El Jadida, M\u00e9diouna et Casablanca, entre le 18 juillet et le 2 ao\u00fbt, sous le th\u00e8me \u201cFid\u00e9lit\u00e9 \u00e0 la m\u00e9moire et ouverture sur l\u2019avenir\u201d.<\/p>\n\n\n\n<p>Cette \u00e9dition visait \u00e0 revaloriser le style de l\u2019A\u00efta Marsaouia \u00e0 travers six soir\u00e9es gratuites, des conf\u00e9rences, des concours de d\u00e9couverte de talents, ainsi que des c\u00e9r\u00e9monies d\u2019hommage et d\u2019autres activit\u00e9s.<\/p>\n","protected":false},"excerpt":{"rendered":"<p>Dpress Le rideau est tomb\u00e9, samedi soir \u00e0 Casablanca, sur la deuxi\u00e8me \u00e9dition du Festival de l\u2019A\u00efta Marsaouia, \u00e0 l\u2019occasion d\u2019une soir\u00e9e populaire anim\u00e9e par l\u2019artiste Abdelaziz Stati et le jeune talent montant Walid Rehmani. Les deux artistes, connus pour leur style populaire singulier, ont enchant\u00e9 le public venu nombreux en interpr\u00e9tant un floril\u00e8ge de &hellip;<\/p>\n","protected":false},"author":2,"featured_media":15682,"comment_status":"open","ping_status":"open","sticky":false,"template":"","format":"standard","meta":{"footnotes":""},"categories":[31],"tags":[],"class_list":["post-15681","post","type-post","status-publish","format-standard","has-post-thumbnail","hentry","category-art-et-culture"],"yoast_head":"<!-- This site is optimized with the Yoast SEO plugin v27.5 - https:\/\/yoast.com\/product\/yoast-seo-wordpress\/ -->\n<title>Casablanca : Stati et Rehmani cl\u00f4turent en beaut\u00e9 la 2\u1d49 \u00e9dition du Festival de l\u2019A\u00efta Marsaouia - Dpress.ma\/fr<\/title>\n<meta name=\"robots\" content=\"index, follow, max-snippet:-1, max-image-preview:large, max-video-preview:-1\" \/>\n<link rel=\"canonical\" href=\"https:\/\/dpress.ma\/fr\/2025\/08\/03\/casablanca-stati-et-rehmani-cloturent-en-beaute-la-2\u1d49-edition-du-festival-de-laita-marsaouia\/\" \/>\n<meta property=\"og:locale\" content=\"fr_FR\" \/>\n<meta property=\"og:type\" content=\"article\" \/>\n<meta property=\"og:title\" content=\"Casablanca : Stati et Rehmani cl\u00f4turent en beaut\u00e9 la 2\u1d49 \u00e9dition du Festival de l\u2019A\u00efta Marsaouia - Dpress.ma\/fr\" \/>\n<meta property=\"og:description\" content=\"Dpress Le rideau est tomb\u00e9, samedi soir \u00e0 Casablanca, sur la deuxi\u00e8me \u00e9dition du Festival de l\u2019A\u00efta Marsaouia, \u00e0 l\u2019occasion d\u2019une soir\u00e9e populaire anim\u00e9e par l\u2019artiste Abdelaziz Stati et le jeune talent montant Walid Rehmani. Les deux artistes, connus pour leur style populaire singulier, ont enchant\u00e9 le public venu nombreux en interpr\u00e9tant un floril\u00e8ge de &hellip;\" \/>\n<meta property=\"og:url\" content=\"https:\/\/dpress.ma\/fr\/2025\/08\/03\/casablanca-stati-et-rehmani-cloturent-en-beaute-la-2\u1d49-edition-du-festival-de-laita-marsaouia\/\" \/>\n<meta property=\"og:site_name\" content=\"Dpress.ma\/fr\" \/>\n<meta property=\"article:published_time\" content=\"2025-08-03T15:16:21+00:00\" \/>\n<meta property=\"article:modified_time\" content=\"2025-08-03T15:16:25+00:00\" \/>\n<meta property=\"og:image\" content=\"https:\/\/dpress.ma\/fr\/wp-content\/uploads\/sites\/2\/2025\/08\/walid-rahmani.png\" \/>\n\t<meta property=\"og:image:width\" content=\"780\" \/>\n\t<meta property=\"og:image:height\" content=\"470\" \/>\n\t<meta property=\"og:image:type\" content=\"image\/png\" \/>\n<meta name=\"author\" content=\"Dpress.ma\" \/>\n<meta name=\"twitter:card\" content=\"summary_large_image\" \/>\n<meta name=\"twitter:label1\" content=\"\u00c9crit par\" \/>\n\t<meta name=\"twitter:data1\" content=\"Dpress.ma\" \/>\n\t<meta name=\"twitter:label2\" content=\"Dur\u00e9e de lecture estim\u00e9e\" \/>\n\t<meta name=\"twitter:data2\" content=\"3 minutes\" \/>\n<script type=\"application\/ld+json\" class=\"yoast-schema-graph\">{\"@context\":\"https:\\\/\\\/schema.org\",\"@graph\":[{\"@type\":\"Article\",\"@id\":\"https:\\\/\\\/dpress.ma\\\/fr\\\/2025\\\/08\\\/03\\\/casablanca-stati-et-rehmani-cloturent-en-beaute-la-2%e1%b5%89-edition-du-festival-de-laita-marsaouia\\\/#article\",\"isPartOf\":{\"@id\":\"https:\\\/\\\/dpress.ma\\\/fr\\\/2025\\\/08\\\/03\\\/casablanca-stati-et-rehmani-cloturent-en-beaute-la-2%e1%b5%89-edition-du-festival-de-laita-marsaouia\\\/\"},\"author\":{\"name\":\"Dpress.ma\",\"@id\":\"https:\\\/\\\/dpress.ma\\\/fr\\\/#\\\/schema\\\/person\\\/4898febf3ccd59e6578d838656a306a0\"},\"headline\":\"Casablanca : Stati et Rehmani cl\u00f4turent en beaut\u00e9 la 2\u1d49 \u00e9dition du Festival de l\u2019A\u00efta Marsaouia\",\"datePublished\":\"2025-08-03T15:16:21+00:00\",\"dateModified\":\"2025-08-03T15:16:25+00:00\",\"mainEntityOfPage\":{\"@id\":\"https:\\\/\\\/dpress.ma\\\/fr\\\/2025\\\/08\\\/03\\\/casablanca-stati-et-rehmani-cloturent-en-beaute-la-2%e1%b5%89-edition-du-festival-de-laita-marsaouia\\\/\"},\"wordCount\":479,\"commentCount\":0,\"image\":{\"@id\":\"https:\\\/\\\/dpress.ma\\\/fr\\\/2025\\\/08\\\/03\\\/casablanca-stati-et-rehmani-cloturent-en-beaute-la-2%e1%b5%89-edition-du-festival-de-laita-marsaouia\\\/#primaryimage\"},\"thumbnailUrl\":\"https:\\\/\\\/dpress.ma\\\/fr\\\/wp-content\\\/uploads\\\/sites\\\/2\\\/2025\\\/08\\\/walid-rahmani.png\",\"articleSection\":[\"Art et Culture\"],\"inLanguage\":\"fr-FR\",\"potentialAction\":[{\"@type\":\"CommentAction\",\"name\":\"Comment\",\"target\":[\"https:\\\/\\\/dpress.ma\\\/fr\\\/2025\\\/08\\\/03\\\/casablanca-stati-et-rehmani-cloturent-en-beaute-la-2%e1%b5%89-edition-du-festival-de-laita-marsaouia\\\/#respond\"]}]},{\"@type\":\"WebPage\",\"@id\":\"https:\\\/\\\/dpress.ma\\\/fr\\\/2025\\\/08\\\/03\\\/casablanca-stati-et-rehmani-cloturent-en-beaute-la-2%e1%b5%89-edition-du-festival-de-laita-marsaouia\\\/\",\"url\":\"https:\\\/\\\/dpress.ma\\\/fr\\\/2025\\\/08\\\/03\\\/casablanca-stati-et-rehmani-cloturent-en-beaute-la-2%e1%b5%89-edition-du-festival-de-laita-marsaouia\\\/\",\"name\":\"Casablanca : Stati et Rehmani cl\u00f4turent en beaut\u00e9 la 2\u1d49 \u00e9dition du Festival de l\u2019A\u00efta Marsaouia - Dpress.ma\\\/fr\",\"isPartOf\":{\"@id\":\"https:\\\/\\\/dpress.ma\\\/fr\\\/#website\"},\"primaryImageOfPage\":{\"@id\":\"https:\\\/\\\/dpress.ma\\\/fr\\\/2025\\\/08\\\/03\\\/casablanca-stati-et-rehmani-cloturent-en-beaute-la-2%e1%b5%89-edition-du-festival-de-laita-marsaouia\\\/#primaryimage\"},\"image\":{\"@id\":\"https:\\\/\\\/dpress.ma\\\/fr\\\/2025\\\/08\\\/03\\\/casablanca-stati-et-rehmani-cloturent-en-beaute-la-2%e1%b5%89-edition-du-festival-de-laita-marsaouia\\\/#primaryimage\"},\"thumbnailUrl\":\"https:\\\/\\\/dpress.ma\\\/fr\\\/wp-content\\\/uploads\\\/sites\\\/2\\\/2025\\\/08\\\/walid-rahmani.png\",\"datePublished\":\"2025-08-03T15:16:21+00:00\",\"dateModified\":\"2025-08-03T15:16:25+00:00\",\"author\":{\"@id\":\"https:\\\/\\\/dpress.ma\\\/fr\\\/#\\\/schema\\\/person\\\/4898febf3ccd59e6578d838656a306a0\"},\"breadcrumb\":{\"@id\":\"https:\\\/\\\/dpress.ma\\\/fr\\\/2025\\\/08\\\/03\\\/casablanca-stati-et-rehmani-cloturent-en-beaute-la-2%e1%b5%89-edition-du-festival-de-laita-marsaouia\\\/#breadcrumb\"},\"inLanguage\":\"fr-FR\",\"potentialAction\":[{\"@type\":\"ReadAction\",\"target\":[\"https:\\\/\\\/dpress.ma\\\/fr\\\/2025\\\/08\\\/03\\\/casablanca-stati-et-rehmani-cloturent-en-beaute-la-2%e1%b5%89-edition-du-festival-de-laita-marsaouia\\\/\"]}]},{\"@type\":\"ImageObject\",\"inLanguage\":\"fr-FR\",\"@id\":\"https:\\\/\\\/dpress.ma\\\/fr\\\/2025\\\/08\\\/03\\\/casablanca-stati-et-rehmani-cloturent-en-beaute-la-2%e1%b5%89-edition-du-festival-de-laita-marsaouia\\\/#primaryimage\",\"url\":\"https:\\\/\\\/dpress.ma\\\/fr\\\/wp-content\\\/uploads\\\/sites\\\/2\\\/2025\\\/08\\\/walid-rahmani.png\",\"contentUrl\":\"https:\\\/\\\/dpress.ma\\\/fr\\\/wp-content\\\/uploads\\\/sites\\\/2\\\/2025\\\/08\\\/walid-rahmani.png\",\"width\":780,\"height\":470},{\"@type\":\"BreadcrumbList\",\"@id\":\"https:\\\/\\\/dpress.ma\\\/fr\\\/2025\\\/08\\\/03\\\/casablanca-stati-et-rehmani-cloturent-en-beaute-la-2%e1%b5%89-edition-du-festival-de-laita-marsaouia\\\/#breadcrumb\",\"itemListElement\":[{\"@type\":\"ListItem\",\"position\":1,\"name\":\"Home\",\"item\":\"https:\\\/\\\/dpress.ma\\\/fr\\\/\"},{\"@type\":\"ListItem\",\"position\":2,\"name\":\"Casablanca : Stati et Rehmani cl\u00f4turent en beaut\u00e9 la 2\u1d49 \u00e9dition du Festival de l\u2019A\u00efta Marsaouia\"}]},{\"@type\":\"WebSite\",\"@id\":\"https:\\\/\\\/dpress.ma\\\/fr\\\/#website\",\"url\":\"https:\\\/\\\/dpress.ma\\\/fr\\\/\",\"name\":\"Dpress.ma\\\/fr\",\"description\":\"\",\"potentialAction\":[{\"@type\":\"SearchAction\",\"target\":{\"@type\":\"EntryPoint\",\"urlTemplate\":\"https:\\\/\\\/dpress.ma\\\/fr\\\/?s={search_term_string}\"},\"query-input\":{\"@type\":\"PropertyValueSpecification\",\"valueRequired\":true,\"valueName\":\"search_term_string\"}}],\"inLanguage\":\"fr-FR\"},{\"@type\":\"Person\",\"@id\":\"https:\\\/\\\/dpress.ma\\\/fr\\\/#\\\/schema\\\/person\\\/4898febf3ccd59e6578d838656a306a0\",\"name\":\"Dpress.ma\",\"image\":{\"@type\":\"ImageObject\",\"inLanguage\":\"fr-FR\",\"@id\":\"https:\\\/\\\/secure.gravatar.com\\\/avatar\\\/72ecc30e9db047a2e0e7176561eb9d564ed77c8108376495b19bd8336405198a?s=96&d=mm&r=g\",\"url\":\"https:\\\/\\\/secure.gravatar.com\\\/avatar\\\/72ecc30e9db047a2e0e7176561eb9d564ed77c8108376495b19bd8336405198a?s=96&d=mm&r=g\",\"contentUrl\":\"https:\\\/\\\/secure.gravatar.com\\\/avatar\\\/72ecc30e9db047a2e0e7176561eb9d564ed77c8108376495b19bd8336405198a?s=96&d=mm&r=g\",\"caption\":\"Dpress.ma\"},\"sameAs\":[\"https:\\\/\\\/www.dpress.ma\"],\"url\":\"https:\\\/\\\/dpress.ma\\\/fr\\\/author\\\/dpress-ma\\\/\"}]}<\/script>\n<!-- \/ Yoast SEO plugin. -->","yoast_head_json":{"title":"Casablanca : Stati et Rehmani cl\u00f4turent en beaut\u00e9 la 2\u1d49 \u00e9dition du Festival de l\u2019A\u00efta Marsaouia - Dpress.ma\/fr","robots":{"index":"index","follow":"follow","max-snippet":"max-snippet:-1","max-image-preview":"max-image-preview:large","max-video-preview":"max-video-preview:-1"},"canonical":"https:\/\/dpress.ma\/fr\/2025\/08\/03\/casablanca-stati-et-rehmani-cloturent-en-beaute-la-2\u1d49-edition-du-festival-de-laita-marsaouia\/","og_locale":"fr_FR","og_type":"article","og_title":"Casablanca : Stati et Rehmani cl\u00f4turent en beaut\u00e9 la 2\u1d49 \u00e9dition du Festival de l\u2019A\u00efta Marsaouia - Dpress.ma\/fr","og_description":"Dpress Le rideau est tomb\u00e9, samedi soir \u00e0 Casablanca, sur la deuxi\u00e8me \u00e9dition du Festival de l\u2019A\u00efta Marsaouia, \u00e0 l\u2019occasion d\u2019une soir\u00e9e populaire anim\u00e9e par l\u2019artiste Abdelaziz Stati et le jeune talent montant Walid Rehmani. Les deux artistes, connus pour leur style populaire singulier, ont enchant\u00e9 le public venu nombreux en interpr\u00e9tant un floril\u00e8ge de &hellip;","og_url":"https:\/\/dpress.ma\/fr\/2025\/08\/03\/casablanca-stati-et-rehmani-cloturent-en-beaute-la-2\u1d49-edition-du-festival-de-laita-marsaouia\/","og_site_name":"Dpress.ma\/fr","article_published_time":"2025-08-03T15:16:21+00:00","article_modified_time":"2025-08-03T15:16:25+00:00","og_image":[{"width":780,"height":470,"url":"https:\/\/dpress.ma\/fr\/wp-content\/uploads\/sites\/2\/2025\/08\/walid-rahmani.png","type":"image\/png"}],"author":"Dpress.ma","twitter_card":"summary_large_image","twitter_misc":{"\u00c9crit par":"Dpress.ma","Dur\u00e9e de lecture estim\u00e9e":"3 minutes"},"schema":{"@context":"https:\/\/schema.org","@graph":[{"@type":"Article","@id":"https:\/\/dpress.ma\/fr\/2025\/08\/03\/casablanca-stati-et-rehmani-cloturent-en-beaute-la-2%e1%b5%89-edition-du-festival-de-laita-marsaouia\/#article","isPartOf":{"@id":"https:\/\/dpress.ma\/fr\/2025\/08\/03\/casablanca-stati-et-rehmani-cloturent-en-beaute-la-2%e1%b5%89-edition-du-festival-de-laita-marsaouia\/"},"author":{"name":"Dpress.ma","@id":"https:\/\/dpress.ma\/fr\/#\/schema\/person\/4898febf3ccd59e6578d838656a306a0"},"headline":"Casablanca : Stati et Rehmani cl\u00f4turent en beaut\u00e9 la 2\u1d49 \u00e9dition du Festival de l\u2019A\u00efta Marsaouia","datePublished":"2025-08-03T15:16:21+00:00","dateModified":"2025-08-03T15:16:25+00:00","mainEntityOfPage":{"@id":"https:\/\/dpress.ma\/fr\/2025\/08\/03\/casablanca-stati-et-rehmani-cloturent-en-beaute-la-2%e1%b5%89-edition-du-festival-de-laita-marsaouia\/"},"wordCount":479,"commentCount":0,"image":{"@id":"https:\/\/dpress.ma\/fr\/2025\/08\/03\/casablanca-stati-et-rehmani-cloturent-en-beaute-la-2%e1%b5%89-edition-du-festival-de-laita-marsaouia\/#primaryimage"},"thumbnailUrl":"https:\/\/dpress.ma\/fr\/wp-content\/uploads\/sites\/2\/2025\/08\/walid-rahmani.png","articleSection":["Art et Culture"],"inLanguage":"fr-FR","potentialAction":[{"@type":"CommentAction","name":"Comment","target":["https:\/\/dpress.ma\/fr\/2025\/08\/03\/casablanca-stati-et-rehmani-cloturent-en-beaute-la-2%e1%b5%89-edition-du-festival-de-laita-marsaouia\/#respond"]}]},{"@type":"WebPage","@id":"https:\/\/dpress.ma\/fr\/2025\/08\/03\/casablanca-stati-et-rehmani-cloturent-en-beaute-la-2%e1%b5%89-edition-du-festival-de-laita-marsaouia\/","url":"https:\/\/dpress.ma\/fr\/2025\/08\/03\/casablanca-stati-et-rehmani-cloturent-en-beaute-la-2%e1%b5%89-edition-du-festival-de-laita-marsaouia\/","name":"Casablanca : Stati et Rehmani cl\u00f4turent en beaut\u00e9 la 2\u1d49 \u00e9dition du Festival de l\u2019A\u00efta Marsaouia - Dpress.ma\/fr","isPartOf":{"@id":"https:\/\/dpress.ma\/fr\/#website"},"primaryImageOfPage":{"@id":"https:\/\/dpress.ma\/fr\/2025\/08\/03\/casablanca-stati-et-rehmani-cloturent-en-beaute-la-2%e1%b5%89-edition-du-festival-de-laita-marsaouia\/#primaryimage"},"image":{"@id":"https:\/\/dpress.ma\/fr\/2025\/08\/03\/casablanca-stati-et-rehmani-cloturent-en-beaute-la-2%e1%b5%89-edition-du-festival-de-laita-marsaouia\/#primaryimage"},"thumbnailUrl":"https:\/\/dpress.ma\/fr\/wp-content\/uploads\/sites\/2\/2025\/08\/walid-rahmani.png","datePublished":"2025-08-03T15:16:21+00:00","dateModified":"2025-08-03T15:16:25+00:00","author":{"@id":"https:\/\/dpress.ma\/fr\/#\/schema\/person\/4898febf3ccd59e6578d838656a306a0"},"breadcrumb":{"@id":"https:\/\/dpress.ma\/fr\/2025\/08\/03\/casablanca-stati-et-rehmani-cloturent-en-beaute-la-2%e1%b5%89-edition-du-festival-de-laita-marsaouia\/#breadcrumb"},"inLanguage":"fr-FR","potentialAction":[{"@type":"ReadAction","target":["https:\/\/dpress.ma\/fr\/2025\/08\/03\/casablanca-stati-et-rehmani-cloturent-en-beaute-la-2%e1%b5%89-edition-du-festival-de-laita-marsaouia\/"]}]},{"@type":"ImageObject","inLanguage":"fr-FR","@id":"https:\/\/dpress.ma\/fr\/2025\/08\/03\/casablanca-stati-et-rehmani-cloturent-en-beaute-la-2%e1%b5%89-edition-du-festival-de-laita-marsaouia\/#primaryimage","url":"https:\/\/dpress.ma\/fr\/wp-content\/uploads\/sites\/2\/2025\/08\/walid-rahmani.png","contentUrl":"https:\/\/dpress.ma\/fr\/wp-content\/uploads\/sites\/2\/2025\/08\/walid-rahmani.png","width":780,"height":470},{"@type":"BreadcrumbList","@id":"https:\/\/dpress.ma\/fr\/2025\/08\/03\/casablanca-stati-et-rehmani-cloturent-en-beaute-la-2%e1%b5%89-edition-du-festival-de-laita-marsaouia\/#breadcrumb","itemListElement":[{"@type":"ListItem","position":1,"name":"Home","item":"https:\/\/dpress.ma\/fr\/"},{"@type":"ListItem","position":2,"name":"Casablanca : Stati et Rehmani cl\u00f4turent en beaut\u00e9 la 2\u1d49 \u00e9dition du Festival de l\u2019A\u00efta Marsaouia"}]},{"@type":"WebSite","@id":"https:\/\/dpress.ma\/fr\/#website","url":"https:\/\/dpress.ma\/fr\/","name":"Dpress.ma\/fr","description":"","potentialAction":[{"@type":"SearchAction","target":{"@type":"EntryPoint","urlTemplate":"https:\/\/dpress.ma\/fr\/?s={search_term_string}"},"query-input":{"@type":"PropertyValueSpecification","valueRequired":true,"valueName":"search_term_string"}}],"inLanguage":"fr-FR"},{"@type":"Person","@id":"https:\/\/dpress.ma\/fr\/#\/schema\/person\/4898febf3ccd59e6578d838656a306a0","name":"Dpress.ma","image":{"@type":"ImageObject","inLanguage":"fr-FR","@id":"https:\/\/secure.gravatar.com\/avatar\/72ecc30e9db047a2e0e7176561eb9d564ed77c8108376495b19bd8336405198a?s=96&d=mm&r=g","url":"https:\/\/secure.gravatar.com\/avatar\/72ecc30e9db047a2e0e7176561eb9d564ed77c8108376495b19bd8336405198a?s=96&d=mm&r=g","contentUrl":"https:\/\/secure.gravatar.com\/avatar\/72ecc30e9db047a2e0e7176561eb9d564ed77c8108376495b19bd8336405198a?s=96&d=mm&r=g","caption":"Dpress.ma"},"sameAs":["https:\/\/www.dpress.ma"],"url":"https:\/\/dpress.ma\/fr\/author\/dpress-ma\/"}]}},"amp_enabled":true,"_links":{"self":[{"href":"https:\/\/dpress.ma\/fr\/wp-json\/wp\/v2\/posts\/15681","targetHints":{"allow":["GET"]}}],"collection":[{"href":"https:\/\/dpress.ma\/fr\/wp-json\/wp\/v2\/posts"}],"about":[{"href":"https:\/\/dpress.ma\/fr\/wp-json\/wp\/v2\/types\/post"}],"author":[{"embeddable":true,"href":"https:\/\/dpress.ma\/fr\/wp-json\/wp\/v2\/users\/2"}],"replies":[{"embeddable":true,"href":"https:\/\/dpress.ma\/fr\/wp-json\/wp\/v2\/comments?post=15681"}],"version-history":[{"count":1,"href":"https:\/\/dpress.ma\/fr\/wp-json\/wp\/v2\/posts\/15681\/revisions"}],"predecessor-version":[{"id":15683,"href":"https:\/\/dpress.ma\/fr\/wp-json\/wp\/v2\/posts\/15681\/revisions\/15683"}],"wp:featuredmedia":[{"embeddable":true,"href":"https:\/\/dpress.ma\/fr\/wp-json\/wp\/v2\/media\/15682"}],"wp:attachment":[{"href":"https:\/\/dpress.ma\/fr\/wp-json\/wp\/v2\/media?parent=15681"}],"wp:term":[{"taxonomy":"category","embeddable":true,"href":"https:\/\/dpress.ma\/fr\/wp-json\/wp\/v2\/categories?post=15681"},{"taxonomy":"post_tag","embeddable":true,"href":"https:\/\/dpress.ma\/fr\/wp-json\/wp\/v2\/tags?post=15681"}],"curies":[{"name":"wp","href":"https:\/\/api.w.org\/{rel}","templated":true}]}}