{"id":15677,"date":"2025-08-02T17:05:21","date_gmt":"2025-08-02T17:05:21","guid":{"rendered":"https:\/\/dpress.ma\/fr\/?p=15677"},"modified":"2025-08-02T17:05:22","modified_gmt":"2025-08-02T17:05:22","slug":"la-convergence-politique-entre-le-chili-et-le-maroc-renforce-la-solidite-de-leur-partenariat-strategique-kenza-el-ghali","status":"publish","type":"post","link":"https:\/\/dpress.ma\/fr\/2025\/08\/02\/la-convergence-politique-entre-le-chili-et-le-maroc-renforce-la-solidite-de-leur-partenariat-strategique-kenza-el-ghali\/","title":{"rendered":"La convergence politique entre le Chili et le Maroc renforce la solidit\u00e9 de leur partenariat strat\u00e9gique (Kenza El-Ghali)"},"content":{"rendered":"\n<p>Dpress<\/p>\n\n\n\n<p>&nbsp;La convergence politique, qui anime les relations entre le Chili et le Maroc, renforce la solidit\u00e9 du partenariat strat\u00e9gique entre Rabat et Santiago, a affirm\u00e9 l\u2019ambassadeur du Royaume au Chili, Mme Kenza El-Ghali.<\/p>\n\n\n\n<p>Dans une allocution \u00e0 l\u2019occasion de la c\u00e9l\u00e9bration de la glorieuse F\u00eate du Tr\u00f4ne \u00e0 Santiago, Mme El-Ghali a soulign\u00e9 que les deux pays ont une vision partag\u00e9e de stabilit\u00e9, de paix durable et de d\u00e9veloppement mutuellement b\u00e9n\u00e9fique, ajoutant que la position du Chili sur la question du Sahara marocain t\u00e9moigne de la lucidit\u00e9 de ce pays face aux enjeux r\u00e9gionaux et de son attachement \u00e0 des principes fond\u00e9s sur la l\u00e9galit\u00e9 internationale et le respect de la souverainet\u00e9 nationale.<\/p>\n\n\n\n<p>Mme El-Ghali a, par ailleurs, affirm\u00e9 que durant les 26 derni\u00e8res ann\u00e9es, Sa Majest\u00e9 le Roi Mohammed VI a su guider Son peuple et faire du Maroc un pays r\u00e9solument tourn\u00e9 vers le d\u00e9veloppement humain, tout en explorant de nouveaux horizons et conqu\u00e9rant de nouveaux march\u00e9s.<\/p>\n\n\n\n<p>Elle a aussi mis en avant les avanc\u00e9es majeures r\u00e9alis\u00e9es par le Maroc sous la conduite du Souverain, dans les domaines des infrastructures, de l\u2019\u00e9conomie, de la gouvernance, de la modernisation institutionnelle et de la coop\u00e9ration internationale, soulignant le r\u00f4le structurant et stabilisateur du Royaume sur les sc\u00e8nes r\u00e9gionale et internationale.<\/p>\n\n\n\n<p>Pour sa part, le ministre chilien des Relations ext\u00e9rieures, Alberto van Klaveren, a salu\u00e9 la qualit\u00e9 exceptionnelle des relations bilat\u00e9rales, qualifiant le Maroc de partenaire strat\u00e9gique en pleine expansion.<\/p>\n\n\n\n<p>Il a mis en avant le potentiel de coop\u00e9ration dans des secteurs d\u2019avenir, tels que l\u2019intelligence artificielle, les \u00e9nergies renouvelables et la recherche scientifique.<\/p>\n\n\n\n<p>Le chef de la diplomatie chilienne a mis l\u2019accent sur l\u2019importance particuli\u00e8re de la tenue, en d\u00e9cembre 2024 \u00e0 Rabat, du Congr\u00e8s du Futur, organis\u00e9 pour la premi\u00e8re fois hors du continent latino-am\u00e9ricain et co-organis\u00e9 avec le Parlement chilien, symbole de la reconnaissance croissante du r\u00f4le du Maroc sur la sc\u00e8ne scientifique et technologique mondiale.<\/p>\n\n\n\n<p>Le ministre a enfin exprim\u00e9 son admiration pour le leadership du Royaume et la solidit\u00e9 de l\u2019amiti\u00e9 maroco-chilienne, fond\u00e9e sur la confiance, la stabilit\u00e9, la modernit\u00e9 et le respect mutuel.<\/p>\n\n\n\n<p>Cette r\u00e9ception a \u00e9t\u00e9 rehauss\u00e9e par la pr\u00e9sence d\u2019invit\u00e9s de haut rang, issus des sph\u00e8res politique, parlementaire, acad\u00e9mique, militaire, diplomatique et culturelle chiliennes, t\u00e9moignant de la profondeur des liens unissant le Royaume du Maroc \u00e0 la R\u00e9publique du Chili.<\/p>\n\n\n\n<p>Ont \u00e9t\u00e9 aussi pr\u00e9sents plusieurs membres du gouvernement chilien, notamment le ministre de l\u2019Int\u00e9rieur, \u00c1lvaro Elizalde Soto, la ministre de la Culture, Carolina Arredondo Marzan, et la ministre des Travaux Publics, Jessica Lopez Saffie, ainsi que le Commandant en chef de la Marine chilienne, le Vice-amiral Mauricio Arenas Menares et le Commandant en chef des Forces a\u00e9riennes, le G\u00e9n\u00e9ral de l\u2019Aviation M\u00e1ximo Venegas Raggio et de nombreuses autres personnalit\u00e9s civiles et militaires, des repr\u00e9sentants du corps diplomatique et des m\u00e9dias.<\/p>\n\n\n\n<p>La forte pr\u00e9sence et la qualit\u00e9 des personnalit\u00e9s convi\u00e9es ainsi que la richesse du programme ont conf\u00e9r\u00e9 \u00e0 cette c\u00e9l\u00e9bration un \u00e9clat particulier, traduisant la profondeur des liens entre Rabat et Santiago, et r\u00e9affirmant leur engagement \u00e0 poursuivre une coop\u00e9ration ambitieuse au service du d\u00e9veloppement, de la paix et de la prosp\u00e9rit\u00e9 partag\u00e9e.<\/p>\n","protected":false},"excerpt":{"rendered":"<p>Dpress &nbsp;La convergence politique, qui anime les relations entre le Chili et le Maroc, renforce la solidit\u00e9 du partenariat strat\u00e9gique entre Rabat et Santiago, a affirm\u00e9 l\u2019ambassadeur du Royaume au Chili, Mme Kenza El-Ghali. Dans une allocution \u00e0 l\u2019occasion de la c\u00e9l\u00e9bration de la glorieuse F\u00eate du Tr\u00f4ne \u00e0 Santiago, Mme El-Ghali a soulign\u00e9 que &hellip;<\/p>\n","protected":false},"author":2,"featured_media":15678,"comment_status":"open","ping_status":"open","sticky":false,"template":"","format":"standard","meta":{"footnotes":""},"categories":[26],"tags":[],"class_list":["post-15677","post","type-post","status-publish","format-standard","has-post-thumbnail","hentry","category-politiques"],"yoast_head":"<!-- This site is optimized with the Yoast SEO plugin v27.5 - https:\/\/yoast.com\/product\/yoast-seo-wordpress\/ -->\n<title>La convergence politique entre le Chili et le Maroc renforce la solidit\u00e9 de leur partenariat strat\u00e9gique (Kenza El-Ghali) - Dpress.ma\/fr<\/title>\n<meta name=\"robots\" content=\"index, follow, max-snippet:-1, max-image-preview:large, max-video-preview:-1\" \/>\n<link rel=\"canonical\" href=\"https:\/\/dpress.ma\/fr\/2025\/08\/02\/la-convergence-politique-entre-le-chili-et-le-maroc-renforce-la-solidite-de-leur-partenariat-strategique-kenza-el-ghali\/\" \/>\n<meta property=\"og:locale\" content=\"fr_FR\" \/>\n<meta property=\"og:type\" content=\"article\" \/>\n<meta property=\"og:title\" content=\"La convergence politique entre le Chili et le Maroc renforce la solidit\u00e9 de leur partenariat strat\u00e9gique (Kenza El-Ghali) - Dpress.ma\/fr\" \/>\n<meta property=\"og:description\" content=\"Dpress &nbsp;La convergence politique, qui anime les relations entre le Chili et le Maroc, renforce la solidit\u00e9 du partenariat strat\u00e9gique entre Rabat et Santiago, a affirm\u00e9 l\u2019ambassadeur du Royaume au Chili, Mme Kenza El-Ghali. Dans une allocution \u00e0 l\u2019occasion de la c\u00e9l\u00e9bration de la glorieuse F\u00eate du Tr\u00f4ne \u00e0 Santiago, Mme El-Ghali a soulign\u00e9 que &hellip;\" \/>\n<meta property=\"og:url\" content=\"https:\/\/dpress.ma\/fr\/2025\/08\/02\/la-convergence-politique-entre-le-chili-et-le-maroc-renforce-la-solidite-de-leur-partenariat-strategique-kenza-el-ghali\/\" \/>\n<meta property=\"og:site_name\" content=\"Dpress.ma\/fr\" \/>\n<meta property=\"article:published_time\" content=\"2025-08-02T17:05:21+00:00\" \/>\n<meta property=\"article:modified_time\" content=\"2025-08-02T17:05:22+00:00\" \/>\n<meta property=\"og:image\" content=\"https:\/\/dpress.ma\/fr\/wp-content\/uploads\/sites\/2\/2025\/08\/maroc-chili.png\" \/>\n\t<meta property=\"og:image:width\" content=\"780\" \/>\n\t<meta property=\"og:image:height\" content=\"470\" \/>\n\t<meta property=\"og:image:type\" content=\"image\/png\" \/>\n<meta name=\"author\" content=\"Dpress.ma\" \/>\n<meta name=\"twitter:card\" content=\"summary_large_image\" \/>\n<meta name=\"twitter:label1\" content=\"\u00c9crit par\" \/>\n\t<meta name=\"twitter:data1\" content=\"Dpress.ma\" \/>\n\t<meta name=\"twitter:label2\" content=\"Dur\u00e9e de lecture estim\u00e9e\" \/>\n\t<meta name=\"twitter:data2\" content=\"3 minutes\" \/>\n<script type=\"application\/ld+json\" class=\"yoast-schema-graph\">{\"@context\":\"https:\\\/\\\/schema.org\",\"@graph\":[{\"@type\":\"Article\",\"@id\":\"https:\\\/\\\/dpress.ma\\\/fr\\\/2025\\\/08\\\/02\\\/la-convergence-politique-entre-le-chili-et-le-maroc-renforce-la-solidite-de-leur-partenariat-strategique-kenza-el-ghali\\\/#article\",\"isPartOf\":{\"@id\":\"https:\\\/\\\/dpress.ma\\\/fr\\\/2025\\\/08\\\/02\\\/la-convergence-politique-entre-le-chili-et-le-maroc-renforce-la-solidite-de-leur-partenariat-strategique-kenza-el-ghali\\\/\"},\"author\":{\"name\":\"Dpress.ma\",\"@id\":\"https:\\\/\\\/dpress.ma\\\/fr\\\/#\\\/schema\\\/person\\\/4898febf3ccd59e6578d838656a306a0\"},\"headline\":\"La convergence politique entre le Chili et le Maroc renforce la solidit\u00e9 de leur partenariat strat\u00e9gique (Kenza El-Ghali)\",\"datePublished\":\"2025-08-02T17:05:21+00:00\",\"dateModified\":\"2025-08-02T17:05:22+00:00\",\"mainEntityOfPage\":{\"@id\":\"https:\\\/\\\/dpress.ma\\\/fr\\\/2025\\\/08\\\/02\\\/la-convergence-politique-entre-le-chili-et-le-maroc-renforce-la-solidite-de-leur-partenariat-strategique-kenza-el-ghali\\\/\"},\"wordCount\":609,\"commentCount\":0,\"image\":{\"@id\":\"https:\\\/\\\/dpress.ma\\\/fr\\\/2025\\\/08\\\/02\\\/la-convergence-politique-entre-le-chili-et-le-maroc-renforce-la-solidite-de-leur-partenariat-strategique-kenza-el-ghali\\\/#primaryimage\"},\"thumbnailUrl\":\"https:\\\/\\\/dpress.ma\\\/fr\\\/wp-content\\\/uploads\\\/sites\\\/2\\\/2025\\\/08\\\/maroc-chili.png\",\"articleSection\":[\"Politiques\"],\"inLanguage\":\"fr-FR\",\"potentialAction\":[{\"@type\":\"CommentAction\",\"name\":\"Comment\",\"target\":[\"https:\\\/\\\/dpress.ma\\\/fr\\\/2025\\\/08\\\/02\\\/la-convergence-politique-entre-le-chili-et-le-maroc-renforce-la-solidite-de-leur-partenariat-strategique-kenza-el-ghali\\\/#respond\"]}]},{\"@type\":\"WebPage\",\"@id\":\"https:\\\/\\\/dpress.ma\\\/fr\\\/2025\\\/08\\\/02\\\/la-convergence-politique-entre-le-chili-et-le-maroc-renforce-la-solidite-de-leur-partenariat-strategique-kenza-el-ghali\\\/\",\"url\":\"https:\\\/\\\/dpress.ma\\\/fr\\\/2025\\\/08\\\/02\\\/la-convergence-politique-entre-le-chili-et-le-maroc-renforce-la-solidite-de-leur-partenariat-strategique-kenza-el-ghali\\\/\",\"name\":\"La convergence politique entre le Chili et le Maroc renforce la solidit\u00e9 de leur partenariat strat\u00e9gique (Kenza El-Ghali) - Dpress.ma\\\/fr\",\"isPartOf\":{\"@id\":\"https:\\\/\\\/dpress.ma\\\/fr\\\/#website\"},\"primaryImageOfPage\":{\"@id\":\"https:\\\/\\\/dpress.ma\\\/fr\\\/2025\\\/08\\\/02\\\/la-convergence-politique-entre-le-chili-et-le-maroc-renforce-la-solidite-de-leur-partenariat-strategique-kenza-el-ghali\\\/#primaryimage\"},\"image\":{\"@id\":\"https:\\\/\\\/dpress.ma\\\/fr\\\/2025\\\/08\\\/02\\\/la-convergence-politique-entre-le-chili-et-le-maroc-renforce-la-solidite-de-leur-partenariat-strategique-kenza-el-ghali\\\/#primaryimage\"},\"thumbnailUrl\":\"https:\\\/\\\/dpress.ma\\\/fr\\\/wp-content\\\/uploads\\\/sites\\\/2\\\/2025\\\/08\\\/maroc-chili.png\",\"datePublished\":\"2025-08-02T17:05:21+00:00\",\"dateModified\":\"2025-08-02T17:05:22+00:00\",\"author\":{\"@id\":\"https:\\\/\\\/dpress.ma\\\/fr\\\/#\\\/schema\\\/person\\\/4898febf3ccd59e6578d838656a306a0\"},\"breadcrumb\":{\"@id\":\"https:\\\/\\\/dpress.ma\\\/fr\\\/2025\\\/08\\\/02\\\/la-convergence-politique-entre-le-chili-et-le-maroc-renforce-la-solidite-de-leur-partenariat-strategique-kenza-el-ghali\\\/#breadcrumb\"},\"inLanguage\":\"fr-FR\",\"potentialAction\":[{\"@type\":\"ReadAction\",\"target\":[\"https:\\\/\\\/dpress.ma\\\/fr\\\/2025\\\/08\\\/02\\\/la-convergence-politique-entre-le-chili-et-le-maroc-renforce-la-solidite-de-leur-partenariat-strategique-kenza-el-ghali\\\/\"]}]},{\"@type\":\"ImageObject\",\"inLanguage\":\"fr-FR\",\"@id\":\"https:\\\/\\\/dpress.ma\\\/fr\\\/2025\\\/08\\\/02\\\/la-convergence-politique-entre-le-chili-et-le-maroc-renforce-la-solidite-de-leur-partenariat-strategique-kenza-el-ghali\\\/#primaryimage\",\"url\":\"https:\\\/\\\/dpress.ma\\\/fr\\\/wp-content\\\/uploads\\\/sites\\\/2\\\/2025\\\/08\\\/maroc-chili.png\",\"contentUrl\":\"https:\\\/\\\/dpress.ma\\\/fr\\\/wp-content\\\/uploads\\\/sites\\\/2\\\/2025\\\/08\\\/maroc-chili.png\",\"width\":780,\"height\":470},{\"@type\":\"BreadcrumbList\",\"@id\":\"https:\\\/\\\/dpress.ma\\\/fr\\\/2025\\\/08\\\/02\\\/la-convergence-politique-entre-le-chili-et-le-maroc-renforce-la-solidite-de-leur-partenariat-strategique-kenza-el-ghali\\\/#breadcrumb\",\"itemListElement\":[{\"@type\":\"ListItem\",\"position\":1,\"name\":\"Home\",\"item\":\"https:\\\/\\\/dpress.ma\\\/fr\\\/\"},{\"@type\":\"ListItem\",\"position\":2,\"name\":\"La convergence politique entre le Chili et le Maroc renforce la solidit\u00e9 de leur partenariat strat\u00e9gique (Kenza El-Ghali)\"}]},{\"@type\":\"WebSite\",\"@id\":\"https:\\\/\\\/dpress.ma\\\/fr\\\/#website\",\"url\":\"https:\\\/\\\/dpress.ma\\\/fr\\\/\",\"name\":\"Dpress.ma\\\/fr\",\"description\":\"\",\"potentialAction\":[{\"@type\":\"SearchAction\",\"target\":{\"@type\":\"EntryPoint\",\"urlTemplate\":\"https:\\\/\\\/dpress.ma\\\/fr\\\/?s={search_term_string}\"},\"query-input\":{\"@type\":\"PropertyValueSpecification\",\"valueRequired\":true,\"valueName\":\"search_term_string\"}}],\"inLanguage\":\"fr-FR\"},{\"@type\":\"Person\",\"@id\":\"https:\\\/\\\/dpress.ma\\\/fr\\\/#\\\/schema\\\/person\\\/4898febf3ccd59e6578d838656a306a0\",\"name\":\"Dpress.ma\",\"image\":{\"@type\":\"ImageObject\",\"inLanguage\":\"fr-FR\",\"@id\":\"https:\\\/\\\/secure.gravatar.com\\\/avatar\\\/72ecc30e9db047a2e0e7176561eb9d564ed77c8108376495b19bd8336405198a?s=96&d=mm&r=g\",\"url\":\"https:\\\/\\\/secure.gravatar.com\\\/avatar\\\/72ecc30e9db047a2e0e7176561eb9d564ed77c8108376495b19bd8336405198a?s=96&d=mm&r=g\",\"contentUrl\":\"https:\\\/\\\/secure.gravatar.com\\\/avatar\\\/72ecc30e9db047a2e0e7176561eb9d564ed77c8108376495b19bd8336405198a?s=96&d=mm&r=g\",\"caption\":\"Dpress.ma\"},\"sameAs\":[\"https:\\\/\\\/www.dpress.ma\"],\"url\":\"https:\\\/\\\/dpress.ma\\\/fr\\\/author\\\/dpress-ma\\\/\"}]}<\/script>\n<!-- \/ Yoast SEO plugin. -->","yoast_head_json":{"title":"La convergence politique entre le Chili et le Maroc renforce la solidit\u00e9 de leur partenariat strat\u00e9gique (Kenza El-Ghali) - Dpress.ma\/fr","robots":{"index":"index","follow":"follow","max-snippet":"max-snippet:-1","max-image-preview":"max-image-preview:large","max-video-preview":"max-video-preview:-1"},"canonical":"https:\/\/dpress.ma\/fr\/2025\/08\/02\/la-convergence-politique-entre-le-chili-et-le-maroc-renforce-la-solidite-de-leur-partenariat-strategique-kenza-el-ghali\/","og_locale":"fr_FR","og_type":"article","og_title":"La convergence politique entre le Chili et le Maroc renforce la solidit\u00e9 de leur partenariat strat\u00e9gique (Kenza El-Ghali) - Dpress.ma\/fr","og_description":"Dpress &nbsp;La convergence politique, qui anime les relations entre le Chili et le Maroc, renforce la solidit\u00e9 du partenariat strat\u00e9gique entre Rabat et Santiago, a affirm\u00e9 l\u2019ambassadeur du Royaume au Chili, Mme Kenza El-Ghali. Dans une allocution \u00e0 l\u2019occasion de la c\u00e9l\u00e9bration de la glorieuse F\u00eate du Tr\u00f4ne \u00e0 Santiago, Mme El-Ghali a soulign\u00e9 que &hellip;","og_url":"https:\/\/dpress.ma\/fr\/2025\/08\/02\/la-convergence-politique-entre-le-chili-et-le-maroc-renforce-la-solidite-de-leur-partenariat-strategique-kenza-el-ghali\/","og_site_name":"Dpress.ma\/fr","article_published_time":"2025-08-02T17:05:21+00:00","article_modified_time":"2025-08-02T17:05:22+00:00","og_image":[{"width":780,"height":470,"url":"https:\/\/dpress.ma\/fr\/wp-content\/uploads\/sites\/2\/2025\/08\/maroc-chili.png","type":"image\/png"}],"author":"Dpress.ma","twitter_card":"summary_large_image","twitter_misc":{"\u00c9crit par":"Dpress.ma","Dur\u00e9e de lecture estim\u00e9e":"3 minutes"},"schema":{"@context":"https:\/\/schema.org","@graph":[{"@type":"Article","@id":"https:\/\/dpress.ma\/fr\/2025\/08\/02\/la-convergence-politique-entre-le-chili-et-le-maroc-renforce-la-solidite-de-leur-partenariat-strategique-kenza-el-ghali\/#article","isPartOf":{"@id":"https:\/\/dpress.ma\/fr\/2025\/08\/02\/la-convergence-politique-entre-le-chili-et-le-maroc-renforce-la-solidite-de-leur-partenariat-strategique-kenza-el-ghali\/"},"author":{"name":"Dpress.ma","@id":"https:\/\/dpress.ma\/fr\/#\/schema\/person\/4898febf3ccd59e6578d838656a306a0"},"headline":"La convergence politique entre le Chili et le Maroc renforce la solidit\u00e9 de leur partenariat strat\u00e9gique (Kenza El-Ghali)","datePublished":"2025-08-02T17:05:21+00:00","dateModified":"2025-08-02T17:05:22+00:00","mainEntityOfPage":{"@id":"https:\/\/dpress.ma\/fr\/2025\/08\/02\/la-convergence-politique-entre-le-chili-et-le-maroc-renforce-la-solidite-de-leur-partenariat-strategique-kenza-el-ghali\/"},"wordCount":609,"commentCount":0,"image":{"@id":"https:\/\/dpress.ma\/fr\/2025\/08\/02\/la-convergence-politique-entre-le-chili-et-le-maroc-renforce-la-solidite-de-leur-partenariat-strategique-kenza-el-ghali\/#primaryimage"},"thumbnailUrl":"https:\/\/dpress.ma\/fr\/wp-content\/uploads\/sites\/2\/2025\/08\/maroc-chili.png","articleSection":["Politiques"],"inLanguage":"fr-FR","potentialAction":[{"@type":"CommentAction","name":"Comment","target":["https:\/\/dpress.ma\/fr\/2025\/08\/02\/la-convergence-politique-entre-le-chili-et-le-maroc-renforce-la-solidite-de-leur-partenariat-strategique-kenza-el-ghali\/#respond"]}]},{"@type":"WebPage","@id":"https:\/\/dpress.ma\/fr\/2025\/08\/02\/la-convergence-politique-entre-le-chili-et-le-maroc-renforce-la-solidite-de-leur-partenariat-strategique-kenza-el-ghali\/","url":"https:\/\/dpress.ma\/fr\/2025\/08\/02\/la-convergence-politique-entre-le-chili-et-le-maroc-renforce-la-solidite-de-leur-partenariat-strategique-kenza-el-ghali\/","name":"La convergence politique entre le Chili et le Maroc renforce la solidit\u00e9 de leur partenariat strat\u00e9gique (Kenza El-Ghali) - Dpress.ma\/fr","isPartOf":{"@id":"https:\/\/dpress.ma\/fr\/#website"},"primaryImageOfPage":{"@id":"https:\/\/dpress.ma\/fr\/2025\/08\/02\/la-convergence-politique-entre-le-chili-et-le-maroc-renforce-la-solidite-de-leur-partenariat-strategique-kenza-el-ghali\/#primaryimage"},"image":{"@id":"https:\/\/dpress.ma\/fr\/2025\/08\/02\/la-convergence-politique-entre-le-chili-et-le-maroc-renforce-la-solidite-de-leur-partenariat-strategique-kenza-el-ghali\/#primaryimage"},"thumbnailUrl":"https:\/\/dpress.ma\/fr\/wp-content\/uploads\/sites\/2\/2025\/08\/maroc-chili.png","datePublished":"2025-08-02T17:05:21+00:00","dateModified":"2025-08-02T17:05:22+00:00","author":{"@id":"https:\/\/dpress.ma\/fr\/#\/schema\/person\/4898febf3ccd59e6578d838656a306a0"},"breadcrumb":{"@id":"https:\/\/dpress.ma\/fr\/2025\/08\/02\/la-convergence-politique-entre-le-chili-et-le-maroc-renforce-la-solidite-de-leur-partenariat-strategique-kenza-el-ghali\/#breadcrumb"},"inLanguage":"fr-FR","potentialAction":[{"@type":"ReadAction","target":["https:\/\/dpress.ma\/fr\/2025\/08\/02\/la-convergence-politique-entre-le-chili-et-le-maroc-renforce-la-solidite-de-leur-partenariat-strategique-kenza-el-ghali\/"]}]},{"@type":"ImageObject","inLanguage":"fr-FR","@id":"https:\/\/dpress.ma\/fr\/2025\/08\/02\/la-convergence-politique-entre-le-chili-et-le-maroc-renforce-la-solidite-de-leur-partenariat-strategique-kenza-el-ghali\/#primaryimage","url":"https:\/\/dpress.ma\/fr\/wp-content\/uploads\/sites\/2\/2025\/08\/maroc-chili.png","contentUrl":"https:\/\/dpress.ma\/fr\/wp-content\/uploads\/sites\/2\/2025\/08\/maroc-chili.png","width":780,"height":470},{"@type":"BreadcrumbList","@id":"https:\/\/dpress.ma\/fr\/2025\/08\/02\/la-convergence-politique-entre-le-chili-et-le-maroc-renforce-la-solidite-de-leur-partenariat-strategique-kenza-el-ghali\/#breadcrumb","itemListElement":[{"@type":"ListItem","position":1,"name":"Home","item":"https:\/\/dpress.ma\/fr\/"},{"@type":"ListItem","position":2,"name":"La convergence politique entre le Chili et le Maroc renforce la solidit\u00e9 de leur partenariat strat\u00e9gique (Kenza El-Ghali)"}]},{"@type":"WebSite","@id":"https:\/\/dpress.ma\/fr\/#website","url":"https:\/\/dpress.ma\/fr\/","name":"Dpress.ma\/fr","description":"","potentialAction":[{"@type":"SearchAction","target":{"@type":"EntryPoint","urlTemplate":"https:\/\/dpress.ma\/fr\/?s={search_term_string}"},"query-input":{"@type":"PropertyValueSpecification","valueRequired":true,"valueName":"search_term_string"}}],"inLanguage":"fr-FR"},{"@type":"Person","@id":"https:\/\/dpress.ma\/fr\/#\/schema\/person\/4898febf3ccd59e6578d838656a306a0","name":"Dpress.ma","image":{"@type":"ImageObject","inLanguage":"fr-FR","@id":"https:\/\/secure.gravatar.com\/avatar\/72ecc30e9db047a2e0e7176561eb9d564ed77c8108376495b19bd8336405198a?s=96&d=mm&r=g","url":"https:\/\/secure.gravatar.com\/avatar\/72ecc30e9db047a2e0e7176561eb9d564ed77c8108376495b19bd8336405198a?s=96&d=mm&r=g","contentUrl":"https:\/\/secure.gravatar.com\/avatar\/72ecc30e9db047a2e0e7176561eb9d564ed77c8108376495b19bd8336405198a?s=96&d=mm&r=g","caption":"Dpress.ma"},"sameAs":["https:\/\/www.dpress.ma"],"url":"https:\/\/dpress.ma\/fr\/author\/dpress-ma\/"}]}},"amp_enabled":true,"_links":{"self":[{"href":"https:\/\/dpress.ma\/fr\/wp-json\/wp\/v2\/posts\/15677","targetHints":{"allow":["GET"]}}],"collection":[{"href":"https:\/\/dpress.ma\/fr\/wp-json\/wp\/v2\/posts"}],"about":[{"href":"https:\/\/dpress.ma\/fr\/wp-json\/wp\/v2\/types\/post"}],"author":[{"embeddable":true,"href":"https:\/\/dpress.ma\/fr\/wp-json\/wp\/v2\/users\/2"}],"replies":[{"embeddable":true,"href":"https:\/\/dpress.ma\/fr\/wp-json\/wp\/v2\/comments?post=15677"}],"version-history":[{"count":1,"href":"https:\/\/dpress.ma\/fr\/wp-json\/wp\/v2\/posts\/15677\/revisions"}],"predecessor-version":[{"id":15679,"href":"https:\/\/dpress.ma\/fr\/wp-json\/wp\/v2\/posts\/15677\/revisions\/15679"}],"wp:featuredmedia":[{"embeddable":true,"href":"https:\/\/dpress.ma\/fr\/wp-json\/wp\/v2\/media\/15678"}],"wp:attachment":[{"href":"https:\/\/dpress.ma\/fr\/wp-json\/wp\/v2\/media?parent=15677"}],"wp:term":[{"taxonomy":"category","embeddable":true,"href":"https:\/\/dpress.ma\/fr\/wp-json\/wp\/v2\/categories?post=15677"},{"taxonomy":"post_tag","embeddable":true,"href":"https:\/\/dpress.ma\/fr\/wp-json\/wp\/v2\/tags?post=15677"}],"curies":[{"name":"wp","href":"https:\/\/api.w.org\/{rel}","templated":true}]}}