{"id":15675,"date":"2025-08-02T17:01:25","date_gmt":"2025-08-02T17:01:25","guid":{"rendered":"https:\/\/dpress.ma\/fr\/?p=15675"},"modified":"2025-08-02T17:01:29","modified_gmt":"2025-08-02T17:01:29","slug":"sm-le-roi-recoit-un-message-de-felicitations-du-president-de-la-republique-du-tchad-a-loccasion-de-la-fete-du-trone","status":"publish","type":"post","link":"https:\/\/dpress.ma\/fr\/2025\/08\/02\/sm-le-roi-recoit-un-message-de-felicitations-du-president-de-la-republique-du-tchad-a-loccasion-de-la-fete-du-trone\/","title":{"rendered":"SM le Roi re\u00e7oit un message de f\u00e9licitations du Pr\u00e9sident de la R\u00e9publique du Tchad \u00e0 l\u2019occasion de la F\u00eate du Tr\u00f4ne"},"content":{"rendered":"\n<p>Dpress<\/p>\n\n\n\n<p>&nbsp;Sa Majest\u00e9 le Roi Mohammed VI a re\u00e7u un message de f\u00e9licitations du Pr\u00e9sident de la R\u00e9publique du Tchad, le Mar\u00e9chal Mahamat Idriss Deby Itno, \u00e0 l\u2019occasion de la F\u00eate du Tr\u00f4ne.<\/p>\n\n\n\n<p>Dans ce message, M. Mahamat Idriss Deby Itno exprime, en son nom et en celui du peuple et du gouvernement tchadiens, ses vives f\u00e9licitations et ses sinc\u00e8res v\u0153ux de sant\u00e9 et de bonheur \u00e0 Sa Majest\u00e9 le Roi, et de progr\u00e8s au peuple marocain fr\u00e8re.<\/p>\n\n\n\n<p>Le pr\u00e9sident tchadien saisit cette occasion pour saluer la qualit\u00e9 et le dynamisme des relations privil\u00e9gi\u00e9es d\u2019amiti\u00e9 et de coop\u00e9ration qui existent entre les deux pays, r\u00e9it\u00e9rant son engagement en faveur du renforcement et du raffermissement de ces liens dans l\u2019int\u00e9r\u00eat commun des deux peuples marocain et tchadien.<\/p>\n","protected":false},"excerpt":{"rendered":"<p>Dpress &nbsp;Sa Majest\u00e9 le Roi Mohammed VI a re\u00e7u un message de f\u00e9licitations du Pr\u00e9sident de la R\u00e9publique du Tchad, le Mar\u00e9chal Mahamat Idriss Deby Itno, \u00e0 l\u2019occasion de la F\u00eate du Tr\u00f4ne. Dans ce message, M. Mahamat Idriss Deby Itno exprime, en son nom et en celui du peuple et du gouvernement tchadiens, ses &hellip;<\/p>\n","protected":false},"author":2,"featured_media":1370,"comment_status":"open","ping_status":"open","sticky":false,"template":"","format":"standard","meta":{"footnotes":""},"categories":[29],"tags":[],"class_list":["post-15675","post","type-post","status-publish","format-standard","has-post-thumbnail","hentry","category-activites-royales"],"yoast_head":"<!-- This site is optimized with the Yoast SEO plugin v27.5 - https:\/\/yoast.com\/product\/yoast-seo-wordpress\/ -->\n<title>SM le Roi re\u00e7oit un message de f\u00e9licitations du Pr\u00e9sident de la R\u00e9publique du Tchad \u00e0 l\u2019occasion de la F\u00eate du Tr\u00f4ne - Dpress.ma\/fr<\/title>\n<meta name=\"robots\" content=\"index, follow, max-snippet:-1, max-image-preview:large, max-video-preview:-1\" \/>\n<link rel=\"canonical\" href=\"https:\/\/dpress.ma\/fr\/2025\/08\/02\/sm-le-roi-recoit-un-message-de-felicitations-du-president-de-la-republique-du-tchad-a-loccasion-de-la-fete-du-trone\/\" \/>\n<meta property=\"og:locale\" content=\"fr_FR\" \/>\n<meta property=\"og:type\" content=\"article\" \/>\n<meta property=\"og:title\" content=\"SM le Roi re\u00e7oit un message de f\u00e9licitations du Pr\u00e9sident de la R\u00e9publique du Tchad \u00e0 l\u2019occasion de la F\u00eate du Tr\u00f4ne - Dpress.ma\/fr\" \/>\n<meta property=\"og:description\" content=\"Dpress &nbsp;Sa Majest\u00e9 le Roi Mohammed VI a re\u00e7u un message de f\u00e9licitations du Pr\u00e9sident de la R\u00e9publique du Tchad, le Mar\u00e9chal Mahamat Idriss Deby Itno, \u00e0 l\u2019occasion de la F\u00eate du Tr\u00f4ne. Dans ce message, M. Mahamat Idriss Deby Itno exprime, en son nom et en celui du peuple et du gouvernement tchadiens, ses &hellip;\" \/>\n<meta property=\"og:url\" content=\"https:\/\/dpress.ma\/fr\/2025\/08\/02\/sm-le-roi-recoit-un-message-de-felicitations-du-president-de-la-republique-du-tchad-a-loccasion-de-la-fete-du-trone\/\" \/>\n<meta property=\"og:site_name\" content=\"Dpress.ma\/fr\" \/>\n<meta property=\"article:published_time\" content=\"2025-08-02T17:01:25+00:00\" \/>\n<meta property=\"article:modified_time\" content=\"2025-08-02T17:01:29+00:00\" \/>\n<meta property=\"og:image\" content=\"https:\/\/dpress.ma\/fr\/wp-content\/uploads\/sites\/2\/2022\/04\/roi-1-fr.jpg\" \/>\n\t<meta property=\"og:image:width\" content=\"2539\" \/>\n\t<meta property=\"og:image:height\" content=\"1594\" \/>\n\t<meta property=\"og:image:type\" content=\"image\/jpeg\" \/>\n<meta name=\"author\" content=\"Dpress.ma\" \/>\n<meta name=\"twitter:card\" content=\"summary_large_image\" \/>\n<meta name=\"twitter:label1\" content=\"\u00c9crit par\" \/>\n\t<meta name=\"twitter:data1\" content=\"Dpress.ma\" \/>\n\t<meta name=\"twitter:label2\" content=\"Dur\u00e9e de lecture estim\u00e9e\" \/>\n\t<meta name=\"twitter:data2\" content=\"1 minute\" \/>\n<script type=\"application\/ld+json\" class=\"yoast-schema-graph\">{\"@context\":\"https:\\\/\\\/schema.org\",\"@graph\":[{\"@type\":\"Article\",\"@id\":\"https:\\\/\\\/dpress.ma\\\/fr\\\/2025\\\/08\\\/02\\\/sm-le-roi-recoit-un-message-de-felicitations-du-president-de-la-republique-du-tchad-a-loccasion-de-la-fete-du-trone\\\/#article\",\"isPartOf\":{\"@id\":\"https:\\\/\\\/dpress.ma\\\/fr\\\/2025\\\/08\\\/02\\\/sm-le-roi-recoit-un-message-de-felicitations-du-president-de-la-republique-du-tchad-a-loccasion-de-la-fete-du-trone\\\/\"},\"author\":{\"name\":\"Dpress.ma\",\"@id\":\"https:\\\/\\\/dpress.ma\\\/fr\\\/#\\\/schema\\\/person\\\/4898febf3ccd59e6578d838656a306a0\"},\"headline\":\"SM le Roi re\u00e7oit un message de f\u00e9licitations du Pr\u00e9sident de la R\u00e9publique du Tchad \u00e0 l\u2019occasion de la F\u00eate du Tr\u00f4ne\",\"datePublished\":\"2025-08-02T17:01:25+00:00\",\"dateModified\":\"2025-08-02T17:01:29+00:00\",\"mainEntityOfPage\":{\"@id\":\"https:\\\/\\\/dpress.ma\\\/fr\\\/2025\\\/08\\\/02\\\/sm-le-roi-recoit-un-message-de-felicitations-du-president-de-la-republique-du-tchad-a-loccasion-de-la-fete-du-trone\\\/\"},\"wordCount\":176,\"commentCount\":0,\"image\":{\"@id\":\"https:\\\/\\\/dpress.ma\\\/fr\\\/2025\\\/08\\\/02\\\/sm-le-roi-recoit-un-message-de-felicitations-du-president-de-la-republique-du-tchad-a-loccasion-de-la-fete-du-trone\\\/#primaryimage\"},\"thumbnailUrl\":\"https:\\\/\\\/dpress.ma\\\/fr\\\/wp-content\\\/uploads\\\/sites\\\/2\\\/2022\\\/04\\\/roi-1-fr.jpg\",\"articleSection\":[\"Activit\u00e9s Royales\"],\"inLanguage\":\"fr-FR\",\"potentialAction\":[{\"@type\":\"CommentAction\",\"name\":\"Comment\",\"target\":[\"https:\\\/\\\/dpress.ma\\\/fr\\\/2025\\\/08\\\/02\\\/sm-le-roi-recoit-un-message-de-felicitations-du-president-de-la-republique-du-tchad-a-loccasion-de-la-fete-du-trone\\\/#respond\"]}]},{\"@type\":\"WebPage\",\"@id\":\"https:\\\/\\\/dpress.ma\\\/fr\\\/2025\\\/08\\\/02\\\/sm-le-roi-recoit-un-message-de-felicitations-du-president-de-la-republique-du-tchad-a-loccasion-de-la-fete-du-trone\\\/\",\"url\":\"https:\\\/\\\/dpress.ma\\\/fr\\\/2025\\\/08\\\/02\\\/sm-le-roi-recoit-un-message-de-felicitations-du-president-de-la-republique-du-tchad-a-loccasion-de-la-fete-du-trone\\\/\",\"name\":\"SM le Roi re\u00e7oit un message de f\u00e9licitations du Pr\u00e9sident de la R\u00e9publique du Tchad \u00e0 l\u2019occasion de la F\u00eate du Tr\u00f4ne - Dpress.ma\\\/fr\",\"isPartOf\":{\"@id\":\"https:\\\/\\\/dpress.ma\\\/fr\\\/#website\"},\"primaryImageOfPage\":{\"@id\":\"https:\\\/\\\/dpress.ma\\\/fr\\\/2025\\\/08\\\/02\\\/sm-le-roi-recoit-un-message-de-felicitations-du-president-de-la-republique-du-tchad-a-loccasion-de-la-fete-du-trone\\\/#primaryimage\"},\"image\":{\"@id\":\"https:\\\/\\\/dpress.ma\\\/fr\\\/2025\\\/08\\\/02\\\/sm-le-roi-recoit-un-message-de-felicitations-du-president-de-la-republique-du-tchad-a-loccasion-de-la-fete-du-trone\\\/#primaryimage\"},\"thumbnailUrl\":\"https:\\\/\\\/dpress.ma\\\/fr\\\/wp-content\\\/uploads\\\/sites\\\/2\\\/2022\\\/04\\\/roi-1-fr.jpg\",\"datePublished\":\"2025-08-02T17:01:25+00:00\",\"dateModified\":\"2025-08-02T17:01:29+00:00\",\"author\":{\"@id\":\"https:\\\/\\\/dpress.ma\\\/fr\\\/#\\\/schema\\\/person\\\/4898febf3ccd59e6578d838656a306a0\"},\"breadcrumb\":{\"@id\":\"https:\\\/\\\/dpress.ma\\\/fr\\\/2025\\\/08\\\/02\\\/sm-le-roi-recoit-un-message-de-felicitations-du-president-de-la-republique-du-tchad-a-loccasion-de-la-fete-du-trone\\\/#breadcrumb\"},\"inLanguage\":\"fr-FR\",\"potentialAction\":[{\"@type\":\"ReadAction\",\"target\":[\"https:\\\/\\\/dpress.ma\\\/fr\\\/2025\\\/08\\\/02\\\/sm-le-roi-recoit-un-message-de-felicitations-du-president-de-la-republique-du-tchad-a-loccasion-de-la-fete-du-trone\\\/\"]}]},{\"@type\":\"ImageObject\",\"inLanguage\":\"fr-FR\",\"@id\":\"https:\\\/\\\/dpress.ma\\\/fr\\\/2025\\\/08\\\/02\\\/sm-le-roi-recoit-un-message-de-felicitations-du-president-de-la-republique-du-tchad-a-loccasion-de-la-fete-du-trone\\\/#primaryimage\",\"url\":\"https:\\\/\\\/dpress.ma\\\/fr\\\/wp-content\\\/uploads\\\/sites\\\/2\\\/2022\\\/04\\\/roi-1-fr.jpg\",\"contentUrl\":\"https:\\\/\\\/dpress.ma\\\/fr\\\/wp-content\\\/uploads\\\/sites\\\/2\\\/2022\\\/04\\\/roi-1-fr.jpg\",\"width\":2539,\"height\":1594},{\"@type\":\"BreadcrumbList\",\"@id\":\"https:\\\/\\\/dpress.ma\\\/fr\\\/2025\\\/08\\\/02\\\/sm-le-roi-recoit-un-message-de-felicitations-du-president-de-la-republique-du-tchad-a-loccasion-de-la-fete-du-trone\\\/#breadcrumb\",\"itemListElement\":[{\"@type\":\"ListItem\",\"position\":1,\"name\":\"Home\",\"item\":\"https:\\\/\\\/dpress.ma\\\/fr\\\/\"},{\"@type\":\"ListItem\",\"position\":2,\"name\":\"SM le Roi re\u00e7oit un message de f\u00e9licitations du Pr\u00e9sident de la R\u00e9publique du Tchad \u00e0 l\u2019occasion de la F\u00eate du Tr\u00f4ne\"}]},{\"@type\":\"WebSite\",\"@id\":\"https:\\\/\\\/dpress.ma\\\/fr\\\/#website\",\"url\":\"https:\\\/\\\/dpress.ma\\\/fr\\\/\",\"name\":\"Dpress.ma\\\/fr\",\"description\":\"\",\"potentialAction\":[{\"@type\":\"SearchAction\",\"target\":{\"@type\":\"EntryPoint\",\"urlTemplate\":\"https:\\\/\\\/dpress.ma\\\/fr\\\/?s={search_term_string}\"},\"query-input\":{\"@type\":\"PropertyValueSpecification\",\"valueRequired\":true,\"valueName\":\"search_term_string\"}}],\"inLanguage\":\"fr-FR\"},{\"@type\":\"Person\",\"@id\":\"https:\\\/\\\/dpress.ma\\\/fr\\\/#\\\/schema\\\/person\\\/4898febf3ccd59e6578d838656a306a0\",\"name\":\"Dpress.ma\",\"image\":{\"@type\":\"ImageObject\",\"inLanguage\":\"fr-FR\",\"@id\":\"https:\\\/\\\/secure.gravatar.com\\\/avatar\\\/72ecc30e9db047a2e0e7176561eb9d564ed77c8108376495b19bd8336405198a?s=96&d=mm&r=g\",\"url\":\"https:\\\/\\\/secure.gravatar.com\\\/avatar\\\/72ecc30e9db047a2e0e7176561eb9d564ed77c8108376495b19bd8336405198a?s=96&d=mm&r=g\",\"contentUrl\":\"https:\\\/\\\/secure.gravatar.com\\\/avatar\\\/72ecc30e9db047a2e0e7176561eb9d564ed77c8108376495b19bd8336405198a?s=96&d=mm&r=g\",\"caption\":\"Dpress.ma\"},\"sameAs\":[\"https:\\\/\\\/www.dpress.ma\"],\"url\":\"https:\\\/\\\/dpress.ma\\\/fr\\\/author\\\/dpress-ma\\\/\"}]}<\/script>\n<!-- \/ Yoast SEO plugin. -->","yoast_head_json":{"title":"SM le Roi re\u00e7oit un message de f\u00e9licitations du Pr\u00e9sident de la R\u00e9publique du Tchad \u00e0 l\u2019occasion de la F\u00eate du Tr\u00f4ne - Dpress.ma\/fr","robots":{"index":"index","follow":"follow","max-snippet":"max-snippet:-1","max-image-preview":"max-image-preview:large","max-video-preview":"max-video-preview:-1"},"canonical":"https:\/\/dpress.ma\/fr\/2025\/08\/02\/sm-le-roi-recoit-un-message-de-felicitations-du-president-de-la-republique-du-tchad-a-loccasion-de-la-fete-du-trone\/","og_locale":"fr_FR","og_type":"article","og_title":"SM le Roi re\u00e7oit un message de f\u00e9licitations du Pr\u00e9sident de la R\u00e9publique du Tchad \u00e0 l\u2019occasion de la F\u00eate du Tr\u00f4ne - Dpress.ma\/fr","og_description":"Dpress &nbsp;Sa Majest\u00e9 le Roi Mohammed VI a re\u00e7u un message de f\u00e9licitations du Pr\u00e9sident de la R\u00e9publique du Tchad, le Mar\u00e9chal Mahamat Idriss Deby Itno, \u00e0 l\u2019occasion de la F\u00eate du Tr\u00f4ne. Dans ce message, M. Mahamat Idriss Deby Itno exprime, en son nom et en celui du peuple et du gouvernement tchadiens, ses &hellip;","og_url":"https:\/\/dpress.ma\/fr\/2025\/08\/02\/sm-le-roi-recoit-un-message-de-felicitations-du-president-de-la-republique-du-tchad-a-loccasion-de-la-fete-du-trone\/","og_site_name":"Dpress.ma\/fr","article_published_time":"2025-08-02T17:01:25+00:00","article_modified_time":"2025-08-02T17:01:29+00:00","og_image":[{"width":2539,"height":1594,"url":"https:\/\/dpress.ma\/fr\/wp-content\/uploads\/sites\/2\/2022\/04\/roi-1-fr.jpg","type":"image\/jpeg"}],"author":"Dpress.ma","twitter_card":"summary_large_image","twitter_misc":{"\u00c9crit par":"Dpress.ma","Dur\u00e9e de lecture estim\u00e9e":"1 minute"},"schema":{"@context":"https:\/\/schema.org","@graph":[{"@type":"Article","@id":"https:\/\/dpress.ma\/fr\/2025\/08\/02\/sm-le-roi-recoit-un-message-de-felicitations-du-president-de-la-republique-du-tchad-a-loccasion-de-la-fete-du-trone\/#article","isPartOf":{"@id":"https:\/\/dpress.ma\/fr\/2025\/08\/02\/sm-le-roi-recoit-un-message-de-felicitations-du-president-de-la-republique-du-tchad-a-loccasion-de-la-fete-du-trone\/"},"author":{"name":"Dpress.ma","@id":"https:\/\/dpress.ma\/fr\/#\/schema\/person\/4898febf3ccd59e6578d838656a306a0"},"headline":"SM le Roi re\u00e7oit un message de f\u00e9licitations du Pr\u00e9sident de la R\u00e9publique du Tchad \u00e0 l\u2019occasion de la F\u00eate du Tr\u00f4ne","datePublished":"2025-08-02T17:01:25+00:00","dateModified":"2025-08-02T17:01:29+00:00","mainEntityOfPage":{"@id":"https:\/\/dpress.ma\/fr\/2025\/08\/02\/sm-le-roi-recoit-un-message-de-felicitations-du-president-de-la-republique-du-tchad-a-loccasion-de-la-fete-du-trone\/"},"wordCount":176,"commentCount":0,"image":{"@id":"https:\/\/dpress.ma\/fr\/2025\/08\/02\/sm-le-roi-recoit-un-message-de-felicitations-du-president-de-la-republique-du-tchad-a-loccasion-de-la-fete-du-trone\/#primaryimage"},"thumbnailUrl":"https:\/\/dpress.ma\/fr\/wp-content\/uploads\/sites\/2\/2022\/04\/roi-1-fr.jpg","articleSection":["Activit\u00e9s Royales"],"inLanguage":"fr-FR","potentialAction":[{"@type":"CommentAction","name":"Comment","target":["https:\/\/dpress.ma\/fr\/2025\/08\/02\/sm-le-roi-recoit-un-message-de-felicitations-du-president-de-la-republique-du-tchad-a-loccasion-de-la-fete-du-trone\/#respond"]}]},{"@type":"WebPage","@id":"https:\/\/dpress.ma\/fr\/2025\/08\/02\/sm-le-roi-recoit-un-message-de-felicitations-du-president-de-la-republique-du-tchad-a-loccasion-de-la-fete-du-trone\/","url":"https:\/\/dpress.ma\/fr\/2025\/08\/02\/sm-le-roi-recoit-un-message-de-felicitations-du-president-de-la-republique-du-tchad-a-loccasion-de-la-fete-du-trone\/","name":"SM le Roi re\u00e7oit un message de f\u00e9licitations du Pr\u00e9sident de la R\u00e9publique du Tchad \u00e0 l\u2019occasion de la F\u00eate du Tr\u00f4ne - Dpress.ma\/fr","isPartOf":{"@id":"https:\/\/dpress.ma\/fr\/#website"},"primaryImageOfPage":{"@id":"https:\/\/dpress.ma\/fr\/2025\/08\/02\/sm-le-roi-recoit-un-message-de-felicitations-du-president-de-la-republique-du-tchad-a-loccasion-de-la-fete-du-trone\/#primaryimage"},"image":{"@id":"https:\/\/dpress.ma\/fr\/2025\/08\/02\/sm-le-roi-recoit-un-message-de-felicitations-du-president-de-la-republique-du-tchad-a-loccasion-de-la-fete-du-trone\/#primaryimage"},"thumbnailUrl":"https:\/\/dpress.ma\/fr\/wp-content\/uploads\/sites\/2\/2022\/04\/roi-1-fr.jpg","datePublished":"2025-08-02T17:01:25+00:00","dateModified":"2025-08-02T17:01:29+00:00","author":{"@id":"https:\/\/dpress.ma\/fr\/#\/schema\/person\/4898febf3ccd59e6578d838656a306a0"},"breadcrumb":{"@id":"https:\/\/dpress.ma\/fr\/2025\/08\/02\/sm-le-roi-recoit-un-message-de-felicitations-du-president-de-la-republique-du-tchad-a-loccasion-de-la-fete-du-trone\/#breadcrumb"},"inLanguage":"fr-FR","potentialAction":[{"@type":"ReadAction","target":["https:\/\/dpress.ma\/fr\/2025\/08\/02\/sm-le-roi-recoit-un-message-de-felicitations-du-president-de-la-republique-du-tchad-a-loccasion-de-la-fete-du-trone\/"]}]},{"@type":"ImageObject","inLanguage":"fr-FR","@id":"https:\/\/dpress.ma\/fr\/2025\/08\/02\/sm-le-roi-recoit-un-message-de-felicitations-du-president-de-la-republique-du-tchad-a-loccasion-de-la-fete-du-trone\/#primaryimage","url":"https:\/\/dpress.ma\/fr\/wp-content\/uploads\/sites\/2\/2022\/04\/roi-1-fr.jpg","contentUrl":"https:\/\/dpress.ma\/fr\/wp-content\/uploads\/sites\/2\/2022\/04\/roi-1-fr.jpg","width":2539,"height":1594},{"@type":"BreadcrumbList","@id":"https:\/\/dpress.ma\/fr\/2025\/08\/02\/sm-le-roi-recoit-un-message-de-felicitations-du-president-de-la-republique-du-tchad-a-loccasion-de-la-fete-du-trone\/#breadcrumb","itemListElement":[{"@type":"ListItem","position":1,"name":"Home","item":"https:\/\/dpress.ma\/fr\/"},{"@type":"ListItem","position":2,"name":"SM le Roi re\u00e7oit un message de f\u00e9licitations du Pr\u00e9sident de la R\u00e9publique du Tchad \u00e0 l\u2019occasion de la F\u00eate du Tr\u00f4ne"}]},{"@type":"WebSite","@id":"https:\/\/dpress.ma\/fr\/#website","url":"https:\/\/dpress.ma\/fr\/","name":"Dpress.ma\/fr","description":"","potentialAction":[{"@type":"SearchAction","target":{"@type":"EntryPoint","urlTemplate":"https:\/\/dpress.ma\/fr\/?s={search_term_string}"},"query-input":{"@type":"PropertyValueSpecification","valueRequired":true,"valueName":"search_term_string"}}],"inLanguage":"fr-FR"},{"@type":"Person","@id":"https:\/\/dpress.ma\/fr\/#\/schema\/person\/4898febf3ccd59e6578d838656a306a0","name":"Dpress.ma","image":{"@type":"ImageObject","inLanguage":"fr-FR","@id":"https:\/\/secure.gravatar.com\/avatar\/72ecc30e9db047a2e0e7176561eb9d564ed77c8108376495b19bd8336405198a?s=96&d=mm&r=g","url":"https:\/\/secure.gravatar.com\/avatar\/72ecc30e9db047a2e0e7176561eb9d564ed77c8108376495b19bd8336405198a?s=96&d=mm&r=g","contentUrl":"https:\/\/secure.gravatar.com\/avatar\/72ecc30e9db047a2e0e7176561eb9d564ed77c8108376495b19bd8336405198a?s=96&d=mm&r=g","caption":"Dpress.ma"},"sameAs":["https:\/\/www.dpress.ma"],"url":"https:\/\/dpress.ma\/fr\/author\/dpress-ma\/"}]}},"amp_enabled":true,"_links":{"self":[{"href":"https:\/\/dpress.ma\/fr\/wp-json\/wp\/v2\/posts\/15675","targetHints":{"allow":["GET"]}}],"collection":[{"href":"https:\/\/dpress.ma\/fr\/wp-json\/wp\/v2\/posts"}],"about":[{"href":"https:\/\/dpress.ma\/fr\/wp-json\/wp\/v2\/types\/post"}],"author":[{"embeddable":true,"href":"https:\/\/dpress.ma\/fr\/wp-json\/wp\/v2\/users\/2"}],"replies":[{"embeddable":true,"href":"https:\/\/dpress.ma\/fr\/wp-json\/wp\/v2\/comments?post=15675"}],"version-history":[{"count":1,"href":"https:\/\/dpress.ma\/fr\/wp-json\/wp\/v2\/posts\/15675\/revisions"}],"predecessor-version":[{"id":15676,"href":"https:\/\/dpress.ma\/fr\/wp-json\/wp\/v2\/posts\/15675\/revisions\/15676"}],"wp:featuredmedia":[{"embeddable":true,"href":"https:\/\/dpress.ma\/fr\/wp-json\/wp\/v2\/media\/1370"}],"wp:attachment":[{"href":"https:\/\/dpress.ma\/fr\/wp-json\/wp\/v2\/media?parent=15675"}],"wp:term":[{"taxonomy":"category","embeddable":true,"href":"https:\/\/dpress.ma\/fr\/wp-json\/wp\/v2\/categories?post=15675"},{"taxonomy":"post_tag","embeddable":true,"href":"https:\/\/dpress.ma\/fr\/wp-json\/wp\/v2\/tags?post=15675"}],"curies":[{"name":"wp","href":"https:\/\/api.w.org\/{rel}","templated":true}]}}