{"id":1563,"date":"2022-05-09T09:10:19","date_gmt":"2022-05-09T09:10:19","guid":{"rendered":"https:\/\/dpress.ma\/fr\/?p=1563"},"modified":"2022-05-09T10:44:24","modified_gmt":"2022-05-09T10:44:24","slug":"m-akhannouch-represente-sm-le-roi-a-la-ceremonie-dinvestiture-du-nouveau-president-du-costa-rica","status":"publish","type":"post","link":"https:\/\/dpress.ma\/fr\/2022\/05\/09\/m-akhannouch-represente-sm-le-roi-a-la-ceremonie-dinvestiture-du-nouveau-president-du-costa-rica\/","title":{"rendered":"M. Akhannouch repr\u00e9sente SM le Roi \u00e0 la c\u00e9r\u00e9monie d\u2019investiture du nouveau pr\u00e9sident du Costa Rica"},"content":{"rendered":"\n<p>Dpress<\/p>\n\n\n\n<p>Le Chef du gouvernement, Aziz Akhannouch, a repr\u00e9sent\u00e9, dimanche \u00e0 San Jos\u00e9, Sa Majest\u00e9 le Roi Mohammed VI, \u00e0 la c\u00e9r\u00e9monie d\u2019investiture du nouveau pr\u00e9sident de la R\u00e9publique du Costa Rica, Rodrigo Chaves.<\/p>\n\n\n\n<p>SM le Roi avait adress\u00e9 un message de f\u00e9licitations \u00e0 M. Chaves, suite \u00e0 son \u00e9lection en tant que pr\u00e9sident de la R\u00e9publique du Costa Rica. Dans ce message, le Souverain a exprim\u00e9 \u00e0 M. Chaves Ses chaleureuses f\u00e9licitations et Ses sinc\u00e8res v\u0153ux de plein succ\u00e8s dans l\u2019exercice de ses hautes fonctions pour la r\u00e9alisation de davantage de progr\u00e8s et de prosp\u00e9rit\u00e9 au peuple du Costa Rica ami.<\/p>\n\n\n\n<p>Ancien cadre de la Banque mondiale, M. Chaves, du Parti du progr\u00e8s social-d\u00e9mocrate, a \u00e9t\u00e9 \u00e9lu pr\u00e9sident de ce pays d\u2019Am\u00e9rique centrale lors des \u00e9lections du 4 avril dernier, pour un mandat de quatre ans, apr\u00e8s avoir remport\u00e9 52,9% de voix contre 47,1% pour son rival, l\u2019ancien pr\u00e9sident Jos\u00e9 Maria Figueres.<\/p>\n","protected":false},"excerpt":{"rendered":"<p>Dpress Le Chef du gouvernement, Aziz Akhannouch, a repr\u00e9sent\u00e9, dimanche \u00e0 San Jos\u00e9, Sa Majest\u00e9 le Roi Mohammed VI, \u00e0 la c\u00e9r\u00e9monie d\u2019investiture du nouveau pr\u00e9sident de la R\u00e9publique du Costa Rica, Rodrigo Chaves. SM le Roi avait adress\u00e9 un message de f\u00e9licitations \u00e0 M. Chaves, suite \u00e0 son \u00e9lection en tant que pr\u00e9sident de &hellip;<\/p>\n","protected":false},"author":2,"featured_media":1576,"comment_status":"closed","ping_status":"open","sticky":false,"template":"","format":"standard","meta":{"footnotes":""},"categories":[33],"tags":[],"class_list":["post-1563","post","type-post","status-publish","format-standard","has-post-thumbnail","hentry","category-diplomatie-parallele"],"yoast_head":"<!-- This site is optimized with the Yoast SEO plugin v27.5 - https:\/\/yoast.com\/product\/yoast-seo-wordpress\/ -->\n<title>M. Akhannouch repr\u00e9sente SM le Roi \u00e0 la c\u00e9r\u00e9monie d\u2019investiture du nouveau pr\u00e9sident du Costa Rica - Dpress.ma\/fr<\/title>\n<meta name=\"description\" content=\"Le Chef du gouvernement, Aziz Akhannouch, a repr\u00e9sent\u00e9, dimanche \u00e0 San Jos\u00e9, Sa Majest\u00e9 le Roi Mohammed VI, \u00e0 la c\u00e9r\u00e9monie...\" \/>\n<meta name=\"robots\" content=\"index, follow, max-snippet:-1, max-image-preview:large, max-video-preview:-1\" \/>\n<link rel=\"canonical\" href=\"https:\/\/dpress.ma\/fr\/2022\/05\/09\/m-akhannouch-represente-sm-le-roi-a-la-ceremonie-dinvestiture-du-nouveau-president-du-costa-rica\/\" \/>\n<meta property=\"og:locale\" content=\"fr_FR\" \/>\n<meta property=\"og:type\" content=\"article\" \/>\n<meta property=\"og:title\" content=\"M. Akhannouch repr\u00e9sente SM le Roi \u00e0 la c\u00e9r\u00e9monie d\u2019investiture du nouveau pr\u00e9sident du Costa Rica - Dpress.ma\/fr\" \/>\n<meta property=\"og:description\" content=\"Le Chef du gouvernement, Aziz Akhannouch, a repr\u00e9sent\u00e9, dimanche \u00e0 San Jos\u00e9, Sa Majest\u00e9 le Roi Mohammed VI, \u00e0 la c\u00e9r\u00e9monie...\" \/>\n<meta property=\"og:url\" content=\"https:\/\/dpress.ma\/fr\/2022\/05\/09\/m-akhannouch-represente-sm-le-roi-a-la-ceremonie-dinvestiture-du-nouveau-president-du-costa-rica\/\" \/>\n<meta property=\"og:site_name\" content=\"Dpress.ma\/fr\" \/>\n<meta property=\"article:published_time\" content=\"2022-05-09T09:10:19+00:00\" \/>\n<meta property=\"article:modified_time\" content=\"2022-05-09T10:44:24+00:00\" \/>\n<meta property=\"og:image\" content=\"https:\/\/dpress.ma\/fr\/wp-content\/uploads\/sites\/2\/2022\/05\/akhennouch-fr-2.jpg\" \/>\n\t<meta property=\"og:image:width\" content=\"2539\" \/>\n\t<meta property=\"og:image:height\" content=\"1594\" \/>\n\t<meta property=\"og:image:type\" content=\"image\/jpeg\" \/>\n<meta name=\"author\" content=\"Dpress.ma\" \/>\n<meta name=\"twitter:card\" content=\"summary_large_image\" \/>\n<meta name=\"twitter:label1\" content=\"\u00c9crit par\" \/>\n\t<meta name=\"twitter:data1\" content=\"Dpress.ma\" \/>\n\t<meta name=\"twitter:label2\" content=\"Dur\u00e9e de lecture estim\u00e9e\" \/>\n\t<meta name=\"twitter:data2\" content=\"1 minute\" \/>\n<script type=\"application\/ld+json\" class=\"yoast-schema-graph\">{\"@context\":\"https:\\\/\\\/schema.org\",\"@graph\":[{\"@type\":\"Article\",\"@id\":\"https:\\\/\\\/dpress.ma\\\/fr\\\/2022\\\/05\\\/09\\\/m-akhannouch-represente-sm-le-roi-a-la-ceremonie-dinvestiture-du-nouveau-president-du-costa-rica\\\/#article\",\"isPartOf\":{\"@id\":\"https:\\\/\\\/dpress.ma\\\/fr\\\/2022\\\/05\\\/09\\\/m-akhannouch-represente-sm-le-roi-a-la-ceremonie-dinvestiture-du-nouveau-president-du-costa-rica\\\/\"},\"author\":{\"name\":\"Dpress.ma\",\"@id\":\"https:\\\/\\\/dpress.ma\\\/fr\\\/#\\\/schema\\\/person\\\/4898febf3ccd59e6578d838656a306a0\"},\"headline\":\"M. Akhannouch repr\u00e9sente SM le Roi \u00e0 la c\u00e9r\u00e9monie d\u2019investiture du nouveau pr\u00e9sident du Costa Rica\",\"datePublished\":\"2022-05-09T09:10:19+00:00\",\"dateModified\":\"2022-05-09T10:44:24+00:00\",\"mainEntityOfPage\":{\"@id\":\"https:\\\/\\\/dpress.ma\\\/fr\\\/2022\\\/05\\\/09\\\/m-akhannouch-represente-sm-le-roi-a-la-ceremonie-dinvestiture-du-nouveau-president-du-costa-rica\\\/\"},\"wordCount\":190,\"image\":{\"@id\":\"https:\\\/\\\/dpress.ma\\\/fr\\\/2022\\\/05\\\/09\\\/m-akhannouch-represente-sm-le-roi-a-la-ceremonie-dinvestiture-du-nouveau-president-du-costa-rica\\\/#primaryimage\"},\"thumbnailUrl\":\"https:\\\/\\\/dpress.ma\\\/fr\\\/wp-content\\\/uploads\\\/sites\\\/2\\\/2022\\\/05\\\/akhennouch-fr-2.jpg\",\"articleSection\":[\"Diplomatie Parall\u00e8le\"],\"inLanguage\":\"fr-FR\"},{\"@type\":\"WebPage\",\"@id\":\"https:\\\/\\\/dpress.ma\\\/fr\\\/2022\\\/05\\\/09\\\/m-akhannouch-represente-sm-le-roi-a-la-ceremonie-dinvestiture-du-nouveau-president-du-costa-rica\\\/\",\"url\":\"https:\\\/\\\/dpress.ma\\\/fr\\\/2022\\\/05\\\/09\\\/m-akhannouch-represente-sm-le-roi-a-la-ceremonie-dinvestiture-du-nouveau-president-du-costa-rica\\\/\",\"name\":\"M. Akhannouch repr\u00e9sente SM le Roi \u00e0 la c\u00e9r\u00e9monie d\u2019investiture du nouveau pr\u00e9sident du Costa Rica - Dpress.ma\\\/fr\",\"isPartOf\":{\"@id\":\"https:\\\/\\\/dpress.ma\\\/fr\\\/#website\"},\"primaryImageOfPage\":{\"@id\":\"https:\\\/\\\/dpress.ma\\\/fr\\\/2022\\\/05\\\/09\\\/m-akhannouch-represente-sm-le-roi-a-la-ceremonie-dinvestiture-du-nouveau-president-du-costa-rica\\\/#primaryimage\"},\"image\":{\"@id\":\"https:\\\/\\\/dpress.ma\\\/fr\\\/2022\\\/05\\\/09\\\/m-akhannouch-represente-sm-le-roi-a-la-ceremonie-dinvestiture-du-nouveau-president-du-costa-rica\\\/#primaryimage\"},\"thumbnailUrl\":\"https:\\\/\\\/dpress.ma\\\/fr\\\/wp-content\\\/uploads\\\/sites\\\/2\\\/2022\\\/05\\\/akhennouch-fr-2.jpg\",\"datePublished\":\"2022-05-09T09:10:19+00:00\",\"dateModified\":\"2022-05-09T10:44:24+00:00\",\"author\":{\"@id\":\"https:\\\/\\\/dpress.ma\\\/fr\\\/#\\\/schema\\\/person\\\/4898febf3ccd59e6578d838656a306a0\"},\"description\":\"Le Chef du gouvernement, Aziz Akhannouch, a repr\u00e9sent\u00e9, dimanche \u00e0 San Jos\u00e9, Sa Majest\u00e9 le Roi Mohammed VI, \u00e0 la c\u00e9r\u00e9monie...\",\"breadcrumb\":{\"@id\":\"https:\\\/\\\/dpress.ma\\\/fr\\\/2022\\\/05\\\/09\\\/m-akhannouch-represente-sm-le-roi-a-la-ceremonie-dinvestiture-du-nouveau-president-du-costa-rica\\\/#breadcrumb\"},\"inLanguage\":\"fr-FR\",\"potentialAction\":[{\"@type\":\"ReadAction\",\"target\":[\"https:\\\/\\\/dpress.ma\\\/fr\\\/2022\\\/05\\\/09\\\/m-akhannouch-represente-sm-le-roi-a-la-ceremonie-dinvestiture-du-nouveau-president-du-costa-rica\\\/\"]}]},{\"@type\":\"ImageObject\",\"inLanguage\":\"fr-FR\",\"@id\":\"https:\\\/\\\/dpress.ma\\\/fr\\\/2022\\\/05\\\/09\\\/m-akhannouch-represente-sm-le-roi-a-la-ceremonie-dinvestiture-du-nouveau-president-du-costa-rica\\\/#primaryimage\",\"url\":\"https:\\\/\\\/dpress.ma\\\/fr\\\/wp-content\\\/uploads\\\/sites\\\/2\\\/2022\\\/05\\\/akhennouch-fr-2.jpg\",\"contentUrl\":\"https:\\\/\\\/dpress.ma\\\/fr\\\/wp-content\\\/uploads\\\/sites\\\/2\\\/2022\\\/05\\\/akhennouch-fr-2.jpg\",\"width\":2539,\"height\":1594},{\"@type\":\"BreadcrumbList\",\"@id\":\"https:\\\/\\\/dpress.ma\\\/fr\\\/2022\\\/05\\\/09\\\/m-akhannouch-represente-sm-le-roi-a-la-ceremonie-dinvestiture-du-nouveau-president-du-costa-rica\\\/#breadcrumb\",\"itemListElement\":[{\"@type\":\"ListItem\",\"position\":1,\"name\":\"Home\",\"item\":\"https:\\\/\\\/dpress.ma\\\/fr\\\/\"},{\"@type\":\"ListItem\",\"position\":2,\"name\":\"M. Akhannouch repr\u00e9sente SM le Roi \u00e0 la c\u00e9r\u00e9monie d\u2019investiture du nouveau pr\u00e9sident du Costa Rica\"}]},{\"@type\":\"WebSite\",\"@id\":\"https:\\\/\\\/dpress.ma\\\/fr\\\/#website\",\"url\":\"https:\\\/\\\/dpress.ma\\\/fr\\\/\",\"name\":\"Dpress.ma\\\/fr\",\"description\":\"\",\"potentialAction\":[{\"@type\":\"SearchAction\",\"target\":{\"@type\":\"EntryPoint\",\"urlTemplate\":\"https:\\\/\\\/dpress.ma\\\/fr\\\/?s={search_term_string}\"},\"query-input\":{\"@type\":\"PropertyValueSpecification\",\"valueRequired\":true,\"valueName\":\"search_term_string\"}}],\"inLanguage\":\"fr-FR\"},{\"@type\":\"Person\",\"@id\":\"https:\\\/\\\/dpress.ma\\\/fr\\\/#\\\/schema\\\/person\\\/4898febf3ccd59e6578d838656a306a0\",\"name\":\"Dpress.ma\",\"image\":{\"@type\":\"ImageObject\",\"inLanguage\":\"fr-FR\",\"@id\":\"https:\\\/\\\/secure.gravatar.com\\\/avatar\\\/72ecc30e9db047a2e0e7176561eb9d564ed77c8108376495b19bd8336405198a?s=96&d=mm&r=g\",\"url\":\"https:\\\/\\\/secure.gravatar.com\\\/avatar\\\/72ecc30e9db047a2e0e7176561eb9d564ed77c8108376495b19bd8336405198a?s=96&d=mm&r=g\",\"contentUrl\":\"https:\\\/\\\/secure.gravatar.com\\\/avatar\\\/72ecc30e9db047a2e0e7176561eb9d564ed77c8108376495b19bd8336405198a?s=96&d=mm&r=g\",\"caption\":\"Dpress.ma\"},\"sameAs\":[\"https:\\\/\\\/www.dpress.ma\"],\"url\":\"https:\\\/\\\/dpress.ma\\\/fr\\\/author\\\/dpress-ma\\\/\"}]}<\/script>\n<!-- \/ Yoast SEO plugin. -->","yoast_head_json":{"title":"M. Akhannouch repr\u00e9sente SM le Roi \u00e0 la c\u00e9r\u00e9monie d\u2019investiture du nouveau pr\u00e9sident du Costa Rica - Dpress.ma\/fr","description":"Le Chef du gouvernement, Aziz Akhannouch, a repr\u00e9sent\u00e9, dimanche \u00e0 San Jos\u00e9, Sa Majest\u00e9 le Roi Mohammed VI, \u00e0 la c\u00e9r\u00e9monie...","robots":{"index":"index","follow":"follow","max-snippet":"max-snippet:-1","max-image-preview":"max-image-preview:large","max-video-preview":"max-video-preview:-1"},"canonical":"https:\/\/dpress.ma\/fr\/2022\/05\/09\/m-akhannouch-represente-sm-le-roi-a-la-ceremonie-dinvestiture-du-nouveau-president-du-costa-rica\/","og_locale":"fr_FR","og_type":"article","og_title":"M. Akhannouch repr\u00e9sente SM le Roi \u00e0 la c\u00e9r\u00e9monie d\u2019investiture du nouveau pr\u00e9sident du Costa Rica - Dpress.ma\/fr","og_description":"Le Chef du gouvernement, Aziz Akhannouch, a repr\u00e9sent\u00e9, dimanche \u00e0 San Jos\u00e9, Sa Majest\u00e9 le Roi Mohammed VI, \u00e0 la c\u00e9r\u00e9monie...","og_url":"https:\/\/dpress.ma\/fr\/2022\/05\/09\/m-akhannouch-represente-sm-le-roi-a-la-ceremonie-dinvestiture-du-nouveau-president-du-costa-rica\/","og_site_name":"Dpress.ma\/fr","article_published_time":"2022-05-09T09:10:19+00:00","article_modified_time":"2022-05-09T10:44:24+00:00","og_image":[{"width":2539,"height":1594,"url":"https:\/\/dpress.ma\/fr\/wp-content\/uploads\/sites\/2\/2022\/05\/akhennouch-fr-2.jpg","type":"image\/jpeg"}],"author":"Dpress.ma","twitter_card":"summary_large_image","twitter_misc":{"\u00c9crit par":"Dpress.ma","Dur\u00e9e de lecture estim\u00e9e":"1 minute"},"schema":{"@context":"https:\/\/schema.org","@graph":[{"@type":"Article","@id":"https:\/\/dpress.ma\/fr\/2022\/05\/09\/m-akhannouch-represente-sm-le-roi-a-la-ceremonie-dinvestiture-du-nouveau-president-du-costa-rica\/#article","isPartOf":{"@id":"https:\/\/dpress.ma\/fr\/2022\/05\/09\/m-akhannouch-represente-sm-le-roi-a-la-ceremonie-dinvestiture-du-nouveau-president-du-costa-rica\/"},"author":{"name":"Dpress.ma","@id":"https:\/\/dpress.ma\/fr\/#\/schema\/person\/4898febf3ccd59e6578d838656a306a0"},"headline":"M. Akhannouch repr\u00e9sente SM le Roi \u00e0 la c\u00e9r\u00e9monie d\u2019investiture du nouveau pr\u00e9sident du Costa Rica","datePublished":"2022-05-09T09:10:19+00:00","dateModified":"2022-05-09T10:44:24+00:00","mainEntityOfPage":{"@id":"https:\/\/dpress.ma\/fr\/2022\/05\/09\/m-akhannouch-represente-sm-le-roi-a-la-ceremonie-dinvestiture-du-nouveau-president-du-costa-rica\/"},"wordCount":190,"image":{"@id":"https:\/\/dpress.ma\/fr\/2022\/05\/09\/m-akhannouch-represente-sm-le-roi-a-la-ceremonie-dinvestiture-du-nouveau-president-du-costa-rica\/#primaryimage"},"thumbnailUrl":"https:\/\/dpress.ma\/fr\/wp-content\/uploads\/sites\/2\/2022\/05\/akhennouch-fr-2.jpg","articleSection":["Diplomatie Parall\u00e8le"],"inLanguage":"fr-FR"},{"@type":"WebPage","@id":"https:\/\/dpress.ma\/fr\/2022\/05\/09\/m-akhannouch-represente-sm-le-roi-a-la-ceremonie-dinvestiture-du-nouveau-president-du-costa-rica\/","url":"https:\/\/dpress.ma\/fr\/2022\/05\/09\/m-akhannouch-represente-sm-le-roi-a-la-ceremonie-dinvestiture-du-nouveau-president-du-costa-rica\/","name":"M. Akhannouch repr\u00e9sente SM le Roi \u00e0 la c\u00e9r\u00e9monie d\u2019investiture du nouveau pr\u00e9sident du Costa Rica - Dpress.ma\/fr","isPartOf":{"@id":"https:\/\/dpress.ma\/fr\/#website"},"primaryImageOfPage":{"@id":"https:\/\/dpress.ma\/fr\/2022\/05\/09\/m-akhannouch-represente-sm-le-roi-a-la-ceremonie-dinvestiture-du-nouveau-president-du-costa-rica\/#primaryimage"},"image":{"@id":"https:\/\/dpress.ma\/fr\/2022\/05\/09\/m-akhannouch-represente-sm-le-roi-a-la-ceremonie-dinvestiture-du-nouveau-president-du-costa-rica\/#primaryimage"},"thumbnailUrl":"https:\/\/dpress.ma\/fr\/wp-content\/uploads\/sites\/2\/2022\/05\/akhennouch-fr-2.jpg","datePublished":"2022-05-09T09:10:19+00:00","dateModified":"2022-05-09T10:44:24+00:00","author":{"@id":"https:\/\/dpress.ma\/fr\/#\/schema\/person\/4898febf3ccd59e6578d838656a306a0"},"description":"Le Chef du gouvernement, Aziz Akhannouch, a repr\u00e9sent\u00e9, dimanche \u00e0 San Jos\u00e9, Sa Majest\u00e9 le Roi Mohammed VI, \u00e0 la c\u00e9r\u00e9monie...","breadcrumb":{"@id":"https:\/\/dpress.ma\/fr\/2022\/05\/09\/m-akhannouch-represente-sm-le-roi-a-la-ceremonie-dinvestiture-du-nouveau-president-du-costa-rica\/#breadcrumb"},"inLanguage":"fr-FR","potentialAction":[{"@type":"ReadAction","target":["https:\/\/dpress.ma\/fr\/2022\/05\/09\/m-akhannouch-represente-sm-le-roi-a-la-ceremonie-dinvestiture-du-nouveau-president-du-costa-rica\/"]}]},{"@type":"ImageObject","inLanguage":"fr-FR","@id":"https:\/\/dpress.ma\/fr\/2022\/05\/09\/m-akhannouch-represente-sm-le-roi-a-la-ceremonie-dinvestiture-du-nouveau-president-du-costa-rica\/#primaryimage","url":"https:\/\/dpress.ma\/fr\/wp-content\/uploads\/sites\/2\/2022\/05\/akhennouch-fr-2.jpg","contentUrl":"https:\/\/dpress.ma\/fr\/wp-content\/uploads\/sites\/2\/2022\/05\/akhennouch-fr-2.jpg","width":2539,"height":1594},{"@type":"BreadcrumbList","@id":"https:\/\/dpress.ma\/fr\/2022\/05\/09\/m-akhannouch-represente-sm-le-roi-a-la-ceremonie-dinvestiture-du-nouveau-president-du-costa-rica\/#breadcrumb","itemListElement":[{"@type":"ListItem","position":1,"name":"Home","item":"https:\/\/dpress.ma\/fr\/"},{"@type":"ListItem","position":2,"name":"M. Akhannouch repr\u00e9sente SM le Roi \u00e0 la c\u00e9r\u00e9monie d\u2019investiture du nouveau pr\u00e9sident du Costa Rica"}]},{"@type":"WebSite","@id":"https:\/\/dpress.ma\/fr\/#website","url":"https:\/\/dpress.ma\/fr\/","name":"Dpress.ma\/fr","description":"","potentialAction":[{"@type":"SearchAction","target":{"@type":"EntryPoint","urlTemplate":"https:\/\/dpress.ma\/fr\/?s={search_term_string}"},"query-input":{"@type":"PropertyValueSpecification","valueRequired":true,"valueName":"search_term_string"}}],"inLanguage":"fr-FR"},{"@type":"Person","@id":"https:\/\/dpress.ma\/fr\/#\/schema\/person\/4898febf3ccd59e6578d838656a306a0","name":"Dpress.ma","image":{"@type":"ImageObject","inLanguage":"fr-FR","@id":"https:\/\/secure.gravatar.com\/avatar\/72ecc30e9db047a2e0e7176561eb9d564ed77c8108376495b19bd8336405198a?s=96&d=mm&r=g","url":"https:\/\/secure.gravatar.com\/avatar\/72ecc30e9db047a2e0e7176561eb9d564ed77c8108376495b19bd8336405198a?s=96&d=mm&r=g","contentUrl":"https:\/\/secure.gravatar.com\/avatar\/72ecc30e9db047a2e0e7176561eb9d564ed77c8108376495b19bd8336405198a?s=96&d=mm&r=g","caption":"Dpress.ma"},"sameAs":["https:\/\/www.dpress.ma"],"url":"https:\/\/dpress.ma\/fr\/author\/dpress-ma\/"}]}},"amp_enabled":true,"_links":{"self":[{"href":"https:\/\/dpress.ma\/fr\/wp-json\/wp\/v2\/posts\/1563","targetHints":{"allow":["GET"]}}],"collection":[{"href":"https:\/\/dpress.ma\/fr\/wp-json\/wp\/v2\/posts"}],"about":[{"href":"https:\/\/dpress.ma\/fr\/wp-json\/wp\/v2\/types\/post"}],"author":[{"embeddable":true,"href":"https:\/\/dpress.ma\/fr\/wp-json\/wp\/v2\/users\/2"}],"replies":[{"embeddable":true,"href":"https:\/\/dpress.ma\/fr\/wp-json\/wp\/v2\/comments?post=1563"}],"version-history":[{"count":1,"href":"https:\/\/dpress.ma\/fr\/wp-json\/wp\/v2\/posts\/1563\/revisions"}],"predecessor-version":[{"id":1565,"href":"https:\/\/dpress.ma\/fr\/wp-json\/wp\/v2\/posts\/1563\/revisions\/1565"}],"wp:featuredmedia":[{"embeddable":true,"href":"https:\/\/dpress.ma\/fr\/wp-json\/wp\/v2\/media\/1576"}],"wp:attachment":[{"href":"https:\/\/dpress.ma\/fr\/wp-json\/wp\/v2\/media?parent=1563"}],"wp:term":[{"taxonomy":"category","embeddable":true,"href":"https:\/\/dpress.ma\/fr\/wp-json\/wp\/v2\/categories?post=1563"},{"taxonomy":"post_tag","embeddable":true,"href":"https:\/\/dpress.ma\/fr\/wp-json\/wp\/v2\/tags?post=1563"}],"curies":[{"name":"wp","href":"https:\/\/api.w.org\/{rel}","templated":true}]}}