{"id":15523,"date":"2025-07-16T09:30:28","date_gmt":"2025-07-16T09:30:28","guid":{"rendered":"https:\/\/dpress.ma\/fr\/?p=15523"},"modified":"2025-07-16T09:30:29","modified_gmt":"2025-07-16T09:30:29","slug":"la-tenue-du-1er-championnat-du-monde-de-golf-scolaire-au-maroc-temoigne-de-la-capacite-du-royaume-a-organiser-des-evenements-de-grande-envergure","status":"publish","type":"post","link":"https:\/\/dpress.ma\/fr\/2025\/07\/16\/la-tenue-du-1er-championnat-du-monde-de-golf-scolaire-au-maroc-temoigne-de-la-capacite-du-royaume-a-organiser-des-evenements-de-grande-envergure\/","title":{"rendered":"La tenue du 1er championnat du monde de golf scolaire au Maroc t\u00e9moigne de la capacit\u00e9 du Royaume \u00e0 organiser des \u00e9v\u00e8nements de grande envergure"},"content":{"rendered":"\n<p>dpress<\/p>\n\n\n\n<p>La tenue du 1er championnat du monde de golf scolaire au Maroc confirme la confiance de la communaut\u00e9 mondiale en la capacit\u00e9 du Royaume \u00e0 organiser des \u00e9v\u00e8nements sportifs de grande envergure, a affirm\u00e9, hier \u00e0 Rabat, le ministre de l\u2019Education nationale, du Pr\u00e9scolaire et des Sports, Mohamed Saad Berrada.<\/p>\n\n\n\n<p>Cette confiance est le fruit de la mise en \u0153uvre des Hautes orientations et de la vision \u00e9clair\u00e9e de SM le Roi Mohammed VI dans le domaine du sport en g\u00e9n\u00e9ral et du sport scolaire en particulier, a-t-il dit lors de la c\u00e9r\u00e9monie d\u2019ouverture de la 1\u00e8re \u00e9dition du \u201cISF World School Golf Championship (WSGC)\u201d qui se tient du 14 au 21 juillet au Royal Golf Dar Es Salam \u00e0 Rabat, sous la pr\u00e9sidence effective de Son Altesse Royale le Prince Moulay Rachid.<\/p>\n\n\n\n<p>Organis\u00e9e par la F\u00e9d\u00e9ration Royale Marocaine de Golf (FRMG), l\u2019Association du Troph\u00e9e Hassan II, le Minist\u00e8re de l\u2019\u00c9ducation nationale, du Pr\u00e9scolaire et des Sports et la F\u00e9d\u00e9ration Royale Marocaine du Sport Scolaire (FRMSS) en partenariat avec la F\u00e9d\u00e9ration Internationale du Sport Scolaire (ISF), cette manifestation sportive grandiose est une nouvelle comp\u00e9tition de golf internationale r\u00e9serv\u00e9e aux sportifs issus du syst\u00e8me scolaire.<\/p>\n\n\n\n<p>Venus d\u2019Europe, d\u2019Afrique, d\u2019Asie, d\u2019Am\u00e9rique et du Moyen-Orient, des jeunes joueuses et joueurs, repr\u00e9sentant 16 pays prennent part \u00e0 cet \u00e9v\u00e9nement inscrit au calendrier officiel de l\u2019ISF.<\/p>\n\n\n\n<p>M. Berrada a tenue, dans ce sens, \u00e0 adresser au nom de la communaut\u00e9 golfique internationale, \u201cnotre profonde gratitude et nos plus vifs remerciements \u00e0 SAR le Prince Moulay Rachid, pr\u00e9sident de la FRMG, pour avoir lanc\u00e9 cette initiative, l\u2019avoir soutenu de toute son \u00e9nergie et obtenu sa concr\u00e9tisation\u201d.<\/p>\n\n\n\n<p>\u201cCe championnat, a-t-il ajout\u00e9, incarne notre ambition commune de mettre le sport au service de l\u2019\u00e9ducation de nos jeunes aux valeurs de citoyennet\u00e9 et d\u2019ouverture sur le monde\u201d, se f\u00e9licitant, dans ce contexte, du choix du Royaume pour accueillir cette comp\u00e9tition lors des \u00e9ditions 2026 et 2028.<\/p>\n\n\n\n<p>De son c\u00f4t\u00e9, le pr\u00e9sident de la Commission d\u2019organisation des comp\u00e9titions de la FRMG, Jalil Benazzouz, a indiqu\u00e9 que la prochaine \u00e9dition du championnat du monde de golf scolaire suscite d\u00e9j\u00e0 un grand int\u00e9r\u00eat de plusieurs autres pays qui ont formul\u00e9 leur souhait d\u2019y prendre part, poursuivant que ce championnat connaitra, sans aucun doute, un franc succ\u00e8s, \u00e0 la faveur de la mutualisation du savoir-faire des institutions organisatrices de cet \u00e9v\u00e8nement grandiose.<\/p>\n\n\n\n<p>Le Maroc a de grandes chances de briller dans cette comp\u00e9tition, d\u2019autant plus que des joueurs de haut niveau y prennent part \u00e0 l\u2019image de Sofia Skalli et d\u2019autres talents en herbe, a-t-il soutenu.<\/p>\n\n\n\n<p>Pour sa part, le pr\u00e9sident de l\u2019ISF, Zeljko Tanaskovi\u0107 a estim\u00e9 que l\u2019organisation de la toute premi\u00e8re \u00e9dition du championnat du monde de golf scolaire au Maroc est un \u201cmoment exceptionnel\u201d, d\u2019autant plus qu\u2019elle r\u00e9unit pour la premi\u00e8re fois des \u00e9l\u00e8ves de diff\u00e9rents pays, notant que l\u2019objectif de ce championnat ne se limite pas seulement \u00e0 la cons\u00e9cration des vainqueurs, mais vise l\u2019apprentissage et le partage des valeurs nobles du sport.<\/p>\n\n\n\n<p>Le golf inculque \u00e0 ses pratiquants des valeurs nobles, lesquelles contribuent \u00e0 vivre-ensemble harmonieusement, a-t-il soulign\u00e9.<\/p>\n\n\n\n<p>Quant au directeur de la promotion du sport scolaire au minist\u00e8re de l\u2019Education nationale, du Pr\u00e9scolaire et des Sports et pr\u00e9sident d\u00e9l\u00e9gu\u00e9 de la F\u00e9d\u00e9ration royale marocaine du sport scolaire, Abdeslam Mili, il a relev\u00e9 que le championnat du monde de golf scolaire constitue une occasion idoine pour les jeunes golfeurs marocains de se mesurer \u00e0 des joueurs venus d\u2019autres pays.<\/p>\n\n\n\n<p>Ce championnat contribuera indubitablement \u00e0 renforcer la pratique du golf parmi les \u00e9l\u00e8ves et le rendre plus accessible pour les jeunes et les enfants scolaris\u00e9s, a-t-il ajout\u00e9.<\/p>\n\n\n\n<p>La comp\u00e9tition se d\u00e9roulera sur le parcours bleu du Royal Golf Dar Es Salam, en format stroke play sur 72 trous (18 trous par jour). Cinq \u00e9preuves sont au programme : quatre championnats individuels (U18 et U15, gar\u00e7ons et filles) ainsi qu\u2019un championnat par \u00e9quipes (quatre joueurs par d\u00e9l\u00e9gation, les trois meilleurs scores \u00e9tant retenus chaque jour).<\/p>\n\n\n\n<p>Les laur\u00e9ats de chaque cat\u00e9gorie seront couronn\u00e9s \u201cISF Golf Champions\u201d pour une dur\u00e9e d\u2019un an et recevront les m\u00e9dailles officielles. L\u2019\u00e9quipe gagnante sera sacr\u00e9e championne du monde ISF.<\/p>\n\n\n\n<p>En parall\u00e8le, les participants prendront part \u00e0 un programme culturel et \u00e9ducatif comprenant des c\u00e9r\u00e9monies d\u2019ouverture et de cl\u00f4ture, une journ\u00e9e de d\u00e9couverte \u00e0 Rabat, l\u2019ISF Academy (\u00e9thique sportive, sant\u00e9, diplomatie par le sport), ainsi que la traditionnelle c\u00e9r\u00e9monie des nations.<\/p>\n\n\n\n<p>Au-del\u00e0 de la dimension scolaire, ce championnat constituera aussi une v\u00e9ritable passerelle vers la comp\u00e9tition de haut niveau. Les r\u00e9sultats permettront aux participants d\u2019obtenir des points au classement mondial amateur de golf (WAGR). Le tournoi est par ailleurs approuv\u00e9 par la F\u00e9d\u00e9ration Internationale de Golf (IGF).<\/p>\n\n\n\n<p>Cet \u00e9v\u00e9nement s\u2019inscrit dans le cadre des World School Championships de l\u2019International School Sport Federation (ISF) et confirme l\u2019engagement du Royaume en faveur du d\u00e9veloppement du sport scolaire et de la jeunesse \u00e0 l\u2019\u00e9chelle mondiale.<\/p>\n","protected":false},"excerpt":{"rendered":"<p>dpress La tenue du 1er championnat du monde de golf scolaire au Maroc confirme la confiance de la communaut\u00e9 mondiale en la capacit\u00e9 du Royaume \u00e0 organiser des \u00e9v\u00e8nements sportifs de grande envergure, a affirm\u00e9, hier \u00e0 Rabat, le ministre de l\u2019Education nationale, du Pr\u00e9scolaire et des Sports, Mohamed Saad Berrada. Cette confiance est le &hellip;<\/p>\n","protected":false},"author":2,"featured_media":15524,"comment_status":"open","ping_status":"open","sticky":false,"template":"","format":"standard","meta":{"footnotes":""},"categories":[26],"tags":[],"class_list":["post-15523","post","type-post","status-publish","format-standard","has-post-thumbnail","hentry","category-politiques"],"yoast_head":"<!-- This site is optimized with the Yoast SEO plugin v27.5 - https:\/\/yoast.com\/product\/yoast-seo-wordpress\/ -->\n<title>La tenue du 1er championnat du monde de golf scolaire au Maroc t\u00e9moigne de la capacit\u00e9 du Royaume \u00e0 organiser des \u00e9v\u00e8nements de grande envergure - Dpress.ma\/fr<\/title>\n<meta name=\"robots\" content=\"index, follow, max-snippet:-1, max-image-preview:large, max-video-preview:-1\" \/>\n<link rel=\"canonical\" href=\"https:\/\/dpress.ma\/fr\/2025\/07\/16\/la-tenue-du-1er-championnat-du-monde-de-golf-scolaire-au-maroc-temoigne-de-la-capacite-du-royaume-a-organiser-des-evenements-de-grande-envergure\/\" \/>\n<meta property=\"og:locale\" content=\"fr_FR\" \/>\n<meta property=\"og:type\" content=\"article\" \/>\n<meta property=\"og:title\" content=\"La tenue du 1er championnat du monde de golf scolaire au Maroc t\u00e9moigne de la capacit\u00e9 du Royaume \u00e0 organiser des \u00e9v\u00e8nements de grande envergure - Dpress.ma\/fr\" \/>\n<meta property=\"og:description\" content=\"dpress La tenue du 1er championnat du monde de golf scolaire au Maroc confirme la confiance de la communaut\u00e9 mondiale en la capacit\u00e9 du Royaume \u00e0 organiser des \u00e9v\u00e8nements sportifs de grande envergure, a affirm\u00e9, hier \u00e0 Rabat, le ministre de l\u2019Education nationale, du Pr\u00e9scolaire et des Sports, Mohamed Saad Berrada. Cette confiance est le &hellip;\" \/>\n<meta property=\"og:url\" content=\"https:\/\/dpress.ma\/fr\/2025\/07\/16\/la-tenue-du-1er-championnat-du-monde-de-golf-scolaire-au-maroc-temoigne-de-la-capacite-du-royaume-a-organiser-des-evenements-de-grande-envergure\/\" \/>\n<meta property=\"og:site_name\" content=\"Dpress.ma\/fr\" \/>\n<meta property=\"article:published_time\" content=\"2025-07-16T09:30:28+00:00\" \/>\n<meta property=\"article:modified_time\" content=\"2025-07-16T09:30:29+00:00\" \/>\n<meta property=\"og:image\" content=\"https:\/\/dpress.ma\/fr\/wp-content\/uploads\/sites\/2\/2025\/07\/dimensions2-15.jpg\" \/>\n\t<meta property=\"og:image:width\" content=\"2539\" \/>\n\t<meta property=\"og:image:height\" content=\"1594\" \/>\n\t<meta property=\"og:image:type\" content=\"image\/jpeg\" \/>\n<meta name=\"author\" content=\"Dpress.ma\" \/>\n<meta name=\"twitter:card\" content=\"summary_large_image\" \/>\n<meta name=\"twitter:label1\" content=\"\u00c9crit par\" \/>\n\t<meta name=\"twitter:data1\" content=\"Dpress.ma\" \/>\n\t<meta name=\"twitter:label2\" content=\"Dur\u00e9e de lecture estim\u00e9e\" \/>\n\t<meta name=\"twitter:data2\" content=\"5 minutes\" \/>\n<script type=\"application\/ld+json\" class=\"yoast-schema-graph\">{\"@context\":\"https:\\\/\\\/schema.org\",\"@graph\":[{\"@type\":\"Article\",\"@id\":\"https:\\\/\\\/dpress.ma\\\/fr\\\/2025\\\/07\\\/16\\\/la-tenue-du-1er-championnat-du-monde-de-golf-scolaire-au-maroc-temoigne-de-la-capacite-du-royaume-a-organiser-des-evenements-de-grande-envergure\\\/#article\",\"isPartOf\":{\"@id\":\"https:\\\/\\\/dpress.ma\\\/fr\\\/2025\\\/07\\\/16\\\/la-tenue-du-1er-championnat-du-monde-de-golf-scolaire-au-maroc-temoigne-de-la-capacite-du-royaume-a-organiser-des-evenements-de-grande-envergure\\\/\"},\"author\":{\"name\":\"Dpress.ma\",\"@id\":\"https:\\\/\\\/dpress.ma\\\/fr\\\/#\\\/schema\\\/person\\\/4898febf3ccd59e6578d838656a306a0\"},\"headline\":\"La tenue du 1er championnat du monde de golf scolaire au Maroc t\u00e9moigne de la capacit\u00e9 du Royaume \u00e0 organiser des \u00e9v\u00e8nements de grande envergure\",\"datePublished\":\"2025-07-16T09:30:28+00:00\",\"dateModified\":\"2025-07-16T09:30:29+00:00\",\"mainEntityOfPage\":{\"@id\":\"https:\\\/\\\/dpress.ma\\\/fr\\\/2025\\\/07\\\/16\\\/la-tenue-du-1er-championnat-du-monde-de-golf-scolaire-au-maroc-temoigne-de-la-capacite-du-royaume-a-organiser-des-evenements-de-grande-envergure\\\/\"},\"wordCount\":923,\"commentCount\":0,\"image\":{\"@id\":\"https:\\\/\\\/dpress.ma\\\/fr\\\/2025\\\/07\\\/16\\\/la-tenue-du-1er-championnat-du-monde-de-golf-scolaire-au-maroc-temoigne-de-la-capacite-du-royaume-a-organiser-des-evenements-de-grande-envergure\\\/#primaryimage\"},\"thumbnailUrl\":\"https:\\\/\\\/dpress.ma\\\/fr\\\/wp-content\\\/uploads\\\/sites\\\/2\\\/2025\\\/07\\\/dimensions2-15.jpg\",\"articleSection\":[\"Politiques\"],\"inLanguage\":\"fr-FR\",\"potentialAction\":[{\"@type\":\"CommentAction\",\"name\":\"Comment\",\"target\":[\"https:\\\/\\\/dpress.ma\\\/fr\\\/2025\\\/07\\\/16\\\/la-tenue-du-1er-championnat-du-monde-de-golf-scolaire-au-maroc-temoigne-de-la-capacite-du-royaume-a-organiser-des-evenements-de-grande-envergure\\\/#respond\"]}]},{\"@type\":\"WebPage\",\"@id\":\"https:\\\/\\\/dpress.ma\\\/fr\\\/2025\\\/07\\\/16\\\/la-tenue-du-1er-championnat-du-monde-de-golf-scolaire-au-maroc-temoigne-de-la-capacite-du-royaume-a-organiser-des-evenements-de-grande-envergure\\\/\",\"url\":\"https:\\\/\\\/dpress.ma\\\/fr\\\/2025\\\/07\\\/16\\\/la-tenue-du-1er-championnat-du-monde-de-golf-scolaire-au-maroc-temoigne-de-la-capacite-du-royaume-a-organiser-des-evenements-de-grande-envergure\\\/\",\"name\":\"La tenue du 1er championnat du monde de golf scolaire au Maroc t\u00e9moigne de la capacit\u00e9 du Royaume \u00e0 organiser des \u00e9v\u00e8nements de grande envergure - Dpress.ma\\\/fr\",\"isPartOf\":{\"@id\":\"https:\\\/\\\/dpress.ma\\\/fr\\\/#website\"},\"primaryImageOfPage\":{\"@id\":\"https:\\\/\\\/dpress.ma\\\/fr\\\/2025\\\/07\\\/16\\\/la-tenue-du-1er-championnat-du-monde-de-golf-scolaire-au-maroc-temoigne-de-la-capacite-du-royaume-a-organiser-des-evenements-de-grande-envergure\\\/#primaryimage\"},\"image\":{\"@id\":\"https:\\\/\\\/dpress.ma\\\/fr\\\/2025\\\/07\\\/16\\\/la-tenue-du-1er-championnat-du-monde-de-golf-scolaire-au-maroc-temoigne-de-la-capacite-du-royaume-a-organiser-des-evenements-de-grande-envergure\\\/#primaryimage\"},\"thumbnailUrl\":\"https:\\\/\\\/dpress.ma\\\/fr\\\/wp-content\\\/uploads\\\/sites\\\/2\\\/2025\\\/07\\\/dimensions2-15.jpg\",\"datePublished\":\"2025-07-16T09:30:28+00:00\",\"dateModified\":\"2025-07-16T09:30:29+00:00\",\"author\":{\"@id\":\"https:\\\/\\\/dpress.ma\\\/fr\\\/#\\\/schema\\\/person\\\/4898febf3ccd59e6578d838656a306a0\"},\"breadcrumb\":{\"@id\":\"https:\\\/\\\/dpress.ma\\\/fr\\\/2025\\\/07\\\/16\\\/la-tenue-du-1er-championnat-du-monde-de-golf-scolaire-au-maroc-temoigne-de-la-capacite-du-royaume-a-organiser-des-evenements-de-grande-envergure\\\/#breadcrumb\"},\"inLanguage\":\"fr-FR\",\"potentialAction\":[{\"@type\":\"ReadAction\",\"target\":[\"https:\\\/\\\/dpress.ma\\\/fr\\\/2025\\\/07\\\/16\\\/la-tenue-du-1er-championnat-du-monde-de-golf-scolaire-au-maroc-temoigne-de-la-capacite-du-royaume-a-organiser-des-evenements-de-grande-envergure\\\/\"]}]},{\"@type\":\"ImageObject\",\"inLanguage\":\"fr-FR\",\"@id\":\"https:\\\/\\\/dpress.ma\\\/fr\\\/2025\\\/07\\\/16\\\/la-tenue-du-1er-championnat-du-monde-de-golf-scolaire-au-maroc-temoigne-de-la-capacite-du-royaume-a-organiser-des-evenements-de-grande-envergure\\\/#primaryimage\",\"url\":\"https:\\\/\\\/dpress.ma\\\/fr\\\/wp-content\\\/uploads\\\/sites\\\/2\\\/2025\\\/07\\\/dimensions2-15.jpg\",\"contentUrl\":\"https:\\\/\\\/dpress.ma\\\/fr\\\/wp-content\\\/uploads\\\/sites\\\/2\\\/2025\\\/07\\\/dimensions2-15.jpg\",\"width\":2539,\"height\":1594},{\"@type\":\"BreadcrumbList\",\"@id\":\"https:\\\/\\\/dpress.ma\\\/fr\\\/2025\\\/07\\\/16\\\/la-tenue-du-1er-championnat-du-monde-de-golf-scolaire-au-maroc-temoigne-de-la-capacite-du-royaume-a-organiser-des-evenements-de-grande-envergure\\\/#breadcrumb\",\"itemListElement\":[{\"@type\":\"ListItem\",\"position\":1,\"name\":\"Home\",\"item\":\"https:\\\/\\\/dpress.ma\\\/fr\\\/\"},{\"@type\":\"ListItem\",\"position\":2,\"name\":\"La tenue du 1er championnat du monde de golf scolaire au Maroc t\u00e9moigne de la capacit\u00e9 du Royaume \u00e0 organiser des \u00e9v\u00e8nements de grande envergure\"}]},{\"@type\":\"WebSite\",\"@id\":\"https:\\\/\\\/dpress.ma\\\/fr\\\/#website\",\"url\":\"https:\\\/\\\/dpress.ma\\\/fr\\\/\",\"name\":\"Dpress.ma\\\/fr\",\"description\":\"\",\"potentialAction\":[{\"@type\":\"SearchAction\",\"target\":{\"@type\":\"EntryPoint\",\"urlTemplate\":\"https:\\\/\\\/dpress.ma\\\/fr\\\/?s={search_term_string}\"},\"query-input\":{\"@type\":\"PropertyValueSpecification\",\"valueRequired\":true,\"valueName\":\"search_term_string\"}}],\"inLanguage\":\"fr-FR\"},{\"@type\":\"Person\",\"@id\":\"https:\\\/\\\/dpress.ma\\\/fr\\\/#\\\/schema\\\/person\\\/4898febf3ccd59e6578d838656a306a0\",\"name\":\"Dpress.ma\",\"image\":{\"@type\":\"ImageObject\",\"inLanguage\":\"fr-FR\",\"@id\":\"https:\\\/\\\/secure.gravatar.com\\\/avatar\\\/72ecc30e9db047a2e0e7176561eb9d564ed77c8108376495b19bd8336405198a?s=96&d=mm&r=g\",\"url\":\"https:\\\/\\\/secure.gravatar.com\\\/avatar\\\/72ecc30e9db047a2e0e7176561eb9d564ed77c8108376495b19bd8336405198a?s=96&d=mm&r=g\",\"contentUrl\":\"https:\\\/\\\/secure.gravatar.com\\\/avatar\\\/72ecc30e9db047a2e0e7176561eb9d564ed77c8108376495b19bd8336405198a?s=96&d=mm&r=g\",\"caption\":\"Dpress.ma\"},\"sameAs\":[\"https:\\\/\\\/www.dpress.ma\"],\"url\":\"https:\\\/\\\/dpress.ma\\\/fr\\\/author\\\/dpress-ma\\\/\"}]}<\/script>\n<!-- \/ Yoast SEO plugin. -->","yoast_head_json":{"title":"La tenue du 1er championnat du monde de golf scolaire au Maroc t\u00e9moigne de la capacit\u00e9 du Royaume \u00e0 organiser des \u00e9v\u00e8nements de grande envergure - Dpress.ma\/fr","robots":{"index":"index","follow":"follow","max-snippet":"max-snippet:-1","max-image-preview":"max-image-preview:large","max-video-preview":"max-video-preview:-1"},"canonical":"https:\/\/dpress.ma\/fr\/2025\/07\/16\/la-tenue-du-1er-championnat-du-monde-de-golf-scolaire-au-maroc-temoigne-de-la-capacite-du-royaume-a-organiser-des-evenements-de-grande-envergure\/","og_locale":"fr_FR","og_type":"article","og_title":"La tenue du 1er championnat du monde de golf scolaire au Maroc t\u00e9moigne de la capacit\u00e9 du Royaume \u00e0 organiser des \u00e9v\u00e8nements de grande envergure - Dpress.ma\/fr","og_description":"dpress La tenue du 1er championnat du monde de golf scolaire au Maroc confirme la confiance de la communaut\u00e9 mondiale en la capacit\u00e9 du Royaume \u00e0 organiser des \u00e9v\u00e8nements sportifs de grande envergure, a affirm\u00e9, hier \u00e0 Rabat, le ministre de l\u2019Education nationale, du Pr\u00e9scolaire et des Sports, Mohamed Saad Berrada. Cette confiance est le &hellip;","og_url":"https:\/\/dpress.ma\/fr\/2025\/07\/16\/la-tenue-du-1er-championnat-du-monde-de-golf-scolaire-au-maroc-temoigne-de-la-capacite-du-royaume-a-organiser-des-evenements-de-grande-envergure\/","og_site_name":"Dpress.ma\/fr","article_published_time":"2025-07-16T09:30:28+00:00","article_modified_time":"2025-07-16T09:30:29+00:00","og_image":[{"width":2539,"height":1594,"url":"https:\/\/dpress.ma\/fr\/wp-content\/uploads\/sites\/2\/2025\/07\/dimensions2-15.jpg","type":"image\/jpeg"}],"author":"Dpress.ma","twitter_card":"summary_large_image","twitter_misc":{"\u00c9crit par":"Dpress.ma","Dur\u00e9e de lecture estim\u00e9e":"5 minutes"},"schema":{"@context":"https:\/\/schema.org","@graph":[{"@type":"Article","@id":"https:\/\/dpress.ma\/fr\/2025\/07\/16\/la-tenue-du-1er-championnat-du-monde-de-golf-scolaire-au-maroc-temoigne-de-la-capacite-du-royaume-a-organiser-des-evenements-de-grande-envergure\/#article","isPartOf":{"@id":"https:\/\/dpress.ma\/fr\/2025\/07\/16\/la-tenue-du-1er-championnat-du-monde-de-golf-scolaire-au-maroc-temoigne-de-la-capacite-du-royaume-a-organiser-des-evenements-de-grande-envergure\/"},"author":{"name":"Dpress.ma","@id":"https:\/\/dpress.ma\/fr\/#\/schema\/person\/4898febf3ccd59e6578d838656a306a0"},"headline":"La tenue du 1er championnat du monde de golf scolaire au Maroc t\u00e9moigne de la capacit\u00e9 du Royaume \u00e0 organiser des \u00e9v\u00e8nements de grande envergure","datePublished":"2025-07-16T09:30:28+00:00","dateModified":"2025-07-16T09:30:29+00:00","mainEntityOfPage":{"@id":"https:\/\/dpress.ma\/fr\/2025\/07\/16\/la-tenue-du-1er-championnat-du-monde-de-golf-scolaire-au-maroc-temoigne-de-la-capacite-du-royaume-a-organiser-des-evenements-de-grande-envergure\/"},"wordCount":923,"commentCount":0,"image":{"@id":"https:\/\/dpress.ma\/fr\/2025\/07\/16\/la-tenue-du-1er-championnat-du-monde-de-golf-scolaire-au-maroc-temoigne-de-la-capacite-du-royaume-a-organiser-des-evenements-de-grande-envergure\/#primaryimage"},"thumbnailUrl":"https:\/\/dpress.ma\/fr\/wp-content\/uploads\/sites\/2\/2025\/07\/dimensions2-15.jpg","articleSection":["Politiques"],"inLanguage":"fr-FR","potentialAction":[{"@type":"CommentAction","name":"Comment","target":["https:\/\/dpress.ma\/fr\/2025\/07\/16\/la-tenue-du-1er-championnat-du-monde-de-golf-scolaire-au-maroc-temoigne-de-la-capacite-du-royaume-a-organiser-des-evenements-de-grande-envergure\/#respond"]}]},{"@type":"WebPage","@id":"https:\/\/dpress.ma\/fr\/2025\/07\/16\/la-tenue-du-1er-championnat-du-monde-de-golf-scolaire-au-maroc-temoigne-de-la-capacite-du-royaume-a-organiser-des-evenements-de-grande-envergure\/","url":"https:\/\/dpress.ma\/fr\/2025\/07\/16\/la-tenue-du-1er-championnat-du-monde-de-golf-scolaire-au-maroc-temoigne-de-la-capacite-du-royaume-a-organiser-des-evenements-de-grande-envergure\/","name":"La tenue du 1er championnat du monde de golf scolaire au Maroc t\u00e9moigne de la capacit\u00e9 du Royaume \u00e0 organiser des \u00e9v\u00e8nements de grande envergure - Dpress.ma\/fr","isPartOf":{"@id":"https:\/\/dpress.ma\/fr\/#website"},"primaryImageOfPage":{"@id":"https:\/\/dpress.ma\/fr\/2025\/07\/16\/la-tenue-du-1er-championnat-du-monde-de-golf-scolaire-au-maroc-temoigne-de-la-capacite-du-royaume-a-organiser-des-evenements-de-grande-envergure\/#primaryimage"},"image":{"@id":"https:\/\/dpress.ma\/fr\/2025\/07\/16\/la-tenue-du-1er-championnat-du-monde-de-golf-scolaire-au-maroc-temoigne-de-la-capacite-du-royaume-a-organiser-des-evenements-de-grande-envergure\/#primaryimage"},"thumbnailUrl":"https:\/\/dpress.ma\/fr\/wp-content\/uploads\/sites\/2\/2025\/07\/dimensions2-15.jpg","datePublished":"2025-07-16T09:30:28+00:00","dateModified":"2025-07-16T09:30:29+00:00","author":{"@id":"https:\/\/dpress.ma\/fr\/#\/schema\/person\/4898febf3ccd59e6578d838656a306a0"},"breadcrumb":{"@id":"https:\/\/dpress.ma\/fr\/2025\/07\/16\/la-tenue-du-1er-championnat-du-monde-de-golf-scolaire-au-maroc-temoigne-de-la-capacite-du-royaume-a-organiser-des-evenements-de-grande-envergure\/#breadcrumb"},"inLanguage":"fr-FR","potentialAction":[{"@type":"ReadAction","target":["https:\/\/dpress.ma\/fr\/2025\/07\/16\/la-tenue-du-1er-championnat-du-monde-de-golf-scolaire-au-maroc-temoigne-de-la-capacite-du-royaume-a-organiser-des-evenements-de-grande-envergure\/"]}]},{"@type":"ImageObject","inLanguage":"fr-FR","@id":"https:\/\/dpress.ma\/fr\/2025\/07\/16\/la-tenue-du-1er-championnat-du-monde-de-golf-scolaire-au-maroc-temoigne-de-la-capacite-du-royaume-a-organiser-des-evenements-de-grande-envergure\/#primaryimage","url":"https:\/\/dpress.ma\/fr\/wp-content\/uploads\/sites\/2\/2025\/07\/dimensions2-15.jpg","contentUrl":"https:\/\/dpress.ma\/fr\/wp-content\/uploads\/sites\/2\/2025\/07\/dimensions2-15.jpg","width":2539,"height":1594},{"@type":"BreadcrumbList","@id":"https:\/\/dpress.ma\/fr\/2025\/07\/16\/la-tenue-du-1er-championnat-du-monde-de-golf-scolaire-au-maroc-temoigne-de-la-capacite-du-royaume-a-organiser-des-evenements-de-grande-envergure\/#breadcrumb","itemListElement":[{"@type":"ListItem","position":1,"name":"Home","item":"https:\/\/dpress.ma\/fr\/"},{"@type":"ListItem","position":2,"name":"La tenue du 1er championnat du monde de golf scolaire au Maroc t\u00e9moigne de la capacit\u00e9 du Royaume \u00e0 organiser des \u00e9v\u00e8nements de grande envergure"}]},{"@type":"WebSite","@id":"https:\/\/dpress.ma\/fr\/#website","url":"https:\/\/dpress.ma\/fr\/","name":"Dpress.ma\/fr","description":"","potentialAction":[{"@type":"SearchAction","target":{"@type":"EntryPoint","urlTemplate":"https:\/\/dpress.ma\/fr\/?s={search_term_string}"},"query-input":{"@type":"PropertyValueSpecification","valueRequired":true,"valueName":"search_term_string"}}],"inLanguage":"fr-FR"},{"@type":"Person","@id":"https:\/\/dpress.ma\/fr\/#\/schema\/person\/4898febf3ccd59e6578d838656a306a0","name":"Dpress.ma","image":{"@type":"ImageObject","inLanguage":"fr-FR","@id":"https:\/\/secure.gravatar.com\/avatar\/72ecc30e9db047a2e0e7176561eb9d564ed77c8108376495b19bd8336405198a?s=96&d=mm&r=g","url":"https:\/\/secure.gravatar.com\/avatar\/72ecc30e9db047a2e0e7176561eb9d564ed77c8108376495b19bd8336405198a?s=96&d=mm&r=g","contentUrl":"https:\/\/secure.gravatar.com\/avatar\/72ecc30e9db047a2e0e7176561eb9d564ed77c8108376495b19bd8336405198a?s=96&d=mm&r=g","caption":"Dpress.ma"},"sameAs":["https:\/\/www.dpress.ma"],"url":"https:\/\/dpress.ma\/fr\/author\/dpress-ma\/"}]}},"amp_enabled":true,"_links":{"self":[{"href":"https:\/\/dpress.ma\/fr\/wp-json\/wp\/v2\/posts\/15523","targetHints":{"allow":["GET"]}}],"collection":[{"href":"https:\/\/dpress.ma\/fr\/wp-json\/wp\/v2\/posts"}],"about":[{"href":"https:\/\/dpress.ma\/fr\/wp-json\/wp\/v2\/types\/post"}],"author":[{"embeddable":true,"href":"https:\/\/dpress.ma\/fr\/wp-json\/wp\/v2\/users\/2"}],"replies":[{"embeddable":true,"href":"https:\/\/dpress.ma\/fr\/wp-json\/wp\/v2\/comments?post=15523"}],"version-history":[{"count":1,"href":"https:\/\/dpress.ma\/fr\/wp-json\/wp\/v2\/posts\/15523\/revisions"}],"predecessor-version":[{"id":15525,"href":"https:\/\/dpress.ma\/fr\/wp-json\/wp\/v2\/posts\/15523\/revisions\/15525"}],"wp:featuredmedia":[{"embeddable":true,"href":"https:\/\/dpress.ma\/fr\/wp-json\/wp\/v2\/media\/15524"}],"wp:attachment":[{"href":"https:\/\/dpress.ma\/fr\/wp-json\/wp\/v2\/media?parent=15523"}],"wp:term":[{"taxonomy":"category","embeddable":true,"href":"https:\/\/dpress.ma\/fr\/wp-json\/wp\/v2\/categories?post=15523"},{"taxonomy":"post_tag","embeddable":true,"href":"https:\/\/dpress.ma\/fr\/wp-json\/wp\/v2\/tags?post=15523"}],"curies":[{"name":"wp","href":"https:\/\/api.w.org\/{rel}","templated":true}]}}