{"id":15520,"date":"2025-07-15T13:34:27","date_gmt":"2025-07-15T13:34:27","guid":{"rendered":"https:\/\/dpress.ma\/fr\/?p=15520"},"modified":"2025-07-15T13:34:28","modified_gmt":"2025-07-15T13:34:28","slug":"ceremonie-a-la-base-aerienne-de-soutien-general-a-loccasion-de-la-fin-de-formation-du-39eme-contingent-des-appeles-au-service-militaire","status":"publish","type":"post","link":"https:\/\/dpress.ma\/fr\/2025\/07\/15\/ceremonie-a-la-base-aerienne-de-soutien-general-a-loccasion-de-la-fin-de-formation-du-39eme-contingent-des-appeles-au-service-militaire\/","title":{"rendered":"C\u00e9r\u00e9monie \u00e0 la Base a\u00e9rienne de soutien g\u00e9n\u00e9ral \u00e0 l\u2019occasion de la fin de formation du 39\u00e8me Contingent des Appel\u00e9s au Service militaire"},"content":{"rendered":"\n<p>dpress<\/p>\n\n\n\n<p>Une c\u00e9r\u00e9monie a \u00e9t\u00e9 organis\u00e9e hier \u00e0 la Base a\u00e9rienne de soutien g\u00e9n\u00e9ral (BASG) de Benslimane, \u00e0 l\u2019occasion de la fin de formation du 39\u00e8me Contingent des Appel\u00e9s.<\/p>\n\n\n\n<p>Pr\u00e9sid\u00e9e par le G\u00e9n\u00e9ral de Brigade Rachid Zemzoumi, Chef du Bureau de Recrutement de l\u2019Etat Major G\u00e9n\u00e9ral (EMG) des Forces Arm\u00e9es Royales (FAR), en pr\u00e9sence des repr\u00e9sentants des organes de l\u2019EMG des FAR et des officiers de la BASG, cette c\u00e9r\u00e9monie a \u00e9t\u00e9 marqu\u00e9e notamment par la remise des certificats de qualification professionnelle aux Appel\u00e9es qui se sont distingu\u00e9es au cours de leur formation, ainsi que des certificats d\u2019assiduit\u00e9 et de bonne conduite.<\/p>\n\n\n\n<p>A la Base a\u00e9rienne de soutien g\u00e9n\u00e9ral, elles sont 200 Appel\u00e9es \u00e0 avoir accompli la phase de qualification professionnelle du Service militaire de huit mois, r\u00e9parties entre 10 sp\u00e9cialit\u00e9s dispens\u00e9es par l\u2019Office de la Formation Professionnelle et de la Promotion du Travail (OFPPT), \u00e0 savoir: aide \u00e0 la personne, aide moniteur sport, \u00e9ducatrice du pr\u00e9scolaire, capitonnage, ouvri\u00e8re espace vert, informatique, secr\u00e9tariat, aide de protection et de surveillance, cuisini\u00e8re et serveuse.<\/p>\n\n\n\n<p>Dans un mot d\u2019ouverture de la c\u00e9r\u00e9monie, le Colonel Major Rachid Akkaoui, Commandant la Base a\u00e9rienne de soutien g\u00e9n\u00e9ral, a adress\u00e9, en sa qualit\u00e9 et au nom des Officiers, Officiers du rang et Militaires du rang qui ont contribu\u00e9 \u00e0 l\u2019encadrement, formation et entra\u00eenement du 39\u00e8me Contingent, ses f\u00e9licitations aux Appel\u00e9es pour l\u2019engagement, la discipline et la bonne conduite dont elles ont fait preuve tout au long de leur formation parmi les FAR.<\/p>\n\n\n\n<p>Ces qualit\u00e9s, a-t-il relev\u00e9, \u201cse refl\u00e8tent dans les bons r\u00e9sultats obtenus par les appel\u00e9es et qui ont permis d\u2019atteindre l\u2019objectif supr\u00eame du Service militaire\u201d.<\/p>\n\n\n\n<p>Cette journ\u00e9e a \u00e9galement \u00e9t\u00e9 marqu\u00e9e par la remise de dipl\u00f4mes de baccalaur\u00e9at \u00e0 10 Appel\u00e9es ayant r\u00e9ussi cette \u00e9ch\u00e9ance nationale pendant leur service militaire.<\/p>\n\n\n\n<p>le sous-lieutenant Safae Mouatadid, encadrante, a affirm\u00e9 que \u201cles Appel\u00e9es ont fait preuve d\u2019une grande d\u00e9termination et d\u2019un engagement in\u00e9branlable durant leur service militaire\u201d.<\/p>\n\n\n\n<p>\u201cJe suis convaincue que les dipl\u00f4mes qu\u2019elles ont re\u00e7u vont fortement faciliter leur int\u00e9gration dans le march\u00e9 du travail et leur ouvrir des perspectives prometteuses pour \u00eatre des actrices agissantes dans la soci\u00e9t\u00e9\u201d, a-t-elle soulign\u00e9.<\/p>\n\n\n\n<p>Dans des d\u00e9clarations similaires, des Appel\u00e9es ont exprim\u00e9 leur satisfaction quant au bon d\u00e9roulement de la formation militaire et la qualit\u00e9 de la qualification professionnelle. \u201cJe suis tr\u00e8s fi\u00e8re d\u2019avoir compl\u00e9t\u00e9 le service militaire avec succ\u00e8s\u201d, a d\u00e9clar\u00e9 l\u2019appel\u00e9e Chouhmane Kenza.<\/p>\n\n\n\n<p>\u201cC\u2019est la meilleure exp\u00e9rience de ma vie. Elle s\u2019est d\u00e9roul\u00e9e dans de tr\u00e8s bonnes conditions, en particulier la formation qui m\u2019a permis d\u2019acqu\u00e9rir de nombreuses comp\u00e9tences professionnelles et militaires, notamment dans ma sp\u00e9cialit\u00e9, le capitonnage\u201d, a-t-elle confi\u00e9.<\/p>\n\n\n\n<p>A l\u2019issue de la c\u00e9r\u00e9monie de remise des dipl\u00f4mes, un d\u00e9fil\u00e9 militaire a \u00e9t\u00e9 organis\u00e9 au sein de la Base a\u00e9rienne de soutien g\u00e9n\u00e9ral, en pr\u00e9sence notamment de repr\u00e9sentants de l\u2019OFPPT, de l\u2019Administration de la D\u00e9fense nationale et des autorit\u00e9s civiles.<\/p>\n","protected":false},"excerpt":{"rendered":"<p>dpress Une c\u00e9r\u00e9monie a \u00e9t\u00e9 organis\u00e9e hier \u00e0 la Base a\u00e9rienne de soutien g\u00e9n\u00e9ral (BASG) de Benslimane, \u00e0 l\u2019occasion de la fin de formation du 39\u00e8me Contingent des Appel\u00e9s. Pr\u00e9sid\u00e9e par le G\u00e9n\u00e9ral de Brigade Rachid Zemzoumi, Chef du Bureau de Recrutement de l\u2019Etat Major G\u00e9n\u00e9ral (EMG) des Forces Arm\u00e9es Royales (FAR), en pr\u00e9sence des &hellip;<\/p>\n","protected":false},"author":2,"featured_media":15521,"comment_status":"open","ping_status":"open","sticky":false,"template":"","format":"standard","meta":{"footnotes":""},"categories":[40],"tags":[],"class_list":["post-15520","post","type-post","status-publish","format-standard","has-post-thumbnail","hentry","category-societe-et-regions"],"yoast_head":"<!-- This site is optimized with the Yoast SEO plugin v27.5 - https:\/\/yoast.com\/product\/yoast-seo-wordpress\/ -->\n<title>C\u00e9r\u00e9monie \u00e0 la Base a\u00e9rienne de soutien g\u00e9n\u00e9ral \u00e0 l\u2019occasion de la fin de formation du 39\u00e8me Contingent des Appel\u00e9s au Service militaire - Dpress.ma\/fr<\/title>\n<meta name=\"robots\" content=\"index, follow, max-snippet:-1, max-image-preview:large, max-video-preview:-1\" \/>\n<link rel=\"canonical\" href=\"https:\/\/dpress.ma\/fr\/2025\/07\/15\/ceremonie-a-la-base-aerienne-de-soutien-general-a-loccasion-de-la-fin-de-formation-du-39eme-contingent-des-appeles-au-service-militaire\/\" \/>\n<meta property=\"og:locale\" content=\"fr_FR\" \/>\n<meta property=\"og:type\" content=\"article\" \/>\n<meta property=\"og:title\" content=\"C\u00e9r\u00e9monie \u00e0 la Base a\u00e9rienne de soutien g\u00e9n\u00e9ral \u00e0 l\u2019occasion de la fin de formation du 39\u00e8me Contingent des Appel\u00e9s au Service militaire - Dpress.ma\/fr\" \/>\n<meta property=\"og:description\" content=\"dpress Une c\u00e9r\u00e9monie a \u00e9t\u00e9 organis\u00e9e hier \u00e0 la Base a\u00e9rienne de soutien g\u00e9n\u00e9ral (BASG) de Benslimane, \u00e0 l\u2019occasion de la fin de formation du 39\u00e8me Contingent des Appel\u00e9s. Pr\u00e9sid\u00e9e par le G\u00e9n\u00e9ral de Brigade Rachid Zemzoumi, Chef du Bureau de Recrutement de l\u2019Etat Major G\u00e9n\u00e9ral (EMG) des Forces Arm\u00e9es Royales (FAR), en pr\u00e9sence des &hellip;\" \/>\n<meta property=\"og:url\" content=\"https:\/\/dpress.ma\/fr\/2025\/07\/15\/ceremonie-a-la-base-aerienne-de-soutien-general-a-loccasion-de-la-fin-de-formation-du-39eme-contingent-des-appeles-au-service-militaire\/\" \/>\n<meta property=\"og:site_name\" content=\"Dpress.ma\/fr\" \/>\n<meta property=\"article:published_time\" content=\"2025-07-15T13:34:27+00:00\" \/>\n<meta property=\"article:modified_time\" content=\"2025-07-15T13:34:28+00:00\" \/>\n<meta property=\"og:image\" content=\"https:\/\/dpress.ma\/fr\/wp-content\/uploads\/sites\/2\/2025\/07\/dimensions2-14.jpg\" \/>\n\t<meta property=\"og:image:width\" content=\"2539\" \/>\n\t<meta property=\"og:image:height\" content=\"1594\" \/>\n\t<meta property=\"og:image:type\" content=\"image\/jpeg\" \/>\n<meta name=\"author\" content=\"Dpress.ma\" \/>\n<meta name=\"twitter:card\" content=\"summary_large_image\" \/>\n<meta name=\"twitter:label1\" content=\"\u00c9crit par\" \/>\n\t<meta name=\"twitter:data1\" content=\"Dpress.ma\" \/>\n\t<meta name=\"twitter:label2\" content=\"Dur\u00e9e de lecture estim\u00e9e\" \/>\n\t<meta name=\"twitter:data2\" content=\"3 minutes\" \/>\n<script type=\"application\/ld+json\" class=\"yoast-schema-graph\">{\"@context\":\"https:\\\/\\\/schema.org\",\"@graph\":[{\"@type\":\"Article\",\"@id\":\"https:\\\/\\\/dpress.ma\\\/fr\\\/2025\\\/07\\\/15\\\/ceremonie-a-la-base-aerienne-de-soutien-general-a-loccasion-de-la-fin-de-formation-du-39eme-contingent-des-appeles-au-service-militaire\\\/#article\",\"isPartOf\":{\"@id\":\"https:\\\/\\\/dpress.ma\\\/fr\\\/2025\\\/07\\\/15\\\/ceremonie-a-la-base-aerienne-de-soutien-general-a-loccasion-de-la-fin-de-formation-du-39eme-contingent-des-appeles-au-service-militaire\\\/\"},\"author\":{\"name\":\"Dpress.ma\",\"@id\":\"https:\\\/\\\/dpress.ma\\\/fr\\\/#\\\/schema\\\/person\\\/4898febf3ccd59e6578d838656a306a0\"},\"headline\":\"C\u00e9r\u00e9monie \u00e0 la Base a\u00e9rienne de soutien g\u00e9n\u00e9ral \u00e0 l\u2019occasion de la fin de formation du 39\u00e8me Contingent des Appel\u00e9s au Service militaire\",\"datePublished\":\"2025-07-15T13:34:27+00:00\",\"dateModified\":\"2025-07-15T13:34:28+00:00\",\"mainEntityOfPage\":{\"@id\":\"https:\\\/\\\/dpress.ma\\\/fr\\\/2025\\\/07\\\/15\\\/ceremonie-a-la-base-aerienne-de-soutien-general-a-loccasion-de-la-fin-de-formation-du-39eme-contingent-des-appeles-au-service-militaire\\\/\"},\"wordCount\":599,\"commentCount\":0,\"image\":{\"@id\":\"https:\\\/\\\/dpress.ma\\\/fr\\\/2025\\\/07\\\/15\\\/ceremonie-a-la-base-aerienne-de-soutien-general-a-loccasion-de-la-fin-de-formation-du-39eme-contingent-des-appeles-au-service-militaire\\\/#primaryimage\"},\"thumbnailUrl\":\"https:\\\/\\\/dpress.ma\\\/fr\\\/wp-content\\\/uploads\\\/sites\\\/2\\\/2025\\\/07\\\/dimensions2-14.jpg\",\"articleSection\":[\"societe et regions\"],\"inLanguage\":\"fr-FR\",\"potentialAction\":[{\"@type\":\"CommentAction\",\"name\":\"Comment\",\"target\":[\"https:\\\/\\\/dpress.ma\\\/fr\\\/2025\\\/07\\\/15\\\/ceremonie-a-la-base-aerienne-de-soutien-general-a-loccasion-de-la-fin-de-formation-du-39eme-contingent-des-appeles-au-service-militaire\\\/#respond\"]}]},{\"@type\":\"WebPage\",\"@id\":\"https:\\\/\\\/dpress.ma\\\/fr\\\/2025\\\/07\\\/15\\\/ceremonie-a-la-base-aerienne-de-soutien-general-a-loccasion-de-la-fin-de-formation-du-39eme-contingent-des-appeles-au-service-militaire\\\/\",\"url\":\"https:\\\/\\\/dpress.ma\\\/fr\\\/2025\\\/07\\\/15\\\/ceremonie-a-la-base-aerienne-de-soutien-general-a-loccasion-de-la-fin-de-formation-du-39eme-contingent-des-appeles-au-service-militaire\\\/\",\"name\":\"C\u00e9r\u00e9monie \u00e0 la Base a\u00e9rienne de soutien g\u00e9n\u00e9ral \u00e0 l\u2019occasion de la fin de formation du 39\u00e8me Contingent des Appel\u00e9s au Service militaire - Dpress.ma\\\/fr\",\"isPartOf\":{\"@id\":\"https:\\\/\\\/dpress.ma\\\/fr\\\/#website\"},\"primaryImageOfPage\":{\"@id\":\"https:\\\/\\\/dpress.ma\\\/fr\\\/2025\\\/07\\\/15\\\/ceremonie-a-la-base-aerienne-de-soutien-general-a-loccasion-de-la-fin-de-formation-du-39eme-contingent-des-appeles-au-service-militaire\\\/#primaryimage\"},\"image\":{\"@id\":\"https:\\\/\\\/dpress.ma\\\/fr\\\/2025\\\/07\\\/15\\\/ceremonie-a-la-base-aerienne-de-soutien-general-a-loccasion-de-la-fin-de-formation-du-39eme-contingent-des-appeles-au-service-militaire\\\/#primaryimage\"},\"thumbnailUrl\":\"https:\\\/\\\/dpress.ma\\\/fr\\\/wp-content\\\/uploads\\\/sites\\\/2\\\/2025\\\/07\\\/dimensions2-14.jpg\",\"datePublished\":\"2025-07-15T13:34:27+00:00\",\"dateModified\":\"2025-07-15T13:34:28+00:00\",\"author\":{\"@id\":\"https:\\\/\\\/dpress.ma\\\/fr\\\/#\\\/schema\\\/person\\\/4898febf3ccd59e6578d838656a306a0\"},\"breadcrumb\":{\"@id\":\"https:\\\/\\\/dpress.ma\\\/fr\\\/2025\\\/07\\\/15\\\/ceremonie-a-la-base-aerienne-de-soutien-general-a-loccasion-de-la-fin-de-formation-du-39eme-contingent-des-appeles-au-service-militaire\\\/#breadcrumb\"},\"inLanguage\":\"fr-FR\",\"potentialAction\":[{\"@type\":\"ReadAction\",\"target\":[\"https:\\\/\\\/dpress.ma\\\/fr\\\/2025\\\/07\\\/15\\\/ceremonie-a-la-base-aerienne-de-soutien-general-a-loccasion-de-la-fin-de-formation-du-39eme-contingent-des-appeles-au-service-militaire\\\/\"]}]},{\"@type\":\"ImageObject\",\"inLanguage\":\"fr-FR\",\"@id\":\"https:\\\/\\\/dpress.ma\\\/fr\\\/2025\\\/07\\\/15\\\/ceremonie-a-la-base-aerienne-de-soutien-general-a-loccasion-de-la-fin-de-formation-du-39eme-contingent-des-appeles-au-service-militaire\\\/#primaryimage\",\"url\":\"https:\\\/\\\/dpress.ma\\\/fr\\\/wp-content\\\/uploads\\\/sites\\\/2\\\/2025\\\/07\\\/dimensions2-14.jpg\",\"contentUrl\":\"https:\\\/\\\/dpress.ma\\\/fr\\\/wp-content\\\/uploads\\\/sites\\\/2\\\/2025\\\/07\\\/dimensions2-14.jpg\",\"width\":2539,\"height\":1594},{\"@type\":\"BreadcrumbList\",\"@id\":\"https:\\\/\\\/dpress.ma\\\/fr\\\/2025\\\/07\\\/15\\\/ceremonie-a-la-base-aerienne-de-soutien-general-a-loccasion-de-la-fin-de-formation-du-39eme-contingent-des-appeles-au-service-militaire\\\/#breadcrumb\",\"itemListElement\":[{\"@type\":\"ListItem\",\"position\":1,\"name\":\"Home\",\"item\":\"https:\\\/\\\/dpress.ma\\\/fr\\\/\"},{\"@type\":\"ListItem\",\"position\":2,\"name\":\"C\u00e9r\u00e9monie \u00e0 la Base a\u00e9rienne de soutien g\u00e9n\u00e9ral \u00e0 l\u2019occasion de la fin de formation du 39\u00e8me Contingent des Appel\u00e9s au Service militaire\"}]},{\"@type\":\"WebSite\",\"@id\":\"https:\\\/\\\/dpress.ma\\\/fr\\\/#website\",\"url\":\"https:\\\/\\\/dpress.ma\\\/fr\\\/\",\"name\":\"Dpress.ma\\\/fr\",\"description\":\"\",\"potentialAction\":[{\"@type\":\"SearchAction\",\"target\":{\"@type\":\"EntryPoint\",\"urlTemplate\":\"https:\\\/\\\/dpress.ma\\\/fr\\\/?s={search_term_string}\"},\"query-input\":{\"@type\":\"PropertyValueSpecification\",\"valueRequired\":true,\"valueName\":\"search_term_string\"}}],\"inLanguage\":\"fr-FR\"},{\"@type\":\"Person\",\"@id\":\"https:\\\/\\\/dpress.ma\\\/fr\\\/#\\\/schema\\\/person\\\/4898febf3ccd59e6578d838656a306a0\",\"name\":\"Dpress.ma\",\"image\":{\"@type\":\"ImageObject\",\"inLanguage\":\"fr-FR\",\"@id\":\"https:\\\/\\\/secure.gravatar.com\\\/avatar\\\/72ecc30e9db047a2e0e7176561eb9d564ed77c8108376495b19bd8336405198a?s=96&d=mm&r=g\",\"url\":\"https:\\\/\\\/secure.gravatar.com\\\/avatar\\\/72ecc30e9db047a2e0e7176561eb9d564ed77c8108376495b19bd8336405198a?s=96&d=mm&r=g\",\"contentUrl\":\"https:\\\/\\\/secure.gravatar.com\\\/avatar\\\/72ecc30e9db047a2e0e7176561eb9d564ed77c8108376495b19bd8336405198a?s=96&d=mm&r=g\",\"caption\":\"Dpress.ma\"},\"sameAs\":[\"https:\\\/\\\/www.dpress.ma\"],\"url\":\"https:\\\/\\\/dpress.ma\\\/fr\\\/author\\\/dpress-ma\\\/\"}]}<\/script>\n<!-- \/ Yoast SEO plugin. -->","yoast_head_json":{"title":"C\u00e9r\u00e9monie \u00e0 la Base a\u00e9rienne de soutien g\u00e9n\u00e9ral \u00e0 l\u2019occasion de la fin de formation du 39\u00e8me Contingent des Appel\u00e9s au Service militaire - Dpress.ma\/fr","robots":{"index":"index","follow":"follow","max-snippet":"max-snippet:-1","max-image-preview":"max-image-preview:large","max-video-preview":"max-video-preview:-1"},"canonical":"https:\/\/dpress.ma\/fr\/2025\/07\/15\/ceremonie-a-la-base-aerienne-de-soutien-general-a-loccasion-de-la-fin-de-formation-du-39eme-contingent-des-appeles-au-service-militaire\/","og_locale":"fr_FR","og_type":"article","og_title":"C\u00e9r\u00e9monie \u00e0 la Base a\u00e9rienne de soutien g\u00e9n\u00e9ral \u00e0 l\u2019occasion de la fin de formation du 39\u00e8me Contingent des Appel\u00e9s au Service militaire - Dpress.ma\/fr","og_description":"dpress Une c\u00e9r\u00e9monie a \u00e9t\u00e9 organis\u00e9e hier \u00e0 la Base a\u00e9rienne de soutien g\u00e9n\u00e9ral (BASG) de Benslimane, \u00e0 l\u2019occasion de la fin de formation du 39\u00e8me Contingent des Appel\u00e9s. Pr\u00e9sid\u00e9e par le G\u00e9n\u00e9ral de Brigade Rachid Zemzoumi, Chef du Bureau de Recrutement de l\u2019Etat Major G\u00e9n\u00e9ral (EMG) des Forces Arm\u00e9es Royales (FAR), en pr\u00e9sence des &hellip;","og_url":"https:\/\/dpress.ma\/fr\/2025\/07\/15\/ceremonie-a-la-base-aerienne-de-soutien-general-a-loccasion-de-la-fin-de-formation-du-39eme-contingent-des-appeles-au-service-militaire\/","og_site_name":"Dpress.ma\/fr","article_published_time":"2025-07-15T13:34:27+00:00","article_modified_time":"2025-07-15T13:34:28+00:00","og_image":[{"width":2539,"height":1594,"url":"https:\/\/dpress.ma\/fr\/wp-content\/uploads\/sites\/2\/2025\/07\/dimensions2-14.jpg","type":"image\/jpeg"}],"author":"Dpress.ma","twitter_card":"summary_large_image","twitter_misc":{"\u00c9crit par":"Dpress.ma","Dur\u00e9e de lecture estim\u00e9e":"3 minutes"},"schema":{"@context":"https:\/\/schema.org","@graph":[{"@type":"Article","@id":"https:\/\/dpress.ma\/fr\/2025\/07\/15\/ceremonie-a-la-base-aerienne-de-soutien-general-a-loccasion-de-la-fin-de-formation-du-39eme-contingent-des-appeles-au-service-militaire\/#article","isPartOf":{"@id":"https:\/\/dpress.ma\/fr\/2025\/07\/15\/ceremonie-a-la-base-aerienne-de-soutien-general-a-loccasion-de-la-fin-de-formation-du-39eme-contingent-des-appeles-au-service-militaire\/"},"author":{"name":"Dpress.ma","@id":"https:\/\/dpress.ma\/fr\/#\/schema\/person\/4898febf3ccd59e6578d838656a306a0"},"headline":"C\u00e9r\u00e9monie \u00e0 la Base a\u00e9rienne de soutien g\u00e9n\u00e9ral \u00e0 l\u2019occasion de la fin de formation du 39\u00e8me Contingent des Appel\u00e9s au Service militaire","datePublished":"2025-07-15T13:34:27+00:00","dateModified":"2025-07-15T13:34:28+00:00","mainEntityOfPage":{"@id":"https:\/\/dpress.ma\/fr\/2025\/07\/15\/ceremonie-a-la-base-aerienne-de-soutien-general-a-loccasion-de-la-fin-de-formation-du-39eme-contingent-des-appeles-au-service-militaire\/"},"wordCount":599,"commentCount":0,"image":{"@id":"https:\/\/dpress.ma\/fr\/2025\/07\/15\/ceremonie-a-la-base-aerienne-de-soutien-general-a-loccasion-de-la-fin-de-formation-du-39eme-contingent-des-appeles-au-service-militaire\/#primaryimage"},"thumbnailUrl":"https:\/\/dpress.ma\/fr\/wp-content\/uploads\/sites\/2\/2025\/07\/dimensions2-14.jpg","articleSection":["societe et regions"],"inLanguage":"fr-FR","potentialAction":[{"@type":"CommentAction","name":"Comment","target":["https:\/\/dpress.ma\/fr\/2025\/07\/15\/ceremonie-a-la-base-aerienne-de-soutien-general-a-loccasion-de-la-fin-de-formation-du-39eme-contingent-des-appeles-au-service-militaire\/#respond"]}]},{"@type":"WebPage","@id":"https:\/\/dpress.ma\/fr\/2025\/07\/15\/ceremonie-a-la-base-aerienne-de-soutien-general-a-loccasion-de-la-fin-de-formation-du-39eme-contingent-des-appeles-au-service-militaire\/","url":"https:\/\/dpress.ma\/fr\/2025\/07\/15\/ceremonie-a-la-base-aerienne-de-soutien-general-a-loccasion-de-la-fin-de-formation-du-39eme-contingent-des-appeles-au-service-militaire\/","name":"C\u00e9r\u00e9monie \u00e0 la Base a\u00e9rienne de soutien g\u00e9n\u00e9ral \u00e0 l\u2019occasion de la fin de formation du 39\u00e8me Contingent des Appel\u00e9s au Service militaire - Dpress.ma\/fr","isPartOf":{"@id":"https:\/\/dpress.ma\/fr\/#website"},"primaryImageOfPage":{"@id":"https:\/\/dpress.ma\/fr\/2025\/07\/15\/ceremonie-a-la-base-aerienne-de-soutien-general-a-loccasion-de-la-fin-de-formation-du-39eme-contingent-des-appeles-au-service-militaire\/#primaryimage"},"image":{"@id":"https:\/\/dpress.ma\/fr\/2025\/07\/15\/ceremonie-a-la-base-aerienne-de-soutien-general-a-loccasion-de-la-fin-de-formation-du-39eme-contingent-des-appeles-au-service-militaire\/#primaryimage"},"thumbnailUrl":"https:\/\/dpress.ma\/fr\/wp-content\/uploads\/sites\/2\/2025\/07\/dimensions2-14.jpg","datePublished":"2025-07-15T13:34:27+00:00","dateModified":"2025-07-15T13:34:28+00:00","author":{"@id":"https:\/\/dpress.ma\/fr\/#\/schema\/person\/4898febf3ccd59e6578d838656a306a0"},"breadcrumb":{"@id":"https:\/\/dpress.ma\/fr\/2025\/07\/15\/ceremonie-a-la-base-aerienne-de-soutien-general-a-loccasion-de-la-fin-de-formation-du-39eme-contingent-des-appeles-au-service-militaire\/#breadcrumb"},"inLanguage":"fr-FR","potentialAction":[{"@type":"ReadAction","target":["https:\/\/dpress.ma\/fr\/2025\/07\/15\/ceremonie-a-la-base-aerienne-de-soutien-general-a-loccasion-de-la-fin-de-formation-du-39eme-contingent-des-appeles-au-service-militaire\/"]}]},{"@type":"ImageObject","inLanguage":"fr-FR","@id":"https:\/\/dpress.ma\/fr\/2025\/07\/15\/ceremonie-a-la-base-aerienne-de-soutien-general-a-loccasion-de-la-fin-de-formation-du-39eme-contingent-des-appeles-au-service-militaire\/#primaryimage","url":"https:\/\/dpress.ma\/fr\/wp-content\/uploads\/sites\/2\/2025\/07\/dimensions2-14.jpg","contentUrl":"https:\/\/dpress.ma\/fr\/wp-content\/uploads\/sites\/2\/2025\/07\/dimensions2-14.jpg","width":2539,"height":1594},{"@type":"BreadcrumbList","@id":"https:\/\/dpress.ma\/fr\/2025\/07\/15\/ceremonie-a-la-base-aerienne-de-soutien-general-a-loccasion-de-la-fin-de-formation-du-39eme-contingent-des-appeles-au-service-militaire\/#breadcrumb","itemListElement":[{"@type":"ListItem","position":1,"name":"Home","item":"https:\/\/dpress.ma\/fr\/"},{"@type":"ListItem","position":2,"name":"C\u00e9r\u00e9monie \u00e0 la Base a\u00e9rienne de soutien g\u00e9n\u00e9ral \u00e0 l\u2019occasion de la fin de formation du 39\u00e8me Contingent des Appel\u00e9s au Service militaire"}]},{"@type":"WebSite","@id":"https:\/\/dpress.ma\/fr\/#website","url":"https:\/\/dpress.ma\/fr\/","name":"Dpress.ma\/fr","description":"","potentialAction":[{"@type":"SearchAction","target":{"@type":"EntryPoint","urlTemplate":"https:\/\/dpress.ma\/fr\/?s={search_term_string}"},"query-input":{"@type":"PropertyValueSpecification","valueRequired":true,"valueName":"search_term_string"}}],"inLanguage":"fr-FR"},{"@type":"Person","@id":"https:\/\/dpress.ma\/fr\/#\/schema\/person\/4898febf3ccd59e6578d838656a306a0","name":"Dpress.ma","image":{"@type":"ImageObject","inLanguage":"fr-FR","@id":"https:\/\/secure.gravatar.com\/avatar\/72ecc30e9db047a2e0e7176561eb9d564ed77c8108376495b19bd8336405198a?s=96&d=mm&r=g","url":"https:\/\/secure.gravatar.com\/avatar\/72ecc30e9db047a2e0e7176561eb9d564ed77c8108376495b19bd8336405198a?s=96&d=mm&r=g","contentUrl":"https:\/\/secure.gravatar.com\/avatar\/72ecc30e9db047a2e0e7176561eb9d564ed77c8108376495b19bd8336405198a?s=96&d=mm&r=g","caption":"Dpress.ma"},"sameAs":["https:\/\/www.dpress.ma"],"url":"https:\/\/dpress.ma\/fr\/author\/dpress-ma\/"}]}},"amp_enabled":true,"_links":{"self":[{"href":"https:\/\/dpress.ma\/fr\/wp-json\/wp\/v2\/posts\/15520","targetHints":{"allow":["GET"]}}],"collection":[{"href":"https:\/\/dpress.ma\/fr\/wp-json\/wp\/v2\/posts"}],"about":[{"href":"https:\/\/dpress.ma\/fr\/wp-json\/wp\/v2\/types\/post"}],"author":[{"embeddable":true,"href":"https:\/\/dpress.ma\/fr\/wp-json\/wp\/v2\/users\/2"}],"replies":[{"embeddable":true,"href":"https:\/\/dpress.ma\/fr\/wp-json\/wp\/v2\/comments?post=15520"}],"version-history":[{"count":1,"href":"https:\/\/dpress.ma\/fr\/wp-json\/wp\/v2\/posts\/15520\/revisions"}],"predecessor-version":[{"id":15522,"href":"https:\/\/dpress.ma\/fr\/wp-json\/wp\/v2\/posts\/15520\/revisions\/15522"}],"wp:featuredmedia":[{"embeddable":true,"href":"https:\/\/dpress.ma\/fr\/wp-json\/wp\/v2\/media\/15521"}],"wp:attachment":[{"href":"https:\/\/dpress.ma\/fr\/wp-json\/wp\/v2\/media?parent=15520"}],"wp:term":[{"taxonomy":"category","embeddable":true,"href":"https:\/\/dpress.ma\/fr\/wp-json\/wp\/v2\/categories?post=15520"},{"taxonomy":"post_tag","embeddable":true,"href":"https:\/\/dpress.ma\/fr\/wp-json\/wp\/v2\/tags?post=15520"}],"curies":[{"name":"wp","href":"https:\/\/api.w.org\/{rel}","templated":true}]}}