{"id":15514,"date":"2025-07-15T13:21:27","date_gmt":"2025-07-15T13:21:27","guid":{"rendered":"https:\/\/dpress.ma\/fr\/?p=15514"},"modified":"2025-07-15T13:21:28","modified_gmt":"2025-07-15T13:21:28","slug":"le-premier-vice-president-de-la-chambre-des-representants-recoit-une-delegation-du-parlement-jordanien","status":"publish","type":"post","link":"https:\/\/dpress.ma\/fr\/2025\/07\/15\/le-premier-vice-president-de-la-chambre-des-representants-recoit-une-delegation-du-parlement-jordanien\/","title":{"rendered":"Le premier vice-pr\u00e9sident de la Chambre des repr\u00e9sentants re\u00e7oit une d\u00e9l\u00e9gation du Parlement jordanien"},"content":{"rendered":"\n<p>dpress<\/p>\n\n\n\n<p>Le premier vice-pr\u00e9sident de la Chambre des repr\u00e9sentants, Mohamed Sabbari, a re\u00e7u, hier \u00e0 Rabat, une d\u00e9l\u00e9gation de la Chambre des repr\u00e9sentants jordanienne en visite de travail au Maroc, conduite par le pr\u00e9sident de la commission des finances, Nimer Abdul Hamid Abdullah Al-Fuqaha Al-Abbad.<\/p>\n\n\n\n<p>A cette occasion, M. Sabbari a mis en avant les relations fraternelles \u00e9troites unissant le Royaume du Maroc et le Royaume Hach\u00e9mite de Jordanie, sous la conduite de Sa Majest\u00e9 le Roi Mohammed VI, et de Son fr\u00e8re, SM le Roi Abdallah II, indique un communiqu\u00e9 de la Chambre.<\/p>\n\n\n\n<p>Il a, dans ce sens, fait part de la volont\u00e9 de la Chambre des repr\u00e9sentants de renforcer et de consolider la coop\u00e9ration avec son homologue jordanien \u00e0 tous les niveaux, soulignant l\u2019importance des \u00e9changes de visites et de bonnes pratiques entre les commissions parlementaires, notamment \u00e0 travers le Groupe d\u2019amiti\u00e9 parlementaire Maroc-Jordanie.<\/p>\n\n\n\n<p>Cette rencontre a \u00e9galement \u00e9t\u00e9 l\u2019occasion pour le premier vice-pr\u00e9sident de saluer la position constante du Royaume hach\u00e9mite de Jordanie en faveur de l\u2019int\u00e9grit\u00e9 territoriale du Maroc et de l\u2019initiative d\u2019autonomie propos\u00e9e par le Royaume pour r\u00e9soudre le diff\u00e9rend artificiel autour du Sahara marocain.<\/p>\n\n\n\n<p>Pour sa part, le pr\u00e9sident de la commission des finances \u00e0 la Chambre des repr\u00e9sentants jordanienne a indiqu\u00e9 que cette visite offre l\u2019opportunit\u00e9 de s\u2019informer de l\u2019exp\u00e9rience de la Chambre des repr\u00e9sentants marocaine en mati\u00e8re de contr\u00f4le financier, soulignant l\u2019ambition de la Chambre des repr\u00e9sentants jordanienne d\u2019\u00e9tablir des relations solides entre les commissions parlementaires, ainsi qu\u2019entre les deux groupes d\u2019amiti\u00e9 dans les deux institutions, le but \u00e9tant de consolider davantage la coop\u00e9ration bilat\u00e9rale conform\u00e9ment aux aspirations des Chefs d\u2019\u00c9tat des deux pays et au service des int\u00e9r\u00eats des peuples fr\u00e8res jordanien et marocain.<\/p>\n\n\n\n<p>La visite de cette d\u00e9l\u00e9gation parlementaire jordanienne s\u2019inscrit dans le cadre du programme de coop\u00e9ration mis en \u0153uvre entre la Chambre des repr\u00e9sentants jordanienne et la Fondation Westminster pour la d\u00e9mocratie, dans l\u2019objectif de s\u2019enqu\u00e9rir de la pratique parlementaire marocaine en mati\u00e8re de contr\u00f4le financier, ajoute la m\u00eame source.<\/p>\n","protected":false},"excerpt":{"rendered":"<p>dpress Le premier vice-pr\u00e9sident de la Chambre des repr\u00e9sentants, Mohamed Sabbari, a re\u00e7u, hier \u00e0 Rabat, une d\u00e9l\u00e9gation de la Chambre des repr\u00e9sentants jordanienne en visite de travail au Maroc, conduite par le pr\u00e9sident de la commission des finances, Nimer Abdul Hamid Abdullah Al-Fuqaha Al-Abbad. A cette occasion, M. Sabbari a mis en avant les &hellip;<\/p>\n","protected":false},"author":2,"featured_media":15515,"comment_status":"open","ping_status":"open","sticky":false,"template":"","format":"standard","meta":{"footnotes":""},"categories":[34],"tags":[],"class_list":["post-15514","post","type-post","status-publish","format-standard","has-post-thumbnail","hentry","category-diplomatie-parlementaire"],"yoast_head":"<!-- This site is optimized with the Yoast SEO plugin v27.5 - https:\/\/yoast.com\/product\/yoast-seo-wordpress\/ -->\n<title>Le premier vice-pr\u00e9sident de la Chambre des repr\u00e9sentants re\u00e7oit une d\u00e9l\u00e9gation du Parlement jordanien - Dpress.ma\/fr<\/title>\n<meta name=\"robots\" content=\"index, follow, max-snippet:-1, max-image-preview:large, max-video-preview:-1\" \/>\n<link rel=\"canonical\" href=\"https:\/\/dpress.ma\/fr\/2025\/07\/15\/le-premier-vice-president-de-la-chambre-des-representants-recoit-une-delegation-du-parlement-jordanien\/\" \/>\n<meta property=\"og:locale\" content=\"fr_FR\" \/>\n<meta property=\"og:type\" content=\"article\" \/>\n<meta property=\"og:title\" content=\"Le premier vice-pr\u00e9sident de la Chambre des repr\u00e9sentants re\u00e7oit une d\u00e9l\u00e9gation du Parlement jordanien - Dpress.ma\/fr\" \/>\n<meta property=\"og:description\" content=\"dpress Le premier vice-pr\u00e9sident de la Chambre des repr\u00e9sentants, Mohamed Sabbari, a re\u00e7u, hier \u00e0 Rabat, une d\u00e9l\u00e9gation de la Chambre des repr\u00e9sentants jordanienne en visite de travail au Maroc, conduite par le pr\u00e9sident de la commission des finances, Nimer Abdul Hamid Abdullah Al-Fuqaha Al-Abbad. A cette occasion, M. Sabbari a mis en avant les &hellip;\" \/>\n<meta property=\"og:url\" content=\"https:\/\/dpress.ma\/fr\/2025\/07\/15\/le-premier-vice-president-de-la-chambre-des-representants-recoit-une-delegation-du-parlement-jordanien\/\" \/>\n<meta property=\"og:site_name\" content=\"Dpress.ma\/fr\" \/>\n<meta property=\"article:published_time\" content=\"2025-07-15T13:21:27+00:00\" \/>\n<meta property=\"article:modified_time\" content=\"2025-07-15T13:21:28+00:00\" \/>\n<meta property=\"og:image\" content=\"https:\/\/dpress.ma\/fr\/wp-content\/uploads\/sites\/2\/2025\/07\/dimensions2-12.jpg\" \/>\n\t<meta property=\"og:image:width\" content=\"2539\" \/>\n\t<meta property=\"og:image:height\" content=\"1594\" \/>\n\t<meta property=\"og:image:type\" content=\"image\/jpeg\" \/>\n<meta name=\"author\" content=\"Dpress.ma\" \/>\n<meta name=\"twitter:card\" content=\"summary_large_image\" \/>\n<meta name=\"twitter:label1\" content=\"\u00c9crit par\" \/>\n\t<meta name=\"twitter:data1\" content=\"Dpress.ma\" \/>\n\t<meta name=\"twitter:label2\" content=\"Dur\u00e9e de lecture estim\u00e9e\" \/>\n\t<meta name=\"twitter:data2\" content=\"2 minutes\" \/>\n<script type=\"application\/ld+json\" class=\"yoast-schema-graph\">{\"@context\":\"https:\\\/\\\/schema.org\",\"@graph\":[{\"@type\":\"Article\",\"@id\":\"https:\\\/\\\/dpress.ma\\\/fr\\\/2025\\\/07\\\/15\\\/le-premier-vice-president-de-la-chambre-des-representants-recoit-une-delegation-du-parlement-jordanien\\\/#article\",\"isPartOf\":{\"@id\":\"https:\\\/\\\/dpress.ma\\\/fr\\\/2025\\\/07\\\/15\\\/le-premier-vice-president-de-la-chambre-des-representants-recoit-une-delegation-du-parlement-jordanien\\\/\"},\"author\":{\"name\":\"Dpress.ma\",\"@id\":\"https:\\\/\\\/dpress.ma\\\/fr\\\/#\\\/schema\\\/person\\\/4898febf3ccd59e6578d838656a306a0\"},\"headline\":\"Le premier vice-pr\u00e9sident de la Chambre des repr\u00e9sentants re\u00e7oit une d\u00e9l\u00e9gation du Parlement jordanien\",\"datePublished\":\"2025-07-15T13:21:27+00:00\",\"dateModified\":\"2025-07-15T13:21:28+00:00\",\"mainEntityOfPage\":{\"@id\":\"https:\\\/\\\/dpress.ma\\\/fr\\\/2025\\\/07\\\/15\\\/le-premier-vice-president-de-la-chambre-des-representants-recoit-une-delegation-du-parlement-jordanien\\\/\"},\"wordCount\":403,\"commentCount\":0,\"image\":{\"@id\":\"https:\\\/\\\/dpress.ma\\\/fr\\\/2025\\\/07\\\/15\\\/le-premier-vice-president-de-la-chambre-des-representants-recoit-une-delegation-du-parlement-jordanien\\\/#primaryimage\"},\"thumbnailUrl\":\"https:\\\/\\\/dpress.ma\\\/fr\\\/wp-content\\\/uploads\\\/sites\\\/2\\\/2025\\\/07\\\/dimensions2-12.jpg\",\"articleSection\":[\"Diplomatie Parlementaire\"],\"inLanguage\":\"fr-FR\",\"potentialAction\":[{\"@type\":\"CommentAction\",\"name\":\"Comment\",\"target\":[\"https:\\\/\\\/dpress.ma\\\/fr\\\/2025\\\/07\\\/15\\\/le-premier-vice-president-de-la-chambre-des-representants-recoit-une-delegation-du-parlement-jordanien\\\/#respond\"]}]},{\"@type\":\"WebPage\",\"@id\":\"https:\\\/\\\/dpress.ma\\\/fr\\\/2025\\\/07\\\/15\\\/le-premier-vice-president-de-la-chambre-des-representants-recoit-une-delegation-du-parlement-jordanien\\\/\",\"url\":\"https:\\\/\\\/dpress.ma\\\/fr\\\/2025\\\/07\\\/15\\\/le-premier-vice-president-de-la-chambre-des-representants-recoit-une-delegation-du-parlement-jordanien\\\/\",\"name\":\"Le premier vice-pr\u00e9sident de la Chambre des repr\u00e9sentants re\u00e7oit une d\u00e9l\u00e9gation du Parlement jordanien - Dpress.ma\\\/fr\",\"isPartOf\":{\"@id\":\"https:\\\/\\\/dpress.ma\\\/fr\\\/#website\"},\"primaryImageOfPage\":{\"@id\":\"https:\\\/\\\/dpress.ma\\\/fr\\\/2025\\\/07\\\/15\\\/le-premier-vice-president-de-la-chambre-des-representants-recoit-une-delegation-du-parlement-jordanien\\\/#primaryimage\"},\"image\":{\"@id\":\"https:\\\/\\\/dpress.ma\\\/fr\\\/2025\\\/07\\\/15\\\/le-premier-vice-president-de-la-chambre-des-representants-recoit-une-delegation-du-parlement-jordanien\\\/#primaryimage\"},\"thumbnailUrl\":\"https:\\\/\\\/dpress.ma\\\/fr\\\/wp-content\\\/uploads\\\/sites\\\/2\\\/2025\\\/07\\\/dimensions2-12.jpg\",\"datePublished\":\"2025-07-15T13:21:27+00:00\",\"dateModified\":\"2025-07-15T13:21:28+00:00\",\"author\":{\"@id\":\"https:\\\/\\\/dpress.ma\\\/fr\\\/#\\\/schema\\\/person\\\/4898febf3ccd59e6578d838656a306a0\"},\"breadcrumb\":{\"@id\":\"https:\\\/\\\/dpress.ma\\\/fr\\\/2025\\\/07\\\/15\\\/le-premier-vice-president-de-la-chambre-des-representants-recoit-une-delegation-du-parlement-jordanien\\\/#breadcrumb\"},\"inLanguage\":\"fr-FR\",\"potentialAction\":[{\"@type\":\"ReadAction\",\"target\":[\"https:\\\/\\\/dpress.ma\\\/fr\\\/2025\\\/07\\\/15\\\/le-premier-vice-president-de-la-chambre-des-representants-recoit-une-delegation-du-parlement-jordanien\\\/\"]}]},{\"@type\":\"ImageObject\",\"inLanguage\":\"fr-FR\",\"@id\":\"https:\\\/\\\/dpress.ma\\\/fr\\\/2025\\\/07\\\/15\\\/le-premier-vice-president-de-la-chambre-des-representants-recoit-une-delegation-du-parlement-jordanien\\\/#primaryimage\",\"url\":\"https:\\\/\\\/dpress.ma\\\/fr\\\/wp-content\\\/uploads\\\/sites\\\/2\\\/2025\\\/07\\\/dimensions2-12.jpg\",\"contentUrl\":\"https:\\\/\\\/dpress.ma\\\/fr\\\/wp-content\\\/uploads\\\/sites\\\/2\\\/2025\\\/07\\\/dimensions2-12.jpg\",\"width\":2539,\"height\":1594},{\"@type\":\"BreadcrumbList\",\"@id\":\"https:\\\/\\\/dpress.ma\\\/fr\\\/2025\\\/07\\\/15\\\/le-premier-vice-president-de-la-chambre-des-representants-recoit-une-delegation-du-parlement-jordanien\\\/#breadcrumb\",\"itemListElement\":[{\"@type\":\"ListItem\",\"position\":1,\"name\":\"Home\",\"item\":\"https:\\\/\\\/dpress.ma\\\/fr\\\/\"},{\"@type\":\"ListItem\",\"position\":2,\"name\":\"Le premier vice-pr\u00e9sident de la Chambre des repr\u00e9sentants re\u00e7oit une d\u00e9l\u00e9gation du Parlement jordanien\"}]},{\"@type\":\"WebSite\",\"@id\":\"https:\\\/\\\/dpress.ma\\\/fr\\\/#website\",\"url\":\"https:\\\/\\\/dpress.ma\\\/fr\\\/\",\"name\":\"Dpress.ma\\\/fr\",\"description\":\"\",\"potentialAction\":[{\"@type\":\"SearchAction\",\"target\":{\"@type\":\"EntryPoint\",\"urlTemplate\":\"https:\\\/\\\/dpress.ma\\\/fr\\\/?s={search_term_string}\"},\"query-input\":{\"@type\":\"PropertyValueSpecification\",\"valueRequired\":true,\"valueName\":\"search_term_string\"}}],\"inLanguage\":\"fr-FR\"},{\"@type\":\"Person\",\"@id\":\"https:\\\/\\\/dpress.ma\\\/fr\\\/#\\\/schema\\\/person\\\/4898febf3ccd59e6578d838656a306a0\",\"name\":\"Dpress.ma\",\"image\":{\"@type\":\"ImageObject\",\"inLanguage\":\"fr-FR\",\"@id\":\"https:\\\/\\\/secure.gravatar.com\\\/avatar\\\/72ecc30e9db047a2e0e7176561eb9d564ed77c8108376495b19bd8336405198a?s=96&d=mm&r=g\",\"url\":\"https:\\\/\\\/secure.gravatar.com\\\/avatar\\\/72ecc30e9db047a2e0e7176561eb9d564ed77c8108376495b19bd8336405198a?s=96&d=mm&r=g\",\"contentUrl\":\"https:\\\/\\\/secure.gravatar.com\\\/avatar\\\/72ecc30e9db047a2e0e7176561eb9d564ed77c8108376495b19bd8336405198a?s=96&d=mm&r=g\",\"caption\":\"Dpress.ma\"},\"sameAs\":[\"https:\\\/\\\/www.dpress.ma\"],\"url\":\"https:\\\/\\\/dpress.ma\\\/fr\\\/author\\\/dpress-ma\\\/\"}]}<\/script>\n<!-- \/ Yoast SEO plugin. -->","yoast_head_json":{"title":"Le premier vice-pr\u00e9sident de la Chambre des repr\u00e9sentants re\u00e7oit une d\u00e9l\u00e9gation du Parlement jordanien - Dpress.ma\/fr","robots":{"index":"index","follow":"follow","max-snippet":"max-snippet:-1","max-image-preview":"max-image-preview:large","max-video-preview":"max-video-preview:-1"},"canonical":"https:\/\/dpress.ma\/fr\/2025\/07\/15\/le-premier-vice-president-de-la-chambre-des-representants-recoit-une-delegation-du-parlement-jordanien\/","og_locale":"fr_FR","og_type":"article","og_title":"Le premier vice-pr\u00e9sident de la Chambre des repr\u00e9sentants re\u00e7oit une d\u00e9l\u00e9gation du Parlement jordanien - Dpress.ma\/fr","og_description":"dpress Le premier vice-pr\u00e9sident de la Chambre des repr\u00e9sentants, Mohamed Sabbari, a re\u00e7u, hier \u00e0 Rabat, une d\u00e9l\u00e9gation de la Chambre des repr\u00e9sentants jordanienne en visite de travail au Maroc, conduite par le pr\u00e9sident de la commission des finances, Nimer Abdul Hamid Abdullah Al-Fuqaha Al-Abbad. A cette occasion, M. Sabbari a mis en avant les &hellip;","og_url":"https:\/\/dpress.ma\/fr\/2025\/07\/15\/le-premier-vice-president-de-la-chambre-des-representants-recoit-une-delegation-du-parlement-jordanien\/","og_site_name":"Dpress.ma\/fr","article_published_time":"2025-07-15T13:21:27+00:00","article_modified_time":"2025-07-15T13:21:28+00:00","og_image":[{"width":2539,"height":1594,"url":"https:\/\/dpress.ma\/fr\/wp-content\/uploads\/sites\/2\/2025\/07\/dimensions2-12.jpg","type":"image\/jpeg"}],"author":"Dpress.ma","twitter_card":"summary_large_image","twitter_misc":{"\u00c9crit par":"Dpress.ma","Dur\u00e9e de lecture estim\u00e9e":"2 minutes"},"schema":{"@context":"https:\/\/schema.org","@graph":[{"@type":"Article","@id":"https:\/\/dpress.ma\/fr\/2025\/07\/15\/le-premier-vice-president-de-la-chambre-des-representants-recoit-une-delegation-du-parlement-jordanien\/#article","isPartOf":{"@id":"https:\/\/dpress.ma\/fr\/2025\/07\/15\/le-premier-vice-president-de-la-chambre-des-representants-recoit-une-delegation-du-parlement-jordanien\/"},"author":{"name":"Dpress.ma","@id":"https:\/\/dpress.ma\/fr\/#\/schema\/person\/4898febf3ccd59e6578d838656a306a0"},"headline":"Le premier vice-pr\u00e9sident de la Chambre des repr\u00e9sentants re\u00e7oit une d\u00e9l\u00e9gation du Parlement jordanien","datePublished":"2025-07-15T13:21:27+00:00","dateModified":"2025-07-15T13:21:28+00:00","mainEntityOfPage":{"@id":"https:\/\/dpress.ma\/fr\/2025\/07\/15\/le-premier-vice-president-de-la-chambre-des-representants-recoit-une-delegation-du-parlement-jordanien\/"},"wordCount":403,"commentCount":0,"image":{"@id":"https:\/\/dpress.ma\/fr\/2025\/07\/15\/le-premier-vice-president-de-la-chambre-des-representants-recoit-une-delegation-du-parlement-jordanien\/#primaryimage"},"thumbnailUrl":"https:\/\/dpress.ma\/fr\/wp-content\/uploads\/sites\/2\/2025\/07\/dimensions2-12.jpg","articleSection":["Diplomatie Parlementaire"],"inLanguage":"fr-FR","potentialAction":[{"@type":"CommentAction","name":"Comment","target":["https:\/\/dpress.ma\/fr\/2025\/07\/15\/le-premier-vice-president-de-la-chambre-des-representants-recoit-une-delegation-du-parlement-jordanien\/#respond"]}]},{"@type":"WebPage","@id":"https:\/\/dpress.ma\/fr\/2025\/07\/15\/le-premier-vice-president-de-la-chambre-des-representants-recoit-une-delegation-du-parlement-jordanien\/","url":"https:\/\/dpress.ma\/fr\/2025\/07\/15\/le-premier-vice-president-de-la-chambre-des-representants-recoit-une-delegation-du-parlement-jordanien\/","name":"Le premier vice-pr\u00e9sident de la Chambre des repr\u00e9sentants re\u00e7oit une d\u00e9l\u00e9gation du Parlement jordanien - Dpress.ma\/fr","isPartOf":{"@id":"https:\/\/dpress.ma\/fr\/#website"},"primaryImageOfPage":{"@id":"https:\/\/dpress.ma\/fr\/2025\/07\/15\/le-premier-vice-president-de-la-chambre-des-representants-recoit-une-delegation-du-parlement-jordanien\/#primaryimage"},"image":{"@id":"https:\/\/dpress.ma\/fr\/2025\/07\/15\/le-premier-vice-president-de-la-chambre-des-representants-recoit-une-delegation-du-parlement-jordanien\/#primaryimage"},"thumbnailUrl":"https:\/\/dpress.ma\/fr\/wp-content\/uploads\/sites\/2\/2025\/07\/dimensions2-12.jpg","datePublished":"2025-07-15T13:21:27+00:00","dateModified":"2025-07-15T13:21:28+00:00","author":{"@id":"https:\/\/dpress.ma\/fr\/#\/schema\/person\/4898febf3ccd59e6578d838656a306a0"},"breadcrumb":{"@id":"https:\/\/dpress.ma\/fr\/2025\/07\/15\/le-premier-vice-president-de-la-chambre-des-representants-recoit-une-delegation-du-parlement-jordanien\/#breadcrumb"},"inLanguage":"fr-FR","potentialAction":[{"@type":"ReadAction","target":["https:\/\/dpress.ma\/fr\/2025\/07\/15\/le-premier-vice-president-de-la-chambre-des-representants-recoit-une-delegation-du-parlement-jordanien\/"]}]},{"@type":"ImageObject","inLanguage":"fr-FR","@id":"https:\/\/dpress.ma\/fr\/2025\/07\/15\/le-premier-vice-president-de-la-chambre-des-representants-recoit-une-delegation-du-parlement-jordanien\/#primaryimage","url":"https:\/\/dpress.ma\/fr\/wp-content\/uploads\/sites\/2\/2025\/07\/dimensions2-12.jpg","contentUrl":"https:\/\/dpress.ma\/fr\/wp-content\/uploads\/sites\/2\/2025\/07\/dimensions2-12.jpg","width":2539,"height":1594},{"@type":"BreadcrumbList","@id":"https:\/\/dpress.ma\/fr\/2025\/07\/15\/le-premier-vice-president-de-la-chambre-des-representants-recoit-une-delegation-du-parlement-jordanien\/#breadcrumb","itemListElement":[{"@type":"ListItem","position":1,"name":"Home","item":"https:\/\/dpress.ma\/fr\/"},{"@type":"ListItem","position":2,"name":"Le premier vice-pr\u00e9sident de la Chambre des repr\u00e9sentants re\u00e7oit une d\u00e9l\u00e9gation du Parlement jordanien"}]},{"@type":"WebSite","@id":"https:\/\/dpress.ma\/fr\/#website","url":"https:\/\/dpress.ma\/fr\/","name":"Dpress.ma\/fr","description":"","potentialAction":[{"@type":"SearchAction","target":{"@type":"EntryPoint","urlTemplate":"https:\/\/dpress.ma\/fr\/?s={search_term_string}"},"query-input":{"@type":"PropertyValueSpecification","valueRequired":true,"valueName":"search_term_string"}}],"inLanguage":"fr-FR"},{"@type":"Person","@id":"https:\/\/dpress.ma\/fr\/#\/schema\/person\/4898febf3ccd59e6578d838656a306a0","name":"Dpress.ma","image":{"@type":"ImageObject","inLanguage":"fr-FR","@id":"https:\/\/secure.gravatar.com\/avatar\/72ecc30e9db047a2e0e7176561eb9d564ed77c8108376495b19bd8336405198a?s=96&d=mm&r=g","url":"https:\/\/secure.gravatar.com\/avatar\/72ecc30e9db047a2e0e7176561eb9d564ed77c8108376495b19bd8336405198a?s=96&d=mm&r=g","contentUrl":"https:\/\/secure.gravatar.com\/avatar\/72ecc30e9db047a2e0e7176561eb9d564ed77c8108376495b19bd8336405198a?s=96&d=mm&r=g","caption":"Dpress.ma"},"sameAs":["https:\/\/www.dpress.ma"],"url":"https:\/\/dpress.ma\/fr\/author\/dpress-ma\/"}]}},"amp_enabled":true,"_links":{"self":[{"href":"https:\/\/dpress.ma\/fr\/wp-json\/wp\/v2\/posts\/15514","targetHints":{"allow":["GET"]}}],"collection":[{"href":"https:\/\/dpress.ma\/fr\/wp-json\/wp\/v2\/posts"}],"about":[{"href":"https:\/\/dpress.ma\/fr\/wp-json\/wp\/v2\/types\/post"}],"author":[{"embeddable":true,"href":"https:\/\/dpress.ma\/fr\/wp-json\/wp\/v2\/users\/2"}],"replies":[{"embeddable":true,"href":"https:\/\/dpress.ma\/fr\/wp-json\/wp\/v2\/comments?post=15514"}],"version-history":[{"count":1,"href":"https:\/\/dpress.ma\/fr\/wp-json\/wp\/v2\/posts\/15514\/revisions"}],"predecessor-version":[{"id":15516,"href":"https:\/\/dpress.ma\/fr\/wp-json\/wp\/v2\/posts\/15514\/revisions\/15516"}],"wp:featuredmedia":[{"embeddable":true,"href":"https:\/\/dpress.ma\/fr\/wp-json\/wp\/v2\/media\/15515"}],"wp:attachment":[{"href":"https:\/\/dpress.ma\/fr\/wp-json\/wp\/v2\/media?parent=15514"}],"wp:term":[{"taxonomy":"category","embeddable":true,"href":"https:\/\/dpress.ma\/fr\/wp-json\/wp\/v2\/categories?post=15514"},{"taxonomy":"post_tag","embeddable":true,"href":"https:\/\/dpress.ma\/fr\/wp-json\/wp\/v2\/tags?post=15514"}],"curies":[{"name":"wp","href":"https:\/\/api.w.org\/{rel}","templated":true}]}}