{"id":15511,"date":"2025-07-15T13:14:53","date_gmt":"2025-07-15T13:14:53","guid":{"rendered":"https:\/\/dpress.ma\/fr\/?p=15511"},"modified":"2025-07-15T13:14:55","modified_gmt":"2025-07-15T13:14:55","slug":"sm-le-roi-felicite-le-sultan-de-brunei-darussalam-a-loccasion-de-son-anniversaire-2","status":"publish","type":"post","link":"https:\/\/dpress.ma\/fr\/2025\/07\/15\/sm-le-roi-felicite-le-sultan-de-brunei-darussalam-a-loccasion-de-son-anniversaire-2\/","title":{"rendered":"SM le Roi f\u00e9licite le Sultan de Brunei Darussalam \u00e0 l\u2019occasion de son anniversaire"},"content":{"rendered":"\n<p>dpress<\/p>\n\n\n\n<p>Sa Majest\u00e9 le Roi Mohammed VI a adress\u00e9 un message de f\u00e9licitations au Sultan de Brunei Darussalam, Sa Majest\u00e9 Haji Hassanal Bolkiah, \u00e0 l\u2019occasion de son anniversaire.<\/p>\n\n\n\n<p>Dans ce message, Sa Majest\u00e9 le Roi fait part de Ses chaleureuses f\u00e9licitations et Ses sinc\u00e8res v\u0153ux de sant\u00e9 et de bonheur au Sultan de Brunei Darussalam ainsi qu\u2019\u00e0 son illustre famille royale, et de progr\u00e8s et prosp\u00e9rit\u00e9 \u00e0 son peuple fr\u00e8re, sous sa sage conduite.<\/p>\n\n\n\n<p>Le Souverain saisit cette occasion pour exprimer Sa fiert\u00e9 des liens de fraternit\u00e9 sinc\u00e8re et d\u2019estime mutuelle unissant les deux peuples fr\u00e8res et des relations solides de coop\u00e9ration fructueuse et de solidarit\u00e9 agissante entre les deux pays.<\/p>\n\n\n\n<p>Sa Majest\u00e9 le Roi r\u00e9affirme \u00e9galement Sa d\u00e9termination \u00e0 continuer d\u2019\u0153uvrer, de concert avec SM Haji Hassanal Bolkiah, pour hisser ces relations aux plus hauts niveaux en vue de r\u00e9aliser les aspirations des deux peuples \u00e0 davantage de prosp\u00e9rit\u00e9 et de bien-\u00eatre.<\/p>\n","protected":false},"excerpt":{"rendered":"<p>dpress Sa Majest\u00e9 le Roi Mohammed VI a adress\u00e9 un message de f\u00e9licitations au Sultan de Brunei Darussalam, Sa Majest\u00e9 Haji Hassanal Bolkiah, \u00e0 l\u2019occasion de son anniversaire. Dans ce message, Sa Majest\u00e9 le Roi fait part de Ses chaleureuses f\u00e9licitations et Ses sinc\u00e8res v\u0153ux de sant\u00e9 et de bonheur au Sultan de Brunei Darussalam &hellip;<\/p>\n","protected":false},"author":2,"featured_media":15512,"comment_status":"open","ping_status":"open","sticky":false,"template":"","format":"standard","meta":{"footnotes":""},"categories":[29],"tags":[],"class_list":["post-15511","post","type-post","status-publish","format-standard","has-post-thumbnail","hentry","category-activites-royales"],"yoast_head":"<!-- This site is optimized with the Yoast SEO plugin v27.5 - https:\/\/yoast.com\/product\/yoast-seo-wordpress\/ -->\n<title>SM le Roi f\u00e9licite le Sultan de Brunei Darussalam \u00e0 l\u2019occasion de son anniversaire - Dpress.ma\/fr<\/title>\n<meta name=\"robots\" content=\"index, follow, max-snippet:-1, max-image-preview:large, max-video-preview:-1\" \/>\n<link rel=\"canonical\" href=\"https:\/\/dpress.ma\/fr\/2025\/07\/15\/sm-le-roi-felicite-le-sultan-de-brunei-darussalam-a-loccasion-de-son-anniversaire-2\/\" \/>\n<meta property=\"og:locale\" content=\"fr_FR\" \/>\n<meta property=\"og:type\" content=\"article\" \/>\n<meta property=\"og:title\" content=\"SM le Roi f\u00e9licite le Sultan de Brunei Darussalam \u00e0 l\u2019occasion de son anniversaire - Dpress.ma\/fr\" \/>\n<meta property=\"og:description\" content=\"dpress Sa Majest\u00e9 le Roi Mohammed VI a adress\u00e9 un message de f\u00e9licitations au Sultan de Brunei Darussalam, Sa Majest\u00e9 Haji Hassanal Bolkiah, \u00e0 l\u2019occasion de son anniversaire. Dans ce message, Sa Majest\u00e9 le Roi fait part de Ses chaleureuses f\u00e9licitations et Ses sinc\u00e8res v\u0153ux de sant\u00e9 et de bonheur au Sultan de Brunei Darussalam &hellip;\" \/>\n<meta property=\"og:url\" content=\"https:\/\/dpress.ma\/fr\/2025\/07\/15\/sm-le-roi-felicite-le-sultan-de-brunei-darussalam-a-loccasion-de-son-anniversaire-2\/\" \/>\n<meta property=\"og:site_name\" content=\"Dpress.ma\/fr\" \/>\n<meta property=\"article:published_time\" content=\"2025-07-15T13:14:53+00:00\" \/>\n<meta property=\"article:modified_time\" content=\"2025-07-15T13:14:55+00:00\" \/>\n<meta property=\"og:image\" content=\"https:\/\/dpress.ma\/fr\/wp-content\/uploads\/sites\/2\/2025\/07\/dimensions2-11.jpg\" \/>\n\t<meta property=\"og:image:width\" content=\"2539\" \/>\n\t<meta property=\"og:image:height\" content=\"1594\" \/>\n\t<meta property=\"og:image:type\" content=\"image\/jpeg\" \/>\n<meta name=\"author\" content=\"Dpress.ma\" \/>\n<meta name=\"twitter:card\" content=\"summary_large_image\" \/>\n<meta name=\"twitter:label1\" content=\"\u00c9crit par\" \/>\n\t<meta name=\"twitter:data1\" content=\"Dpress.ma\" \/>\n\t<meta name=\"twitter:label2\" content=\"Dur\u00e9e de lecture estim\u00e9e\" \/>\n\t<meta name=\"twitter:data2\" content=\"1 minute\" \/>\n<script type=\"application\/ld+json\" class=\"yoast-schema-graph\">{\"@context\":\"https:\\\/\\\/schema.org\",\"@graph\":[{\"@type\":\"Article\",\"@id\":\"https:\\\/\\\/dpress.ma\\\/fr\\\/2025\\\/07\\\/15\\\/sm-le-roi-felicite-le-sultan-de-brunei-darussalam-a-loccasion-de-son-anniversaire-2\\\/#article\",\"isPartOf\":{\"@id\":\"https:\\\/\\\/dpress.ma\\\/fr\\\/2025\\\/07\\\/15\\\/sm-le-roi-felicite-le-sultan-de-brunei-darussalam-a-loccasion-de-son-anniversaire-2\\\/\"},\"author\":{\"name\":\"Dpress.ma\",\"@id\":\"https:\\\/\\\/dpress.ma\\\/fr\\\/#\\\/schema\\\/person\\\/4898febf3ccd59e6578d838656a306a0\"},\"headline\":\"SM le Roi f\u00e9licite le Sultan de Brunei Darussalam \u00e0 l\u2019occasion de son anniversaire\",\"datePublished\":\"2025-07-15T13:14:53+00:00\",\"dateModified\":\"2025-07-15T13:14:55+00:00\",\"mainEntityOfPage\":{\"@id\":\"https:\\\/\\\/dpress.ma\\\/fr\\\/2025\\\/07\\\/15\\\/sm-le-roi-felicite-le-sultan-de-brunei-darussalam-a-loccasion-de-son-anniversaire-2\\\/\"},\"wordCount\":182,\"commentCount\":0,\"image\":{\"@id\":\"https:\\\/\\\/dpress.ma\\\/fr\\\/2025\\\/07\\\/15\\\/sm-le-roi-felicite-le-sultan-de-brunei-darussalam-a-loccasion-de-son-anniversaire-2\\\/#primaryimage\"},\"thumbnailUrl\":\"https:\\\/\\\/dpress.ma\\\/fr\\\/wp-content\\\/uploads\\\/sites\\\/2\\\/2025\\\/07\\\/dimensions2-11.jpg\",\"articleSection\":[\"Activit\u00e9s Royales\"],\"inLanguage\":\"fr-FR\",\"potentialAction\":[{\"@type\":\"CommentAction\",\"name\":\"Comment\",\"target\":[\"https:\\\/\\\/dpress.ma\\\/fr\\\/2025\\\/07\\\/15\\\/sm-le-roi-felicite-le-sultan-de-brunei-darussalam-a-loccasion-de-son-anniversaire-2\\\/#respond\"]}]},{\"@type\":\"WebPage\",\"@id\":\"https:\\\/\\\/dpress.ma\\\/fr\\\/2025\\\/07\\\/15\\\/sm-le-roi-felicite-le-sultan-de-brunei-darussalam-a-loccasion-de-son-anniversaire-2\\\/\",\"url\":\"https:\\\/\\\/dpress.ma\\\/fr\\\/2025\\\/07\\\/15\\\/sm-le-roi-felicite-le-sultan-de-brunei-darussalam-a-loccasion-de-son-anniversaire-2\\\/\",\"name\":\"SM le Roi f\u00e9licite le Sultan de Brunei Darussalam \u00e0 l\u2019occasion de son anniversaire - Dpress.ma\\\/fr\",\"isPartOf\":{\"@id\":\"https:\\\/\\\/dpress.ma\\\/fr\\\/#website\"},\"primaryImageOfPage\":{\"@id\":\"https:\\\/\\\/dpress.ma\\\/fr\\\/2025\\\/07\\\/15\\\/sm-le-roi-felicite-le-sultan-de-brunei-darussalam-a-loccasion-de-son-anniversaire-2\\\/#primaryimage\"},\"image\":{\"@id\":\"https:\\\/\\\/dpress.ma\\\/fr\\\/2025\\\/07\\\/15\\\/sm-le-roi-felicite-le-sultan-de-brunei-darussalam-a-loccasion-de-son-anniversaire-2\\\/#primaryimage\"},\"thumbnailUrl\":\"https:\\\/\\\/dpress.ma\\\/fr\\\/wp-content\\\/uploads\\\/sites\\\/2\\\/2025\\\/07\\\/dimensions2-11.jpg\",\"datePublished\":\"2025-07-15T13:14:53+00:00\",\"dateModified\":\"2025-07-15T13:14:55+00:00\",\"author\":{\"@id\":\"https:\\\/\\\/dpress.ma\\\/fr\\\/#\\\/schema\\\/person\\\/4898febf3ccd59e6578d838656a306a0\"},\"breadcrumb\":{\"@id\":\"https:\\\/\\\/dpress.ma\\\/fr\\\/2025\\\/07\\\/15\\\/sm-le-roi-felicite-le-sultan-de-brunei-darussalam-a-loccasion-de-son-anniversaire-2\\\/#breadcrumb\"},\"inLanguage\":\"fr-FR\",\"potentialAction\":[{\"@type\":\"ReadAction\",\"target\":[\"https:\\\/\\\/dpress.ma\\\/fr\\\/2025\\\/07\\\/15\\\/sm-le-roi-felicite-le-sultan-de-brunei-darussalam-a-loccasion-de-son-anniversaire-2\\\/\"]}]},{\"@type\":\"ImageObject\",\"inLanguage\":\"fr-FR\",\"@id\":\"https:\\\/\\\/dpress.ma\\\/fr\\\/2025\\\/07\\\/15\\\/sm-le-roi-felicite-le-sultan-de-brunei-darussalam-a-loccasion-de-son-anniversaire-2\\\/#primaryimage\",\"url\":\"https:\\\/\\\/dpress.ma\\\/fr\\\/wp-content\\\/uploads\\\/sites\\\/2\\\/2025\\\/07\\\/dimensions2-11.jpg\",\"contentUrl\":\"https:\\\/\\\/dpress.ma\\\/fr\\\/wp-content\\\/uploads\\\/sites\\\/2\\\/2025\\\/07\\\/dimensions2-11.jpg\",\"width\":2539,\"height\":1594},{\"@type\":\"BreadcrumbList\",\"@id\":\"https:\\\/\\\/dpress.ma\\\/fr\\\/2025\\\/07\\\/15\\\/sm-le-roi-felicite-le-sultan-de-brunei-darussalam-a-loccasion-de-son-anniversaire-2\\\/#breadcrumb\",\"itemListElement\":[{\"@type\":\"ListItem\",\"position\":1,\"name\":\"Home\",\"item\":\"https:\\\/\\\/dpress.ma\\\/fr\\\/\"},{\"@type\":\"ListItem\",\"position\":2,\"name\":\"SM le Roi f\u00e9licite le Sultan de Brunei Darussalam \u00e0 l\u2019occasion de son anniversaire\"}]},{\"@type\":\"WebSite\",\"@id\":\"https:\\\/\\\/dpress.ma\\\/fr\\\/#website\",\"url\":\"https:\\\/\\\/dpress.ma\\\/fr\\\/\",\"name\":\"Dpress.ma\\\/fr\",\"description\":\"\",\"potentialAction\":[{\"@type\":\"SearchAction\",\"target\":{\"@type\":\"EntryPoint\",\"urlTemplate\":\"https:\\\/\\\/dpress.ma\\\/fr\\\/?s={search_term_string}\"},\"query-input\":{\"@type\":\"PropertyValueSpecification\",\"valueRequired\":true,\"valueName\":\"search_term_string\"}}],\"inLanguage\":\"fr-FR\"},{\"@type\":\"Person\",\"@id\":\"https:\\\/\\\/dpress.ma\\\/fr\\\/#\\\/schema\\\/person\\\/4898febf3ccd59e6578d838656a306a0\",\"name\":\"Dpress.ma\",\"image\":{\"@type\":\"ImageObject\",\"inLanguage\":\"fr-FR\",\"@id\":\"https:\\\/\\\/secure.gravatar.com\\\/avatar\\\/72ecc30e9db047a2e0e7176561eb9d564ed77c8108376495b19bd8336405198a?s=96&d=mm&r=g\",\"url\":\"https:\\\/\\\/secure.gravatar.com\\\/avatar\\\/72ecc30e9db047a2e0e7176561eb9d564ed77c8108376495b19bd8336405198a?s=96&d=mm&r=g\",\"contentUrl\":\"https:\\\/\\\/secure.gravatar.com\\\/avatar\\\/72ecc30e9db047a2e0e7176561eb9d564ed77c8108376495b19bd8336405198a?s=96&d=mm&r=g\",\"caption\":\"Dpress.ma\"},\"sameAs\":[\"https:\\\/\\\/www.dpress.ma\"],\"url\":\"https:\\\/\\\/dpress.ma\\\/fr\\\/author\\\/dpress-ma\\\/\"}]}<\/script>\n<!-- \/ Yoast SEO plugin. -->","yoast_head_json":{"title":"SM le Roi f\u00e9licite le Sultan de Brunei Darussalam \u00e0 l\u2019occasion de son anniversaire - Dpress.ma\/fr","robots":{"index":"index","follow":"follow","max-snippet":"max-snippet:-1","max-image-preview":"max-image-preview:large","max-video-preview":"max-video-preview:-1"},"canonical":"https:\/\/dpress.ma\/fr\/2025\/07\/15\/sm-le-roi-felicite-le-sultan-de-brunei-darussalam-a-loccasion-de-son-anniversaire-2\/","og_locale":"fr_FR","og_type":"article","og_title":"SM le Roi f\u00e9licite le Sultan de Brunei Darussalam \u00e0 l\u2019occasion de son anniversaire - Dpress.ma\/fr","og_description":"dpress Sa Majest\u00e9 le Roi Mohammed VI a adress\u00e9 un message de f\u00e9licitations au Sultan de Brunei Darussalam, Sa Majest\u00e9 Haji Hassanal Bolkiah, \u00e0 l\u2019occasion de son anniversaire. Dans ce message, Sa Majest\u00e9 le Roi fait part de Ses chaleureuses f\u00e9licitations et Ses sinc\u00e8res v\u0153ux de sant\u00e9 et de bonheur au Sultan de Brunei Darussalam &hellip;","og_url":"https:\/\/dpress.ma\/fr\/2025\/07\/15\/sm-le-roi-felicite-le-sultan-de-brunei-darussalam-a-loccasion-de-son-anniversaire-2\/","og_site_name":"Dpress.ma\/fr","article_published_time":"2025-07-15T13:14:53+00:00","article_modified_time":"2025-07-15T13:14:55+00:00","og_image":[{"width":2539,"height":1594,"url":"https:\/\/dpress.ma\/fr\/wp-content\/uploads\/sites\/2\/2025\/07\/dimensions2-11.jpg","type":"image\/jpeg"}],"author":"Dpress.ma","twitter_card":"summary_large_image","twitter_misc":{"\u00c9crit par":"Dpress.ma","Dur\u00e9e de lecture estim\u00e9e":"1 minute"},"schema":{"@context":"https:\/\/schema.org","@graph":[{"@type":"Article","@id":"https:\/\/dpress.ma\/fr\/2025\/07\/15\/sm-le-roi-felicite-le-sultan-de-brunei-darussalam-a-loccasion-de-son-anniversaire-2\/#article","isPartOf":{"@id":"https:\/\/dpress.ma\/fr\/2025\/07\/15\/sm-le-roi-felicite-le-sultan-de-brunei-darussalam-a-loccasion-de-son-anniversaire-2\/"},"author":{"name":"Dpress.ma","@id":"https:\/\/dpress.ma\/fr\/#\/schema\/person\/4898febf3ccd59e6578d838656a306a0"},"headline":"SM le Roi f\u00e9licite le Sultan de Brunei Darussalam \u00e0 l\u2019occasion de son anniversaire","datePublished":"2025-07-15T13:14:53+00:00","dateModified":"2025-07-15T13:14:55+00:00","mainEntityOfPage":{"@id":"https:\/\/dpress.ma\/fr\/2025\/07\/15\/sm-le-roi-felicite-le-sultan-de-brunei-darussalam-a-loccasion-de-son-anniversaire-2\/"},"wordCount":182,"commentCount":0,"image":{"@id":"https:\/\/dpress.ma\/fr\/2025\/07\/15\/sm-le-roi-felicite-le-sultan-de-brunei-darussalam-a-loccasion-de-son-anniversaire-2\/#primaryimage"},"thumbnailUrl":"https:\/\/dpress.ma\/fr\/wp-content\/uploads\/sites\/2\/2025\/07\/dimensions2-11.jpg","articleSection":["Activit\u00e9s Royales"],"inLanguage":"fr-FR","potentialAction":[{"@type":"CommentAction","name":"Comment","target":["https:\/\/dpress.ma\/fr\/2025\/07\/15\/sm-le-roi-felicite-le-sultan-de-brunei-darussalam-a-loccasion-de-son-anniversaire-2\/#respond"]}]},{"@type":"WebPage","@id":"https:\/\/dpress.ma\/fr\/2025\/07\/15\/sm-le-roi-felicite-le-sultan-de-brunei-darussalam-a-loccasion-de-son-anniversaire-2\/","url":"https:\/\/dpress.ma\/fr\/2025\/07\/15\/sm-le-roi-felicite-le-sultan-de-brunei-darussalam-a-loccasion-de-son-anniversaire-2\/","name":"SM le Roi f\u00e9licite le Sultan de Brunei Darussalam \u00e0 l\u2019occasion de son anniversaire - Dpress.ma\/fr","isPartOf":{"@id":"https:\/\/dpress.ma\/fr\/#website"},"primaryImageOfPage":{"@id":"https:\/\/dpress.ma\/fr\/2025\/07\/15\/sm-le-roi-felicite-le-sultan-de-brunei-darussalam-a-loccasion-de-son-anniversaire-2\/#primaryimage"},"image":{"@id":"https:\/\/dpress.ma\/fr\/2025\/07\/15\/sm-le-roi-felicite-le-sultan-de-brunei-darussalam-a-loccasion-de-son-anniversaire-2\/#primaryimage"},"thumbnailUrl":"https:\/\/dpress.ma\/fr\/wp-content\/uploads\/sites\/2\/2025\/07\/dimensions2-11.jpg","datePublished":"2025-07-15T13:14:53+00:00","dateModified":"2025-07-15T13:14:55+00:00","author":{"@id":"https:\/\/dpress.ma\/fr\/#\/schema\/person\/4898febf3ccd59e6578d838656a306a0"},"breadcrumb":{"@id":"https:\/\/dpress.ma\/fr\/2025\/07\/15\/sm-le-roi-felicite-le-sultan-de-brunei-darussalam-a-loccasion-de-son-anniversaire-2\/#breadcrumb"},"inLanguage":"fr-FR","potentialAction":[{"@type":"ReadAction","target":["https:\/\/dpress.ma\/fr\/2025\/07\/15\/sm-le-roi-felicite-le-sultan-de-brunei-darussalam-a-loccasion-de-son-anniversaire-2\/"]}]},{"@type":"ImageObject","inLanguage":"fr-FR","@id":"https:\/\/dpress.ma\/fr\/2025\/07\/15\/sm-le-roi-felicite-le-sultan-de-brunei-darussalam-a-loccasion-de-son-anniversaire-2\/#primaryimage","url":"https:\/\/dpress.ma\/fr\/wp-content\/uploads\/sites\/2\/2025\/07\/dimensions2-11.jpg","contentUrl":"https:\/\/dpress.ma\/fr\/wp-content\/uploads\/sites\/2\/2025\/07\/dimensions2-11.jpg","width":2539,"height":1594},{"@type":"BreadcrumbList","@id":"https:\/\/dpress.ma\/fr\/2025\/07\/15\/sm-le-roi-felicite-le-sultan-de-brunei-darussalam-a-loccasion-de-son-anniversaire-2\/#breadcrumb","itemListElement":[{"@type":"ListItem","position":1,"name":"Home","item":"https:\/\/dpress.ma\/fr\/"},{"@type":"ListItem","position":2,"name":"SM le Roi f\u00e9licite le Sultan de Brunei Darussalam \u00e0 l\u2019occasion de son anniversaire"}]},{"@type":"WebSite","@id":"https:\/\/dpress.ma\/fr\/#website","url":"https:\/\/dpress.ma\/fr\/","name":"Dpress.ma\/fr","description":"","potentialAction":[{"@type":"SearchAction","target":{"@type":"EntryPoint","urlTemplate":"https:\/\/dpress.ma\/fr\/?s={search_term_string}"},"query-input":{"@type":"PropertyValueSpecification","valueRequired":true,"valueName":"search_term_string"}}],"inLanguage":"fr-FR"},{"@type":"Person","@id":"https:\/\/dpress.ma\/fr\/#\/schema\/person\/4898febf3ccd59e6578d838656a306a0","name":"Dpress.ma","image":{"@type":"ImageObject","inLanguage":"fr-FR","@id":"https:\/\/secure.gravatar.com\/avatar\/72ecc30e9db047a2e0e7176561eb9d564ed77c8108376495b19bd8336405198a?s=96&d=mm&r=g","url":"https:\/\/secure.gravatar.com\/avatar\/72ecc30e9db047a2e0e7176561eb9d564ed77c8108376495b19bd8336405198a?s=96&d=mm&r=g","contentUrl":"https:\/\/secure.gravatar.com\/avatar\/72ecc30e9db047a2e0e7176561eb9d564ed77c8108376495b19bd8336405198a?s=96&d=mm&r=g","caption":"Dpress.ma"},"sameAs":["https:\/\/www.dpress.ma"],"url":"https:\/\/dpress.ma\/fr\/author\/dpress-ma\/"}]}},"amp_enabled":true,"_links":{"self":[{"href":"https:\/\/dpress.ma\/fr\/wp-json\/wp\/v2\/posts\/15511","targetHints":{"allow":["GET"]}}],"collection":[{"href":"https:\/\/dpress.ma\/fr\/wp-json\/wp\/v2\/posts"}],"about":[{"href":"https:\/\/dpress.ma\/fr\/wp-json\/wp\/v2\/types\/post"}],"author":[{"embeddable":true,"href":"https:\/\/dpress.ma\/fr\/wp-json\/wp\/v2\/users\/2"}],"replies":[{"embeddable":true,"href":"https:\/\/dpress.ma\/fr\/wp-json\/wp\/v2\/comments?post=15511"}],"version-history":[{"count":1,"href":"https:\/\/dpress.ma\/fr\/wp-json\/wp\/v2\/posts\/15511\/revisions"}],"predecessor-version":[{"id":15513,"href":"https:\/\/dpress.ma\/fr\/wp-json\/wp\/v2\/posts\/15511\/revisions\/15513"}],"wp:featuredmedia":[{"embeddable":true,"href":"https:\/\/dpress.ma\/fr\/wp-json\/wp\/v2\/media\/15512"}],"wp:attachment":[{"href":"https:\/\/dpress.ma\/fr\/wp-json\/wp\/v2\/media?parent=15511"}],"wp:term":[{"taxonomy":"category","embeddable":true,"href":"https:\/\/dpress.ma\/fr\/wp-json\/wp\/v2\/categories?post=15511"},{"taxonomy":"post_tag","embeddable":true,"href":"https:\/\/dpress.ma\/fr\/wp-json\/wp\/v2\/tags?post=15511"}],"curies":[{"name":"wp","href":"https:\/\/api.w.org\/{rel}","templated":true}]}}