{"id":15508,"date":"2025-07-15T13:09:45","date_gmt":"2025-07-15T13:09:45","guid":{"rendered":"https:\/\/dpress.ma\/fr\/?p=15508"},"modified":"2025-07-15T13:09:47","modified_gmt":"2025-07-15T13:09:47","slug":"sm-le-roi-adresse-un-message-de-condoleances-au-president-du-nigeria-suite-au-deces-de-lancien-president-muhammadu-buhari","status":"publish","type":"post","link":"https:\/\/dpress.ma\/fr\/2025\/07\/15\/sm-le-roi-adresse-un-message-de-condoleances-au-president-du-nigeria-suite-au-deces-de-lancien-president-muhammadu-buhari\/","title":{"rendered":"SM le Roi adresse un message de condol\u00e9ances au Pr\u00e9sident du Nigeria suite au d\u00e9c\u00e8s de l\u2019ancien pr\u00e9sident Muhammadu Buhari"},"content":{"rendered":"\n<p>dpress<\/p>\n\n\n\n<p>&nbsp;Sa Majest\u00e9 le Roi Mohammed\u202fVI a adress\u00e9 un message de&nbsp;condol\u00e9ances&nbsp;et de compassion au Pr\u00e9sident de la R\u00e9publique f\u00e9d\u00e9rale du Nigeria, M. Bola Ahmed Tinubu, suite au d\u00e9c\u00e8s de l\u2019ancien pr\u00e9sident Muhammadu\u202fBuhari.<\/p>\n\n\n\n<p>Dans ce message, SM le Roi dit avoir appris avec une grande \u00e9motion et une profonde affliction la nouvelle du d\u00e9c\u00e8s de l\u2019ancien pr\u00e9sident Muhammudu Buhari, implorant le Tr\u00e8s Haut de l\u2019entourer de Sa sainte mis\u00e9ricorde et de l\u2019accueillir en Son vaste paradis.<\/p>\n\n\n\n<p>En cette douloureuse circonstance, le Souverain adresse&nbsp;Ses sinc\u00e8res condol\u00e9ances et sentiments de compassion au pr\u00e9sident nig\u00e9rian, \u00e0 la famille du d\u00e9funt ainsi qu\u2019au peuple nig\u00e9rian fr\u00e8re, qui a perdu avec la disparition de feu Buhari, l\u2019un de ses fils d\u00e9vou\u00e9s qui a consacr\u00e9 sa vie et \u0153uvr\u00e9 avec abn\u00e9gation au service des int\u00e9r\u00eats sup\u00e9rieurs de son pays, contribuant ainsi \u00e0 son d\u00e9veloppement, \u00e0 son progr\u00e8s et \u00e0 sa prosp\u00e9rit\u00e9,&nbsp;priant le Tout Puissant d\u2019accorder au&nbsp;Pr\u00e9sident Tinubu&nbsp;patience et r\u00e9confort.<\/p>\n\n\n\n<p>\u201cTout en partageant votre peine suite \u00e0 cette perte cruelle, Je Me rem\u00e9more avec consid\u00e9ration les r\u00e9unions de travail avec le d\u00e9funt pr\u00e9sident, qui ont abouti au lancement de projets de d\u00e9veloppement communs et prometteurs ayant jet\u00e9 les bases d\u2019une nouvelle \u00e9tape dans les relations d\u2019amiti\u00e9 et de coop\u00e9ration \u00e9troites entre les deux pays fr\u00e8res\u201d, \u00e9crit SM le Roi dans ce message.<\/p>\n","protected":false},"excerpt":{"rendered":"<p>dpress &nbsp;Sa Majest\u00e9 le Roi Mohammed\u202fVI a adress\u00e9 un message de&nbsp;condol\u00e9ances&nbsp;et de compassion au Pr\u00e9sident de la R\u00e9publique f\u00e9d\u00e9rale du Nigeria, M. Bola Ahmed Tinubu, suite au d\u00e9c\u00e8s de l\u2019ancien pr\u00e9sident Muhammadu\u202fBuhari. Dans ce message, SM le Roi dit avoir appris avec une grande \u00e9motion et une profonde affliction la nouvelle du d\u00e9c\u00e8s de l\u2019ancien &hellip;<\/p>\n","protected":false},"author":2,"featured_media":15509,"comment_status":"open","ping_status":"open","sticky":false,"template":"","format":"standard","meta":{"footnotes":""},"categories":[29],"tags":[],"class_list":["post-15508","post","type-post","status-publish","format-standard","has-post-thumbnail","hentry","category-activites-royales"],"yoast_head":"<!-- This site is optimized with the Yoast SEO plugin v27.5 - https:\/\/yoast.com\/product\/yoast-seo-wordpress\/ -->\n<title>SM le Roi adresse un message de condol\u00e9ances au Pr\u00e9sident du Nigeria suite au d\u00e9c\u00e8s de l\u2019ancien pr\u00e9sident Muhammadu Buhari - Dpress.ma\/fr<\/title>\n<meta name=\"robots\" content=\"index, follow, max-snippet:-1, max-image-preview:large, max-video-preview:-1\" \/>\n<link rel=\"canonical\" href=\"https:\/\/dpress.ma\/fr\/2025\/07\/15\/sm-le-roi-adresse-un-message-de-condoleances-au-president-du-nigeria-suite-au-deces-de-lancien-president-muhammadu-buhari\/\" \/>\n<meta property=\"og:locale\" content=\"fr_FR\" \/>\n<meta property=\"og:type\" content=\"article\" \/>\n<meta property=\"og:title\" content=\"SM le Roi adresse un message de condol\u00e9ances au Pr\u00e9sident du Nigeria suite au d\u00e9c\u00e8s de l\u2019ancien pr\u00e9sident Muhammadu Buhari - Dpress.ma\/fr\" \/>\n<meta property=\"og:description\" content=\"dpress &nbsp;Sa Majest\u00e9 le Roi Mohammed\u202fVI a adress\u00e9 un message de&nbsp;condol\u00e9ances&nbsp;et de compassion au Pr\u00e9sident de la R\u00e9publique f\u00e9d\u00e9rale du Nigeria, M. Bola Ahmed Tinubu, suite au d\u00e9c\u00e8s de l\u2019ancien pr\u00e9sident Muhammadu\u202fBuhari. Dans ce message, SM le Roi dit avoir appris avec une grande \u00e9motion et une profonde affliction la nouvelle du d\u00e9c\u00e8s de l\u2019ancien &hellip;\" \/>\n<meta property=\"og:url\" content=\"https:\/\/dpress.ma\/fr\/2025\/07\/15\/sm-le-roi-adresse-un-message-de-condoleances-au-president-du-nigeria-suite-au-deces-de-lancien-president-muhammadu-buhari\/\" \/>\n<meta property=\"og:site_name\" content=\"Dpress.ma\/fr\" \/>\n<meta property=\"article:published_time\" content=\"2025-07-15T13:09:45+00:00\" \/>\n<meta property=\"article:modified_time\" content=\"2025-07-15T13:09:47+00:00\" \/>\n<meta property=\"og:image\" content=\"https:\/\/dpress.ma\/fr\/wp-content\/uploads\/sites\/2\/2025\/07\/dimensions2-10.jpg\" \/>\n\t<meta property=\"og:image:width\" content=\"2539\" \/>\n\t<meta property=\"og:image:height\" content=\"1594\" \/>\n\t<meta property=\"og:image:type\" content=\"image\/jpeg\" \/>\n<meta name=\"author\" content=\"Dpress.ma\" \/>\n<meta name=\"twitter:card\" content=\"summary_large_image\" \/>\n<meta name=\"twitter:label1\" content=\"\u00c9crit par\" \/>\n\t<meta name=\"twitter:data1\" content=\"Dpress.ma\" \/>\n\t<meta name=\"twitter:label2\" content=\"Dur\u00e9e de lecture estim\u00e9e\" \/>\n\t<meta name=\"twitter:data2\" content=\"2 minutes\" \/>\n<script type=\"application\/ld+json\" class=\"yoast-schema-graph\">{\"@context\":\"https:\\\/\\\/schema.org\",\"@graph\":[{\"@type\":\"Article\",\"@id\":\"https:\\\/\\\/dpress.ma\\\/fr\\\/2025\\\/07\\\/15\\\/sm-le-roi-adresse-un-message-de-condoleances-au-president-du-nigeria-suite-au-deces-de-lancien-president-muhammadu-buhari\\\/#article\",\"isPartOf\":{\"@id\":\"https:\\\/\\\/dpress.ma\\\/fr\\\/2025\\\/07\\\/15\\\/sm-le-roi-adresse-un-message-de-condoleances-au-president-du-nigeria-suite-au-deces-de-lancien-president-muhammadu-buhari\\\/\"},\"author\":{\"name\":\"Dpress.ma\",\"@id\":\"https:\\\/\\\/dpress.ma\\\/fr\\\/#\\\/schema\\\/person\\\/4898febf3ccd59e6578d838656a306a0\"},\"headline\":\"SM le Roi adresse un message de condol\u00e9ances au Pr\u00e9sident du Nigeria suite au d\u00e9c\u00e8s de l\u2019ancien pr\u00e9sident Muhammadu Buhari\",\"datePublished\":\"2025-07-15T13:09:45+00:00\",\"dateModified\":\"2025-07-15T13:09:47+00:00\",\"mainEntityOfPage\":{\"@id\":\"https:\\\/\\\/dpress.ma\\\/fr\\\/2025\\\/07\\\/15\\\/sm-le-roi-adresse-un-message-de-condoleances-au-president-du-nigeria-suite-au-deces-de-lancien-president-muhammadu-buhari\\\/\"},\"wordCount\":298,\"commentCount\":0,\"image\":{\"@id\":\"https:\\\/\\\/dpress.ma\\\/fr\\\/2025\\\/07\\\/15\\\/sm-le-roi-adresse-un-message-de-condoleances-au-president-du-nigeria-suite-au-deces-de-lancien-president-muhammadu-buhari\\\/#primaryimage\"},\"thumbnailUrl\":\"https:\\\/\\\/dpress.ma\\\/fr\\\/wp-content\\\/uploads\\\/sites\\\/2\\\/2025\\\/07\\\/dimensions2-10.jpg\",\"articleSection\":[\"Activit\u00e9s Royales\"],\"inLanguage\":\"fr-FR\",\"potentialAction\":[{\"@type\":\"CommentAction\",\"name\":\"Comment\",\"target\":[\"https:\\\/\\\/dpress.ma\\\/fr\\\/2025\\\/07\\\/15\\\/sm-le-roi-adresse-un-message-de-condoleances-au-president-du-nigeria-suite-au-deces-de-lancien-president-muhammadu-buhari\\\/#respond\"]}]},{\"@type\":\"WebPage\",\"@id\":\"https:\\\/\\\/dpress.ma\\\/fr\\\/2025\\\/07\\\/15\\\/sm-le-roi-adresse-un-message-de-condoleances-au-president-du-nigeria-suite-au-deces-de-lancien-president-muhammadu-buhari\\\/\",\"url\":\"https:\\\/\\\/dpress.ma\\\/fr\\\/2025\\\/07\\\/15\\\/sm-le-roi-adresse-un-message-de-condoleances-au-president-du-nigeria-suite-au-deces-de-lancien-president-muhammadu-buhari\\\/\",\"name\":\"SM le Roi adresse un message de condol\u00e9ances au Pr\u00e9sident du Nigeria suite au d\u00e9c\u00e8s de l\u2019ancien pr\u00e9sident Muhammadu Buhari - Dpress.ma\\\/fr\",\"isPartOf\":{\"@id\":\"https:\\\/\\\/dpress.ma\\\/fr\\\/#website\"},\"primaryImageOfPage\":{\"@id\":\"https:\\\/\\\/dpress.ma\\\/fr\\\/2025\\\/07\\\/15\\\/sm-le-roi-adresse-un-message-de-condoleances-au-president-du-nigeria-suite-au-deces-de-lancien-president-muhammadu-buhari\\\/#primaryimage\"},\"image\":{\"@id\":\"https:\\\/\\\/dpress.ma\\\/fr\\\/2025\\\/07\\\/15\\\/sm-le-roi-adresse-un-message-de-condoleances-au-president-du-nigeria-suite-au-deces-de-lancien-president-muhammadu-buhari\\\/#primaryimage\"},\"thumbnailUrl\":\"https:\\\/\\\/dpress.ma\\\/fr\\\/wp-content\\\/uploads\\\/sites\\\/2\\\/2025\\\/07\\\/dimensions2-10.jpg\",\"datePublished\":\"2025-07-15T13:09:45+00:00\",\"dateModified\":\"2025-07-15T13:09:47+00:00\",\"author\":{\"@id\":\"https:\\\/\\\/dpress.ma\\\/fr\\\/#\\\/schema\\\/person\\\/4898febf3ccd59e6578d838656a306a0\"},\"breadcrumb\":{\"@id\":\"https:\\\/\\\/dpress.ma\\\/fr\\\/2025\\\/07\\\/15\\\/sm-le-roi-adresse-un-message-de-condoleances-au-president-du-nigeria-suite-au-deces-de-lancien-president-muhammadu-buhari\\\/#breadcrumb\"},\"inLanguage\":\"fr-FR\",\"potentialAction\":[{\"@type\":\"ReadAction\",\"target\":[\"https:\\\/\\\/dpress.ma\\\/fr\\\/2025\\\/07\\\/15\\\/sm-le-roi-adresse-un-message-de-condoleances-au-president-du-nigeria-suite-au-deces-de-lancien-president-muhammadu-buhari\\\/\"]}]},{\"@type\":\"ImageObject\",\"inLanguage\":\"fr-FR\",\"@id\":\"https:\\\/\\\/dpress.ma\\\/fr\\\/2025\\\/07\\\/15\\\/sm-le-roi-adresse-un-message-de-condoleances-au-president-du-nigeria-suite-au-deces-de-lancien-president-muhammadu-buhari\\\/#primaryimage\",\"url\":\"https:\\\/\\\/dpress.ma\\\/fr\\\/wp-content\\\/uploads\\\/sites\\\/2\\\/2025\\\/07\\\/dimensions2-10.jpg\",\"contentUrl\":\"https:\\\/\\\/dpress.ma\\\/fr\\\/wp-content\\\/uploads\\\/sites\\\/2\\\/2025\\\/07\\\/dimensions2-10.jpg\",\"width\":2539,\"height\":1594},{\"@type\":\"BreadcrumbList\",\"@id\":\"https:\\\/\\\/dpress.ma\\\/fr\\\/2025\\\/07\\\/15\\\/sm-le-roi-adresse-un-message-de-condoleances-au-president-du-nigeria-suite-au-deces-de-lancien-president-muhammadu-buhari\\\/#breadcrumb\",\"itemListElement\":[{\"@type\":\"ListItem\",\"position\":1,\"name\":\"Home\",\"item\":\"https:\\\/\\\/dpress.ma\\\/fr\\\/\"},{\"@type\":\"ListItem\",\"position\":2,\"name\":\"SM le Roi adresse un message de condol\u00e9ances au Pr\u00e9sident du Nigeria suite au d\u00e9c\u00e8s de l\u2019ancien pr\u00e9sident Muhammadu Buhari\"}]},{\"@type\":\"WebSite\",\"@id\":\"https:\\\/\\\/dpress.ma\\\/fr\\\/#website\",\"url\":\"https:\\\/\\\/dpress.ma\\\/fr\\\/\",\"name\":\"Dpress.ma\\\/fr\",\"description\":\"\",\"potentialAction\":[{\"@type\":\"SearchAction\",\"target\":{\"@type\":\"EntryPoint\",\"urlTemplate\":\"https:\\\/\\\/dpress.ma\\\/fr\\\/?s={search_term_string}\"},\"query-input\":{\"@type\":\"PropertyValueSpecification\",\"valueRequired\":true,\"valueName\":\"search_term_string\"}}],\"inLanguage\":\"fr-FR\"},{\"@type\":\"Person\",\"@id\":\"https:\\\/\\\/dpress.ma\\\/fr\\\/#\\\/schema\\\/person\\\/4898febf3ccd59e6578d838656a306a0\",\"name\":\"Dpress.ma\",\"image\":{\"@type\":\"ImageObject\",\"inLanguage\":\"fr-FR\",\"@id\":\"https:\\\/\\\/secure.gravatar.com\\\/avatar\\\/72ecc30e9db047a2e0e7176561eb9d564ed77c8108376495b19bd8336405198a?s=96&d=mm&r=g\",\"url\":\"https:\\\/\\\/secure.gravatar.com\\\/avatar\\\/72ecc30e9db047a2e0e7176561eb9d564ed77c8108376495b19bd8336405198a?s=96&d=mm&r=g\",\"contentUrl\":\"https:\\\/\\\/secure.gravatar.com\\\/avatar\\\/72ecc30e9db047a2e0e7176561eb9d564ed77c8108376495b19bd8336405198a?s=96&d=mm&r=g\",\"caption\":\"Dpress.ma\"},\"sameAs\":[\"https:\\\/\\\/www.dpress.ma\"],\"url\":\"https:\\\/\\\/dpress.ma\\\/fr\\\/author\\\/dpress-ma\\\/\"}]}<\/script>\n<!-- \/ Yoast SEO plugin. -->","yoast_head_json":{"title":"SM le Roi adresse un message de condol\u00e9ances au Pr\u00e9sident du Nigeria suite au d\u00e9c\u00e8s de l\u2019ancien pr\u00e9sident Muhammadu Buhari - Dpress.ma\/fr","robots":{"index":"index","follow":"follow","max-snippet":"max-snippet:-1","max-image-preview":"max-image-preview:large","max-video-preview":"max-video-preview:-1"},"canonical":"https:\/\/dpress.ma\/fr\/2025\/07\/15\/sm-le-roi-adresse-un-message-de-condoleances-au-president-du-nigeria-suite-au-deces-de-lancien-president-muhammadu-buhari\/","og_locale":"fr_FR","og_type":"article","og_title":"SM le Roi adresse un message de condol\u00e9ances au Pr\u00e9sident du Nigeria suite au d\u00e9c\u00e8s de l\u2019ancien pr\u00e9sident Muhammadu Buhari - Dpress.ma\/fr","og_description":"dpress &nbsp;Sa Majest\u00e9 le Roi Mohammed\u202fVI a adress\u00e9 un message de&nbsp;condol\u00e9ances&nbsp;et de compassion au Pr\u00e9sident de la R\u00e9publique f\u00e9d\u00e9rale du Nigeria, M. Bola Ahmed Tinubu, suite au d\u00e9c\u00e8s de l\u2019ancien pr\u00e9sident Muhammadu\u202fBuhari. Dans ce message, SM le Roi dit avoir appris avec une grande \u00e9motion et une profonde affliction la nouvelle du d\u00e9c\u00e8s de l\u2019ancien &hellip;","og_url":"https:\/\/dpress.ma\/fr\/2025\/07\/15\/sm-le-roi-adresse-un-message-de-condoleances-au-president-du-nigeria-suite-au-deces-de-lancien-president-muhammadu-buhari\/","og_site_name":"Dpress.ma\/fr","article_published_time":"2025-07-15T13:09:45+00:00","article_modified_time":"2025-07-15T13:09:47+00:00","og_image":[{"width":2539,"height":1594,"url":"https:\/\/dpress.ma\/fr\/wp-content\/uploads\/sites\/2\/2025\/07\/dimensions2-10.jpg","type":"image\/jpeg"}],"author":"Dpress.ma","twitter_card":"summary_large_image","twitter_misc":{"\u00c9crit par":"Dpress.ma","Dur\u00e9e de lecture estim\u00e9e":"2 minutes"},"schema":{"@context":"https:\/\/schema.org","@graph":[{"@type":"Article","@id":"https:\/\/dpress.ma\/fr\/2025\/07\/15\/sm-le-roi-adresse-un-message-de-condoleances-au-president-du-nigeria-suite-au-deces-de-lancien-president-muhammadu-buhari\/#article","isPartOf":{"@id":"https:\/\/dpress.ma\/fr\/2025\/07\/15\/sm-le-roi-adresse-un-message-de-condoleances-au-president-du-nigeria-suite-au-deces-de-lancien-president-muhammadu-buhari\/"},"author":{"name":"Dpress.ma","@id":"https:\/\/dpress.ma\/fr\/#\/schema\/person\/4898febf3ccd59e6578d838656a306a0"},"headline":"SM le Roi adresse un message de condol\u00e9ances au Pr\u00e9sident du Nigeria suite au d\u00e9c\u00e8s de l\u2019ancien pr\u00e9sident Muhammadu Buhari","datePublished":"2025-07-15T13:09:45+00:00","dateModified":"2025-07-15T13:09:47+00:00","mainEntityOfPage":{"@id":"https:\/\/dpress.ma\/fr\/2025\/07\/15\/sm-le-roi-adresse-un-message-de-condoleances-au-president-du-nigeria-suite-au-deces-de-lancien-president-muhammadu-buhari\/"},"wordCount":298,"commentCount":0,"image":{"@id":"https:\/\/dpress.ma\/fr\/2025\/07\/15\/sm-le-roi-adresse-un-message-de-condoleances-au-president-du-nigeria-suite-au-deces-de-lancien-president-muhammadu-buhari\/#primaryimage"},"thumbnailUrl":"https:\/\/dpress.ma\/fr\/wp-content\/uploads\/sites\/2\/2025\/07\/dimensions2-10.jpg","articleSection":["Activit\u00e9s Royales"],"inLanguage":"fr-FR","potentialAction":[{"@type":"CommentAction","name":"Comment","target":["https:\/\/dpress.ma\/fr\/2025\/07\/15\/sm-le-roi-adresse-un-message-de-condoleances-au-president-du-nigeria-suite-au-deces-de-lancien-president-muhammadu-buhari\/#respond"]}]},{"@type":"WebPage","@id":"https:\/\/dpress.ma\/fr\/2025\/07\/15\/sm-le-roi-adresse-un-message-de-condoleances-au-president-du-nigeria-suite-au-deces-de-lancien-president-muhammadu-buhari\/","url":"https:\/\/dpress.ma\/fr\/2025\/07\/15\/sm-le-roi-adresse-un-message-de-condoleances-au-president-du-nigeria-suite-au-deces-de-lancien-president-muhammadu-buhari\/","name":"SM le Roi adresse un message de condol\u00e9ances au Pr\u00e9sident du Nigeria suite au d\u00e9c\u00e8s de l\u2019ancien pr\u00e9sident Muhammadu Buhari - Dpress.ma\/fr","isPartOf":{"@id":"https:\/\/dpress.ma\/fr\/#website"},"primaryImageOfPage":{"@id":"https:\/\/dpress.ma\/fr\/2025\/07\/15\/sm-le-roi-adresse-un-message-de-condoleances-au-president-du-nigeria-suite-au-deces-de-lancien-president-muhammadu-buhari\/#primaryimage"},"image":{"@id":"https:\/\/dpress.ma\/fr\/2025\/07\/15\/sm-le-roi-adresse-un-message-de-condoleances-au-president-du-nigeria-suite-au-deces-de-lancien-president-muhammadu-buhari\/#primaryimage"},"thumbnailUrl":"https:\/\/dpress.ma\/fr\/wp-content\/uploads\/sites\/2\/2025\/07\/dimensions2-10.jpg","datePublished":"2025-07-15T13:09:45+00:00","dateModified":"2025-07-15T13:09:47+00:00","author":{"@id":"https:\/\/dpress.ma\/fr\/#\/schema\/person\/4898febf3ccd59e6578d838656a306a0"},"breadcrumb":{"@id":"https:\/\/dpress.ma\/fr\/2025\/07\/15\/sm-le-roi-adresse-un-message-de-condoleances-au-president-du-nigeria-suite-au-deces-de-lancien-president-muhammadu-buhari\/#breadcrumb"},"inLanguage":"fr-FR","potentialAction":[{"@type":"ReadAction","target":["https:\/\/dpress.ma\/fr\/2025\/07\/15\/sm-le-roi-adresse-un-message-de-condoleances-au-president-du-nigeria-suite-au-deces-de-lancien-president-muhammadu-buhari\/"]}]},{"@type":"ImageObject","inLanguage":"fr-FR","@id":"https:\/\/dpress.ma\/fr\/2025\/07\/15\/sm-le-roi-adresse-un-message-de-condoleances-au-president-du-nigeria-suite-au-deces-de-lancien-president-muhammadu-buhari\/#primaryimage","url":"https:\/\/dpress.ma\/fr\/wp-content\/uploads\/sites\/2\/2025\/07\/dimensions2-10.jpg","contentUrl":"https:\/\/dpress.ma\/fr\/wp-content\/uploads\/sites\/2\/2025\/07\/dimensions2-10.jpg","width":2539,"height":1594},{"@type":"BreadcrumbList","@id":"https:\/\/dpress.ma\/fr\/2025\/07\/15\/sm-le-roi-adresse-un-message-de-condoleances-au-president-du-nigeria-suite-au-deces-de-lancien-president-muhammadu-buhari\/#breadcrumb","itemListElement":[{"@type":"ListItem","position":1,"name":"Home","item":"https:\/\/dpress.ma\/fr\/"},{"@type":"ListItem","position":2,"name":"SM le Roi adresse un message de condol\u00e9ances au Pr\u00e9sident du Nigeria suite au d\u00e9c\u00e8s de l\u2019ancien pr\u00e9sident Muhammadu Buhari"}]},{"@type":"WebSite","@id":"https:\/\/dpress.ma\/fr\/#website","url":"https:\/\/dpress.ma\/fr\/","name":"Dpress.ma\/fr","description":"","potentialAction":[{"@type":"SearchAction","target":{"@type":"EntryPoint","urlTemplate":"https:\/\/dpress.ma\/fr\/?s={search_term_string}"},"query-input":{"@type":"PropertyValueSpecification","valueRequired":true,"valueName":"search_term_string"}}],"inLanguage":"fr-FR"},{"@type":"Person","@id":"https:\/\/dpress.ma\/fr\/#\/schema\/person\/4898febf3ccd59e6578d838656a306a0","name":"Dpress.ma","image":{"@type":"ImageObject","inLanguage":"fr-FR","@id":"https:\/\/secure.gravatar.com\/avatar\/72ecc30e9db047a2e0e7176561eb9d564ed77c8108376495b19bd8336405198a?s=96&d=mm&r=g","url":"https:\/\/secure.gravatar.com\/avatar\/72ecc30e9db047a2e0e7176561eb9d564ed77c8108376495b19bd8336405198a?s=96&d=mm&r=g","contentUrl":"https:\/\/secure.gravatar.com\/avatar\/72ecc30e9db047a2e0e7176561eb9d564ed77c8108376495b19bd8336405198a?s=96&d=mm&r=g","caption":"Dpress.ma"},"sameAs":["https:\/\/www.dpress.ma"],"url":"https:\/\/dpress.ma\/fr\/author\/dpress-ma\/"}]}},"amp_enabled":true,"_links":{"self":[{"href":"https:\/\/dpress.ma\/fr\/wp-json\/wp\/v2\/posts\/15508","targetHints":{"allow":["GET"]}}],"collection":[{"href":"https:\/\/dpress.ma\/fr\/wp-json\/wp\/v2\/posts"}],"about":[{"href":"https:\/\/dpress.ma\/fr\/wp-json\/wp\/v2\/types\/post"}],"author":[{"embeddable":true,"href":"https:\/\/dpress.ma\/fr\/wp-json\/wp\/v2\/users\/2"}],"replies":[{"embeddable":true,"href":"https:\/\/dpress.ma\/fr\/wp-json\/wp\/v2\/comments?post=15508"}],"version-history":[{"count":1,"href":"https:\/\/dpress.ma\/fr\/wp-json\/wp\/v2\/posts\/15508\/revisions"}],"predecessor-version":[{"id":15510,"href":"https:\/\/dpress.ma\/fr\/wp-json\/wp\/v2\/posts\/15508\/revisions\/15510"}],"wp:featuredmedia":[{"embeddable":true,"href":"https:\/\/dpress.ma\/fr\/wp-json\/wp\/v2\/media\/15509"}],"wp:attachment":[{"href":"https:\/\/dpress.ma\/fr\/wp-json\/wp\/v2\/media?parent=15508"}],"wp:term":[{"taxonomy":"category","embeddable":true,"href":"https:\/\/dpress.ma\/fr\/wp-json\/wp\/v2\/categories?post=15508"},{"taxonomy":"post_tag","embeddable":true,"href":"https:\/\/dpress.ma\/fr\/wp-json\/wp\/v2\/tags?post=15508"}],"curies":[{"name":"wp","href":"https:\/\/api.w.org\/{rel}","templated":true}]}}