{"id":15491,"date":"2025-07-13T12:18:56","date_gmt":"2025-07-13T12:18:56","guid":{"rendered":"https:\/\/dpress.ma\/fr\/?p=15491"},"modified":"2025-07-13T12:18:57","modified_gmt":"2025-07-13T12:18:57","slug":"casablanca-des-ateliers-de-formation-sur-le-theatre-en-marge-de-la-37eme-edition-du-fituc","status":"publish","type":"post","link":"https:\/\/dpress.ma\/fr\/2025\/07\/13\/casablanca-des-ateliers-de-formation-sur-le-theatre-en-marge-de-la-37eme-edition-du-fituc\/","title":{"rendered":"Casablanca : Des ateliers de formation sur le th\u00e9\u00e2tre en marge de la 37\u00e8me \u00e9dition du FITUC"},"content":{"rendered":"\n<p>Dpress<\/p>\n\n\n\n<p>Des ateliers de formation sur le th\u00e9\u00e2tre ont \u00e9t\u00e9 organis\u00e9s, samedi, dans le cadre du Festival international de th\u00e9\u00e2tre universitaire de Casablanca (FITUC).<\/p>\n\n\n\n<p>Destin\u00e9s aux \u00e9tudiants, ces ateliers ont port\u00e9 sur les techniques du th\u00e9\u00e2tre d\u2019image, l\u2019art de la transformation, le masque et le corps de l\u2019acteur, le voyage cr\u00e9atif, ainsi que les dispositifs sc\u00e9nographiques.<\/p>\n\n\n\n<p>Anim\u00e9s par des sp\u00e9cialistes originaires du Royaume-Uni, de Chine, des \u00c9tats-Unis, d\u2019Italie, de France et d\u2019Australie, ces ateliers s\u2019inscrivent dans l\u2019approche p\u00e9dagogique du festival.<\/p>\n\n\n\n<p>A cette occasion, le responsable de la communication du festival, Ahmed Tanich, a fait savoir, dans une d\u00e9claration \u00e0 la MAP, que ces ateliers se caract\u00e9ris\u00e9s par leur diversit\u00e9 aux niveaux des th\u00e9matiques et des canaux d\u2019apprentissage, \u00e9voquant, dans ce sens, les exercices statiques d\u2019\u00e9criture et d\u2019autres en mouvement, qui mettent en avant l\u2019importance de l\u2019expression corporelle et de l\u2019interaction entre les acteurs.<\/p>\n\n\n\n<p>\u201cCes activit\u00e9s reviennent sur les diff\u00e9rentes facettes et messages du th\u00e9\u00e2tre, qui trouve sa place naturellement dans le monde universitaire\u201d, a-t-il poursuivi, soulignant que cette d\u00e9marche vise \u00e9galement \u00e0 promouvoir le r\u00f4le du sc\u00e9nario, cl\u00e9 de r\u00e9ussite de la pi\u00e8ce th\u00e9\u00e2trale.<\/p>\n\n\n\n<p>Le responsable a, ainsi, relev\u00e9 l\u2019importance du th\u00e9\u00e2tre comme espace de dialogue entre les cultures et levier de d\u00e9veloppement du sens critique et esth\u00e9tique chez les \u00e9tudiants, revenant sur la contribution du festival dans la promotion du th\u00e9\u00e2tre universitaire et la r\u00e9v\u00e9lation de nouveaux et jeunes talents.<\/p>\n\n\n\n<p>Par ailleurs, la troupe allemande Cours Florent Berlin a pr\u00e9sent\u00e9 sa pi\u00e8ce de th\u00e9\u00e2tre \u201cCalifornia Girls\u201d, qui raconte l\u2019histoire de trois amies, rong\u00e9es par la perte et les souvenirs de personnes disparues.<\/p>\n\n\n\n<p>L\u2019une apr\u00e8s l\u2019autre se confient sur les exp\u00e9riences li\u00e9es \u00e0 la mort. Sans plonger dans la tristesse, les jeunes filles se laissent emporter par la musique joyeuse de leur radio.<\/p>\n\n\n\n<p>Organis\u00e9 jusqu\u2019au 15 juillet, sous le Haut Patronage de Sa Majest\u00e9 le Roi Mohammed VI, ce festival s\u2019inscrit dans le droit fil de l\u2019ouverture de l\u2019universit\u00e9 sur son environnement, positionnant Casablanca comme capitale du th\u00e9\u00e2tre et de la culture.<\/p>\n\n\n\n<p>Le Festival international de th\u00e9\u00e2tre universitaire de Casablanca s\u2019impose, depuis sa cr\u00e9ation en 1988, comme un espace privil\u00e9gi\u00e9 de rencontres, de formation et d\u2019encadrement pour des jeunes d\u2019ici et d\u2019ailleurs. Il se propose \u00e9galement comme une plateforme internationale pour les exp\u00e9riences sc\u00e9niques, la cr\u00e9ation artistique, le dialogue interculturel et l\u2019\u00e9change entre \u00e9tudiants, professionnels du th\u00e9\u00e2tre, chercheurs et artistes nationaux et internationaux.<\/p>\n","protected":false},"excerpt":{"rendered":"<p>Dpress Des ateliers de formation sur le th\u00e9\u00e2tre ont \u00e9t\u00e9 organis\u00e9s, samedi, dans le cadre du Festival international de th\u00e9\u00e2tre universitaire de Casablanca (FITUC). Destin\u00e9s aux \u00e9tudiants, ces ateliers ont port\u00e9 sur les techniques du th\u00e9\u00e2tre d\u2019image, l\u2019art de la transformation, le masque et le corps de l\u2019acteur, le voyage cr\u00e9atif, ainsi que les dispositifs &hellip;<\/p>\n","protected":false},"author":2,"featured_media":15492,"comment_status":"open","ping_status":"open","sticky":false,"template":"","format":"standard","meta":{"footnotes":""},"categories":[31],"tags":[],"class_list":["post-15491","post","type-post","status-publish","format-standard","has-post-thumbnail","hentry","category-art-et-culture"],"yoast_head":"<!-- This site is optimized with the Yoast SEO plugin v27.5 - https:\/\/yoast.com\/product\/yoast-seo-wordpress\/ -->\n<title>Casablanca : Des ateliers de formation sur le th\u00e9\u00e2tre en marge de la 37\u00e8me \u00e9dition du FITUC - Dpress.ma\/fr<\/title>\n<meta name=\"robots\" content=\"index, follow, max-snippet:-1, max-image-preview:large, max-video-preview:-1\" \/>\n<link rel=\"canonical\" href=\"https:\/\/dpress.ma\/fr\/2025\/07\/13\/casablanca-des-ateliers-de-formation-sur-le-theatre-en-marge-de-la-37eme-edition-du-fituc\/\" \/>\n<meta property=\"og:locale\" content=\"fr_FR\" \/>\n<meta property=\"og:type\" content=\"article\" \/>\n<meta property=\"og:title\" content=\"Casablanca : Des ateliers de formation sur le th\u00e9\u00e2tre en marge de la 37\u00e8me \u00e9dition du FITUC - Dpress.ma\/fr\" \/>\n<meta property=\"og:description\" content=\"Dpress Des ateliers de formation sur le th\u00e9\u00e2tre ont \u00e9t\u00e9 organis\u00e9s, samedi, dans le cadre du Festival international de th\u00e9\u00e2tre universitaire de Casablanca (FITUC). Destin\u00e9s aux \u00e9tudiants, ces ateliers ont port\u00e9 sur les techniques du th\u00e9\u00e2tre d\u2019image, l\u2019art de la transformation, le masque et le corps de l\u2019acteur, le voyage cr\u00e9atif, ainsi que les dispositifs &hellip;\" \/>\n<meta property=\"og:url\" content=\"https:\/\/dpress.ma\/fr\/2025\/07\/13\/casablanca-des-ateliers-de-formation-sur-le-theatre-en-marge-de-la-37eme-edition-du-fituc\/\" \/>\n<meta property=\"og:site_name\" content=\"Dpress.ma\/fr\" \/>\n<meta property=\"article:published_time\" content=\"2025-07-13T12:18:56+00:00\" \/>\n<meta property=\"article:modified_time\" content=\"2025-07-13T12:18:57+00:00\" \/>\n<meta property=\"og:image\" content=\"https:\/\/dpress.ma\/fr\/wp-content\/uploads\/sites\/2\/2025\/07\/la-37eme-edition-du-FITUC.png\" \/>\n\t<meta property=\"og:image:width\" content=\"780\" \/>\n\t<meta property=\"og:image:height\" content=\"470\" \/>\n\t<meta property=\"og:image:type\" content=\"image\/png\" \/>\n<meta name=\"author\" content=\"Dpress.ma\" \/>\n<meta name=\"twitter:card\" content=\"summary_large_image\" \/>\n<meta name=\"twitter:label1\" content=\"\u00c9crit par\" \/>\n\t<meta name=\"twitter:data1\" content=\"Dpress.ma\" \/>\n\t<meta name=\"twitter:label2\" content=\"Dur\u00e9e de lecture estim\u00e9e\" \/>\n\t<meta name=\"twitter:data2\" content=\"3 minutes\" \/>\n<script type=\"application\/ld+json\" class=\"yoast-schema-graph\">{\"@context\":\"https:\\\/\\\/schema.org\",\"@graph\":[{\"@type\":\"Article\",\"@id\":\"https:\\\/\\\/dpress.ma\\\/fr\\\/2025\\\/07\\\/13\\\/casablanca-des-ateliers-de-formation-sur-le-theatre-en-marge-de-la-37eme-edition-du-fituc\\\/#article\",\"isPartOf\":{\"@id\":\"https:\\\/\\\/dpress.ma\\\/fr\\\/2025\\\/07\\\/13\\\/casablanca-des-ateliers-de-formation-sur-le-theatre-en-marge-de-la-37eme-edition-du-fituc\\\/\"},\"author\":{\"name\":\"Dpress.ma\",\"@id\":\"https:\\\/\\\/dpress.ma\\\/fr\\\/#\\\/schema\\\/person\\\/4898febf3ccd59e6578d838656a306a0\"},\"headline\":\"Casablanca : Des ateliers de formation sur le th\u00e9\u00e2tre en marge de la 37\u00e8me \u00e9dition du FITUC\",\"datePublished\":\"2025-07-13T12:18:56+00:00\",\"dateModified\":\"2025-07-13T12:18:57+00:00\",\"mainEntityOfPage\":{\"@id\":\"https:\\\/\\\/dpress.ma\\\/fr\\\/2025\\\/07\\\/13\\\/casablanca-des-ateliers-de-formation-sur-le-theatre-en-marge-de-la-37eme-edition-du-fituc\\\/\"},\"wordCount\":475,\"commentCount\":0,\"image\":{\"@id\":\"https:\\\/\\\/dpress.ma\\\/fr\\\/2025\\\/07\\\/13\\\/casablanca-des-ateliers-de-formation-sur-le-theatre-en-marge-de-la-37eme-edition-du-fituc\\\/#primaryimage\"},\"thumbnailUrl\":\"https:\\\/\\\/dpress.ma\\\/fr\\\/wp-content\\\/uploads\\\/sites\\\/2\\\/2025\\\/07\\\/la-37eme-edition-du-FITUC.png\",\"articleSection\":[\"Art et Culture\"],\"inLanguage\":\"fr-FR\",\"potentialAction\":[{\"@type\":\"CommentAction\",\"name\":\"Comment\",\"target\":[\"https:\\\/\\\/dpress.ma\\\/fr\\\/2025\\\/07\\\/13\\\/casablanca-des-ateliers-de-formation-sur-le-theatre-en-marge-de-la-37eme-edition-du-fituc\\\/#respond\"]}]},{\"@type\":\"WebPage\",\"@id\":\"https:\\\/\\\/dpress.ma\\\/fr\\\/2025\\\/07\\\/13\\\/casablanca-des-ateliers-de-formation-sur-le-theatre-en-marge-de-la-37eme-edition-du-fituc\\\/\",\"url\":\"https:\\\/\\\/dpress.ma\\\/fr\\\/2025\\\/07\\\/13\\\/casablanca-des-ateliers-de-formation-sur-le-theatre-en-marge-de-la-37eme-edition-du-fituc\\\/\",\"name\":\"Casablanca : Des ateliers de formation sur le th\u00e9\u00e2tre en marge de la 37\u00e8me \u00e9dition du FITUC - Dpress.ma\\\/fr\",\"isPartOf\":{\"@id\":\"https:\\\/\\\/dpress.ma\\\/fr\\\/#website\"},\"primaryImageOfPage\":{\"@id\":\"https:\\\/\\\/dpress.ma\\\/fr\\\/2025\\\/07\\\/13\\\/casablanca-des-ateliers-de-formation-sur-le-theatre-en-marge-de-la-37eme-edition-du-fituc\\\/#primaryimage\"},\"image\":{\"@id\":\"https:\\\/\\\/dpress.ma\\\/fr\\\/2025\\\/07\\\/13\\\/casablanca-des-ateliers-de-formation-sur-le-theatre-en-marge-de-la-37eme-edition-du-fituc\\\/#primaryimage\"},\"thumbnailUrl\":\"https:\\\/\\\/dpress.ma\\\/fr\\\/wp-content\\\/uploads\\\/sites\\\/2\\\/2025\\\/07\\\/la-37eme-edition-du-FITUC.png\",\"datePublished\":\"2025-07-13T12:18:56+00:00\",\"dateModified\":\"2025-07-13T12:18:57+00:00\",\"author\":{\"@id\":\"https:\\\/\\\/dpress.ma\\\/fr\\\/#\\\/schema\\\/person\\\/4898febf3ccd59e6578d838656a306a0\"},\"breadcrumb\":{\"@id\":\"https:\\\/\\\/dpress.ma\\\/fr\\\/2025\\\/07\\\/13\\\/casablanca-des-ateliers-de-formation-sur-le-theatre-en-marge-de-la-37eme-edition-du-fituc\\\/#breadcrumb\"},\"inLanguage\":\"fr-FR\",\"potentialAction\":[{\"@type\":\"ReadAction\",\"target\":[\"https:\\\/\\\/dpress.ma\\\/fr\\\/2025\\\/07\\\/13\\\/casablanca-des-ateliers-de-formation-sur-le-theatre-en-marge-de-la-37eme-edition-du-fituc\\\/\"]}]},{\"@type\":\"ImageObject\",\"inLanguage\":\"fr-FR\",\"@id\":\"https:\\\/\\\/dpress.ma\\\/fr\\\/2025\\\/07\\\/13\\\/casablanca-des-ateliers-de-formation-sur-le-theatre-en-marge-de-la-37eme-edition-du-fituc\\\/#primaryimage\",\"url\":\"https:\\\/\\\/dpress.ma\\\/fr\\\/wp-content\\\/uploads\\\/sites\\\/2\\\/2025\\\/07\\\/la-37eme-edition-du-FITUC.png\",\"contentUrl\":\"https:\\\/\\\/dpress.ma\\\/fr\\\/wp-content\\\/uploads\\\/sites\\\/2\\\/2025\\\/07\\\/la-37eme-edition-du-FITUC.png\",\"width\":780,\"height\":470},{\"@type\":\"BreadcrumbList\",\"@id\":\"https:\\\/\\\/dpress.ma\\\/fr\\\/2025\\\/07\\\/13\\\/casablanca-des-ateliers-de-formation-sur-le-theatre-en-marge-de-la-37eme-edition-du-fituc\\\/#breadcrumb\",\"itemListElement\":[{\"@type\":\"ListItem\",\"position\":1,\"name\":\"Home\",\"item\":\"https:\\\/\\\/dpress.ma\\\/fr\\\/\"},{\"@type\":\"ListItem\",\"position\":2,\"name\":\"Casablanca : Des ateliers de formation sur le th\u00e9\u00e2tre en marge de la 37\u00e8me \u00e9dition du FITUC\"}]},{\"@type\":\"WebSite\",\"@id\":\"https:\\\/\\\/dpress.ma\\\/fr\\\/#website\",\"url\":\"https:\\\/\\\/dpress.ma\\\/fr\\\/\",\"name\":\"Dpress.ma\\\/fr\",\"description\":\"\",\"potentialAction\":[{\"@type\":\"SearchAction\",\"target\":{\"@type\":\"EntryPoint\",\"urlTemplate\":\"https:\\\/\\\/dpress.ma\\\/fr\\\/?s={search_term_string}\"},\"query-input\":{\"@type\":\"PropertyValueSpecification\",\"valueRequired\":true,\"valueName\":\"search_term_string\"}}],\"inLanguage\":\"fr-FR\"},{\"@type\":\"Person\",\"@id\":\"https:\\\/\\\/dpress.ma\\\/fr\\\/#\\\/schema\\\/person\\\/4898febf3ccd59e6578d838656a306a0\",\"name\":\"Dpress.ma\",\"image\":{\"@type\":\"ImageObject\",\"inLanguage\":\"fr-FR\",\"@id\":\"https:\\\/\\\/secure.gravatar.com\\\/avatar\\\/72ecc30e9db047a2e0e7176561eb9d564ed77c8108376495b19bd8336405198a?s=96&d=mm&r=g\",\"url\":\"https:\\\/\\\/secure.gravatar.com\\\/avatar\\\/72ecc30e9db047a2e0e7176561eb9d564ed77c8108376495b19bd8336405198a?s=96&d=mm&r=g\",\"contentUrl\":\"https:\\\/\\\/secure.gravatar.com\\\/avatar\\\/72ecc30e9db047a2e0e7176561eb9d564ed77c8108376495b19bd8336405198a?s=96&d=mm&r=g\",\"caption\":\"Dpress.ma\"},\"sameAs\":[\"https:\\\/\\\/www.dpress.ma\"],\"url\":\"https:\\\/\\\/dpress.ma\\\/fr\\\/author\\\/dpress-ma\\\/\"}]}<\/script>\n<!-- \/ Yoast SEO plugin. -->","yoast_head_json":{"title":"Casablanca : Des ateliers de formation sur le th\u00e9\u00e2tre en marge de la 37\u00e8me \u00e9dition du FITUC - Dpress.ma\/fr","robots":{"index":"index","follow":"follow","max-snippet":"max-snippet:-1","max-image-preview":"max-image-preview:large","max-video-preview":"max-video-preview:-1"},"canonical":"https:\/\/dpress.ma\/fr\/2025\/07\/13\/casablanca-des-ateliers-de-formation-sur-le-theatre-en-marge-de-la-37eme-edition-du-fituc\/","og_locale":"fr_FR","og_type":"article","og_title":"Casablanca : Des ateliers de formation sur le th\u00e9\u00e2tre en marge de la 37\u00e8me \u00e9dition du FITUC - Dpress.ma\/fr","og_description":"Dpress Des ateliers de formation sur le th\u00e9\u00e2tre ont \u00e9t\u00e9 organis\u00e9s, samedi, dans le cadre du Festival international de th\u00e9\u00e2tre universitaire de Casablanca (FITUC). Destin\u00e9s aux \u00e9tudiants, ces ateliers ont port\u00e9 sur les techniques du th\u00e9\u00e2tre d\u2019image, l\u2019art de la transformation, le masque et le corps de l\u2019acteur, le voyage cr\u00e9atif, ainsi que les dispositifs &hellip;","og_url":"https:\/\/dpress.ma\/fr\/2025\/07\/13\/casablanca-des-ateliers-de-formation-sur-le-theatre-en-marge-de-la-37eme-edition-du-fituc\/","og_site_name":"Dpress.ma\/fr","article_published_time":"2025-07-13T12:18:56+00:00","article_modified_time":"2025-07-13T12:18:57+00:00","og_image":[{"width":780,"height":470,"url":"https:\/\/dpress.ma\/fr\/wp-content\/uploads\/sites\/2\/2025\/07\/la-37eme-edition-du-FITUC.png","type":"image\/png"}],"author":"Dpress.ma","twitter_card":"summary_large_image","twitter_misc":{"\u00c9crit par":"Dpress.ma","Dur\u00e9e de lecture estim\u00e9e":"3 minutes"},"schema":{"@context":"https:\/\/schema.org","@graph":[{"@type":"Article","@id":"https:\/\/dpress.ma\/fr\/2025\/07\/13\/casablanca-des-ateliers-de-formation-sur-le-theatre-en-marge-de-la-37eme-edition-du-fituc\/#article","isPartOf":{"@id":"https:\/\/dpress.ma\/fr\/2025\/07\/13\/casablanca-des-ateliers-de-formation-sur-le-theatre-en-marge-de-la-37eme-edition-du-fituc\/"},"author":{"name":"Dpress.ma","@id":"https:\/\/dpress.ma\/fr\/#\/schema\/person\/4898febf3ccd59e6578d838656a306a0"},"headline":"Casablanca : Des ateliers de formation sur le th\u00e9\u00e2tre en marge de la 37\u00e8me \u00e9dition du FITUC","datePublished":"2025-07-13T12:18:56+00:00","dateModified":"2025-07-13T12:18:57+00:00","mainEntityOfPage":{"@id":"https:\/\/dpress.ma\/fr\/2025\/07\/13\/casablanca-des-ateliers-de-formation-sur-le-theatre-en-marge-de-la-37eme-edition-du-fituc\/"},"wordCount":475,"commentCount":0,"image":{"@id":"https:\/\/dpress.ma\/fr\/2025\/07\/13\/casablanca-des-ateliers-de-formation-sur-le-theatre-en-marge-de-la-37eme-edition-du-fituc\/#primaryimage"},"thumbnailUrl":"https:\/\/dpress.ma\/fr\/wp-content\/uploads\/sites\/2\/2025\/07\/la-37eme-edition-du-FITUC.png","articleSection":["Art et Culture"],"inLanguage":"fr-FR","potentialAction":[{"@type":"CommentAction","name":"Comment","target":["https:\/\/dpress.ma\/fr\/2025\/07\/13\/casablanca-des-ateliers-de-formation-sur-le-theatre-en-marge-de-la-37eme-edition-du-fituc\/#respond"]}]},{"@type":"WebPage","@id":"https:\/\/dpress.ma\/fr\/2025\/07\/13\/casablanca-des-ateliers-de-formation-sur-le-theatre-en-marge-de-la-37eme-edition-du-fituc\/","url":"https:\/\/dpress.ma\/fr\/2025\/07\/13\/casablanca-des-ateliers-de-formation-sur-le-theatre-en-marge-de-la-37eme-edition-du-fituc\/","name":"Casablanca : Des ateliers de formation sur le th\u00e9\u00e2tre en marge de la 37\u00e8me \u00e9dition du FITUC - Dpress.ma\/fr","isPartOf":{"@id":"https:\/\/dpress.ma\/fr\/#website"},"primaryImageOfPage":{"@id":"https:\/\/dpress.ma\/fr\/2025\/07\/13\/casablanca-des-ateliers-de-formation-sur-le-theatre-en-marge-de-la-37eme-edition-du-fituc\/#primaryimage"},"image":{"@id":"https:\/\/dpress.ma\/fr\/2025\/07\/13\/casablanca-des-ateliers-de-formation-sur-le-theatre-en-marge-de-la-37eme-edition-du-fituc\/#primaryimage"},"thumbnailUrl":"https:\/\/dpress.ma\/fr\/wp-content\/uploads\/sites\/2\/2025\/07\/la-37eme-edition-du-FITUC.png","datePublished":"2025-07-13T12:18:56+00:00","dateModified":"2025-07-13T12:18:57+00:00","author":{"@id":"https:\/\/dpress.ma\/fr\/#\/schema\/person\/4898febf3ccd59e6578d838656a306a0"},"breadcrumb":{"@id":"https:\/\/dpress.ma\/fr\/2025\/07\/13\/casablanca-des-ateliers-de-formation-sur-le-theatre-en-marge-de-la-37eme-edition-du-fituc\/#breadcrumb"},"inLanguage":"fr-FR","potentialAction":[{"@type":"ReadAction","target":["https:\/\/dpress.ma\/fr\/2025\/07\/13\/casablanca-des-ateliers-de-formation-sur-le-theatre-en-marge-de-la-37eme-edition-du-fituc\/"]}]},{"@type":"ImageObject","inLanguage":"fr-FR","@id":"https:\/\/dpress.ma\/fr\/2025\/07\/13\/casablanca-des-ateliers-de-formation-sur-le-theatre-en-marge-de-la-37eme-edition-du-fituc\/#primaryimage","url":"https:\/\/dpress.ma\/fr\/wp-content\/uploads\/sites\/2\/2025\/07\/la-37eme-edition-du-FITUC.png","contentUrl":"https:\/\/dpress.ma\/fr\/wp-content\/uploads\/sites\/2\/2025\/07\/la-37eme-edition-du-FITUC.png","width":780,"height":470},{"@type":"BreadcrumbList","@id":"https:\/\/dpress.ma\/fr\/2025\/07\/13\/casablanca-des-ateliers-de-formation-sur-le-theatre-en-marge-de-la-37eme-edition-du-fituc\/#breadcrumb","itemListElement":[{"@type":"ListItem","position":1,"name":"Home","item":"https:\/\/dpress.ma\/fr\/"},{"@type":"ListItem","position":2,"name":"Casablanca : Des ateliers de formation sur le th\u00e9\u00e2tre en marge de la 37\u00e8me \u00e9dition du FITUC"}]},{"@type":"WebSite","@id":"https:\/\/dpress.ma\/fr\/#website","url":"https:\/\/dpress.ma\/fr\/","name":"Dpress.ma\/fr","description":"","potentialAction":[{"@type":"SearchAction","target":{"@type":"EntryPoint","urlTemplate":"https:\/\/dpress.ma\/fr\/?s={search_term_string}"},"query-input":{"@type":"PropertyValueSpecification","valueRequired":true,"valueName":"search_term_string"}}],"inLanguage":"fr-FR"},{"@type":"Person","@id":"https:\/\/dpress.ma\/fr\/#\/schema\/person\/4898febf3ccd59e6578d838656a306a0","name":"Dpress.ma","image":{"@type":"ImageObject","inLanguage":"fr-FR","@id":"https:\/\/secure.gravatar.com\/avatar\/72ecc30e9db047a2e0e7176561eb9d564ed77c8108376495b19bd8336405198a?s=96&d=mm&r=g","url":"https:\/\/secure.gravatar.com\/avatar\/72ecc30e9db047a2e0e7176561eb9d564ed77c8108376495b19bd8336405198a?s=96&d=mm&r=g","contentUrl":"https:\/\/secure.gravatar.com\/avatar\/72ecc30e9db047a2e0e7176561eb9d564ed77c8108376495b19bd8336405198a?s=96&d=mm&r=g","caption":"Dpress.ma"},"sameAs":["https:\/\/www.dpress.ma"],"url":"https:\/\/dpress.ma\/fr\/author\/dpress-ma\/"}]}},"amp_enabled":true,"_links":{"self":[{"href":"https:\/\/dpress.ma\/fr\/wp-json\/wp\/v2\/posts\/15491","targetHints":{"allow":["GET"]}}],"collection":[{"href":"https:\/\/dpress.ma\/fr\/wp-json\/wp\/v2\/posts"}],"about":[{"href":"https:\/\/dpress.ma\/fr\/wp-json\/wp\/v2\/types\/post"}],"author":[{"embeddable":true,"href":"https:\/\/dpress.ma\/fr\/wp-json\/wp\/v2\/users\/2"}],"replies":[{"embeddable":true,"href":"https:\/\/dpress.ma\/fr\/wp-json\/wp\/v2\/comments?post=15491"}],"version-history":[{"count":1,"href":"https:\/\/dpress.ma\/fr\/wp-json\/wp\/v2\/posts\/15491\/revisions"}],"predecessor-version":[{"id":15493,"href":"https:\/\/dpress.ma\/fr\/wp-json\/wp\/v2\/posts\/15491\/revisions\/15493"}],"wp:featuredmedia":[{"embeddable":true,"href":"https:\/\/dpress.ma\/fr\/wp-json\/wp\/v2\/media\/15492"}],"wp:attachment":[{"href":"https:\/\/dpress.ma\/fr\/wp-json\/wp\/v2\/media?parent=15491"}],"wp:term":[{"taxonomy":"category","embeddable":true,"href":"https:\/\/dpress.ma\/fr\/wp-json\/wp\/v2\/categories?post=15491"},{"taxonomy":"post_tag","embeddable":true,"href":"https:\/\/dpress.ma\/fr\/wp-json\/wp\/v2\/tags?post=15491"}],"curies":[{"name":"wp","href":"https:\/\/api.w.org\/{rel}","templated":true}]}}