{"id":15486,"date":"2025-07-12T18:14:20","date_gmt":"2025-07-12T18:14:20","guid":{"rendered":"https:\/\/dpress.ma\/fr\/?p=15486"},"modified":"2025-07-12T18:14:21","modified_gmt":"2025-07-12T18:14:21","slug":"oujda-journee-de-sensibilisation-au-depistage-precoce-du-cancer-de-la-peau","status":"publish","type":"post","link":"https:\/\/dpress.ma\/fr\/2025\/07\/12\/oujda-journee-de-sensibilisation-au-depistage-precoce-du-cancer-de-la-peau\/","title":{"rendered":"Oujda: Journ\u00e9e de sensibilisation au d\u00e9pistage pr\u00e9coce du cancer de la peau"},"content":{"rendered":"\n<p dir=\"ltr\">Dpress<\/p>\n\n\n\n<p dir=\"ltr\">&nbsp;Le Centre Hospitalier Universitaire (CHU) Mohammed VI d\u2019Oujda a accueilli, samedi, la deuxi\u00e8me journ\u00e9e de sensibilisation sur le d\u00e9pistage pr\u00e9coce du cancer de la peau, organis\u00e9e \u00e0 l\u2019initiative du service de dermatologie du centre.<\/p>\n\n\n\n<p dir=\"ltr\">Plac\u00e9e sous le signe \u201cTous ensemble pour une peau sans cancer\u201d, cette journ\u00e9e a pour objectif de sensibiliser la population aux risques li\u00e9s au cancer cutan\u00e9, tout en offrant des consultations et des examens m\u00e9dicaux gratuits, gr\u00e2ce \u00e0 la mobilisation de m\u00e9decins sp\u00e9cialistes et professionnels de sant\u00e9.<\/p>\n\n\n\n<p dir=\"ltr\">Les activit\u00e9s ont \u00e9t\u00e9 marqu\u00e9es par des campagnes intensives d\u2019information sur les m\u00e9thodes de protection contre les facteurs de risque, notamment l\u2019exposition solaire.<\/p>\n\n\n\n<p dir=\"ltr\">Des conseils pratiques ont \u00e9galement \u00e9t\u00e9 dispens\u00e9s pour aider \u00e0 reconna\u00eetre les signes pr\u00e9coces de la maladie, en insistant sur l\u2019importance du suivi m\u00e9dical r\u00e9gulier.<\/p>\n\n\n\n<p dir=\"ltr\">Dans une d\u00e9claration \u00e0 la MAP, la cheffe du service de dermatologie du CHU, Nada Zizi, a expliqu\u00e9 que cette journ\u00e9e vise \u00e0 \u201calerter sur les dangers d\u2019une exposition excessive au soleil et \u00e0 fournir des recommandations claires pour une pr\u00e9vention efficace\u201d.<\/p>\n\n\n\n<p dir=\"ltr\">Elle a soulign\u00e9 que cette initiative intervient dans un contexte pr\u00e9occupant, marqu\u00e9 par une hausse significative du nombre de cas de cancers de la peau diagnostiqu\u00e9s \u00e0 travers le monde, d\u00e9plorant que beaucoup de patients interpr\u00e8tent \u00e0 tort les premi\u00e8res l\u00e9sions cutan\u00e9es comme de simples boutons, ignorant le risque de transformation en tumeur maligne.<\/p>\n\n\n\n<p dir=\"ltr\">De son c\u00f4t\u00e9, la dermatologue Khadija Imam a insist\u00e9 sur l\u2019importance de multiplier ce type de campagnes, notamment dans les zones rurales ou enclav\u00e9es, o\u00f9 l\u2019acc\u00e8s aux soins reste limit\u00e9.<\/p>\n\n\n\n<p dir=\"ltr\">\u00c0 cet \u00e9gard, elle a exhort\u00e9 la population \u00e0 consulter un professionnel de sant\u00e9 d\u00e8s l\u2019apparition de toute modification cutan\u00e9e suspecte, condition essentielle \u00e0 un d\u00e9pistage pr\u00e9coce et efficace.<\/p>\n\n\n\n<p dir=\"ltr\">Mme Imam a par ailleurs rappel\u00e9 la n\u00e9cessit\u00e9 de renforcer la culture sanitaire autour des pathologies dermatologiques, en incitant les citoyens \u00e0 rester attentifs aux signaux d\u2019alerte que peut envoyer leur peau.<\/p>\n\n\n\n<p dir=\"ltr\">Plusieurs b\u00e9n\u00e9ficiaires ont salu\u00e9 cette initiative \u00e0 la fois pr\u00e9ventive et solidaire, qui contribue \u00e0 rapprocher les services sp\u00e9cialis\u00e9s des populations locales.<\/p>\n","protected":false},"excerpt":{"rendered":"<p>Dpress &nbsp;Le Centre Hospitalier Universitaire (CHU) Mohammed VI d\u2019Oujda a accueilli, samedi, la deuxi\u00e8me journ\u00e9e de sensibilisation sur le d\u00e9pistage pr\u00e9coce du cancer de la peau, organis\u00e9e \u00e0 l\u2019initiative du service de dermatologie du centre. Plac\u00e9e sous le signe \u201cTous ensemble pour une peau sans cancer\u201d, cette journ\u00e9e a pour objectif de sensibiliser la population &hellip;<\/p>\n","protected":false},"author":2,"featured_media":15487,"comment_status":"open","ping_status":"open","sticky":false,"template":"","format":"standard","meta":{"footnotes":""},"categories":[40],"tags":[],"class_list":["post-15486","post","type-post","status-publish","format-standard","has-post-thumbnail","hentry","category-societe-et-regions"],"yoast_head":"<!-- This site is optimized with the Yoast SEO plugin v27.5 - https:\/\/yoast.com\/product\/yoast-seo-wordpress\/ -->\n<title>Oujda: Journ\u00e9e de sensibilisation au d\u00e9pistage pr\u00e9coce du cancer de la peau - Dpress.ma\/fr<\/title>\n<meta name=\"robots\" content=\"index, follow, max-snippet:-1, max-image-preview:large, max-video-preview:-1\" \/>\n<link rel=\"canonical\" href=\"https:\/\/dpress.ma\/fr\/2025\/07\/12\/oujda-journee-de-sensibilisation-au-depistage-precoce-du-cancer-de-la-peau\/\" \/>\n<meta property=\"og:locale\" content=\"fr_FR\" \/>\n<meta property=\"og:type\" content=\"article\" \/>\n<meta property=\"og:title\" content=\"Oujda: Journ\u00e9e de sensibilisation au d\u00e9pistage pr\u00e9coce du cancer de la peau - Dpress.ma\/fr\" \/>\n<meta property=\"og:description\" content=\"Dpress &nbsp;Le Centre Hospitalier Universitaire (CHU) Mohammed VI d\u2019Oujda a accueilli, samedi, la deuxi\u00e8me journ\u00e9e de sensibilisation sur le d\u00e9pistage pr\u00e9coce du cancer de la peau, organis\u00e9e \u00e0 l\u2019initiative du service de dermatologie du centre. Plac\u00e9e sous le signe \u201cTous ensemble pour une peau sans cancer\u201d, cette journ\u00e9e a pour objectif de sensibiliser la population &hellip;\" \/>\n<meta property=\"og:url\" content=\"https:\/\/dpress.ma\/fr\/2025\/07\/12\/oujda-journee-de-sensibilisation-au-depistage-precoce-du-cancer-de-la-peau\/\" \/>\n<meta property=\"og:site_name\" content=\"Dpress.ma\/fr\" \/>\n<meta property=\"article:published_time\" content=\"2025-07-12T18:14:20+00:00\" \/>\n<meta property=\"article:modified_time\" content=\"2025-07-12T18:14:21+00:00\" \/>\n<meta property=\"og:image\" content=\"https:\/\/dpress.ma\/fr\/wp-content\/uploads\/sites\/2\/2025\/07\/Le-Centre-Hospitalier-Universitaire-CHU-Mohammed-VI-dOujda.png\" \/>\n\t<meta property=\"og:image:width\" content=\"780\" \/>\n\t<meta property=\"og:image:height\" content=\"470\" \/>\n\t<meta property=\"og:image:type\" content=\"image\/png\" \/>\n<meta name=\"author\" content=\"Dpress.ma\" \/>\n<meta name=\"twitter:card\" content=\"summary_large_image\" \/>\n<meta name=\"twitter:label1\" content=\"\u00c9crit par\" \/>\n\t<meta name=\"twitter:data1\" content=\"Dpress.ma\" \/>\n\t<meta name=\"twitter:label2\" content=\"Dur\u00e9e de lecture estim\u00e9e\" \/>\n\t<meta name=\"twitter:data2\" content=\"2 minutes\" \/>\n<script type=\"application\/ld+json\" class=\"yoast-schema-graph\">{\"@context\":\"https:\\\/\\\/schema.org\",\"@graph\":[{\"@type\":\"Article\",\"@id\":\"https:\\\/\\\/dpress.ma\\\/fr\\\/2025\\\/07\\\/12\\\/oujda-journee-de-sensibilisation-au-depistage-precoce-du-cancer-de-la-peau\\\/#article\",\"isPartOf\":{\"@id\":\"https:\\\/\\\/dpress.ma\\\/fr\\\/2025\\\/07\\\/12\\\/oujda-journee-de-sensibilisation-au-depistage-precoce-du-cancer-de-la-peau\\\/\"},\"author\":{\"name\":\"Dpress.ma\",\"@id\":\"https:\\\/\\\/dpress.ma\\\/fr\\\/#\\\/schema\\\/person\\\/4898febf3ccd59e6578d838656a306a0\"},\"headline\":\"Oujda: Journ\u00e9e de sensibilisation au d\u00e9pistage pr\u00e9coce du cancer de la peau\",\"datePublished\":\"2025-07-12T18:14:20+00:00\",\"dateModified\":\"2025-07-12T18:14:21+00:00\",\"mainEntityOfPage\":{\"@id\":\"https:\\\/\\\/dpress.ma\\\/fr\\\/2025\\\/07\\\/12\\\/oujda-journee-de-sensibilisation-au-depistage-precoce-du-cancer-de-la-peau\\\/\"},\"wordCount\":394,\"commentCount\":0,\"image\":{\"@id\":\"https:\\\/\\\/dpress.ma\\\/fr\\\/2025\\\/07\\\/12\\\/oujda-journee-de-sensibilisation-au-depistage-precoce-du-cancer-de-la-peau\\\/#primaryimage\"},\"thumbnailUrl\":\"https:\\\/\\\/dpress.ma\\\/fr\\\/wp-content\\\/uploads\\\/sites\\\/2\\\/2025\\\/07\\\/Le-Centre-Hospitalier-Universitaire-CHU-Mohammed-VI-dOujda.png\",\"articleSection\":[\"societe et regions\"],\"inLanguage\":\"fr-FR\",\"potentialAction\":[{\"@type\":\"CommentAction\",\"name\":\"Comment\",\"target\":[\"https:\\\/\\\/dpress.ma\\\/fr\\\/2025\\\/07\\\/12\\\/oujda-journee-de-sensibilisation-au-depistage-precoce-du-cancer-de-la-peau\\\/#respond\"]}]},{\"@type\":\"WebPage\",\"@id\":\"https:\\\/\\\/dpress.ma\\\/fr\\\/2025\\\/07\\\/12\\\/oujda-journee-de-sensibilisation-au-depistage-precoce-du-cancer-de-la-peau\\\/\",\"url\":\"https:\\\/\\\/dpress.ma\\\/fr\\\/2025\\\/07\\\/12\\\/oujda-journee-de-sensibilisation-au-depistage-precoce-du-cancer-de-la-peau\\\/\",\"name\":\"Oujda: Journ\u00e9e de sensibilisation au d\u00e9pistage pr\u00e9coce du cancer de la peau - Dpress.ma\\\/fr\",\"isPartOf\":{\"@id\":\"https:\\\/\\\/dpress.ma\\\/fr\\\/#website\"},\"primaryImageOfPage\":{\"@id\":\"https:\\\/\\\/dpress.ma\\\/fr\\\/2025\\\/07\\\/12\\\/oujda-journee-de-sensibilisation-au-depistage-precoce-du-cancer-de-la-peau\\\/#primaryimage\"},\"image\":{\"@id\":\"https:\\\/\\\/dpress.ma\\\/fr\\\/2025\\\/07\\\/12\\\/oujda-journee-de-sensibilisation-au-depistage-precoce-du-cancer-de-la-peau\\\/#primaryimage\"},\"thumbnailUrl\":\"https:\\\/\\\/dpress.ma\\\/fr\\\/wp-content\\\/uploads\\\/sites\\\/2\\\/2025\\\/07\\\/Le-Centre-Hospitalier-Universitaire-CHU-Mohammed-VI-dOujda.png\",\"datePublished\":\"2025-07-12T18:14:20+00:00\",\"dateModified\":\"2025-07-12T18:14:21+00:00\",\"author\":{\"@id\":\"https:\\\/\\\/dpress.ma\\\/fr\\\/#\\\/schema\\\/person\\\/4898febf3ccd59e6578d838656a306a0\"},\"breadcrumb\":{\"@id\":\"https:\\\/\\\/dpress.ma\\\/fr\\\/2025\\\/07\\\/12\\\/oujda-journee-de-sensibilisation-au-depistage-precoce-du-cancer-de-la-peau\\\/#breadcrumb\"},\"inLanguage\":\"fr-FR\",\"potentialAction\":[{\"@type\":\"ReadAction\",\"target\":[\"https:\\\/\\\/dpress.ma\\\/fr\\\/2025\\\/07\\\/12\\\/oujda-journee-de-sensibilisation-au-depistage-precoce-du-cancer-de-la-peau\\\/\"]}]},{\"@type\":\"ImageObject\",\"inLanguage\":\"fr-FR\",\"@id\":\"https:\\\/\\\/dpress.ma\\\/fr\\\/2025\\\/07\\\/12\\\/oujda-journee-de-sensibilisation-au-depistage-precoce-du-cancer-de-la-peau\\\/#primaryimage\",\"url\":\"https:\\\/\\\/dpress.ma\\\/fr\\\/wp-content\\\/uploads\\\/sites\\\/2\\\/2025\\\/07\\\/Le-Centre-Hospitalier-Universitaire-CHU-Mohammed-VI-dOujda.png\",\"contentUrl\":\"https:\\\/\\\/dpress.ma\\\/fr\\\/wp-content\\\/uploads\\\/sites\\\/2\\\/2025\\\/07\\\/Le-Centre-Hospitalier-Universitaire-CHU-Mohammed-VI-dOujda.png\",\"width\":780,\"height\":470},{\"@type\":\"BreadcrumbList\",\"@id\":\"https:\\\/\\\/dpress.ma\\\/fr\\\/2025\\\/07\\\/12\\\/oujda-journee-de-sensibilisation-au-depistage-precoce-du-cancer-de-la-peau\\\/#breadcrumb\",\"itemListElement\":[{\"@type\":\"ListItem\",\"position\":1,\"name\":\"Home\",\"item\":\"https:\\\/\\\/dpress.ma\\\/fr\\\/\"},{\"@type\":\"ListItem\",\"position\":2,\"name\":\"Oujda: Journ\u00e9e de sensibilisation au d\u00e9pistage pr\u00e9coce du cancer de la peau\"}]},{\"@type\":\"WebSite\",\"@id\":\"https:\\\/\\\/dpress.ma\\\/fr\\\/#website\",\"url\":\"https:\\\/\\\/dpress.ma\\\/fr\\\/\",\"name\":\"Dpress.ma\\\/fr\",\"description\":\"\",\"potentialAction\":[{\"@type\":\"SearchAction\",\"target\":{\"@type\":\"EntryPoint\",\"urlTemplate\":\"https:\\\/\\\/dpress.ma\\\/fr\\\/?s={search_term_string}\"},\"query-input\":{\"@type\":\"PropertyValueSpecification\",\"valueRequired\":true,\"valueName\":\"search_term_string\"}}],\"inLanguage\":\"fr-FR\"},{\"@type\":\"Person\",\"@id\":\"https:\\\/\\\/dpress.ma\\\/fr\\\/#\\\/schema\\\/person\\\/4898febf3ccd59e6578d838656a306a0\",\"name\":\"Dpress.ma\",\"image\":{\"@type\":\"ImageObject\",\"inLanguage\":\"fr-FR\",\"@id\":\"https:\\\/\\\/secure.gravatar.com\\\/avatar\\\/72ecc30e9db047a2e0e7176561eb9d564ed77c8108376495b19bd8336405198a?s=96&d=mm&r=g\",\"url\":\"https:\\\/\\\/secure.gravatar.com\\\/avatar\\\/72ecc30e9db047a2e0e7176561eb9d564ed77c8108376495b19bd8336405198a?s=96&d=mm&r=g\",\"contentUrl\":\"https:\\\/\\\/secure.gravatar.com\\\/avatar\\\/72ecc30e9db047a2e0e7176561eb9d564ed77c8108376495b19bd8336405198a?s=96&d=mm&r=g\",\"caption\":\"Dpress.ma\"},\"sameAs\":[\"https:\\\/\\\/www.dpress.ma\"],\"url\":\"https:\\\/\\\/dpress.ma\\\/fr\\\/author\\\/dpress-ma\\\/\"}]}<\/script>\n<!-- \/ Yoast SEO plugin. -->","yoast_head_json":{"title":"Oujda: Journ\u00e9e de sensibilisation au d\u00e9pistage pr\u00e9coce du cancer de la peau - Dpress.ma\/fr","robots":{"index":"index","follow":"follow","max-snippet":"max-snippet:-1","max-image-preview":"max-image-preview:large","max-video-preview":"max-video-preview:-1"},"canonical":"https:\/\/dpress.ma\/fr\/2025\/07\/12\/oujda-journee-de-sensibilisation-au-depistage-precoce-du-cancer-de-la-peau\/","og_locale":"fr_FR","og_type":"article","og_title":"Oujda: Journ\u00e9e de sensibilisation au d\u00e9pistage pr\u00e9coce du cancer de la peau - Dpress.ma\/fr","og_description":"Dpress &nbsp;Le Centre Hospitalier Universitaire (CHU) Mohammed VI d\u2019Oujda a accueilli, samedi, la deuxi\u00e8me journ\u00e9e de sensibilisation sur le d\u00e9pistage pr\u00e9coce du cancer de la peau, organis\u00e9e \u00e0 l\u2019initiative du service de dermatologie du centre. Plac\u00e9e sous le signe \u201cTous ensemble pour une peau sans cancer\u201d, cette journ\u00e9e a pour objectif de sensibiliser la population &hellip;","og_url":"https:\/\/dpress.ma\/fr\/2025\/07\/12\/oujda-journee-de-sensibilisation-au-depistage-precoce-du-cancer-de-la-peau\/","og_site_name":"Dpress.ma\/fr","article_published_time":"2025-07-12T18:14:20+00:00","article_modified_time":"2025-07-12T18:14:21+00:00","og_image":[{"width":780,"height":470,"url":"https:\/\/dpress.ma\/fr\/wp-content\/uploads\/sites\/2\/2025\/07\/Le-Centre-Hospitalier-Universitaire-CHU-Mohammed-VI-dOujda.png","type":"image\/png"}],"author":"Dpress.ma","twitter_card":"summary_large_image","twitter_misc":{"\u00c9crit par":"Dpress.ma","Dur\u00e9e de lecture estim\u00e9e":"2 minutes"},"schema":{"@context":"https:\/\/schema.org","@graph":[{"@type":"Article","@id":"https:\/\/dpress.ma\/fr\/2025\/07\/12\/oujda-journee-de-sensibilisation-au-depistage-precoce-du-cancer-de-la-peau\/#article","isPartOf":{"@id":"https:\/\/dpress.ma\/fr\/2025\/07\/12\/oujda-journee-de-sensibilisation-au-depistage-precoce-du-cancer-de-la-peau\/"},"author":{"name":"Dpress.ma","@id":"https:\/\/dpress.ma\/fr\/#\/schema\/person\/4898febf3ccd59e6578d838656a306a0"},"headline":"Oujda: Journ\u00e9e de sensibilisation au d\u00e9pistage pr\u00e9coce du cancer de la peau","datePublished":"2025-07-12T18:14:20+00:00","dateModified":"2025-07-12T18:14:21+00:00","mainEntityOfPage":{"@id":"https:\/\/dpress.ma\/fr\/2025\/07\/12\/oujda-journee-de-sensibilisation-au-depistage-precoce-du-cancer-de-la-peau\/"},"wordCount":394,"commentCount":0,"image":{"@id":"https:\/\/dpress.ma\/fr\/2025\/07\/12\/oujda-journee-de-sensibilisation-au-depistage-precoce-du-cancer-de-la-peau\/#primaryimage"},"thumbnailUrl":"https:\/\/dpress.ma\/fr\/wp-content\/uploads\/sites\/2\/2025\/07\/Le-Centre-Hospitalier-Universitaire-CHU-Mohammed-VI-dOujda.png","articleSection":["societe et regions"],"inLanguage":"fr-FR","potentialAction":[{"@type":"CommentAction","name":"Comment","target":["https:\/\/dpress.ma\/fr\/2025\/07\/12\/oujda-journee-de-sensibilisation-au-depistage-precoce-du-cancer-de-la-peau\/#respond"]}]},{"@type":"WebPage","@id":"https:\/\/dpress.ma\/fr\/2025\/07\/12\/oujda-journee-de-sensibilisation-au-depistage-precoce-du-cancer-de-la-peau\/","url":"https:\/\/dpress.ma\/fr\/2025\/07\/12\/oujda-journee-de-sensibilisation-au-depistage-precoce-du-cancer-de-la-peau\/","name":"Oujda: Journ\u00e9e de sensibilisation au d\u00e9pistage pr\u00e9coce du cancer de la peau - Dpress.ma\/fr","isPartOf":{"@id":"https:\/\/dpress.ma\/fr\/#website"},"primaryImageOfPage":{"@id":"https:\/\/dpress.ma\/fr\/2025\/07\/12\/oujda-journee-de-sensibilisation-au-depistage-precoce-du-cancer-de-la-peau\/#primaryimage"},"image":{"@id":"https:\/\/dpress.ma\/fr\/2025\/07\/12\/oujda-journee-de-sensibilisation-au-depistage-precoce-du-cancer-de-la-peau\/#primaryimage"},"thumbnailUrl":"https:\/\/dpress.ma\/fr\/wp-content\/uploads\/sites\/2\/2025\/07\/Le-Centre-Hospitalier-Universitaire-CHU-Mohammed-VI-dOujda.png","datePublished":"2025-07-12T18:14:20+00:00","dateModified":"2025-07-12T18:14:21+00:00","author":{"@id":"https:\/\/dpress.ma\/fr\/#\/schema\/person\/4898febf3ccd59e6578d838656a306a0"},"breadcrumb":{"@id":"https:\/\/dpress.ma\/fr\/2025\/07\/12\/oujda-journee-de-sensibilisation-au-depistage-precoce-du-cancer-de-la-peau\/#breadcrumb"},"inLanguage":"fr-FR","potentialAction":[{"@type":"ReadAction","target":["https:\/\/dpress.ma\/fr\/2025\/07\/12\/oujda-journee-de-sensibilisation-au-depistage-precoce-du-cancer-de-la-peau\/"]}]},{"@type":"ImageObject","inLanguage":"fr-FR","@id":"https:\/\/dpress.ma\/fr\/2025\/07\/12\/oujda-journee-de-sensibilisation-au-depistage-precoce-du-cancer-de-la-peau\/#primaryimage","url":"https:\/\/dpress.ma\/fr\/wp-content\/uploads\/sites\/2\/2025\/07\/Le-Centre-Hospitalier-Universitaire-CHU-Mohammed-VI-dOujda.png","contentUrl":"https:\/\/dpress.ma\/fr\/wp-content\/uploads\/sites\/2\/2025\/07\/Le-Centre-Hospitalier-Universitaire-CHU-Mohammed-VI-dOujda.png","width":780,"height":470},{"@type":"BreadcrumbList","@id":"https:\/\/dpress.ma\/fr\/2025\/07\/12\/oujda-journee-de-sensibilisation-au-depistage-precoce-du-cancer-de-la-peau\/#breadcrumb","itemListElement":[{"@type":"ListItem","position":1,"name":"Home","item":"https:\/\/dpress.ma\/fr\/"},{"@type":"ListItem","position":2,"name":"Oujda: Journ\u00e9e de sensibilisation au d\u00e9pistage pr\u00e9coce du cancer de la peau"}]},{"@type":"WebSite","@id":"https:\/\/dpress.ma\/fr\/#website","url":"https:\/\/dpress.ma\/fr\/","name":"Dpress.ma\/fr","description":"","potentialAction":[{"@type":"SearchAction","target":{"@type":"EntryPoint","urlTemplate":"https:\/\/dpress.ma\/fr\/?s={search_term_string}"},"query-input":{"@type":"PropertyValueSpecification","valueRequired":true,"valueName":"search_term_string"}}],"inLanguage":"fr-FR"},{"@type":"Person","@id":"https:\/\/dpress.ma\/fr\/#\/schema\/person\/4898febf3ccd59e6578d838656a306a0","name":"Dpress.ma","image":{"@type":"ImageObject","inLanguage":"fr-FR","@id":"https:\/\/secure.gravatar.com\/avatar\/72ecc30e9db047a2e0e7176561eb9d564ed77c8108376495b19bd8336405198a?s=96&d=mm&r=g","url":"https:\/\/secure.gravatar.com\/avatar\/72ecc30e9db047a2e0e7176561eb9d564ed77c8108376495b19bd8336405198a?s=96&d=mm&r=g","contentUrl":"https:\/\/secure.gravatar.com\/avatar\/72ecc30e9db047a2e0e7176561eb9d564ed77c8108376495b19bd8336405198a?s=96&d=mm&r=g","caption":"Dpress.ma"},"sameAs":["https:\/\/www.dpress.ma"],"url":"https:\/\/dpress.ma\/fr\/author\/dpress-ma\/"}]}},"amp_enabled":true,"_links":{"self":[{"href":"https:\/\/dpress.ma\/fr\/wp-json\/wp\/v2\/posts\/15486","targetHints":{"allow":["GET"]}}],"collection":[{"href":"https:\/\/dpress.ma\/fr\/wp-json\/wp\/v2\/posts"}],"about":[{"href":"https:\/\/dpress.ma\/fr\/wp-json\/wp\/v2\/types\/post"}],"author":[{"embeddable":true,"href":"https:\/\/dpress.ma\/fr\/wp-json\/wp\/v2\/users\/2"}],"replies":[{"embeddable":true,"href":"https:\/\/dpress.ma\/fr\/wp-json\/wp\/v2\/comments?post=15486"}],"version-history":[{"count":1,"href":"https:\/\/dpress.ma\/fr\/wp-json\/wp\/v2\/posts\/15486\/revisions"}],"predecessor-version":[{"id":15488,"href":"https:\/\/dpress.ma\/fr\/wp-json\/wp\/v2\/posts\/15486\/revisions\/15488"}],"wp:featuredmedia":[{"embeddable":true,"href":"https:\/\/dpress.ma\/fr\/wp-json\/wp\/v2\/media\/15487"}],"wp:attachment":[{"href":"https:\/\/dpress.ma\/fr\/wp-json\/wp\/v2\/media?parent=15486"}],"wp:term":[{"taxonomy":"category","embeddable":true,"href":"https:\/\/dpress.ma\/fr\/wp-json\/wp\/v2\/categories?post=15486"},{"taxonomy":"post_tag","embeddable":true,"href":"https:\/\/dpress.ma\/fr\/wp-json\/wp\/v2\/tags?post=15486"}],"curies":[{"name":"wp","href":"https:\/\/api.w.org\/{rel}","templated":true}]}}