{"id":15483,"date":"2025-07-12T18:11:46","date_gmt":"2025-07-12T18:11:46","guid":{"rendered":"https:\/\/dpress.ma\/fr\/?p=15483"},"modified":"2025-07-12T18:11:47","modified_gmt":"2025-07-12T18:11:47","slug":"rissani-lancement-dun-projet-de-sauvegarde-et-de-valorisation-du-site-archeologique-de-sijilmassa","status":"publish","type":"post","link":"https:\/\/dpress.ma\/fr\/2025\/07\/12\/rissani-lancement-dun-projet-de-sauvegarde-et-de-valorisation-du-site-archeologique-de-sijilmassa\/","title":{"rendered":"Rissani : Lancement d\u2019un projet de sauvegarde et de valorisation du site arch\u00e9ologique de Sijilmassa"},"content":{"rendered":"\n<p dir=\"ltr\">Dpress<\/p>\n\n\n\n<p dir=\"ltr\">Le ministre de la Jeunesse, de la Culture et de la Communication, Mohamed Mehdi Bensaid, a proc\u00e9d\u00e9, vendredi \u00e0 Rissani (province d\u2019Errachidia), au lancement des travaux d\u2019un projet ambitieux visant la sauvegarde et la valorisation du site arch\u00e9ologique de Sijilmassa.<\/p>\n\n\n\n<p dir=\"ltr\">Ce projet ayant n\u00e9cessit\u00e9 un investissement de 245,5 millions de dirhams, comprend la cr\u00e9ation d\u2019un parc arch\u00e9ologique, un mus\u00e9e, une charpente pour la protection du site contre les al\u00e9as de la nature et pour offrir aux chercheurs un cadre propice \u00e0 la recherche et aux fouilles arch\u00e9ologiques, un centre d\u2019analyse des recherches ainsi qu\u2019une cl\u00f4ture pour la protection du site qui s\u2019\u00e9tend sur une superficie de plus de 70 ha.<\/p>\n\n\n\n<p dir=\"ltr\">Dans une d\u00e9claration \u00e0 la presse, M. Bensaid a indiqu\u00e9 que Sijilmassa qui a jou\u00e9 d\u2019importants r\u00f4les culturels et civilisationnels, requiert aujourd\u2019hui des efforts soutenus afin de mieux pr\u00e9server et valoriser ce site historique.<\/p>\n\n\n\n<p dir=\"ltr\">C\u2019est dans ce sens qu\u2019il a \u00e9t\u00e9 proc\u00e9d\u00e9, a-t-il poursuivi, au lancement de ce projet devant pr\u00e9server et valoriser le site mais aussi contribuer au d\u00e9veloppement de la r\u00e9gion notamment \u00e0 travers le tourisme culturel et arch\u00e9ologique.<\/p>\n\n\n\n<p dir=\"ltr\">Et d\u2019ajouter que le lancement de ce projet s\u2019inscrit dans la dynamique \u00e0 laquelle le minist\u00e8re de la Culture s\u2019est activement engag\u00e9 et qui vise la pr\u00e9servation et la valorisation des sites historiques et patrimoniaux dans tout le Royaume.<\/p>\n\n\n\n<p dir=\"ltr\">Pour sa part, le directeur de l\u2019Institut national des sciences de l\u2019arch\u00e9ologie et du Patrimoine (INSAP), Abdeljalil Bouzouggar a mis l\u2019accent sur l\u2019importance scientifique du projet de sauvegarde et de valorisation du site arch\u00e9ologique de Sijilmassa, notant que les fouilles op\u00e9r\u00e9es depuis 1971 ont r\u00e9v\u00e9l\u00e9 la position strat\u00e9gique de Sijilmassa en tant que carrefour de civilisations marocaines, africaines, europ\u00e9ennes et orientales.<\/p>\n\n\n\n<p dir=\"ltr\">M. Bouzouggar a mis en avant l\u2019importance des recherches et fouilles arch\u00e9ologiques men\u00e9es sous la supervision et avec le soutien du minist\u00e8re de la Culture, en particulier les d\u00e9couvertes r\u00e9alis\u00e9es en 2024-2025 par une \u00e9quipe de recherche de l\u2019INSAP qui a d\u00e9couvert des outils et des \u00e9l\u00e9ments arch\u00e9ologiques de grande valeur scientifique et arch\u00e9ologique.<\/p>\n\n\n\n<p dir=\"ltr\">Depuis sa fondation au VIIIe si\u00e8cle, Sijilmassa fut une glorieuse cit\u00e9 marchande, reliant de nombreuses civilisations, notamment africaines et orientales, avant son d\u00e9clin \u00e0 partir du XVe si\u00e8cle.<\/p>\n","protected":false},"excerpt":{"rendered":"<p>Dpress Le ministre de la Jeunesse, de la Culture et de la Communication, Mohamed Mehdi Bensaid, a proc\u00e9d\u00e9, vendredi \u00e0 Rissani (province d\u2019Errachidia), au lancement des travaux d\u2019un projet ambitieux visant la sauvegarde et la valorisation du site arch\u00e9ologique de Sijilmassa. Ce projet ayant n\u00e9cessit\u00e9 un investissement de 245,5 millions de dirhams, comprend la cr\u00e9ation &hellip;<\/p>\n","protected":false},"author":2,"featured_media":15484,"comment_status":"open","ping_status":"open","sticky":false,"template":"","format":"standard","meta":{"footnotes":""},"categories":[31],"tags":[],"class_list":["post-15483","post","type-post","status-publish","format-standard","has-post-thumbnail","hentry","category-art-et-culture"],"yoast_head":"<!-- This site is optimized with the Yoast SEO plugin v27.5 - https:\/\/yoast.com\/product\/yoast-seo-wordpress\/ -->\n<title>Rissani : Lancement d\u2019un projet de sauvegarde et de valorisation du site arch\u00e9ologique de Sijilmassa - Dpress.ma\/fr<\/title>\n<meta name=\"robots\" content=\"index, follow, max-snippet:-1, max-image-preview:large, max-video-preview:-1\" \/>\n<link rel=\"canonical\" href=\"https:\/\/dpress.ma\/fr\/2025\/07\/12\/rissani-lancement-dun-projet-de-sauvegarde-et-de-valorisation-du-site-archeologique-de-sijilmassa\/\" \/>\n<meta property=\"og:locale\" content=\"fr_FR\" \/>\n<meta property=\"og:type\" content=\"article\" \/>\n<meta property=\"og:title\" content=\"Rissani : Lancement d\u2019un projet de sauvegarde et de valorisation du site arch\u00e9ologique de Sijilmassa - Dpress.ma\/fr\" \/>\n<meta property=\"og:description\" content=\"Dpress Le ministre de la Jeunesse, de la Culture et de la Communication, Mohamed Mehdi Bensaid, a proc\u00e9d\u00e9, vendredi \u00e0 Rissani (province d\u2019Errachidia), au lancement des travaux d\u2019un projet ambitieux visant la sauvegarde et la valorisation du site arch\u00e9ologique de Sijilmassa. Ce projet ayant n\u00e9cessit\u00e9 un investissement de 245,5 millions de dirhams, comprend la cr\u00e9ation &hellip;\" \/>\n<meta property=\"og:url\" content=\"https:\/\/dpress.ma\/fr\/2025\/07\/12\/rissani-lancement-dun-projet-de-sauvegarde-et-de-valorisation-du-site-archeologique-de-sijilmassa\/\" \/>\n<meta property=\"og:site_name\" content=\"Dpress.ma\/fr\" \/>\n<meta property=\"article:published_time\" content=\"2025-07-12T18:11:46+00:00\" \/>\n<meta property=\"article:modified_time\" content=\"2025-07-12T18:11:47+00:00\" \/>\n<meta property=\"og:image\" content=\"https:\/\/dpress.ma\/fr\/wp-content\/uploads\/sites\/2\/2025\/07\/rissani.png\" \/>\n\t<meta property=\"og:image:width\" content=\"780\" \/>\n\t<meta property=\"og:image:height\" content=\"470\" \/>\n\t<meta property=\"og:image:type\" content=\"image\/png\" \/>\n<meta name=\"author\" content=\"Dpress.ma\" \/>\n<meta name=\"twitter:card\" content=\"summary_large_image\" \/>\n<meta name=\"twitter:label1\" content=\"\u00c9crit par\" \/>\n\t<meta name=\"twitter:data1\" content=\"Dpress.ma\" \/>\n\t<meta name=\"twitter:label2\" content=\"Dur\u00e9e de lecture estim\u00e9e\" \/>\n\t<meta name=\"twitter:data2\" content=\"3 minutes\" \/>\n<script type=\"application\/ld+json\" class=\"yoast-schema-graph\">{\"@context\":\"https:\\\/\\\/schema.org\",\"@graph\":[{\"@type\":\"Article\",\"@id\":\"https:\\\/\\\/dpress.ma\\\/fr\\\/2025\\\/07\\\/12\\\/rissani-lancement-dun-projet-de-sauvegarde-et-de-valorisation-du-site-archeologique-de-sijilmassa\\\/#article\",\"isPartOf\":{\"@id\":\"https:\\\/\\\/dpress.ma\\\/fr\\\/2025\\\/07\\\/12\\\/rissani-lancement-dun-projet-de-sauvegarde-et-de-valorisation-du-site-archeologique-de-sijilmassa\\\/\"},\"author\":{\"name\":\"Dpress.ma\",\"@id\":\"https:\\\/\\\/dpress.ma\\\/fr\\\/#\\\/schema\\\/person\\\/4898febf3ccd59e6578d838656a306a0\"},\"headline\":\"Rissani : Lancement d\u2019un projet de sauvegarde et de valorisation du site arch\u00e9ologique de Sijilmassa\",\"datePublished\":\"2025-07-12T18:11:46+00:00\",\"dateModified\":\"2025-07-12T18:11:47+00:00\",\"mainEntityOfPage\":{\"@id\":\"https:\\\/\\\/dpress.ma\\\/fr\\\/2025\\\/07\\\/12\\\/rissani-lancement-dun-projet-de-sauvegarde-et-de-valorisation-du-site-archeologique-de-sijilmassa\\\/\"},\"wordCount\":430,\"commentCount\":0,\"image\":{\"@id\":\"https:\\\/\\\/dpress.ma\\\/fr\\\/2025\\\/07\\\/12\\\/rissani-lancement-dun-projet-de-sauvegarde-et-de-valorisation-du-site-archeologique-de-sijilmassa\\\/#primaryimage\"},\"thumbnailUrl\":\"https:\\\/\\\/dpress.ma\\\/fr\\\/wp-content\\\/uploads\\\/sites\\\/2\\\/2025\\\/07\\\/rissani.png\",\"articleSection\":[\"Art et Culture\"],\"inLanguage\":\"fr-FR\",\"potentialAction\":[{\"@type\":\"CommentAction\",\"name\":\"Comment\",\"target\":[\"https:\\\/\\\/dpress.ma\\\/fr\\\/2025\\\/07\\\/12\\\/rissani-lancement-dun-projet-de-sauvegarde-et-de-valorisation-du-site-archeologique-de-sijilmassa\\\/#respond\"]}]},{\"@type\":\"WebPage\",\"@id\":\"https:\\\/\\\/dpress.ma\\\/fr\\\/2025\\\/07\\\/12\\\/rissani-lancement-dun-projet-de-sauvegarde-et-de-valorisation-du-site-archeologique-de-sijilmassa\\\/\",\"url\":\"https:\\\/\\\/dpress.ma\\\/fr\\\/2025\\\/07\\\/12\\\/rissani-lancement-dun-projet-de-sauvegarde-et-de-valorisation-du-site-archeologique-de-sijilmassa\\\/\",\"name\":\"Rissani : Lancement d\u2019un projet de sauvegarde et de valorisation du site arch\u00e9ologique de Sijilmassa - Dpress.ma\\\/fr\",\"isPartOf\":{\"@id\":\"https:\\\/\\\/dpress.ma\\\/fr\\\/#website\"},\"primaryImageOfPage\":{\"@id\":\"https:\\\/\\\/dpress.ma\\\/fr\\\/2025\\\/07\\\/12\\\/rissani-lancement-dun-projet-de-sauvegarde-et-de-valorisation-du-site-archeologique-de-sijilmassa\\\/#primaryimage\"},\"image\":{\"@id\":\"https:\\\/\\\/dpress.ma\\\/fr\\\/2025\\\/07\\\/12\\\/rissani-lancement-dun-projet-de-sauvegarde-et-de-valorisation-du-site-archeologique-de-sijilmassa\\\/#primaryimage\"},\"thumbnailUrl\":\"https:\\\/\\\/dpress.ma\\\/fr\\\/wp-content\\\/uploads\\\/sites\\\/2\\\/2025\\\/07\\\/rissani.png\",\"datePublished\":\"2025-07-12T18:11:46+00:00\",\"dateModified\":\"2025-07-12T18:11:47+00:00\",\"author\":{\"@id\":\"https:\\\/\\\/dpress.ma\\\/fr\\\/#\\\/schema\\\/person\\\/4898febf3ccd59e6578d838656a306a0\"},\"breadcrumb\":{\"@id\":\"https:\\\/\\\/dpress.ma\\\/fr\\\/2025\\\/07\\\/12\\\/rissani-lancement-dun-projet-de-sauvegarde-et-de-valorisation-du-site-archeologique-de-sijilmassa\\\/#breadcrumb\"},\"inLanguage\":\"fr-FR\",\"potentialAction\":[{\"@type\":\"ReadAction\",\"target\":[\"https:\\\/\\\/dpress.ma\\\/fr\\\/2025\\\/07\\\/12\\\/rissani-lancement-dun-projet-de-sauvegarde-et-de-valorisation-du-site-archeologique-de-sijilmassa\\\/\"]}]},{\"@type\":\"ImageObject\",\"inLanguage\":\"fr-FR\",\"@id\":\"https:\\\/\\\/dpress.ma\\\/fr\\\/2025\\\/07\\\/12\\\/rissani-lancement-dun-projet-de-sauvegarde-et-de-valorisation-du-site-archeologique-de-sijilmassa\\\/#primaryimage\",\"url\":\"https:\\\/\\\/dpress.ma\\\/fr\\\/wp-content\\\/uploads\\\/sites\\\/2\\\/2025\\\/07\\\/rissani.png\",\"contentUrl\":\"https:\\\/\\\/dpress.ma\\\/fr\\\/wp-content\\\/uploads\\\/sites\\\/2\\\/2025\\\/07\\\/rissani.png\",\"width\":780,\"height\":470},{\"@type\":\"BreadcrumbList\",\"@id\":\"https:\\\/\\\/dpress.ma\\\/fr\\\/2025\\\/07\\\/12\\\/rissani-lancement-dun-projet-de-sauvegarde-et-de-valorisation-du-site-archeologique-de-sijilmassa\\\/#breadcrumb\",\"itemListElement\":[{\"@type\":\"ListItem\",\"position\":1,\"name\":\"Home\",\"item\":\"https:\\\/\\\/dpress.ma\\\/fr\\\/\"},{\"@type\":\"ListItem\",\"position\":2,\"name\":\"Rissani : Lancement d\u2019un projet de sauvegarde et de valorisation du site arch\u00e9ologique de Sijilmassa\"}]},{\"@type\":\"WebSite\",\"@id\":\"https:\\\/\\\/dpress.ma\\\/fr\\\/#website\",\"url\":\"https:\\\/\\\/dpress.ma\\\/fr\\\/\",\"name\":\"Dpress.ma\\\/fr\",\"description\":\"\",\"potentialAction\":[{\"@type\":\"SearchAction\",\"target\":{\"@type\":\"EntryPoint\",\"urlTemplate\":\"https:\\\/\\\/dpress.ma\\\/fr\\\/?s={search_term_string}\"},\"query-input\":{\"@type\":\"PropertyValueSpecification\",\"valueRequired\":true,\"valueName\":\"search_term_string\"}}],\"inLanguage\":\"fr-FR\"},{\"@type\":\"Person\",\"@id\":\"https:\\\/\\\/dpress.ma\\\/fr\\\/#\\\/schema\\\/person\\\/4898febf3ccd59e6578d838656a306a0\",\"name\":\"Dpress.ma\",\"image\":{\"@type\":\"ImageObject\",\"inLanguage\":\"fr-FR\",\"@id\":\"https:\\\/\\\/secure.gravatar.com\\\/avatar\\\/72ecc30e9db047a2e0e7176561eb9d564ed77c8108376495b19bd8336405198a?s=96&d=mm&r=g\",\"url\":\"https:\\\/\\\/secure.gravatar.com\\\/avatar\\\/72ecc30e9db047a2e0e7176561eb9d564ed77c8108376495b19bd8336405198a?s=96&d=mm&r=g\",\"contentUrl\":\"https:\\\/\\\/secure.gravatar.com\\\/avatar\\\/72ecc30e9db047a2e0e7176561eb9d564ed77c8108376495b19bd8336405198a?s=96&d=mm&r=g\",\"caption\":\"Dpress.ma\"},\"sameAs\":[\"https:\\\/\\\/www.dpress.ma\"],\"url\":\"https:\\\/\\\/dpress.ma\\\/fr\\\/author\\\/dpress-ma\\\/\"}]}<\/script>\n<!-- \/ Yoast SEO plugin. -->","yoast_head_json":{"title":"Rissani : Lancement d\u2019un projet de sauvegarde et de valorisation du site arch\u00e9ologique de Sijilmassa - Dpress.ma\/fr","robots":{"index":"index","follow":"follow","max-snippet":"max-snippet:-1","max-image-preview":"max-image-preview:large","max-video-preview":"max-video-preview:-1"},"canonical":"https:\/\/dpress.ma\/fr\/2025\/07\/12\/rissani-lancement-dun-projet-de-sauvegarde-et-de-valorisation-du-site-archeologique-de-sijilmassa\/","og_locale":"fr_FR","og_type":"article","og_title":"Rissani : Lancement d\u2019un projet de sauvegarde et de valorisation du site arch\u00e9ologique de Sijilmassa - Dpress.ma\/fr","og_description":"Dpress Le ministre de la Jeunesse, de la Culture et de la Communication, Mohamed Mehdi Bensaid, a proc\u00e9d\u00e9, vendredi \u00e0 Rissani (province d\u2019Errachidia), au lancement des travaux d\u2019un projet ambitieux visant la sauvegarde et la valorisation du site arch\u00e9ologique de Sijilmassa. Ce projet ayant n\u00e9cessit\u00e9 un investissement de 245,5 millions de dirhams, comprend la cr\u00e9ation &hellip;","og_url":"https:\/\/dpress.ma\/fr\/2025\/07\/12\/rissani-lancement-dun-projet-de-sauvegarde-et-de-valorisation-du-site-archeologique-de-sijilmassa\/","og_site_name":"Dpress.ma\/fr","article_published_time":"2025-07-12T18:11:46+00:00","article_modified_time":"2025-07-12T18:11:47+00:00","og_image":[{"width":780,"height":470,"url":"https:\/\/dpress.ma\/fr\/wp-content\/uploads\/sites\/2\/2025\/07\/rissani.png","type":"image\/png"}],"author":"Dpress.ma","twitter_card":"summary_large_image","twitter_misc":{"\u00c9crit par":"Dpress.ma","Dur\u00e9e de lecture estim\u00e9e":"3 minutes"},"schema":{"@context":"https:\/\/schema.org","@graph":[{"@type":"Article","@id":"https:\/\/dpress.ma\/fr\/2025\/07\/12\/rissani-lancement-dun-projet-de-sauvegarde-et-de-valorisation-du-site-archeologique-de-sijilmassa\/#article","isPartOf":{"@id":"https:\/\/dpress.ma\/fr\/2025\/07\/12\/rissani-lancement-dun-projet-de-sauvegarde-et-de-valorisation-du-site-archeologique-de-sijilmassa\/"},"author":{"name":"Dpress.ma","@id":"https:\/\/dpress.ma\/fr\/#\/schema\/person\/4898febf3ccd59e6578d838656a306a0"},"headline":"Rissani : Lancement d\u2019un projet de sauvegarde et de valorisation du site arch\u00e9ologique de Sijilmassa","datePublished":"2025-07-12T18:11:46+00:00","dateModified":"2025-07-12T18:11:47+00:00","mainEntityOfPage":{"@id":"https:\/\/dpress.ma\/fr\/2025\/07\/12\/rissani-lancement-dun-projet-de-sauvegarde-et-de-valorisation-du-site-archeologique-de-sijilmassa\/"},"wordCount":430,"commentCount":0,"image":{"@id":"https:\/\/dpress.ma\/fr\/2025\/07\/12\/rissani-lancement-dun-projet-de-sauvegarde-et-de-valorisation-du-site-archeologique-de-sijilmassa\/#primaryimage"},"thumbnailUrl":"https:\/\/dpress.ma\/fr\/wp-content\/uploads\/sites\/2\/2025\/07\/rissani.png","articleSection":["Art et Culture"],"inLanguage":"fr-FR","potentialAction":[{"@type":"CommentAction","name":"Comment","target":["https:\/\/dpress.ma\/fr\/2025\/07\/12\/rissani-lancement-dun-projet-de-sauvegarde-et-de-valorisation-du-site-archeologique-de-sijilmassa\/#respond"]}]},{"@type":"WebPage","@id":"https:\/\/dpress.ma\/fr\/2025\/07\/12\/rissani-lancement-dun-projet-de-sauvegarde-et-de-valorisation-du-site-archeologique-de-sijilmassa\/","url":"https:\/\/dpress.ma\/fr\/2025\/07\/12\/rissani-lancement-dun-projet-de-sauvegarde-et-de-valorisation-du-site-archeologique-de-sijilmassa\/","name":"Rissani : Lancement d\u2019un projet de sauvegarde et de valorisation du site arch\u00e9ologique de Sijilmassa - Dpress.ma\/fr","isPartOf":{"@id":"https:\/\/dpress.ma\/fr\/#website"},"primaryImageOfPage":{"@id":"https:\/\/dpress.ma\/fr\/2025\/07\/12\/rissani-lancement-dun-projet-de-sauvegarde-et-de-valorisation-du-site-archeologique-de-sijilmassa\/#primaryimage"},"image":{"@id":"https:\/\/dpress.ma\/fr\/2025\/07\/12\/rissani-lancement-dun-projet-de-sauvegarde-et-de-valorisation-du-site-archeologique-de-sijilmassa\/#primaryimage"},"thumbnailUrl":"https:\/\/dpress.ma\/fr\/wp-content\/uploads\/sites\/2\/2025\/07\/rissani.png","datePublished":"2025-07-12T18:11:46+00:00","dateModified":"2025-07-12T18:11:47+00:00","author":{"@id":"https:\/\/dpress.ma\/fr\/#\/schema\/person\/4898febf3ccd59e6578d838656a306a0"},"breadcrumb":{"@id":"https:\/\/dpress.ma\/fr\/2025\/07\/12\/rissani-lancement-dun-projet-de-sauvegarde-et-de-valorisation-du-site-archeologique-de-sijilmassa\/#breadcrumb"},"inLanguage":"fr-FR","potentialAction":[{"@type":"ReadAction","target":["https:\/\/dpress.ma\/fr\/2025\/07\/12\/rissani-lancement-dun-projet-de-sauvegarde-et-de-valorisation-du-site-archeologique-de-sijilmassa\/"]}]},{"@type":"ImageObject","inLanguage":"fr-FR","@id":"https:\/\/dpress.ma\/fr\/2025\/07\/12\/rissani-lancement-dun-projet-de-sauvegarde-et-de-valorisation-du-site-archeologique-de-sijilmassa\/#primaryimage","url":"https:\/\/dpress.ma\/fr\/wp-content\/uploads\/sites\/2\/2025\/07\/rissani.png","contentUrl":"https:\/\/dpress.ma\/fr\/wp-content\/uploads\/sites\/2\/2025\/07\/rissani.png","width":780,"height":470},{"@type":"BreadcrumbList","@id":"https:\/\/dpress.ma\/fr\/2025\/07\/12\/rissani-lancement-dun-projet-de-sauvegarde-et-de-valorisation-du-site-archeologique-de-sijilmassa\/#breadcrumb","itemListElement":[{"@type":"ListItem","position":1,"name":"Home","item":"https:\/\/dpress.ma\/fr\/"},{"@type":"ListItem","position":2,"name":"Rissani : Lancement d\u2019un projet de sauvegarde et de valorisation du site arch\u00e9ologique de Sijilmassa"}]},{"@type":"WebSite","@id":"https:\/\/dpress.ma\/fr\/#website","url":"https:\/\/dpress.ma\/fr\/","name":"Dpress.ma\/fr","description":"","potentialAction":[{"@type":"SearchAction","target":{"@type":"EntryPoint","urlTemplate":"https:\/\/dpress.ma\/fr\/?s={search_term_string}"},"query-input":{"@type":"PropertyValueSpecification","valueRequired":true,"valueName":"search_term_string"}}],"inLanguage":"fr-FR"},{"@type":"Person","@id":"https:\/\/dpress.ma\/fr\/#\/schema\/person\/4898febf3ccd59e6578d838656a306a0","name":"Dpress.ma","image":{"@type":"ImageObject","inLanguage":"fr-FR","@id":"https:\/\/secure.gravatar.com\/avatar\/72ecc30e9db047a2e0e7176561eb9d564ed77c8108376495b19bd8336405198a?s=96&d=mm&r=g","url":"https:\/\/secure.gravatar.com\/avatar\/72ecc30e9db047a2e0e7176561eb9d564ed77c8108376495b19bd8336405198a?s=96&d=mm&r=g","contentUrl":"https:\/\/secure.gravatar.com\/avatar\/72ecc30e9db047a2e0e7176561eb9d564ed77c8108376495b19bd8336405198a?s=96&d=mm&r=g","caption":"Dpress.ma"},"sameAs":["https:\/\/www.dpress.ma"],"url":"https:\/\/dpress.ma\/fr\/author\/dpress-ma\/"}]}},"amp_enabled":true,"_links":{"self":[{"href":"https:\/\/dpress.ma\/fr\/wp-json\/wp\/v2\/posts\/15483","targetHints":{"allow":["GET"]}}],"collection":[{"href":"https:\/\/dpress.ma\/fr\/wp-json\/wp\/v2\/posts"}],"about":[{"href":"https:\/\/dpress.ma\/fr\/wp-json\/wp\/v2\/types\/post"}],"author":[{"embeddable":true,"href":"https:\/\/dpress.ma\/fr\/wp-json\/wp\/v2\/users\/2"}],"replies":[{"embeddable":true,"href":"https:\/\/dpress.ma\/fr\/wp-json\/wp\/v2\/comments?post=15483"}],"version-history":[{"count":1,"href":"https:\/\/dpress.ma\/fr\/wp-json\/wp\/v2\/posts\/15483\/revisions"}],"predecessor-version":[{"id":15485,"href":"https:\/\/dpress.ma\/fr\/wp-json\/wp\/v2\/posts\/15483\/revisions\/15485"}],"wp:featuredmedia":[{"embeddable":true,"href":"https:\/\/dpress.ma\/fr\/wp-json\/wp\/v2\/media\/15484"}],"wp:attachment":[{"href":"https:\/\/dpress.ma\/fr\/wp-json\/wp\/v2\/media?parent=15483"}],"wp:term":[{"taxonomy":"category","embeddable":true,"href":"https:\/\/dpress.ma\/fr\/wp-json\/wp\/v2\/categories?post=15483"},{"taxonomy":"post_tag","embeddable":true,"href":"https:\/\/dpress.ma\/fr\/wp-json\/wp\/v2\/tags?post=15483"}],"curies":[{"name":"wp","href":"https:\/\/api.w.org\/{rel}","templated":true}]}}