{"id":15480,"date":"2025-07-12T18:09:26","date_gmt":"2025-07-12T18:09:26","guid":{"rendered":"https:\/\/dpress.ma\/fr\/?p=15480"},"modified":"2025-07-12T18:09:27","modified_gmt":"2025-07-12T18:09:27","slug":"dakhla-la-plage-de-oum-labouir-labellisee-pavillon-bleu-pour-la-13e-annee-consecutive","status":"publish","type":"post","link":"https:\/\/dpress.ma\/fr\/2025\/07\/12\/dakhla-la-plage-de-oum-labouir-labellisee-pavillon-bleu-pour-la-13e-annee-consecutive\/","title":{"rendered":"Dakhla: La plage de Oum Labouir labellis\u00e9e \u201cPavillon Bleu\u201d pour la 13e ann\u00e9e cons\u00e9cutive"},"content":{"rendered":"\n<p dir=\"ltr\">Dpress<\/p>\n\n\n\n<p dir=\"ltr\">Le label international \u201cPavillon Bleu\u201d a \u00e9t\u00e9 hiss\u00e9, samedi sur la plage de Oum Labouir \u00e0 Dakhla, pour la 13e ann\u00e9e cons\u00e9cutive.<\/p>\n\n\n\n<p dir=\"ltr\">Attribu\u00e9 annuellement par la Fondation pour l\u2019\u00c9ducation \u00e0 l\u2019Environnement (FEE), le label \u201cPavillon Bleu\u201d est port\u00e9 au Maroc depuis 2002 par la Fondation Mohammed VI pour la Protection de l\u2019Environnement, pr\u00e9sid\u00e9e par Son Altesse Royale la Princesse Lalla Hasnaa.<\/p>\n\n\n\n<p dir=\"ltr\">Une c\u00e9r\u00e9monie de hissage du \u201cPavillon Bleu\u201d au niveau de cette plage, s\u2019est d\u00e9roul\u00e9e en pr\u00e9sence notamment du Secr\u00e9taire g\u00e9n\u00e9ral de la wilaya de Dakhla-Oued Eddahab, Abderrazak El Gourji, des \u00e9lus locaux, d\u2019acteurs de la soci\u00e9t\u00e9 civile, et de repr\u00e9sentants des services publics.<\/p>\n\n\n\n<p dir=\"ltr\">Dans une d\u00e9claration \u00e0 la MAP, le directeur des plages \u00e0 la commune de Dakhla, Mohamed Maazar, a indiqu\u00e9 que \u201cla plage de Oum Labouir maintient ce label depuis 2012, ce qui refl\u00e8te la continuit\u00e9 des efforts fournis par l\u2019ensemble des partenaires.<\/p>\n\n\n\n<p dir=\"ltr\">Ces efforts, a-t-il poursuivi, s\u2019inscrivent dans le cadre d\u2019une convention de partenariat regroupant le Conseil communal, la Wilaya de la r\u00e9gion, la Fondation Mohammed VI pour la protection de l\u2019environnement, et l\u2019Office national de l\u2019\u00e9lectricit\u00e9 et de l\u2019eau potable (ONEE), ainsi que la Direction g\u00e9n\u00e9rale des collectivit\u00e9s territoriales.<\/p>\n\n\n\n<p dir=\"ltr\">Pour sa part, le chef du service Environnement \u00e0 l\u2019ONEE (Branche \u00e9lectricit\u00e9), Mohamed El Amine, a soulign\u00e9 que l\u2019Office veille \u00e0 la propret\u00e9 de cette plage, notant que le maintien du label Pavillon Bleu t\u00e9moigne du respect des standards en mati\u00e8re de propret\u00e9, de s\u00e9curit\u00e9 et d\u2019\u00e9quipements.\u201d<\/p>\n\n\n\n<p dir=\"ltr\">Dans le cadre du programme \u201cPlages propres\u201d, l\u2019Office contribue activement \u00e0 l\u2019\u00e9quipement du site, \u00e0 son entretien r\u00e9gulier, \u00e0 la mise en place de supports p\u00e9dagogiques, et \u00e0 l\u2019organisation de campagnes de sensibilisation.<\/p>\n\n\n\n<p dir=\"ltr\">Le \u201cPavillon Bleu\u201d, qui flottera sur 28 plages, un lac de montagne et quatre ports de plaisance au titre de la saison estivale 2025, est un label international exigeant, qui demande non seulement une qualit\u00e9 irr\u00e9prochable des eaux de baignade, mais s\u2019int\u00e9resse \u00e9galement \u00e0 la s\u00e9curit\u00e9, \u00e0 l\u2019am\u00e9nagement des plages et des arri\u00e8re-plages, outre la sensibilisation sur la protection de l\u2019environnement.<\/p>\n\n\n\n<p dir=\"ltr\">Avec 33 sites labellis\u00e9s, le Maroc se classe 21e au niveau mondial sur 50 pays, premier pays arabe et deuxi\u00e8me en Afrique pour le nombre de sites labellis\u00e9s \u201cPavillon Bleu\u201d, un \u00e9colabel exigeant, symbole d\u2019exemplarit\u00e9 en mati\u00e8re de gestion environnementale des espaces de baignade.<\/p>\n","protected":false},"excerpt":{"rendered":"<p>Dpress Le label international \u201cPavillon Bleu\u201d a \u00e9t\u00e9 hiss\u00e9, samedi sur la plage de Oum Labouir \u00e0 Dakhla, pour la 13e ann\u00e9e cons\u00e9cutive. Attribu\u00e9 annuellement par la Fondation pour l\u2019\u00c9ducation \u00e0 l\u2019Environnement (FEE), le label \u201cPavillon Bleu\u201d est port\u00e9 au Maroc depuis 2002 par la Fondation Mohammed VI pour la Protection de l\u2019Environnement, pr\u00e9sid\u00e9e par &hellip;<\/p>\n","protected":false},"author":2,"featured_media":15481,"comment_status":"open","ping_status":"open","sticky":false,"template":"","format":"standard","meta":{"footnotes":""},"categories":[40],"tags":[],"class_list":["post-15480","post","type-post","status-publish","format-standard","has-post-thumbnail","hentry","category-societe-et-regions"],"yoast_head":"<!-- This site is optimized with the Yoast SEO plugin v27.5 - https:\/\/yoast.com\/product\/yoast-seo-wordpress\/ -->\n<title>Dakhla: La plage de Oum Labouir labellis\u00e9e \u201cPavillon Bleu\u201d pour la 13e ann\u00e9e cons\u00e9cutive - Dpress.ma\/fr<\/title>\n<meta name=\"robots\" content=\"index, follow, max-snippet:-1, max-image-preview:large, max-video-preview:-1\" \/>\n<link rel=\"canonical\" href=\"https:\/\/dpress.ma\/fr\/2025\/07\/12\/dakhla-la-plage-de-oum-labouir-labellisee-pavillon-bleu-pour-la-13e-annee-consecutive\/\" \/>\n<meta property=\"og:locale\" content=\"fr_FR\" \/>\n<meta property=\"og:type\" content=\"article\" \/>\n<meta property=\"og:title\" content=\"Dakhla: La plage de Oum Labouir labellis\u00e9e \u201cPavillon Bleu\u201d pour la 13e ann\u00e9e cons\u00e9cutive - Dpress.ma\/fr\" \/>\n<meta property=\"og:description\" content=\"Dpress Le label international \u201cPavillon Bleu\u201d a \u00e9t\u00e9 hiss\u00e9, samedi sur la plage de Oum Labouir \u00e0 Dakhla, pour la 13e ann\u00e9e cons\u00e9cutive. Attribu\u00e9 annuellement par la Fondation pour l\u2019\u00c9ducation \u00e0 l\u2019Environnement (FEE), le label \u201cPavillon Bleu\u201d est port\u00e9 au Maroc depuis 2002 par la Fondation Mohammed VI pour la Protection de l\u2019Environnement, pr\u00e9sid\u00e9e par &hellip;\" \/>\n<meta property=\"og:url\" content=\"https:\/\/dpress.ma\/fr\/2025\/07\/12\/dakhla-la-plage-de-oum-labouir-labellisee-pavillon-bleu-pour-la-13e-annee-consecutive\/\" \/>\n<meta property=\"og:site_name\" content=\"Dpress.ma\/fr\" \/>\n<meta property=\"article:published_time\" content=\"2025-07-12T18:09:26+00:00\" \/>\n<meta property=\"article:modified_time\" content=\"2025-07-12T18:09:27+00:00\" \/>\n<meta property=\"og:image\" content=\"https:\/\/dpress.ma\/fr\/wp-content\/uploads\/sites\/2\/2025\/07\/plage-dakhla.png\" \/>\n\t<meta property=\"og:image:width\" content=\"780\" \/>\n\t<meta property=\"og:image:height\" content=\"470\" \/>\n\t<meta property=\"og:image:type\" content=\"image\/png\" \/>\n<meta name=\"author\" content=\"Dpress.ma\" \/>\n<meta name=\"twitter:card\" content=\"summary_large_image\" \/>\n<meta name=\"twitter:label1\" content=\"\u00c9crit par\" \/>\n\t<meta name=\"twitter:data1\" content=\"Dpress.ma\" \/>\n\t<meta name=\"twitter:label2\" content=\"Dur\u00e9e de lecture estim\u00e9e\" \/>\n\t<meta name=\"twitter:data2\" content=\"3 minutes\" \/>\n<script type=\"application\/ld+json\" class=\"yoast-schema-graph\">{\"@context\":\"https:\\\/\\\/schema.org\",\"@graph\":[{\"@type\":\"Article\",\"@id\":\"https:\\\/\\\/dpress.ma\\\/fr\\\/2025\\\/07\\\/12\\\/dakhla-la-plage-de-oum-labouir-labellisee-pavillon-bleu-pour-la-13e-annee-consecutive\\\/#article\",\"isPartOf\":{\"@id\":\"https:\\\/\\\/dpress.ma\\\/fr\\\/2025\\\/07\\\/12\\\/dakhla-la-plage-de-oum-labouir-labellisee-pavillon-bleu-pour-la-13e-annee-consecutive\\\/\"},\"author\":{\"name\":\"Dpress.ma\",\"@id\":\"https:\\\/\\\/dpress.ma\\\/fr\\\/#\\\/schema\\\/person\\\/4898febf3ccd59e6578d838656a306a0\"},\"headline\":\"Dakhla: La plage de Oum Labouir labellis\u00e9e \u201cPavillon Bleu\u201d pour la 13e ann\u00e9e cons\u00e9cutive\",\"datePublished\":\"2025-07-12T18:09:26+00:00\",\"dateModified\":\"2025-07-12T18:09:27+00:00\",\"mainEntityOfPage\":{\"@id\":\"https:\\\/\\\/dpress.ma\\\/fr\\\/2025\\\/07\\\/12\\\/dakhla-la-plage-de-oum-labouir-labellisee-pavillon-bleu-pour-la-13e-annee-consecutive\\\/\"},\"wordCount\":435,\"commentCount\":0,\"image\":{\"@id\":\"https:\\\/\\\/dpress.ma\\\/fr\\\/2025\\\/07\\\/12\\\/dakhla-la-plage-de-oum-labouir-labellisee-pavillon-bleu-pour-la-13e-annee-consecutive\\\/#primaryimage\"},\"thumbnailUrl\":\"https:\\\/\\\/dpress.ma\\\/fr\\\/wp-content\\\/uploads\\\/sites\\\/2\\\/2025\\\/07\\\/plage-dakhla.png\",\"articleSection\":[\"societe et regions\"],\"inLanguage\":\"fr-FR\",\"potentialAction\":[{\"@type\":\"CommentAction\",\"name\":\"Comment\",\"target\":[\"https:\\\/\\\/dpress.ma\\\/fr\\\/2025\\\/07\\\/12\\\/dakhla-la-plage-de-oum-labouir-labellisee-pavillon-bleu-pour-la-13e-annee-consecutive\\\/#respond\"]}]},{\"@type\":\"WebPage\",\"@id\":\"https:\\\/\\\/dpress.ma\\\/fr\\\/2025\\\/07\\\/12\\\/dakhla-la-plage-de-oum-labouir-labellisee-pavillon-bleu-pour-la-13e-annee-consecutive\\\/\",\"url\":\"https:\\\/\\\/dpress.ma\\\/fr\\\/2025\\\/07\\\/12\\\/dakhla-la-plage-de-oum-labouir-labellisee-pavillon-bleu-pour-la-13e-annee-consecutive\\\/\",\"name\":\"Dakhla: La plage de Oum Labouir labellis\u00e9e \u201cPavillon Bleu\u201d pour la 13e ann\u00e9e cons\u00e9cutive - Dpress.ma\\\/fr\",\"isPartOf\":{\"@id\":\"https:\\\/\\\/dpress.ma\\\/fr\\\/#website\"},\"primaryImageOfPage\":{\"@id\":\"https:\\\/\\\/dpress.ma\\\/fr\\\/2025\\\/07\\\/12\\\/dakhla-la-plage-de-oum-labouir-labellisee-pavillon-bleu-pour-la-13e-annee-consecutive\\\/#primaryimage\"},\"image\":{\"@id\":\"https:\\\/\\\/dpress.ma\\\/fr\\\/2025\\\/07\\\/12\\\/dakhla-la-plage-de-oum-labouir-labellisee-pavillon-bleu-pour-la-13e-annee-consecutive\\\/#primaryimage\"},\"thumbnailUrl\":\"https:\\\/\\\/dpress.ma\\\/fr\\\/wp-content\\\/uploads\\\/sites\\\/2\\\/2025\\\/07\\\/plage-dakhla.png\",\"datePublished\":\"2025-07-12T18:09:26+00:00\",\"dateModified\":\"2025-07-12T18:09:27+00:00\",\"author\":{\"@id\":\"https:\\\/\\\/dpress.ma\\\/fr\\\/#\\\/schema\\\/person\\\/4898febf3ccd59e6578d838656a306a0\"},\"breadcrumb\":{\"@id\":\"https:\\\/\\\/dpress.ma\\\/fr\\\/2025\\\/07\\\/12\\\/dakhla-la-plage-de-oum-labouir-labellisee-pavillon-bleu-pour-la-13e-annee-consecutive\\\/#breadcrumb\"},\"inLanguage\":\"fr-FR\",\"potentialAction\":[{\"@type\":\"ReadAction\",\"target\":[\"https:\\\/\\\/dpress.ma\\\/fr\\\/2025\\\/07\\\/12\\\/dakhla-la-plage-de-oum-labouir-labellisee-pavillon-bleu-pour-la-13e-annee-consecutive\\\/\"]}]},{\"@type\":\"ImageObject\",\"inLanguage\":\"fr-FR\",\"@id\":\"https:\\\/\\\/dpress.ma\\\/fr\\\/2025\\\/07\\\/12\\\/dakhla-la-plage-de-oum-labouir-labellisee-pavillon-bleu-pour-la-13e-annee-consecutive\\\/#primaryimage\",\"url\":\"https:\\\/\\\/dpress.ma\\\/fr\\\/wp-content\\\/uploads\\\/sites\\\/2\\\/2025\\\/07\\\/plage-dakhla.png\",\"contentUrl\":\"https:\\\/\\\/dpress.ma\\\/fr\\\/wp-content\\\/uploads\\\/sites\\\/2\\\/2025\\\/07\\\/plage-dakhla.png\",\"width\":780,\"height\":470},{\"@type\":\"BreadcrumbList\",\"@id\":\"https:\\\/\\\/dpress.ma\\\/fr\\\/2025\\\/07\\\/12\\\/dakhla-la-plage-de-oum-labouir-labellisee-pavillon-bleu-pour-la-13e-annee-consecutive\\\/#breadcrumb\",\"itemListElement\":[{\"@type\":\"ListItem\",\"position\":1,\"name\":\"Home\",\"item\":\"https:\\\/\\\/dpress.ma\\\/fr\\\/\"},{\"@type\":\"ListItem\",\"position\":2,\"name\":\"Dakhla: La plage de Oum Labouir labellis\u00e9e \u201cPavillon Bleu\u201d pour la 13e ann\u00e9e cons\u00e9cutive\"}]},{\"@type\":\"WebSite\",\"@id\":\"https:\\\/\\\/dpress.ma\\\/fr\\\/#website\",\"url\":\"https:\\\/\\\/dpress.ma\\\/fr\\\/\",\"name\":\"Dpress.ma\\\/fr\",\"description\":\"\",\"potentialAction\":[{\"@type\":\"SearchAction\",\"target\":{\"@type\":\"EntryPoint\",\"urlTemplate\":\"https:\\\/\\\/dpress.ma\\\/fr\\\/?s={search_term_string}\"},\"query-input\":{\"@type\":\"PropertyValueSpecification\",\"valueRequired\":true,\"valueName\":\"search_term_string\"}}],\"inLanguage\":\"fr-FR\"},{\"@type\":\"Person\",\"@id\":\"https:\\\/\\\/dpress.ma\\\/fr\\\/#\\\/schema\\\/person\\\/4898febf3ccd59e6578d838656a306a0\",\"name\":\"Dpress.ma\",\"image\":{\"@type\":\"ImageObject\",\"inLanguage\":\"fr-FR\",\"@id\":\"https:\\\/\\\/secure.gravatar.com\\\/avatar\\\/72ecc30e9db047a2e0e7176561eb9d564ed77c8108376495b19bd8336405198a?s=96&d=mm&r=g\",\"url\":\"https:\\\/\\\/secure.gravatar.com\\\/avatar\\\/72ecc30e9db047a2e0e7176561eb9d564ed77c8108376495b19bd8336405198a?s=96&d=mm&r=g\",\"contentUrl\":\"https:\\\/\\\/secure.gravatar.com\\\/avatar\\\/72ecc30e9db047a2e0e7176561eb9d564ed77c8108376495b19bd8336405198a?s=96&d=mm&r=g\",\"caption\":\"Dpress.ma\"},\"sameAs\":[\"https:\\\/\\\/www.dpress.ma\"],\"url\":\"https:\\\/\\\/dpress.ma\\\/fr\\\/author\\\/dpress-ma\\\/\"}]}<\/script>\n<!-- \/ Yoast SEO plugin. -->","yoast_head_json":{"title":"Dakhla: La plage de Oum Labouir labellis\u00e9e \u201cPavillon Bleu\u201d pour la 13e ann\u00e9e cons\u00e9cutive - Dpress.ma\/fr","robots":{"index":"index","follow":"follow","max-snippet":"max-snippet:-1","max-image-preview":"max-image-preview:large","max-video-preview":"max-video-preview:-1"},"canonical":"https:\/\/dpress.ma\/fr\/2025\/07\/12\/dakhla-la-plage-de-oum-labouir-labellisee-pavillon-bleu-pour-la-13e-annee-consecutive\/","og_locale":"fr_FR","og_type":"article","og_title":"Dakhla: La plage de Oum Labouir labellis\u00e9e \u201cPavillon Bleu\u201d pour la 13e ann\u00e9e cons\u00e9cutive - Dpress.ma\/fr","og_description":"Dpress Le label international \u201cPavillon Bleu\u201d a \u00e9t\u00e9 hiss\u00e9, samedi sur la plage de Oum Labouir \u00e0 Dakhla, pour la 13e ann\u00e9e cons\u00e9cutive. Attribu\u00e9 annuellement par la Fondation pour l\u2019\u00c9ducation \u00e0 l\u2019Environnement (FEE), le label \u201cPavillon Bleu\u201d est port\u00e9 au Maroc depuis 2002 par la Fondation Mohammed VI pour la Protection de l\u2019Environnement, pr\u00e9sid\u00e9e par &hellip;","og_url":"https:\/\/dpress.ma\/fr\/2025\/07\/12\/dakhla-la-plage-de-oum-labouir-labellisee-pavillon-bleu-pour-la-13e-annee-consecutive\/","og_site_name":"Dpress.ma\/fr","article_published_time":"2025-07-12T18:09:26+00:00","article_modified_time":"2025-07-12T18:09:27+00:00","og_image":[{"width":780,"height":470,"url":"https:\/\/dpress.ma\/fr\/wp-content\/uploads\/sites\/2\/2025\/07\/plage-dakhla.png","type":"image\/png"}],"author":"Dpress.ma","twitter_card":"summary_large_image","twitter_misc":{"\u00c9crit par":"Dpress.ma","Dur\u00e9e de lecture estim\u00e9e":"3 minutes"},"schema":{"@context":"https:\/\/schema.org","@graph":[{"@type":"Article","@id":"https:\/\/dpress.ma\/fr\/2025\/07\/12\/dakhla-la-plage-de-oum-labouir-labellisee-pavillon-bleu-pour-la-13e-annee-consecutive\/#article","isPartOf":{"@id":"https:\/\/dpress.ma\/fr\/2025\/07\/12\/dakhla-la-plage-de-oum-labouir-labellisee-pavillon-bleu-pour-la-13e-annee-consecutive\/"},"author":{"name":"Dpress.ma","@id":"https:\/\/dpress.ma\/fr\/#\/schema\/person\/4898febf3ccd59e6578d838656a306a0"},"headline":"Dakhla: La plage de Oum Labouir labellis\u00e9e \u201cPavillon Bleu\u201d pour la 13e ann\u00e9e cons\u00e9cutive","datePublished":"2025-07-12T18:09:26+00:00","dateModified":"2025-07-12T18:09:27+00:00","mainEntityOfPage":{"@id":"https:\/\/dpress.ma\/fr\/2025\/07\/12\/dakhla-la-plage-de-oum-labouir-labellisee-pavillon-bleu-pour-la-13e-annee-consecutive\/"},"wordCount":435,"commentCount":0,"image":{"@id":"https:\/\/dpress.ma\/fr\/2025\/07\/12\/dakhla-la-plage-de-oum-labouir-labellisee-pavillon-bleu-pour-la-13e-annee-consecutive\/#primaryimage"},"thumbnailUrl":"https:\/\/dpress.ma\/fr\/wp-content\/uploads\/sites\/2\/2025\/07\/plage-dakhla.png","articleSection":["societe et regions"],"inLanguage":"fr-FR","potentialAction":[{"@type":"CommentAction","name":"Comment","target":["https:\/\/dpress.ma\/fr\/2025\/07\/12\/dakhla-la-plage-de-oum-labouir-labellisee-pavillon-bleu-pour-la-13e-annee-consecutive\/#respond"]}]},{"@type":"WebPage","@id":"https:\/\/dpress.ma\/fr\/2025\/07\/12\/dakhla-la-plage-de-oum-labouir-labellisee-pavillon-bleu-pour-la-13e-annee-consecutive\/","url":"https:\/\/dpress.ma\/fr\/2025\/07\/12\/dakhla-la-plage-de-oum-labouir-labellisee-pavillon-bleu-pour-la-13e-annee-consecutive\/","name":"Dakhla: La plage de Oum Labouir labellis\u00e9e \u201cPavillon Bleu\u201d pour la 13e ann\u00e9e cons\u00e9cutive - Dpress.ma\/fr","isPartOf":{"@id":"https:\/\/dpress.ma\/fr\/#website"},"primaryImageOfPage":{"@id":"https:\/\/dpress.ma\/fr\/2025\/07\/12\/dakhla-la-plage-de-oum-labouir-labellisee-pavillon-bleu-pour-la-13e-annee-consecutive\/#primaryimage"},"image":{"@id":"https:\/\/dpress.ma\/fr\/2025\/07\/12\/dakhla-la-plage-de-oum-labouir-labellisee-pavillon-bleu-pour-la-13e-annee-consecutive\/#primaryimage"},"thumbnailUrl":"https:\/\/dpress.ma\/fr\/wp-content\/uploads\/sites\/2\/2025\/07\/plage-dakhla.png","datePublished":"2025-07-12T18:09:26+00:00","dateModified":"2025-07-12T18:09:27+00:00","author":{"@id":"https:\/\/dpress.ma\/fr\/#\/schema\/person\/4898febf3ccd59e6578d838656a306a0"},"breadcrumb":{"@id":"https:\/\/dpress.ma\/fr\/2025\/07\/12\/dakhla-la-plage-de-oum-labouir-labellisee-pavillon-bleu-pour-la-13e-annee-consecutive\/#breadcrumb"},"inLanguage":"fr-FR","potentialAction":[{"@type":"ReadAction","target":["https:\/\/dpress.ma\/fr\/2025\/07\/12\/dakhla-la-plage-de-oum-labouir-labellisee-pavillon-bleu-pour-la-13e-annee-consecutive\/"]}]},{"@type":"ImageObject","inLanguage":"fr-FR","@id":"https:\/\/dpress.ma\/fr\/2025\/07\/12\/dakhla-la-plage-de-oum-labouir-labellisee-pavillon-bleu-pour-la-13e-annee-consecutive\/#primaryimage","url":"https:\/\/dpress.ma\/fr\/wp-content\/uploads\/sites\/2\/2025\/07\/plage-dakhla.png","contentUrl":"https:\/\/dpress.ma\/fr\/wp-content\/uploads\/sites\/2\/2025\/07\/plage-dakhla.png","width":780,"height":470},{"@type":"BreadcrumbList","@id":"https:\/\/dpress.ma\/fr\/2025\/07\/12\/dakhla-la-plage-de-oum-labouir-labellisee-pavillon-bleu-pour-la-13e-annee-consecutive\/#breadcrumb","itemListElement":[{"@type":"ListItem","position":1,"name":"Home","item":"https:\/\/dpress.ma\/fr\/"},{"@type":"ListItem","position":2,"name":"Dakhla: La plage de Oum Labouir labellis\u00e9e \u201cPavillon Bleu\u201d pour la 13e ann\u00e9e cons\u00e9cutive"}]},{"@type":"WebSite","@id":"https:\/\/dpress.ma\/fr\/#website","url":"https:\/\/dpress.ma\/fr\/","name":"Dpress.ma\/fr","description":"","potentialAction":[{"@type":"SearchAction","target":{"@type":"EntryPoint","urlTemplate":"https:\/\/dpress.ma\/fr\/?s={search_term_string}"},"query-input":{"@type":"PropertyValueSpecification","valueRequired":true,"valueName":"search_term_string"}}],"inLanguage":"fr-FR"},{"@type":"Person","@id":"https:\/\/dpress.ma\/fr\/#\/schema\/person\/4898febf3ccd59e6578d838656a306a0","name":"Dpress.ma","image":{"@type":"ImageObject","inLanguage":"fr-FR","@id":"https:\/\/secure.gravatar.com\/avatar\/72ecc30e9db047a2e0e7176561eb9d564ed77c8108376495b19bd8336405198a?s=96&d=mm&r=g","url":"https:\/\/secure.gravatar.com\/avatar\/72ecc30e9db047a2e0e7176561eb9d564ed77c8108376495b19bd8336405198a?s=96&d=mm&r=g","contentUrl":"https:\/\/secure.gravatar.com\/avatar\/72ecc30e9db047a2e0e7176561eb9d564ed77c8108376495b19bd8336405198a?s=96&d=mm&r=g","caption":"Dpress.ma"},"sameAs":["https:\/\/www.dpress.ma"],"url":"https:\/\/dpress.ma\/fr\/author\/dpress-ma\/"}]}},"amp_enabled":true,"_links":{"self":[{"href":"https:\/\/dpress.ma\/fr\/wp-json\/wp\/v2\/posts\/15480","targetHints":{"allow":["GET"]}}],"collection":[{"href":"https:\/\/dpress.ma\/fr\/wp-json\/wp\/v2\/posts"}],"about":[{"href":"https:\/\/dpress.ma\/fr\/wp-json\/wp\/v2\/types\/post"}],"author":[{"embeddable":true,"href":"https:\/\/dpress.ma\/fr\/wp-json\/wp\/v2\/users\/2"}],"replies":[{"embeddable":true,"href":"https:\/\/dpress.ma\/fr\/wp-json\/wp\/v2\/comments?post=15480"}],"version-history":[{"count":1,"href":"https:\/\/dpress.ma\/fr\/wp-json\/wp\/v2\/posts\/15480\/revisions"}],"predecessor-version":[{"id":15482,"href":"https:\/\/dpress.ma\/fr\/wp-json\/wp\/v2\/posts\/15480\/revisions\/15482"}],"wp:featuredmedia":[{"embeddable":true,"href":"https:\/\/dpress.ma\/fr\/wp-json\/wp\/v2\/media\/15481"}],"wp:attachment":[{"href":"https:\/\/dpress.ma\/fr\/wp-json\/wp\/v2\/media?parent=15480"}],"wp:term":[{"taxonomy":"category","embeddable":true,"href":"https:\/\/dpress.ma\/fr\/wp-json\/wp\/v2\/categories?post=15480"},{"taxonomy":"post_tag","embeddable":true,"href":"https:\/\/dpress.ma\/fr\/wp-json\/wp\/v2\/tags?post=15480"}],"curies":[{"name":"wp","href":"https:\/\/api.w.org\/{rel}","templated":true}]}}