{"id":15473,"date":"2025-07-11T14:26:30","date_gmt":"2025-07-11T14:26:30","guid":{"rendered":"https:\/\/dpress.ma\/fr\/?p=15473"},"modified":"2025-07-11T14:26:31","modified_gmt":"2025-07-11T14:26:31","slug":"laref-casablanca-settat-sillustre-aux-championnats-nationaux-scolaires-dathletisme-et-des-eleves-en-situation-de-handicap","status":"publish","type":"post","link":"https:\/\/dpress.ma\/fr\/2025\/07\/11\/laref-casablanca-settat-sillustre-aux-championnats-nationaux-scolaires-dathletisme-et-des-eleves-en-situation-de-handicap\/","title":{"rendered":"L\u2019AREF Casablanca-Settat s\u2019illustre aux championnats nationaux scolaires d\u2019athl\u00e9tisme et des \u00e9l\u00e8ves en situation de handicap"},"content":{"rendered":"\n<p>Dpress<\/p>\n\n\n\n<p>L\u2019Acad\u00e9mie R\u00e9gionale d\u2019\u00c9ducation et de Formation (AREF) de Casablanca-Settat a remport\u00e9 le Championnat national scolaire d\u2019athl\u00e9tisme ainsi que le Championnat national scolaire des \u00e9l\u00e8ves en situation de handicap, dont les \u00e9preuves ont pris fin, jeudi \u00e0 Ifrane.<\/p>\n\n\n\n<p>L\u2019acad\u00e9mie s\u2019est distingu\u00e9e par un total de 21 m\u00e9dailles d\u2019or, 10 m\u00e9dailles d\u2019argent et 15 m\u00e9dailles de bronze.<\/p>\n\n\n\n<p>La deuxi\u00e8me place de cette comp\u00e9tition, organis\u00e9e par le minist\u00e8re de l\u2019\u00c9ducation nationale, du Pr\u00e9scolaire et des Sports, en collaboration avec la F\u00e9d\u00e9ration Royale Marocaine du Sport Scolaire, et en coordination avec l\u2019AREF de F\u00e8s-Mekn\u00e8s, est revenue \u00e0 l\u2019Acad\u00e9mie de Marrakech-Safi, avec 49 m\u00e9dailles, dont 19 d\u2019or et autant d\u2019argent.<\/p>\n\n\n\n<p>Quant \u00e0 la troisi\u00e8me place, elle est revenue \u00e0 l\u2019AREF&nbsp; de Rabat-Sal\u00e9-K\u00e9nitra, qui a obtenu 18 m\u00e9dailles d\u2019or, 14 d\u2019argent et 9 de bronze, tandis que la quatri\u00e8me place a \u00e9t\u00e9 remport\u00e9e par l\u2019AREF de F\u00e8s-Mekn\u00e8s, avec 10 m\u00e9dailles d\u2019or, 15 d\u2019argent et 15 de bronze.<\/p>\n\n\n\n<p>Cette manifestation sportive a connu la participation de 735 \u00e9l\u00e8ves, dont 349 filles, issus des championnats r\u00e9gionaux scolaires d\u2019athl\u00e9tisme. neuf filles et huit gar\u00e7ons en situation de handicap repr\u00e9sentant les diff\u00e9rentes acad\u00e9mies r\u00e9gionales du Royaume ont pris part \u00e0 ce championnat.<\/p>\n\n\n\n<p>Les comp\u00e9titions ont \u00e9t\u00e9 r\u00e9parties en deux cat\u00e9gories : L\u2019athl\u00e9tisme pour tous, destin\u00e9 aux \u00e9l\u00e8ves du coll\u00e8ge et du lyc\u00e9e ne faisant pas partie de clubs ou d\u2019associations sportives et l\u2019athl\u00e9tisme d\u2019\u00e9lite, r\u00e9serv\u00e9 aux \u00e9l\u00e8ves affili\u00e9s \u00e0 des clubs ou f\u00e9d\u00e9rations, ainsi qu\u2019aux \u00e9l\u00e8ves des fili\u00e8res \u201cSport-\u00c9tudes\u201d ayant r\u00e9alis\u00e9 de bonnes performances lors des championnats r\u00e9gionaux.<\/p>\n\n\n\n<p>Le directeur de la promotion du sport scolaire et pr\u00e9sident d\u00e9l\u00e9gu\u00e9 de la F\u00e9d\u00e9ration Royale Marocaine du Sport Scolaire, a indiqu\u00e9 que cet \u00e9v\u00e9nement constitue la derni\u00e8re \u00e9tape des comp\u00e9titions sportives scolaires pr\u00e9vues cette ann\u00e9e par le minist\u00e8re.<\/p>\n\n\n\n<p>Il a ajout\u00e9 que la saison a \u00e9t\u00e9 riche en activit\u00e9s sportives avec l\u2019objectif principal d\u2019\u00e9largir la base de participation des \u00e9l\u00e8ves, de s\u2019ouvrir \u00e0 de nouvelles disciplines sportives, en collaboration avec les f\u00e9d\u00e9rations royales, en mobilisant leurs entra\u00eeneurs et experts pour rep\u00e9rer les meilleurs talents \u00e9mergents.<\/p>\n\n\n\n<p>Il a soulign\u00e9 que les championnats de cette ann\u00e9e ont enregistr\u00e9 une participation record, avoisinant 10.000 \u00e9l\u00e8ves, marqu\u00e9e par l\u2019\u00e9mergence de jeunes talents prometteurs dans plusieurs disciplines.<\/p>\n\n\n\n<p>De son c\u00f4t\u00e9, Leila Hayane, cheffe du service de suivi des activit\u00e9s sportives scolaires \u00e0 la direction de la promotion du sport scolaire du minist\u00e8re et membre du bureau directeur de la F\u00e9d\u00e9ration Royale Marocaine du Sport Scolaire, a soulign\u00e9 que cette comp\u00e9tition constitue une opportunit\u00e9 id\u00e9ale pour les entra\u00eeneurs, recruteurs et encadrants des clubs et associations sportives pour d\u00e9couvrir de nouveaux talents et les accompagner dans leur d\u00e9veloppement vers l\u2019excellence.<\/p>\n","protected":false},"excerpt":{"rendered":"<p>Dpress L\u2019Acad\u00e9mie R\u00e9gionale d\u2019\u00c9ducation et de Formation (AREF) de Casablanca-Settat a remport\u00e9 le Championnat national scolaire d\u2019athl\u00e9tisme ainsi que le Championnat national scolaire des \u00e9l\u00e8ves en situation de handicap, dont les \u00e9preuves ont pris fin, jeudi \u00e0 Ifrane. L\u2019acad\u00e9mie s\u2019est distingu\u00e9e par un total de 21 m\u00e9dailles d\u2019or, 10 m\u00e9dailles d\u2019argent et 15 m\u00e9dailles de &hellip;<\/p>\n","protected":false},"author":2,"featured_media":15474,"comment_status":"open","ping_status":"open","sticky":false,"template":"","format":"standard","meta":{"footnotes":""},"categories":[27],"tags":[],"class_list":["post-15473","post","type-post","status-publish","format-standard","has-post-thumbnail","hentry","category-sport"],"yoast_head":"<!-- This site is optimized with the Yoast SEO plugin v27.5 - https:\/\/yoast.com\/product\/yoast-seo-wordpress\/ -->\n<title>L\u2019AREF Casablanca-Settat s\u2019illustre aux championnats nationaux scolaires d\u2019athl\u00e9tisme et des \u00e9l\u00e8ves en situation de handicap - Dpress.ma\/fr<\/title>\n<meta name=\"robots\" content=\"index, follow, max-snippet:-1, max-image-preview:large, max-video-preview:-1\" \/>\n<link rel=\"canonical\" href=\"https:\/\/dpress.ma\/fr\/2025\/07\/11\/laref-casablanca-settat-sillustre-aux-championnats-nationaux-scolaires-dathletisme-et-des-eleves-en-situation-de-handicap\/\" \/>\n<meta property=\"og:locale\" content=\"fr_FR\" \/>\n<meta property=\"og:type\" content=\"article\" \/>\n<meta property=\"og:title\" content=\"L\u2019AREF Casablanca-Settat s\u2019illustre aux championnats nationaux scolaires d\u2019athl\u00e9tisme et des \u00e9l\u00e8ves en situation de handicap - Dpress.ma\/fr\" \/>\n<meta property=\"og:description\" content=\"Dpress L\u2019Acad\u00e9mie R\u00e9gionale d\u2019\u00c9ducation et de Formation (AREF) de Casablanca-Settat a remport\u00e9 le Championnat national scolaire d\u2019athl\u00e9tisme ainsi que le Championnat national scolaire des \u00e9l\u00e8ves en situation de handicap, dont les \u00e9preuves ont pris fin, jeudi \u00e0 Ifrane. L\u2019acad\u00e9mie s\u2019est distingu\u00e9e par un total de 21 m\u00e9dailles d\u2019or, 10 m\u00e9dailles d\u2019argent et 15 m\u00e9dailles de &hellip;\" \/>\n<meta property=\"og:url\" content=\"https:\/\/dpress.ma\/fr\/2025\/07\/11\/laref-casablanca-settat-sillustre-aux-championnats-nationaux-scolaires-dathletisme-et-des-eleves-en-situation-de-handicap\/\" \/>\n<meta property=\"og:site_name\" content=\"Dpress.ma\/fr\" \/>\n<meta property=\"article:published_time\" content=\"2025-07-11T14:26:30+00:00\" \/>\n<meta property=\"article:modified_time\" content=\"2025-07-11T14:26:31+00:00\" \/>\n<meta property=\"og:image\" content=\"https:\/\/dpress.ma\/fr\/wp-content\/uploads\/sites\/2\/2025\/07\/iujhjoioijoij.jpg\" \/>\n\t<meta property=\"og:image:width\" content=\"2539\" \/>\n\t<meta property=\"og:image:height\" content=\"1594\" \/>\n\t<meta property=\"og:image:type\" content=\"image\/jpeg\" \/>\n<meta name=\"author\" content=\"Dpress.ma\" \/>\n<meta name=\"twitter:card\" content=\"summary_large_image\" \/>\n<meta name=\"twitter:label1\" content=\"\u00c9crit par\" \/>\n\t<meta name=\"twitter:data1\" content=\"Dpress.ma\" \/>\n\t<meta name=\"twitter:label2\" content=\"Dur\u00e9e de lecture estim\u00e9e\" \/>\n\t<meta name=\"twitter:data2\" content=\"3 minutes\" \/>\n<script type=\"application\/ld+json\" class=\"yoast-schema-graph\">{\"@context\":\"https:\\\/\\\/schema.org\",\"@graph\":[{\"@type\":\"Article\",\"@id\":\"https:\\\/\\\/dpress.ma\\\/fr\\\/2025\\\/07\\\/11\\\/laref-casablanca-settat-sillustre-aux-championnats-nationaux-scolaires-dathletisme-et-des-eleves-en-situation-de-handicap\\\/#article\",\"isPartOf\":{\"@id\":\"https:\\\/\\\/dpress.ma\\\/fr\\\/2025\\\/07\\\/11\\\/laref-casablanca-settat-sillustre-aux-championnats-nationaux-scolaires-dathletisme-et-des-eleves-en-situation-de-handicap\\\/\"},\"author\":{\"name\":\"Dpress.ma\",\"@id\":\"https:\\\/\\\/dpress.ma\\\/fr\\\/#\\\/schema\\\/person\\\/4898febf3ccd59e6578d838656a306a0\"},\"headline\":\"L\u2019AREF Casablanca-Settat s\u2019illustre aux championnats nationaux scolaires d\u2019athl\u00e9tisme et des \u00e9l\u00e8ves en situation de handicap\",\"datePublished\":\"2025-07-11T14:26:30+00:00\",\"dateModified\":\"2025-07-11T14:26:31+00:00\",\"mainEntityOfPage\":{\"@id\":\"https:\\\/\\\/dpress.ma\\\/fr\\\/2025\\\/07\\\/11\\\/laref-casablanca-settat-sillustre-aux-championnats-nationaux-scolaires-dathletisme-et-des-eleves-en-situation-de-handicap\\\/\"},\"wordCount\":544,\"commentCount\":0,\"image\":{\"@id\":\"https:\\\/\\\/dpress.ma\\\/fr\\\/2025\\\/07\\\/11\\\/laref-casablanca-settat-sillustre-aux-championnats-nationaux-scolaires-dathletisme-et-des-eleves-en-situation-de-handicap\\\/#primaryimage\"},\"thumbnailUrl\":\"https:\\\/\\\/dpress.ma\\\/fr\\\/wp-content\\\/uploads\\\/sites\\\/2\\\/2025\\\/07\\\/iujhjoioijoij.jpg\",\"articleSection\":[\"Sport\"],\"inLanguage\":\"fr-FR\",\"potentialAction\":[{\"@type\":\"CommentAction\",\"name\":\"Comment\",\"target\":[\"https:\\\/\\\/dpress.ma\\\/fr\\\/2025\\\/07\\\/11\\\/laref-casablanca-settat-sillustre-aux-championnats-nationaux-scolaires-dathletisme-et-des-eleves-en-situation-de-handicap\\\/#respond\"]}]},{\"@type\":\"WebPage\",\"@id\":\"https:\\\/\\\/dpress.ma\\\/fr\\\/2025\\\/07\\\/11\\\/laref-casablanca-settat-sillustre-aux-championnats-nationaux-scolaires-dathletisme-et-des-eleves-en-situation-de-handicap\\\/\",\"url\":\"https:\\\/\\\/dpress.ma\\\/fr\\\/2025\\\/07\\\/11\\\/laref-casablanca-settat-sillustre-aux-championnats-nationaux-scolaires-dathletisme-et-des-eleves-en-situation-de-handicap\\\/\",\"name\":\"L\u2019AREF Casablanca-Settat s\u2019illustre aux championnats nationaux scolaires d\u2019athl\u00e9tisme et des \u00e9l\u00e8ves en situation de handicap - Dpress.ma\\\/fr\",\"isPartOf\":{\"@id\":\"https:\\\/\\\/dpress.ma\\\/fr\\\/#website\"},\"primaryImageOfPage\":{\"@id\":\"https:\\\/\\\/dpress.ma\\\/fr\\\/2025\\\/07\\\/11\\\/laref-casablanca-settat-sillustre-aux-championnats-nationaux-scolaires-dathletisme-et-des-eleves-en-situation-de-handicap\\\/#primaryimage\"},\"image\":{\"@id\":\"https:\\\/\\\/dpress.ma\\\/fr\\\/2025\\\/07\\\/11\\\/laref-casablanca-settat-sillustre-aux-championnats-nationaux-scolaires-dathletisme-et-des-eleves-en-situation-de-handicap\\\/#primaryimage\"},\"thumbnailUrl\":\"https:\\\/\\\/dpress.ma\\\/fr\\\/wp-content\\\/uploads\\\/sites\\\/2\\\/2025\\\/07\\\/iujhjoioijoij.jpg\",\"datePublished\":\"2025-07-11T14:26:30+00:00\",\"dateModified\":\"2025-07-11T14:26:31+00:00\",\"author\":{\"@id\":\"https:\\\/\\\/dpress.ma\\\/fr\\\/#\\\/schema\\\/person\\\/4898febf3ccd59e6578d838656a306a0\"},\"breadcrumb\":{\"@id\":\"https:\\\/\\\/dpress.ma\\\/fr\\\/2025\\\/07\\\/11\\\/laref-casablanca-settat-sillustre-aux-championnats-nationaux-scolaires-dathletisme-et-des-eleves-en-situation-de-handicap\\\/#breadcrumb\"},\"inLanguage\":\"fr-FR\",\"potentialAction\":[{\"@type\":\"ReadAction\",\"target\":[\"https:\\\/\\\/dpress.ma\\\/fr\\\/2025\\\/07\\\/11\\\/laref-casablanca-settat-sillustre-aux-championnats-nationaux-scolaires-dathletisme-et-des-eleves-en-situation-de-handicap\\\/\"]}]},{\"@type\":\"ImageObject\",\"inLanguage\":\"fr-FR\",\"@id\":\"https:\\\/\\\/dpress.ma\\\/fr\\\/2025\\\/07\\\/11\\\/laref-casablanca-settat-sillustre-aux-championnats-nationaux-scolaires-dathletisme-et-des-eleves-en-situation-de-handicap\\\/#primaryimage\",\"url\":\"https:\\\/\\\/dpress.ma\\\/fr\\\/wp-content\\\/uploads\\\/sites\\\/2\\\/2025\\\/07\\\/iujhjoioijoij.jpg\",\"contentUrl\":\"https:\\\/\\\/dpress.ma\\\/fr\\\/wp-content\\\/uploads\\\/sites\\\/2\\\/2025\\\/07\\\/iujhjoioijoij.jpg\",\"width\":2539,\"height\":1594},{\"@type\":\"BreadcrumbList\",\"@id\":\"https:\\\/\\\/dpress.ma\\\/fr\\\/2025\\\/07\\\/11\\\/laref-casablanca-settat-sillustre-aux-championnats-nationaux-scolaires-dathletisme-et-des-eleves-en-situation-de-handicap\\\/#breadcrumb\",\"itemListElement\":[{\"@type\":\"ListItem\",\"position\":1,\"name\":\"Home\",\"item\":\"https:\\\/\\\/dpress.ma\\\/fr\\\/\"},{\"@type\":\"ListItem\",\"position\":2,\"name\":\"L\u2019AREF Casablanca-Settat s\u2019illustre aux championnats nationaux scolaires d\u2019athl\u00e9tisme et des \u00e9l\u00e8ves en situation de handicap\"}]},{\"@type\":\"WebSite\",\"@id\":\"https:\\\/\\\/dpress.ma\\\/fr\\\/#website\",\"url\":\"https:\\\/\\\/dpress.ma\\\/fr\\\/\",\"name\":\"Dpress.ma\\\/fr\",\"description\":\"\",\"potentialAction\":[{\"@type\":\"SearchAction\",\"target\":{\"@type\":\"EntryPoint\",\"urlTemplate\":\"https:\\\/\\\/dpress.ma\\\/fr\\\/?s={search_term_string}\"},\"query-input\":{\"@type\":\"PropertyValueSpecification\",\"valueRequired\":true,\"valueName\":\"search_term_string\"}}],\"inLanguage\":\"fr-FR\"},{\"@type\":\"Person\",\"@id\":\"https:\\\/\\\/dpress.ma\\\/fr\\\/#\\\/schema\\\/person\\\/4898febf3ccd59e6578d838656a306a0\",\"name\":\"Dpress.ma\",\"image\":{\"@type\":\"ImageObject\",\"inLanguage\":\"fr-FR\",\"@id\":\"https:\\\/\\\/secure.gravatar.com\\\/avatar\\\/72ecc30e9db047a2e0e7176561eb9d564ed77c8108376495b19bd8336405198a?s=96&d=mm&r=g\",\"url\":\"https:\\\/\\\/secure.gravatar.com\\\/avatar\\\/72ecc30e9db047a2e0e7176561eb9d564ed77c8108376495b19bd8336405198a?s=96&d=mm&r=g\",\"contentUrl\":\"https:\\\/\\\/secure.gravatar.com\\\/avatar\\\/72ecc30e9db047a2e0e7176561eb9d564ed77c8108376495b19bd8336405198a?s=96&d=mm&r=g\",\"caption\":\"Dpress.ma\"},\"sameAs\":[\"https:\\\/\\\/www.dpress.ma\"],\"url\":\"https:\\\/\\\/dpress.ma\\\/fr\\\/author\\\/dpress-ma\\\/\"}]}<\/script>\n<!-- \/ Yoast SEO plugin. -->","yoast_head_json":{"title":"L\u2019AREF Casablanca-Settat s\u2019illustre aux championnats nationaux scolaires d\u2019athl\u00e9tisme et des \u00e9l\u00e8ves en situation de handicap - Dpress.ma\/fr","robots":{"index":"index","follow":"follow","max-snippet":"max-snippet:-1","max-image-preview":"max-image-preview:large","max-video-preview":"max-video-preview:-1"},"canonical":"https:\/\/dpress.ma\/fr\/2025\/07\/11\/laref-casablanca-settat-sillustre-aux-championnats-nationaux-scolaires-dathletisme-et-des-eleves-en-situation-de-handicap\/","og_locale":"fr_FR","og_type":"article","og_title":"L\u2019AREF Casablanca-Settat s\u2019illustre aux championnats nationaux scolaires d\u2019athl\u00e9tisme et des \u00e9l\u00e8ves en situation de handicap - Dpress.ma\/fr","og_description":"Dpress L\u2019Acad\u00e9mie R\u00e9gionale d\u2019\u00c9ducation et de Formation (AREF) de Casablanca-Settat a remport\u00e9 le Championnat national scolaire d\u2019athl\u00e9tisme ainsi que le Championnat national scolaire des \u00e9l\u00e8ves en situation de handicap, dont les \u00e9preuves ont pris fin, jeudi \u00e0 Ifrane. L\u2019acad\u00e9mie s\u2019est distingu\u00e9e par un total de 21 m\u00e9dailles d\u2019or, 10 m\u00e9dailles d\u2019argent et 15 m\u00e9dailles de &hellip;","og_url":"https:\/\/dpress.ma\/fr\/2025\/07\/11\/laref-casablanca-settat-sillustre-aux-championnats-nationaux-scolaires-dathletisme-et-des-eleves-en-situation-de-handicap\/","og_site_name":"Dpress.ma\/fr","article_published_time":"2025-07-11T14:26:30+00:00","article_modified_time":"2025-07-11T14:26:31+00:00","og_image":[{"width":2539,"height":1594,"url":"https:\/\/dpress.ma\/fr\/wp-content\/uploads\/sites\/2\/2025\/07\/iujhjoioijoij.jpg","type":"image\/jpeg"}],"author":"Dpress.ma","twitter_card":"summary_large_image","twitter_misc":{"\u00c9crit par":"Dpress.ma","Dur\u00e9e de lecture estim\u00e9e":"3 minutes"},"schema":{"@context":"https:\/\/schema.org","@graph":[{"@type":"Article","@id":"https:\/\/dpress.ma\/fr\/2025\/07\/11\/laref-casablanca-settat-sillustre-aux-championnats-nationaux-scolaires-dathletisme-et-des-eleves-en-situation-de-handicap\/#article","isPartOf":{"@id":"https:\/\/dpress.ma\/fr\/2025\/07\/11\/laref-casablanca-settat-sillustre-aux-championnats-nationaux-scolaires-dathletisme-et-des-eleves-en-situation-de-handicap\/"},"author":{"name":"Dpress.ma","@id":"https:\/\/dpress.ma\/fr\/#\/schema\/person\/4898febf3ccd59e6578d838656a306a0"},"headline":"L\u2019AREF Casablanca-Settat s\u2019illustre aux championnats nationaux scolaires d\u2019athl\u00e9tisme et des \u00e9l\u00e8ves en situation de handicap","datePublished":"2025-07-11T14:26:30+00:00","dateModified":"2025-07-11T14:26:31+00:00","mainEntityOfPage":{"@id":"https:\/\/dpress.ma\/fr\/2025\/07\/11\/laref-casablanca-settat-sillustre-aux-championnats-nationaux-scolaires-dathletisme-et-des-eleves-en-situation-de-handicap\/"},"wordCount":544,"commentCount":0,"image":{"@id":"https:\/\/dpress.ma\/fr\/2025\/07\/11\/laref-casablanca-settat-sillustre-aux-championnats-nationaux-scolaires-dathletisme-et-des-eleves-en-situation-de-handicap\/#primaryimage"},"thumbnailUrl":"https:\/\/dpress.ma\/fr\/wp-content\/uploads\/sites\/2\/2025\/07\/iujhjoioijoij.jpg","articleSection":["Sport"],"inLanguage":"fr-FR","potentialAction":[{"@type":"CommentAction","name":"Comment","target":["https:\/\/dpress.ma\/fr\/2025\/07\/11\/laref-casablanca-settat-sillustre-aux-championnats-nationaux-scolaires-dathletisme-et-des-eleves-en-situation-de-handicap\/#respond"]}]},{"@type":"WebPage","@id":"https:\/\/dpress.ma\/fr\/2025\/07\/11\/laref-casablanca-settat-sillustre-aux-championnats-nationaux-scolaires-dathletisme-et-des-eleves-en-situation-de-handicap\/","url":"https:\/\/dpress.ma\/fr\/2025\/07\/11\/laref-casablanca-settat-sillustre-aux-championnats-nationaux-scolaires-dathletisme-et-des-eleves-en-situation-de-handicap\/","name":"L\u2019AREF Casablanca-Settat s\u2019illustre aux championnats nationaux scolaires d\u2019athl\u00e9tisme et des \u00e9l\u00e8ves en situation de handicap - Dpress.ma\/fr","isPartOf":{"@id":"https:\/\/dpress.ma\/fr\/#website"},"primaryImageOfPage":{"@id":"https:\/\/dpress.ma\/fr\/2025\/07\/11\/laref-casablanca-settat-sillustre-aux-championnats-nationaux-scolaires-dathletisme-et-des-eleves-en-situation-de-handicap\/#primaryimage"},"image":{"@id":"https:\/\/dpress.ma\/fr\/2025\/07\/11\/laref-casablanca-settat-sillustre-aux-championnats-nationaux-scolaires-dathletisme-et-des-eleves-en-situation-de-handicap\/#primaryimage"},"thumbnailUrl":"https:\/\/dpress.ma\/fr\/wp-content\/uploads\/sites\/2\/2025\/07\/iujhjoioijoij.jpg","datePublished":"2025-07-11T14:26:30+00:00","dateModified":"2025-07-11T14:26:31+00:00","author":{"@id":"https:\/\/dpress.ma\/fr\/#\/schema\/person\/4898febf3ccd59e6578d838656a306a0"},"breadcrumb":{"@id":"https:\/\/dpress.ma\/fr\/2025\/07\/11\/laref-casablanca-settat-sillustre-aux-championnats-nationaux-scolaires-dathletisme-et-des-eleves-en-situation-de-handicap\/#breadcrumb"},"inLanguage":"fr-FR","potentialAction":[{"@type":"ReadAction","target":["https:\/\/dpress.ma\/fr\/2025\/07\/11\/laref-casablanca-settat-sillustre-aux-championnats-nationaux-scolaires-dathletisme-et-des-eleves-en-situation-de-handicap\/"]}]},{"@type":"ImageObject","inLanguage":"fr-FR","@id":"https:\/\/dpress.ma\/fr\/2025\/07\/11\/laref-casablanca-settat-sillustre-aux-championnats-nationaux-scolaires-dathletisme-et-des-eleves-en-situation-de-handicap\/#primaryimage","url":"https:\/\/dpress.ma\/fr\/wp-content\/uploads\/sites\/2\/2025\/07\/iujhjoioijoij.jpg","contentUrl":"https:\/\/dpress.ma\/fr\/wp-content\/uploads\/sites\/2\/2025\/07\/iujhjoioijoij.jpg","width":2539,"height":1594},{"@type":"BreadcrumbList","@id":"https:\/\/dpress.ma\/fr\/2025\/07\/11\/laref-casablanca-settat-sillustre-aux-championnats-nationaux-scolaires-dathletisme-et-des-eleves-en-situation-de-handicap\/#breadcrumb","itemListElement":[{"@type":"ListItem","position":1,"name":"Home","item":"https:\/\/dpress.ma\/fr\/"},{"@type":"ListItem","position":2,"name":"L\u2019AREF Casablanca-Settat s\u2019illustre aux championnats nationaux scolaires d\u2019athl\u00e9tisme et des \u00e9l\u00e8ves en situation de handicap"}]},{"@type":"WebSite","@id":"https:\/\/dpress.ma\/fr\/#website","url":"https:\/\/dpress.ma\/fr\/","name":"Dpress.ma\/fr","description":"","potentialAction":[{"@type":"SearchAction","target":{"@type":"EntryPoint","urlTemplate":"https:\/\/dpress.ma\/fr\/?s={search_term_string}"},"query-input":{"@type":"PropertyValueSpecification","valueRequired":true,"valueName":"search_term_string"}}],"inLanguage":"fr-FR"},{"@type":"Person","@id":"https:\/\/dpress.ma\/fr\/#\/schema\/person\/4898febf3ccd59e6578d838656a306a0","name":"Dpress.ma","image":{"@type":"ImageObject","inLanguage":"fr-FR","@id":"https:\/\/secure.gravatar.com\/avatar\/72ecc30e9db047a2e0e7176561eb9d564ed77c8108376495b19bd8336405198a?s=96&d=mm&r=g","url":"https:\/\/secure.gravatar.com\/avatar\/72ecc30e9db047a2e0e7176561eb9d564ed77c8108376495b19bd8336405198a?s=96&d=mm&r=g","contentUrl":"https:\/\/secure.gravatar.com\/avatar\/72ecc30e9db047a2e0e7176561eb9d564ed77c8108376495b19bd8336405198a?s=96&d=mm&r=g","caption":"Dpress.ma"},"sameAs":["https:\/\/www.dpress.ma"],"url":"https:\/\/dpress.ma\/fr\/author\/dpress-ma\/"}]}},"amp_enabled":true,"_links":{"self":[{"href":"https:\/\/dpress.ma\/fr\/wp-json\/wp\/v2\/posts\/15473","targetHints":{"allow":["GET"]}}],"collection":[{"href":"https:\/\/dpress.ma\/fr\/wp-json\/wp\/v2\/posts"}],"about":[{"href":"https:\/\/dpress.ma\/fr\/wp-json\/wp\/v2\/types\/post"}],"author":[{"embeddable":true,"href":"https:\/\/dpress.ma\/fr\/wp-json\/wp\/v2\/users\/2"}],"replies":[{"embeddable":true,"href":"https:\/\/dpress.ma\/fr\/wp-json\/wp\/v2\/comments?post=15473"}],"version-history":[{"count":1,"href":"https:\/\/dpress.ma\/fr\/wp-json\/wp\/v2\/posts\/15473\/revisions"}],"predecessor-version":[{"id":15475,"href":"https:\/\/dpress.ma\/fr\/wp-json\/wp\/v2\/posts\/15473\/revisions\/15475"}],"wp:featuredmedia":[{"embeddable":true,"href":"https:\/\/dpress.ma\/fr\/wp-json\/wp\/v2\/media\/15474"}],"wp:attachment":[{"href":"https:\/\/dpress.ma\/fr\/wp-json\/wp\/v2\/media?parent=15473"}],"wp:term":[{"taxonomy":"category","embeddable":true,"href":"https:\/\/dpress.ma\/fr\/wp-json\/wp\/v2\/categories?post=15473"},{"taxonomy":"post_tag","embeddable":true,"href":"https:\/\/dpress.ma\/fr\/wp-json\/wp\/v2\/tags?post=15473"}],"curies":[{"name":"wp","href":"https:\/\/api.w.org\/{rel}","templated":true}]}}