{"id":15468,"date":"2025-07-11T13:26:53","date_gmt":"2025-07-11T13:26:53","guid":{"rendered":"https:\/\/dpress.ma\/fr\/?p=15468"},"modified":"2025-07-11T13:26:54","modified_gmt":"2025-07-11T13:26:54","slug":"semaine-du-cheval-2025-le-sergent-adam-jabri-remporte-le-championnat-du-maroc-seniors-amateurs","status":"publish","type":"post","link":"https:\/\/dpress.ma\/fr\/2025\/07\/11\/semaine-du-cheval-2025-le-sergent-adam-jabri-remporte-le-championnat-du-maroc-seniors-amateurs\/","title":{"rendered":"Semaine du cheval 2025: le sergent Adam Jabri remporte le championnat du Maroc seniors amateurs"},"content":{"rendered":"\n<p>Dpress<\/p>\n\n\n\n<p>Le sergent Adam&nbsp;Jabri, montant \u201cBurolieta\u201d, s\u2019est adjug\u00e9 jeudi&nbsp;le championnat du Maroc seniors amateurs,&nbsp;dans le cadre de la 40\u00e8me \u00e9dition de la Semaine du cheval, qui se poursuit jusqu\u2019au 13 juillet au Royal Complexe des Sports \u00e9questres et Tbourida Dar Es-Salam \u00e0 Rabat, sous le Haut patronage de SM le Roi Mohammed VI.<\/p>\n\n\n\n<p>Jabri a sign\u00e9 un chrono de 69 sec 80\/100\u00e8 et 2.05 points de p\u00e9nalit\u00e9 lors de la premi\u00e8re manche et 53.60 (0 pt) lors de la seconde manche de cette comp\u00e9tition qui a connu la participation de 20 cavaliers.<\/p>\n\n\n\n<p>La deuxi\u00e8me place est revenue au cavalier&nbsp;Hattani&nbsp;Aharchaou sur \u201cIzebelle\u201d avec un chrono de 69.60&nbsp;(2.26 pts)&nbsp;lors de la premi\u00e8re manche et 52sec 32\/100\u00e8 (0 pt) lors de la seconde.<\/p>\n\n\n\n<p>La cavali\u00e8re&nbsp;Houda&nbsp;El Filali, montant \u201cQuilvive de Cornu\u201d, a compl\u00e9t\u00e9 le podium de ce concours. Elle a sign\u00e9 un temps de 64.94 (3.75 pts) lors de la premi\u00e8re manche et 51.41 lors de la deuxi\u00e8me (0 pt).<\/p>\n\n\n\n<p>La 40\u00e8 \u00e9dition de la Semaine du Cheval met en comp\u00e9tition pr\u00e8s de 500 couples, cavaliers et chevaux, dans 20 cat\u00e9gories diff\u00e9rentes, qui se disputent le titre dans les \u00e9preuves de saut d\u2019obstacles et de dressage.<\/p>\n","protected":false},"excerpt":{"rendered":"<p>Dpress Le sergent Adam&nbsp;Jabri, montant \u201cBurolieta\u201d, s\u2019est adjug\u00e9 jeudi&nbsp;le championnat du Maroc seniors amateurs,&nbsp;dans le cadre de la 40\u00e8me \u00e9dition de la Semaine du cheval, qui se poursuit jusqu\u2019au 13 juillet au Royal Complexe des Sports \u00e9questres et Tbourida Dar Es-Salam \u00e0 Rabat, sous le Haut patronage de SM le Roi Mohammed VI. Jabri a &hellip;<\/p>\n","protected":false},"author":2,"featured_media":15469,"comment_status":"open","ping_status":"open","sticky":false,"template":"","format":"standard","meta":{"footnotes":""},"categories":[27],"tags":[],"class_list":["post-15468","post","type-post","status-publish","format-standard","has-post-thumbnail","hentry","category-sport"],"yoast_head":"<!-- This site is optimized with the Yoast SEO plugin v27.5 - https:\/\/yoast.com\/product\/yoast-seo-wordpress\/ -->\n<title>Semaine du cheval 2025: le sergent Adam Jabri remporte le championnat du Maroc seniors amateurs - Dpress.ma\/fr<\/title>\n<meta name=\"robots\" content=\"index, follow, max-snippet:-1, max-image-preview:large, max-video-preview:-1\" \/>\n<link rel=\"canonical\" href=\"https:\/\/dpress.ma\/fr\/2025\/07\/11\/semaine-du-cheval-2025-le-sergent-adam-jabri-remporte-le-championnat-du-maroc-seniors-amateurs\/\" \/>\n<meta property=\"og:locale\" content=\"fr_FR\" \/>\n<meta property=\"og:type\" content=\"article\" \/>\n<meta property=\"og:title\" content=\"Semaine du cheval 2025: le sergent Adam Jabri remporte le championnat du Maroc seniors amateurs - Dpress.ma\/fr\" \/>\n<meta property=\"og:description\" content=\"Dpress Le sergent Adam&nbsp;Jabri, montant \u201cBurolieta\u201d, s\u2019est adjug\u00e9 jeudi&nbsp;le championnat du Maroc seniors amateurs,&nbsp;dans le cadre de la 40\u00e8me \u00e9dition de la Semaine du cheval, qui se poursuit jusqu\u2019au 13 juillet au Royal Complexe des Sports \u00e9questres et Tbourida Dar Es-Salam \u00e0 Rabat, sous le Haut patronage de SM le Roi Mohammed VI. Jabri a &hellip;\" \/>\n<meta property=\"og:url\" content=\"https:\/\/dpress.ma\/fr\/2025\/07\/11\/semaine-du-cheval-2025-le-sergent-adam-jabri-remporte-le-championnat-du-maroc-seniors-amateurs\/\" \/>\n<meta property=\"og:site_name\" content=\"Dpress.ma\/fr\" \/>\n<meta property=\"article:published_time\" content=\"2025-07-11T13:26:53+00:00\" \/>\n<meta property=\"article:modified_time\" content=\"2025-07-11T13:26:54+00:00\" \/>\n<meta property=\"og:image\" content=\"https:\/\/dpress.ma\/fr\/wp-content\/uploads\/sites\/2\/2025\/07\/gtvfuygiu.jpg\" \/>\n\t<meta property=\"og:image:width\" content=\"2539\" \/>\n\t<meta property=\"og:image:height\" content=\"1594\" \/>\n\t<meta property=\"og:image:type\" content=\"image\/jpeg\" \/>\n<meta name=\"author\" content=\"Dpress.ma\" \/>\n<meta name=\"twitter:card\" content=\"summary_large_image\" \/>\n<meta name=\"twitter:label1\" content=\"\u00c9crit par\" \/>\n\t<meta name=\"twitter:data1\" content=\"Dpress.ma\" \/>\n\t<meta name=\"twitter:label2\" content=\"Dur\u00e9e de lecture estim\u00e9e\" \/>\n\t<meta name=\"twitter:data2\" content=\"2 minutes\" \/>\n<script type=\"application\/ld+json\" class=\"yoast-schema-graph\">{\"@context\":\"https:\\\/\\\/schema.org\",\"@graph\":[{\"@type\":\"Article\",\"@id\":\"https:\\\/\\\/dpress.ma\\\/fr\\\/2025\\\/07\\\/11\\\/semaine-du-cheval-2025-le-sergent-adam-jabri-remporte-le-championnat-du-maroc-seniors-amateurs\\\/#article\",\"isPartOf\":{\"@id\":\"https:\\\/\\\/dpress.ma\\\/fr\\\/2025\\\/07\\\/11\\\/semaine-du-cheval-2025-le-sergent-adam-jabri-remporte-le-championnat-du-maroc-seniors-amateurs\\\/\"},\"author\":{\"name\":\"Dpress.ma\",\"@id\":\"https:\\\/\\\/dpress.ma\\\/fr\\\/#\\\/schema\\\/person\\\/4898febf3ccd59e6578d838656a306a0\"},\"headline\":\"Semaine du cheval 2025: le sergent Adam Jabri remporte le championnat du Maroc seniors amateurs\",\"datePublished\":\"2025-07-11T13:26:53+00:00\",\"dateModified\":\"2025-07-11T13:26:54+00:00\",\"mainEntityOfPage\":{\"@id\":\"https:\\\/\\\/dpress.ma\\\/fr\\\/2025\\\/07\\\/11\\\/semaine-du-cheval-2025-le-sergent-adam-jabri-remporte-le-championnat-du-maroc-seniors-amateurs\\\/\"},\"wordCount\":221,\"commentCount\":0,\"image\":{\"@id\":\"https:\\\/\\\/dpress.ma\\\/fr\\\/2025\\\/07\\\/11\\\/semaine-du-cheval-2025-le-sergent-adam-jabri-remporte-le-championnat-du-maroc-seniors-amateurs\\\/#primaryimage\"},\"thumbnailUrl\":\"https:\\\/\\\/dpress.ma\\\/fr\\\/wp-content\\\/uploads\\\/sites\\\/2\\\/2025\\\/07\\\/gtvfuygiu.jpg\",\"articleSection\":[\"Sport\"],\"inLanguage\":\"fr-FR\",\"potentialAction\":[{\"@type\":\"CommentAction\",\"name\":\"Comment\",\"target\":[\"https:\\\/\\\/dpress.ma\\\/fr\\\/2025\\\/07\\\/11\\\/semaine-du-cheval-2025-le-sergent-adam-jabri-remporte-le-championnat-du-maroc-seniors-amateurs\\\/#respond\"]}]},{\"@type\":\"WebPage\",\"@id\":\"https:\\\/\\\/dpress.ma\\\/fr\\\/2025\\\/07\\\/11\\\/semaine-du-cheval-2025-le-sergent-adam-jabri-remporte-le-championnat-du-maroc-seniors-amateurs\\\/\",\"url\":\"https:\\\/\\\/dpress.ma\\\/fr\\\/2025\\\/07\\\/11\\\/semaine-du-cheval-2025-le-sergent-adam-jabri-remporte-le-championnat-du-maroc-seniors-amateurs\\\/\",\"name\":\"Semaine du cheval 2025: le sergent Adam Jabri remporte le championnat du Maroc seniors amateurs - Dpress.ma\\\/fr\",\"isPartOf\":{\"@id\":\"https:\\\/\\\/dpress.ma\\\/fr\\\/#website\"},\"primaryImageOfPage\":{\"@id\":\"https:\\\/\\\/dpress.ma\\\/fr\\\/2025\\\/07\\\/11\\\/semaine-du-cheval-2025-le-sergent-adam-jabri-remporte-le-championnat-du-maroc-seniors-amateurs\\\/#primaryimage\"},\"image\":{\"@id\":\"https:\\\/\\\/dpress.ma\\\/fr\\\/2025\\\/07\\\/11\\\/semaine-du-cheval-2025-le-sergent-adam-jabri-remporte-le-championnat-du-maroc-seniors-amateurs\\\/#primaryimage\"},\"thumbnailUrl\":\"https:\\\/\\\/dpress.ma\\\/fr\\\/wp-content\\\/uploads\\\/sites\\\/2\\\/2025\\\/07\\\/gtvfuygiu.jpg\",\"datePublished\":\"2025-07-11T13:26:53+00:00\",\"dateModified\":\"2025-07-11T13:26:54+00:00\",\"author\":{\"@id\":\"https:\\\/\\\/dpress.ma\\\/fr\\\/#\\\/schema\\\/person\\\/4898febf3ccd59e6578d838656a306a0\"},\"breadcrumb\":{\"@id\":\"https:\\\/\\\/dpress.ma\\\/fr\\\/2025\\\/07\\\/11\\\/semaine-du-cheval-2025-le-sergent-adam-jabri-remporte-le-championnat-du-maroc-seniors-amateurs\\\/#breadcrumb\"},\"inLanguage\":\"fr-FR\",\"potentialAction\":[{\"@type\":\"ReadAction\",\"target\":[\"https:\\\/\\\/dpress.ma\\\/fr\\\/2025\\\/07\\\/11\\\/semaine-du-cheval-2025-le-sergent-adam-jabri-remporte-le-championnat-du-maroc-seniors-amateurs\\\/\"]}]},{\"@type\":\"ImageObject\",\"inLanguage\":\"fr-FR\",\"@id\":\"https:\\\/\\\/dpress.ma\\\/fr\\\/2025\\\/07\\\/11\\\/semaine-du-cheval-2025-le-sergent-adam-jabri-remporte-le-championnat-du-maroc-seniors-amateurs\\\/#primaryimage\",\"url\":\"https:\\\/\\\/dpress.ma\\\/fr\\\/wp-content\\\/uploads\\\/sites\\\/2\\\/2025\\\/07\\\/gtvfuygiu.jpg\",\"contentUrl\":\"https:\\\/\\\/dpress.ma\\\/fr\\\/wp-content\\\/uploads\\\/sites\\\/2\\\/2025\\\/07\\\/gtvfuygiu.jpg\",\"width\":2539,\"height\":1594},{\"@type\":\"BreadcrumbList\",\"@id\":\"https:\\\/\\\/dpress.ma\\\/fr\\\/2025\\\/07\\\/11\\\/semaine-du-cheval-2025-le-sergent-adam-jabri-remporte-le-championnat-du-maroc-seniors-amateurs\\\/#breadcrumb\",\"itemListElement\":[{\"@type\":\"ListItem\",\"position\":1,\"name\":\"Home\",\"item\":\"https:\\\/\\\/dpress.ma\\\/fr\\\/\"},{\"@type\":\"ListItem\",\"position\":2,\"name\":\"Semaine du cheval 2025: le sergent Adam Jabri remporte le championnat du Maroc seniors amateurs\"}]},{\"@type\":\"WebSite\",\"@id\":\"https:\\\/\\\/dpress.ma\\\/fr\\\/#website\",\"url\":\"https:\\\/\\\/dpress.ma\\\/fr\\\/\",\"name\":\"Dpress.ma\\\/fr\",\"description\":\"\",\"potentialAction\":[{\"@type\":\"SearchAction\",\"target\":{\"@type\":\"EntryPoint\",\"urlTemplate\":\"https:\\\/\\\/dpress.ma\\\/fr\\\/?s={search_term_string}\"},\"query-input\":{\"@type\":\"PropertyValueSpecification\",\"valueRequired\":true,\"valueName\":\"search_term_string\"}}],\"inLanguage\":\"fr-FR\"},{\"@type\":\"Person\",\"@id\":\"https:\\\/\\\/dpress.ma\\\/fr\\\/#\\\/schema\\\/person\\\/4898febf3ccd59e6578d838656a306a0\",\"name\":\"Dpress.ma\",\"image\":{\"@type\":\"ImageObject\",\"inLanguage\":\"fr-FR\",\"@id\":\"https:\\\/\\\/secure.gravatar.com\\\/avatar\\\/72ecc30e9db047a2e0e7176561eb9d564ed77c8108376495b19bd8336405198a?s=96&d=mm&r=g\",\"url\":\"https:\\\/\\\/secure.gravatar.com\\\/avatar\\\/72ecc30e9db047a2e0e7176561eb9d564ed77c8108376495b19bd8336405198a?s=96&d=mm&r=g\",\"contentUrl\":\"https:\\\/\\\/secure.gravatar.com\\\/avatar\\\/72ecc30e9db047a2e0e7176561eb9d564ed77c8108376495b19bd8336405198a?s=96&d=mm&r=g\",\"caption\":\"Dpress.ma\"},\"sameAs\":[\"https:\\\/\\\/www.dpress.ma\"],\"url\":\"https:\\\/\\\/dpress.ma\\\/fr\\\/author\\\/dpress-ma\\\/\"}]}<\/script>\n<!-- \/ Yoast SEO plugin. -->","yoast_head_json":{"title":"Semaine du cheval 2025: le sergent Adam Jabri remporte le championnat du Maroc seniors amateurs - Dpress.ma\/fr","robots":{"index":"index","follow":"follow","max-snippet":"max-snippet:-1","max-image-preview":"max-image-preview:large","max-video-preview":"max-video-preview:-1"},"canonical":"https:\/\/dpress.ma\/fr\/2025\/07\/11\/semaine-du-cheval-2025-le-sergent-adam-jabri-remporte-le-championnat-du-maroc-seniors-amateurs\/","og_locale":"fr_FR","og_type":"article","og_title":"Semaine du cheval 2025: le sergent Adam Jabri remporte le championnat du Maroc seniors amateurs - Dpress.ma\/fr","og_description":"Dpress Le sergent Adam&nbsp;Jabri, montant \u201cBurolieta\u201d, s\u2019est adjug\u00e9 jeudi&nbsp;le championnat du Maroc seniors amateurs,&nbsp;dans le cadre de la 40\u00e8me \u00e9dition de la Semaine du cheval, qui se poursuit jusqu\u2019au 13 juillet au Royal Complexe des Sports \u00e9questres et Tbourida Dar Es-Salam \u00e0 Rabat, sous le Haut patronage de SM le Roi Mohammed VI. Jabri a &hellip;","og_url":"https:\/\/dpress.ma\/fr\/2025\/07\/11\/semaine-du-cheval-2025-le-sergent-adam-jabri-remporte-le-championnat-du-maroc-seniors-amateurs\/","og_site_name":"Dpress.ma\/fr","article_published_time":"2025-07-11T13:26:53+00:00","article_modified_time":"2025-07-11T13:26:54+00:00","og_image":[{"width":2539,"height":1594,"url":"https:\/\/dpress.ma\/fr\/wp-content\/uploads\/sites\/2\/2025\/07\/gtvfuygiu.jpg","type":"image\/jpeg"}],"author":"Dpress.ma","twitter_card":"summary_large_image","twitter_misc":{"\u00c9crit par":"Dpress.ma","Dur\u00e9e de lecture estim\u00e9e":"2 minutes"},"schema":{"@context":"https:\/\/schema.org","@graph":[{"@type":"Article","@id":"https:\/\/dpress.ma\/fr\/2025\/07\/11\/semaine-du-cheval-2025-le-sergent-adam-jabri-remporte-le-championnat-du-maroc-seniors-amateurs\/#article","isPartOf":{"@id":"https:\/\/dpress.ma\/fr\/2025\/07\/11\/semaine-du-cheval-2025-le-sergent-adam-jabri-remporte-le-championnat-du-maroc-seniors-amateurs\/"},"author":{"name":"Dpress.ma","@id":"https:\/\/dpress.ma\/fr\/#\/schema\/person\/4898febf3ccd59e6578d838656a306a0"},"headline":"Semaine du cheval 2025: le sergent Adam Jabri remporte le championnat du Maroc seniors amateurs","datePublished":"2025-07-11T13:26:53+00:00","dateModified":"2025-07-11T13:26:54+00:00","mainEntityOfPage":{"@id":"https:\/\/dpress.ma\/fr\/2025\/07\/11\/semaine-du-cheval-2025-le-sergent-adam-jabri-remporte-le-championnat-du-maroc-seniors-amateurs\/"},"wordCount":221,"commentCount":0,"image":{"@id":"https:\/\/dpress.ma\/fr\/2025\/07\/11\/semaine-du-cheval-2025-le-sergent-adam-jabri-remporte-le-championnat-du-maroc-seniors-amateurs\/#primaryimage"},"thumbnailUrl":"https:\/\/dpress.ma\/fr\/wp-content\/uploads\/sites\/2\/2025\/07\/gtvfuygiu.jpg","articleSection":["Sport"],"inLanguage":"fr-FR","potentialAction":[{"@type":"CommentAction","name":"Comment","target":["https:\/\/dpress.ma\/fr\/2025\/07\/11\/semaine-du-cheval-2025-le-sergent-adam-jabri-remporte-le-championnat-du-maroc-seniors-amateurs\/#respond"]}]},{"@type":"WebPage","@id":"https:\/\/dpress.ma\/fr\/2025\/07\/11\/semaine-du-cheval-2025-le-sergent-adam-jabri-remporte-le-championnat-du-maroc-seniors-amateurs\/","url":"https:\/\/dpress.ma\/fr\/2025\/07\/11\/semaine-du-cheval-2025-le-sergent-adam-jabri-remporte-le-championnat-du-maroc-seniors-amateurs\/","name":"Semaine du cheval 2025: le sergent Adam Jabri remporte le championnat du Maroc seniors amateurs - Dpress.ma\/fr","isPartOf":{"@id":"https:\/\/dpress.ma\/fr\/#website"},"primaryImageOfPage":{"@id":"https:\/\/dpress.ma\/fr\/2025\/07\/11\/semaine-du-cheval-2025-le-sergent-adam-jabri-remporte-le-championnat-du-maroc-seniors-amateurs\/#primaryimage"},"image":{"@id":"https:\/\/dpress.ma\/fr\/2025\/07\/11\/semaine-du-cheval-2025-le-sergent-adam-jabri-remporte-le-championnat-du-maroc-seniors-amateurs\/#primaryimage"},"thumbnailUrl":"https:\/\/dpress.ma\/fr\/wp-content\/uploads\/sites\/2\/2025\/07\/gtvfuygiu.jpg","datePublished":"2025-07-11T13:26:53+00:00","dateModified":"2025-07-11T13:26:54+00:00","author":{"@id":"https:\/\/dpress.ma\/fr\/#\/schema\/person\/4898febf3ccd59e6578d838656a306a0"},"breadcrumb":{"@id":"https:\/\/dpress.ma\/fr\/2025\/07\/11\/semaine-du-cheval-2025-le-sergent-adam-jabri-remporte-le-championnat-du-maroc-seniors-amateurs\/#breadcrumb"},"inLanguage":"fr-FR","potentialAction":[{"@type":"ReadAction","target":["https:\/\/dpress.ma\/fr\/2025\/07\/11\/semaine-du-cheval-2025-le-sergent-adam-jabri-remporte-le-championnat-du-maroc-seniors-amateurs\/"]}]},{"@type":"ImageObject","inLanguage":"fr-FR","@id":"https:\/\/dpress.ma\/fr\/2025\/07\/11\/semaine-du-cheval-2025-le-sergent-adam-jabri-remporte-le-championnat-du-maroc-seniors-amateurs\/#primaryimage","url":"https:\/\/dpress.ma\/fr\/wp-content\/uploads\/sites\/2\/2025\/07\/gtvfuygiu.jpg","contentUrl":"https:\/\/dpress.ma\/fr\/wp-content\/uploads\/sites\/2\/2025\/07\/gtvfuygiu.jpg","width":2539,"height":1594},{"@type":"BreadcrumbList","@id":"https:\/\/dpress.ma\/fr\/2025\/07\/11\/semaine-du-cheval-2025-le-sergent-adam-jabri-remporte-le-championnat-du-maroc-seniors-amateurs\/#breadcrumb","itemListElement":[{"@type":"ListItem","position":1,"name":"Home","item":"https:\/\/dpress.ma\/fr\/"},{"@type":"ListItem","position":2,"name":"Semaine du cheval 2025: le sergent Adam Jabri remporte le championnat du Maroc seniors amateurs"}]},{"@type":"WebSite","@id":"https:\/\/dpress.ma\/fr\/#website","url":"https:\/\/dpress.ma\/fr\/","name":"Dpress.ma\/fr","description":"","potentialAction":[{"@type":"SearchAction","target":{"@type":"EntryPoint","urlTemplate":"https:\/\/dpress.ma\/fr\/?s={search_term_string}"},"query-input":{"@type":"PropertyValueSpecification","valueRequired":true,"valueName":"search_term_string"}}],"inLanguage":"fr-FR"},{"@type":"Person","@id":"https:\/\/dpress.ma\/fr\/#\/schema\/person\/4898febf3ccd59e6578d838656a306a0","name":"Dpress.ma","image":{"@type":"ImageObject","inLanguage":"fr-FR","@id":"https:\/\/secure.gravatar.com\/avatar\/72ecc30e9db047a2e0e7176561eb9d564ed77c8108376495b19bd8336405198a?s=96&d=mm&r=g","url":"https:\/\/secure.gravatar.com\/avatar\/72ecc30e9db047a2e0e7176561eb9d564ed77c8108376495b19bd8336405198a?s=96&d=mm&r=g","contentUrl":"https:\/\/secure.gravatar.com\/avatar\/72ecc30e9db047a2e0e7176561eb9d564ed77c8108376495b19bd8336405198a?s=96&d=mm&r=g","caption":"Dpress.ma"},"sameAs":["https:\/\/www.dpress.ma"],"url":"https:\/\/dpress.ma\/fr\/author\/dpress-ma\/"}]}},"amp_enabled":true,"_links":{"self":[{"href":"https:\/\/dpress.ma\/fr\/wp-json\/wp\/v2\/posts\/15468","targetHints":{"allow":["GET"]}}],"collection":[{"href":"https:\/\/dpress.ma\/fr\/wp-json\/wp\/v2\/posts"}],"about":[{"href":"https:\/\/dpress.ma\/fr\/wp-json\/wp\/v2\/types\/post"}],"author":[{"embeddable":true,"href":"https:\/\/dpress.ma\/fr\/wp-json\/wp\/v2\/users\/2"}],"replies":[{"embeddable":true,"href":"https:\/\/dpress.ma\/fr\/wp-json\/wp\/v2\/comments?post=15468"}],"version-history":[{"count":1,"href":"https:\/\/dpress.ma\/fr\/wp-json\/wp\/v2\/posts\/15468\/revisions"}],"predecessor-version":[{"id":15470,"href":"https:\/\/dpress.ma\/fr\/wp-json\/wp\/v2\/posts\/15468\/revisions\/15470"}],"wp:featuredmedia":[{"embeddable":true,"href":"https:\/\/dpress.ma\/fr\/wp-json\/wp\/v2\/media\/15469"}],"wp:attachment":[{"href":"https:\/\/dpress.ma\/fr\/wp-json\/wp\/v2\/media?parent=15468"}],"wp:term":[{"taxonomy":"category","embeddable":true,"href":"https:\/\/dpress.ma\/fr\/wp-json\/wp\/v2\/categories?post=15468"},{"taxonomy":"post_tag","embeddable":true,"href":"https:\/\/dpress.ma\/fr\/wp-json\/wp\/v2\/tags?post=15468"}],"curies":[{"name":"wp","href":"https:\/\/api.w.org\/{rel}","templated":true}]}}