{"id":15465,"date":"2025-07-11T10:17:06","date_gmt":"2025-07-11T10:17:06","guid":{"rendered":"https:\/\/dpress.ma\/fr\/?p=15465"},"modified":"2025-07-11T10:17:07","modified_gmt":"2025-07-11T10:17:07","slug":"casablanca-m-sekkouri-plaide-pour-une-reforme-du-code-du-travail-adaptee-aux-mutations-economiques-et-societales","status":"publish","type":"post","link":"https:\/\/dpress.ma\/fr\/2025\/07\/11\/casablanca-m-sekkouri-plaide-pour-une-reforme-du-code-du-travail-adaptee-aux-mutations-economiques-et-societales\/","title":{"rendered":"Casablanca : M. Sekkouri plaide pour une r\u00e9forme du Code du travail adapt\u00e9e aux mutations \u00e9conomiques et soci\u00e9tales"},"content":{"rendered":"\n<p>Dpress<\/p>\n\n\n\n<p>Le ministre de l\u2019Inclusion \u00e9conomique, de la Petite entreprise, de l\u2019Emploi et des Comp\u00e9tences, Younes Sekkouri, a plaid\u00e9, jeudi \u00e0 Casablanca, pour une r\u00e9forme du Code du travail adapt\u00e9e aux mutations de la soci\u00e9t\u00e9, aux transformations de l\u2019\u00e9conomie et aux attentes des nouvelles g\u00e9n\u00e9rations.<\/p>\n\n\n\n<p>Intervenant lors d\u2019une conf\u00e9rence-d\u00e9bat organis\u00e9e par le m\u00e9dia M\u00e9dias24, le ministre a mis en avant trois dimensions fondamentales pour comprendre les enjeux de cette r\u00e9forme : la dimension soci\u00e9tale, l\u2019\u00e9volution des formes d\u2019emploi et les imp\u00e9ratifs \u00e9conomiques.<\/p>\n\n\n\n<p>Inscrite au dernier round du dialogue social, la r\u00e9forme du Code du travail ne vise pas uniquement \u00e0 stimuler la cr\u00e9ation d\u2019emplois, mais entend aussi consolider les fondements d\u2019une soci\u00e9t\u00e9 \u00e9quilibr\u00e9e, a-t-il poursuivi.<\/p>\n\n\n\n<p>Le ministre a soulign\u00e9 que les formes d\u2019emploi \u00e9voluent rapidement avec l\u2019essor du t\u00e9l\u00e9travail, du travail \u00e0 temps partiel et des plateformes num\u00e9riques, relevant que ces nouvelles r\u00e9alit\u00e9s, port\u00e9es par les g\u00e9n\u00e9rations Z et Alpha, appellent \u00e0 une adaptation du cadre juridique, qui doit permettre \u00e0 chacun de choisir son propre \u00e9quilibre entre vie professionnelle et personnelle.<\/p>\n\n\n\n<p>Sur le plan \u00e9conomique, le ministre a mis l\u2019accent sur l\u2019importance d\u2019un droit du travail qui favorise la comp\u00e9titivit\u00e9 de l\u2019entreprise nationale, \u00e0 travers une flexibilit\u00e9 encadr\u00e9e, notamment pour les secteurs \u00e0 forte saisonnalit\u00e9, tout en garantissant les droits fondamentaux des travailleurs.<\/p>\n\n\n\n<p>M. Sekkouri a \u00e9galement insist\u00e9 sur la n\u00e9cessit\u00e9 de renforcer les m\u00e9canismes de contr\u00f4le et de sanction pour garantir le respect effectif du droit du travail.<\/p>\n\n\n\n<p>Il a appel\u00e9 \u00e0 b\u00e2tir un droit du travail fond\u00e9 sur la dignit\u00e9, l\u2019\u00e9quilibre et la responsabilit\u00e9, soulignant que cette r\u00e9forme doit \u00eatre port\u00e9e par l\u2019ensemble de la soci\u00e9t\u00e9.<\/p>\n\n\n\n<p>Cette rencontre, marqu\u00e9e par la participation d\u2019acteurs du monde du travail, notamment des responsables syndicaux, des repr\u00e9sentants du patronat ainsi que des membres d\u2019organisations professionnelles, s\u2019est voulue un espace de d\u00e9bat ouvert et pluraliste autour des perspectives de r\u00e9vision de la l\u00e9gislation du travail.<\/p>\n\n\n\n<p>Les repr\u00e9sentants syndicaux pr\u00e9sents ont exprim\u00e9 leur attachement \u00e0 une r\u00e9forme fond\u00e9e sur une vision globale de justice sociale, int\u00e9grant les transformations num\u00e9riques et les attentes citoyennes, tandis que le patronat a plaid\u00e9 pour une approche progressive, cibl\u00e9e et ax\u00e9e sur les urgences, insistant sur l\u2019importance d\u2019adapter le Code aux nouvelles formes de travail et \u00e0 la promotion de l\u2019investissement et de l\u2019emploi formel.<\/p>\n","protected":false},"excerpt":{"rendered":"<p>Dpress Le ministre de l\u2019Inclusion \u00e9conomique, de la Petite entreprise, de l\u2019Emploi et des Comp\u00e9tences, Younes Sekkouri, a plaid\u00e9, jeudi \u00e0 Casablanca, pour une r\u00e9forme du Code du travail adapt\u00e9e aux mutations de la soci\u00e9t\u00e9, aux transformations de l\u2019\u00e9conomie et aux attentes des nouvelles g\u00e9n\u00e9rations. Intervenant lors d\u2019une conf\u00e9rence-d\u00e9bat organis\u00e9e par le m\u00e9dia M\u00e9dias24, le &hellip;<\/p>\n","protected":false},"author":2,"featured_media":15466,"comment_status":"open","ping_status":"open","sticky":false,"template":"","format":"standard","meta":{"footnotes":""},"categories":[40],"tags":[],"class_list":["post-15465","post","type-post","status-publish","format-standard","has-post-thumbnail","hentry","category-societe-et-regions"],"yoast_head":"<!-- This site is optimized with the Yoast SEO plugin v27.5 - https:\/\/yoast.com\/product\/yoast-seo-wordpress\/ -->\n<title>Casablanca : M. Sekkouri plaide pour une r\u00e9forme du Code du travail adapt\u00e9e aux mutations \u00e9conomiques et soci\u00e9tales - Dpress.ma\/fr<\/title>\n<meta name=\"robots\" content=\"index, follow, max-snippet:-1, max-image-preview:large, max-video-preview:-1\" \/>\n<link rel=\"canonical\" href=\"https:\/\/dpress.ma\/fr\/2025\/07\/11\/casablanca-m-sekkouri-plaide-pour-une-reforme-du-code-du-travail-adaptee-aux-mutations-economiques-et-societales\/\" \/>\n<meta property=\"og:locale\" content=\"fr_FR\" \/>\n<meta property=\"og:type\" content=\"article\" \/>\n<meta property=\"og:title\" content=\"Casablanca : M. Sekkouri plaide pour une r\u00e9forme du Code du travail adapt\u00e9e aux mutations \u00e9conomiques et soci\u00e9tales - Dpress.ma\/fr\" \/>\n<meta property=\"og:description\" content=\"Dpress Le ministre de l\u2019Inclusion \u00e9conomique, de la Petite entreprise, de l\u2019Emploi et des Comp\u00e9tences, Younes Sekkouri, a plaid\u00e9, jeudi \u00e0 Casablanca, pour une r\u00e9forme du Code du travail adapt\u00e9e aux mutations de la soci\u00e9t\u00e9, aux transformations de l\u2019\u00e9conomie et aux attentes des nouvelles g\u00e9n\u00e9rations. Intervenant lors d\u2019une conf\u00e9rence-d\u00e9bat organis\u00e9e par le m\u00e9dia M\u00e9dias24, le &hellip;\" \/>\n<meta property=\"og:url\" content=\"https:\/\/dpress.ma\/fr\/2025\/07\/11\/casablanca-m-sekkouri-plaide-pour-une-reforme-du-code-du-travail-adaptee-aux-mutations-economiques-et-societales\/\" \/>\n<meta property=\"og:site_name\" content=\"Dpress.ma\/fr\" \/>\n<meta property=\"article:published_time\" content=\"2025-07-11T10:17:06+00:00\" \/>\n<meta property=\"article:modified_time\" content=\"2025-07-11T10:17:07+00:00\" \/>\n<meta property=\"og:image\" content=\"https:\/\/dpress.ma\/fr\/wp-content\/uploads\/sites\/2\/2025\/07\/hvjgjh.jpg\" \/>\n\t<meta property=\"og:image:width\" content=\"2539\" \/>\n\t<meta property=\"og:image:height\" content=\"1594\" \/>\n\t<meta property=\"og:image:type\" content=\"image\/jpeg\" \/>\n<meta name=\"author\" content=\"Dpress.ma\" \/>\n<meta name=\"twitter:card\" content=\"summary_large_image\" \/>\n<meta name=\"twitter:label1\" content=\"\u00c9crit par\" \/>\n\t<meta name=\"twitter:data1\" content=\"Dpress.ma\" \/>\n\t<meta name=\"twitter:label2\" content=\"Dur\u00e9e de lecture estim\u00e9e\" \/>\n\t<meta name=\"twitter:data2\" content=\"3 minutes\" \/>\n<script type=\"application\/ld+json\" class=\"yoast-schema-graph\">{\"@context\":\"https:\\\/\\\/schema.org\",\"@graph\":[{\"@type\":\"Article\",\"@id\":\"https:\\\/\\\/dpress.ma\\\/fr\\\/2025\\\/07\\\/11\\\/casablanca-m-sekkouri-plaide-pour-une-reforme-du-code-du-travail-adaptee-aux-mutations-economiques-et-societales\\\/#article\",\"isPartOf\":{\"@id\":\"https:\\\/\\\/dpress.ma\\\/fr\\\/2025\\\/07\\\/11\\\/casablanca-m-sekkouri-plaide-pour-une-reforme-du-code-du-travail-adaptee-aux-mutations-economiques-et-societales\\\/\"},\"author\":{\"name\":\"Dpress.ma\",\"@id\":\"https:\\\/\\\/dpress.ma\\\/fr\\\/#\\\/schema\\\/person\\\/4898febf3ccd59e6578d838656a306a0\"},\"headline\":\"Casablanca : M. Sekkouri plaide pour une r\u00e9forme du Code du travail adapt\u00e9e aux mutations \u00e9conomiques et soci\u00e9tales\",\"datePublished\":\"2025-07-11T10:17:06+00:00\",\"dateModified\":\"2025-07-11T10:17:07+00:00\",\"mainEntityOfPage\":{\"@id\":\"https:\\\/\\\/dpress.ma\\\/fr\\\/2025\\\/07\\\/11\\\/casablanca-m-sekkouri-plaide-pour-une-reforme-du-code-du-travail-adaptee-aux-mutations-economiques-et-societales\\\/\"},\"wordCount\":457,\"commentCount\":0,\"image\":{\"@id\":\"https:\\\/\\\/dpress.ma\\\/fr\\\/2025\\\/07\\\/11\\\/casablanca-m-sekkouri-plaide-pour-une-reforme-du-code-du-travail-adaptee-aux-mutations-economiques-et-societales\\\/#primaryimage\"},\"thumbnailUrl\":\"https:\\\/\\\/dpress.ma\\\/fr\\\/wp-content\\\/uploads\\\/sites\\\/2\\\/2025\\\/07\\\/hvjgjh.jpg\",\"articleSection\":[\"societe et regions\"],\"inLanguage\":\"fr-FR\",\"potentialAction\":[{\"@type\":\"CommentAction\",\"name\":\"Comment\",\"target\":[\"https:\\\/\\\/dpress.ma\\\/fr\\\/2025\\\/07\\\/11\\\/casablanca-m-sekkouri-plaide-pour-une-reforme-du-code-du-travail-adaptee-aux-mutations-economiques-et-societales\\\/#respond\"]}]},{\"@type\":\"WebPage\",\"@id\":\"https:\\\/\\\/dpress.ma\\\/fr\\\/2025\\\/07\\\/11\\\/casablanca-m-sekkouri-plaide-pour-une-reforme-du-code-du-travail-adaptee-aux-mutations-economiques-et-societales\\\/\",\"url\":\"https:\\\/\\\/dpress.ma\\\/fr\\\/2025\\\/07\\\/11\\\/casablanca-m-sekkouri-plaide-pour-une-reforme-du-code-du-travail-adaptee-aux-mutations-economiques-et-societales\\\/\",\"name\":\"Casablanca : M. Sekkouri plaide pour une r\u00e9forme du Code du travail adapt\u00e9e aux mutations \u00e9conomiques et soci\u00e9tales - Dpress.ma\\\/fr\",\"isPartOf\":{\"@id\":\"https:\\\/\\\/dpress.ma\\\/fr\\\/#website\"},\"primaryImageOfPage\":{\"@id\":\"https:\\\/\\\/dpress.ma\\\/fr\\\/2025\\\/07\\\/11\\\/casablanca-m-sekkouri-plaide-pour-une-reforme-du-code-du-travail-adaptee-aux-mutations-economiques-et-societales\\\/#primaryimage\"},\"image\":{\"@id\":\"https:\\\/\\\/dpress.ma\\\/fr\\\/2025\\\/07\\\/11\\\/casablanca-m-sekkouri-plaide-pour-une-reforme-du-code-du-travail-adaptee-aux-mutations-economiques-et-societales\\\/#primaryimage\"},\"thumbnailUrl\":\"https:\\\/\\\/dpress.ma\\\/fr\\\/wp-content\\\/uploads\\\/sites\\\/2\\\/2025\\\/07\\\/hvjgjh.jpg\",\"datePublished\":\"2025-07-11T10:17:06+00:00\",\"dateModified\":\"2025-07-11T10:17:07+00:00\",\"author\":{\"@id\":\"https:\\\/\\\/dpress.ma\\\/fr\\\/#\\\/schema\\\/person\\\/4898febf3ccd59e6578d838656a306a0\"},\"breadcrumb\":{\"@id\":\"https:\\\/\\\/dpress.ma\\\/fr\\\/2025\\\/07\\\/11\\\/casablanca-m-sekkouri-plaide-pour-une-reforme-du-code-du-travail-adaptee-aux-mutations-economiques-et-societales\\\/#breadcrumb\"},\"inLanguage\":\"fr-FR\",\"potentialAction\":[{\"@type\":\"ReadAction\",\"target\":[\"https:\\\/\\\/dpress.ma\\\/fr\\\/2025\\\/07\\\/11\\\/casablanca-m-sekkouri-plaide-pour-une-reforme-du-code-du-travail-adaptee-aux-mutations-economiques-et-societales\\\/\"]}]},{\"@type\":\"ImageObject\",\"inLanguage\":\"fr-FR\",\"@id\":\"https:\\\/\\\/dpress.ma\\\/fr\\\/2025\\\/07\\\/11\\\/casablanca-m-sekkouri-plaide-pour-une-reforme-du-code-du-travail-adaptee-aux-mutations-economiques-et-societales\\\/#primaryimage\",\"url\":\"https:\\\/\\\/dpress.ma\\\/fr\\\/wp-content\\\/uploads\\\/sites\\\/2\\\/2025\\\/07\\\/hvjgjh.jpg\",\"contentUrl\":\"https:\\\/\\\/dpress.ma\\\/fr\\\/wp-content\\\/uploads\\\/sites\\\/2\\\/2025\\\/07\\\/hvjgjh.jpg\",\"width\":2539,\"height\":1594},{\"@type\":\"BreadcrumbList\",\"@id\":\"https:\\\/\\\/dpress.ma\\\/fr\\\/2025\\\/07\\\/11\\\/casablanca-m-sekkouri-plaide-pour-une-reforme-du-code-du-travail-adaptee-aux-mutations-economiques-et-societales\\\/#breadcrumb\",\"itemListElement\":[{\"@type\":\"ListItem\",\"position\":1,\"name\":\"Home\",\"item\":\"https:\\\/\\\/dpress.ma\\\/fr\\\/\"},{\"@type\":\"ListItem\",\"position\":2,\"name\":\"Casablanca : M. Sekkouri plaide pour une r\u00e9forme du Code du travail adapt\u00e9e aux mutations \u00e9conomiques et soci\u00e9tales\"}]},{\"@type\":\"WebSite\",\"@id\":\"https:\\\/\\\/dpress.ma\\\/fr\\\/#website\",\"url\":\"https:\\\/\\\/dpress.ma\\\/fr\\\/\",\"name\":\"Dpress.ma\\\/fr\",\"description\":\"\",\"potentialAction\":[{\"@type\":\"SearchAction\",\"target\":{\"@type\":\"EntryPoint\",\"urlTemplate\":\"https:\\\/\\\/dpress.ma\\\/fr\\\/?s={search_term_string}\"},\"query-input\":{\"@type\":\"PropertyValueSpecification\",\"valueRequired\":true,\"valueName\":\"search_term_string\"}}],\"inLanguage\":\"fr-FR\"},{\"@type\":\"Person\",\"@id\":\"https:\\\/\\\/dpress.ma\\\/fr\\\/#\\\/schema\\\/person\\\/4898febf3ccd59e6578d838656a306a0\",\"name\":\"Dpress.ma\",\"image\":{\"@type\":\"ImageObject\",\"inLanguage\":\"fr-FR\",\"@id\":\"https:\\\/\\\/secure.gravatar.com\\\/avatar\\\/72ecc30e9db047a2e0e7176561eb9d564ed77c8108376495b19bd8336405198a?s=96&d=mm&r=g\",\"url\":\"https:\\\/\\\/secure.gravatar.com\\\/avatar\\\/72ecc30e9db047a2e0e7176561eb9d564ed77c8108376495b19bd8336405198a?s=96&d=mm&r=g\",\"contentUrl\":\"https:\\\/\\\/secure.gravatar.com\\\/avatar\\\/72ecc30e9db047a2e0e7176561eb9d564ed77c8108376495b19bd8336405198a?s=96&d=mm&r=g\",\"caption\":\"Dpress.ma\"},\"sameAs\":[\"https:\\\/\\\/www.dpress.ma\"],\"url\":\"https:\\\/\\\/dpress.ma\\\/fr\\\/author\\\/dpress-ma\\\/\"}]}<\/script>\n<!-- \/ Yoast SEO plugin. -->","yoast_head_json":{"title":"Casablanca : M. Sekkouri plaide pour une r\u00e9forme du Code du travail adapt\u00e9e aux mutations \u00e9conomiques et soci\u00e9tales - Dpress.ma\/fr","robots":{"index":"index","follow":"follow","max-snippet":"max-snippet:-1","max-image-preview":"max-image-preview:large","max-video-preview":"max-video-preview:-1"},"canonical":"https:\/\/dpress.ma\/fr\/2025\/07\/11\/casablanca-m-sekkouri-plaide-pour-une-reforme-du-code-du-travail-adaptee-aux-mutations-economiques-et-societales\/","og_locale":"fr_FR","og_type":"article","og_title":"Casablanca : M. Sekkouri plaide pour une r\u00e9forme du Code du travail adapt\u00e9e aux mutations \u00e9conomiques et soci\u00e9tales - Dpress.ma\/fr","og_description":"Dpress Le ministre de l\u2019Inclusion \u00e9conomique, de la Petite entreprise, de l\u2019Emploi et des Comp\u00e9tences, Younes Sekkouri, a plaid\u00e9, jeudi \u00e0 Casablanca, pour une r\u00e9forme du Code du travail adapt\u00e9e aux mutations de la soci\u00e9t\u00e9, aux transformations de l\u2019\u00e9conomie et aux attentes des nouvelles g\u00e9n\u00e9rations. Intervenant lors d\u2019une conf\u00e9rence-d\u00e9bat organis\u00e9e par le m\u00e9dia M\u00e9dias24, le &hellip;","og_url":"https:\/\/dpress.ma\/fr\/2025\/07\/11\/casablanca-m-sekkouri-plaide-pour-une-reforme-du-code-du-travail-adaptee-aux-mutations-economiques-et-societales\/","og_site_name":"Dpress.ma\/fr","article_published_time":"2025-07-11T10:17:06+00:00","article_modified_time":"2025-07-11T10:17:07+00:00","og_image":[{"width":2539,"height":1594,"url":"https:\/\/dpress.ma\/fr\/wp-content\/uploads\/sites\/2\/2025\/07\/hvjgjh.jpg","type":"image\/jpeg"}],"author":"Dpress.ma","twitter_card":"summary_large_image","twitter_misc":{"\u00c9crit par":"Dpress.ma","Dur\u00e9e de lecture estim\u00e9e":"3 minutes"},"schema":{"@context":"https:\/\/schema.org","@graph":[{"@type":"Article","@id":"https:\/\/dpress.ma\/fr\/2025\/07\/11\/casablanca-m-sekkouri-plaide-pour-une-reforme-du-code-du-travail-adaptee-aux-mutations-economiques-et-societales\/#article","isPartOf":{"@id":"https:\/\/dpress.ma\/fr\/2025\/07\/11\/casablanca-m-sekkouri-plaide-pour-une-reforme-du-code-du-travail-adaptee-aux-mutations-economiques-et-societales\/"},"author":{"name":"Dpress.ma","@id":"https:\/\/dpress.ma\/fr\/#\/schema\/person\/4898febf3ccd59e6578d838656a306a0"},"headline":"Casablanca : M. Sekkouri plaide pour une r\u00e9forme du Code du travail adapt\u00e9e aux mutations \u00e9conomiques et soci\u00e9tales","datePublished":"2025-07-11T10:17:06+00:00","dateModified":"2025-07-11T10:17:07+00:00","mainEntityOfPage":{"@id":"https:\/\/dpress.ma\/fr\/2025\/07\/11\/casablanca-m-sekkouri-plaide-pour-une-reforme-du-code-du-travail-adaptee-aux-mutations-economiques-et-societales\/"},"wordCount":457,"commentCount":0,"image":{"@id":"https:\/\/dpress.ma\/fr\/2025\/07\/11\/casablanca-m-sekkouri-plaide-pour-une-reforme-du-code-du-travail-adaptee-aux-mutations-economiques-et-societales\/#primaryimage"},"thumbnailUrl":"https:\/\/dpress.ma\/fr\/wp-content\/uploads\/sites\/2\/2025\/07\/hvjgjh.jpg","articleSection":["societe et regions"],"inLanguage":"fr-FR","potentialAction":[{"@type":"CommentAction","name":"Comment","target":["https:\/\/dpress.ma\/fr\/2025\/07\/11\/casablanca-m-sekkouri-plaide-pour-une-reforme-du-code-du-travail-adaptee-aux-mutations-economiques-et-societales\/#respond"]}]},{"@type":"WebPage","@id":"https:\/\/dpress.ma\/fr\/2025\/07\/11\/casablanca-m-sekkouri-plaide-pour-une-reforme-du-code-du-travail-adaptee-aux-mutations-economiques-et-societales\/","url":"https:\/\/dpress.ma\/fr\/2025\/07\/11\/casablanca-m-sekkouri-plaide-pour-une-reforme-du-code-du-travail-adaptee-aux-mutations-economiques-et-societales\/","name":"Casablanca : M. Sekkouri plaide pour une r\u00e9forme du Code du travail adapt\u00e9e aux mutations \u00e9conomiques et soci\u00e9tales - Dpress.ma\/fr","isPartOf":{"@id":"https:\/\/dpress.ma\/fr\/#website"},"primaryImageOfPage":{"@id":"https:\/\/dpress.ma\/fr\/2025\/07\/11\/casablanca-m-sekkouri-plaide-pour-une-reforme-du-code-du-travail-adaptee-aux-mutations-economiques-et-societales\/#primaryimage"},"image":{"@id":"https:\/\/dpress.ma\/fr\/2025\/07\/11\/casablanca-m-sekkouri-plaide-pour-une-reforme-du-code-du-travail-adaptee-aux-mutations-economiques-et-societales\/#primaryimage"},"thumbnailUrl":"https:\/\/dpress.ma\/fr\/wp-content\/uploads\/sites\/2\/2025\/07\/hvjgjh.jpg","datePublished":"2025-07-11T10:17:06+00:00","dateModified":"2025-07-11T10:17:07+00:00","author":{"@id":"https:\/\/dpress.ma\/fr\/#\/schema\/person\/4898febf3ccd59e6578d838656a306a0"},"breadcrumb":{"@id":"https:\/\/dpress.ma\/fr\/2025\/07\/11\/casablanca-m-sekkouri-plaide-pour-une-reforme-du-code-du-travail-adaptee-aux-mutations-economiques-et-societales\/#breadcrumb"},"inLanguage":"fr-FR","potentialAction":[{"@type":"ReadAction","target":["https:\/\/dpress.ma\/fr\/2025\/07\/11\/casablanca-m-sekkouri-plaide-pour-une-reforme-du-code-du-travail-adaptee-aux-mutations-economiques-et-societales\/"]}]},{"@type":"ImageObject","inLanguage":"fr-FR","@id":"https:\/\/dpress.ma\/fr\/2025\/07\/11\/casablanca-m-sekkouri-plaide-pour-une-reforme-du-code-du-travail-adaptee-aux-mutations-economiques-et-societales\/#primaryimage","url":"https:\/\/dpress.ma\/fr\/wp-content\/uploads\/sites\/2\/2025\/07\/hvjgjh.jpg","contentUrl":"https:\/\/dpress.ma\/fr\/wp-content\/uploads\/sites\/2\/2025\/07\/hvjgjh.jpg","width":2539,"height":1594},{"@type":"BreadcrumbList","@id":"https:\/\/dpress.ma\/fr\/2025\/07\/11\/casablanca-m-sekkouri-plaide-pour-une-reforme-du-code-du-travail-adaptee-aux-mutations-economiques-et-societales\/#breadcrumb","itemListElement":[{"@type":"ListItem","position":1,"name":"Home","item":"https:\/\/dpress.ma\/fr\/"},{"@type":"ListItem","position":2,"name":"Casablanca : M. Sekkouri plaide pour une r\u00e9forme du Code du travail adapt\u00e9e aux mutations \u00e9conomiques et soci\u00e9tales"}]},{"@type":"WebSite","@id":"https:\/\/dpress.ma\/fr\/#website","url":"https:\/\/dpress.ma\/fr\/","name":"Dpress.ma\/fr","description":"","potentialAction":[{"@type":"SearchAction","target":{"@type":"EntryPoint","urlTemplate":"https:\/\/dpress.ma\/fr\/?s={search_term_string}"},"query-input":{"@type":"PropertyValueSpecification","valueRequired":true,"valueName":"search_term_string"}}],"inLanguage":"fr-FR"},{"@type":"Person","@id":"https:\/\/dpress.ma\/fr\/#\/schema\/person\/4898febf3ccd59e6578d838656a306a0","name":"Dpress.ma","image":{"@type":"ImageObject","inLanguage":"fr-FR","@id":"https:\/\/secure.gravatar.com\/avatar\/72ecc30e9db047a2e0e7176561eb9d564ed77c8108376495b19bd8336405198a?s=96&d=mm&r=g","url":"https:\/\/secure.gravatar.com\/avatar\/72ecc30e9db047a2e0e7176561eb9d564ed77c8108376495b19bd8336405198a?s=96&d=mm&r=g","contentUrl":"https:\/\/secure.gravatar.com\/avatar\/72ecc30e9db047a2e0e7176561eb9d564ed77c8108376495b19bd8336405198a?s=96&d=mm&r=g","caption":"Dpress.ma"},"sameAs":["https:\/\/www.dpress.ma"],"url":"https:\/\/dpress.ma\/fr\/author\/dpress-ma\/"}]}},"amp_enabled":true,"_links":{"self":[{"href":"https:\/\/dpress.ma\/fr\/wp-json\/wp\/v2\/posts\/15465","targetHints":{"allow":["GET"]}}],"collection":[{"href":"https:\/\/dpress.ma\/fr\/wp-json\/wp\/v2\/posts"}],"about":[{"href":"https:\/\/dpress.ma\/fr\/wp-json\/wp\/v2\/types\/post"}],"author":[{"embeddable":true,"href":"https:\/\/dpress.ma\/fr\/wp-json\/wp\/v2\/users\/2"}],"replies":[{"embeddable":true,"href":"https:\/\/dpress.ma\/fr\/wp-json\/wp\/v2\/comments?post=15465"}],"version-history":[{"count":1,"href":"https:\/\/dpress.ma\/fr\/wp-json\/wp\/v2\/posts\/15465\/revisions"}],"predecessor-version":[{"id":15467,"href":"https:\/\/dpress.ma\/fr\/wp-json\/wp\/v2\/posts\/15465\/revisions\/15467"}],"wp:featuredmedia":[{"embeddable":true,"href":"https:\/\/dpress.ma\/fr\/wp-json\/wp\/v2\/media\/15466"}],"wp:attachment":[{"href":"https:\/\/dpress.ma\/fr\/wp-json\/wp\/v2\/media?parent=15465"}],"wp:term":[{"taxonomy":"category","embeddable":true,"href":"https:\/\/dpress.ma\/fr\/wp-json\/wp\/v2\/categories?post=15465"},{"taxonomy":"post_tag","embeddable":true,"href":"https:\/\/dpress.ma\/fr\/wp-json\/wp\/v2\/tags?post=15465"}],"curies":[{"name":"wp","href":"https:\/\/api.w.org\/{rel}","templated":true}]}}