{"id":15459,"date":"2025-07-11T10:06:39","date_gmt":"2025-07-11T10:06:39","guid":{"rendered":"https:\/\/dpress.ma\/fr\/?p=15459"},"modified":"2025-07-11T10:06:40","modified_gmt":"2025-07-11T10:06:40","slug":"dakhla-des-associations-africaines-sinspirent-du-modele-marocain-en-matiere-deducation-inclusive","status":"publish","type":"post","link":"https:\/\/dpress.ma\/fr\/2025\/07\/11\/dakhla-des-associations-africaines-sinspirent-du-modele-marocain-en-matiere-deducation-inclusive\/","title":{"rendered":"Dakhla: Des associations africaines s\u2019inspirent du mod\u00e8le marocain en mati\u00e8re d\u2019\u00e9ducation inclusive"},"content":{"rendered":"\n<p>Dpress<\/p>\n\n\n\n<p>Des repr\u00e9sentants d\u2019associations africaines actives dans le domaine du handicap ont effectu\u00e9, jeudi, une visite \u00e0 Dakhla pour s\u2019inspirer de l\u2019exp\u00e9rience marocaine en mati\u00e8re d\u2019\u00e9ducation inclusive.<\/p>\n\n\n\n<p>Cette visite s\u2019inscrit dans le cadre du programme de renforcement des capacit\u00e9s destin\u00e9 aux \u00e9ducateurs sp\u00e9cialis\u00e9s dans le domaine du handicap, men\u00e9 par l\u2019Agence marocaine de coop\u00e9ration internationale (AMCI), en partenariat avec l\u2019Association Al Manar.<\/p>\n\n\n\n<p>S\u2019exprimant \u00e0 cette occasion, le Secr\u00e9taire g\u00e9n\u00e9ral de la wilaya de Dakhla-Oued Eddahab, Abderrazak El Gourji, a soulign\u00e9 que cette initiative s\u2019inscrit dans le sillage du programme de renforcement des capacit\u00e9s visant \u00e0 promouvoir une \u00e9ducation inclusive, en prenant en consid\u00e9ration les besoins sp\u00e9cifiques des \u00e9l\u00e8ves.<\/p>\n\n\n\n<p>Il a rappel\u00e9, \u00e0 cet \u00e9gard, que le Maroc a lanc\u00e9 en 2019 un Programme national d\u2019\u00e9ducation inclusive, reposant sur l\u2019int\u00e9gration d\u2019\u00e9l\u00e8ves en situation de handicap dans les \u00e9coles, la cr\u00e9ation de salles de ressources et la formation d\u2019enseignants \u00e0 l\u2019accompagnement individualis\u00e9.<\/p>\n\n\n\n<p>Ce chantier structurant, a-t-il poursuivi, est soutenu par l\u2019Initiative nationale pour le d\u00e9veloppement humain (INDH) et s\u2019inscrit dans les engagements internationaux du Royaume, notamment \u00e0 travers la ratification, en 2009, de la Convention relative aux droits des personnes en situation de handicap.<\/p>\n\n\n\n<p>Dans une d\u00e9claration \u00e0 la presse, la pr\u00e9sidente de l\u2019Association Al Manar, Marie Lea Larcelet, a indiqu\u00e9 que ce programme de formation vise \u00e0 renforcer les comp\u00e9tences des acteurs associatifs issus des pays africains en mati\u00e8re d\u2019accompagnement des enfants en situation de handicap, en s\u2019appuyant sur l\u2019exp\u00e9rience et l\u2019expertise du Maroc dans ce cadre.<\/p>\n\n\n\n<p>De son c\u00f4t\u00e9, le repr\u00e9sentant de l\u2019association \u201cFracarita\u201d en R\u00e9publique Centrafricaine, Yangambiwa Sylvain, a fait savoir que cette formation lui a permis d\u2019enrichir sa compr\u00e9hension des diff\u00e9rentes formes de handicap, en abordant notamment des th\u00e9matiques telles que l\u2019autisme ou les troubles cognitifs sp\u00e9cifiques, faisant observer que ce genre d\u2019initiative lui permet de consolider ses capacit\u00e9s dans le domaine de l\u2019\u00e9ducation inclusive.<\/p>\n\n\n\n<p>Lors de cette rencontre, le directeur de l\u2019Acad\u00e9mie r\u00e9gionale d\u2019\u00e9ducation et de formation (AREF) de Dakhla-Oued Eddahab, Mohamed Faouzi, a pr\u00e9sent\u00e9 un expos\u00e9, dans lequel il a mis en lumi\u00e8re les efforts r\u00e9gionaux en mati\u00e8re&nbsp; &nbsp;d\u2019\u00e9ducation inclusive, citant \u00e0 cet \u00e9gard l\u2019\u00e9quipement des salles de ressources, la formation de formateurs, et l\u2019inscription des \u00e9l\u00e8ves en situation de handicap dans les \u00e9coles.<\/p>\n\n\n\n<p>Le programme de renforcement des capacit\u00e9s destin\u00e9 aux \u00e9ducateurs sp\u00e9cialis\u00e9s dans le domaine du handicap vise \u00e0 renforcer les comp\u00e9tences d\u2019\u00e9ducateurs issus de plusieurs pays africains en leur offrant un encadrement technique et p\u00e9dagogique ax\u00e9 sur l\u2019\u00e9ducation inclusive.<\/p>\n\n\n\n<p>L\u2019Association Al Manar, partenaire du programme, \u0153uvre depuis plusieurs ann\u00e9es en faveur de l\u2019inclusion des enfants en situation de handicap. Elle assure un accompagnement pluridisciplinaire \u00e0 travers une \u00e9quipe compos\u00e9e d\u2019\u00e9ducateurs sp\u00e9cialis\u00e9s, de psychologues, de psychomotriciens et d\u2019assistants sociaux.<\/p>\n","protected":false},"excerpt":{"rendered":"<p>Dpress Des repr\u00e9sentants d\u2019associations africaines actives dans le domaine du handicap ont effectu\u00e9, jeudi, une visite \u00e0 Dakhla pour s\u2019inspirer de l\u2019exp\u00e9rience marocaine en mati\u00e8re d\u2019\u00e9ducation inclusive. Cette visite s\u2019inscrit dans le cadre du programme de renforcement des capacit\u00e9s destin\u00e9 aux \u00e9ducateurs sp\u00e9cialis\u00e9s dans le domaine du handicap, men\u00e9 par l\u2019Agence marocaine de coop\u00e9ration internationale &hellip;<\/p>\n","protected":false},"author":2,"featured_media":15460,"comment_status":"open","ping_status":"open","sticky":false,"template":"","format":"standard","meta":{"footnotes":""},"categories":[26],"tags":[],"class_list":["post-15459","post","type-post","status-publish","format-standard","has-post-thumbnail","hentry","category-politiques"],"yoast_head":"<!-- This site is optimized with the Yoast SEO plugin v27.5 - https:\/\/yoast.com\/product\/yoast-seo-wordpress\/ -->\n<title>Dakhla: Des associations africaines s\u2019inspirent du mod\u00e8le marocain en mati\u00e8re d\u2019\u00e9ducation inclusive - Dpress.ma\/fr<\/title>\n<meta name=\"robots\" content=\"index, follow, max-snippet:-1, max-image-preview:large, max-video-preview:-1\" \/>\n<link rel=\"canonical\" href=\"https:\/\/dpress.ma\/fr\/2025\/07\/11\/dakhla-des-associations-africaines-sinspirent-du-modele-marocain-en-matiere-deducation-inclusive\/\" \/>\n<meta property=\"og:locale\" content=\"fr_FR\" \/>\n<meta property=\"og:type\" content=\"article\" \/>\n<meta property=\"og:title\" content=\"Dakhla: Des associations africaines s\u2019inspirent du mod\u00e8le marocain en mati\u00e8re d\u2019\u00e9ducation inclusive - Dpress.ma\/fr\" \/>\n<meta property=\"og:description\" content=\"Dpress Des repr\u00e9sentants d\u2019associations africaines actives dans le domaine du handicap ont effectu\u00e9, jeudi, une visite \u00e0 Dakhla pour s\u2019inspirer de l\u2019exp\u00e9rience marocaine en mati\u00e8re d\u2019\u00e9ducation inclusive. Cette visite s\u2019inscrit dans le cadre du programme de renforcement des capacit\u00e9s destin\u00e9 aux \u00e9ducateurs sp\u00e9cialis\u00e9s dans le domaine du handicap, men\u00e9 par l\u2019Agence marocaine de coop\u00e9ration internationale &hellip;\" \/>\n<meta property=\"og:url\" content=\"https:\/\/dpress.ma\/fr\/2025\/07\/11\/dakhla-des-associations-africaines-sinspirent-du-modele-marocain-en-matiere-deducation-inclusive\/\" \/>\n<meta property=\"og:site_name\" content=\"Dpress.ma\/fr\" \/>\n<meta property=\"article:published_time\" content=\"2025-07-11T10:06:39+00:00\" \/>\n<meta property=\"article:modified_time\" content=\"2025-07-11T10:06:40+00:00\" \/>\n<meta property=\"og:image\" content=\"https:\/\/dpress.ma\/fr\/wp-content\/uploads\/sites\/2\/2025\/07\/gnfnfn.jpg\" \/>\n\t<meta property=\"og:image:width\" content=\"2539\" \/>\n\t<meta property=\"og:image:height\" content=\"1594\" \/>\n\t<meta property=\"og:image:type\" content=\"image\/jpeg\" \/>\n<meta name=\"author\" content=\"Dpress.ma\" \/>\n<meta name=\"twitter:card\" content=\"summary_large_image\" \/>\n<meta name=\"twitter:label1\" content=\"\u00c9crit par\" \/>\n\t<meta name=\"twitter:data1\" content=\"Dpress.ma\" \/>\n\t<meta name=\"twitter:label2\" content=\"Dur\u00e9e de lecture estim\u00e9e\" \/>\n\t<meta name=\"twitter:data2\" content=\"3 minutes\" \/>\n<script type=\"application\/ld+json\" class=\"yoast-schema-graph\">{\"@context\":\"https:\\\/\\\/schema.org\",\"@graph\":[{\"@type\":\"Article\",\"@id\":\"https:\\\/\\\/dpress.ma\\\/fr\\\/2025\\\/07\\\/11\\\/dakhla-des-associations-africaines-sinspirent-du-modele-marocain-en-matiere-deducation-inclusive\\\/#article\",\"isPartOf\":{\"@id\":\"https:\\\/\\\/dpress.ma\\\/fr\\\/2025\\\/07\\\/11\\\/dakhla-des-associations-africaines-sinspirent-du-modele-marocain-en-matiere-deducation-inclusive\\\/\"},\"author\":{\"name\":\"Dpress.ma\",\"@id\":\"https:\\\/\\\/dpress.ma\\\/fr\\\/#\\\/schema\\\/person\\\/4898febf3ccd59e6578d838656a306a0\"},\"headline\":\"Dakhla: Des associations africaines s\u2019inspirent du mod\u00e8le marocain en mati\u00e8re d\u2019\u00e9ducation inclusive\",\"datePublished\":\"2025-07-11T10:06:39+00:00\",\"dateModified\":\"2025-07-11T10:06:40+00:00\",\"mainEntityOfPage\":{\"@id\":\"https:\\\/\\\/dpress.ma\\\/fr\\\/2025\\\/07\\\/11\\\/dakhla-des-associations-africaines-sinspirent-du-modele-marocain-en-matiere-deducation-inclusive\\\/\"},\"wordCount\":534,\"commentCount\":0,\"image\":{\"@id\":\"https:\\\/\\\/dpress.ma\\\/fr\\\/2025\\\/07\\\/11\\\/dakhla-des-associations-africaines-sinspirent-du-modele-marocain-en-matiere-deducation-inclusive\\\/#primaryimage\"},\"thumbnailUrl\":\"https:\\\/\\\/dpress.ma\\\/fr\\\/wp-content\\\/uploads\\\/sites\\\/2\\\/2025\\\/07\\\/gnfnfn.jpg\",\"articleSection\":[\"Politiques\"],\"inLanguage\":\"fr-FR\",\"potentialAction\":[{\"@type\":\"CommentAction\",\"name\":\"Comment\",\"target\":[\"https:\\\/\\\/dpress.ma\\\/fr\\\/2025\\\/07\\\/11\\\/dakhla-des-associations-africaines-sinspirent-du-modele-marocain-en-matiere-deducation-inclusive\\\/#respond\"]}]},{\"@type\":\"WebPage\",\"@id\":\"https:\\\/\\\/dpress.ma\\\/fr\\\/2025\\\/07\\\/11\\\/dakhla-des-associations-africaines-sinspirent-du-modele-marocain-en-matiere-deducation-inclusive\\\/\",\"url\":\"https:\\\/\\\/dpress.ma\\\/fr\\\/2025\\\/07\\\/11\\\/dakhla-des-associations-africaines-sinspirent-du-modele-marocain-en-matiere-deducation-inclusive\\\/\",\"name\":\"Dakhla: Des associations africaines s\u2019inspirent du mod\u00e8le marocain en mati\u00e8re d\u2019\u00e9ducation inclusive - Dpress.ma\\\/fr\",\"isPartOf\":{\"@id\":\"https:\\\/\\\/dpress.ma\\\/fr\\\/#website\"},\"primaryImageOfPage\":{\"@id\":\"https:\\\/\\\/dpress.ma\\\/fr\\\/2025\\\/07\\\/11\\\/dakhla-des-associations-africaines-sinspirent-du-modele-marocain-en-matiere-deducation-inclusive\\\/#primaryimage\"},\"image\":{\"@id\":\"https:\\\/\\\/dpress.ma\\\/fr\\\/2025\\\/07\\\/11\\\/dakhla-des-associations-africaines-sinspirent-du-modele-marocain-en-matiere-deducation-inclusive\\\/#primaryimage\"},\"thumbnailUrl\":\"https:\\\/\\\/dpress.ma\\\/fr\\\/wp-content\\\/uploads\\\/sites\\\/2\\\/2025\\\/07\\\/gnfnfn.jpg\",\"datePublished\":\"2025-07-11T10:06:39+00:00\",\"dateModified\":\"2025-07-11T10:06:40+00:00\",\"author\":{\"@id\":\"https:\\\/\\\/dpress.ma\\\/fr\\\/#\\\/schema\\\/person\\\/4898febf3ccd59e6578d838656a306a0\"},\"breadcrumb\":{\"@id\":\"https:\\\/\\\/dpress.ma\\\/fr\\\/2025\\\/07\\\/11\\\/dakhla-des-associations-africaines-sinspirent-du-modele-marocain-en-matiere-deducation-inclusive\\\/#breadcrumb\"},\"inLanguage\":\"fr-FR\",\"potentialAction\":[{\"@type\":\"ReadAction\",\"target\":[\"https:\\\/\\\/dpress.ma\\\/fr\\\/2025\\\/07\\\/11\\\/dakhla-des-associations-africaines-sinspirent-du-modele-marocain-en-matiere-deducation-inclusive\\\/\"]}]},{\"@type\":\"ImageObject\",\"inLanguage\":\"fr-FR\",\"@id\":\"https:\\\/\\\/dpress.ma\\\/fr\\\/2025\\\/07\\\/11\\\/dakhla-des-associations-africaines-sinspirent-du-modele-marocain-en-matiere-deducation-inclusive\\\/#primaryimage\",\"url\":\"https:\\\/\\\/dpress.ma\\\/fr\\\/wp-content\\\/uploads\\\/sites\\\/2\\\/2025\\\/07\\\/gnfnfn.jpg\",\"contentUrl\":\"https:\\\/\\\/dpress.ma\\\/fr\\\/wp-content\\\/uploads\\\/sites\\\/2\\\/2025\\\/07\\\/gnfnfn.jpg\",\"width\":2539,\"height\":1594},{\"@type\":\"BreadcrumbList\",\"@id\":\"https:\\\/\\\/dpress.ma\\\/fr\\\/2025\\\/07\\\/11\\\/dakhla-des-associations-africaines-sinspirent-du-modele-marocain-en-matiere-deducation-inclusive\\\/#breadcrumb\",\"itemListElement\":[{\"@type\":\"ListItem\",\"position\":1,\"name\":\"Home\",\"item\":\"https:\\\/\\\/dpress.ma\\\/fr\\\/\"},{\"@type\":\"ListItem\",\"position\":2,\"name\":\"Dakhla: Des associations africaines s\u2019inspirent du mod\u00e8le marocain en mati\u00e8re d\u2019\u00e9ducation inclusive\"}]},{\"@type\":\"WebSite\",\"@id\":\"https:\\\/\\\/dpress.ma\\\/fr\\\/#website\",\"url\":\"https:\\\/\\\/dpress.ma\\\/fr\\\/\",\"name\":\"Dpress.ma\\\/fr\",\"description\":\"\",\"potentialAction\":[{\"@type\":\"SearchAction\",\"target\":{\"@type\":\"EntryPoint\",\"urlTemplate\":\"https:\\\/\\\/dpress.ma\\\/fr\\\/?s={search_term_string}\"},\"query-input\":{\"@type\":\"PropertyValueSpecification\",\"valueRequired\":true,\"valueName\":\"search_term_string\"}}],\"inLanguage\":\"fr-FR\"},{\"@type\":\"Person\",\"@id\":\"https:\\\/\\\/dpress.ma\\\/fr\\\/#\\\/schema\\\/person\\\/4898febf3ccd59e6578d838656a306a0\",\"name\":\"Dpress.ma\",\"image\":{\"@type\":\"ImageObject\",\"inLanguage\":\"fr-FR\",\"@id\":\"https:\\\/\\\/secure.gravatar.com\\\/avatar\\\/72ecc30e9db047a2e0e7176561eb9d564ed77c8108376495b19bd8336405198a?s=96&d=mm&r=g\",\"url\":\"https:\\\/\\\/secure.gravatar.com\\\/avatar\\\/72ecc30e9db047a2e0e7176561eb9d564ed77c8108376495b19bd8336405198a?s=96&d=mm&r=g\",\"contentUrl\":\"https:\\\/\\\/secure.gravatar.com\\\/avatar\\\/72ecc30e9db047a2e0e7176561eb9d564ed77c8108376495b19bd8336405198a?s=96&d=mm&r=g\",\"caption\":\"Dpress.ma\"},\"sameAs\":[\"https:\\\/\\\/www.dpress.ma\"],\"url\":\"https:\\\/\\\/dpress.ma\\\/fr\\\/author\\\/dpress-ma\\\/\"}]}<\/script>\n<!-- \/ Yoast SEO plugin. -->","yoast_head_json":{"title":"Dakhla: Des associations africaines s\u2019inspirent du mod\u00e8le marocain en mati\u00e8re d\u2019\u00e9ducation inclusive - Dpress.ma\/fr","robots":{"index":"index","follow":"follow","max-snippet":"max-snippet:-1","max-image-preview":"max-image-preview:large","max-video-preview":"max-video-preview:-1"},"canonical":"https:\/\/dpress.ma\/fr\/2025\/07\/11\/dakhla-des-associations-africaines-sinspirent-du-modele-marocain-en-matiere-deducation-inclusive\/","og_locale":"fr_FR","og_type":"article","og_title":"Dakhla: Des associations africaines s\u2019inspirent du mod\u00e8le marocain en mati\u00e8re d\u2019\u00e9ducation inclusive - Dpress.ma\/fr","og_description":"Dpress Des repr\u00e9sentants d\u2019associations africaines actives dans le domaine du handicap ont effectu\u00e9, jeudi, une visite \u00e0 Dakhla pour s\u2019inspirer de l\u2019exp\u00e9rience marocaine en mati\u00e8re d\u2019\u00e9ducation inclusive. Cette visite s\u2019inscrit dans le cadre du programme de renforcement des capacit\u00e9s destin\u00e9 aux \u00e9ducateurs sp\u00e9cialis\u00e9s dans le domaine du handicap, men\u00e9 par l\u2019Agence marocaine de coop\u00e9ration internationale &hellip;","og_url":"https:\/\/dpress.ma\/fr\/2025\/07\/11\/dakhla-des-associations-africaines-sinspirent-du-modele-marocain-en-matiere-deducation-inclusive\/","og_site_name":"Dpress.ma\/fr","article_published_time":"2025-07-11T10:06:39+00:00","article_modified_time":"2025-07-11T10:06:40+00:00","og_image":[{"width":2539,"height":1594,"url":"https:\/\/dpress.ma\/fr\/wp-content\/uploads\/sites\/2\/2025\/07\/gnfnfn.jpg","type":"image\/jpeg"}],"author":"Dpress.ma","twitter_card":"summary_large_image","twitter_misc":{"\u00c9crit par":"Dpress.ma","Dur\u00e9e de lecture estim\u00e9e":"3 minutes"},"schema":{"@context":"https:\/\/schema.org","@graph":[{"@type":"Article","@id":"https:\/\/dpress.ma\/fr\/2025\/07\/11\/dakhla-des-associations-africaines-sinspirent-du-modele-marocain-en-matiere-deducation-inclusive\/#article","isPartOf":{"@id":"https:\/\/dpress.ma\/fr\/2025\/07\/11\/dakhla-des-associations-africaines-sinspirent-du-modele-marocain-en-matiere-deducation-inclusive\/"},"author":{"name":"Dpress.ma","@id":"https:\/\/dpress.ma\/fr\/#\/schema\/person\/4898febf3ccd59e6578d838656a306a0"},"headline":"Dakhla: Des associations africaines s\u2019inspirent du mod\u00e8le marocain en mati\u00e8re d\u2019\u00e9ducation inclusive","datePublished":"2025-07-11T10:06:39+00:00","dateModified":"2025-07-11T10:06:40+00:00","mainEntityOfPage":{"@id":"https:\/\/dpress.ma\/fr\/2025\/07\/11\/dakhla-des-associations-africaines-sinspirent-du-modele-marocain-en-matiere-deducation-inclusive\/"},"wordCount":534,"commentCount":0,"image":{"@id":"https:\/\/dpress.ma\/fr\/2025\/07\/11\/dakhla-des-associations-africaines-sinspirent-du-modele-marocain-en-matiere-deducation-inclusive\/#primaryimage"},"thumbnailUrl":"https:\/\/dpress.ma\/fr\/wp-content\/uploads\/sites\/2\/2025\/07\/gnfnfn.jpg","articleSection":["Politiques"],"inLanguage":"fr-FR","potentialAction":[{"@type":"CommentAction","name":"Comment","target":["https:\/\/dpress.ma\/fr\/2025\/07\/11\/dakhla-des-associations-africaines-sinspirent-du-modele-marocain-en-matiere-deducation-inclusive\/#respond"]}]},{"@type":"WebPage","@id":"https:\/\/dpress.ma\/fr\/2025\/07\/11\/dakhla-des-associations-africaines-sinspirent-du-modele-marocain-en-matiere-deducation-inclusive\/","url":"https:\/\/dpress.ma\/fr\/2025\/07\/11\/dakhla-des-associations-africaines-sinspirent-du-modele-marocain-en-matiere-deducation-inclusive\/","name":"Dakhla: Des associations africaines s\u2019inspirent du mod\u00e8le marocain en mati\u00e8re d\u2019\u00e9ducation inclusive - Dpress.ma\/fr","isPartOf":{"@id":"https:\/\/dpress.ma\/fr\/#website"},"primaryImageOfPage":{"@id":"https:\/\/dpress.ma\/fr\/2025\/07\/11\/dakhla-des-associations-africaines-sinspirent-du-modele-marocain-en-matiere-deducation-inclusive\/#primaryimage"},"image":{"@id":"https:\/\/dpress.ma\/fr\/2025\/07\/11\/dakhla-des-associations-africaines-sinspirent-du-modele-marocain-en-matiere-deducation-inclusive\/#primaryimage"},"thumbnailUrl":"https:\/\/dpress.ma\/fr\/wp-content\/uploads\/sites\/2\/2025\/07\/gnfnfn.jpg","datePublished":"2025-07-11T10:06:39+00:00","dateModified":"2025-07-11T10:06:40+00:00","author":{"@id":"https:\/\/dpress.ma\/fr\/#\/schema\/person\/4898febf3ccd59e6578d838656a306a0"},"breadcrumb":{"@id":"https:\/\/dpress.ma\/fr\/2025\/07\/11\/dakhla-des-associations-africaines-sinspirent-du-modele-marocain-en-matiere-deducation-inclusive\/#breadcrumb"},"inLanguage":"fr-FR","potentialAction":[{"@type":"ReadAction","target":["https:\/\/dpress.ma\/fr\/2025\/07\/11\/dakhla-des-associations-africaines-sinspirent-du-modele-marocain-en-matiere-deducation-inclusive\/"]}]},{"@type":"ImageObject","inLanguage":"fr-FR","@id":"https:\/\/dpress.ma\/fr\/2025\/07\/11\/dakhla-des-associations-africaines-sinspirent-du-modele-marocain-en-matiere-deducation-inclusive\/#primaryimage","url":"https:\/\/dpress.ma\/fr\/wp-content\/uploads\/sites\/2\/2025\/07\/gnfnfn.jpg","contentUrl":"https:\/\/dpress.ma\/fr\/wp-content\/uploads\/sites\/2\/2025\/07\/gnfnfn.jpg","width":2539,"height":1594},{"@type":"BreadcrumbList","@id":"https:\/\/dpress.ma\/fr\/2025\/07\/11\/dakhla-des-associations-africaines-sinspirent-du-modele-marocain-en-matiere-deducation-inclusive\/#breadcrumb","itemListElement":[{"@type":"ListItem","position":1,"name":"Home","item":"https:\/\/dpress.ma\/fr\/"},{"@type":"ListItem","position":2,"name":"Dakhla: Des associations africaines s\u2019inspirent du mod\u00e8le marocain en mati\u00e8re d\u2019\u00e9ducation inclusive"}]},{"@type":"WebSite","@id":"https:\/\/dpress.ma\/fr\/#website","url":"https:\/\/dpress.ma\/fr\/","name":"Dpress.ma\/fr","description":"","potentialAction":[{"@type":"SearchAction","target":{"@type":"EntryPoint","urlTemplate":"https:\/\/dpress.ma\/fr\/?s={search_term_string}"},"query-input":{"@type":"PropertyValueSpecification","valueRequired":true,"valueName":"search_term_string"}}],"inLanguage":"fr-FR"},{"@type":"Person","@id":"https:\/\/dpress.ma\/fr\/#\/schema\/person\/4898febf3ccd59e6578d838656a306a0","name":"Dpress.ma","image":{"@type":"ImageObject","inLanguage":"fr-FR","@id":"https:\/\/secure.gravatar.com\/avatar\/72ecc30e9db047a2e0e7176561eb9d564ed77c8108376495b19bd8336405198a?s=96&d=mm&r=g","url":"https:\/\/secure.gravatar.com\/avatar\/72ecc30e9db047a2e0e7176561eb9d564ed77c8108376495b19bd8336405198a?s=96&d=mm&r=g","contentUrl":"https:\/\/secure.gravatar.com\/avatar\/72ecc30e9db047a2e0e7176561eb9d564ed77c8108376495b19bd8336405198a?s=96&d=mm&r=g","caption":"Dpress.ma"},"sameAs":["https:\/\/www.dpress.ma"],"url":"https:\/\/dpress.ma\/fr\/author\/dpress-ma\/"}]}},"amp_enabled":true,"_links":{"self":[{"href":"https:\/\/dpress.ma\/fr\/wp-json\/wp\/v2\/posts\/15459","targetHints":{"allow":["GET"]}}],"collection":[{"href":"https:\/\/dpress.ma\/fr\/wp-json\/wp\/v2\/posts"}],"about":[{"href":"https:\/\/dpress.ma\/fr\/wp-json\/wp\/v2\/types\/post"}],"author":[{"embeddable":true,"href":"https:\/\/dpress.ma\/fr\/wp-json\/wp\/v2\/users\/2"}],"replies":[{"embeddable":true,"href":"https:\/\/dpress.ma\/fr\/wp-json\/wp\/v2\/comments?post=15459"}],"version-history":[{"count":1,"href":"https:\/\/dpress.ma\/fr\/wp-json\/wp\/v2\/posts\/15459\/revisions"}],"predecessor-version":[{"id":15461,"href":"https:\/\/dpress.ma\/fr\/wp-json\/wp\/v2\/posts\/15459\/revisions\/15461"}],"wp:featuredmedia":[{"embeddable":true,"href":"https:\/\/dpress.ma\/fr\/wp-json\/wp\/v2\/media\/15460"}],"wp:attachment":[{"href":"https:\/\/dpress.ma\/fr\/wp-json\/wp\/v2\/media?parent=15459"}],"wp:term":[{"taxonomy":"category","embeddable":true,"href":"https:\/\/dpress.ma\/fr\/wp-json\/wp\/v2\/categories?post=15459"},{"taxonomy":"post_tag","embeddable":true,"href":"https:\/\/dpress.ma\/fr\/wp-json\/wp\/v2\/tags?post=15459"}],"curies":[{"name":"wp","href":"https:\/\/api.w.org\/{rel}","templated":true}]}}