{"id":15448,"date":"2025-07-10T11:35:41","date_gmt":"2025-07-10T11:35:41","guid":{"rendered":"https:\/\/dpress.ma\/fr\/?p=15448"},"modified":"2025-07-10T11:35:41","modified_gmt":"2025-07-10T11:35:41","slug":"la-prochaine-reunion-de-la-commission-parlementaire-mixte-maroc-ue-fin-octobre-a-rabat","status":"publish","type":"post","link":"https:\/\/dpress.ma\/fr\/2025\/07\/10\/la-prochaine-reunion-de-la-commission-parlementaire-mixte-maroc-ue-fin-octobre-a-rabat\/","title":{"rendered":"La prochaine r\u00e9union de la Commission parlementaire mixte Maroc-UE, fin octobre \u00e0 Rabat"},"content":{"rendered":"\n<p>Dpress<\/p>\n\n\n\n<p>La prochaine r\u00e9union de la Commission parlementaire mixte (CPM) Maroc-Union europ\u00e9enne se tiendra fin octobre \u00e0 Rabat, ont convenu les copr\u00e9sidents de la Commission, M. Lahcen Haddad (Parlement du Royaume du Maroc) et M. Ruggero Razza (Parlement europ\u00e9en).<\/p>\n\n\n\n<p>MM. Haddad et Razza ont soulign\u00e9, lors d\u2019une r\u00e9union par visioconf\u00e9rence mardi 8 juillet, l\u2019importance de la date choisie, qui interviendrait peu apr\u00e8s le lancement du nouveau Pacte europ\u00e9en pour la M\u00e9diterran\u00e9e.<\/p>\n\n\n\n<p>Cette initiative \u2018\u2019ambitieuse\u2019\u2019, qui vise \u00e0 renforcer la coop\u00e9ration entre l\u2019UE et ses partenaires du sud, mettra l\u2019accent sur la promotion des int\u00e9r\u00eats communs et des avantages mutuels afin de b\u00e2tir une r\u00e9gion \u2018\u2019plus stable, prosp\u00e8re et interconnect\u00e9e\u2019\u2019, indiquent-ils dans un communiqu\u00e9 conjoint.<\/p>\n\n\n\n<p>Les deux copr\u00e9sidents ont r\u00e9affirm\u00e9 \u00e0 cette occasion leur volont\u00e9 de \u2018\u2019construire une vision commune de la prosp\u00e9rit\u00e9, fond\u00e9e sur la paix, la s\u00e9curit\u00e9 et un d\u00e9veloppement inclusif\u2019\u2019.<\/p>\n","protected":false},"excerpt":{"rendered":"<p>Dpress La prochaine r\u00e9union de la Commission parlementaire mixte (CPM) Maroc-Union europ\u00e9enne se tiendra fin octobre \u00e0 Rabat, ont convenu les copr\u00e9sidents de la Commission, M. Lahcen Haddad (Parlement du Royaume du Maroc) et M. Ruggero Razza (Parlement europ\u00e9en). MM. Haddad et Razza ont soulign\u00e9, lors d\u2019une r\u00e9union par visioconf\u00e9rence mardi 8 juillet, l\u2019importance de &hellip;<\/p>\n","protected":false},"author":2,"featured_media":15449,"comment_status":"open","ping_status":"open","sticky":false,"template":"","format":"standard","meta":{"footnotes":""},"categories":[26],"tags":[],"class_list":["post-15448","post","type-post","status-publish","format-standard","has-post-thumbnail","hentry","category-politiques"],"yoast_head":"<!-- This site is optimized with the Yoast SEO plugin v27.5 - https:\/\/yoast.com\/product\/yoast-seo-wordpress\/ -->\n<title>La prochaine r\u00e9union de la Commission parlementaire mixte Maroc-UE, fin octobre \u00e0 Rabat - Dpress.ma\/fr<\/title>\n<meta name=\"robots\" content=\"index, follow, max-snippet:-1, max-image-preview:large, max-video-preview:-1\" \/>\n<link rel=\"canonical\" href=\"https:\/\/dpress.ma\/fr\/2025\/07\/10\/la-prochaine-reunion-de-la-commission-parlementaire-mixte-maroc-ue-fin-octobre-a-rabat\/\" \/>\n<meta property=\"og:locale\" content=\"fr_FR\" \/>\n<meta property=\"og:type\" content=\"article\" \/>\n<meta property=\"og:title\" content=\"La prochaine r\u00e9union de la Commission parlementaire mixte Maroc-UE, fin octobre \u00e0 Rabat - Dpress.ma\/fr\" \/>\n<meta property=\"og:description\" content=\"Dpress La prochaine r\u00e9union de la Commission parlementaire mixte (CPM) Maroc-Union europ\u00e9enne se tiendra fin octobre \u00e0 Rabat, ont convenu les copr\u00e9sidents de la Commission, M. Lahcen Haddad (Parlement du Royaume du Maroc) et M. Ruggero Razza (Parlement europ\u00e9en). MM. Haddad et Razza ont soulign\u00e9, lors d\u2019une r\u00e9union par visioconf\u00e9rence mardi 8 juillet, l\u2019importance de &hellip;\" \/>\n<meta property=\"og:url\" content=\"https:\/\/dpress.ma\/fr\/2025\/07\/10\/la-prochaine-reunion-de-la-commission-parlementaire-mixte-maroc-ue-fin-octobre-a-rabat\/\" \/>\n<meta property=\"og:site_name\" content=\"Dpress.ma\/fr\" \/>\n<meta property=\"article:published_time\" content=\"2025-07-10T11:35:41+00:00\" \/>\n<meta property=\"og:image\" content=\"https:\/\/dpress.ma\/fr\/wp-content\/uploads\/sites\/2\/2025\/07\/lknjknjn.jpg\" \/>\n\t<meta property=\"og:image:width\" content=\"2539\" \/>\n\t<meta property=\"og:image:height\" content=\"1594\" \/>\n\t<meta property=\"og:image:type\" content=\"image\/jpeg\" \/>\n<meta name=\"author\" content=\"Dpress.ma\" \/>\n<meta name=\"twitter:card\" content=\"summary_large_image\" \/>\n<meta name=\"twitter:label1\" content=\"\u00c9crit par\" \/>\n\t<meta name=\"twitter:data1\" content=\"Dpress.ma\" \/>\n\t<meta name=\"twitter:label2\" content=\"Dur\u00e9e de lecture estim\u00e9e\" \/>\n\t<meta name=\"twitter:data2\" content=\"1 minute\" \/>\n<script type=\"application\/ld+json\" class=\"yoast-schema-graph\">{\"@context\":\"https:\\\/\\\/schema.org\",\"@graph\":[{\"@type\":\"Article\",\"@id\":\"https:\\\/\\\/dpress.ma\\\/fr\\\/2025\\\/07\\\/10\\\/la-prochaine-reunion-de-la-commission-parlementaire-mixte-maroc-ue-fin-octobre-a-rabat\\\/#article\",\"isPartOf\":{\"@id\":\"https:\\\/\\\/dpress.ma\\\/fr\\\/2025\\\/07\\\/10\\\/la-prochaine-reunion-de-la-commission-parlementaire-mixte-maroc-ue-fin-octobre-a-rabat\\\/\"},\"author\":{\"name\":\"Dpress.ma\",\"@id\":\"https:\\\/\\\/dpress.ma\\\/fr\\\/#\\\/schema\\\/person\\\/4898febf3ccd59e6578d838656a306a0\"},\"headline\":\"La prochaine r\u00e9union de la Commission parlementaire mixte Maroc-UE, fin octobre \u00e0 Rabat\",\"datePublished\":\"2025-07-10T11:35:41+00:00\",\"mainEntityOfPage\":{\"@id\":\"https:\\\/\\\/dpress.ma\\\/fr\\\/2025\\\/07\\\/10\\\/la-prochaine-reunion-de-la-commission-parlementaire-mixte-maroc-ue-fin-octobre-a-rabat\\\/\"},\"wordCount\":178,\"commentCount\":0,\"image\":{\"@id\":\"https:\\\/\\\/dpress.ma\\\/fr\\\/2025\\\/07\\\/10\\\/la-prochaine-reunion-de-la-commission-parlementaire-mixte-maroc-ue-fin-octobre-a-rabat\\\/#primaryimage\"},\"thumbnailUrl\":\"https:\\\/\\\/dpress.ma\\\/fr\\\/wp-content\\\/uploads\\\/sites\\\/2\\\/2025\\\/07\\\/lknjknjn.jpg\",\"articleSection\":[\"Politiques\"],\"inLanguage\":\"fr-FR\",\"potentialAction\":[{\"@type\":\"CommentAction\",\"name\":\"Comment\",\"target\":[\"https:\\\/\\\/dpress.ma\\\/fr\\\/2025\\\/07\\\/10\\\/la-prochaine-reunion-de-la-commission-parlementaire-mixte-maroc-ue-fin-octobre-a-rabat\\\/#respond\"]}]},{\"@type\":\"WebPage\",\"@id\":\"https:\\\/\\\/dpress.ma\\\/fr\\\/2025\\\/07\\\/10\\\/la-prochaine-reunion-de-la-commission-parlementaire-mixte-maroc-ue-fin-octobre-a-rabat\\\/\",\"url\":\"https:\\\/\\\/dpress.ma\\\/fr\\\/2025\\\/07\\\/10\\\/la-prochaine-reunion-de-la-commission-parlementaire-mixte-maroc-ue-fin-octobre-a-rabat\\\/\",\"name\":\"La prochaine r\u00e9union de la Commission parlementaire mixte Maroc-UE, fin octobre \u00e0 Rabat - Dpress.ma\\\/fr\",\"isPartOf\":{\"@id\":\"https:\\\/\\\/dpress.ma\\\/fr\\\/#website\"},\"primaryImageOfPage\":{\"@id\":\"https:\\\/\\\/dpress.ma\\\/fr\\\/2025\\\/07\\\/10\\\/la-prochaine-reunion-de-la-commission-parlementaire-mixte-maroc-ue-fin-octobre-a-rabat\\\/#primaryimage\"},\"image\":{\"@id\":\"https:\\\/\\\/dpress.ma\\\/fr\\\/2025\\\/07\\\/10\\\/la-prochaine-reunion-de-la-commission-parlementaire-mixte-maroc-ue-fin-octobre-a-rabat\\\/#primaryimage\"},\"thumbnailUrl\":\"https:\\\/\\\/dpress.ma\\\/fr\\\/wp-content\\\/uploads\\\/sites\\\/2\\\/2025\\\/07\\\/lknjknjn.jpg\",\"datePublished\":\"2025-07-10T11:35:41+00:00\",\"author\":{\"@id\":\"https:\\\/\\\/dpress.ma\\\/fr\\\/#\\\/schema\\\/person\\\/4898febf3ccd59e6578d838656a306a0\"},\"breadcrumb\":{\"@id\":\"https:\\\/\\\/dpress.ma\\\/fr\\\/2025\\\/07\\\/10\\\/la-prochaine-reunion-de-la-commission-parlementaire-mixte-maroc-ue-fin-octobre-a-rabat\\\/#breadcrumb\"},\"inLanguage\":\"fr-FR\",\"potentialAction\":[{\"@type\":\"ReadAction\",\"target\":[\"https:\\\/\\\/dpress.ma\\\/fr\\\/2025\\\/07\\\/10\\\/la-prochaine-reunion-de-la-commission-parlementaire-mixte-maroc-ue-fin-octobre-a-rabat\\\/\"]}]},{\"@type\":\"ImageObject\",\"inLanguage\":\"fr-FR\",\"@id\":\"https:\\\/\\\/dpress.ma\\\/fr\\\/2025\\\/07\\\/10\\\/la-prochaine-reunion-de-la-commission-parlementaire-mixte-maroc-ue-fin-octobre-a-rabat\\\/#primaryimage\",\"url\":\"https:\\\/\\\/dpress.ma\\\/fr\\\/wp-content\\\/uploads\\\/sites\\\/2\\\/2025\\\/07\\\/lknjknjn.jpg\",\"contentUrl\":\"https:\\\/\\\/dpress.ma\\\/fr\\\/wp-content\\\/uploads\\\/sites\\\/2\\\/2025\\\/07\\\/lknjknjn.jpg\",\"width\":2539,\"height\":1594},{\"@type\":\"BreadcrumbList\",\"@id\":\"https:\\\/\\\/dpress.ma\\\/fr\\\/2025\\\/07\\\/10\\\/la-prochaine-reunion-de-la-commission-parlementaire-mixte-maroc-ue-fin-octobre-a-rabat\\\/#breadcrumb\",\"itemListElement\":[{\"@type\":\"ListItem\",\"position\":1,\"name\":\"Home\",\"item\":\"https:\\\/\\\/dpress.ma\\\/fr\\\/\"},{\"@type\":\"ListItem\",\"position\":2,\"name\":\"La prochaine r\u00e9union de la Commission parlementaire mixte Maroc-UE, fin octobre \u00e0 Rabat\"}]},{\"@type\":\"WebSite\",\"@id\":\"https:\\\/\\\/dpress.ma\\\/fr\\\/#website\",\"url\":\"https:\\\/\\\/dpress.ma\\\/fr\\\/\",\"name\":\"Dpress.ma\\\/fr\",\"description\":\"\",\"potentialAction\":[{\"@type\":\"SearchAction\",\"target\":{\"@type\":\"EntryPoint\",\"urlTemplate\":\"https:\\\/\\\/dpress.ma\\\/fr\\\/?s={search_term_string}\"},\"query-input\":{\"@type\":\"PropertyValueSpecification\",\"valueRequired\":true,\"valueName\":\"search_term_string\"}}],\"inLanguage\":\"fr-FR\"},{\"@type\":\"Person\",\"@id\":\"https:\\\/\\\/dpress.ma\\\/fr\\\/#\\\/schema\\\/person\\\/4898febf3ccd59e6578d838656a306a0\",\"name\":\"Dpress.ma\",\"image\":{\"@type\":\"ImageObject\",\"inLanguage\":\"fr-FR\",\"@id\":\"https:\\\/\\\/secure.gravatar.com\\\/avatar\\\/72ecc30e9db047a2e0e7176561eb9d564ed77c8108376495b19bd8336405198a?s=96&d=mm&r=g\",\"url\":\"https:\\\/\\\/secure.gravatar.com\\\/avatar\\\/72ecc30e9db047a2e0e7176561eb9d564ed77c8108376495b19bd8336405198a?s=96&d=mm&r=g\",\"contentUrl\":\"https:\\\/\\\/secure.gravatar.com\\\/avatar\\\/72ecc30e9db047a2e0e7176561eb9d564ed77c8108376495b19bd8336405198a?s=96&d=mm&r=g\",\"caption\":\"Dpress.ma\"},\"sameAs\":[\"https:\\\/\\\/www.dpress.ma\"],\"url\":\"https:\\\/\\\/dpress.ma\\\/fr\\\/author\\\/dpress-ma\\\/\"}]}<\/script>\n<!-- \/ Yoast SEO plugin. -->","yoast_head_json":{"title":"La prochaine r\u00e9union de la Commission parlementaire mixte Maroc-UE, fin octobre \u00e0 Rabat - Dpress.ma\/fr","robots":{"index":"index","follow":"follow","max-snippet":"max-snippet:-1","max-image-preview":"max-image-preview:large","max-video-preview":"max-video-preview:-1"},"canonical":"https:\/\/dpress.ma\/fr\/2025\/07\/10\/la-prochaine-reunion-de-la-commission-parlementaire-mixte-maroc-ue-fin-octobre-a-rabat\/","og_locale":"fr_FR","og_type":"article","og_title":"La prochaine r\u00e9union de la Commission parlementaire mixte Maroc-UE, fin octobre \u00e0 Rabat - Dpress.ma\/fr","og_description":"Dpress La prochaine r\u00e9union de la Commission parlementaire mixte (CPM) Maroc-Union europ\u00e9enne se tiendra fin octobre \u00e0 Rabat, ont convenu les copr\u00e9sidents de la Commission, M. Lahcen Haddad (Parlement du Royaume du Maroc) et M. Ruggero Razza (Parlement europ\u00e9en). MM. Haddad et Razza ont soulign\u00e9, lors d\u2019une r\u00e9union par visioconf\u00e9rence mardi 8 juillet, l\u2019importance de &hellip;","og_url":"https:\/\/dpress.ma\/fr\/2025\/07\/10\/la-prochaine-reunion-de-la-commission-parlementaire-mixte-maroc-ue-fin-octobre-a-rabat\/","og_site_name":"Dpress.ma\/fr","article_published_time":"2025-07-10T11:35:41+00:00","og_image":[{"width":2539,"height":1594,"url":"https:\/\/dpress.ma\/fr\/wp-content\/uploads\/sites\/2\/2025\/07\/lknjknjn.jpg","type":"image\/jpeg"}],"author":"Dpress.ma","twitter_card":"summary_large_image","twitter_misc":{"\u00c9crit par":"Dpress.ma","Dur\u00e9e de lecture estim\u00e9e":"1 minute"},"schema":{"@context":"https:\/\/schema.org","@graph":[{"@type":"Article","@id":"https:\/\/dpress.ma\/fr\/2025\/07\/10\/la-prochaine-reunion-de-la-commission-parlementaire-mixte-maroc-ue-fin-octobre-a-rabat\/#article","isPartOf":{"@id":"https:\/\/dpress.ma\/fr\/2025\/07\/10\/la-prochaine-reunion-de-la-commission-parlementaire-mixte-maroc-ue-fin-octobre-a-rabat\/"},"author":{"name":"Dpress.ma","@id":"https:\/\/dpress.ma\/fr\/#\/schema\/person\/4898febf3ccd59e6578d838656a306a0"},"headline":"La prochaine r\u00e9union de la Commission parlementaire mixte Maroc-UE, fin octobre \u00e0 Rabat","datePublished":"2025-07-10T11:35:41+00:00","mainEntityOfPage":{"@id":"https:\/\/dpress.ma\/fr\/2025\/07\/10\/la-prochaine-reunion-de-la-commission-parlementaire-mixte-maroc-ue-fin-octobre-a-rabat\/"},"wordCount":178,"commentCount":0,"image":{"@id":"https:\/\/dpress.ma\/fr\/2025\/07\/10\/la-prochaine-reunion-de-la-commission-parlementaire-mixte-maroc-ue-fin-octobre-a-rabat\/#primaryimage"},"thumbnailUrl":"https:\/\/dpress.ma\/fr\/wp-content\/uploads\/sites\/2\/2025\/07\/lknjknjn.jpg","articleSection":["Politiques"],"inLanguage":"fr-FR","potentialAction":[{"@type":"CommentAction","name":"Comment","target":["https:\/\/dpress.ma\/fr\/2025\/07\/10\/la-prochaine-reunion-de-la-commission-parlementaire-mixte-maroc-ue-fin-octobre-a-rabat\/#respond"]}]},{"@type":"WebPage","@id":"https:\/\/dpress.ma\/fr\/2025\/07\/10\/la-prochaine-reunion-de-la-commission-parlementaire-mixte-maroc-ue-fin-octobre-a-rabat\/","url":"https:\/\/dpress.ma\/fr\/2025\/07\/10\/la-prochaine-reunion-de-la-commission-parlementaire-mixte-maroc-ue-fin-octobre-a-rabat\/","name":"La prochaine r\u00e9union de la Commission parlementaire mixte Maroc-UE, fin octobre \u00e0 Rabat - Dpress.ma\/fr","isPartOf":{"@id":"https:\/\/dpress.ma\/fr\/#website"},"primaryImageOfPage":{"@id":"https:\/\/dpress.ma\/fr\/2025\/07\/10\/la-prochaine-reunion-de-la-commission-parlementaire-mixte-maroc-ue-fin-octobre-a-rabat\/#primaryimage"},"image":{"@id":"https:\/\/dpress.ma\/fr\/2025\/07\/10\/la-prochaine-reunion-de-la-commission-parlementaire-mixte-maroc-ue-fin-octobre-a-rabat\/#primaryimage"},"thumbnailUrl":"https:\/\/dpress.ma\/fr\/wp-content\/uploads\/sites\/2\/2025\/07\/lknjknjn.jpg","datePublished":"2025-07-10T11:35:41+00:00","author":{"@id":"https:\/\/dpress.ma\/fr\/#\/schema\/person\/4898febf3ccd59e6578d838656a306a0"},"breadcrumb":{"@id":"https:\/\/dpress.ma\/fr\/2025\/07\/10\/la-prochaine-reunion-de-la-commission-parlementaire-mixte-maroc-ue-fin-octobre-a-rabat\/#breadcrumb"},"inLanguage":"fr-FR","potentialAction":[{"@type":"ReadAction","target":["https:\/\/dpress.ma\/fr\/2025\/07\/10\/la-prochaine-reunion-de-la-commission-parlementaire-mixte-maroc-ue-fin-octobre-a-rabat\/"]}]},{"@type":"ImageObject","inLanguage":"fr-FR","@id":"https:\/\/dpress.ma\/fr\/2025\/07\/10\/la-prochaine-reunion-de-la-commission-parlementaire-mixte-maroc-ue-fin-octobre-a-rabat\/#primaryimage","url":"https:\/\/dpress.ma\/fr\/wp-content\/uploads\/sites\/2\/2025\/07\/lknjknjn.jpg","contentUrl":"https:\/\/dpress.ma\/fr\/wp-content\/uploads\/sites\/2\/2025\/07\/lknjknjn.jpg","width":2539,"height":1594},{"@type":"BreadcrumbList","@id":"https:\/\/dpress.ma\/fr\/2025\/07\/10\/la-prochaine-reunion-de-la-commission-parlementaire-mixte-maroc-ue-fin-octobre-a-rabat\/#breadcrumb","itemListElement":[{"@type":"ListItem","position":1,"name":"Home","item":"https:\/\/dpress.ma\/fr\/"},{"@type":"ListItem","position":2,"name":"La prochaine r\u00e9union de la Commission parlementaire mixte Maroc-UE, fin octobre \u00e0 Rabat"}]},{"@type":"WebSite","@id":"https:\/\/dpress.ma\/fr\/#website","url":"https:\/\/dpress.ma\/fr\/","name":"Dpress.ma\/fr","description":"","potentialAction":[{"@type":"SearchAction","target":{"@type":"EntryPoint","urlTemplate":"https:\/\/dpress.ma\/fr\/?s={search_term_string}"},"query-input":{"@type":"PropertyValueSpecification","valueRequired":true,"valueName":"search_term_string"}}],"inLanguage":"fr-FR"},{"@type":"Person","@id":"https:\/\/dpress.ma\/fr\/#\/schema\/person\/4898febf3ccd59e6578d838656a306a0","name":"Dpress.ma","image":{"@type":"ImageObject","inLanguage":"fr-FR","@id":"https:\/\/secure.gravatar.com\/avatar\/72ecc30e9db047a2e0e7176561eb9d564ed77c8108376495b19bd8336405198a?s=96&d=mm&r=g","url":"https:\/\/secure.gravatar.com\/avatar\/72ecc30e9db047a2e0e7176561eb9d564ed77c8108376495b19bd8336405198a?s=96&d=mm&r=g","contentUrl":"https:\/\/secure.gravatar.com\/avatar\/72ecc30e9db047a2e0e7176561eb9d564ed77c8108376495b19bd8336405198a?s=96&d=mm&r=g","caption":"Dpress.ma"},"sameAs":["https:\/\/www.dpress.ma"],"url":"https:\/\/dpress.ma\/fr\/author\/dpress-ma\/"}]}},"amp_enabled":true,"_links":{"self":[{"href":"https:\/\/dpress.ma\/fr\/wp-json\/wp\/v2\/posts\/15448","targetHints":{"allow":["GET"]}}],"collection":[{"href":"https:\/\/dpress.ma\/fr\/wp-json\/wp\/v2\/posts"}],"about":[{"href":"https:\/\/dpress.ma\/fr\/wp-json\/wp\/v2\/types\/post"}],"author":[{"embeddable":true,"href":"https:\/\/dpress.ma\/fr\/wp-json\/wp\/v2\/users\/2"}],"replies":[{"embeddable":true,"href":"https:\/\/dpress.ma\/fr\/wp-json\/wp\/v2\/comments?post=15448"}],"version-history":[{"count":1,"href":"https:\/\/dpress.ma\/fr\/wp-json\/wp\/v2\/posts\/15448\/revisions"}],"predecessor-version":[{"id":15450,"href":"https:\/\/dpress.ma\/fr\/wp-json\/wp\/v2\/posts\/15448\/revisions\/15450"}],"wp:featuredmedia":[{"embeddable":true,"href":"https:\/\/dpress.ma\/fr\/wp-json\/wp\/v2\/media\/15449"}],"wp:attachment":[{"href":"https:\/\/dpress.ma\/fr\/wp-json\/wp\/v2\/media?parent=15448"}],"wp:term":[{"taxonomy":"category","embeddable":true,"href":"https:\/\/dpress.ma\/fr\/wp-json\/wp\/v2\/categories?post=15448"},{"taxonomy":"post_tag","embeddable":true,"href":"https:\/\/dpress.ma\/fr\/wp-json\/wp\/v2\/tags?post=15448"}],"curies":[{"name":"wp","href":"https:\/\/api.w.org\/{rel}","templated":true}]}}