{"id":15442,"date":"2025-07-09T15:14:27","date_gmt":"2025-07-09T15:14:27","guid":{"rendered":"https:\/\/dpress.ma\/fr\/?p=15442"},"modified":"2025-07-09T15:14:27","modified_gmt":"2025-07-09T15:14:27","slug":"can-feminine-maroc-rd-congo-les-lionnes-de-latlas-visent-la-pole-position","status":"publish","type":"post","link":"https:\/\/dpress.ma\/fr\/2025\/07\/09\/can-feminine-maroc-rd-congo-les-lionnes-de-latlas-visent-la-pole-position\/","title":{"rendered":"CAN f\u00e9minine (Maroc-RD Congo): Les Lionnes de l\u2019Atlas visent la pole position"},"content":{"rendered":"\n<p>Dpress<\/p>\n\n\n\n<p>Apr\u00e8s une entr\u00e9e en lice relev\u00e9e face \u00e0 la Zambie (2-2), les Lionnes de l\u2019Atlas d\u00e9fieront l\u2019\u00e9quipe de la RD Congo, mercredi \u00e0 Rabat, pour le compte de la deuxi\u00e8me journ\u00e9e du groupe A de la Coupe d\u2019Afrique des nations de football, avec l\u2019ambition d\u2019arracher les trois points et se placer en pole position.<\/p>\n\n\n\n<p>Devant des congolaises assomm\u00e9es par leur lourde d\u00e9faite face au S\u00e9n\u00e9gal (4 \u00e0 0), lors de la premi\u00e8re journ\u00e9e, les Marocaines, sorties fortes de leur match d\u2019ouverture, devront mettre \u00e0 profit toutes leurs qualit\u00e9s pour engranger les points de victoire et se placer dans la course au prochain tour.<\/p>\n\n\n\n<p>Le choc entre la Zambie et le S\u00e9n\u00e9gal devrait servir les int\u00e9r\u00eats de l\u2019\u00e9quipe nationale, notamment en cas de match nul de ces deux \u00e9quipes, qui lui offrirait un ascendant mental en pr\u00e9vision de la troisi\u00e8me et derni\u00e8re journ\u00e9e.<\/p>\n\n\n\n<p>Pour le coach de la s\u00e9lection marocaine, Jorge Vilda, le facteur mental sera tr\u00e8s important lors de cette rencontre.<\/p>\n\n\n\n<p>\u201cNous savons que pour ce deuxi\u00e8me match, nous affrontons une \u00e9quipe de la RD Congo qui joue le tout pour le tout car elle n\u2019a aucun point. Certes, nous avons un point, ce qui nous place en meilleure position, mais je m\u2019attends aussi \u00e0 une \u00e9quipe de la RD Congo diff\u00e9rente de celle que nous avons vue contre le S\u00e9n\u00e9gal\u201d, a indiqu\u00e9 Vilda lors de la conf\u00e9rence de presse d\u2019avant-match, tenue mardi.<\/p>\n\n\n\n<p>\u201cJe pense que les joueuses savent exactement \u00e0 quoi elles vont \u00eatre confront\u00e9es. Elles connaissent parfaitement le plan de jeu, les forces et les faiblesses de la RD Congo. Nous allons chercher la victoire, et cela nous donne encore plus d\u2019espoir et de motivation\u201d, a-t-il assur\u00e9.<\/p>\n\n\n\n<p>Les Lionnes de l\u2019Atlas \u00e9voluent dans le groupe A de cette CAN aux c\u00f4t\u00e9s de la Zambie, du S\u00e9n\u00e9gal et de la RD Congo.<\/p>\n\n\n\n<p>Le S\u00e9n\u00e9gal est en t\u00eate de ce groupe avec trois points, devant le Maroc et la Zambie, avec 1 point chacun. La RD Congo est derni\u00e8re avec 0 point \u00e0 son compteur.<\/p>\n\n\n\n<p>La CAN f\u00e9minine (Maroc-2024) connait la participation de 12 \u00e9quipes r\u00e9parties en 3 groupes. Le groupe B comprend le Nigeria, la Tunisie, l\u2019Alg\u00e9rie et le Botswana, tandis que le groupe C est compos\u00e9 de l\u2019Afrique du Sud, du Ghana, du Mali et de la Tanzanie.<\/p>\n","protected":false},"excerpt":{"rendered":"<p>Dpress Apr\u00e8s une entr\u00e9e en lice relev\u00e9e face \u00e0 la Zambie (2-2), les Lionnes de l\u2019Atlas d\u00e9fieront l\u2019\u00e9quipe de la RD Congo, mercredi \u00e0 Rabat, pour le compte de la deuxi\u00e8me journ\u00e9e du groupe A de la Coupe d\u2019Afrique des nations de football, avec l\u2019ambition d\u2019arracher les trois points et se placer en pole position. &hellip;<\/p>\n","protected":false},"author":2,"featured_media":15443,"comment_status":"open","ping_status":"open","sticky":false,"template":"","format":"standard","meta":{"footnotes":""},"categories":[27],"tags":[],"class_list":["post-15442","post","type-post","status-publish","format-standard","has-post-thumbnail","hentry","category-sport"],"yoast_head":"<!-- This site is optimized with the Yoast SEO plugin v27.5 - https:\/\/yoast.com\/product\/yoast-seo-wordpress\/ -->\n<title>CAN f\u00e9minine (Maroc-RD Congo): Les Lionnes de l\u2019Atlas visent la pole position - Dpress.ma\/fr<\/title>\n<meta name=\"robots\" content=\"index, follow, max-snippet:-1, max-image-preview:large, max-video-preview:-1\" \/>\n<link rel=\"canonical\" href=\"https:\/\/dpress.ma\/fr\/2025\/07\/09\/can-feminine-maroc-rd-congo-les-lionnes-de-latlas-visent-la-pole-position\/\" \/>\n<meta property=\"og:locale\" content=\"fr_FR\" \/>\n<meta property=\"og:type\" content=\"article\" \/>\n<meta property=\"og:title\" content=\"CAN f\u00e9minine (Maroc-RD Congo): Les Lionnes de l\u2019Atlas visent la pole position - Dpress.ma\/fr\" \/>\n<meta property=\"og:description\" content=\"Dpress Apr\u00e8s une entr\u00e9e en lice relev\u00e9e face \u00e0 la Zambie (2-2), les Lionnes de l\u2019Atlas d\u00e9fieront l\u2019\u00e9quipe de la RD Congo, mercredi \u00e0 Rabat, pour le compte de la deuxi\u00e8me journ\u00e9e du groupe A de la Coupe d\u2019Afrique des nations de football, avec l\u2019ambition d\u2019arracher les trois points et se placer en pole position. &hellip;\" \/>\n<meta property=\"og:url\" content=\"https:\/\/dpress.ma\/fr\/2025\/07\/09\/can-feminine-maroc-rd-congo-les-lionnes-de-latlas-visent-la-pole-position\/\" \/>\n<meta property=\"og:site_name\" content=\"Dpress.ma\/fr\" \/>\n<meta property=\"article:published_time\" content=\"2025-07-09T15:14:27+00:00\" \/>\n<meta property=\"og:image\" content=\"https:\/\/dpress.ma\/fr\/wp-content\/uploads\/sites\/2\/2025\/07\/jhgbtuytf.jpg\" \/>\n\t<meta property=\"og:image:width\" content=\"2539\" \/>\n\t<meta property=\"og:image:height\" content=\"1594\" \/>\n\t<meta property=\"og:image:type\" content=\"image\/jpeg\" \/>\n<meta name=\"author\" content=\"Dpress.ma\" \/>\n<meta name=\"twitter:card\" content=\"summary_large_image\" \/>\n<meta name=\"twitter:label1\" content=\"\u00c9crit par\" \/>\n\t<meta name=\"twitter:data1\" content=\"Dpress.ma\" \/>\n\t<meta name=\"twitter:label2\" content=\"Dur\u00e9e de lecture estim\u00e9e\" \/>\n\t<meta name=\"twitter:data2\" content=\"3 minutes\" \/>\n<script type=\"application\/ld+json\" class=\"yoast-schema-graph\">{\"@context\":\"https:\\\/\\\/schema.org\",\"@graph\":[{\"@type\":\"Article\",\"@id\":\"https:\\\/\\\/dpress.ma\\\/fr\\\/2025\\\/07\\\/09\\\/can-feminine-maroc-rd-congo-les-lionnes-de-latlas-visent-la-pole-position\\\/#article\",\"isPartOf\":{\"@id\":\"https:\\\/\\\/dpress.ma\\\/fr\\\/2025\\\/07\\\/09\\\/can-feminine-maroc-rd-congo-les-lionnes-de-latlas-visent-la-pole-position\\\/\"},\"author\":{\"name\":\"Dpress.ma\",\"@id\":\"https:\\\/\\\/dpress.ma\\\/fr\\\/#\\\/schema\\\/person\\\/4898febf3ccd59e6578d838656a306a0\"},\"headline\":\"CAN f\u00e9minine (Maroc-RD Congo): Les Lionnes de l\u2019Atlas visent la pole position\",\"datePublished\":\"2025-07-09T15:14:27+00:00\",\"mainEntityOfPage\":{\"@id\":\"https:\\\/\\\/dpress.ma\\\/fr\\\/2025\\\/07\\\/09\\\/can-feminine-maroc-rd-congo-les-lionnes-de-latlas-visent-la-pole-position\\\/\"},\"wordCount\":436,\"commentCount\":0,\"image\":{\"@id\":\"https:\\\/\\\/dpress.ma\\\/fr\\\/2025\\\/07\\\/09\\\/can-feminine-maroc-rd-congo-les-lionnes-de-latlas-visent-la-pole-position\\\/#primaryimage\"},\"thumbnailUrl\":\"https:\\\/\\\/dpress.ma\\\/fr\\\/wp-content\\\/uploads\\\/sites\\\/2\\\/2025\\\/07\\\/jhgbtuytf.jpg\",\"articleSection\":[\"Sport\"],\"inLanguage\":\"fr-FR\",\"potentialAction\":[{\"@type\":\"CommentAction\",\"name\":\"Comment\",\"target\":[\"https:\\\/\\\/dpress.ma\\\/fr\\\/2025\\\/07\\\/09\\\/can-feminine-maroc-rd-congo-les-lionnes-de-latlas-visent-la-pole-position\\\/#respond\"]}]},{\"@type\":\"WebPage\",\"@id\":\"https:\\\/\\\/dpress.ma\\\/fr\\\/2025\\\/07\\\/09\\\/can-feminine-maroc-rd-congo-les-lionnes-de-latlas-visent-la-pole-position\\\/\",\"url\":\"https:\\\/\\\/dpress.ma\\\/fr\\\/2025\\\/07\\\/09\\\/can-feminine-maroc-rd-congo-les-lionnes-de-latlas-visent-la-pole-position\\\/\",\"name\":\"CAN f\u00e9minine (Maroc-RD Congo): Les Lionnes de l\u2019Atlas visent la pole position - Dpress.ma\\\/fr\",\"isPartOf\":{\"@id\":\"https:\\\/\\\/dpress.ma\\\/fr\\\/#website\"},\"primaryImageOfPage\":{\"@id\":\"https:\\\/\\\/dpress.ma\\\/fr\\\/2025\\\/07\\\/09\\\/can-feminine-maroc-rd-congo-les-lionnes-de-latlas-visent-la-pole-position\\\/#primaryimage\"},\"image\":{\"@id\":\"https:\\\/\\\/dpress.ma\\\/fr\\\/2025\\\/07\\\/09\\\/can-feminine-maroc-rd-congo-les-lionnes-de-latlas-visent-la-pole-position\\\/#primaryimage\"},\"thumbnailUrl\":\"https:\\\/\\\/dpress.ma\\\/fr\\\/wp-content\\\/uploads\\\/sites\\\/2\\\/2025\\\/07\\\/jhgbtuytf.jpg\",\"datePublished\":\"2025-07-09T15:14:27+00:00\",\"author\":{\"@id\":\"https:\\\/\\\/dpress.ma\\\/fr\\\/#\\\/schema\\\/person\\\/4898febf3ccd59e6578d838656a306a0\"},\"breadcrumb\":{\"@id\":\"https:\\\/\\\/dpress.ma\\\/fr\\\/2025\\\/07\\\/09\\\/can-feminine-maroc-rd-congo-les-lionnes-de-latlas-visent-la-pole-position\\\/#breadcrumb\"},\"inLanguage\":\"fr-FR\",\"potentialAction\":[{\"@type\":\"ReadAction\",\"target\":[\"https:\\\/\\\/dpress.ma\\\/fr\\\/2025\\\/07\\\/09\\\/can-feminine-maroc-rd-congo-les-lionnes-de-latlas-visent-la-pole-position\\\/\"]}]},{\"@type\":\"ImageObject\",\"inLanguage\":\"fr-FR\",\"@id\":\"https:\\\/\\\/dpress.ma\\\/fr\\\/2025\\\/07\\\/09\\\/can-feminine-maroc-rd-congo-les-lionnes-de-latlas-visent-la-pole-position\\\/#primaryimage\",\"url\":\"https:\\\/\\\/dpress.ma\\\/fr\\\/wp-content\\\/uploads\\\/sites\\\/2\\\/2025\\\/07\\\/jhgbtuytf.jpg\",\"contentUrl\":\"https:\\\/\\\/dpress.ma\\\/fr\\\/wp-content\\\/uploads\\\/sites\\\/2\\\/2025\\\/07\\\/jhgbtuytf.jpg\",\"width\":2539,\"height\":1594},{\"@type\":\"BreadcrumbList\",\"@id\":\"https:\\\/\\\/dpress.ma\\\/fr\\\/2025\\\/07\\\/09\\\/can-feminine-maroc-rd-congo-les-lionnes-de-latlas-visent-la-pole-position\\\/#breadcrumb\",\"itemListElement\":[{\"@type\":\"ListItem\",\"position\":1,\"name\":\"Home\",\"item\":\"https:\\\/\\\/dpress.ma\\\/fr\\\/\"},{\"@type\":\"ListItem\",\"position\":2,\"name\":\"CAN f\u00e9minine (Maroc-RD Congo): Les Lionnes de l\u2019Atlas visent la pole position\"}]},{\"@type\":\"WebSite\",\"@id\":\"https:\\\/\\\/dpress.ma\\\/fr\\\/#website\",\"url\":\"https:\\\/\\\/dpress.ma\\\/fr\\\/\",\"name\":\"Dpress.ma\\\/fr\",\"description\":\"\",\"potentialAction\":[{\"@type\":\"SearchAction\",\"target\":{\"@type\":\"EntryPoint\",\"urlTemplate\":\"https:\\\/\\\/dpress.ma\\\/fr\\\/?s={search_term_string}\"},\"query-input\":{\"@type\":\"PropertyValueSpecification\",\"valueRequired\":true,\"valueName\":\"search_term_string\"}}],\"inLanguage\":\"fr-FR\"},{\"@type\":\"Person\",\"@id\":\"https:\\\/\\\/dpress.ma\\\/fr\\\/#\\\/schema\\\/person\\\/4898febf3ccd59e6578d838656a306a0\",\"name\":\"Dpress.ma\",\"image\":{\"@type\":\"ImageObject\",\"inLanguage\":\"fr-FR\",\"@id\":\"https:\\\/\\\/secure.gravatar.com\\\/avatar\\\/72ecc30e9db047a2e0e7176561eb9d564ed77c8108376495b19bd8336405198a?s=96&d=mm&r=g\",\"url\":\"https:\\\/\\\/secure.gravatar.com\\\/avatar\\\/72ecc30e9db047a2e0e7176561eb9d564ed77c8108376495b19bd8336405198a?s=96&d=mm&r=g\",\"contentUrl\":\"https:\\\/\\\/secure.gravatar.com\\\/avatar\\\/72ecc30e9db047a2e0e7176561eb9d564ed77c8108376495b19bd8336405198a?s=96&d=mm&r=g\",\"caption\":\"Dpress.ma\"},\"sameAs\":[\"https:\\\/\\\/www.dpress.ma\"],\"url\":\"https:\\\/\\\/dpress.ma\\\/fr\\\/author\\\/dpress-ma\\\/\"}]}<\/script>\n<!-- \/ Yoast SEO plugin. -->","yoast_head_json":{"title":"CAN f\u00e9minine (Maroc-RD Congo): Les Lionnes de l\u2019Atlas visent la pole position - Dpress.ma\/fr","robots":{"index":"index","follow":"follow","max-snippet":"max-snippet:-1","max-image-preview":"max-image-preview:large","max-video-preview":"max-video-preview:-1"},"canonical":"https:\/\/dpress.ma\/fr\/2025\/07\/09\/can-feminine-maroc-rd-congo-les-lionnes-de-latlas-visent-la-pole-position\/","og_locale":"fr_FR","og_type":"article","og_title":"CAN f\u00e9minine (Maroc-RD Congo): Les Lionnes de l\u2019Atlas visent la pole position - Dpress.ma\/fr","og_description":"Dpress Apr\u00e8s une entr\u00e9e en lice relev\u00e9e face \u00e0 la Zambie (2-2), les Lionnes de l\u2019Atlas d\u00e9fieront l\u2019\u00e9quipe de la RD Congo, mercredi \u00e0 Rabat, pour le compte de la deuxi\u00e8me journ\u00e9e du groupe A de la Coupe d\u2019Afrique des nations de football, avec l\u2019ambition d\u2019arracher les trois points et se placer en pole position. &hellip;","og_url":"https:\/\/dpress.ma\/fr\/2025\/07\/09\/can-feminine-maroc-rd-congo-les-lionnes-de-latlas-visent-la-pole-position\/","og_site_name":"Dpress.ma\/fr","article_published_time":"2025-07-09T15:14:27+00:00","og_image":[{"width":2539,"height":1594,"url":"https:\/\/dpress.ma\/fr\/wp-content\/uploads\/sites\/2\/2025\/07\/jhgbtuytf.jpg","type":"image\/jpeg"}],"author":"Dpress.ma","twitter_card":"summary_large_image","twitter_misc":{"\u00c9crit par":"Dpress.ma","Dur\u00e9e de lecture estim\u00e9e":"3 minutes"},"schema":{"@context":"https:\/\/schema.org","@graph":[{"@type":"Article","@id":"https:\/\/dpress.ma\/fr\/2025\/07\/09\/can-feminine-maroc-rd-congo-les-lionnes-de-latlas-visent-la-pole-position\/#article","isPartOf":{"@id":"https:\/\/dpress.ma\/fr\/2025\/07\/09\/can-feminine-maroc-rd-congo-les-lionnes-de-latlas-visent-la-pole-position\/"},"author":{"name":"Dpress.ma","@id":"https:\/\/dpress.ma\/fr\/#\/schema\/person\/4898febf3ccd59e6578d838656a306a0"},"headline":"CAN f\u00e9minine (Maroc-RD Congo): Les Lionnes de l\u2019Atlas visent la pole position","datePublished":"2025-07-09T15:14:27+00:00","mainEntityOfPage":{"@id":"https:\/\/dpress.ma\/fr\/2025\/07\/09\/can-feminine-maroc-rd-congo-les-lionnes-de-latlas-visent-la-pole-position\/"},"wordCount":436,"commentCount":0,"image":{"@id":"https:\/\/dpress.ma\/fr\/2025\/07\/09\/can-feminine-maroc-rd-congo-les-lionnes-de-latlas-visent-la-pole-position\/#primaryimage"},"thumbnailUrl":"https:\/\/dpress.ma\/fr\/wp-content\/uploads\/sites\/2\/2025\/07\/jhgbtuytf.jpg","articleSection":["Sport"],"inLanguage":"fr-FR","potentialAction":[{"@type":"CommentAction","name":"Comment","target":["https:\/\/dpress.ma\/fr\/2025\/07\/09\/can-feminine-maroc-rd-congo-les-lionnes-de-latlas-visent-la-pole-position\/#respond"]}]},{"@type":"WebPage","@id":"https:\/\/dpress.ma\/fr\/2025\/07\/09\/can-feminine-maroc-rd-congo-les-lionnes-de-latlas-visent-la-pole-position\/","url":"https:\/\/dpress.ma\/fr\/2025\/07\/09\/can-feminine-maroc-rd-congo-les-lionnes-de-latlas-visent-la-pole-position\/","name":"CAN f\u00e9minine (Maroc-RD Congo): Les Lionnes de l\u2019Atlas visent la pole position - Dpress.ma\/fr","isPartOf":{"@id":"https:\/\/dpress.ma\/fr\/#website"},"primaryImageOfPage":{"@id":"https:\/\/dpress.ma\/fr\/2025\/07\/09\/can-feminine-maroc-rd-congo-les-lionnes-de-latlas-visent-la-pole-position\/#primaryimage"},"image":{"@id":"https:\/\/dpress.ma\/fr\/2025\/07\/09\/can-feminine-maroc-rd-congo-les-lionnes-de-latlas-visent-la-pole-position\/#primaryimage"},"thumbnailUrl":"https:\/\/dpress.ma\/fr\/wp-content\/uploads\/sites\/2\/2025\/07\/jhgbtuytf.jpg","datePublished":"2025-07-09T15:14:27+00:00","author":{"@id":"https:\/\/dpress.ma\/fr\/#\/schema\/person\/4898febf3ccd59e6578d838656a306a0"},"breadcrumb":{"@id":"https:\/\/dpress.ma\/fr\/2025\/07\/09\/can-feminine-maroc-rd-congo-les-lionnes-de-latlas-visent-la-pole-position\/#breadcrumb"},"inLanguage":"fr-FR","potentialAction":[{"@type":"ReadAction","target":["https:\/\/dpress.ma\/fr\/2025\/07\/09\/can-feminine-maroc-rd-congo-les-lionnes-de-latlas-visent-la-pole-position\/"]}]},{"@type":"ImageObject","inLanguage":"fr-FR","@id":"https:\/\/dpress.ma\/fr\/2025\/07\/09\/can-feminine-maroc-rd-congo-les-lionnes-de-latlas-visent-la-pole-position\/#primaryimage","url":"https:\/\/dpress.ma\/fr\/wp-content\/uploads\/sites\/2\/2025\/07\/jhgbtuytf.jpg","contentUrl":"https:\/\/dpress.ma\/fr\/wp-content\/uploads\/sites\/2\/2025\/07\/jhgbtuytf.jpg","width":2539,"height":1594},{"@type":"BreadcrumbList","@id":"https:\/\/dpress.ma\/fr\/2025\/07\/09\/can-feminine-maroc-rd-congo-les-lionnes-de-latlas-visent-la-pole-position\/#breadcrumb","itemListElement":[{"@type":"ListItem","position":1,"name":"Home","item":"https:\/\/dpress.ma\/fr\/"},{"@type":"ListItem","position":2,"name":"CAN f\u00e9minine (Maroc-RD Congo): Les Lionnes de l\u2019Atlas visent la pole position"}]},{"@type":"WebSite","@id":"https:\/\/dpress.ma\/fr\/#website","url":"https:\/\/dpress.ma\/fr\/","name":"Dpress.ma\/fr","description":"","potentialAction":[{"@type":"SearchAction","target":{"@type":"EntryPoint","urlTemplate":"https:\/\/dpress.ma\/fr\/?s={search_term_string}"},"query-input":{"@type":"PropertyValueSpecification","valueRequired":true,"valueName":"search_term_string"}}],"inLanguage":"fr-FR"},{"@type":"Person","@id":"https:\/\/dpress.ma\/fr\/#\/schema\/person\/4898febf3ccd59e6578d838656a306a0","name":"Dpress.ma","image":{"@type":"ImageObject","inLanguage":"fr-FR","@id":"https:\/\/secure.gravatar.com\/avatar\/72ecc30e9db047a2e0e7176561eb9d564ed77c8108376495b19bd8336405198a?s=96&d=mm&r=g","url":"https:\/\/secure.gravatar.com\/avatar\/72ecc30e9db047a2e0e7176561eb9d564ed77c8108376495b19bd8336405198a?s=96&d=mm&r=g","contentUrl":"https:\/\/secure.gravatar.com\/avatar\/72ecc30e9db047a2e0e7176561eb9d564ed77c8108376495b19bd8336405198a?s=96&d=mm&r=g","caption":"Dpress.ma"},"sameAs":["https:\/\/www.dpress.ma"],"url":"https:\/\/dpress.ma\/fr\/author\/dpress-ma\/"}]}},"amp_enabled":true,"_links":{"self":[{"href":"https:\/\/dpress.ma\/fr\/wp-json\/wp\/v2\/posts\/15442","targetHints":{"allow":["GET"]}}],"collection":[{"href":"https:\/\/dpress.ma\/fr\/wp-json\/wp\/v2\/posts"}],"about":[{"href":"https:\/\/dpress.ma\/fr\/wp-json\/wp\/v2\/types\/post"}],"author":[{"embeddable":true,"href":"https:\/\/dpress.ma\/fr\/wp-json\/wp\/v2\/users\/2"}],"replies":[{"embeddable":true,"href":"https:\/\/dpress.ma\/fr\/wp-json\/wp\/v2\/comments?post=15442"}],"version-history":[{"count":1,"href":"https:\/\/dpress.ma\/fr\/wp-json\/wp\/v2\/posts\/15442\/revisions"}],"predecessor-version":[{"id":15444,"href":"https:\/\/dpress.ma\/fr\/wp-json\/wp\/v2\/posts\/15442\/revisions\/15444"}],"wp:featuredmedia":[{"embeddable":true,"href":"https:\/\/dpress.ma\/fr\/wp-json\/wp\/v2\/media\/15443"}],"wp:attachment":[{"href":"https:\/\/dpress.ma\/fr\/wp-json\/wp\/v2\/media?parent=15442"}],"wp:term":[{"taxonomy":"category","embeddable":true,"href":"https:\/\/dpress.ma\/fr\/wp-json\/wp\/v2\/categories?post=15442"},{"taxonomy":"post_tag","embeddable":true,"href":"https:\/\/dpress.ma\/fr\/wp-json\/wp\/v2\/tags?post=15442"}],"curies":[{"name":"wp","href":"https:\/\/api.w.org\/{rel}","templated":true}]}}