{"id":15436,"date":"2025-07-09T09:50:38","date_gmt":"2025-07-09T09:50:38","guid":{"rendered":"https:\/\/dpress.ma\/fr\/?p=15436"},"modified":"2025-07-09T09:50:39","modified_gmt":"2025-07-09T09:50:39","slug":"parution-du-31eme-numero-de-la-revue-echos-du-comite-al-qods","status":"publish","type":"post","link":"https:\/\/dpress.ma\/fr\/2025\/07\/09\/parution-du-31eme-numero-de-la-revue-echos-du-comite-al-qods\/","title":{"rendered":"Parution du 31\u00e8me num\u00e9ro de la revue \u201c\u00c9chos du Comit\u00e9 Al-Qods\u201d"},"content":{"rendered":"\n<p>Dpress<\/p>\n\n\n\n<p>&nbsp;L\u2019Agence Bayt Mal Al-Qods Acharif vient de publier le 31\u00e8me num\u00e9ro de sa revue \u201c\u00c9chos du Comit\u00e9 Al-Qods\u201d, en langues arabe et anglaise.<\/p>\n\n\n\n<p>La couverture de ce num\u00e9ro est consacr\u00e9e \u00e0 la poursuite des campagnes humanitaires de l\u2019Agence en faveur de la population palestinienne \u00e0 Al Qods, qui comprend \u00e9galement les familles les plus vuln\u00e9rables de la bande de Gaza.<\/p>\n\n\n\n<p>Ce nouveau num\u00e9ro rappelle le contenu du Discours adress\u00e9 par Sa Majest\u00e9 le Roi Mohammed VI au 34\u00e8me Sommet de la Ligue des \u00c9tats Arabes, tenu \u00e0 Bagdad les 17 et 18 mai 2025, dans lequel le Souverain a affirm\u00e9 que \u201cpartant de la responsabilit\u00e9 qui est la N\u00f4tre en qualit\u00e9 de Pr\u00e9sident du Comit\u00e9 Al-Qods, Nous continuerons \u00e0 d\u00e9fendre les sanctuaires sacr\u00e9s, au premier chef desquels Al-Qods Acharif. Pour cela, Nous allions l\u2019action politique et diplomatique avec le travail men\u00e9 sur le terrain par l\u2019Agence Bayt Mal Al-Qods\u201d.<\/p>\n\n\n\n<p>Dans l\u2019\u00e9ditorial de ce num\u00e9ro, le directeur charg\u00e9 de la gestion de l\u2019Agence Bayt Mal Al-Qods Acharif, Mohamed Salem Cherkaoui, a not\u00e9 que dans le cadre de sa strat\u00e9gie num\u00e9rique 2024-2027, l\u2019Agence a lanc\u00e9 r\u00e9cemment \u00e0 Rabat l\u2019application \u201cHayya\u201d, sp\u00e9cialement con\u00e7ue pour les enfants et les adolescents, qui propose des contenus p\u00e9dagogiques et culturels sur la valeur de la ville sainte, dont une s\u00e9rie de bande dessin\u00e9e intitul\u00e9e \u201cLes cinq cl\u00e9s d\u2019Al-Qods\u201d.<\/p>\n\n\n\n<p>\u201cIl s\u2019agit tournant dans le travail de l\u2019Agence, marqu\u00e9 par le recours \u00e0 la technologie que les g\u00e9n\u00e9rations Z, Alpha et Beta savent manipuler\u201d, a relev\u00e9 M. Cherkaoui, pr\u00e9cisant que cette application propose des diaporamas interactives utilisant la technologie de la r\u00e9alit\u00e9 augment\u00e9e et comprenant un Code QR qui permet aux utilisateurs de participer \u00e0 des concours et de poser des questions sur Al-Qods, son architecture, son histoire et sa civilisation\u201d.<\/p>\n\n\n\n<p>\u201cNous avons choisi de faire la promotion de cette application \u00e0 partir du Royaume du Maroc, si\u00e8ge du Comit\u00e9 Al-Qods pr\u00e9sid\u00e9 par Sa Majest\u00e9 le Roi Mohammed VI, avec une publicit\u00e9 simple et cibl\u00e9e, soutenue par le minist\u00e8re de l\u2019\u00c9ducation nationale, du Pr\u00e9scolaire et des Sports, afin de mettre en lumi\u00e8re le lien ind\u00e9fectible des Marocains, toutes g\u00e9n\u00e9rations confondues, avec leurs fr\u00e8res palestiniens en toutes circonstances\u201d, a-t-il soulign\u00e9.<\/p>\n\n\n\n<p>Le premier \u00e9pisode de la s\u00e9rie anim\u00e9e \u201cLes cinq cl\u00e9s d\u2019Al-Qods\u201d raconte l\u2019histoire de l\u2019attachement profond des Marocains \u00e0 Al-Qods, retra\u00e7ant les diff\u00e9rentes \u00e9tapes de leurs d\u00e9placements \u00e0 la ville sainte, en tant que moujahidine, p\u00e8lerins ou r\u00e9sidents venus chercher et diffuser le savoir. \u201cIls y ont b\u00e2ti leurs quartiers o\u00f9 ils ont v\u00e9cu en s\u2019attachant \u00e0 pr\u00e9server leurs us et coutumes et leur doctrine religieuse\u201d, a expliqu\u00e9 M. Cherkaoui.<\/p>\n\n\n\n<p>\u201cNous avons l\u2019honneur, au sein de l\u2019Agence Bayt Mal Al-Qods Acharif, Marocains et Palestiniens, de pr\u00e9senter ce mod\u00e8le inspirant aux g\u00e9n\u00e9rations futures. Ce m\u00eame mod\u00e8le qui, encore aujourd\u2019hui, rassemble les Marocains dans les rues en solidarit\u00e9 avec la cause palestinienne et pour apporter leur soutien financier et mat\u00e9riel d\u00e8s que l\u2019appel est lanc\u00e9\u201d, s\u2019est f\u00e9licit\u00e9 M. Cherkaoui.<\/p>\n\n\n\n<p>Et d\u2019affirmer que \u201cnous avons un exemple \u00e0 suivre en Sa Majest\u00e9 le Roi Mohammed VI, Pr\u00e9sident du Comit\u00e9 Al-Qods,&nbsp;qui fait des dons personnels au peuple palestinien, ordonne l\u2019envoi d\u2019aides humanitaires et m\u00e9dicales aux populations d\u2019Al-Qods et de Gaza et mobilise la diplomatie marocaine au service de la cause palestinienne sur tous les fronts\u201d.<\/p>\n\n\n\n<p>Ce nouveau num\u00e9ro de la revue&nbsp;\u201c\u00c9chos du Comit\u00e9 Al-Qods\u201d&nbsp;comprend \u00e9galement un suppl\u00e9ment bilingue (arabe-anglais) consacr\u00e9 \u00e0 la 5\u00e8me \u00e9dition du mod\u00e8le de simulation du Sommet international de l\u2019enfance pour Al-Qods, organis\u00e9e par l\u2019Agence en coop\u00e9ration avec l\u2019Acad\u00e9mie du Royaume du Maroc et avec le soutien du minist\u00e8re de l\u2019\u00c9ducation nationale, du Pr\u00e9scolaire et des Sports, les 13 et 14 mai derniers \u00e0 Rabat, sous le th\u00e8me&nbsp;\u201cPour les enfants de Palestine : pas d\u2019alternatives \u00e0 la paix\u201d, avec la participation d\u2019\u00e9l\u00e8ves issus de&nbsp;24 nationalit\u00e9s, ainsi que de jeunes Maqdessis.<\/p>\n\n\n\n<p>Outre les rubriques fixes, ce 31\u00e8me num\u00e9ro contient un dossier intitul\u00e9 \u201cChaire des \u00e9tudes marocaines \u00e0 l\u2019Universit\u00e9 d\u2019Al-Qods\u201d qui vise \u00e0 renforcer la pr\u00e9sence marocaine en Palestine et au Moyen-Orient \u00e0 travers les recherches, \u00e9tudes et rencontres qu\u2019elle organisera ou auxquelles elle prendra part.<\/p>\n\n\n\n<p>Cette initiative s\u2019inscrit en droite ligne de la feuille de route du&nbsp;Centre culturel marocain (Bayt Al-Maghrib) \u00e0 Al-Qods et du programme d\u2019action du&nbsp;Centre de recherches et d\u2019\u00e9tudes Bayt Al-Maqdiss, qu\u2019abrite le si\u00e8ge de l\u2019Agence \u00e0 Rabat.<\/p>\n\n\n\n<p>Par ailleurs, ce 31\u00e8me num\u00e9ro passe en revue les diff\u00e9rentes actions men\u00e9es par l\u2019Agence Bayt Mal Al-Qods Acharif au cours des trois derniers mois.<\/p>\n","protected":false},"excerpt":{"rendered":"<p>Dpress &nbsp;L\u2019Agence Bayt Mal Al-Qods Acharif vient de publier le 31\u00e8me num\u00e9ro de sa revue \u201c\u00c9chos du Comit\u00e9 Al-Qods\u201d, en langues arabe et anglaise. La couverture de ce num\u00e9ro est consacr\u00e9e \u00e0 la poursuite des campagnes humanitaires de l\u2019Agence en faveur de la population palestinienne \u00e0 Al Qods, qui comprend \u00e9galement les familles les plus &hellip;<\/p>\n","protected":false},"author":2,"featured_media":15437,"comment_status":"open","ping_status":"open","sticky":false,"template":"","format":"standard","meta":{"footnotes":""},"categories":[31],"tags":[],"class_list":["post-15436","post","type-post","status-publish","format-standard","has-post-thumbnail","hentry","category-art-et-culture"],"yoast_head":"<!-- This site is optimized with the Yoast SEO plugin v27.5 - https:\/\/yoast.com\/product\/yoast-seo-wordpress\/ -->\n<title>Parution du 31\u00e8me num\u00e9ro de la revue \u201c\u00c9chos du Comit\u00e9 Al-Qods\u201d - Dpress.ma\/fr<\/title>\n<meta name=\"robots\" content=\"index, follow, max-snippet:-1, max-image-preview:large, max-video-preview:-1\" \/>\n<link rel=\"canonical\" href=\"https:\/\/dpress.ma\/fr\/2025\/07\/09\/parution-du-31eme-numero-de-la-revue-echos-du-comite-al-qods\/\" \/>\n<meta property=\"og:locale\" content=\"fr_FR\" \/>\n<meta property=\"og:type\" content=\"article\" \/>\n<meta property=\"og:title\" content=\"Parution du 31\u00e8me num\u00e9ro de la revue \u201c\u00c9chos du Comit\u00e9 Al-Qods\u201d - Dpress.ma\/fr\" \/>\n<meta property=\"og:description\" content=\"Dpress &nbsp;L\u2019Agence Bayt Mal Al-Qods Acharif vient de publier le 31\u00e8me num\u00e9ro de sa revue \u201c\u00c9chos du Comit\u00e9 Al-Qods\u201d, en langues arabe et anglaise. La couverture de ce num\u00e9ro est consacr\u00e9e \u00e0 la poursuite des campagnes humanitaires de l\u2019Agence en faveur de la population palestinienne \u00e0 Al Qods, qui comprend \u00e9galement les familles les plus &hellip;\" \/>\n<meta property=\"og:url\" content=\"https:\/\/dpress.ma\/fr\/2025\/07\/09\/parution-du-31eme-numero-de-la-revue-echos-du-comite-al-qods\/\" \/>\n<meta property=\"og:site_name\" content=\"Dpress.ma\/fr\" \/>\n<meta property=\"article:published_time\" content=\"2025-07-09T09:50:38+00:00\" \/>\n<meta property=\"article:modified_time\" content=\"2025-07-09T09:50:39+00:00\" \/>\n<meta property=\"og:image\" content=\"https:\/\/dpress.ma\/fr\/wp-content\/uploads\/sites\/2\/2025\/07\/diokdfiodfoi.jpg\" \/>\n\t<meta property=\"og:image:width\" content=\"2539\" \/>\n\t<meta property=\"og:image:height\" content=\"1594\" \/>\n\t<meta property=\"og:image:type\" content=\"image\/jpeg\" \/>\n<meta name=\"author\" content=\"Dpress.ma\" \/>\n<meta name=\"twitter:card\" content=\"summary_large_image\" \/>\n<meta name=\"twitter:label1\" content=\"\u00c9crit par\" \/>\n\t<meta name=\"twitter:data1\" content=\"Dpress.ma\" \/>\n\t<meta name=\"twitter:label2\" content=\"Dur\u00e9e de lecture estim\u00e9e\" \/>\n\t<meta name=\"twitter:data2\" content=\"4 minutes\" \/>\n<script type=\"application\/ld+json\" class=\"yoast-schema-graph\">{\"@context\":\"https:\\\/\\\/schema.org\",\"@graph\":[{\"@type\":\"Article\",\"@id\":\"https:\\\/\\\/dpress.ma\\\/fr\\\/2025\\\/07\\\/09\\\/parution-du-31eme-numero-de-la-revue-echos-du-comite-al-qods\\\/#article\",\"isPartOf\":{\"@id\":\"https:\\\/\\\/dpress.ma\\\/fr\\\/2025\\\/07\\\/09\\\/parution-du-31eme-numero-de-la-revue-echos-du-comite-al-qods\\\/\"},\"author\":{\"name\":\"Dpress.ma\",\"@id\":\"https:\\\/\\\/dpress.ma\\\/fr\\\/#\\\/schema\\\/person\\\/4898febf3ccd59e6578d838656a306a0\"},\"headline\":\"Parution du 31\u00e8me num\u00e9ro de la revue \u201c\u00c9chos du Comit\u00e9 Al-Qods\u201d\",\"datePublished\":\"2025-07-09T09:50:38+00:00\",\"dateModified\":\"2025-07-09T09:50:39+00:00\",\"mainEntityOfPage\":{\"@id\":\"https:\\\/\\\/dpress.ma\\\/fr\\\/2025\\\/07\\\/09\\\/parution-du-31eme-numero-de-la-revue-echos-du-comite-al-qods\\\/\"},\"wordCount\":848,\"commentCount\":0,\"image\":{\"@id\":\"https:\\\/\\\/dpress.ma\\\/fr\\\/2025\\\/07\\\/09\\\/parution-du-31eme-numero-de-la-revue-echos-du-comite-al-qods\\\/#primaryimage\"},\"thumbnailUrl\":\"https:\\\/\\\/dpress.ma\\\/fr\\\/wp-content\\\/uploads\\\/sites\\\/2\\\/2025\\\/07\\\/diokdfiodfoi.jpg\",\"articleSection\":[\"Art et Culture\"],\"inLanguage\":\"fr-FR\",\"potentialAction\":[{\"@type\":\"CommentAction\",\"name\":\"Comment\",\"target\":[\"https:\\\/\\\/dpress.ma\\\/fr\\\/2025\\\/07\\\/09\\\/parution-du-31eme-numero-de-la-revue-echos-du-comite-al-qods\\\/#respond\"]}]},{\"@type\":\"WebPage\",\"@id\":\"https:\\\/\\\/dpress.ma\\\/fr\\\/2025\\\/07\\\/09\\\/parution-du-31eme-numero-de-la-revue-echos-du-comite-al-qods\\\/\",\"url\":\"https:\\\/\\\/dpress.ma\\\/fr\\\/2025\\\/07\\\/09\\\/parution-du-31eme-numero-de-la-revue-echos-du-comite-al-qods\\\/\",\"name\":\"Parution du 31\u00e8me num\u00e9ro de la revue \u201c\u00c9chos du Comit\u00e9 Al-Qods\u201d - Dpress.ma\\\/fr\",\"isPartOf\":{\"@id\":\"https:\\\/\\\/dpress.ma\\\/fr\\\/#website\"},\"primaryImageOfPage\":{\"@id\":\"https:\\\/\\\/dpress.ma\\\/fr\\\/2025\\\/07\\\/09\\\/parution-du-31eme-numero-de-la-revue-echos-du-comite-al-qods\\\/#primaryimage\"},\"image\":{\"@id\":\"https:\\\/\\\/dpress.ma\\\/fr\\\/2025\\\/07\\\/09\\\/parution-du-31eme-numero-de-la-revue-echos-du-comite-al-qods\\\/#primaryimage\"},\"thumbnailUrl\":\"https:\\\/\\\/dpress.ma\\\/fr\\\/wp-content\\\/uploads\\\/sites\\\/2\\\/2025\\\/07\\\/diokdfiodfoi.jpg\",\"datePublished\":\"2025-07-09T09:50:38+00:00\",\"dateModified\":\"2025-07-09T09:50:39+00:00\",\"author\":{\"@id\":\"https:\\\/\\\/dpress.ma\\\/fr\\\/#\\\/schema\\\/person\\\/4898febf3ccd59e6578d838656a306a0\"},\"breadcrumb\":{\"@id\":\"https:\\\/\\\/dpress.ma\\\/fr\\\/2025\\\/07\\\/09\\\/parution-du-31eme-numero-de-la-revue-echos-du-comite-al-qods\\\/#breadcrumb\"},\"inLanguage\":\"fr-FR\",\"potentialAction\":[{\"@type\":\"ReadAction\",\"target\":[\"https:\\\/\\\/dpress.ma\\\/fr\\\/2025\\\/07\\\/09\\\/parution-du-31eme-numero-de-la-revue-echos-du-comite-al-qods\\\/\"]}]},{\"@type\":\"ImageObject\",\"inLanguage\":\"fr-FR\",\"@id\":\"https:\\\/\\\/dpress.ma\\\/fr\\\/2025\\\/07\\\/09\\\/parution-du-31eme-numero-de-la-revue-echos-du-comite-al-qods\\\/#primaryimage\",\"url\":\"https:\\\/\\\/dpress.ma\\\/fr\\\/wp-content\\\/uploads\\\/sites\\\/2\\\/2025\\\/07\\\/diokdfiodfoi.jpg\",\"contentUrl\":\"https:\\\/\\\/dpress.ma\\\/fr\\\/wp-content\\\/uploads\\\/sites\\\/2\\\/2025\\\/07\\\/diokdfiodfoi.jpg\",\"width\":2539,\"height\":1594},{\"@type\":\"BreadcrumbList\",\"@id\":\"https:\\\/\\\/dpress.ma\\\/fr\\\/2025\\\/07\\\/09\\\/parution-du-31eme-numero-de-la-revue-echos-du-comite-al-qods\\\/#breadcrumb\",\"itemListElement\":[{\"@type\":\"ListItem\",\"position\":1,\"name\":\"Home\",\"item\":\"https:\\\/\\\/dpress.ma\\\/fr\\\/\"},{\"@type\":\"ListItem\",\"position\":2,\"name\":\"Parution du 31\u00e8me num\u00e9ro de la revue \u201c\u00c9chos du Comit\u00e9 Al-Qods\u201d\"}]},{\"@type\":\"WebSite\",\"@id\":\"https:\\\/\\\/dpress.ma\\\/fr\\\/#website\",\"url\":\"https:\\\/\\\/dpress.ma\\\/fr\\\/\",\"name\":\"Dpress.ma\\\/fr\",\"description\":\"\",\"potentialAction\":[{\"@type\":\"SearchAction\",\"target\":{\"@type\":\"EntryPoint\",\"urlTemplate\":\"https:\\\/\\\/dpress.ma\\\/fr\\\/?s={search_term_string}\"},\"query-input\":{\"@type\":\"PropertyValueSpecification\",\"valueRequired\":true,\"valueName\":\"search_term_string\"}}],\"inLanguage\":\"fr-FR\"},{\"@type\":\"Person\",\"@id\":\"https:\\\/\\\/dpress.ma\\\/fr\\\/#\\\/schema\\\/person\\\/4898febf3ccd59e6578d838656a306a0\",\"name\":\"Dpress.ma\",\"image\":{\"@type\":\"ImageObject\",\"inLanguage\":\"fr-FR\",\"@id\":\"https:\\\/\\\/secure.gravatar.com\\\/avatar\\\/72ecc30e9db047a2e0e7176561eb9d564ed77c8108376495b19bd8336405198a?s=96&d=mm&r=g\",\"url\":\"https:\\\/\\\/secure.gravatar.com\\\/avatar\\\/72ecc30e9db047a2e0e7176561eb9d564ed77c8108376495b19bd8336405198a?s=96&d=mm&r=g\",\"contentUrl\":\"https:\\\/\\\/secure.gravatar.com\\\/avatar\\\/72ecc30e9db047a2e0e7176561eb9d564ed77c8108376495b19bd8336405198a?s=96&d=mm&r=g\",\"caption\":\"Dpress.ma\"},\"sameAs\":[\"https:\\\/\\\/www.dpress.ma\"],\"url\":\"https:\\\/\\\/dpress.ma\\\/fr\\\/author\\\/dpress-ma\\\/\"}]}<\/script>\n<!-- \/ Yoast SEO plugin. -->","yoast_head_json":{"title":"Parution du 31\u00e8me num\u00e9ro de la revue \u201c\u00c9chos du Comit\u00e9 Al-Qods\u201d - Dpress.ma\/fr","robots":{"index":"index","follow":"follow","max-snippet":"max-snippet:-1","max-image-preview":"max-image-preview:large","max-video-preview":"max-video-preview:-1"},"canonical":"https:\/\/dpress.ma\/fr\/2025\/07\/09\/parution-du-31eme-numero-de-la-revue-echos-du-comite-al-qods\/","og_locale":"fr_FR","og_type":"article","og_title":"Parution du 31\u00e8me num\u00e9ro de la revue \u201c\u00c9chos du Comit\u00e9 Al-Qods\u201d - Dpress.ma\/fr","og_description":"Dpress &nbsp;L\u2019Agence Bayt Mal Al-Qods Acharif vient de publier le 31\u00e8me num\u00e9ro de sa revue \u201c\u00c9chos du Comit\u00e9 Al-Qods\u201d, en langues arabe et anglaise. La couverture de ce num\u00e9ro est consacr\u00e9e \u00e0 la poursuite des campagnes humanitaires de l\u2019Agence en faveur de la population palestinienne \u00e0 Al Qods, qui comprend \u00e9galement les familles les plus &hellip;","og_url":"https:\/\/dpress.ma\/fr\/2025\/07\/09\/parution-du-31eme-numero-de-la-revue-echos-du-comite-al-qods\/","og_site_name":"Dpress.ma\/fr","article_published_time":"2025-07-09T09:50:38+00:00","article_modified_time":"2025-07-09T09:50:39+00:00","og_image":[{"width":2539,"height":1594,"url":"https:\/\/dpress.ma\/fr\/wp-content\/uploads\/sites\/2\/2025\/07\/diokdfiodfoi.jpg","type":"image\/jpeg"}],"author":"Dpress.ma","twitter_card":"summary_large_image","twitter_misc":{"\u00c9crit par":"Dpress.ma","Dur\u00e9e de lecture estim\u00e9e":"4 minutes"},"schema":{"@context":"https:\/\/schema.org","@graph":[{"@type":"Article","@id":"https:\/\/dpress.ma\/fr\/2025\/07\/09\/parution-du-31eme-numero-de-la-revue-echos-du-comite-al-qods\/#article","isPartOf":{"@id":"https:\/\/dpress.ma\/fr\/2025\/07\/09\/parution-du-31eme-numero-de-la-revue-echos-du-comite-al-qods\/"},"author":{"name":"Dpress.ma","@id":"https:\/\/dpress.ma\/fr\/#\/schema\/person\/4898febf3ccd59e6578d838656a306a0"},"headline":"Parution du 31\u00e8me num\u00e9ro de la revue \u201c\u00c9chos du Comit\u00e9 Al-Qods\u201d","datePublished":"2025-07-09T09:50:38+00:00","dateModified":"2025-07-09T09:50:39+00:00","mainEntityOfPage":{"@id":"https:\/\/dpress.ma\/fr\/2025\/07\/09\/parution-du-31eme-numero-de-la-revue-echos-du-comite-al-qods\/"},"wordCount":848,"commentCount":0,"image":{"@id":"https:\/\/dpress.ma\/fr\/2025\/07\/09\/parution-du-31eme-numero-de-la-revue-echos-du-comite-al-qods\/#primaryimage"},"thumbnailUrl":"https:\/\/dpress.ma\/fr\/wp-content\/uploads\/sites\/2\/2025\/07\/diokdfiodfoi.jpg","articleSection":["Art et Culture"],"inLanguage":"fr-FR","potentialAction":[{"@type":"CommentAction","name":"Comment","target":["https:\/\/dpress.ma\/fr\/2025\/07\/09\/parution-du-31eme-numero-de-la-revue-echos-du-comite-al-qods\/#respond"]}]},{"@type":"WebPage","@id":"https:\/\/dpress.ma\/fr\/2025\/07\/09\/parution-du-31eme-numero-de-la-revue-echos-du-comite-al-qods\/","url":"https:\/\/dpress.ma\/fr\/2025\/07\/09\/parution-du-31eme-numero-de-la-revue-echos-du-comite-al-qods\/","name":"Parution du 31\u00e8me num\u00e9ro de la revue \u201c\u00c9chos du Comit\u00e9 Al-Qods\u201d - Dpress.ma\/fr","isPartOf":{"@id":"https:\/\/dpress.ma\/fr\/#website"},"primaryImageOfPage":{"@id":"https:\/\/dpress.ma\/fr\/2025\/07\/09\/parution-du-31eme-numero-de-la-revue-echos-du-comite-al-qods\/#primaryimage"},"image":{"@id":"https:\/\/dpress.ma\/fr\/2025\/07\/09\/parution-du-31eme-numero-de-la-revue-echos-du-comite-al-qods\/#primaryimage"},"thumbnailUrl":"https:\/\/dpress.ma\/fr\/wp-content\/uploads\/sites\/2\/2025\/07\/diokdfiodfoi.jpg","datePublished":"2025-07-09T09:50:38+00:00","dateModified":"2025-07-09T09:50:39+00:00","author":{"@id":"https:\/\/dpress.ma\/fr\/#\/schema\/person\/4898febf3ccd59e6578d838656a306a0"},"breadcrumb":{"@id":"https:\/\/dpress.ma\/fr\/2025\/07\/09\/parution-du-31eme-numero-de-la-revue-echos-du-comite-al-qods\/#breadcrumb"},"inLanguage":"fr-FR","potentialAction":[{"@type":"ReadAction","target":["https:\/\/dpress.ma\/fr\/2025\/07\/09\/parution-du-31eme-numero-de-la-revue-echos-du-comite-al-qods\/"]}]},{"@type":"ImageObject","inLanguage":"fr-FR","@id":"https:\/\/dpress.ma\/fr\/2025\/07\/09\/parution-du-31eme-numero-de-la-revue-echos-du-comite-al-qods\/#primaryimage","url":"https:\/\/dpress.ma\/fr\/wp-content\/uploads\/sites\/2\/2025\/07\/diokdfiodfoi.jpg","contentUrl":"https:\/\/dpress.ma\/fr\/wp-content\/uploads\/sites\/2\/2025\/07\/diokdfiodfoi.jpg","width":2539,"height":1594},{"@type":"BreadcrumbList","@id":"https:\/\/dpress.ma\/fr\/2025\/07\/09\/parution-du-31eme-numero-de-la-revue-echos-du-comite-al-qods\/#breadcrumb","itemListElement":[{"@type":"ListItem","position":1,"name":"Home","item":"https:\/\/dpress.ma\/fr\/"},{"@type":"ListItem","position":2,"name":"Parution du 31\u00e8me num\u00e9ro de la revue \u201c\u00c9chos du Comit\u00e9 Al-Qods\u201d"}]},{"@type":"WebSite","@id":"https:\/\/dpress.ma\/fr\/#website","url":"https:\/\/dpress.ma\/fr\/","name":"Dpress.ma\/fr","description":"","potentialAction":[{"@type":"SearchAction","target":{"@type":"EntryPoint","urlTemplate":"https:\/\/dpress.ma\/fr\/?s={search_term_string}"},"query-input":{"@type":"PropertyValueSpecification","valueRequired":true,"valueName":"search_term_string"}}],"inLanguage":"fr-FR"},{"@type":"Person","@id":"https:\/\/dpress.ma\/fr\/#\/schema\/person\/4898febf3ccd59e6578d838656a306a0","name":"Dpress.ma","image":{"@type":"ImageObject","inLanguage":"fr-FR","@id":"https:\/\/secure.gravatar.com\/avatar\/72ecc30e9db047a2e0e7176561eb9d564ed77c8108376495b19bd8336405198a?s=96&d=mm&r=g","url":"https:\/\/secure.gravatar.com\/avatar\/72ecc30e9db047a2e0e7176561eb9d564ed77c8108376495b19bd8336405198a?s=96&d=mm&r=g","contentUrl":"https:\/\/secure.gravatar.com\/avatar\/72ecc30e9db047a2e0e7176561eb9d564ed77c8108376495b19bd8336405198a?s=96&d=mm&r=g","caption":"Dpress.ma"},"sameAs":["https:\/\/www.dpress.ma"],"url":"https:\/\/dpress.ma\/fr\/author\/dpress-ma\/"}]}},"amp_enabled":true,"_links":{"self":[{"href":"https:\/\/dpress.ma\/fr\/wp-json\/wp\/v2\/posts\/15436","targetHints":{"allow":["GET"]}}],"collection":[{"href":"https:\/\/dpress.ma\/fr\/wp-json\/wp\/v2\/posts"}],"about":[{"href":"https:\/\/dpress.ma\/fr\/wp-json\/wp\/v2\/types\/post"}],"author":[{"embeddable":true,"href":"https:\/\/dpress.ma\/fr\/wp-json\/wp\/v2\/users\/2"}],"replies":[{"embeddable":true,"href":"https:\/\/dpress.ma\/fr\/wp-json\/wp\/v2\/comments?post=15436"}],"version-history":[{"count":1,"href":"https:\/\/dpress.ma\/fr\/wp-json\/wp\/v2\/posts\/15436\/revisions"}],"predecessor-version":[{"id":15438,"href":"https:\/\/dpress.ma\/fr\/wp-json\/wp\/v2\/posts\/15436\/revisions\/15438"}],"wp:featuredmedia":[{"embeddable":true,"href":"https:\/\/dpress.ma\/fr\/wp-json\/wp\/v2\/media\/15437"}],"wp:attachment":[{"href":"https:\/\/dpress.ma\/fr\/wp-json\/wp\/v2\/media?parent=15436"}],"wp:term":[{"taxonomy":"category","embeddable":true,"href":"https:\/\/dpress.ma\/fr\/wp-json\/wp\/v2\/categories?post=15436"},{"taxonomy":"post_tag","embeddable":true,"href":"https:\/\/dpress.ma\/fr\/wp-json\/wp\/v2\/tags?post=15436"}],"curies":[{"name":"wp","href":"https:\/\/api.w.org\/{rel}","templated":true}]}}