{"id":15433,"date":"2025-07-09T09:46:22","date_gmt":"2025-07-09T09:46:22","guid":{"rendered":"https:\/\/dpress.ma\/fr\/?p=15433"},"modified":"2025-07-09T09:46:22","modified_gmt":"2025-07-09T09:46:22","slug":"festival-national-du-film-de-tanger-la-5e-edition-du-concours-pitch-du-22-au-24-octobre","status":"publish","type":"post","link":"https:\/\/dpress.ma\/fr\/2025\/07\/09\/festival-national-du-film-de-tanger-la-5e-edition-du-concours-pitch-du-22-au-24-octobre\/","title":{"rendered":"Festival national du film de Tanger: La 5\u00e8 \u00e9dition du concours \u201cPitch\u201d, du 22 au 24 octobre"},"content":{"rendered":"\n<p>Dpress<\/p>\n\n\n\n<p>Le Centre cin\u00e9matographique marocain (CCM) vient de lancer&nbsp;un concours de \u201cPitch\u201d destin\u00e9 aux jeunes r\u00e9alisateurs marocains,&nbsp;dans le cadre de la 25\u00e8me \u00e9dition du Festival national du film de Tanger (FNF).<\/p>\n\n\n\n<p>Ce concours est&nbsp;destin\u00e9 aux r\u00e9alisateurs marocains \u00e2g\u00e9s d\u2019au moins&nbsp;18 ans, porteurs d\u2019un projet de long m\u00e9trage de fiction, d\u2019animation ou de documentaire en&nbsp;cours de d\u00e9veloppement, indique le CCM dans un communiqu\u00e9, pr\u00e9cisant que&nbsp;seules sont \u00e9ligibles les premi\u00e8res ou deuxi\u00e8mes \u0153uvres de&nbsp;r\u00e9alisateurs titulaires d\u2019une Carte d\u2019identit\u00e9 professionnelle.<\/p>\n\n\n\n<p>Les porteurs de projets retenus b\u00e9n\u00e9ficieront d\u2019un accompagnement en amont pour garantir&nbsp;une pr\u00e9sentation structur\u00e9e et ma\u00eetris\u00e9e, souligne la m\u00eame source, ajoutant qu\u2019ils&nbsp;auront l\u2019opportunit\u00e9 de pr\u00e9senter leurs projets devant un public de professionnels et de partenaires du secteur, de b\u00e9n\u00e9ficier de retours constructifs, d\u2019\u00e9largir leur r\u00e9seau et d\u2019obtenir une accr\u00e9ditation pour participer pleinement au&nbsp;programme des rencontres professionnelles \u00e0 Tanger.<\/p>\n\n\n\n<p>Et de noter qu\u2019\u00e0 l\u2019issue des pr\u00e9sentations, trois prix seront d\u00e9cern\u00e9s aux meilleurs projets lors de la c\u00e9r\u00e9monie de cl\u00f4ture des rencontres professionnelles.<\/p>\n\n\n\n<p>Le CCM invite les participants d\u00e9sirant participer \u00e0 envoyer leurs candidatures, en un seul document PDF r\u00e9dig\u00e9 en fran\u00e7ais,&nbsp;\u00e0 l\u2019adresse \u201cfnfcontact@ccm.ma\u201d, au plus tard le 31 juillet.<\/p>\n","protected":false},"excerpt":{"rendered":"<p>Dpress Le Centre cin\u00e9matographique marocain (CCM) vient de lancer&nbsp;un concours de \u201cPitch\u201d destin\u00e9 aux jeunes r\u00e9alisateurs marocains,&nbsp;dans le cadre de la 25\u00e8me \u00e9dition du Festival national du film de Tanger (FNF). Ce concours est&nbsp;destin\u00e9 aux r\u00e9alisateurs marocains \u00e2g\u00e9s d\u2019au moins&nbsp;18 ans, porteurs d\u2019un projet de long m\u00e9trage de fiction, d\u2019animation ou de documentaire en&nbsp;cours de &hellip;<\/p>\n","protected":false},"author":2,"featured_media":15434,"comment_status":"open","ping_status":"open","sticky":false,"template":"","format":"standard","meta":{"footnotes":""},"categories":[31],"tags":[],"class_list":["post-15433","post","type-post","status-publish","format-standard","has-post-thumbnail","hentry","category-art-et-culture"],"yoast_head":"<!-- This site is optimized with the Yoast SEO plugin v27.5 - https:\/\/yoast.com\/product\/yoast-seo-wordpress\/ -->\n<title>Festival national du film de Tanger: La 5\u00e8 \u00e9dition du concours \u201cPitch\u201d, du 22 au 24 octobre - Dpress.ma\/fr<\/title>\n<meta name=\"robots\" content=\"index, follow, max-snippet:-1, max-image-preview:large, max-video-preview:-1\" \/>\n<link rel=\"canonical\" href=\"https:\/\/dpress.ma\/fr\/2025\/07\/09\/festival-national-du-film-de-tanger-la-5e-edition-du-concours-pitch-du-22-au-24-octobre\/\" \/>\n<meta property=\"og:locale\" content=\"fr_FR\" \/>\n<meta property=\"og:type\" content=\"article\" \/>\n<meta property=\"og:title\" content=\"Festival national du film de Tanger: La 5\u00e8 \u00e9dition du concours \u201cPitch\u201d, du 22 au 24 octobre - Dpress.ma\/fr\" \/>\n<meta property=\"og:description\" content=\"Dpress Le Centre cin\u00e9matographique marocain (CCM) vient de lancer&nbsp;un concours de \u201cPitch\u201d destin\u00e9 aux jeunes r\u00e9alisateurs marocains,&nbsp;dans le cadre de la 25\u00e8me \u00e9dition du Festival national du film de Tanger (FNF). Ce concours est&nbsp;destin\u00e9 aux r\u00e9alisateurs marocains \u00e2g\u00e9s d\u2019au moins&nbsp;18 ans, porteurs d\u2019un projet de long m\u00e9trage de fiction, d\u2019animation ou de documentaire en&nbsp;cours de &hellip;\" \/>\n<meta property=\"og:url\" content=\"https:\/\/dpress.ma\/fr\/2025\/07\/09\/festival-national-du-film-de-tanger-la-5e-edition-du-concours-pitch-du-22-au-24-octobre\/\" \/>\n<meta property=\"og:site_name\" content=\"Dpress.ma\/fr\" \/>\n<meta property=\"article:published_time\" content=\"2025-07-09T09:46:22+00:00\" \/>\n<meta property=\"og:image\" content=\"https:\/\/dpress.ma\/fr\/wp-content\/uploads\/sites\/2\/2025\/07\/eygtecytuu.jpg\" \/>\n\t<meta property=\"og:image:width\" content=\"2539\" \/>\n\t<meta property=\"og:image:height\" content=\"1594\" \/>\n\t<meta property=\"og:image:type\" content=\"image\/jpeg\" \/>\n<meta name=\"author\" content=\"Dpress.ma\" \/>\n<meta name=\"twitter:card\" content=\"summary_large_image\" \/>\n<meta name=\"twitter:label1\" content=\"\u00c9crit par\" \/>\n\t<meta name=\"twitter:data1\" content=\"Dpress.ma\" \/>\n\t<meta name=\"twitter:label2\" content=\"Dur\u00e9e de lecture estim\u00e9e\" \/>\n\t<meta name=\"twitter:data2\" content=\"2 minutes\" \/>\n<script type=\"application\/ld+json\" class=\"yoast-schema-graph\">{\"@context\":\"https:\\\/\\\/schema.org\",\"@graph\":[{\"@type\":\"Article\",\"@id\":\"https:\\\/\\\/dpress.ma\\\/fr\\\/2025\\\/07\\\/09\\\/festival-national-du-film-de-tanger-la-5e-edition-du-concours-pitch-du-22-au-24-octobre\\\/#article\",\"isPartOf\":{\"@id\":\"https:\\\/\\\/dpress.ma\\\/fr\\\/2025\\\/07\\\/09\\\/festival-national-du-film-de-tanger-la-5e-edition-du-concours-pitch-du-22-au-24-octobre\\\/\"},\"author\":{\"name\":\"Dpress.ma\",\"@id\":\"https:\\\/\\\/dpress.ma\\\/fr\\\/#\\\/schema\\\/person\\\/4898febf3ccd59e6578d838656a306a0\"},\"headline\":\"Festival national du film de Tanger: La 5\u00e8 \u00e9dition du concours \u201cPitch\u201d, du 22 au 24 octobre\",\"datePublished\":\"2025-07-09T09:46:22+00:00\",\"mainEntityOfPage\":{\"@id\":\"https:\\\/\\\/dpress.ma\\\/fr\\\/2025\\\/07\\\/09\\\/festival-national-du-film-de-tanger-la-5e-edition-du-concours-pitch-du-22-au-24-octobre\\\/\"},\"wordCount\":261,\"commentCount\":0,\"image\":{\"@id\":\"https:\\\/\\\/dpress.ma\\\/fr\\\/2025\\\/07\\\/09\\\/festival-national-du-film-de-tanger-la-5e-edition-du-concours-pitch-du-22-au-24-octobre\\\/#primaryimage\"},\"thumbnailUrl\":\"https:\\\/\\\/dpress.ma\\\/fr\\\/wp-content\\\/uploads\\\/sites\\\/2\\\/2025\\\/07\\\/eygtecytuu.jpg\",\"articleSection\":[\"Art et Culture\"],\"inLanguage\":\"fr-FR\",\"potentialAction\":[{\"@type\":\"CommentAction\",\"name\":\"Comment\",\"target\":[\"https:\\\/\\\/dpress.ma\\\/fr\\\/2025\\\/07\\\/09\\\/festival-national-du-film-de-tanger-la-5e-edition-du-concours-pitch-du-22-au-24-octobre\\\/#respond\"]}]},{\"@type\":\"WebPage\",\"@id\":\"https:\\\/\\\/dpress.ma\\\/fr\\\/2025\\\/07\\\/09\\\/festival-national-du-film-de-tanger-la-5e-edition-du-concours-pitch-du-22-au-24-octobre\\\/\",\"url\":\"https:\\\/\\\/dpress.ma\\\/fr\\\/2025\\\/07\\\/09\\\/festival-national-du-film-de-tanger-la-5e-edition-du-concours-pitch-du-22-au-24-octobre\\\/\",\"name\":\"Festival national du film de Tanger: La 5\u00e8 \u00e9dition du concours \u201cPitch\u201d, du 22 au 24 octobre - Dpress.ma\\\/fr\",\"isPartOf\":{\"@id\":\"https:\\\/\\\/dpress.ma\\\/fr\\\/#website\"},\"primaryImageOfPage\":{\"@id\":\"https:\\\/\\\/dpress.ma\\\/fr\\\/2025\\\/07\\\/09\\\/festival-national-du-film-de-tanger-la-5e-edition-du-concours-pitch-du-22-au-24-octobre\\\/#primaryimage\"},\"image\":{\"@id\":\"https:\\\/\\\/dpress.ma\\\/fr\\\/2025\\\/07\\\/09\\\/festival-national-du-film-de-tanger-la-5e-edition-du-concours-pitch-du-22-au-24-octobre\\\/#primaryimage\"},\"thumbnailUrl\":\"https:\\\/\\\/dpress.ma\\\/fr\\\/wp-content\\\/uploads\\\/sites\\\/2\\\/2025\\\/07\\\/eygtecytuu.jpg\",\"datePublished\":\"2025-07-09T09:46:22+00:00\",\"author\":{\"@id\":\"https:\\\/\\\/dpress.ma\\\/fr\\\/#\\\/schema\\\/person\\\/4898febf3ccd59e6578d838656a306a0\"},\"breadcrumb\":{\"@id\":\"https:\\\/\\\/dpress.ma\\\/fr\\\/2025\\\/07\\\/09\\\/festival-national-du-film-de-tanger-la-5e-edition-du-concours-pitch-du-22-au-24-octobre\\\/#breadcrumb\"},\"inLanguage\":\"fr-FR\",\"potentialAction\":[{\"@type\":\"ReadAction\",\"target\":[\"https:\\\/\\\/dpress.ma\\\/fr\\\/2025\\\/07\\\/09\\\/festival-national-du-film-de-tanger-la-5e-edition-du-concours-pitch-du-22-au-24-octobre\\\/\"]}]},{\"@type\":\"ImageObject\",\"inLanguage\":\"fr-FR\",\"@id\":\"https:\\\/\\\/dpress.ma\\\/fr\\\/2025\\\/07\\\/09\\\/festival-national-du-film-de-tanger-la-5e-edition-du-concours-pitch-du-22-au-24-octobre\\\/#primaryimage\",\"url\":\"https:\\\/\\\/dpress.ma\\\/fr\\\/wp-content\\\/uploads\\\/sites\\\/2\\\/2025\\\/07\\\/eygtecytuu.jpg\",\"contentUrl\":\"https:\\\/\\\/dpress.ma\\\/fr\\\/wp-content\\\/uploads\\\/sites\\\/2\\\/2025\\\/07\\\/eygtecytuu.jpg\",\"width\":2539,\"height\":1594},{\"@type\":\"BreadcrumbList\",\"@id\":\"https:\\\/\\\/dpress.ma\\\/fr\\\/2025\\\/07\\\/09\\\/festival-national-du-film-de-tanger-la-5e-edition-du-concours-pitch-du-22-au-24-octobre\\\/#breadcrumb\",\"itemListElement\":[{\"@type\":\"ListItem\",\"position\":1,\"name\":\"Home\",\"item\":\"https:\\\/\\\/dpress.ma\\\/fr\\\/\"},{\"@type\":\"ListItem\",\"position\":2,\"name\":\"Festival national du film de Tanger: La 5\u00e8 \u00e9dition du concours \u201cPitch\u201d, du 22 au 24 octobre\"}]},{\"@type\":\"WebSite\",\"@id\":\"https:\\\/\\\/dpress.ma\\\/fr\\\/#website\",\"url\":\"https:\\\/\\\/dpress.ma\\\/fr\\\/\",\"name\":\"Dpress.ma\\\/fr\",\"description\":\"\",\"potentialAction\":[{\"@type\":\"SearchAction\",\"target\":{\"@type\":\"EntryPoint\",\"urlTemplate\":\"https:\\\/\\\/dpress.ma\\\/fr\\\/?s={search_term_string}\"},\"query-input\":{\"@type\":\"PropertyValueSpecification\",\"valueRequired\":true,\"valueName\":\"search_term_string\"}}],\"inLanguage\":\"fr-FR\"},{\"@type\":\"Person\",\"@id\":\"https:\\\/\\\/dpress.ma\\\/fr\\\/#\\\/schema\\\/person\\\/4898febf3ccd59e6578d838656a306a0\",\"name\":\"Dpress.ma\",\"image\":{\"@type\":\"ImageObject\",\"inLanguage\":\"fr-FR\",\"@id\":\"https:\\\/\\\/secure.gravatar.com\\\/avatar\\\/72ecc30e9db047a2e0e7176561eb9d564ed77c8108376495b19bd8336405198a?s=96&d=mm&r=g\",\"url\":\"https:\\\/\\\/secure.gravatar.com\\\/avatar\\\/72ecc30e9db047a2e0e7176561eb9d564ed77c8108376495b19bd8336405198a?s=96&d=mm&r=g\",\"contentUrl\":\"https:\\\/\\\/secure.gravatar.com\\\/avatar\\\/72ecc30e9db047a2e0e7176561eb9d564ed77c8108376495b19bd8336405198a?s=96&d=mm&r=g\",\"caption\":\"Dpress.ma\"},\"sameAs\":[\"https:\\\/\\\/www.dpress.ma\"],\"url\":\"https:\\\/\\\/dpress.ma\\\/fr\\\/author\\\/dpress-ma\\\/\"}]}<\/script>\n<!-- \/ Yoast SEO plugin. -->","yoast_head_json":{"title":"Festival national du film de Tanger: La 5\u00e8 \u00e9dition du concours \u201cPitch\u201d, du 22 au 24 octobre - Dpress.ma\/fr","robots":{"index":"index","follow":"follow","max-snippet":"max-snippet:-1","max-image-preview":"max-image-preview:large","max-video-preview":"max-video-preview:-1"},"canonical":"https:\/\/dpress.ma\/fr\/2025\/07\/09\/festival-national-du-film-de-tanger-la-5e-edition-du-concours-pitch-du-22-au-24-octobre\/","og_locale":"fr_FR","og_type":"article","og_title":"Festival national du film de Tanger: La 5\u00e8 \u00e9dition du concours \u201cPitch\u201d, du 22 au 24 octobre - Dpress.ma\/fr","og_description":"Dpress Le Centre cin\u00e9matographique marocain (CCM) vient de lancer&nbsp;un concours de \u201cPitch\u201d destin\u00e9 aux jeunes r\u00e9alisateurs marocains,&nbsp;dans le cadre de la 25\u00e8me \u00e9dition du Festival national du film de Tanger (FNF). Ce concours est&nbsp;destin\u00e9 aux r\u00e9alisateurs marocains \u00e2g\u00e9s d\u2019au moins&nbsp;18 ans, porteurs d\u2019un projet de long m\u00e9trage de fiction, d\u2019animation ou de documentaire en&nbsp;cours de &hellip;","og_url":"https:\/\/dpress.ma\/fr\/2025\/07\/09\/festival-national-du-film-de-tanger-la-5e-edition-du-concours-pitch-du-22-au-24-octobre\/","og_site_name":"Dpress.ma\/fr","article_published_time":"2025-07-09T09:46:22+00:00","og_image":[{"width":2539,"height":1594,"url":"https:\/\/dpress.ma\/fr\/wp-content\/uploads\/sites\/2\/2025\/07\/eygtecytuu.jpg","type":"image\/jpeg"}],"author":"Dpress.ma","twitter_card":"summary_large_image","twitter_misc":{"\u00c9crit par":"Dpress.ma","Dur\u00e9e de lecture estim\u00e9e":"2 minutes"},"schema":{"@context":"https:\/\/schema.org","@graph":[{"@type":"Article","@id":"https:\/\/dpress.ma\/fr\/2025\/07\/09\/festival-national-du-film-de-tanger-la-5e-edition-du-concours-pitch-du-22-au-24-octobre\/#article","isPartOf":{"@id":"https:\/\/dpress.ma\/fr\/2025\/07\/09\/festival-national-du-film-de-tanger-la-5e-edition-du-concours-pitch-du-22-au-24-octobre\/"},"author":{"name":"Dpress.ma","@id":"https:\/\/dpress.ma\/fr\/#\/schema\/person\/4898febf3ccd59e6578d838656a306a0"},"headline":"Festival national du film de Tanger: La 5\u00e8 \u00e9dition du concours \u201cPitch\u201d, du 22 au 24 octobre","datePublished":"2025-07-09T09:46:22+00:00","mainEntityOfPage":{"@id":"https:\/\/dpress.ma\/fr\/2025\/07\/09\/festival-national-du-film-de-tanger-la-5e-edition-du-concours-pitch-du-22-au-24-octobre\/"},"wordCount":261,"commentCount":0,"image":{"@id":"https:\/\/dpress.ma\/fr\/2025\/07\/09\/festival-national-du-film-de-tanger-la-5e-edition-du-concours-pitch-du-22-au-24-octobre\/#primaryimage"},"thumbnailUrl":"https:\/\/dpress.ma\/fr\/wp-content\/uploads\/sites\/2\/2025\/07\/eygtecytuu.jpg","articleSection":["Art et Culture"],"inLanguage":"fr-FR","potentialAction":[{"@type":"CommentAction","name":"Comment","target":["https:\/\/dpress.ma\/fr\/2025\/07\/09\/festival-national-du-film-de-tanger-la-5e-edition-du-concours-pitch-du-22-au-24-octobre\/#respond"]}]},{"@type":"WebPage","@id":"https:\/\/dpress.ma\/fr\/2025\/07\/09\/festival-national-du-film-de-tanger-la-5e-edition-du-concours-pitch-du-22-au-24-octobre\/","url":"https:\/\/dpress.ma\/fr\/2025\/07\/09\/festival-national-du-film-de-tanger-la-5e-edition-du-concours-pitch-du-22-au-24-octobre\/","name":"Festival national du film de Tanger: La 5\u00e8 \u00e9dition du concours \u201cPitch\u201d, du 22 au 24 octobre - Dpress.ma\/fr","isPartOf":{"@id":"https:\/\/dpress.ma\/fr\/#website"},"primaryImageOfPage":{"@id":"https:\/\/dpress.ma\/fr\/2025\/07\/09\/festival-national-du-film-de-tanger-la-5e-edition-du-concours-pitch-du-22-au-24-octobre\/#primaryimage"},"image":{"@id":"https:\/\/dpress.ma\/fr\/2025\/07\/09\/festival-national-du-film-de-tanger-la-5e-edition-du-concours-pitch-du-22-au-24-octobre\/#primaryimage"},"thumbnailUrl":"https:\/\/dpress.ma\/fr\/wp-content\/uploads\/sites\/2\/2025\/07\/eygtecytuu.jpg","datePublished":"2025-07-09T09:46:22+00:00","author":{"@id":"https:\/\/dpress.ma\/fr\/#\/schema\/person\/4898febf3ccd59e6578d838656a306a0"},"breadcrumb":{"@id":"https:\/\/dpress.ma\/fr\/2025\/07\/09\/festival-national-du-film-de-tanger-la-5e-edition-du-concours-pitch-du-22-au-24-octobre\/#breadcrumb"},"inLanguage":"fr-FR","potentialAction":[{"@type":"ReadAction","target":["https:\/\/dpress.ma\/fr\/2025\/07\/09\/festival-national-du-film-de-tanger-la-5e-edition-du-concours-pitch-du-22-au-24-octobre\/"]}]},{"@type":"ImageObject","inLanguage":"fr-FR","@id":"https:\/\/dpress.ma\/fr\/2025\/07\/09\/festival-national-du-film-de-tanger-la-5e-edition-du-concours-pitch-du-22-au-24-octobre\/#primaryimage","url":"https:\/\/dpress.ma\/fr\/wp-content\/uploads\/sites\/2\/2025\/07\/eygtecytuu.jpg","contentUrl":"https:\/\/dpress.ma\/fr\/wp-content\/uploads\/sites\/2\/2025\/07\/eygtecytuu.jpg","width":2539,"height":1594},{"@type":"BreadcrumbList","@id":"https:\/\/dpress.ma\/fr\/2025\/07\/09\/festival-national-du-film-de-tanger-la-5e-edition-du-concours-pitch-du-22-au-24-octobre\/#breadcrumb","itemListElement":[{"@type":"ListItem","position":1,"name":"Home","item":"https:\/\/dpress.ma\/fr\/"},{"@type":"ListItem","position":2,"name":"Festival national du film de Tanger: La 5\u00e8 \u00e9dition du concours \u201cPitch\u201d, du 22 au 24 octobre"}]},{"@type":"WebSite","@id":"https:\/\/dpress.ma\/fr\/#website","url":"https:\/\/dpress.ma\/fr\/","name":"Dpress.ma\/fr","description":"","potentialAction":[{"@type":"SearchAction","target":{"@type":"EntryPoint","urlTemplate":"https:\/\/dpress.ma\/fr\/?s={search_term_string}"},"query-input":{"@type":"PropertyValueSpecification","valueRequired":true,"valueName":"search_term_string"}}],"inLanguage":"fr-FR"},{"@type":"Person","@id":"https:\/\/dpress.ma\/fr\/#\/schema\/person\/4898febf3ccd59e6578d838656a306a0","name":"Dpress.ma","image":{"@type":"ImageObject","inLanguage":"fr-FR","@id":"https:\/\/secure.gravatar.com\/avatar\/72ecc30e9db047a2e0e7176561eb9d564ed77c8108376495b19bd8336405198a?s=96&d=mm&r=g","url":"https:\/\/secure.gravatar.com\/avatar\/72ecc30e9db047a2e0e7176561eb9d564ed77c8108376495b19bd8336405198a?s=96&d=mm&r=g","contentUrl":"https:\/\/secure.gravatar.com\/avatar\/72ecc30e9db047a2e0e7176561eb9d564ed77c8108376495b19bd8336405198a?s=96&d=mm&r=g","caption":"Dpress.ma"},"sameAs":["https:\/\/www.dpress.ma"],"url":"https:\/\/dpress.ma\/fr\/author\/dpress-ma\/"}]}},"amp_enabled":true,"_links":{"self":[{"href":"https:\/\/dpress.ma\/fr\/wp-json\/wp\/v2\/posts\/15433","targetHints":{"allow":["GET"]}}],"collection":[{"href":"https:\/\/dpress.ma\/fr\/wp-json\/wp\/v2\/posts"}],"about":[{"href":"https:\/\/dpress.ma\/fr\/wp-json\/wp\/v2\/types\/post"}],"author":[{"embeddable":true,"href":"https:\/\/dpress.ma\/fr\/wp-json\/wp\/v2\/users\/2"}],"replies":[{"embeddable":true,"href":"https:\/\/dpress.ma\/fr\/wp-json\/wp\/v2\/comments?post=15433"}],"version-history":[{"count":1,"href":"https:\/\/dpress.ma\/fr\/wp-json\/wp\/v2\/posts\/15433\/revisions"}],"predecessor-version":[{"id":15435,"href":"https:\/\/dpress.ma\/fr\/wp-json\/wp\/v2\/posts\/15433\/revisions\/15435"}],"wp:featuredmedia":[{"embeddable":true,"href":"https:\/\/dpress.ma\/fr\/wp-json\/wp\/v2\/media\/15434"}],"wp:attachment":[{"href":"https:\/\/dpress.ma\/fr\/wp-json\/wp\/v2\/media?parent=15433"}],"wp:term":[{"taxonomy":"category","embeddable":true,"href":"https:\/\/dpress.ma\/fr\/wp-json\/wp\/v2\/categories?post=15433"},{"taxonomy":"post_tag","embeddable":true,"href":"https:\/\/dpress.ma\/fr\/wp-json\/wp\/v2\/tags?post=15433"}],"curies":[{"name":"wp","href":"https:\/\/api.w.org\/{rel}","templated":true}]}}