{"id":1531,"date":"2022-05-05T12:26:52","date_gmt":"2022-05-05T12:26:52","guid":{"rendered":"https:\/\/dpress.ma\/fr\/?p=1531"},"modified":"2022-05-05T12:26:53","modified_gmt":"2022-05-05T12:26:53","slug":"presentation-mercredi-prochain-devant-le-parlement-des-activites-de-la-cour-des-comptes-au-titre-de-lexercice-2019-2020","status":"publish","type":"post","link":"https:\/\/dpress.ma\/fr\/2022\/05\/05\/presentation-mercredi-prochain-devant-le-parlement-des-activites-de-la-cour-des-comptes-au-titre-de-lexercice-2019-2020\/","title":{"rendered":"Pr\u00e9sentation mercredi prochain devant le parlement des activit\u00e9s de la Cour des Comptes au titre de l\u2019exercice 2019-2020"},"content":{"rendered":"\n<p>Dpress<\/p>\n\n\n\n<p>La pr\u00e9sidente de la Cour des Comptes pr\u00e9sentera mercredi prochain, lors d\u2019une s\u00e9ance pl\u00e9ni\u00e8re commune des deux chambres du parlement, les activit\u00e9s de la Cour des Comptes pour l\u2019exercice 2019-2020.<\/p>\n\n\n\n<p>Un communiqu\u00e9 conjoint des Chambres des repr\u00e9sentants et des conseillers indique que cette session, qui intervient en application de l\u2019article 148 de la Constitution et conform\u00e9ment aux dispositions du r\u00e8glement int\u00e9rieur des deux Chambres, se tiendra \u00e0 11h00 dans le respect des mesures pr\u00e9ventives prises par les organes des deux Chambres.<\/p>\n\n\n\n<p>\u201cEn application de la d\u00e9cision des autorit\u00e9s publiques se rapportant \u00e0 l\u2019obligation du pass vaccinal pour acc\u00e9der aux administrations publiques et priv\u00e9es, tous les repr\u00e9sentants et conseillers sont invit\u00e9s \u00e0 pr\u00e9senter ce document\u201d, souligne le communiqu\u00e9.<\/p>\n","protected":false},"excerpt":{"rendered":"<p>Dpress La pr\u00e9sidente de la Cour des Comptes pr\u00e9sentera mercredi prochain, lors d\u2019une s\u00e9ance pl\u00e9ni\u00e8re commune des deux chambres du parlement, les activit\u00e9s de la Cour des Comptes pour l\u2019exercice 2019-2020. Un communiqu\u00e9 conjoint des Chambres des repr\u00e9sentants et des conseillers indique que cette session, qui intervient en application de l\u2019article 148 de la Constitution &hellip;<\/p>\n","protected":false},"author":2,"featured_media":1458,"comment_status":"closed","ping_status":"open","sticky":false,"template":"","format":"standard","meta":{"footnotes":""},"categories":[34],"tags":[],"class_list":["post-1531","post","type-post","status-publish","format-standard","has-post-thumbnail","hentry","category-diplomatie-parlementaire"],"yoast_head":"<!-- This site is optimized with the Yoast SEO plugin v27.5 - https:\/\/yoast.com\/product\/yoast-seo-wordpress\/ -->\n<title>Pr\u00e9sentation mercredi prochain devant le parlement des activit\u00e9s de la Cour des Comptes au titre de l\u2019exercice 2019-2020 - Dpress.ma\/fr<\/title>\n<meta name=\"description\" content=\"La pr\u00e9sidente de la Cour des Comptes pr\u00e9sentera mercredi prochain, lors d\u2019une s\u00e9ance pl\u00e9ni\u00e8re commune des deux chambres du parlement...\" \/>\n<meta name=\"robots\" content=\"index, follow, max-snippet:-1, max-image-preview:large, max-video-preview:-1\" \/>\n<link rel=\"canonical\" href=\"https:\/\/dpress.ma\/fr\/2022\/05\/05\/presentation-mercredi-prochain-devant-le-parlement-des-activites-de-la-cour-des-comptes-au-titre-de-lexercice-2019-2020\/\" \/>\n<meta property=\"og:locale\" content=\"fr_FR\" \/>\n<meta property=\"og:type\" content=\"article\" \/>\n<meta property=\"og:title\" content=\"Pr\u00e9sentation mercredi prochain devant le parlement des activit\u00e9s de la Cour des Comptes au titre de l\u2019exercice 2019-2020 - Dpress.ma\/fr\" \/>\n<meta property=\"og:description\" content=\"La pr\u00e9sidente de la Cour des Comptes pr\u00e9sentera mercredi prochain, lors d\u2019une s\u00e9ance pl\u00e9ni\u00e8re commune des deux chambres du parlement...\" \/>\n<meta property=\"og:url\" content=\"https:\/\/dpress.ma\/fr\/2022\/05\/05\/presentation-mercredi-prochain-devant-le-parlement-des-activites-de-la-cour-des-comptes-au-titre-de-lexercice-2019-2020\/\" \/>\n<meta property=\"og:site_name\" content=\"Dpress.ma\/fr\" \/>\n<meta property=\"article:published_time\" content=\"2022-05-05T12:26:52+00:00\" \/>\n<meta property=\"article:modified_time\" content=\"2022-05-05T12:26:53+00:00\" \/>\n<meta property=\"og:image\" content=\"https:\/\/dpress.ma\/fr\/wp-content\/uploads\/sites\/2\/2022\/04\/parlement-fr0.jpg\" \/>\n\t<meta property=\"og:image:width\" content=\"2539\" \/>\n\t<meta property=\"og:image:height\" content=\"1594\" \/>\n\t<meta property=\"og:image:type\" content=\"image\/jpeg\" \/>\n<meta name=\"author\" content=\"Dpress.ma\" \/>\n<meta name=\"twitter:card\" content=\"summary_large_image\" \/>\n<meta name=\"twitter:label1\" content=\"\u00c9crit par\" \/>\n\t<meta name=\"twitter:data1\" content=\"Dpress.ma\" \/>\n\t<meta name=\"twitter:label2\" content=\"Dur\u00e9e de lecture estim\u00e9e\" \/>\n\t<meta name=\"twitter:data2\" content=\"1 minute\" \/>\n<script type=\"application\/ld+json\" class=\"yoast-schema-graph\">{\"@context\":\"https:\\\/\\\/schema.org\",\"@graph\":[{\"@type\":\"Article\",\"@id\":\"https:\\\/\\\/dpress.ma\\\/fr\\\/2022\\\/05\\\/05\\\/presentation-mercredi-prochain-devant-le-parlement-des-activites-de-la-cour-des-comptes-au-titre-de-lexercice-2019-2020\\\/#article\",\"isPartOf\":{\"@id\":\"https:\\\/\\\/dpress.ma\\\/fr\\\/2022\\\/05\\\/05\\\/presentation-mercredi-prochain-devant-le-parlement-des-activites-de-la-cour-des-comptes-au-titre-de-lexercice-2019-2020\\\/\"},\"author\":{\"name\":\"Dpress.ma\",\"@id\":\"https:\\\/\\\/dpress.ma\\\/fr\\\/#\\\/schema\\\/person\\\/4898febf3ccd59e6578d838656a306a0\"},\"headline\":\"Pr\u00e9sentation mercredi prochain devant le parlement des activit\u00e9s de la Cour des Comptes au titre de l\u2019exercice 2019-2020\",\"datePublished\":\"2022-05-05T12:26:52+00:00\",\"dateModified\":\"2022-05-05T12:26:53+00:00\",\"mainEntityOfPage\":{\"@id\":\"https:\\\/\\\/dpress.ma\\\/fr\\\/2022\\\/05\\\/05\\\/presentation-mercredi-prochain-devant-le-parlement-des-activites-de-la-cour-des-comptes-au-titre-de-lexercice-2019-2020\\\/\"},\"wordCount\":157,\"image\":{\"@id\":\"https:\\\/\\\/dpress.ma\\\/fr\\\/2022\\\/05\\\/05\\\/presentation-mercredi-prochain-devant-le-parlement-des-activites-de-la-cour-des-comptes-au-titre-de-lexercice-2019-2020\\\/#primaryimage\"},\"thumbnailUrl\":\"https:\\\/\\\/dpress.ma\\\/fr\\\/wp-content\\\/uploads\\\/sites\\\/2\\\/2022\\\/04\\\/parlement-fr0.jpg\",\"articleSection\":[\"Diplomatie Parlementaire\"],\"inLanguage\":\"fr-FR\"},{\"@type\":\"WebPage\",\"@id\":\"https:\\\/\\\/dpress.ma\\\/fr\\\/2022\\\/05\\\/05\\\/presentation-mercredi-prochain-devant-le-parlement-des-activites-de-la-cour-des-comptes-au-titre-de-lexercice-2019-2020\\\/\",\"url\":\"https:\\\/\\\/dpress.ma\\\/fr\\\/2022\\\/05\\\/05\\\/presentation-mercredi-prochain-devant-le-parlement-des-activites-de-la-cour-des-comptes-au-titre-de-lexercice-2019-2020\\\/\",\"name\":\"Pr\u00e9sentation mercredi prochain devant le parlement des activit\u00e9s de la Cour des Comptes au titre de l\u2019exercice 2019-2020 - Dpress.ma\\\/fr\",\"isPartOf\":{\"@id\":\"https:\\\/\\\/dpress.ma\\\/fr\\\/#website\"},\"primaryImageOfPage\":{\"@id\":\"https:\\\/\\\/dpress.ma\\\/fr\\\/2022\\\/05\\\/05\\\/presentation-mercredi-prochain-devant-le-parlement-des-activites-de-la-cour-des-comptes-au-titre-de-lexercice-2019-2020\\\/#primaryimage\"},\"image\":{\"@id\":\"https:\\\/\\\/dpress.ma\\\/fr\\\/2022\\\/05\\\/05\\\/presentation-mercredi-prochain-devant-le-parlement-des-activites-de-la-cour-des-comptes-au-titre-de-lexercice-2019-2020\\\/#primaryimage\"},\"thumbnailUrl\":\"https:\\\/\\\/dpress.ma\\\/fr\\\/wp-content\\\/uploads\\\/sites\\\/2\\\/2022\\\/04\\\/parlement-fr0.jpg\",\"datePublished\":\"2022-05-05T12:26:52+00:00\",\"dateModified\":\"2022-05-05T12:26:53+00:00\",\"author\":{\"@id\":\"https:\\\/\\\/dpress.ma\\\/fr\\\/#\\\/schema\\\/person\\\/4898febf3ccd59e6578d838656a306a0\"},\"description\":\"La pr\u00e9sidente de la Cour des Comptes pr\u00e9sentera mercredi prochain, lors d\u2019une s\u00e9ance pl\u00e9ni\u00e8re commune des deux chambres du parlement...\",\"breadcrumb\":{\"@id\":\"https:\\\/\\\/dpress.ma\\\/fr\\\/2022\\\/05\\\/05\\\/presentation-mercredi-prochain-devant-le-parlement-des-activites-de-la-cour-des-comptes-au-titre-de-lexercice-2019-2020\\\/#breadcrumb\"},\"inLanguage\":\"fr-FR\",\"potentialAction\":[{\"@type\":\"ReadAction\",\"target\":[\"https:\\\/\\\/dpress.ma\\\/fr\\\/2022\\\/05\\\/05\\\/presentation-mercredi-prochain-devant-le-parlement-des-activites-de-la-cour-des-comptes-au-titre-de-lexercice-2019-2020\\\/\"]}]},{\"@type\":\"ImageObject\",\"inLanguage\":\"fr-FR\",\"@id\":\"https:\\\/\\\/dpress.ma\\\/fr\\\/2022\\\/05\\\/05\\\/presentation-mercredi-prochain-devant-le-parlement-des-activites-de-la-cour-des-comptes-au-titre-de-lexercice-2019-2020\\\/#primaryimage\",\"url\":\"https:\\\/\\\/dpress.ma\\\/fr\\\/wp-content\\\/uploads\\\/sites\\\/2\\\/2022\\\/04\\\/parlement-fr0.jpg\",\"contentUrl\":\"https:\\\/\\\/dpress.ma\\\/fr\\\/wp-content\\\/uploads\\\/sites\\\/2\\\/2022\\\/04\\\/parlement-fr0.jpg\",\"width\":2539,\"height\":1594},{\"@type\":\"BreadcrumbList\",\"@id\":\"https:\\\/\\\/dpress.ma\\\/fr\\\/2022\\\/05\\\/05\\\/presentation-mercredi-prochain-devant-le-parlement-des-activites-de-la-cour-des-comptes-au-titre-de-lexercice-2019-2020\\\/#breadcrumb\",\"itemListElement\":[{\"@type\":\"ListItem\",\"position\":1,\"name\":\"Home\",\"item\":\"https:\\\/\\\/dpress.ma\\\/fr\\\/\"},{\"@type\":\"ListItem\",\"position\":2,\"name\":\"Pr\u00e9sentation mercredi prochain devant le parlement des activit\u00e9s de la Cour des Comptes au titre de l\u2019exercice 2019-2020\"}]},{\"@type\":\"WebSite\",\"@id\":\"https:\\\/\\\/dpress.ma\\\/fr\\\/#website\",\"url\":\"https:\\\/\\\/dpress.ma\\\/fr\\\/\",\"name\":\"Dpress.ma\\\/fr\",\"description\":\"\",\"potentialAction\":[{\"@type\":\"SearchAction\",\"target\":{\"@type\":\"EntryPoint\",\"urlTemplate\":\"https:\\\/\\\/dpress.ma\\\/fr\\\/?s={search_term_string}\"},\"query-input\":{\"@type\":\"PropertyValueSpecification\",\"valueRequired\":true,\"valueName\":\"search_term_string\"}}],\"inLanguage\":\"fr-FR\"},{\"@type\":\"Person\",\"@id\":\"https:\\\/\\\/dpress.ma\\\/fr\\\/#\\\/schema\\\/person\\\/4898febf3ccd59e6578d838656a306a0\",\"name\":\"Dpress.ma\",\"image\":{\"@type\":\"ImageObject\",\"inLanguage\":\"fr-FR\",\"@id\":\"https:\\\/\\\/secure.gravatar.com\\\/avatar\\\/72ecc30e9db047a2e0e7176561eb9d564ed77c8108376495b19bd8336405198a?s=96&d=mm&r=g\",\"url\":\"https:\\\/\\\/secure.gravatar.com\\\/avatar\\\/72ecc30e9db047a2e0e7176561eb9d564ed77c8108376495b19bd8336405198a?s=96&d=mm&r=g\",\"contentUrl\":\"https:\\\/\\\/secure.gravatar.com\\\/avatar\\\/72ecc30e9db047a2e0e7176561eb9d564ed77c8108376495b19bd8336405198a?s=96&d=mm&r=g\",\"caption\":\"Dpress.ma\"},\"sameAs\":[\"https:\\\/\\\/www.dpress.ma\"],\"url\":\"https:\\\/\\\/dpress.ma\\\/fr\\\/author\\\/dpress-ma\\\/\"}]}<\/script>\n<!-- \/ Yoast SEO plugin. -->","yoast_head_json":{"title":"Pr\u00e9sentation mercredi prochain devant le parlement des activit\u00e9s de la Cour des Comptes au titre de l\u2019exercice 2019-2020 - Dpress.ma\/fr","description":"La pr\u00e9sidente de la Cour des Comptes pr\u00e9sentera mercredi prochain, lors d\u2019une s\u00e9ance pl\u00e9ni\u00e8re commune des deux chambres du parlement...","robots":{"index":"index","follow":"follow","max-snippet":"max-snippet:-1","max-image-preview":"max-image-preview:large","max-video-preview":"max-video-preview:-1"},"canonical":"https:\/\/dpress.ma\/fr\/2022\/05\/05\/presentation-mercredi-prochain-devant-le-parlement-des-activites-de-la-cour-des-comptes-au-titre-de-lexercice-2019-2020\/","og_locale":"fr_FR","og_type":"article","og_title":"Pr\u00e9sentation mercredi prochain devant le parlement des activit\u00e9s de la Cour des Comptes au titre de l\u2019exercice 2019-2020 - Dpress.ma\/fr","og_description":"La pr\u00e9sidente de la Cour des Comptes pr\u00e9sentera mercredi prochain, lors d\u2019une s\u00e9ance pl\u00e9ni\u00e8re commune des deux chambres du parlement...","og_url":"https:\/\/dpress.ma\/fr\/2022\/05\/05\/presentation-mercredi-prochain-devant-le-parlement-des-activites-de-la-cour-des-comptes-au-titre-de-lexercice-2019-2020\/","og_site_name":"Dpress.ma\/fr","article_published_time":"2022-05-05T12:26:52+00:00","article_modified_time":"2022-05-05T12:26:53+00:00","og_image":[{"width":2539,"height":1594,"url":"https:\/\/dpress.ma\/fr\/wp-content\/uploads\/sites\/2\/2022\/04\/parlement-fr0.jpg","type":"image\/jpeg"}],"author":"Dpress.ma","twitter_card":"summary_large_image","twitter_misc":{"\u00c9crit par":"Dpress.ma","Dur\u00e9e de lecture estim\u00e9e":"1 minute"},"schema":{"@context":"https:\/\/schema.org","@graph":[{"@type":"Article","@id":"https:\/\/dpress.ma\/fr\/2022\/05\/05\/presentation-mercredi-prochain-devant-le-parlement-des-activites-de-la-cour-des-comptes-au-titre-de-lexercice-2019-2020\/#article","isPartOf":{"@id":"https:\/\/dpress.ma\/fr\/2022\/05\/05\/presentation-mercredi-prochain-devant-le-parlement-des-activites-de-la-cour-des-comptes-au-titre-de-lexercice-2019-2020\/"},"author":{"name":"Dpress.ma","@id":"https:\/\/dpress.ma\/fr\/#\/schema\/person\/4898febf3ccd59e6578d838656a306a0"},"headline":"Pr\u00e9sentation mercredi prochain devant le parlement des activit\u00e9s de la Cour des Comptes au titre de l\u2019exercice 2019-2020","datePublished":"2022-05-05T12:26:52+00:00","dateModified":"2022-05-05T12:26:53+00:00","mainEntityOfPage":{"@id":"https:\/\/dpress.ma\/fr\/2022\/05\/05\/presentation-mercredi-prochain-devant-le-parlement-des-activites-de-la-cour-des-comptes-au-titre-de-lexercice-2019-2020\/"},"wordCount":157,"image":{"@id":"https:\/\/dpress.ma\/fr\/2022\/05\/05\/presentation-mercredi-prochain-devant-le-parlement-des-activites-de-la-cour-des-comptes-au-titre-de-lexercice-2019-2020\/#primaryimage"},"thumbnailUrl":"https:\/\/dpress.ma\/fr\/wp-content\/uploads\/sites\/2\/2022\/04\/parlement-fr0.jpg","articleSection":["Diplomatie Parlementaire"],"inLanguage":"fr-FR"},{"@type":"WebPage","@id":"https:\/\/dpress.ma\/fr\/2022\/05\/05\/presentation-mercredi-prochain-devant-le-parlement-des-activites-de-la-cour-des-comptes-au-titre-de-lexercice-2019-2020\/","url":"https:\/\/dpress.ma\/fr\/2022\/05\/05\/presentation-mercredi-prochain-devant-le-parlement-des-activites-de-la-cour-des-comptes-au-titre-de-lexercice-2019-2020\/","name":"Pr\u00e9sentation mercredi prochain devant le parlement des activit\u00e9s de la Cour des Comptes au titre de l\u2019exercice 2019-2020 - Dpress.ma\/fr","isPartOf":{"@id":"https:\/\/dpress.ma\/fr\/#website"},"primaryImageOfPage":{"@id":"https:\/\/dpress.ma\/fr\/2022\/05\/05\/presentation-mercredi-prochain-devant-le-parlement-des-activites-de-la-cour-des-comptes-au-titre-de-lexercice-2019-2020\/#primaryimage"},"image":{"@id":"https:\/\/dpress.ma\/fr\/2022\/05\/05\/presentation-mercredi-prochain-devant-le-parlement-des-activites-de-la-cour-des-comptes-au-titre-de-lexercice-2019-2020\/#primaryimage"},"thumbnailUrl":"https:\/\/dpress.ma\/fr\/wp-content\/uploads\/sites\/2\/2022\/04\/parlement-fr0.jpg","datePublished":"2022-05-05T12:26:52+00:00","dateModified":"2022-05-05T12:26:53+00:00","author":{"@id":"https:\/\/dpress.ma\/fr\/#\/schema\/person\/4898febf3ccd59e6578d838656a306a0"},"description":"La pr\u00e9sidente de la Cour des Comptes pr\u00e9sentera mercredi prochain, lors d\u2019une s\u00e9ance pl\u00e9ni\u00e8re commune des deux chambres du parlement...","breadcrumb":{"@id":"https:\/\/dpress.ma\/fr\/2022\/05\/05\/presentation-mercredi-prochain-devant-le-parlement-des-activites-de-la-cour-des-comptes-au-titre-de-lexercice-2019-2020\/#breadcrumb"},"inLanguage":"fr-FR","potentialAction":[{"@type":"ReadAction","target":["https:\/\/dpress.ma\/fr\/2022\/05\/05\/presentation-mercredi-prochain-devant-le-parlement-des-activites-de-la-cour-des-comptes-au-titre-de-lexercice-2019-2020\/"]}]},{"@type":"ImageObject","inLanguage":"fr-FR","@id":"https:\/\/dpress.ma\/fr\/2022\/05\/05\/presentation-mercredi-prochain-devant-le-parlement-des-activites-de-la-cour-des-comptes-au-titre-de-lexercice-2019-2020\/#primaryimage","url":"https:\/\/dpress.ma\/fr\/wp-content\/uploads\/sites\/2\/2022\/04\/parlement-fr0.jpg","contentUrl":"https:\/\/dpress.ma\/fr\/wp-content\/uploads\/sites\/2\/2022\/04\/parlement-fr0.jpg","width":2539,"height":1594},{"@type":"BreadcrumbList","@id":"https:\/\/dpress.ma\/fr\/2022\/05\/05\/presentation-mercredi-prochain-devant-le-parlement-des-activites-de-la-cour-des-comptes-au-titre-de-lexercice-2019-2020\/#breadcrumb","itemListElement":[{"@type":"ListItem","position":1,"name":"Home","item":"https:\/\/dpress.ma\/fr\/"},{"@type":"ListItem","position":2,"name":"Pr\u00e9sentation mercredi prochain devant le parlement des activit\u00e9s de la Cour des Comptes au titre de l\u2019exercice 2019-2020"}]},{"@type":"WebSite","@id":"https:\/\/dpress.ma\/fr\/#website","url":"https:\/\/dpress.ma\/fr\/","name":"Dpress.ma\/fr","description":"","potentialAction":[{"@type":"SearchAction","target":{"@type":"EntryPoint","urlTemplate":"https:\/\/dpress.ma\/fr\/?s={search_term_string}"},"query-input":{"@type":"PropertyValueSpecification","valueRequired":true,"valueName":"search_term_string"}}],"inLanguage":"fr-FR"},{"@type":"Person","@id":"https:\/\/dpress.ma\/fr\/#\/schema\/person\/4898febf3ccd59e6578d838656a306a0","name":"Dpress.ma","image":{"@type":"ImageObject","inLanguage":"fr-FR","@id":"https:\/\/secure.gravatar.com\/avatar\/72ecc30e9db047a2e0e7176561eb9d564ed77c8108376495b19bd8336405198a?s=96&d=mm&r=g","url":"https:\/\/secure.gravatar.com\/avatar\/72ecc30e9db047a2e0e7176561eb9d564ed77c8108376495b19bd8336405198a?s=96&d=mm&r=g","contentUrl":"https:\/\/secure.gravatar.com\/avatar\/72ecc30e9db047a2e0e7176561eb9d564ed77c8108376495b19bd8336405198a?s=96&d=mm&r=g","caption":"Dpress.ma"},"sameAs":["https:\/\/www.dpress.ma"],"url":"https:\/\/dpress.ma\/fr\/author\/dpress-ma\/"}]}},"amp_enabled":true,"_links":{"self":[{"href":"https:\/\/dpress.ma\/fr\/wp-json\/wp\/v2\/posts\/1531","targetHints":{"allow":["GET"]}}],"collection":[{"href":"https:\/\/dpress.ma\/fr\/wp-json\/wp\/v2\/posts"}],"about":[{"href":"https:\/\/dpress.ma\/fr\/wp-json\/wp\/v2\/types\/post"}],"author":[{"embeddable":true,"href":"https:\/\/dpress.ma\/fr\/wp-json\/wp\/v2\/users\/2"}],"replies":[{"embeddable":true,"href":"https:\/\/dpress.ma\/fr\/wp-json\/wp\/v2\/comments?post=1531"}],"version-history":[{"count":2,"href":"https:\/\/dpress.ma\/fr\/wp-json\/wp\/v2\/posts\/1531\/revisions"}],"predecessor-version":[{"id":1533,"href":"https:\/\/dpress.ma\/fr\/wp-json\/wp\/v2\/posts\/1531\/revisions\/1533"}],"wp:featuredmedia":[{"embeddable":true,"href":"https:\/\/dpress.ma\/fr\/wp-json\/wp\/v2\/media\/1458"}],"wp:attachment":[{"href":"https:\/\/dpress.ma\/fr\/wp-json\/wp\/v2\/media?parent=1531"}],"wp:term":[{"taxonomy":"category","embeddable":true,"href":"https:\/\/dpress.ma\/fr\/wp-json\/wp\/v2\/categories?post=1531"},{"taxonomy":"post_tag","embeddable":true,"href":"https:\/\/dpress.ma\/fr\/wp-json\/wp\/v2\/tags?post=1531"}],"curies":[{"name":"wp","href":"https:\/\/api.w.org\/{rel}","templated":true}]}}