{"id":1525,"date":"2022-05-05T11:01:41","date_gmt":"2022-05-05T11:01:41","guid":{"rendered":"https:\/\/dpress.ma\/fr\/?p=1525"},"modified":"2022-05-05T11:02:49","modified_gmt":"2022-05-05T11:02:49","slug":"regions-abritent-723-des-actifs-ages-de-15-ans-et-plus-5","status":"publish","type":"post","link":"https:\/\/dpress.ma\/fr\/2022\/05\/05\/regions-abritent-723-des-actifs-ages-de-15-ans-et-plus-5\/","title":{"rendered":"5r\u00e9gions abritent 72,3% des actifs \u00e2g\u00e9s de 15 ans et plus \u00a0\u00a0"},"content":{"rendered":"\n<p>Dpress<\/p>\n\n\n\n<p>Cinq r\u00e9gions abritent 72,3% de l\u2019ensemble des actifs \u00e2g\u00e9s de 15 ans et plus, ressort-il d\u2019une note d\u2019information du Haut-Commissariat au Plan (HCP) relative \u00e0 la situation du march\u00e9 du travail au 1er trimestre 2022.<\/p>\n\n\n\n<p>La r\u00e9gion de Casablanca-Settat vient en premi\u00e8re position avec 22,2% d\u2019actifs, suivie de Rabat-Sal\u00e9-Kenitra (13,4%), de Marrakech-Safi (13,0%), de Tanger-T\u00e9touan-Al Hoceima (12,1%) et de F\u00e8s-Mekn\u00e8s (11,6%), pr\u00e9cise la m\u00eame source.<\/p>\n\n\n\n<p>Quatre r\u00e9gions affichent des taux d\u2019activit\u00e9 d\u00e9passant la moyenne nationale (44,5%), rel\u00e8ve le HCP. Il s\u2019agit de Tanger-T\u00e9touan-Al Hoceima (50,8%), Casablanca-Settat (46,8%), B\u00e9ni Mellal-Kh\u00e9nifra (44,7%) et Marrakech-Safi (44,6%).<\/p>\n\n\n\n<p>En revanche, les taux inf\u00e9rieurs \u00e0 la moyenne nationale sont enregistr\u00e9s dans les r\u00e9gions de F\u00e8s-Mekn\u00e8s (42,4%), de l\u2019Oriental (41,8%) et de Souss-Massa (38%).<\/p>\n\n\n\n<p>Parall\u00e8lement, le HCP indique que presque trois quarts des ch\u00f4meurs (73,2%) sont concentr\u00e9s dans cinq r\u00e9gions, \u00e0 savoir Casablanca-Settat (26,8% de ch\u00f4meurs), F\u00e8s-Mekn\u00e8s (14%), Rabat-Sal\u00e9-K\u00e9nitra (11,6%), l\u2019Oriental (11,0%) et Tanger-T\u00e9touan-Al Hoceima (9,7%).<\/p>\n\n\n\n<p>Les taux de ch\u00f4mage les plus \u00e9lev\u00e9s sont observ\u00e9s dans l\u2019Oriental (20,2%) et les r\u00e9gions du Sud (19,6%). Deux autres r\u00e9gions d\u00e9passent la moyenne nationale (12,1%), \u00e0 savoir F\u00e8s-Mekn\u00e8s (14,6%) et Casablanca-Settat (14,5%).<\/p>\n\n\n\n<p>De leur c\u00f4t\u00e9, les r\u00e9gions de B\u00e9ni Mellal-Kh\u00e9nifra, de Dr\u00e2a-Tafilalet, et de Marrakech-Safi enregistrent respectivement les taux de 9,4%, 9% et 6,8%.<\/p>\n","protected":false},"excerpt":{"rendered":"<p>Dpress Cinq r\u00e9gions abritent 72,3% de l\u2019ensemble des actifs \u00e2g\u00e9s de 15 ans et plus, ressort-il d\u2019une note d\u2019information du Haut-Commissariat au Plan (HCP) relative \u00e0 la situation du march\u00e9 du travail au 1er trimestre 2022. La r\u00e9gion de Casablanca-Settat vient en premi\u00e8re position avec 22,2% d\u2019actifs, suivie de Rabat-Sal\u00e9-Kenitra (13,4%), de Marrakech-Safi (13,0%), de &hellip;<\/p>\n","protected":false},"author":2,"featured_media":1263,"comment_status":"closed","ping_status":"open","sticky":false,"template":"","format":"standard","meta":{"footnotes":""},"categories":[25],"tags":[],"class_list":["post-1525","post","type-post","status-publish","format-standard","has-post-thumbnail","hentry","category-economie"],"yoast_head":"<!-- This site is optimized with the Yoast SEO plugin v27.5 - https:\/\/yoast.com\/product\/yoast-seo-wordpress\/ -->\n<title>5r\u00e9gions abritent 72,3% des actifs \u00e2g\u00e9s de 15 ans et plus \u00a0\u00a0 - Dpress.ma\/fr<\/title>\n<meta name=\"description\" content=\"Cinq r\u00e9gions abritent 72,3% de l\u2019ensemble des actifs \u00e2g\u00e9s de 15 ans et plus, ressort-il d\u2019une note d\u2019information du Haut-Commissariat ...\" \/>\n<meta name=\"robots\" content=\"index, follow, max-snippet:-1, max-image-preview:large, max-video-preview:-1\" \/>\n<link rel=\"canonical\" href=\"https:\/\/dpress.ma\/fr\/2022\/05\/05\/regions-abritent-723-des-actifs-ages-de-15-ans-et-plus-5\/\" \/>\n<meta property=\"og:locale\" content=\"fr_FR\" \/>\n<meta property=\"og:type\" content=\"article\" \/>\n<meta property=\"og:title\" content=\"5r\u00e9gions abritent 72,3% des actifs \u00e2g\u00e9s de 15 ans et plus \u00a0\u00a0 - Dpress.ma\/fr\" \/>\n<meta property=\"og:description\" content=\"Cinq r\u00e9gions abritent 72,3% de l\u2019ensemble des actifs \u00e2g\u00e9s de 15 ans et plus, ressort-il d\u2019une note d\u2019information du Haut-Commissariat ...\" \/>\n<meta property=\"og:url\" content=\"https:\/\/dpress.ma\/fr\/2022\/05\/05\/regions-abritent-723-des-actifs-ages-de-15-ans-et-plus-5\/\" \/>\n<meta property=\"og:site_name\" content=\"Dpress.ma\/fr\" \/>\n<meta property=\"article:published_time\" content=\"2022-05-05T11:01:41+00:00\" \/>\n<meta property=\"article:modified_time\" content=\"2022-05-05T11:02:49+00:00\" \/>\n<meta property=\"og:image\" content=\"https:\/\/dpress.ma\/fr\/wp-content\/uploads\/sites\/2\/2022\/04\/HCP-fr0.jpg\" \/>\n\t<meta property=\"og:image:width\" content=\"2539\" \/>\n\t<meta property=\"og:image:height\" content=\"1594\" \/>\n\t<meta property=\"og:image:type\" content=\"image\/jpeg\" \/>\n<meta name=\"author\" content=\"Dpress.ma\" \/>\n<meta name=\"twitter:card\" content=\"summary_large_image\" \/>\n<meta name=\"twitter:label1\" content=\"\u00c9crit par\" \/>\n\t<meta name=\"twitter:data1\" content=\"Dpress.ma\" \/>\n\t<meta name=\"twitter:label2\" content=\"Dur\u00e9e de lecture estim\u00e9e\" \/>\n\t<meta name=\"twitter:data2\" content=\"2 minutes\" \/>\n<script type=\"application\/ld+json\" class=\"yoast-schema-graph\">{\"@context\":\"https:\\\/\\\/schema.org\",\"@graph\":[{\"@type\":\"Article\",\"@id\":\"https:\\\/\\\/dpress.ma\\\/fr\\\/2022\\\/05\\\/05\\\/regions-abritent-723-des-actifs-ages-de-15-ans-et-plus-5\\\/#article\",\"isPartOf\":{\"@id\":\"https:\\\/\\\/dpress.ma\\\/fr\\\/2022\\\/05\\\/05\\\/regions-abritent-723-des-actifs-ages-de-15-ans-et-plus-5\\\/\"},\"author\":{\"name\":\"Dpress.ma\",\"@id\":\"https:\\\/\\\/dpress.ma\\\/fr\\\/#\\\/schema\\\/person\\\/4898febf3ccd59e6578d838656a306a0\"},\"headline\":\"5r\u00e9gions abritent 72,3% des actifs \u00e2g\u00e9s de 15 ans et plus \u00a0\u00a0\",\"datePublished\":\"2022-05-05T11:01:41+00:00\",\"dateModified\":\"2022-05-05T11:02:49+00:00\",\"mainEntityOfPage\":{\"@id\":\"https:\\\/\\\/dpress.ma\\\/fr\\\/2022\\\/05\\\/05\\\/regions-abritent-723-des-actifs-ages-de-15-ans-et-plus-5\\\/\"},\"wordCount\":235,\"image\":{\"@id\":\"https:\\\/\\\/dpress.ma\\\/fr\\\/2022\\\/05\\\/05\\\/regions-abritent-723-des-actifs-ages-de-15-ans-et-plus-5\\\/#primaryimage\"},\"thumbnailUrl\":\"https:\\\/\\\/dpress.ma\\\/fr\\\/wp-content\\\/uploads\\\/sites\\\/2\\\/2022\\\/04\\\/HCP-fr0.jpg\",\"articleSection\":[\"\u00c9conomie\"],\"inLanguage\":\"fr-FR\"},{\"@type\":\"WebPage\",\"@id\":\"https:\\\/\\\/dpress.ma\\\/fr\\\/2022\\\/05\\\/05\\\/regions-abritent-723-des-actifs-ages-de-15-ans-et-plus-5\\\/\",\"url\":\"https:\\\/\\\/dpress.ma\\\/fr\\\/2022\\\/05\\\/05\\\/regions-abritent-723-des-actifs-ages-de-15-ans-et-plus-5\\\/\",\"name\":\"5r\u00e9gions abritent 72,3% des actifs \u00e2g\u00e9s de 15 ans et plus \u00a0\u00a0 - Dpress.ma\\\/fr\",\"isPartOf\":{\"@id\":\"https:\\\/\\\/dpress.ma\\\/fr\\\/#website\"},\"primaryImageOfPage\":{\"@id\":\"https:\\\/\\\/dpress.ma\\\/fr\\\/2022\\\/05\\\/05\\\/regions-abritent-723-des-actifs-ages-de-15-ans-et-plus-5\\\/#primaryimage\"},\"image\":{\"@id\":\"https:\\\/\\\/dpress.ma\\\/fr\\\/2022\\\/05\\\/05\\\/regions-abritent-723-des-actifs-ages-de-15-ans-et-plus-5\\\/#primaryimage\"},\"thumbnailUrl\":\"https:\\\/\\\/dpress.ma\\\/fr\\\/wp-content\\\/uploads\\\/sites\\\/2\\\/2022\\\/04\\\/HCP-fr0.jpg\",\"datePublished\":\"2022-05-05T11:01:41+00:00\",\"dateModified\":\"2022-05-05T11:02:49+00:00\",\"author\":{\"@id\":\"https:\\\/\\\/dpress.ma\\\/fr\\\/#\\\/schema\\\/person\\\/4898febf3ccd59e6578d838656a306a0\"},\"description\":\"Cinq r\u00e9gions abritent 72,3% de l\u2019ensemble des actifs \u00e2g\u00e9s de 15 ans et plus, ressort-il d\u2019une note d\u2019information du Haut-Commissariat ...\",\"breadcrumb\":{\"@id\":\"https:\\\/\\\/dpress.ma\\\/fr\\\/2022\\\/05\\\/05\\\/regions-abritent-723-des-actifs-ages-de-15-ans-et-plus-5\\\/#breadcrumb\"},\"inLanguage\":\"fr-FR\",\"potentialAction\":[{\"@type\":\"ReadAction\",\"target\":[\"https:\\\/\\\/dpress.ma\\\/fr\\\/2022\\\/05\\\/05\\\/regions-abritent-723-des-actifs-ages-de-15-ans-et-plus-5\\\/\"]}]},{\"@type\":\"ImageObject\",\"inLanguage\":\"fr-FR\",\"@id\":\"https:\\\/\\\/dpress.ma\\\/fr\\\/2022\\\/05\\\/05\\\/regions-abritent-723-des-actifs-ages-de-15-ans-et-plus-5\\\/#primaryimage\",\"url\":\"https:\\\/\\\/dpress.ma\\\/fr\\\/wp-content\\\/uploads\\\/sites\\\/2\\\/2022\\\/04\\\/HCP-fr0.jpg\",\"contentUrl\":\"https:\\\/\\\/dpress.ma\\\/fr\\\/wp-content\\\/uploads\\\/sites\\\/2\\\/2022\\\/04\\\/HCP-fr0.jpg\",\"width\":2539,\"height\":1594},{\"@type\":\"BreadcrumbList\",\"@id\":\"https:\\\/\\\/dpress.ma\\\/fr\\\/2022\\\/05\\\/05\\\/regions-abritent-723-des-actifs-ages-de-15-ans-et-plus-5\\\/#breadcrumb\",\"itemListElement\":[{\"@type\":\"ListItem\",\"position\":1,\"name\":\"Home\",\"item\":\"https:\\\/\\\/dpress.ma\\\/fr\\\/\"},{\"@type\":\"ListItem\",\"position\":2,\"name\":\"5r\u00e9gions abritent 72,3% des actifs \u00e2g\u00e9s de 15 ans et plus \u00a0\u00a0\"}]},{\"@type\":\"WebSite\",\"@id\":\"https:\\\/\\\/dpress.ma\\\/fr\\\/#website\",\"url\":\"https:\\\/\\\/dpress.ma\\\/fr\\\/\",\"name\":\"Dpress.ma\\\/fr\",\"description\":\"\",\"potentialAction\":[{\"@type\":\"SearchAction\",\"target\":{\"@type\":\"EntryPoint\",\"urlTemplate\":\"https:\\\/\\\/dpress.ma\\\/fr\\\/?s={search_term_string}\"},\"query-input\":{\"@type\":\"PropertyValueSpecification\",\"valueRequired\":true,\"valueName\":\"search_term_string\"}}],\"inLanguage\":\"fr-FR\"},{\"@type\":\"Person\",\"@id\":\"https:\\\/\\\/dpress.ma\\\/fr\\\/#\\\/schema\\\/person\\\/4898febf3ccd59e6578d838656a306a0\",\"name\":\"Dpress.ma\",\"image\":{\"@type\":\"ImageObject\",\"inLanguage\":\"fr-FR\",\"@id\":\"https:\\\/\\\/secure.gravatar.com\\\/avatar\\\/72ecc30e9db047a2e0e7176561eb9d564ed77c8108376495b19bd8336405198a?s=96&d=mm&r=g\",\"url\":\"https:\\\/\\\/secure.gravatar.com\\\/avatar\\\/72ecc30e9db047a2e0e7176561eb9d564ed77c8108376495b19bd8336405198a?s=96&d=mm&r=g\",\"contentUrl\":\"https:\\\/\\\/secure.gravatar.com\\\/avatar\\\/72ecc30e9db047a2e0e7176561eb9d564ed77c8108376495b19bd8336405198a?s=96&d=mm&r=g\",\"caption\":\"Dpress.ma\"},\"sameAs\":[\"https:\\\/\\\/www.dpress.ma\"],\"url\":\"https:\\\/\\\/dpress.ma\\\/fr\\\/author\\\/dpress-ma\\\/\"}]}<\/script>\n<!-- \/ Yoast SEO plugin. -->","yoast_head_json":{"title":"5r\u00e9gions abritent 72,3% des actifs \u00e2g\u00e9s de 15 ans et plus \u00a0\u00a0 - Dpress.ma\/fr","description":"Cinq r\u00e9gions abritent 72,3% de l\u2019ensemble des actifs \u00e2g\u00e9s de 15 ans et plus, ressort-il d\u2019une note d\u2019information du Haut-Commissariat ...","robots":{"index":"index","follow":"follow","max-snippet":"max-snippet:-1","max-image-preview":"max-image-preview:large","max-video-preview":"max-video-preview:-1"},"canonical":"https:\/\/dpress.ma\/fr\/2022\/05\/05\/regions-abritent-723-des-actifs-ages-de-15-ans-et-plus-5\/","og_locale":"fr_FR","og_type":"article","og_title":"5r\u00e9gions abritent 72,3% des actifs \u00e2g\u00e9s de 15 ans et plus \u00a0\u00a0 - Dpress.ma\/fr","og_description":"Cinq r\u00e9gions abritent 72,3% de l\u2019ensemble des actifs \u00e2g\u00e9s de 15 ans et plus, ressort-il d\u2019une note d\u2019information du Haut-Commissariat ...","og_url":"https:\/\/dpress.ma\/fr\/2022\/05\/05\/regions-abritent-723-des-actifs-ages-de-15-ans-et-plus-5\/","og_site_name":"Dpress.ma\/fr","article_published_time":"2022-05-05T11:01:41+00:00","article_modified_time":"2022-05-05T11:02:49+00:00","og_image":[{"width":2539,"height":1594,"url":"https:\/\/dpress.ma\/fr\/wp-content\/uploads\/sites\/2\/2022\/04\/HCP-fr0.jpg","type":"image\/jpeg"}],"author":"Dpress.ma","twitter_card":"summary_large_image","twitter_misc":{"\u00c9crit par":"Dpress.ma","Dur\u00e9e de lecture estim\u00e9e":"2 minutes"},"schema":{"@context":"https:\/\/schema.org","@graph":[{"@type":"Article","@id":"https:\/\/dpress.ma\/fr\/2022\/05\/05\/regions-abritent-723-des-actifs-ages-de-15-ans-et-plus-5\/#article","isPartOf":{"@id":"https:\/\/dpress.ma\/fr\/2022\/05\/05\/regions-abritent-723-des-actifs-ages-de-15-ans-et-plus-5\/"},"author":{"name":"Dpress.ma","@id":"https:\/\/dpress.ma\/fr\/#\/schema\/person\/4898febf3ccd59e6578d838656a306a0"},"headline":"5r\u00e9gions abritent 72,3% des actifs \u00e2g\u00e9s de 15 ans et plus \u00a0\u00a0","datePublished":"2022-05-05T11:01:41+00:00","dateModified":"2022-05-05T11:02:49+00:00","mainEntityOfPage":{"@id":"https:\/\/dpress.ma\/fr\/2022\/05\/05\/regions-abritent-723-des-actifs-ages-de-15-ans-et-plus-5\/"},"wordCount":235,"image":{"@id":"https:\/\/dpress.ma\/fr\/2022\/05\/05\/regions-abritent-723-des-actifs-ages-de-15-ans-et-plus-5\/#primaryimage"},"thumbnailUrl":"https:\/\/dpress.ma\/fr\/wp-content\/uploads\/sites\/2\/2022\/04\/HCP-fr0.jpg","articleSection":["\u00c9conomie"],"inLanguage":"fr-FR"},{"@type":"WebPage","@id":"https:\/\/dpress.ma\/fr\/2022\/05\/05\/regions-abritent-723-des-actifs-ages-de-15-ans-et-plus-5\/","url":"https:\/\/dpress.ma\/fr\/2022\/05\/05\/regions-abritent-723-des-actifs-ages-de-15-ans-et-plus-5\/","name":"5r\u00e9gions abritent 72,3% des actifs \u00e2g\u00e9s de 15 ans et plus \u00a0\u00a0 - Dpress.ma\/fr","isPartOf":{"@id":"https:\/\/dpress.ma\/fr\/#website"},"primaryImageOfPage":{"@id":"https:\/\/dpress.ma\/fr\/2022\/05\/05\/regions-abritent-723-des-actifs-ages-de-15-ans-et-plus-5\/#primaryimage"},"image":{"@id":"https:\/\/dpress.ma\/fr\/2022\/05\/05\/regions-abritent-723-des-actifs-ages-de-15-ans-et-plus-5\/#primaryimage"},"thumbnailUrl":"https:\/\/dpress.ma\/fr\/wp-content\/uploads\/sites\/2\/2022\/04\/HCP-fr0.jpg","datePublished":"2022-05-05T11:01:41+00:00","dateModified":"2022-05-05T11:02:49+00:00","author":{"@id":"https:\/\/dpress.ma\/fr\/#\/schema\/person\/4898febf3ccd59e6578d838656a306a0"},"description":"Cinq r\u00e9gions abritent 72,3% de l\u2019ensemble des actifs \u00e2g\u00e9s de 15 ans et plus, ressort-il d\u2019une note d\u2019information du Haut-Commissariat ...","breadcrumb":{"@id":"https:\/\/dpress.ma\/fr\/2022\/05\/05\/regions-abritent-723-des-actifs-ages-de-15-ans-et-plus-5\/#breadcrumb"},"inLanguage":"fr-FR","potentialAction":[{"@type":"ReadAction","target":["https:\/\/dpress.ma\/fr\/2022\/05\/05\/regions-abritent-723-des-actifs-ages-de-15-ans-et-plus-5\/"]}]},{"@type":"ImageObject","inLanguage":"fr-FR","@id":"https:\/\/dpress.ma\/fr\/2022\/05\/05\/regions-abritent-723-des-actifs-ages-de-15-ans-et-plus-5\/#primaryimage","url":"https:\/\/dpress.ma\/fr\/wp-content\/uploads\/sites\/2\/2022\/04\/HCP-fr0.jpg","contentUrl":"https:\/\/dpress.ma\/fr\/wp-content\/uploads\/sites\/2\/2022\/04\/HCP-fr0.jpg","width":2539,"height":1594},{"@type":"BreadcrumbList","@id":"https:\/\/dpress.ma\/fr\/2022\/05\/05\/regions-abritent-723-des-actifs-ages-de-15-ans-et-plus-5\/#breadcrumb","itemListElement":[{"@type":"ListItem","position":1,"name":"Home","item":"https:\/\/dpress.ma\/fr\/"},{"@type":"ListItem","position":2,"name":"5r\u00e9gions abritent 72,3% des actifs \u00e2g\u00e9s de 15 ans et plus \u00a0\u00a0"}]},{"@type":"WebSite","@id":"https:\/\/dpress.ma\/fr\/#website","url":"https:\/\/dpress.ma\/fr\/","name":"Dpress.ma\/fr","description":"","potentialAction":[{"@type":"SearchAction","target":{"@type":"EntryPoint","urlTemplate":"https:\/\/dpress.ma\/fr\/?s={search_term_string}"},"query-input":{"@type":"PropertyValueSpecification","valueRequired":true,"valueName":"search_term_string"}}],"inLanguage":"fr-FR"},{"@type":"Person","@id":"https:\/\/dpress.ma\/fr\/#\/schema\/person\/4898febf3ccd59e6578d838656a306a0","name":"Dpress.ma","image":{"@type":"ImageObject","inLanguage":"fr-FR","@id":"https:\/\/secure.gravatar.com\/avatar\/72ecc30e9db047a2e0e7176561eb9d564ed77c8108376495b19bd8336405198a?s=96&d=mm&r=g","url":"https:\/\/secure.gravatar.com\/avatar\/72ecc30e9db047a2e0e7176561eb9d564ed77c8108376495b19bd8336405198a?s=96&d=mm&r=g","contentUrl":"https:\/\/secure.gravatar.com\/avatar\/72ecc30e9db047a2e0e7176561eb9d564ed77c8108376495b19bd8336405198a?s=96&d=mm&r=g","caption":"Dpress.ma"},"sameAs":["https:\/\/www.dpress.ma"],"url":"https:\/\/dpress.ma\/fr\/author\/dpress-ma\/"}]}},"amp_enabled":true,"_links":{"self":[{"href":"https:\/\/dpress.ma\/fr\/wp-json\/wp\/v2\/posts\/1525","targetHints":{"allow":["GET"]}}],"collection":[{"href":"https:\/\/dpress.ma\/fr\/wp-json\/wp\/v2\/posts"}],"about":[{"href":"https:\/\/dpress.ma\/fr\/wp-json\/wp\/v2\/types\/post"}],"author":[{"embeddable":true,"href":"https:\/\/dpress.ma\/fr\/wp-json\/wp\/v2\/users\/2"}],"replies":[{"embeddable":true,"href":"https:\/\/dpress.ma\/fr\/wp-json\/wp\/v2\/comments?post=1525"}],"version-history":[{"count":2,"href":"https:\/\/dpress.ma\/fr\/wp-json\/wp\/v2\/posts\/1525\/revisions"}],"predecessor-version":[{"id":1528,"href":"https:\/\/dpress.ma\/fr\/wp-json\/wp\/v2\/posts\/1525\/revisions\/1528"}],"wp:featuredmedia":[{"embeddable":true,"href":"https:\/\/dpress.ma\/fr\/wp-json\/wp\/v2\/media\/1263"}],"wp:attachment":[{"href":"https:\/\/dpress.ma\/fr\/wp-json\/wp\/v2\/media?parent=1525"}],"wp:term":[{"taxonomy":"category","embeddable":true,"href":"https:\/\/dpress.ma\/fr\/wp-json\/wp\/v2\/categories?post=1525"},{"taxonomy":"post_tag","embeddable":true,"href":"https:\/\/dpress.ma\/fr\/wp-json\/wp\/v2\/tags?post=1525"}],"curies":[{"name":"wp","href":"https:\/\/api.w.org\/{rel}","templated":true}]}}