{"id":15115,"date":"2025-06-13T09:55:35","date_gmt":"2025-06-13T09:55:35","guid":{"rendered":"https:\/\/dpress.ma\/fr\/?p=15115"},"modified":"2025-06-13T09:55:37","modified_gmt":"2025-06-13T09:55:37","slug":"celebration-a-rabat-de-la-journee-mondiale-du-self-care","status":"publish","type":"post","link":"https:\/\/dpress.ma\/fr\/2025\/06\/13\/celebration-a-rabat-de-la-journee-mondiale-du-self-care\/","title":{"rendered":"C\u00e9l\u00e9bration \u00e0 Rabat de la journ\u00e9e mondiale du Self Care"},"content":{"rendered":"\n<p>Dpress <\/p>\n\n\n\n<p>&nbsp;La Journ\u00e9e mondiale du Self Care (soins auto-administr\u00e9s) a \u00e9t\u00e9 c\u00e9l\u00e9br\u00e9e, jeudi \u00e0 Rabat, en pr\u00e9sence de repr\u00e9sentants d\u2019institutions gouvernementales, d\u2019organisations internationales, des acteurs la soci\u00e9t\u00e9 civile et des professionnels de la sant\u00e9.<\/p>\n\n\n\n<p>Cet \u00e9v\u00e8nement,&nbsp;d\u00e9di\u00e9 aux soins auto-administr\u00e9s en sant\u00e9 sexuelle et reproductive,&nbsp;a \u00e9t\u00e9 initi\u00e9 par l\u2019Organisation panafricaine de lutte contre le Sida (OPALS) et le Fonds des Nations Unies pour la Population (UNFPA), en partenariat avec la Fondation Mohammed VI des Sciences et de la Sant\u00e9 \u00e0 Rabat, avec le soutien du minist\u00e8re de la Sant\u00e9 et de la Protection sociale.<\/p>\n\n\n\n<p>Dans son allocution d\u2019ouverture, le directeur g\u00e9n\u00e9ral du site de Rabat de la Fondation Mohammed VI des Sciences et de la Sant\u00e9, le Pr Ahmed Bennana, a indiqu\u00e9 que le sujet du self care r\u00e9sonne aujourd\u2019hui comme une priorit\u00e9 partag\u00e9e ayant pour objectif de promouvoir l\u2019autonomie et la pr\u00e9vention.<\/p>\n\n\n\n<p>\u201cCette rencontre se veut une opportunit\u00e9 idoine pour mener des r\u00e9flexions collectives, partager des exp\u00e9riences et renforcer les partenariats autour d\u2019un objectif commun, celui de mettre la sant\u00e9 entre les mains de chacun\u201d, a soulign\u00e9 M. Bennana.<\/p>\n\n\n\n<p>Prenant la parole, le directeur du Centre Mohammed VI de la Recherche et de l\u2019Innovation, le Pr Saber Boutayeb, a affirm\u00e9 que cette r\u00e9union rev\u00eat une importance capitale, du fait qu\u2019elle permet de dresser un \u00e9tat des lieux sur la sant\u00e9 sexuelle et reproductive au Maroc.<\/p>\n\n\n\n<p>Selon lui, il s\u2019agit d\u2019un moment cl\u00e9 pour explorer les synergies possibles avec le Centre Mohammed VI de la Recherche et de l\u2019Innovation, en vue d\u2019\u00e9valuer l\u2019efficacit\u00e9 des diff\u00e9rents programmes de sant\u00e9 mis en \u0153uvre.<\/p>\n\n\n\n<p>Pour sa part, le directeur de la population au minist\u00e8re de la Sant\u00e9 et de la Protection Sociale, Abdelhakim Yahyane, a soulign\u00e9 que cette rencontre intervient dans un contexte mondial marqu\u00e9 par l\u2019\u00e9volution rapide des besoins des populations, une pression accrue sur les syst\u00e8mes de sant\u00e9, et une n\u00e9cessit\u00e9 imp\u00e9rieuse de d\u00e9velopper des approches plus agiles, durables et centr\u00e9es sur la personne.<\/p>\n\n\n\n<p>Le Royaume du Maroc a plac\u00e9 la sant\u00e9 sexuelle et reproductive au c\u0153ur de ses priorit\u00e9s de sant\u00e9 publique, a-t-il soutenu, notant que cet engagement s\u2019est notamment traduit par la Strat\u00e9gie nationale de sant\u00e9 sexuelle et reproductive 2021\u20132030 et par l\u2019adoption, en 2019, des recommandations de l\u2019Organisation mondiale de la sant\u00e9 (OMS) sur les interventions d\u2019auto-soins en sant\u00e9 sexuelle et reproductive.<\/p>\n\n\n\n<p>De son c\u00f4t\u00e9, la repr\u00e9sentante de l\u2019OMS au Maroc, Maryam Bigdeli, a rappel\u00e9 que le Maroc est le premier pays dans la r\u00e9gion \u00e0 adopter les recommandations de l\u2019OMS sur le self care pour la sant\u00e9 sexuelle et reproductive et \u00e0 assurer leur int\u00e9gration dans les politiques de sant\u00e9.<\/p>\n\n\n\n<p>Dans une allocution lue en son nom, Mme Bigdeli a salu\u00e9 l\u2019engagement du minist\u00e8re de la Sant\u00e9 et de la Protection Sociale, en collaboration avec l\u2019OPALS et avec l\u2019appui de l\u2019OMS et de l\u2019UNFPA, pour promouvoir ces directives de l\u2019OMS et faire progresser la sant\u00e9 et le bien-\u00eatre des populations, y compris les plus vuln\u00e9rables.<\/p>\n\n\n\n<p>La pr\u00e9sidente de l\u2019OPALS, Dr. Nadia Bezad, a, quant \u00e0 elle, pass\u00e9 en revue les projets pilotes d\u00e9ploy\u00e9s par l\u2019OPALS, en partenariat avec le d\u00e9partement de la sant\u00e9 au Maroc, portant notamment sur les nouvelles m\u00e9thodes de contraception sous-cutan\u00e9e et l\u2019auto test du VIH.<\/p>\n\n\n\n<p>Et d\u2019ajouter qu\u2019apr\u00e8s six ann\u00e9es de l\u2019adoption par le Maroc des directives de l\u2019OMS sur les interventions de self care en sant\u00e9 sexuelle et reproductive, il est temps de marquer une nouvelle \u00e9tape pour la g\u00e9n\u00e9ralisation et l\u2019appropriation de ces interventions par toutes les franges de la population en vue de parvenir \u00e0 une couverture sanitaire universelle.<\/p>\n\n\n\n<p>Dans une allocution de circonstance, la repr\u00e9sentante de l\u2019UNFPA au Maroc, Marielle Sander, a affirm\u00e9 que cette rencontre est l\u2019occasion de lancer le premier kit m\u00e9nopause au Maroc,&nbsp;d\u00e9velopp\u00e9 avec des sages femmes, des professionnels de sant\u00e9 et des femmes elles-m\u00eames.<\/p>\n\n\n\n<p>\u201cCette collaboration refl\u00e8te notre partenariat fort avec les sages femmes marocaines, qui jouent un r\u00f4le essentiel pour accompagner la sant\u00e9 des femmes tout au long de leur vie\u201d, a-t-elle avanc\u00e9.<\/p>\n\n\n\n<p>S\u2019exprimant \u00e0 cette occasion, la cheffe de division des affaires f\u00e9minines au minist\u00e8re de la Jeunesse, de la Culture et de la Communication, Fadwa Rih, a fait remarquer que le self care est un droit humain fondamental, un outil d\u2019autonomisation et une passerelle vers une soci\u00e9t\u00e9 plus \u00e9quitable et plus r\u00e9siliente.<\/p>\n\n\n\n<p>Le d\u00e9partement de la jeunesse du minist\u00e8re \u0153uvre \u00e0 int\u00e9grer ces principes dans les programmes d\u00e9ploy\u00e9s au sein des \u00e9tablissements de jeunesse \u00e0 l\u2019\u00e9chelle nationale, a-t-elle expliqu\u00e9, notant que \u201cle self care, tel que promu par l\u2019OMS, s\u2019inscrit dans une dynamique plus large port\u00e9e par le Maroc, qui consid\u00e8re le d\u00e9veloppement humain comme une priorit\u00e9 nationale\u201d.<\/p>\n\n\n\n<p>Cette rencontre a \u00e9t\u00e9 ponctu\u00e9e par deux sessions th\u00e9matiques, la premi\u00e8re a port\u00e9 sur les avanc\u00e9es et les outils en sant\u00e9 sexuelle et reproductive au Maroc, tandis que la deuxi\u00e8me a \u00e9t\u00e9 consacr\u00e9e \u00e0 la pr\u00e9sentation et la distribution d\u2019un kit pour la m\u00e9nopause.<\/p>\n","protected":false},"excerpt":{"rendered":"<p>Dpress &nbsp;La Journ\u00e9e mondiale du Self Care (soins auto-administr\u00e9s) a \u00e9t\u00e9 c\u00e9l\u00e9br\u00e9e, jeudi \u00e0 Rabat, en pr\u00e9sence de repr\u00e9sentants d\u2019institutions gouvernementales, d\u2019organisations internationales, des acteurs la soci\u00e9t\u00e9 civile et des professionnels de la sant\u00e9. Cet \u00e9v\u00e8nement,&nbsp;d\u00e9di\u00e9 aux soins auto-administr\u00e9s en sant\u00e9 sexuelle et reproductive,&nbsp;a \u00e9t\u00e9 initi\u00e9 par l\u2019Organisation panafricaine de lutte contre le Sida (OPALS) &hellip;<\/p>\n","protected":false},"author":2,"featured_media":15116,"comment_status":"open","ping_status":"open","sticky":false,"template":"","format":"standard","meta":{"footnotes":""},"categories":[40],"tags":[],"class_list":["post-15115","post","type-post","status-publish","format-standard","has-post-thumbnail","hentry","category-societe-et-regions"],"yoast_head":"<!-- This site is optimized with the Yoast SEO plugin v27.5 - https:\/\/yoast.com\/product\/yoast-seo-wordpress\/ -->\n<title>C\u00e9l\u00e9bration \u00e0 Rabat de la journ\u00e9e mondiale du Self Care - Dpress.ma\/fr<\/title>\n<meta name=\"robots\" content=\"index, follow, max-snippet:-1, max-image-preview:large, max-video-preview:-1\" \/>\n<link rel=\"canonical\" href=\"https:\/\/dpress.ma\/fr\/2025\/06\/13\/celebration-a-rabat-de-la-journee-mondiale-du-self-care\/\" \/>\n<meta property=\"og:locale\" content=\"fr_FR\" \/>\n<meta property=\"og:type\" content=\"article\" \/>\n<meta property=\"og:title\" content=\"C\u00e9l\u00e9bration \u00e0 Rabat de la journ\u00e9e mondiale du Self Care - Dpress.ma\/fr\" \/>\n<meta property=\"og:description\" content=\"Dpress &nbsp;La Journ\u00e9e mondiale du Self Care (soins auto-administr\u00e9s) a \u00e9t\u00e9 c\u00e9l\u00e9br\u00e9e, jeudi \u00e0 Rabat, en pr\u00e9sence de repr\u00e9sentants d\u2019institutions gouvernementales, d\u2019organisations internationales, des acteurs la soci\u00e9t\u00e9 civile et des professionnels de la sant\u00e9. Cet \u00e9v\u00e8nement,&nbsp;d\u00e9di\u00e9 aux soins auto-administr\u00e9s en sant\u00e9 sexuelle et reproductive,&nbsp;a \u00e9t\u00e9 initi\u00e9 par l\u2019Organisation panafricaine de lutte contre le Sida (OPALS) &hellip;\" \/>\n<meta property=\"og:url\" content=\"https:\/\/dpress.ma\/fr\/2025\/06\/13\/celebration-a-rabat-de-la-journee-mondiale-du-self-care\/\" \/>\n<meta property=\"og:site_name\" content=\"Dpress.ma\/fr\" \/>\n<meta property=\"article:published_time\" content=\"2025-06-13T09:55:35+00:00\" \/>\n<meta property=\"article:modified_time\" content=\"2025-06-13T09:55:37+00:00\" \/>\n<meta property=\"og:image\" content=\"https:\/\/dpress.ma\/fr\/wp-content\/uploads\/sites\/2\/2025\/06\/ezg.jpg\" \/>\n\t<meta property=\"og:image:width\" content=\"2539\" \/>\n\t<meta property=\"og:image:height\" content=\"1594\" \/>\n\t<meta property=\"og:image:type\" content=\"image\/jpeg\" \/>\n<meta name=\"author\" content=\"Dpress.ma\" \/>\n<meta name=\"twitter:card\" content=\"summary_large_image\" \/>\n<meta name=\"twitter:label1\" content=\"\u00c9crit par\" \/>\n\t<meta name=\"twitter:data1\" content=\"Dpress.ma\" \/>\n\t<meta name=\"twitter:label2\" content=\"Dur\u00e9e de lecture estim\u00e9e\" \/>\n\t<meta name=\"twitter:data2\" content=\"5 minutes\" \/>\n<script type=\"application\/ld+json\" class=\"yoast-schema-graph\">{\"@context\":\"https:\\\/\\\/schema.org\",\"@graph\":[{\"@type\":\"Article\",\"@id\":\"https:\\\/\\\/dpress.ma\\\/fr\\\/2025\\\/06\\\/13\\\/celebration-a-rabat-de-la-journee-mondiale-du-self-care\\\/#article\",\"isPartOf\":{\"@id\":\"https:\\\/\\\/dpress.ma\\\/fr\\\/2025\\\/06\\\/13\\\/celebration-a-rabat-de-la-journee-mondiale-du-self-care\\\/\"},\"author\":{\"name\":\"Dpress.ma\",\"@id\":\"https:\\\/\\\/dpress.ma\\\/fr\\\/#\\\/schema\\\/person\\\/4898febf3ccd59e6578d838656a306a0\"},\"headline\":\"C\u00e9l\u00e9bration \u00e0 Rabat de la journ\u00e9e mondiale du Self Care\",\"datePublished\":\"2025-06-13T09:55:35+00:00\",\"dateModified\":\"2025-06-13T09:55:37+00:00\",\"mainEntityOfPage\":{\"@id\":\"https:\\\/\\\/dpress.ma\\\/fr\\\/2025\\\/06\\\/13\\\/celebration-a-rabat-de-la-journee-mondiale-du-self-care\\\/\"},\"wordCount\":933,\"commentCount\":0,\"image\":{\"@id\":\"https:\\\/\\\/dpress.ma\\\/fr\\\/2025\\\/06\\\/13\\\/celebration-a-rabat-de-la-journee-mondiale-du-self-care\\\/#primaryimage\"},\"thumbnailUrl\":\"https:\\\/\\\/dpress.ma\\\/fr\\\/wp-content\\\/uploads\\\/sites\\\/2\\\/2025\\\/06\\\/ezg.jpg\",\"articleSection\":[\"societe et regions\"],\"inLanguage\":\"fr-FR\",\"potentialAction\":[{\"@type\":\"CommentAction\",\"name\":\"Comment\",\"target\":[\"https:\\\/\\\/dpress.ma\\\/fr\\\/2025\\\/06\\\/13\\\/celebration-a-rabat-de-la-journee-mondiale-du-self-care\\\/#respond\"]}]},{\"@type\":\"WebPage\",\"@id\":\"https:\\\/\\\/dpress.ma\\\/fr\\\/2025\\\/06\\\/13\\\/celebration-a-rabat-de-la-journee-mondiale-du-self-care\\\/\",\"url\":\"https:\\\/\\\/dpress.ma\\\/fr\\\/2025\\\/06\\\/13\\\/celebration-a-rabat-de-la-journee-mondiale-du-self-care\\\/\",\"name\":\"C\u00e9l\u00e9bration \u00e0 Rabat de la journ\u00e9e mondiale du Self Care - Dpress.ma\\\/fr\",\"isPartOf\":{\"@id\":\"https:\\\/\\\/dpress.ma\\\/fr\\\/#website\"},\"primaryImageOfPage\":{\"@id\":\"https:\\\/\\\/dpress.ma\\\/fr\\\/2025\\\/06\\\/13\\\/celebration-a-rabat-de-la-journee-mondiale-du-self-care\\\/#primaryimage\"},\"image\":{\"@id\":\"https:\\\/\\\/dpress.ma\\\/fr\\\/2025\\\/06\\\/13\\\/celebration-a-rabat-de-la-journee-mondiale-du-self-care\\\/#primaryimage\"},\"thumbnailUrl\":\"https:\\\/\\\/dpress.ma\\\/fr\\\/wp-content\\\/uploads\\\/sites\\\/2\\\/2025\\\/06\\\/ezg.jpg\",\"datePublished\":\"2025-06-13T09:55:35+00:00\",\"dateModified\":\"2025-06-13T09:55:37+00:00\",\"author\":{\"@id\":\"https:\\\/\\\/dpress.ma\\\/fr\\\/#\\\/schema\\\/person\\\/4898febf3ccd59e6578d838656a306a0\"},\"breadcrumb\":{\"@id\":\"https:\\\/\\\/dpress.ma\\\/fr\\\/2025\\\/06\\\/13\\\/celebration-a-rabat-de-la-journee-mondiale-du-self-care\\\/#breadcrumb\"},\"inLanguage\":\"fr-FR\",\"potentialAction\":[{\"@type\":\"ReadAction\",\"target\":[\"https:\\\/\\\/dpress.ma\\\/fr\\\/2025\\\/06\\\/13\\\/celebration-a-rabat-de-la-journee-mondiale-du-self-care\\\/\"]}]},{\"@type\":\"ImageObject\",\"inLanguage\":\"fr-FR\",\"@id\":\"https:\\\/\\\/dpress.ma\\\/fr\\\/2025\\\/06\\\/13\\\/celebration-a-rabat-de-la-journee-mondiale-du-self-care\\\/#primaryimage\",\"url\":\"https:\\\/\\\/dpress.ma\\\/fr\\\/wp-content\\\/uploads\\\/sites\\\/2\\\/2025\\\/06\\\/ezg.jpg\",\"contentUrl\":\"https:\\\/\\\/dpress.ma\\\/fr\\\/wp-content\\\/uploads\\\/sites\\\/2\\\/2025\\\/06\\\/ezg.jpg\",\"width\":2539,\"height\":1594},{\"@type\":\"BreadcrumbList\",\"@id\":\"https:\\\/\\\/dpress.ma\\\/fr\\\/2025\\\/06\\\/13\\\/celebration-a-rabat-de-la-journee-mondiale-du-self-care\\\/#breadcrumb\",\"itemListElement\":[{\"@type\":\"ListItem\",\"position\":1,\"name\":\"Home\",\"item\":\"https:\\\/\\\/dpress.ma\\\/fr\\\/\"},{\"@type\":\"ListItem\",\"position\":2,\"name\":\"C\u00e9l\u00e9bration \u00e0 Rabat de la journ\u00e9e mondiale du Self Care\"}]},{\"@type\":\"WebSite\",\"@id\":\"https:\\\/\\\/dpress.ma\\\/fr\\\/#website\",\"url\":\"https:\\\/\\\/dpress.ma\\\/fr\\\/\",\"name\":\"Dpress.ma\\\/fr\",\"description\":\"\",\"potentialAction\":[{\"@type\":\"SearchAction\",\"target\":{\"@type\":\"EntryPoint\",\"urlTemplate\":\"https:\\\/\\\/dpress.ma\\\/fr\\\/?s={search_term_string}\"},\"query-input\":{\"@type\":\"PropertyValueSpecification\",\"valueRequired\":true,\"valueName\":\"search_term_string\"}}],\"inLanguage\":\"fr-FR\"},{\"@type\":\"Person\",\"@id\":\"https:\\\/\\\/dpress.ma\\\/fr\\\/#\\\/schema\\\/person\\\/4898febf3ccd59e6578d838656a306a0\",\"name\":\"Dpress.ma\",\"image\":{\"@type\":\"ImageObject\",\"inLanguage\":\"fr-FR\",\"@id\":\"https:\\\/\\\/secure.gravatar.com\\\/avatar\\\/72ecc30e9db047a2e0e7176561eb9d564ed77c8108376495b19bd8336405198a?s=96&d=mm&r=g\",\"url\":\"https:\\\/\\\/secure.gravatar.com\\\/avatar\\\/72ecc30e9db047a2e0e7176561eb9d564ed77c8108376495b19bd8336405198a?s=96&d=mm&r=g\",\"contentUrl\":\"https:\\\/\\\/secure.gravatar.com\\\/avatar\\\/72ecc30e9db047a2e0e7176561eb9d564ed77c8108376495b19bd8336405198a?s=96&d=mm&r=g\",\"caption\":\"Dpress.ma\"},\"sameAs\":[\"https:\\\/\\\/www.dpress.ma\"],\"url\":\"https:\\\/\\\/dpress.ma\\\/fr\\\/author\\\/dpress-ma\\\/\"}]}<\/script>\n<!-- \/ Yoast SEO plugin. -->","yoast_head_json":{"title":"C\u00e9l\u00e9bration \u00e0 Rabat de la journ\u00e9e mondiale du Self Care - Dpress.ma\/fr","robots":{"index":"index","follow":"follow","max-snippet":"max-snippet:-1","max-image-preview":"max-image-preview:large","max-video-preview":"max-video-preview:-1"},"canonical":"https:\/\/dpress.ma\/fr\/2025\/06\/13\/celebration-a-rabat-de-la-journee-mondiale-du-self-care\/","og_locale":"fr_FR","og_type":"article","og_title":"C\u00e9l\u00e9bration \u00e0 Rabat de la journ\u00e9e mondiale du Self Care - Dpress.ma\/fr","og_description":"Dpress &nbsp;La Journ\u00e9e mondiale du Self Care (soins auto-administr\u00e9s) a \u00e9t\u00e9 c\u00e9l\u00e9br\u00e9e, jeudi \u00e0 Rabat, en pr\u00e9sence de repr\u00e9sentants d\u2019institutions gouvernementales, d\u2019organisations internationales, des acteurs la soci\u00e9t\u00e9 civile et des professionnels de la sant\u00e9. Cet \u00e9v\u00e8nement,&nbsp;d\u00e9di\u00e9 aux soins auto-administr\u00e9s en sant\u00e9 sexuelle et reproductive,&nbsp;a \u00e9t\u00e9 initi\u00e9 par l\u2019Organisation panafricaine de lutte contre le Sida (OPALS) &hellip;","og_url":"https:\/\/dpress.ma\/fr\/2025\/06\/13\/celebration-a-rabat-de-la-journee-mondiale-du-self-care\/","og_site_name":"Dpress.ma\/fr","article_published_time":"2025-06-13T09:55:35+00:00","article_modified_time":"2025-06-13T09:55:37+00:00","og_image":[{"width":2539,"height":1594,"url":"https:\/\/dpress.ma\/fr\/wp-content\/uploads\/sites\/2\/2025\/06\/ezg.jpg","type":"image\/jpeg"}],"author":"Dpress.ma","twitter_card":"summary_large_image","twitter_misc":{"\u00c9crit par":"Dpress.ma","Dur\u00e9e de lecture estim\u00e9e":"5 minutes"},"schema":{"@context":"https:\/\/schema.org","@graph":[{"@type":"Article","@id":"https:\/\/dpress.ma\/fr\/2025\/06\/13\/celebration-a-rabat-de-la-journee-mondiale-du-self-care\/#article","isPartOf":{"@id":"https:\/\/dpress.ma\/fr\/2025\/06\/13\/celebration-a-rabat-de-la-journee-mondiale-du-self-care\/"},"author":{"name":"Dpress.ma","@id":"https:\/\/dpress.ma\/fr\/#\/schema\/person\/4898febf3ccd59e6578d838656a306a0"},"headline":"C\u00e9l\u00e9bration \u00e0 Rabat de la journ\u00e9e mondiale du Self Care","datePublished":"2025-06-13T09:55:35+00:00","dateModified":"2025-06-13T09:55:37+00:00","mainEntityOfPage":{"@id":"https:\/\/dpress.ma\/fr\/2025\/06\/13\/celebration-a-rabat-de-la-journee-mondiale-du-self-care\/"},"wordCount":933,"commentCount":0,"image":{"@id":"https:\/\/dpress.ma\/fr\/2025\/06\/13\/celebration-a-rabat-de-la-journee-mondiale-du-self-care\/#primaryimage"},"thumbnailUrl":"https:\/\/dpress.ma\/fr\/wp-content\/uploads\/sites\/2\/2025\/06\/ezg.jpg","articleSection":["societe et regions"],"inLanguage":"fr-FR","potentialAction":[{"@type":"CommentAction","name":"Comment","target":["https:\/\/dpress.ma\/fr\/2025\/06\/13\/celebration-a-rabat-de-la-journee-mondiale-du-self-care\/#respond"]}]},{"@type":"WebPage","@id":"https:\/\/dpress.ma\/fr\/2025\/06\/13\/celebration-a-rabat-de-la-journee-mondiale-du-self-care\/","url":"https:\/\/dpress.ma\/fr\/2025\/06\/13\/celebration-a-rabat-de-la-journee-mondiale-du-self-care\/","name":"C\u00e9l\u00e9bration \u00e0 Rabat de la journ\u00e9e mondiale du Self Care - Dpress.ma\/fr","isPartOf":{"@id":"https:\/\/dpress.ma\/fr\/#website"},"primaryImageOfPage":{"@id":"https:\/\/dpress.ma\/fr\/2025\/06\/13\/celebration-a-rabat-de-la-journee-mondiale-du-self-care\/#primaryimage"},"image":{"@id":"https:\/\/dpress.ma\/fr\/2025\/06\/13\/celebration-a-rabat-de-la-journee-mondiale-du-self-care\/#primaryimage"},"thumbnailUrl":"https:\/\/dpress.ma\/fr\/wp-content\/uploads\/sites\/2\/2025\/06\/ezg.jpg","datePublished":"2025-06-13T09:55:35+00:00","dateModified":"2025-06-13T09:55:37+00:00","author":{"@id":"https:\/\/dpress.ma\/fr\/#\/schema\/person\/4898febf3ccd59e6578d838656a306a0"},"breadcrumb":{"@id":"https:\/\/dpress.ma\/fr\/2025\/06\/13\/celebration-a-rabat-de-la-journee-mondiale-du-self-care\/#breadcrumb"},"inLanguage":"fr-FR","potentialAction":[{"@type":"ReadAction","target":["https:\/\/dpress.ma\/fr\/2025\/06\/13\/celebration-a-rabat-de-la-journee-mondiale-du-self-care\/"]}]},{"@type":"ImageObject","inLanguage":"fr-FR","@id":"https:\/\/dpress.ma\/fr\/2025\/06\/13\/celebration-a-rabat-de-la-journee-mondiale-du-self-care\/#primaryimage","url":"https:\/\/dpress.ma\/fr\/wp-content\/uploads\/sites\/2\/2025\/06\/ezg.jpg","contentUrl":"https:\/\/dpress.ma\/fr\/wp-content\/uploads\/sites\/2\/2025\/06\/ezg.jpg","width":2539,"height":1594},{"@type":"BreadcrumbList","@id":"https:\/\/dpress.ma\/fr\/2025\/06\/13\/celebration-a-rabat-de-la-journee-mondiale-du-self-care\/#breadcrumb","itemListElement":[{"@type":"ListItem","position":1,"name":"Home","item":"https:\/\/dpress.ma\/fr\/"},{"@type":"ListItem","position":2,"name":"C\u00e9l\u00e9bration \u00e0 Rabat de la journ\u00e9e mondiale du Self Care"}]},{"@type":"WebSite","@id":"https:\/\/dpress.ma\/fr\/#website","url":"https:\/\/dpress.ma\/fr\/","name":"Dpress.ma\/fr","description":"","potentialAction":[{"@type":"SearchAction","target":{"@type":"EntryPoint","urlTemplate":"https:\/\/dpress.ma\/fr\/?s={search_term_string}"},"query-input":{"@type":"PropertyValueSpecification","valueRequired":true,"valueName":"search_term_string"}}],"inLanguage":"fr-FR"},{"@type":"Person","@id":"https:\/\/dpress.ma\/fr\/#\/schema\/person\/4898febf3ccd59e6578d838656a306a0","name":"Dpress.ma","image":{"@type":"ImageObject","inLanguage":"fr-FR","@id":"https:\/\/secure.gravatar.com\/avatar\/72ecc30e9db047a2e0e7176561eb9d564ed77c8108376495b19bd8336405198a?s=96&d=mm&r=g","url":"https:\/\/secure.gravatar.com\/avatar\/72ecc30e9db047a2e0e7176561eb9d564ed77c8108376495b19bd8336405198a?s=96&d=mm&r=g","contentUrl":"https:\/\/secure.gravatar.com\/avatar\/72ecc30e9db047a2e0e7176561eb9d564ed77c8108376495b19bd8336405198a?s=96&d=mm&r=g","caption":"Dpress.ma"},"sameAs":["https:\/\/www.dpress.ma"],"url":"https:\/\/dpress.ma\/fr\/author\/dpress-ma\/"}]}},"amp_enabled":true,"_links":{"self":[{"href":"https:\/\/dpress.ma\/fr\/wp-json\/wp\/v2\/posts\/15115","targetHints":{"allow":["GET"]}}],"collection":[{"href":"https:\/\/dpress.ma\/fr\/wp-json\/wp\/v2\/posts"}],"about":[{"href":"https:\/\/dpress.ma\/fr\/wp-json\/wp\/v2\/types\/post"}],"author":[{"embeddable":true,"href":"https:\/\/dpress.ma\/fr\/wp-json\/wp\/v2\/users\/2"}],"replies":[{"embeddable":true,"href":"https:\/\/dpress.ma\/fr\/wp-json\/wp\/v2\/comments?post=15115"}],"version-history":[{"count":1,"href":"https:\/\/dpress.ma\/fr\/wp-json\/wp\/v2\/posts\/15115\/revisions"}],"predecessor-version":[{"id":15117,"href":"https:\/\/dpress.ma\/fr\/wp-json\/wp\/v2\/posts\/15115\/revisions\/15117"}],"wp:featuredmedia":[{"embeddable":true,"href":"https:\/\/dpress.ma\/fr\/wp-json\/wp\/v2\/media\/15116"}],"wp:attachment":[{"href":"https:\/\/dpress.ma\/fr\/wp-json\/wp\/v2\/media?parent=15115"}],"wp:term":[{"taxonomy":"category","embeddable":true,"href":"https:\/\/dpress.ma\/fr\/wp-json\/wp\/v2\/categories?post=15115"},{"taxonomy":"post_tag","embeddable":true,"href":"https:\/\/dpress.ma\/fr\/wp-json\/wp\/v2\/tags?post=15115"}],"curies":[{"name":"wp","href":"https:\/\/api.w.org\/{rel}","templated":true}]}}