{"id":1466,"date":"2022-05-01T21:15:24","date_gmt":"2022-05-01T21:15:24","guid":{"rendered":"https:\/\/dpress.ma\/fr\/?p=1466"},"modified":"2022-11-15T14:06:31","modified_gmt":"2022-11-15T14:06:31","slug":"aid-al-fitr-celebre-lundi-au-maroc","status":"publish","type":"post","link":"https:\/\/dpress.ma\/fr\/2022\/05\/01\/aid-al-fitr-celebre-lundi-au-maroc\/","title":{"rendered":"A\u00efd Al Fitr c\u00e9l\u00e9br\u00e9 lundi au Maroc"},"content":{"rendered":"\n<p>Dpress<\/p>\n\n\n\n<p>A\u00efd Al Fitr 1443 de l\u2019H\u00e9gire sera c\u00e9l\u00e9br\u00e9 demain lundi 02 mai 2022 dans le Royaume, a annonc\u00e9 dimanche soir le minist\u00e8re des Habous et des Affaires islamiques.<\/p>\n\n\n\n<p>Dans un communiqu\u00e9, le minist\u00e8re pr\u00e9cise avoir proc\u00e9d\u00e9 \u00e0 l\u2019observation, apr\u00e8s la pri\u00e8re d\u2019Al Maghrib, lundi 29 Ramadan 1443 H, correspondant au 1er mai 2022, et a confirm\u00e9 l\u2019observation du croissant lunaire annon\u00e7ant le d\u00e9but du mois de Chaoual 1443 H.<\/p>\n\n\n\n<p>Le premier jour de Chaoual 1443, A\u00efd Al-Fitr, aura donc lieu demain lundi 02 mai 2022, pr\u00e9cise le minist\u00e8re.<\/p>\n\n\n\n<p>Puisse Dieu en ce mois b\u00e9ni, combler de Ses faveurs SM le Roi Mohammed VI, Amir Al Mouminine, que Dieu L\u2019assiste, et renouveler pareille occasion pour SAR le Prince H\u00e9ritier Moulay El Hassan et l\u2019ensemble des membres de l\u2019illustre Famille Royale et pour le peuple marocain et l\u2019ensemble de la Oumma islamique dans le progr\u00e8s, la prosp\u00e9rit\u00e9 et la qui\u00e9tude, conclut le communiqu\u00e9.<\/p>\n","protected":false},"excerpt":{"rendered":"<p>Dpress A\u00efd Al Fitr 1443 de l\u2019H\u00e9gire sera c\u00e9l\u00e9br\u00e9 demain lundi 02 mai 2022 dans le Royaume, a annonc\u00e9 dimanche soir le minist\u00e8re des Habous et des Affaires islamiques. Dans un communiqu\u00e9, le minist\u00e8re pr\u00e9cise avoir proc\u00e9d\u00e9 \u00e0 l\u2019observation, apr\u00e8s la pri\u00e8re d\u2019Al Maghrib, lundi 29 Ramadan 1443 H, correspondant au 1er mai 2022, et &hellip;<\/p>\n","protected":false},"author":2,"featured_media":1467,"comment_status":"closed","ping_status":"open","sticky":false,"template":"","format":"standard","meta":{"footnotes":""},"categories":[31],"tags":[],"class_list":["post-1466","post","type-post","status-publish","format-standard","has-post-thumbnail","hentry","category-art-et-culture"],"yoast_head":"<!-- This site is optimized with the Yoast SEO plugin v27.5 - https:\/\/yoast.com\/product\/yoast-seo-wordpress\/ -->\n<title>A\u00efd Al Fitr c\u00e9l\u00e9br\u00e9 lundi au Maroc - Dpress.ma\/fr<\/title>\n<meta name=\"robots\" content=\"index, follow, max-snippet:-1, max-image-preview:large, max-video-preview:-1\" \/>\n<link rel=\"canonical\" href=\"https:\/\/dpress.ma\/fr\/2022\/05\/01\/aid-al-fitr-celebre-lundi-au-maroc\/\" \/>\n<meta property=\"og:locale\" content=\"fr_FR\" \/>\n<meta property=\"og:type\" content=\"article\" \/>\n<meta property=\"og:title\" content=\"A\u00efd Al Fitr c\u00e9l\u00e9br\u00e9 lundi au Maroc - Dpress.ma\/fr\" \/>\n<meta property=\"og:description\" content=\"Dpress A\u00efd Al Fitr 1443 de l\u2019H\u00e9gire sera c\u00e9l\u00e9br\u00e9 demain lundi 02 mai 2022 dans le Royaume, a annonc\u00e9 dimanche soir le minist\u00e8re des Habous et des Affaires islamiques. Dans un communiqu\u00e9, le minist\u00e8re pr\u00e9cise avoir proc\u00e9d\u00e9 \u00e0 l\u2019observation, apr\u00e8s la pri\u00e8re d\u2019Al Maghrib, lundi 29 Ramadan 1443 H, correspondant au 1er mai 2022, et &hellip;\" \/>\n<meta property=\"og:url\" content=\"https:\/\/dpress.ma\/fr\/2022\/05\/01\/aid-al-fitr-celebre-lundi-au-maroc\/\" \/>\n<meta property=\"og:site_name\" content=\"Dpress.ma\/fr\" \/>\n<meta property=\"article:published_time\" content=\"2022-05-01T21:15:24+00:00\" \/>\n<meta property=\"article:modified_time\" content=\"2022-11-15T14:06:31+00:00\" \/>\n<meta property=\"og:image\" content=\"https:\/\/dpress.ma\/fr\/wp-content\/uploads\/sites\/2\/2022\/05\/dimensions2-Copie.jpg\" \/>\n\t<meta property=\"og:image:width\" content=\"2539\" \/>\n\t<meta property=\"og:image:height\" content=\"1594\" \/>\n\t<meta property=\"og:image:type\" content=\"image\/jpeg\" \/>\n<meta name=\"author\" content=\"Dpress.ma\" \/>\n<meta name=\"twitter:card\" content=\"summary_large_image\" \/>\n<meta name=\"twitter:label1\" content=\"\u00c9crit par\" \/>\n\t<meta name=\"twitter:data1\" content=\"Dpress.ma\" \/>\n\t<meta name=\"twitter:label2\" content=\"Dur\u00e9e de lecture estim\u00e9e\" \/>\n\t<meta name=\"twitter:data2\" content=\"1 minute\" \/>\n<script type=\"application\/ld+json\" class=\"yoast-schema-graph\">{\"@context\":\"https:\\\/\\\/schema.org\",\"@graph\":[{\"@type\":\"Article\",\"@id\":\"https:\\\/\\\/dpress.ma\\\/fr\\\/2022\\\/05\\\/01\\\/aid-al-fitr-celebre-lundi-au-maroc\\\/#article\",\"isPartOf\":{\"@id\":\"https:\\\/\\\/dpress.ma\\\/fr\\\/2022\\\/05\\\/01\\\/aid-al-fitr-celebre-lundi-au-maroc\\\/\"},\"author\":{\"name\":\"Dpress.ma\",\"@id\":\"https:\\\/\\\/dpress.ma\\\/fr\\\/#\\\/schema\\\/person\\\/4898febf3ccd59e6578d838656a306a0\"},\"headline\":\"A\u00efd Al Fitr c\u00e9l\u00e9br\u00e9 lundi au Maroc\",\"datePublished\":\"2022-05-01T21:15:24+00:00\",\"dateModified\":\"2022-11-15T14:06:31+00:00\",\"mainEntityOfPage\":{\"@id\":\"https:\\\/\\\/dpress.ma\\\/fr\\\/2022\\\/05\\\/01\\\/aid-al-fitr-celebre-lundi-au-maroc\\\/\"},\"wordCount\":179,\"image\":{\"@id\":\"https:\\\/\\\/dpress.ma\\\/fr\\\/2022\\\/05\\\/01\\\/aid-al-fitr-celebre-lundi-au-maroc\\\/#primaryimage\"},\"thumbnailUrl\":\"https:\\\/\\\/dpress.ma\\\/fr\\\/wp-content\\\/uploads\\\/sites\\\/2\\\/2022\\\/05\\\/dimensions2-Copie.jpg\",\"articleSection\":[\"Art et Culture\"],\"inLanguage\":\"fr-FR\"},{\"@type\":\"WebPage\",\"@id\":\"https:\\\/\\\/dpress.ma\\\/fr\\\/2022\\\/05\\\/01\\\/aid-al-fitr-celebre-lundi-au-maroc\\\/\",\"url\":\"https:\\\/\\\/dpress.ma\\\/fr\\\/2022\\\/05\\\/01\\\/aid-al-fitr-celebre-lundi-au-maroc\\\/\",\"name\":\"A\u00efd Al Fitr c\u00e9l\u00e9br\u00e9 lundi au Maroc - Dpress.ma\\\/fr\",\"isPartOf\":{\"@id\":\"https:\\\/\\\/dpress.ma\\\/fr\\\/#website\"},\"primaryImageOfPage\":{\"@id\":\"https:\\\/\\\/dpress.ma\\\/fr\\\/2022\\\/05\\\/01\\\/aid-al-fitr-celebre-lundi-au-maroc\\\/#primaryimage\"},\"image\":{\"@id\":\"https:\\\/\\\/dpress.ma\\\/fr\\\/2022\\\/05\\\/01\\\/aid-al-fitr-celebre-lundi-au-maroc\\\/#primaryimage\"},\"thumbnailUrl\":\"https:\\\/\\\/dpress.ma\\\/fr\\\/wp-content\\\/uploads\\\/sites\\\/2\\\/2022\\\/05\\\/dimensions2-Copie.jpg\",\"datePublished\":\"2022-05-01T21:15:24+00:00\",\"dateModified\":\"2022-11-15T14:06:31+00:00\",\"author\":{\"@id\":\"https:\\\/\\\/dpress.ma\\\/fr\\\/#\\\/schema\\\/person\\\/4898febf3ccd59e6578d838656a306a0\"},\"breadcrumb\":{\"@id\":\"https:\\\/\\\/dpress.ma\\\/fr\\\/2022\\\/05\\\/01\\\/aid-al-fitr-celebre-lundi-au-maroc\\\/#breadcrumb\"},\"inLanguage\":\"fr-FR\",\"potentialAction\":[{\"@type\":\"ReadAction\",\"target\":[\"https:\\\/\\\/dpress.ma\\\/fr\\\/2022\\\/05\\\/01\\\/aid-al-fitr-celebre-lundi-au-maroc\\\/\"]}]},{\"@type\":\"ImageObject\",\"inLanguage\":\"fr-FR\",\"@id\":\"https:\\\/\\\/dpress.ma\\\/fr\\\/2022\\\/05\\\/01\\\/aid-al-fitr-celebre-lundi-au-maroc\\\/#primaryimage\",\"url\":\"https:\\\/\\\/dpress.ma\\\/fr\\\/wp-content\\\/uploads\\\/sites\\\/2\\\/2022\\\/05\\\/dimensions2-Copie.jpg\",\"contentUrl\":\"https:\\\/\\\/dpress.ma\\\/fr\\\/wp-content\\\/uploads\\\/sites\\\/2\\\/2022\\\/05\\\/dimensions2-Copie.jpg\",\"width\":2539,\"height\":1594},{\"@type\":\"BreadcrumbList\",\"@id\":\"https:\\\/\\\/dpress.ma\\\/fr\\\/2022\\\/05\\\/01\\\/aid-al-fitr-celebre-lundi-au-maroc\\\/#breadcrumb\",\"itemListElement\":[{\"@type\":\"ListItem\",\"position\":1,\"name\":\"Home\",\"item\":\"https:\\\/\\\/dpress.ma\\\/fr\\\/\"},{\"@type\":\"ListItem\",\"position\":2,\"name\":\"A\u00efd Al Fitr c\u00e9l\u00e9br\u00e9 lundi au Maroc\"}]},{\"@type\":\"WebSite\",\"@id\":\"https:\\\/\\\/dpress.ma\\\/fr\\\/#website\",\"url\":\"https:\\\/\\\/dpress.ma\\\/fr\\\/\",\"name\":\"Dpress.ma\\\/fr\",\"description\":\"\",\"potentialAction\":[{\"@type\":\"SearchAction\",\"target\":{\"@type\":\"EntryPoint\",\"urlTemplate\":\"https:\\\/\\\/dpress.ma\\\/fr\\\/?s={search_term_string}\"},\"query-input\":{\"@type\":\"PropertyValueSpecification\",\"valueRequired\":true,\"valueName\":\"search_term_string\"}}],\"inLanguage\":\"fr-FR\"},{\"@type\":\"Person\",\"@id\":\"https:\\\/\\\/dpress.ma\\\/fr\\\/#\\\/schema\\\/person\\\/4898febf3ccd59e6578d838656a306a0\",\"name\":\"Dpress.ma\",\"image\":{\"@type\":\"ImageObject\",\"inLanguage\":\"fr-FR\",\"@id\":\"https:\\\/\\\/secure.gravatar.com\\\/avatar\\\/72ecc30e9db047a2e0e7176561eb9d564ed77c8108376495b19bd8336405198a?s=96&d=mm&r=g\",\"url\":\"https:\\\/\\\/secure.gravatar.com\\\/avatar\\\/72ecc30e9db047a2e0e7176561eb9d564ed77c8108376495b19bd8336405198a?s=96&d=mm&r=g\",\"contentUrl\":\"https:\\\/\\\/secure.gravatar.com\\\/avatar\\\/72ecc30e9db047a2e0e7176561eb9d564ed77c8108376495b19bd8336405198a?s=96&d=mm&r=g\",\"caption\":\"Dpress.ma\"},\"sameAs\":[\"https:\\\/\\\/www.dpress.ma\"],\"url\":\"https:\\\/\\\/dpress.ma\\\/fr\\\/author\\\/dpress-ma\\\/\"}]}<\/script>\n<!-- \/ Yoast SEO plugin. -->","yoast_head_json":{"title":"A\u00efd Al Fitr c\u00e9l\u00e9br\u00e9 lundi au Maroc - Dpress.ma\/fr","robots":{"index":"index","follow":"follow","max-snippet":"max-snippet:-1","max-image-preview":"max-image-preview:large","max-video-preview":"max-video-preview:-1"},"canonical":"https:\/\/dpress.ma\/fr\/2022\/05\/01\/aid-al-fitr-celebre-lundi-au-maroc\/","og_locale":"fr_FR","og_type":"article","og_title":"A\u00efd Al Fitr c\u00e9l\u00e9br\u00e9 lundi au Maroc - Dpress.ma\/fr","og_description":"Dpress A\u00efd Al Fitr 1443 de l\u2019H\u00e9gire sera c\u00e9l\u00e9br\u00e9 demain lundi 02 mai 2022 dans le Royaume, a annonc\u00e9 dimanche soir le minist\u00e8re des Habous et des Affaires islamiques. Dans un communiqu\u00e9, le minist\u00e8re pr\u00e9cise avoir proc\u00e9d\u00e9 \u00e0 l\u2019observation, apr\u00e8s la pri\u00e8re d\u2019Al Maghrib, lundi 29 Ramadan 1443 H, correspondant au 1er mai 2022, et &hellip;","og_url":"https:\/\/dpress.ma\/fr\/2022\/05\/01\/aid-al-fitr-celebre-lundi-au-maroc\/","og_site_name":"Dpress.ma\/fr","article_published_time":"2022-05-01T21:15:24+00:00","article_modified_time":"2022-11-15T14:06:31+00:00","og_image":[{"width":2539,"height":1594,"url":"https:\/\/dpress.ma\/fr\/wp-content\/uploads\/sites\/2\/2022\/05\/dimensions2-Copie.jpg","type":"image\/jpeg"}],"author":"Dpress.ma","twitter_card":"summary_large_image","twitter_misc":{"\u00c9crit par":"Dpress.ma","Dur\u00e9e de lecture estim\u00e9e":"1 minute"},"schema":{"@context":"https:\/\/schema.org","@graph":[{"@type":"Article","@id":"https:\/\/dpress.ma\/fr\/2022\/05\/01\/aid-al-fitr-celebre-lundi-au-maroc\/#article","isPartOf":{"@id":"https:\/\/dpress.ma\/fr\/2022\/05\/01\/aid-al-fitr-celebre-lundi-au-maroc\/"},"author":{"name":"Dpress.ma","@id":"https:\/\/dpress.ma\/fr\/#\/schema\/person\/4898febf3ccd59e6578d838656a306a0"},"headline":"A\u00efd Al Fitr c\u00e9l\u00e9br\u00e9 lundi au Maroc","datePublished":"2022-05-01T21:15:24+00:00","dateModified":"2022-11-15T14:06:31+00:00","mainEntityOfPage":{"@id":"https:\/\/dpress.ma\/fr\/2022\/05\/01\/aid-al-fitr-celebre-lundi-au-maroc\/"},"wordCount":179,"image":{"@id":"https:\/\/dpress.ma\/fr\/2022\/05\/01\/aid-al-fitr-celebre-lundi-au-maroc\/#primaryimage"},"thumbnailUrl":"https:\/\/dpress.ma\/fr\/wp-content\/uploads\/sites\/2\/2022\/05\/dimensions2-Copie.jpg","articleSection":["Art et Culture"],"inLanguage":"fr-FR"},{"@type":"WebPage","@id":"https:\/\/dpress.ma\/fr\/2022\/05\/01\/aid-al-fitr-celebre-lundi-au-maroc\/","url":"https:\/\/dpress.ma\/fr\/2022\/05\/01\/aid-al-fitr-celebre-lundi-au-maroc\/","name":"A\u00efd Al Fitr c\u00e9l\u00e9br\u00e9 lundi au Maroc - Dpress.ma\/fr","isPartOf":{"@id":"https:\/\/dpress.ma\/fr\/#website"},"primaryImageOfPage":{"@id":"https:\/\/dpress.ma\/fr\/2022\/05\/01\/aid-al-fitr-celebre-lundi-au-maroc\/#primaryimage"},"image":{"@id":"https:\/\/dpress.ma\/fr\/2022\/05\/01\/aid-al-fitr-celebre-lundi-au-maroc\/#primaryimage"},"thumbnailUrl":"https:\/\/dpress.ma\/fr\/wp-content\/uploads\/sites\/2\/2022\/05\/dimensions2-Copie.jpg","datePublished":"2022-05-01T21:15:24+00:00","dateModified":"2022-11-15T14:06:31+00:00","author":{"@id":"https:\/\/dpress.ma\/fr\/#\/schema\/person\/4898febf3ccd59e6578d838656a306a0"},"breadcrumb":{"@id":"https:\/\/dpress.ma\/fr\/2022\/05\/01\/aid-al-fitr-celebre-lundi-au-maroc\/#breadcrumb"},"inLanguage":"fr-FR","potentialAction":[{"@type":"ReadAction","target":["https:\/\/dpress.ma\/fr\/2022\/05\/01\/aid-al-fitr-celebre-lundi-au-maroc\/"]}]},{"@type":"ImageObject","inLanguage":"fr-FR","@id":"https:\/\/dpress.ma\/fr\/2022\/05\/01\/aid-al-fitr-celebre-lundi-au-maroc\/#primaryimage","url":"https:\/\/dpress.ma\/fr\/wp-content\/uploads\/sites\/2\/2022\/05\/dimensions2-Copie.jpg","contentUrl":"https:\/\/dpress.ma\/fr\/wp-content\/uploads\/sites\/2\/2022\/05\/dimensions2-Copie.jpg","width":2539,"height":1594},{"@type":"BreadcrumbList","@id":"https:\/\/dpress.ma\/fr\/2022\/05\/01\/aid-al-fitr-celebre-lundi-au-maroc\/#breadcrumb","itemListElement":[{"@type":"ListItem","position":1,"name":"Home","item":"https:\/\/dpress.ma\/fr\/"},{"@type":"ListItem","position":2,"name":"A\u00efd Al Fitr c\u00e9l\u00e9br\u00e9 lundi au Maroc"}]},{"@type":"WebSite","@id":"https:\/\/dpress.ma\/fr\/#website","url":"https:\/\/dpress.ma\/fr\/","name":"Dpress.ma\/fr","description":"","potentialAction":[{"@type":"SearchAction","target":{"@type":"EntryPoint","urlTemplate":"https:\/\/dpress.ma\/fr\/?s={search_term_string}"},"query-input":{"@type":"PropertyValueSpecification","valueRequired":true,"valueName":"search_term_string"}}],"inLanguage":"fr-FR"},{"@type":"Person","@id":"https:\/\/dpress.ma\/fr\/#\/schema\/person\/4898febf3ccd59e6578d838656a306a0","name":"Dpress.ma","image":{"@type":"ImageObject","inLanguage":"fr-FR","@id":"https:\/\/secure.gravatar.com\/avatar\/72ecc30e9db047a2e0e7176561eb9d564ed77c8108376495b19bd8336405198a?s=96&d=mm&r=g","url":"https:\/\/secure.gravatar.com\/avatar\/72ecc30e9db047a2e0e7176561eb9d564ed77c8108376495b19bd8336405198a?s=96&d=mm&r=g","contentUrl":"https:\/\/secure.gravatar.com\/avatar\/72ecc30e9db047a2e0e7176561eb9d564ed77c8108376495b19bd8336405198a?s=96&d=mm&r=g","caption":"Dpress.ma"},"sameAs":["https:\/\/www.dpress.ma"],"url":"https:\/\/dpress.ma\/fr\/author\/dpress-ma\/"}]}},"amp_enabled":true,"_links":{"self":[{"href":"https:\/\/dpress.ma\/fr\/wp-json\/wp\/v2\/posts\/1466","targetHints":{"allow":["GET"]}}],"collection":[{"href":"https:\/\/dpress.ma\/fr\/wp-json\/wp\/v2\/posts"}],"about":[{"href":"https:\/\/dpress.ma\/fr\/wp-json\/wp\/v2\/types\/post"}],"author":[{"embeddable":true,"href":"https:\/\/dpress.ma\/fr\/wp-json\/wp\/v2\/users\/2"}],"replies":[{"embeddable":true,"href":"https:\/\/dpress.ma\/fr\/wp-json\/wp\/v2\/comments?post=1466"}],"version-history":[{"count":1,"href":"https:\/\/dpress.ma\/fr\/wp-json\/wp\/v2\/posts\/1466\/revisions"}],"predecessor-version":[{"id":1468,"href":"https:\/\/dpress.ma\/fr\/wp-json\/wp\/v2\/posts\/1466\/revisions\/1468"}],"wp:featuredmedia":[{"embeddable":true,"href":"https:\/\/dpress.ma\/fr\/wp-json\/wp\/v2\/media\/1467"}],"wp:attachment":[{"href":"https:\/\/dpress.ma\/fr\/wp-json\/wp\/v2\/media?parent=1466"}],"wp:term":[{"taxonomy":"category","embeddable":true,"href":"https:\/\/dpress.ma\/fr\/wp-json\/wp\/v2\/categories?post=1466"},{"taxonomy":"post_tag","embeddable":true,"href":"https:\/\/dpress.ma\/fr\/wp-json\/wp\/v2\/tags?post=1466"}],"curies":[{"name":"wp","href":"https:\/\/api.w.org\/{rel}","templated":true}]}}