{"id":14620,"date":"2025-05-17T21:58:58","date_gmt":"2025-05-17T21:58:58","guid":{"rendered":"https:\/\/dpress.ma\/fr\/?p=14620"},"modified":"2025-05-17T21:58:59","modified_gmt":"2025-05-17T21:58:59","slug":"cloture-de-la-34e-session-du-conseil-de-la-ligue-des-etats-arabes-avec-ladoption-de-la-declaration-de-bagdad","status":"publish","type":"post","link":"https:\/\/dpress.ma\/fr\/2025\/05\/17\/cloture-de-la-34e-session-du-conseil-de-la-ligue-des-etats-arabes-avec-ladoption-de-la-declaration-de-bagdad\/","title":{"rendered":"Cl\u00f4ture de la 34e session du Conseil de la Ligue des \u00c9tats arabes avec l\u2019adoption de la \u00ab\u00a0D\u00e9claration de Bagdad\u00a0\u00bb"},"content":{"rendered":"\n<p dir=\"ltr\">Dpress<\/p>\n\n\n\n<p dir=\"ltr\">Les travaux de la 34e session du Conseil de la Ligue des \u00c9tats arabes se sont cl\u00f4tur\u00e9s, samedi dans la capitale irakienne, avec l\u2019adoption de la \u00ab\u00a0D\u00e9claration de Bagdad\u00a0\u00bb.<\/p>\n\n\n\n<p dir=\"ltr\">Le ministre des Affaires \u00e9trang\u00e8res, de la Coop\u00e9ration africaine et des Marocains r\u00e9sidant \u00e0 l\u2019\u00e9tranger, Nasser Bourita, a repr\u00e9sent\u00e9 Sa Majest\u00e9 le Roi Mohammed VI lors de ce Sommet.<\/p>\n\n\n\n<p dir=\"ltr\">La d\u00e9l\u00e9gation marocaine \u00e9tait compos\u00e9e de l\u2019ambassadeur du Maroc au Caire et repr\u00e9sentant permanent du Royaume aupr\u00e8s de la Ligue des \u00c9tats arabes, Mohamed Ait Ouali, du charg\u00e9 d\u2019affaires \u00e0 l\u2019ambassade du Maroc \u00e0 Bagdad, Abdelkrim Bensellam, du chef de la division des organisations arabes et islamiques au minist\u00e8re des Affaires \u00e9trang\u00e8res, de la Coop\u00e9ration africaine et des Marocains r\u00e9sidant \u00e0 l\u2019\u00e9tranger, Abdelali El Jahid, du repr\u00e9sentant permanent-adjoint du Maroc aupr\u00e8s de la Ligue des \u00c9tats arabes, Hicham Ould Sallay et du conseiller \u00e0 la repr\u00e9sentation permanente du Royaume, Mohamed Nouri.<\/p>\n\n\n\n<p dir=\"ltr\">Sa Majest\u00e9 le Roi Mohammed VI adress\u00e9 un Discours au Sommet, dans lequel le Souverain a appel\u00e9 \u00e0 l\u2019arr\u00eat imm\u00e9diat des op\u00e9rations militaires en Cisjordanie et dans la Bande de Gaza et au retour \u00e0 la table des n\u00e9gociations pour relancer l&rsquo;Accord de tr\u00eave et parvenir in fine \u00e0 la proclamation d\u2019un cessez-le feu d\u00e9finitif.<\/p>\n\n\n\n<p dir=\"ltr\">Au regard de la situation inqui\u00e9tante qui s\u00e9vit dans la r\u00e9gion apr\u00e8s l\u2019effondrement de l\u2019Accord de cessez-le-feu \u00e0 Gaza, Sa Majest\u00e9 le Roi a aussi appel\u00e9 \u00e0 l\u2019intervention d\u2019urgence pour mettre un terme aux agressions militaires isra\u00e9liennes contre la Cisjordanie, et plus particuli\u00e8rement aux op\u00e9rations de d\u00e9molition de logements et au d\u00e9placement forc\u00e9 de paisibles populations non arm\u00e9es vivant dans les zones plac\u00e9es sous contr\u00f4le s\u00e9curitaire des autorit\u00e9s isra\u00e9liennes.<\/p>\n\n\n\n<p dir=\"ltr\">Dans ce Discours, dont lecture a \u00e9t\u00e9 donn\u00e9e par le ministre des Affaires \u00e9trang\u00e8res, de la Coop\u00e9ration africaine et des Marocains r\u00e9sidant \u00e0 l\u2019\u00e9tranger, SM le Roi Mohammed VI a \u00e9galement appel\u00e9 \u00e0 la mobilisation pour s\u2019assurer que les aides humanitaires, notamment le mat\u00e9riel m\u00e9dical et les denr\u00e9es alimentaires, continueront \u00e0 \u00eatre achemin\u00e9es vers la Bande de Gaza et la Cisjordanie, sans qu\u2019aucun motif ne vienne en entraver le processus, ainsi qu\u2019au maintien et au soutien de l\u2019Office de secours et de travaux des Nations Unies pour les r\u00e9fugi\u00e9s de Palestine dans le Proche-Orient (UNRWA), dans l\u2019exercice du mandat re\u00e7u de la communaut\u00e9 internationale pour agir en faveur des populations civiles.<\/p>\n\n\n\n<p dir=\"ltr\">D\u2019autre part, le Souverain a r\u00e9it\u00e9r\u00e9 la pleine disposition du Maroc \u00e0 s\u2019engager dans toute dynamique susceptible de rehausser l\u2019action arabe conjointe. Le Royaume contribuera ainsi \u00e0 concr\u00e9tiser les v\u0153ux des peuples arabes qui aspirent \u00e0 plus de s\u00e9curit\u00e9, de stabilit\u00e9, de progr\u00e8s et de prosp\u00e9rit\u00e9.<\/p>\n\n\n\n<p dir=\"ltr\">SM le Roi Mohammed VI a aussi soulign\u00e9 que le Royaume du Maroc apporte son soutien \u00e0 toute initiative susceptible de d\u00e9velopper la coop\u00e9ration arabe, afin qu\u2019il soit possible de faire face \u00e0 la crise induite par l\u2019envol\u00e9e des prix des produits alimentaires et de l\u2019\u00e9nergie et par la p\u00e9nurie d\u2019eau et de telle sorte que soit men\u00e9e de toute urgence la lutte contre les effets n\u00e9fastes du changement climatique.<\/p>\n\n\n\n<p dir=\"ltr\">\u00ab\u00a0Face aux circonstances, \u00e0 la fois exceptionnelles, sensibles et difficiles, dans lesquelles se tient cet important Sommet, il faudra faire preuve d\u2019une volont\u00e9 politique sinc\u00e8re, dont les ma\u00eetres-mots sont la foi dans la construction d\u2019un projet commun, l\u2019attachement aux r\u00e8gles de bon voisinage et le respect de la souverainet\u00e9 nationale et de l\u2019int\u00e9grit\u00e9 territoriale des \u00c9tats\u00a0\u00bb, a insist\u00e9 le Souverain dans Son discours.<\/p>\n\n\n\n<p dir=\"ltr\">Cette d\u00e9termination, a affirm\u00e9 Sa Majest\u00e9 le Roi, puise \u00e9galement ses fondements dans le principe de non-ing\u00e9rence dans les affaires internes d\u2019autrui et dans la n\u00e9cessit\u00e9 de se d\u00e9fendre d\u2019h\u00e9berger des mouvements s\u00e9paratistes, frapp\u00e9s de caducit\u00e9 historique et rel\u00e9gu\u00e9s \u00e0 la marge des \u00e9volutions et des mutations internationales en cours.<\/p>\n\n\n\n<p dir=\"ltr\">Les Rois et Chefs d\u2019\u00c9tat des pays arabes ont soulign\u00e9, dans leur D\u00e9claration du 34e Sommet Arabe, leur soutien au r\u00f4le du Comit\u00e9 Al Qods et \u00e0 l&rsquo;Agence Bayt Mal Al-Qods Acharif, sous la pr\u00e9sidence de Sa Majest\u00e9 le Roi Mohammed VI, que Dieu L&rsquo;assiste, Roi du Royaume du Maroc, le m\u00eame soutien a \u00e9t\u00e9 r\u00e9affirm\u00e9 par les dirigeants arabes dans leur r\u00e9solution sur \u00ab\u00a0les d\u00e9veloppements et les violations isra\u00e9liennes dans la ville d\u2019Al Qods occup\u00e9e\u00a0\u00bb.<\/p>\n\n\n\n<p dir=\"ltr\">Dans sa r\u00e9solution relative aux derniers d\u00e9veloppements en Libye, contenue dans la \u00ab\u00a0D\u00e9claration de Bagdad\u00a0\u00bb, le Conseil de la Ligue Arabe a r\u00e9it\u00e9r\u00e9 son soutien \u00e0 la mission des Nations Unies en Libye, dans le cadre du mandat qui lui a \u00e9t\u00e9 confi\u00e9, conform\u00e9ment aux r\u00e9solutions du Conseil de s\u00e9curit\u00e9, en vue de faciliter l\u2019aboutissement \u00e0 une solution politique globale, bas\u00e9e sur l\u2019accord politique libyen, sign\u00e9 en 2015 \u00e0 Skhirat.<\/p>\n\n\n\n<p dir=\"ltr\">Le Sommet arabe a \u00e9galement a soutenu la candidature du Royaume du Maroc \u00e0 un si\u00e8ge non-permanent au Conseil de s\u00e9curit\u00e9 pour la p\u00e9riode 2028-2029, et appel\u00e9 les \u00c9tats membres \u00e0 mobiliser tous les efforts dans leurs d\u00e9marches aupr\u00e8s des pays amis afin de soutenir cette candidature, appelant \u00e9galement \u00e0 continuer \u00e0 tirer profit de la Fondation Mohammed VI des Oul\u00e9mas africains et de l\u2019Institut Mohammed VI de formation des Imams, Morchidines et Morchidates du Royaume du Maroc.<\/p>\n\n\n\n<p dir=\"ltr\">Par ailleurs, le Sommet arabe a salu\u00e9 l&rsquo;accueil par le Royaume du Bureau du Programme de l&rsquo;ONU pour la lutte contre le terrorisme et la formation en Afrique.<\/p>\n\n\n\n<p dir=\"ltr\">Dans la D\u00e9claration de Bagdad, les dirigeants arabes ont exhort\u00e9 la communaut\u00e9 internationale \u00e0 faire pression pour l&rsquo;arr\u00eat de l\u2019effusion du sang \u00e0 Gaza et garantir l&rsquo;acheminement en urgence des aides humanitaires.<\/p>\n","protected":false},"excerpt":{"rendered":"<p>Dpress Les travaux de la 34e session du Conseil de la Ligue des \u00c9tats arabes se sont cl\u00f4tur\u00e9s, samedi dans la capitale irakienne, avec l\u2019adoption de la \u00ab\u00a0D\u00e9claration de Bagdad\u00a0\u00bb. Le ministre des Affaires \u00e9trang\u00e8res, de la Coop\u00e9ration africaine et des Marocains r\u00e9sidant \u00e0 l\u2019\u00e9tranger, Nasser Bourita, a repr\u00e9sent\u00e9 Sa Majest\u00e9 le Roi Mohammed VI &hellip;<\/p>\n","protected":false},"author":2,"featured_media":14621,"comment_status":"open","ping_status":"open","sticky":false,"template":"","format":"standard","meta":{"footnotes":""},"categories":[26],"tags":[],"class_list":["post-14620","post","type-post","status-publish","format-standard","has-post-thumbnail","hentry","category-politiques"],"yoast_head":"<!-- This site is optimized with the Yoast SEO plugin v27.5 - https:\/\/yoast.com\/product\/yoast-seo-wordpress\/ -->\n<title>Cl\u00f4ture de la 34e session du Conseil de la Ligue des \u00c9tats arabes avec l\u2019adoption de la &quot;D\u00e9claration de Bagdad&quot; - Dpress.ma\/fr<\/title>\n<meta name=\"robots\" content=\"index, follow, max-snippet:-1, max-image-preview:large, max-video-preview:-1\" \/>\n<link rel=\"canonical\" href=\"https:\/\/dpress.ma\/fr\/2025\/05\/17\/cloture-de-la-34e-session-du-conseil-de-la-ligue-des-etats-arabes-avec-ladoption-de-la-declaration-de-bagdad\/\" \/>\n<meta property=\"og:locale\" content=\"fr_FR\" \/>\n<meta property=\"og:type\" content=\"article\" \/>\n<meta property=\"og:title\" content=\"Cl\u00f4ture de la 34e session du Conseil de la Ligue des \u00c9tats arabes avec l\u2019adoption de la &quot;D\u00e9claration de Bagdad&quot; - Dpress.ma\/fr\" \/>\n<meta property=\"og:description\" content=\"Dpress Les travaux de la 34e session du Conseil de la Ligue des \u00c9tats arabes se sont cl\u00f4tur\u00e9s, samedi dans la capitale irakienne, avec l\u2019adoption de la \u00ab\u00a0D\u00e9claration de Bagdad\u00a0\u00bb. Le ministre des Affaires \u00e9trang\u00e8res, de la Coop\u00e9ration africaine et des Marocains r\u00e9sidant \u00e0 l\u2019\u00e9tranger, Nasser Bourita, a repr\u00e9sent\u00e9 Sa Majest\u00e9 le Roi Mohammed VI &hellip;\" \/>\n<meta property=\"og:url\" content=\"https:\/\/dpress.ma\/fr\/2025\/05\/17\/cloture-de-la-34e-session-du-conseil-de-la-ligue-des-etats-arabes-avec-ladoption-de-la-declaration-de-bagdad\/\" \/>\n<meta property=\"og:site_name\" content=\"Dpress.ma\/fr\" \/>\n<meta property=\"article:published_time\" content=\"2025-05-17T21:58:58+00:00\" \/>\n<meta property=\"article:modified_time\" content=\"2025-05-17T21:58:59+00:00\" \/>\n<meta property=\"og:image\" content=\"https:\/\/dpress.ma\/fr\/wp-content\/uploads\/sites\/2\/2025\/05\/Conseil-de-la-Ligue-des-Etats-arabes.png\" \/>\n\t<meta property=\"og:image:width\" content=\"780\" \/>\n\t<meta property=\"og:image:height\" content=\"470\" \/>\n\t<meta property=\"og:image:type\" content=\"image\/png\" \/>\n<meta name=\"author\" content=\"Dpress.ma\" \/>\n<meta name=\"twitter:card\" content=\"summary_large_image\" \/>\n<meta name=\"twitter:label1\" content=\"\u00c9crit par\" \/>\n\t<meta name=\"twitter:data1\" content=\"Dpress.ma\" \/>\n\t<meta name=\"twitter:label2\" content=\"Dur\u00e9e de lecture estim\u00e9e\" \/>\n\t<meta name=\"twitter:data2\" content=\"5 minutes\" \/>\n<script type=\"application\/ld+json\" class=\"yoast-schema-graph\">{\"@context\":\"https:\\\/\\\/schema.org\",\"@graph\":[{\"@type\":\"Article\",\"@id\":\"https:\\\/\\\/dpress.ma\\\/fr\\\/2025\\\/05\\\/17\\\/cloture-de-la-34e-session-du-conseil-de-la-ligue-des-etats-arabes-avec-ladoption-de-la-declaration-de-bagdad\\\/#article\",\"isPartOf\":{\"@id\":\"https:\\\/\\\/dpress.ma\\\/fr\\\/2025\\\/05\\\/17\\\/cloture-de-la-34e-session-du-conseil-de-la-ligue-des-etats-arabes-avec-ladoption-de-la-declaration-de-bagdad\\\/\"},\"author\":{\"name\":\"Dpress.ma\",\"@id\":\"https:\\\/\\\/dpress.ma\\\/fr\\\/#\\\/schema\\\/person\\\/4898febf3ccd59e6578d838656a306a0\"},\"headline\":\"Cl\u00f4ture de la 34e session du Conseil de la Ligue des \u00c9tats arabes avec l\u2019adoption de la \u00ab\u00a0D\u00e9claration de Bagdad\u00a0\u00bb\",\"datePublished\":\"2025-05-17T21:58:58+00:00\",\"dateModified\":\"2025-05-17T21:58:59+00:00\",\"mainEntityOfPage\":{\"@id\":\"https:\\\/\\\/dpress.ma\\\/fr\\\/2025\\\/05\\\/17\\\/cloture-de-la-34e-session-du-conseil-de-la-ligue-des-etats-arabes-avec-ladoption-de-la-declaration-de-bagdad\\\/\"},\"wordCount\":1030,\"commentCount\":0,\"image\":{\"@id\":\"https:\\\/\\\/dpress.ma\\\/fr\\\/2025\\\/05\\\/17\\\/cloture-de-la-34e-session-du-conseil-de-la-ligue-des-etats-arabes-avec-ladoption-de-la-declaration-de-bagdad\\\/#primaryimage\"},\"thumbnailUrl\":\"https:\\\/\\\/dpress.ma\\\/fr\\\/wp-content\\\/uploads\\\/sites\\\/2\\\/2025\\\/05\\\/Conseil-de-la-Ligue-des-Etats-arabes.png\",\"articleSection\":[\"Politiques\"],\"inLanguage\":\"fr-FR\",\"potentialAction\":[{\"@type\":\"CommentAction\",\"name\":\"Comment\",\"target\":[\"https:\\\/\\\/dpress.ma\\\/fr\\\/2025\\\/05\\\/17\\\/cloture-de-la-34e-session-du-conseil-de-la-ligue-des-etats-arabes-avec-ladoption-de-la-declaration-de-bagdad\\\/#respond\"]}]},{\"@type\":\"WebPage\",\"@id\":\"https:\\\/\\\/dpress.ma\\\/fr\\\/2025\\\/05\\\/17\\\/cloture-de-la-34e-session-du-conseil-de-la-ligue-des-etats-arabes-avec-ladoption-de-la-declaration-de-bagdad\\\/\",\"url\":\"https:\\\/\\\/dpress.ma\\\/fr\\\/2025\\\/05\\\/17\\\/cloture-de-la-34e-session-du-conseil-de-la-ligue-des-etats-arabes-avec-ladoption-de-la-declaration-de-bagdad\\\/\",\"name\":\"Cl\u00f4ture de la 34e session du Conseil de la Ligue des \u00c9tats arabes avec l\u2019adoption de la \\\"D\u00e9claration de Bagdad\\\" - Dpress.ma\\\/fr\",\"isPartOf\":{\"@id\":\"https:\\\/\\\/dpress.ma\\\/fr\\\/#website\"},\"primaryImageOfPage\":{\"@id\":\"https:\\\/\\\/dpress.ma\\\/fr\\\/2025\\\/05\\\/17\\\/cloture-de-la-34e-session-du-conseil-de-la-ligue-des-etats-arabes-avec-ladoption-de-la-declaration-de-bagdad\\\/#primaryimage\"},\"image\":{\"@id\":\"https:\\\/\\\/dpress.ma\\\/fr\\\/2025\\\/05\\\/17\\\/cloture-de-la-34e-session-du-conseil-de-la-ligue-des-etats-arabes-avec-ladoption-de-la-declaration-de-bagdad\\\/#primaryimage\"},\"thumbnailUrl\":\"https:\\\/\\\/dpress.ma\\\/fr\\\/wp-content\\\/uploads\\\/sites\\\/2\\\/2025\\\/05\\\/Conseil-de-la-Ligue-des-Etats-arabes.png\",\"datePublished\":\"2025-05-17T21:58:58+00:00\",\"dateModified\":\"2025-05-17T21:58:59+00:00\",\"author\":{\"@id\":\"https:\\\/\\\/dpress.ma\\\/fr\\\/#\\\/schema\\\/person\\\/4898febf3ccd59e6578d838656a306a0\"},\"breadcrumb\":{\"@id\":\"https:\\\/\\\/dpress.ma\\\/fr\\\/2025\\\/05\\\/17\\\/cloture-de-la-34e-session-du-conseil-de-la-ligue-des-etats-arabes-avec-ladoption-de-la-declaration-de-bagdad\\\/#breadcrumb\"},\"inLanguage\":\"fr-FR\",\"potentialAction\":[{\"@type\":\"ReadAction\",\"target\":[\"https:\\\/\\\/dpress.ma\\\/fr\\\/2025\\\/05\\\/17\\\/cloture-de-la-34e-session-du-conseil-de-la-ligue-des-etats-arabes-avec-ladoption-de-la-declaration-de-bagdad\\\/\"]}]},{\"@type\":\"ImageObject\",\"inLanguage\":\"fr-FR\",\"@id\":\"https:\\\/\\\/dpress.ma\\\/fr\\\/2025\\\/05\\\/17\\\/cloture-de-la-34e-session-du-conseil-de-la-ligue-des-etats-arabes-avec-ladoption-de-la-declaration-de-bagdad\\\/#primaryimage\",\"url\":\"https:\\\/\\\/dpress.ma\\\/fr\\\/wp-content\\\/uploads\\\/sites\\\/2\\\/2025\\\/05\\\/Conseil-de-la-Ligue-des-Etats-arabes.png\",\"contentUrl\":\"https:\\\/\\\/dpress.ma\\\/fr\\\/wp-content\\\/uploads\\\/sites\\\/2\\\/2025\\\/05\\\/Conseil-de-la-Ligue-des-Etats-arabes.png\",\"width\":780,\"height\":470},{\"@type\":\"BreadcrumbList\",\"@id\":\"https:\\\/\\\/dpress.ma\\\/fr\\\/2025\\\/05\\\/17\\\/cloture-de-la-34e-session-du-conseil-de-la-ligue-des-etats-arabes-avec-ladoption-de-la-declaration-de-bagdad\\\/#breadcrumb\",\"itemListElement\":[{\"@type\":\"ListItem\",\"position\":1,\"name\":\"Home\",\"item\":\"https:\\\/\\\/dpress.ma\\\/fr\\\/\"},{\"@type\":\"ListItem\",\"position\":2,\"name\":\"Cl\u00f4ture de la 34e session du Conseil de la Ligue des \u00c9tats arabes avec l\u2019adoption de la &#8220;D\u00e9claration de Bagdad&#8221;\"}]},{\"@type\":\"WebSite\",\"@id\":\"https:\\\/\\\/dpress.ma\\\/fr\\\/#website\",\"url\":\"https:\\\/\\\/dpress.ma\\\/fr\\\/\",\"name\":\"Dpress.ma\\\/fr\",\"description\":\"\",\"potentialAction\":[{\"@type\":\"SearchAction\",\"target\":{\"@type\":\"EntryPoint\",\"urlTemplate\":\"https:\\\/\\\/dpress.ma\\\/fr\\\/?s={search_term_string}\"},\"query-input\":{\"@type\":\"PropertyValueSpecification\",\"valueRequired\":true,\"valueName\":\"search_term_string\"}}],\"inLanguage\":\"fr-FR\"},{\"@type\":\"Person\",\"@id\":\"https:\\\/\\\/dpress.ma\\\/fr\\\/#\\\/schema\\\/person\\\/4898febf3ccd59e6578d838656a306a0\",\"name\":\"Dpress.ma\",\"image\":{\"@type\":\"ImageObject\",\"inLanguage\":\"fr-FR\",\"@id\":\"https:\\\/\\\/secure.gravatar.com\\\/avatar\\\/72ecc30e9db047a2e0e7176561eb9d564ed77c8108376495b19bd8336405198a?s=96&d=mm&r=g\",\"url\":\"https:\\\/\\\/secure.gravatar.com\\\/avatar\\\/72ecc30e9db047a2e0e7176561eb9d564ed77c8108376495b19bd8336405198a?s=96&d=mm&r=g\",\"contentUrl\":\"https:\\\/\\\/secure.gravatar.com\\\/avatar\\\/72ecc30e9db047a2e0e7176561eb9d564ed77c8108376495b19bd8336405198a?s=96&d=mm&r=g\",\"caption\":\"Dpress.ma\"},\"sameAs\":[\"https:\\\/\\\/www.dpress.ma\"],\"url\":\"https:\\\/\\\/dpress.ma\\\/fr\\\/author\\\/dpress-ma\\\/\"}]}<\/script>\n<!-- \/ Yoast SEO plugin. -->","yoast_head_json":{"title":"Cl\u00f4ture de la 34e session du Conseil de la Ligue des \u00c9tats arabes avec l\u2019adoption de la \"D\u00e9claration de Bagdad\" - Dpress.ma\/fr","robots":{"index":"index","follow":"follow","max-snippet":"max-snippet:-1","max-image-preview":"max-image-preview:large","max-video-preview":"max-video-preview:-1"},"canonical":"https:\/\/dpress.ma\/fr\/2025\/05\/17\/cloture-de-la-34e-session-du-conseil-de-la-ligue-des-etats-arabes-avec-ladoption-de-la-declaration-de-bagdad\/","og_locale":"fr_FR","og_type":"article","og_title":"Cl\u00f4ture de la 34e session du Conseil de la Ligue des \u00c9tats arabes avec l\u2019adoption de la \"D\u00e9claration de Bagdad\" - Dpress.ma\/fr","og_description":"Dpress Les travaux de la 34e session du Conseil de la Ligue des \u00c9tats arabes se sont cl\u00f4tur\u00e9s, samedi dans la capitale irakienne, avec l\u2019adoption de la \u00ab\u00a0D\u00e9claration de Bagdad\u00a0\u00bb. Le ministre des Affaires \u00e9trang\u00e8res, de la Coop\u00e9ration africaine et des Marocains r\u00e9sidant \u00e0 l\u2019\u00e9tranger, Nasser Bourita, a repr\u00e9sent\u00e9 Sa Majest\u00e9 le Roi Mohammed VI &hellip;","og_url":"https:\/\/dpress.ma\/fr\/2025\/05\/17\/cloture-de-la-34e-session-du-conseil-de-la-ligue-des-etats-arabes-avec-ladoption-de-la-declaration-de-bagdad\/","og_site_name":"Dpress.ma\/fr","article_published_time":"2025-05-17T21:58:58+00:00","article_modified_time":"2025-05-17T21:58:59+00:00","og_image":[{"width":780,"height":470,"url":"https:\/\/dpress.ma\/fr\/wp-content\/uploads\/sites\/2\/2025\/05\/Conseil-de-la-Ligue-des-Etats-arabes.png","type":"image\/png"}],"author":"Dpress.ma","twitter_card":"summary_large_image","twitter_misc":{"\u00c9crit par":"Dpress.ma","Dur\u00e9e de lecture estim\u00e9e":"5 minutes"},"schema":{"@context":"https:\/\/schema.org","@graph":[{"@type":"Article","@id":"https:\/\/dpress.ma\/fr\/2025\/05\/17\/cloture-de-la-34e-session-du-conseil-de-la-ligue-des-etats-arabes-avec-ladoption-de-la-declaration-de-bagdad\/#article","isPartOf":{"@id":"https:\/\/dpress.ma\/fr\/2025\/05\/17\/cloture-de-la-34e-session-du-conseil-de-la-ligue-des-etats-arabes-avec-ladoption-de-la-declaration-de-bagdad\/"},"author":{"name":"Dpress.ma","@id":"https:\/\/dpress.ma\/fr\/#\/schema\/person\/4898febf3ccd59e6578d838656a306a0"},"headline":"Cl\u00f4ture de la 34e session du Conseil de la Ligue des \u00c9tats arabes avec l\u2019adoption de la \u00ab\u00a0D\u00e9claration de Bagdad\u00a0\u00bb","datePublished":"2025-05-17T21:58:58+00:00","dateModified":"2025-05-17T21:58:59+00:00","mainEntityOfPage":{"@id":"https:\/\/dpress.ma\/fr\/2025\/05\/17\/cloture-de-la-34e-session-du-conseil-de-la-ligue-des-etats-arabes-avec-ladoption-de-la-declaration-de-bagdad\/"},"wordCount":1030,"commentCount":0,"image":{"@id":"https:\/\/dpress.ma\/fr\/2025\/05\/17\/cloture-de-la-34e-session-du-conseil-de-la-ligue-des-etats-arabes-avec-ladoption-de-la-declaration-de-bagdad\/#primaryimage"},"thumbnailUrl":"https:\/\/dpress.ma\/fr\/wp-content\/uploads\/sites\/2\/2025\/05\/Conseil-de-la-Ligue-des-Etats-arabes.png","articleSection":["Politiques"],"inLanguage":"fr-FR","potentialAction":[{"@type":"CommentAction","name":"Comment","target":["https:\/\/dpress.ma\/fr\/2025\/05\/17\/cloture-de-la-34e-session-du-conseil-de-la-ligue-des-etats-arabes-avec-ladoption-de-la-declaration-de-bagdad\/#respond"]}]},{"@type":"WebPage","@id":"https:\/\/dpress.ma\/fr\/2025\/05\/17\/cloture-de-la-34e-session-du-conseil-de-la-ligue-des-etats-arabes-avec-ladoption-de-la-declaration-de-bagdad\/","url":"https:\/\/dpress.ma\/fr\/2025\/05\/17\/cloture-de-la-34e-session-du-conseil-de-la-ligue-des-etats-arabes-avec-ladoption-de-la-declaration-de-bagdad\/","name":"Cl\u00f4ture de la 34e session du Conseil de la Ligue des \u00c9tats arabes avec l\u2019adoption de la \"D\u00e9claration de Bagdad\" - Dpress.ma\/fr","isPartOf":{"@id":"https:\/\/dpress.ma\/fr\/#website"},"primaryImageOfPage":{"@id":"https:\/\/dpress.ma\/fr\/2025\/05\/17\/cloture-de-la-34e-session-du-conseil-de-la-ligue-des-etats-arabes-avec-ladoption-de-la-declaration-de-bagdad\/#primaryimage"},"image":{"@id":"https:\/\/dpress.ma\/fr\/2025\/05\/17\/cloture-de-la-34e-session-du-conseil-de-la-ligue-des-etats-arabes-avec-ladoption-de-la-declaration-de-bagdad\/#primaryimage"},"thumbnailUrl":"https:\/\/dpress.ma\/fr\/wp-content\/uploads\/sites\/2\/2025\/05\/Conseil-de-la-Ligue-des-Etats-arabes.png","datePublished":"2025-05-17T21:58:58+00:00","dateModified":"2025-05-17T21:58:59+00:00","author":{"@id":"https:\/\/dpress.ma\/fr\/#\/schema\/person\/4898febf3ccd59e6578d838656a306a0"},"breadcrumb":{"@id":"https:\/\/dpress.ma\/fr\/2025\/05\/17\/cloture-de-la-34e-session-du-conseil-de-la-ligue-des-etats-arabes-avec-ladoption-de-la-declaration-de-bagdad\/#breadcrumb"},"inLanguage":"fr-FR","potentialAction":[{"@type":"ReadAction","target":["https:\/\/dpress.ma\/fr\/2025\/05\/17\/cloture-de-la-34e-session-du-conseil-de-la-ligue-des-etats-arabes-avec-ladoption-de-la-declaration-de-bagdad\/"]}]},{"@type":"ImageObject","inLanguage":"fr-FR","@id":"https:\/\/dpress.ma\/fr\/2025\/05\/17\/cloture-de-la-34e-session-du-conseil-de-la-ligue-des-etats-arabes-avec-ladoption-de-la-declaration-de-bagdad\/#primaryimage","url":"https:\/\/dpress.ma\/fr\/wp-content\/uploads\/sites\/2\/2025\/05\/Conseil-de-la-Ligue-des-Etats-arabes.png","contentUrl":"https:\/\/dpress.ma\/fr\/wp-content\/uploads\/sites\/2\/2025\/05\/Conseil-de-la-Ligue-des-Etats-arabes.png","width":780,"height":470},{"@type":"BreadcrumbList","@id":"https:\/\/dpress.ma\/fr\/2025\/05\/17\/cloture-de-la-34e-session-du-conseil-de-la-ligue-des-etats-arabes-avec-ladoption-de-la-declaration-de-bagdad\/#breadcrumb","itemListElement":[{"@type":"ListItem","position":1,"name":"Home","item":"https:\/\/dpress.ma\/fr\/"},{"@type":"ListItem","position":2,"name":"Cl\u00f4ture de la 34e session du Conseil de la Ligue des \u00c9tats arabes avec l\u2019adoption de la &#8220;D\u00e9claration de Bagdad&#8221;"}]},{"@type":"WebSite","@id":"https:\/\/dpress.ma\/fr\/#website","url":"https:\/\/dpress.ma\/fr\/","name":"Dpress.ma\/fr","description":"","potentialAction":[{"@type":"SearchAction","target":{"@type":"EntryPoint","urlTemplate":"https:\/\/dpress.ma\/fr\/?s={search_term_string}"},"query-input":{"@type":"PropertyValueSpecification","valueRequired":true,"valueName":"search_term_string"}}],"inLanguage":"fr-FR"},{"@type":"Person","@id":"https:\/\/dpress.ma\/fr\/#\/schema\/person\/4898febf3ccd59e6578d838656a306a0","name":"Dpress.ma","image":{"@type":"ImageObject","inLanguage":"fr-FR","@id":"https:\/\/secure.gravatar.com\/avatar\/72ecc30e9db047a2e0e7176561eb9d564ed77c8108376495b19bd8336405198a?s=96&d=mm&r=g","url":"https:\/\/secure.gravatar.com\/avatar\/72ecc30e9db047a2e0e7176561eb9d564ed77c8108376495b19bd8336405198a?s=96&d=mm&r=g","contentUrl":"https:\/\/secure.gravatar.com\/avatar\/72ecc30e9db047a2e0e7176561eb9d564ed77c8108376495b19bd8336405198a?s=96&d=mm&r=g","caption":"Dpress.ma"},"sameAs":["https:\/\/www.dpress.ma"],"url":"https:\/\/dpress.ma\/fr\/author\/dpress-ma\/"}]}},"amp_enabled":true,"_links":{"self":[{"href":"https:\/\/dpress.ma\/fr\/wp-json\/wp\/v2\/posts\/14620","targetHints":{"allow":["GET"]}}],"collection":[{"href":"https:\/\/dpress.ma\/fr\/wp-json\/wp\/v2\/posts"}],"about":[{"href":"https:\/\/dpress.ma\/fr\/wp-json\/wp\/v2\/types\/post"}],"author":[{"embeddable":true,"href":"https:\/\/dpress.ma\/fr\/wp-json\/wp\/v2\/users\/2"}],"replies":[{"embeddable":true,"href":"https:\/\/dpress.ma\/fr\/wp-json\/wp\/v2\/comments?post=14620"}],"version-history":[{"count":1,"href":"https:\/\/dpress.ma\/fr\/wp-json\/wp\/v2\/posts\/14620\/revisions"}],"predecessor-version":[{"id":14622,"href":"https:\/\/dpress.ma\/fr\/wp-json\/wp\/v2\/posts\/14620\/revisions\/14622"}],"wp:featuredmedia":[{"embeddable":true,"href":"https:\/\/dpress.ma\/fr\/wp-json\/wp\/v2\/media\/14621"}],"wp:attachment":[{"href":"https:\/\/dpress.ma\/fr\/wp-json\/wp\/v2\/media?parent=14620"}],"wp:term":[{"taxonomy":"category","embeddable":true,"href":"https:\/\/dpress.ma\/fr\/wp-json\/wp\/v2\/categories?post=14620"},{"taxonomy":"post_tag","embeddable":true,"href":"https:\/\/dpress.ma\/fr\/wp-json\/wp\/v2\/tags?post=14620"}],"curies":[{"name":"wp","href":"https:\/\/api.w.org\/{rel}","templated":true}]}}