{"id":14615,"date":"2025-05-17T21:54:48","date_gmt":"2025-05-17T21:54:48","guid":{"rendered":"https:\/\/dpress.ma\/fr\/?p=14615"},"modified":"2025-05-17T21:54:49","modified_gmt":"2025-05-17T21:54:49","slug":"lautonomisation-economique-des-femmes-un-pilier-fondamental-pour-leur-independance-financiere-rencontre","status":"publish","type":"post","link":"https:\/\/dpress.ma\/fr\/2025\/05\/17\/lautonomisation-economique-des-femmes-un-pilier-fondamental-pour-leur-independance-financiere-rencontre\/","title":{"rendered":"L\u2019autonomisation \u00e9conomique des femmes, un pilier fondamental pour leur ind\u00e9pendance financi\u00e8re (Rencontre)"},"content":{"rendered":"\n<p dir=\"ltr\">Dpress<\/p>\n\n\n\n<p dir=\"ltr\">Les participants \u00e0 la deuxi\u00e8me \u00e9dition des Assises du F\u00e9minisme ont soulign\u00e9, samedi \u00e0 Rabat, que l\u2019autonomisation \u00e9conomique des femmes constitue un pilier fondamental pour renforcer leur ind\u00e9pendance, en leur offrant des opportunit\u00e9s et des m\u00e9canismes efficaces favorisant leur inclusion dans le processus de d\u00e9veloppement.<\/p>\n\n\n\n<p dir=\"ltr\">Lors de cette rencontre, organis\u00e9e par l\u2019Association pour la promotion de la culture de l&rsquo;\u00e9galit\u00e9 (APCE), les intervenants ont relev\u00e9 l&rsquo;importance d\u2019adopter des politiques publiques sensibles au genre et de cr\u00e9er un environnement favorable garantissant aux femmes un acc\u00e8s \u00e9quitable au march\u00e9 du travail et aux ressources \u00e9conomiques de mani\u00e8re \u00e0 r\u00e9aliser le d\u00e9veloppement tout en consacrant le principe de l\u2019\u00e9galit\u00e9 entre les sexes.<\/p>\n\n\n\n<p dir=\"ltr\">Renforcer la participation des femmes dans les domaines \u00e9conomique et social est une condition essentielle pour consacrer leur autonomisation, ont-ils estim\u00e9, notant que cela joue un r\u00f4le central dans la r\u00e9alisation de l\u2019\u00e9galit\u00e9 et la valorisation du r\u00f4le de la femme dans le d\u00e9veloppement \u00e9conomique et la d\u00e9fense de ses droits.<\/p>\n\n\n\n<p dir=\"ltr\">S&rsquo;exprimant \u00e0 cette occasion, la ministre de l&rsquo;\u00c9conomie et des Finances, Nadia Fettah, a relev\u00e9 que l\u2019appui \u00e0 la femme dans les programmes et initiatives de d\u00e9veloppement constitue non seulement un moyen de consolider la justice sociale, mais repr\u00e9sente aussi un facteur cl\u00e9 de la croissance \u00e9conomique durable, d&rsquo;autant plus que les femmes sont un maillon essentiel du capital humain.<\/p>\n\n\n\n<p dir=\"ltr\">Elle a jug\u00e9 important de d\u00e9velopper une culture entrepreneuriale chez les femmes et de renforcer leurs comp\u00e9tences en gestion de projets, estimant que cela constitue une \u00e9tape cruciale pour les accompagner dans le monde de l\u2019entreprise \u00e0 travers le renforcement de leurs capacit\u00e9s manag\u00e9riales et l\u2019\u00e9largissement de leur expertise dans divers domaines.<\/p>\n\n\n\n<p dir=\"ltr\">La ministre a rappel\u00e9 que son d\u00e9partement met en \u0153uvre, en partenariat avec la Banque mondiale, un projet pilote visant \u00e0 promouvoir l\u2019int\u00e9gration \u00e9conomique des femmes en tant que choix strat\u00e9gique pour soutenir une croissance durable.<\/p>\n\n\n\n<p dir=\"ltr\">Pour sa part, le Haut Commissaire au Plan, Chakib Benmoussa, a affirm\u00e9 que le Nouveau mod\u00e8le de d\u00e9veloppement accorde une place centrale \u00e0 la question de l\u2019\u00e9galit\u00e9 des sexes, la consid\u00e9rant non seulement comme une exigence de justice sociale, mais aussi un levier fondamental de d\u00e9veloppement \u00e9conomique.<\/p>\n\n\n\n<p dir=\"ltr\">Il a pr\u00e9cis\u00e9 que ce mod\u00e8le fait de l\u2019autonomisation des femmes un axe strat\u00e9gique majeur, en garantissant leur ind\u00e9pendance et en \u00e9largissant leur participation \u00e9conomique, notant que la promotion de l\u2019\u00e9galit\u00e9 des chances \u00e9conomiques entre les femmes et les hommes est une condition indispensable \u00e0 un d\u00e9veloppement global et durable.<\/p>\n\n\n\n<p dir=\"ltr\">La pr\u00e9sidente de l\u2019APCE, A\u00efcha Za\u00efmi-Sakhri, a quant \u00e0 elle soulign\u00e9 que la conciliation entre vie professionnelle et responsabilit\u00e9s familiales repr\u00e9sente un obstacle important dans le parcours professionnel des femmes, rappelant que l\u2019entrepreneuriat f\u00e9minin fait encore face \u00e0 de nombreux d\u00e9fis.<\/p>\n\n\n\n<p dir=\"ltr\">Elle a \u00e9galement \u00e9voqu\u00e9 la persistance d&rsquo;autres freins \u00e0 l\u2019autonomisation r\u00e9elle des femmes, notamment la difficult\u00e9 d\u2019acc\u00e8s au financement et \u00e0 l\u2019entrepreneuriat, ajoutant que ces obstacles affaiblissent l\u2019ind\u00e9pendance des femmes, compromettent leurs ambitions et affectent l\u2019\u00e9quilibre familial, professionnel et social.<\/p>\n\n\n\n<p dir=\"ltr\">Cette conf\u00e9rence constitue une \u00e9tape importante pour \u00e9changer autour de th\u00e9matiques telles que les violences faites aux femmes et les in\u00e9galit\u00e9s \u00e9conomiques qui continuent d\u2019avoir un impact n\u00e9gatif sur une grande partie d\u2019entre elles, a-t-elle dit.<\/p>\n\n\n\n<p dir=\"ltr\">Au programme de cette rencontre figurent plusieurs sessions ax\u00e9es sur des sujets d\u2019actualit\u00e9, notamment les barri\u00e8res structurelles \u00e0 la participation \u00e9conomique des femmes dans le secteur formel, les obstacles juridiques, culturels et institutionnels \u00e0 l\u2019\u00e9galit\u00e9 des sexes, le r\u00f4le des institutions publiques et priv\u00e9es dans la promotion de l\u2019\u00e9galit\u00e9, ainsi que la lutte contre les \u00e9carts \u00e9conomiques entre les sexes et la mobilisation des m\u00e9dias pour d\u00e9construire les st\u00e9r\u00e9otypes freinant l\u2019\u00e9mancipation des femmes.<\/p>\n\n\n\n<p dir=\"ltr\">Ce rendez-vous, d\u00e9sormais annuel, vise \u00e0 analyser les barri\u00e8res \u00e9conomiques sp\u00e9cifiques rencontr\u00e9es par les femmes marocaines, leurs impacts sur les diff\u00e9rentes cat\u00e9gories sociales en milieu urbain et rural, et \u00e0 \u00e9laborer des strat\u00e9gies favorisant leur autonomisation.<\/p>\n","protected":false},"excerpt":{"rendered":"<p>Dpress Les participants \u00e0 la deuxi\u00e8me \u00e9dition des Assises du F\u00e9minisme ont soulign\u00e9, samedi \u00e0 Rabat, que l\u2019autonomisation \u00e9conomique des femmes constitue un pilier fondamental pour renforcer leur ind\u00e9pendance, en leur offrant des opportunit\u00e9s et des m\u00e9canismes efficaces favorisant leur inclusion dans le processus de d\u00e9veloppement. Lors de cette rencontre, organis\u00e9e par l\u2019Association pour la &hellip;<\/p>\n","protected":false},"author":2,"featured_media":14616,"comment_status":"open","ping_status":"open","sticky":false,"template":"","format":"standard","meta":{"footnotes":""},"categories":[40],"tags":[],"class_list":["post-14615","post","type-post","status-publish","format-standard","has-post-thumbnail","hentry","category-societe-et-regions"],"yoast_head":"<!-- This site is optimized with the Yoast SEO plugin v27.5 - https:\/\/yoast.com\/product\/yoast-seo-wordpress\/ -->\n<title>L\u2019autonomisation \u00e9conomique des femmes, un pilier fondamental pour leur ind\u00e9pendance financi\u00e8re (Rencontre) - Dpress.ma\/fr<\/title>\n<meta name=\"robots\" content=\"index, follow, max-snippet:-1, max-image-preview:large, max-video-preview:-1\" \/>\n<link rel=\"canonical\" href=\"https:\/\/dpress.ma\/fr\/2025\/05\/17\/lautonomisation-economique-des-femmes-un-pilier-fondamental-pour-leur-independance-financiere-rencontre\/\" \/>\n<meta property=\"og:locale\" content=\"fr_FR\" \/>\n<meta property=\"og:type\" content=\"article\" \/>\n<meta property=\"og:title\" content=\"L\u2019autonomisation \u00e9conomique des femmes, un pilier fondamental pour leur ind\u00e9pendance financi\u00e8re (Rencontre) - Dpress.ma\/fr\" \/>\n<meta property=\"og:description\" content=\"Dpress Les participants \u00e0 la deuxi\u00e8me \u00e9dition des Assises du F\u00e9minisme ont soulign\u00e9, samedi \u00e0 Rabat, que l\u2019autonomisation \u00e9conomique des femmes constitue un pilier fondamental pour renforcer leur ind\u00e9pendance, en leur offrant des opportunit\u00e9s et des m\u00e9canismes efficaces favorisant leur inclusion dans le processus de d\u00e9veloppement. Lors de cette rencontre, organis\u00e9e par l\u2019Association pour la &hellip;\" \/>\n<meta property=\"og:url\" content=\"https:\/\/dpress.ma\/fr\/2025\/05\/17\/lautonomisation-economique-des-femmes-un-pilier-fondamental-pour-leur-independance-financiere-rencontre\/\" \/>\n<meta property=\"og:site_name\" content=\"Dpress.ma\/fr\" \/>\n<meta property=\"article:published_time\" content=\"2025-05-17T21:54:48+00:00\" \/>\n<meta property=\"article:modified_time\" content=\"2025-05-17T21:54:49+00:00\" \/>\n<meta property=\"og:image\" content=\"https:\/\/dpress.ma\/fr\/wp-content\/uploads\/sites\/2\/2025\/05\/la-deuxieme-edition-des-Assises-du-Feminisme.png\" \/>\n\t<meta property=\"og:image:width\" content=\"780\" \/>\n\t<meta property=\"og:image:height\" content=\"470\" \/>\n\t<meta property=\"og:image:type\" content=\"image\/png\" \/>\n<meta name=\"author\" content=\"Dpress.ma\" \/>\n<meta name=\"twitter:card\" content=\"summary_large_image\" \/>\n<meta name=\"twitter:label1\" content=\"\u00c9crit par\" \/>\n\t<meta name=\"twitter:data1\" content=\"Dpress.ma\" \/>\n\t<meta name=\"twitter:label2\" content=\"Dur\u00e9e de lecture estim\u00e9e\" \/>\n\t<meta name=\"twitter:data2\" content=\"4 minutes\" \/>\n<script type=\"application\/ld+json\" class=\"yoast-schema-graph\">{\"@context\":\"https:\\\/\\\/schema.org\",\"@graph\":[{\"@type\":\"Article\",\"@id\":\"https:\\\/\\\/dpress.ma\\\/fr\\\/2025\\\/05\\\/17\\\/lautonomisation-economique-des-femmes-un-pilier-fondamental-pour-leur-independance-financiere-rencontre\\\/#article\",\"isPartOf\":{\"@id\":\"https:\\\/\\\/dpress.ma\\\/fr\\\/2025\\\/05\\\/17\\\/lautonomisation-economique-des-femmes-un-pilier-fondamental-pour-leur-independance-financiere-rencontre\\\/\"},\"author\":{\"name\":\"Dpress.ma\",\"@id\":\"https:\\\/\\\/dpress.ma\\\/fr\\\/#\\\/schema\\\/person\\\/4898febf3ccd59e6578d838656a306a0\"},\"headline\":\"L\u2019autonomisation \u00e9conomique des femmes, un pilier fondamental pour leur ind\u00e9pendance financi\u00e8re (Rencontre)\",\"datePublished\":\"2025-05-17T21:54:48+00:00\",\"dateModified\":\"2025-05-17T21:54:49+00:00\",\"mainEntityOfPage\":{\"@id\":\"https:\\\/\\\/dpress.ma\\\/fr\\\/2025\\\/05\\\/17\\\/lautonomisation-economique-des-femmes-un-pilier-fondamental-pour-leur-independance-financiere-rencontre\\\/\"},\"wordCount\":722,\"commentCount\":0,\"image\":{\"@id\":\"https:\\\/\\\/dpress.ma\\\/fr\\\/2025\\\/05\\\/17\\\/lautonomisation-economique-des-femmes-un-pilier-fondamental-pour-leur-independance-financiere-rencontre\\\/#primaryimage\"},\"thumbnailUrl\":\"https:\\\/\\\/dpress.ma\\\/fr\\\/wp-content\\\/uploads\\\/sites\\\/2\\\/2025\\\/05\\\/la-deuxieme-edition-des-Assises-du-Feminisme.png\",\"articleSection\":[\"societe et regions\"],\"inLanguage\":\"fr-FR\",\"potentialAction\":[{\"@type\":\"CommentAction\",\"name\":\"Comment\",\"target\":[\"https:\\\/\\\/dpress.ma\\\/fr\\\/2025\\\/05\\\/17\\\/lautonomisation-economique-des-femmes-un-pilier-fondamental-pour-leur-independance-financiere-rencontre\\\/#respond\"]}]},{\"@type\":\"WebPage\",\"@id\":\"https:\\\/\\\/dpress.ma\\\/fr\\\/2025\\\/05\\\/17\\\/lautonomisation-economique-des-femmes-un-pilier-fondamental-pour-leur-independance-financiere-rencontre\\\/\",\"url\":\"https:\\\/\\\/dpress.ma\\\/fr\\\/2025\\\/05\\\/17\\\/lautonomisation-economique-des-femmes-un-pilier-fondamental-pour-leur-independance-financiere-rencontre\\\/\",\"name\":\"L\u2019autonomisation \u00e9conomique des femmes, un pilier fondamental pour leur ind\u00e9pendance financi\u00e8re (Rencontre) - Dpress.ma\\\/fr\",\"isPartOf\":{\"@id\":\"https:\\\/\\\/dpress.ma\\\/fr\\\/#website\"},\"primaryImageOfPage\":{\"@id\":\"https:\\\/\\\/dpress.ma\\\/fr\\\/2025\\\/05\\\/17\\\/lautonomisation-economique-des-femmes-un-pilier-fondamental-pour-leur-independance-financiere-rencontre\\\/#primaryimage\"},\"image\":{\"@id\":\"https:\\\/\\\/dpress.ma\\\/fr\\\/2025\\\/05\\\/17\\\/lautonomisation-economique-des-femmes-un-pilier-fondamental-pour-leur-independance-financiere-rencontre\\\/#primaryimage\"},\"thumbnailUrl\":\"https:\\\/\\\/dpress.ma\\\/fr\\\/wp-content\\\/uploads\\\/sites\\\/2\\\/2025\\\/05\\\/la-deuxieme-edition-des-Assises-du-Feminisme.png\",\"datePublished\":\"2025-05-17T21:54:48+00:00\",\"dateModified\":\"2025-05-17T21:54:49+00:00\",\"author\":{\"@id\":\"https:\\\/\\\/dpress.ma\\\/fr\\\/#\\\/schema\\\/person\\\/4898febf3ccd59e6578d838656a306a0\"},\"breadcrumb\":{\"@id\":\"https:\\\/\\\/dpress.ma\\\/fr\\\/2025\\\/05\\\/17\\\/lautonomisation-economique-des-femmes-un-pilier-fondamental-pour-leur-independance-financiere-rencontre\\\/#breadcrumb\"},\"inLanguage\":\"fr-FR\",\"potentialAction\":[{\"@type\":\"ReadAction\",\"target\":[\"https:\\\/\\\/dpress.ma\\\/fr\\\/2025\\\/05\\\/17\\\/lautonomisation-economique-des-femmes-un-pilier-fondamental-pour-leur-independance-financiere-rencontre\\\/\"]}]},{\"@type\":\"ImageObject\",\"inLanguage\":\"fr-FR\",\"@id\":\"https:\\\/\\\/dpress.ma\\\/fr\\\/2025\\\/05\\\/17\\\/lautonomisation-economique-des-femmes-un-pilier-fondamental-pour-leur-independance-financiere-rencontre\\\/#primaryimage\",\"url\":\"https:\\\/\\\/dpress.ma\\\/fr\\\/wp-content\\\/uploads\\\/sites\\\/2\\\/2025\\\/05\\\/la-deuxieme-edition-des-Assises-du-Feminisme.png\",\"contentUrl\":\"https:\\\/\\\/dpress.ma\\\/fr\\\/wp-content\\\/uploads\\\/sites\\\/2\\\/2025\\\/05\\\/la-deuxieme-edition-des-Assises-du-Feminisme.png\",\"width\":780,\"height\":470},{\"@type\":\"BreadcrumbList\",\"@id\":\"https:\\\/\\\/dpress.ma\\\/fr\\\/2025\\\/05\\\/17\\\/lautonomisation-economique-des-femmes-un-pilier-fondamental-pour-leur-independance-financiere-rencontre\\\/#breadcrumb\",\"itemListElement\":[{\"@type\":\"ListItem\",\"position\":1,\"name\":\"Home\",\"item\":\"https:\\\/\\\/dpress.ma\\\/fr\\\/\"},{\"@type\":\"ListItem\",\"position\":2,\"name\":\"L\u2019autonomisation \u00e9conomique des femmes, un pilier fondamental pour leur ind\u00e9pendance financi\u00e8re (Rencontre)\"}]},{\"@type\":\"WebSite\",\"@id\":\"https:\\\/\\\/dpress.ma\\\/fr\\\/#website\",\"url\":\"https:\\\/\\\/dpress.ma\\\/fr\\\/\",\"name\":\"Dpress.ma\\\/fr\",\"description\":\"\",\"potentialAction\":[{\"@type\":\"SearchAction\",\"target\":{\"@type\":\"EntryPoint\",\"urlTemplate\":\"https:\\\/\\\/dpress.ma\\\/fr\\\/?s={search_term_string}\"},\"query-input\":{\"@type\":\"PropertyValueSpecification\",\"valueRequired\":true,\"valueName\":\"search_term_string\"}}],\"inLanguage\":\"fr-FR\"},{\"@type\":\"Person\",\"@id\":\"https:\\\/\\\/dpress.ma\\\/fr\\\/#\\\/schema\\\/person\\\/4898febf3ccd59e6578d838656a306a0\",\"name\":\"Dpress.ma\",\"image\":{\"@type\":\"ImageObject\",\"inLanguage\":\"fr-FR\",\"@id\":\"https:\\\/\\\/secure.gravatar.com\\\/avatar\\\/72ecc30e9db047a2e0e7176561eb9d564ed77c8108376495b19bd8336405198a?s=96&d=mm&r=g\",\"url\":\"https:\\\/\\\/secure.gravatar.com\\\/avatar\\\/72ecc30e9db047a2e0e7176561eb9d564ed77c8108376495b19bd8336405198a?s=96&d=mm&r=g\",\"contentUrl\":\"https:\\\/\\\/secure.gravatar.com\\\/avatar\\\/72ecc30e9db047a2e0e7176561eb9d564ed77c8108376495b19bd8336405198a?s=96&d=mm&r=g\",\"caption\":\"Dpress.ma\"},\"sameAs\":[\"https:\\\/\\\/www.dpress.ma\"],\"url\":\"https:\\\/\\\/dpress.ma\\\/fr\\\/author\\\/dpress-ma\\\/\"}]}<\/script>\n<!-- \/ Yoast SEO plugin. -->","yoast_head_json":{"title":"L\u2019autonomisation \u00e9conomique des femmes, un pilier fondamental pour leur ind\u00e9pendance financi\u00e8re (Rencontre) - Dpress.ma\/fr","robots":{"index":"index","follow":"follow","max-snippet":"max-snippet:-1","max-image-preview":"max-image-preview:large","max-video-preview":"max-video-preview:-1"},"canonical":"https:\/\/dpress.ma\/fr\/2025\/05\/17\/lautonomisation-economique-des-femmes-un-pilier-fondamental-pour-leur-independance-financiere-rencontre\/","og_locale":"fr_FR","og_type":"article","og_title":"L\u2019autonomisation \u00e9conomique des femmes, un pilier fondamental pour leur ind\u00e9pendance financi\u00e8re (Rencontre) - Dpress.ma\/fr","og_description":"Dpress Les participants \u00e0 la deuxi\u00e8me \u00e9dition des Assises du F\u00e9minisme ont soulign\u00e9, samedi \u00e0 Rabat, que l\u2019autonomisation \u00e9conomique des femmes constitue un pilier fondamental pour renforcer leur ind\u00e9pendance, en leur offrant des opportunit\u00e9s et des m\u00e9canismes efficaces favorisant leur inclusion dans le processus de d\u00e9veloppement. Lors de cette rencontre, organis\u00e9e par l\u2019Association pour la &hellip;","og_url":"https:\/\/dpress.ma\/fr\/2025\/05\/17\/lautonomisation-economique-des-femmes-un-pilier-fondamental-pour-leur-independance-financiere-rencontre\/","og_site_name":"Dpress.ma\/fr","article_published_time":"2025-05-17T21:54:48+00:00","article_modified_time":"2025-05-17T21:54:49+00:00","og_image":[{"width":780,"height":470,"url":"https:\/\/dpress.ma\/fr\/wp-content\/uploads\/sites\/2\/2025\/05\/la-deuxieme-edition-des-Assises-du-Feminisme.png","type":"image\/png"}],"author":"Dpress.ma","twitter_card":"summary_large_image","twitter_misc":{"\u00c9crit par":"Dpress.ma","Dur\u00e9e de lecture estim\u00e9e":"4 minutes"},"schema":{"@context":"https:\/\/schema.org","@graph":[{"@type":"Article","@id":"https:\/\/dpress.ma\/fr\/2025\/05\/17\/lautonomisation-economique-des-femmes-un-pilier-fondamental-pour-leur-independance-financiere-rencontre\/#article","isPartOf":{"@id":"https:\/\/dpress.ma\/fr\/2025\/05\/17\/lautonomisation-economique-des-femmes-un-pilier-fondamental-pour-leur-independance-financiere-rencontre\/"},"author":{"name":"Dpress.ma","@id":"https:\/\/dpress.ma\/fr\/#\/schema\/person\/4898febf3ccd59e6578d838656a306a0"},"headline":"L\u2019autonomisation \u00e9conomique des femmes, un pilier fondamental pour leur ind\u00e9pendance financi\u00e8re (Rencontre)","datePublished":"2025-05-17T21:54:48+00:00","dateModified":"2025-05-17T21:54:49+00:00","mainEntityOfPage":{"@id":"https:\/\/dpress.ma\/fr\/2025\/05\/17\/lautonomisation-economique-des-femmes-un-pilier-fondamental-pour-leur-independance-financiere-rencontre\/"},"wordCount":722,"commentCount":0,"image":{"@id":"https:\/\/dpress.ma\/fr\/2025\/05\/17\/lautonomisation-economique-des-femmes-un-pilier-fondamental-pour-leur-independance-financiere-rencontre\/#primaryimage"},"thumbnailUrl":"https:\/\/dpress.ma\/fr\/wp-content\/uploads\/sites\/2\/2025\/05\/la-deuxieme-edition-des-Assises-du-Feminisme.png","articleSection":["societe et regions"],"inLanguage":"fr-FR","potentialAction":[{"@type":"CommentAction","name":"Comment","target":["https:\/\/dpress.ma\/fr\/2025\/05\/17\/lautonomisation-economique-des-femmes-un-pilier-fondamental-pour-leur-independance-financiere-rencontre\/#respond"]}]},{"@type":"WebPage","@id":"https:\/\/dpress.ma\/fr\/2025\/05\/17\/lautonomisation-economique-des-femmes-un-pilier-fondamental-pour-leur-independance-financiere-rencontre\/","url":"https:\/\/dpress.ma\/fr\/2025\/05\/17\/lautonomisation-economique-des-femmes-un-pilier-fondamental-pour-leur-independance-financiere-rencontre\/","name":"L\u2019autonomisation \u00e9conomique des femmes, un pilier fondamental pour leur ind\u00e9pendance financi\u00e8re (Rencontre) - Dpress.ma\/fr","isPartOf":{"@id":"https:\/\/dpress.ma\/fr\/#website"},"primaryImageOfPage":{"@id":"https:\/\/dpress.ma\/fr\/2025\/05\/17\/lautonomisation-economique-des-femmes-un-pilier-fondamental-pour-leur-independance-financiere-rencontre\/#primaryimage"},"image":{"@id":"https:\/\/dpress.ma\/fr\/2025\/05\/17\/lautonomisation-economique-des-femmes-un-pilier-fondamental-pour-leur-independance-financiere-rencontre\/#primaryimage"},"thumbnailUrl":"https:\/\/dpress.ma\/fr\/wp-content\/uploads\/sites\/2\/2025\/05\/la-deuxieme-edition-des-Assises-du-Feminisme.png","datePublished":"2025-05-17T21:54:48+00:00","dateModified":"2025-05-17T21:54:49+00:00","author":{"@id":"https:\/\/dpress.ma\/fr\/#\/schema\/person\/4898febf3ccd59e6578d838656a306a0"},"breadcrumb":{"@id":"https:\/\/dpress.ma\/fr\/2025\/05\/17\/lautonomisation-economique-des-femmes-un-pilier-fondamental-pour-leur-independance-financiere-rencontre\/#breadcrumb"},"inLanguage":"fr-FR","potentialAction":[{"@type":"ReadAction","target":["https:\/\/dpress.ma\/fr\/2025\/05\/17\/lautonomisation-economique-des-femmes-un-pilier-fondamental-pour-leur-independance-financiere-rencontre\/"]}]},{"@type":"ImageObject","inLanguage":"fr-FR","@id":"https:\/\/dpress.ma\/fr\/2025\/05\/17\/lautonomisation-economique-des-femmes-un-pilier-fondamental-pour-leur-independance-financiere-rencontre\/#primaryimage","url":"https:\/\/dpress.ma\/fr\/wp-content\/uploads\/sites\/2\/2025\/05\/la-deuxieme-edition-des-Assises-du-Feminisme.png","contentUrl":"https:\/\/dpress.ma\/fr\/wp-content\/uploads\/sites\/2\/2025\/05\/la-deuxieme-edition-des-Assises-du-Feminisme.png","width":780,"height":470},{"@type":"BreadcrumbList","@id":"https:\/\/dpress.ma\/fr\/2025\/05\/17\/lautonomisation-economique-des-femmes-un-pilier-fondamental-pour-leur-independance-financiere-rencontre\/#breadcrumb","itemListElement":[{"@type":"ListItem","position":1,"name":"Home","item":"https:\/\/dpress.ma\/fr\/"},{"@type":"ListItem","position":2,"name":"L\u2019autonomisation \u00e9conomique des femmes, un pilier fondamental pour leur ind\u00e9pendance financi\u00e8re (Rencontre)"}]},{"@type":"WebSite","@id":"https:\/\/dpress.ma\/fr\/#website","url":"https:\/\/dpress.ma\/fr\/","name":"Dpress.ma\/fr","description":"","potentialAction":[{"@type":"SearchAction","target":{"@type":"EntryPoint","urlTemplate":"https:\/\/dpress.ma\/fr\/?s={search_term_string}"},"query-input":{"@type":"PropertyValueSpecification","valueRequired":true,"valueName":"search_term_string"}}],"inLanguage":"fr-FR"},{"@type":"Person","@id":"https:\/\/dpress.ma\/fr\/#\/schema\/person\/4898febf3ccd59e6578d838656a306a0","name":"Dpress.ma","image":{"@type":"ImageObject","inLanguage":"fr-FR","@id":"https:\/\/secure.gravatar.com\/avatar\/72ecc30e9db047a2e0e7176561eb9d564ed77c8108376495b19bd8336405198a?s=96&d=mm&r=g","url":"https:\/\/secure.gravatar.com\/avatar\/72ecc30e9db047a2e0e7176561eb9d564ed77c8108376495b19bd8336405198a?s=96&d=mm&r=g","contentUrl":"https:\/\/secure.gravatar.com\/avatar\/72ecc30e9db047a2e0e7176561eb9d564ed77c8108376495b19bd8336405198a?s=96&d=mm&r=g","caption":"Dpress.ma"},"sameAs":["https:\/\/www.dpress.ma"],"url":"https:\/\/dpress.ma\/fr\/author\/dpress-ma\/"}]}},"amp_enabled":true,"_links":{"self":[{"href":"https:\/\/dpress.ma\/fr\/wp-json\/wp\/v2\/posts\/14615","targetHints":{"allow":["GET"]}}],"collection":[{"href":"https:\/\/dpress.ma\/fr\/wp-json\/wp\/v2\/posts"}],"about":[{"href":"https:\/\/dpress.ma\/fr\/wp-json\/wp\/v2\/types\/post"}],"author":[{"embeddable":true,"href":"https:\/\/dpress.ma\/fr\/wp-json\/wp\/v2\/users\/2"}],"replies":[{"embeddable":true,"href":"https:\/\/dpress.ma\/fr\/wp-json\/wp\/v2\/comments?post=14615"}],"version-history":[{"count":1,"href":"https:\/\/dpress.ma\/fr\/wp-json\/wp\/v2\/posts\/14615\/revisions"}],"predecessor-version":[{"id":14617,"href":"https:\/\/dpress.ma\/fr\/wp-json\/wp\/v2\/posts\/14615\/revisions\/14617"}],"wp:featuredmedia":[{"embeddable":true,"href":"https:\/\/dpress.ma\/fr\/wp-json\/wp\/v2\/media\/14616"}],"wp:attachment":[{"href":"https:\/\/dpress.ma\/fr\/wp-json\/wp\/v2\/media?parent=14615"}],"wp:term":[{"taxonomy":"category","embeddable":true,"href":"https:\/\/dpress.ma\/fr\/wp-json\/wp\/v2\/categories?post=14615"},{"taxonomy":"post_tag","embeddable":true,"href":"https:\/\/dpress.ma\/fr\/wp-json\/wp\/v2\/tags?post=14615"}],"curies":[{"name":"wp","href":"https:\/\/api.w.org\/{rel}","templated":true}]}}