{"id":14607,"date":"2025-05-15T09:40:10","date_gmt":"2025-05-15T09:40:10","guid":{"rendered":"https:\/\/dpress.ma\/fr\/?p=14607"},"modified":"2025-05-15T09:40:11","modified_gmt":"2025-05-15T09:40:11","slug":"le-mediateur-du-royaume-preside-a-rabat-louverture-de-la-reunion-du-conseil-dadministration-de-linstitut-international-de-lombudsman","status":"publish","type":"post","link":"https:\/\/dpress.ma\/fr\/2025\/05\/15\/le-mediateur-du-royaume-preside-a-rabat-louverture-de-la-reunion-du-conseil-dadministration-de-linstitut-international-de-lombudsman\/","title":{"rendered":"Le M\u00e9diateur du Royaume pr\u00e9side \u00e0 Rabat l\u2019ouverture de la r\u00e9union du Conseil d\u2019administration de l\u2019Institut international de l\u2019Ombudsman"},"content":{"rendered":"\n<p>dpress<\/p>\n\n\n\n<p>Le M\u00e9diateur du Royaume, Hassan Tariq, a pr\u00e9sid\u00e9, mardi \u00e0 Rabat, l\u2019ouverture de la r\u00e9union du Conseil d\u2019administration de l\u2019Institut international de l\u2019Ombudsman (IIO), qui se tient dans le cadre des r\u00e9unions des instances d\u00e9cisionnelles et th\u00e9matiques de l\u2019Institut, tenues \u00e0 l\u2019Institution du M\u00e9diateur du 12 au 14 mai, en pr\u00e9sence de Mme Nashieli Ramirez Hernandez, Pr\u00e9sidente de l\u2019IIO et des membres de l\u2019Institut.<\/p>\n\n\n\n<p>Au d\u00e9but de la r\u00e9union, le M\u00e9diateur du Royaume a salu\u00e9 la grande confiance plac\u00e9e dans le Royaume pour abriter ces r\u00e9unions, les acquis r\u00e9alis\u00e9s sous le la Sage Conduite de Sa Majest\u00e9 le Roi Mohammed VI, se r\u00e9jouissant du consensus qui a \u00e9t\u00e9 port\u00e9 sur l\u2019Institution du M\u00e9diateur du Royaume pour abriter cet important \u00e9v\u00e9nement international parmi plusieurs institutions candidates, indique un communiqu\u00e9 de l\u2019Institution du M\u00e9diateur.<\/p>\n\n\n\n<p>Il a \u00e9voqu\u00e9, \u00e0 cet \u00e9gard, la place particuli\u00e8re de l\u2019Institution du M\u00e9diateur du Royaume et ses relations singuli\u00e8res au sein de l\u2019IIO, ainsi que son adh\u00e9sion active dans tous ses activit\u00e9s et ses programmes.<\/p>\n\n\n\n<p>Le M\u00e9diateur du Royaume a exprim\u00e9, \u00e0 cette occasion, sa disposition et sa volont\u00e9 \u00e0 poursuivre l\u2019action commune avec les membres de l\u2019IIO pour renforcer l\u2019interaction fructueuse entre les institutions de m\u00e9diation, au service des valeurs de justice et d\u2019\u00e9quit\u00e9, notamment dans le cadre des tensions que vit le monde dans tous les domaines qui se refl\u00e8tent n\u00e9gativement sur le domaine de la protection des droits de l\u2019Homme dans sa relation avec l\u2019administration, outre les d\u00e9fis de la num\u00e9risation et la profondeur de sa r\u00e9flexion sur les droits des cat\u00e9gories vuln\u00e9rables, et en particulier leur relations avec l\u2019acc\u00e8s aux services administratifs.<\/p>\n\n\n\n<p>M. Hassan Tariq a invit\u00e9 les institutions d\u2019Ombudsmans \u00e0 intensifier leurs efforts et \u00e0 coordonner leurs interventions afin de garantir l\u2019efficacit\u00e9 de la performance, afin de faciliter l\u2019acc\u00e8s des citoyens aux services administratifs dans le cadre de l\u2019\u00e9quit\u00e9, la justice et l\u2019\u00e9galit\u00e9.<\/p>\n\n\n\n<p>Il a relev\u00e9 que l\u2019engagement de l\u2019IIO et sa poursuite du dialogue s\u00e9rieux entre ses membres et leurs approches concernant la promotion de ses missions, sont \u00e0 m\u00eame de contribuer \u00e0 la r\u00e9alisation des objectifs escompt\u00e9s.<\/p>\n\n\n\n<p>De son c\u00f4t\u00e9, la pr\u00e9sidente de l\u2019Institut international de l\u2019Ombudsman (IIO) a fait part de sa gratitude et de sa reconnaissance au M\u00e9diateur du Royaume, Hassan Tariq, et \u00e0 son \u00e9quipe, pour l\u2019accueil de ces r\u00e9unions par son Institut, se f\u00e9licitant de l\u2019accueil chaleureux et de l\u2019excellente organisation de la r\u00e9union annuelle du Conseil d\u2019administration.<\/p>\n\n\n\n<p>Cela refl\u00e8te son engagement \u00e0 renforcer son action avec l\u2019IOO, dans le cadre de la r\u00e9alisation des objectifs communs des membres de l\u2019Institut, et qui sont la d\u00e9fense des droits de l\u2019Homme, le renforcement de la bonne gouvernance, l\u2019autonomisation des citoyens dans un contexte mondial marqu\u00e9 par des questions cruciales pour l\u2019agenda globale des droits de l\u2019Homme, telles que l\u2019in\u00e9galit\u00e9, la discrimination, la crise climatique et d\u2019immigration et la violence bas\u00e9e sur le genre social, d\u2019o\u00f9 la n\u00e9cessit\u00e9 de d\u00e9passer les mesures individuelles et l\u2019adoption des initiatives reposant sur la coop\u00e9ration et la coordination et la mise en place de strat\u00e9gies communes entre les institutions de m\u00e9diation et les autres services strat\u00e9giques op\u00e9rant dans l\u2019agenda des droits de l\u2019Homme.<\/p>\n\n\n\n<p>Par ailleurs, la pr\u00e9sidente a r\u00e9it\u00e9r\u00e9 son respect des trois piliers de l\u2019Institut se manifestant dans la formation continue, en vue de renforcer les capacit\u00e9s des membres, la recherche et l\u2019\u00e9change d\u2019expertise, en vue de d\u00e9terminer les d\u00e9fis et de proposer des solutions novatrices, et de soutenir les projets r\u00e9gionaux qui ont un r\u00e9el impact sur la vie des populations, renfor\u00e7ant ainsi la position de l\u2019Institut en tant qu\u2019instance internationale pour l\u2019\u00e9laboration des strat\u00e9gies<\/p>\n\n\n\n<p>Le Conseil d\u2019administration devrait examiner les diverses d\u00e9cisions ainsi que le bilan des \u00e9quipes d\u2019action th\u00e9matiques et les moyens de d\u00e9velopper ses missions pour ensuite pr\u00e9senter les conclusions de ces r\u00e9unions devant l\u2019Assembl\u00e9e g\u00e9n\u00e9rale de l\u2019Institut.<\/p>\n","protected":false},"excerpt":{"rendered":"<p>dpress Le M\u00e9diateur du Royaume, Hassan Tariq, a pr\u00e9sid\u00e9, mardi \u00e0 Rabat, l\u2019ouverture de la r\u00e9union du Conseil d\u2019administration de l\u2019Institut international de l\u2019Ombudsman (IIO), qui se tient dans le cadre des r\u00e9unions des instances d\u00e9cisionnelles et th\u00e9matiques de l\u2019Institut, tenues \u00e0 l\u2019Institution du M\u00e9diateur du 12 au 14 mai, en pr\u00e9sence de Mme Nashieli &hellip;<\/p>\n","protected":false},"author":2,"featured_media":14608,"comment_status":"open","ping_status":"open","sticky":false,"template":"","format":"standard","meta":{"footnotes":""},"categories":[40],"tags":[],"class_list":["post-14607","post","type-post","status-publish","format-standard","has-post-thumbnail","hentry","category-societe-et-regions"],"yoast_head":"<!-- This site is optimized with the Yoast SEO plugin v27.5 - https:\/\/yoast.com\/product\/yoast-seo-wordpress\/ -->\n<title>Le M\u00e9diateur du Royaume pr\u00e9side \u00e0 Rabat l\u2019ouverture de la r\u00e9union du Conseil d\u2019administration de l\u2019Institut international de l\u2019Ombudsman - Dpress.ma\/fr<\/title>\n<meta name=\"robots\" content=\"index, follow, max-snippet:-1, max-image-preview:large, max-video-preview:-1\" \/>\n<link rel=\"canonical\" href=\"https:\/\/dpress.ma\/fr\/2025\/05\/15\/le-mediateur-du-royaume-preside-a-rabat-louverture-de-la-reunion-du-conseil-dadministration-de-linstitut-international-de-lombudsman\/\" \/>\n<meta property=\"og:locale\" content=\"fr_FR\" \/>\n<meta property=\"og:type\" content=\"article\" \/>\n<meta property=\"og:title\" content=\"Le M\u00e9diateur du Royaume pr\u00e9side \u00e0 Rabat l\u2019ouverture de la r\u00e9union du Conseil d\u2019administration de l\u2019Institut international de l\u2019Ombudsman - Dpress.ma\/fr\" \/>\n<meta property=\"og:description\" content=\"dpress Le M\u00e9diateur du Royaume, Hassan Tariq, a pr\u00e9sid\u00e9, mardi \u00e0 Rabat, l\u2019ouverture de la r\u00e9union du Conseil d\u2019administration de l\u2019Institut international de l\u2019Ombudsman (IIO), qui se tient dans le cadre des r\u00e9unions des instances d\u00e9cisionnelles et th\u00e9matiques de l\u2019Institut, tenues \u00e0 l\u2019Institution du M\u00e9diateur du 12 au 14 mai, en pr\u00e9sence de Mme Nashieli &hellip;\" \/>\n<meta property=\"og:url\" content=\"https:\/\/dpress.ma\/fr\/2025\/05\/15\/le-mediateur-du-royaume-preside-a-rabat-louverture-de-la-reunion-du-conseil-dadministration-de-linstitut-international-de-lombudsman\/\" \/>\n<meta property=\"og:site_name\" content=\"Dpress.ma\/fr\" \/>\n<meta property=\"article:published_time\" content=\"2025-05-15T09:40:10+00:00\" \/>\n<meta property=\"article:modified_time\" content=\"2025-05-15T09:40:11+00:00\" \/>\n<meta property=\"og:image\" content=\"https:\/\/dpress.ma\/fr\/wp-content\/uploads\/sites\/2\/2025\/05\/dimensions2-101.jpg\" \/>\n\t<meta property=\"og:image:width\" content=\"2539\" \/>\n\t<meta property=\"og:image:height\" content=\"1594\" \/>\n\t<meta property=\"og:image:type\" content=\"image\/jpeg\" \/>\n<meta name=\"author\" content=\"Dpress.ma\" \/>\n<meta name=\"twitter:card\" content=\"summary_large_image\" \/>\n<meta name=\"twitter:label1\" content=\"\u00c9crit par\" \/>\n\t<meta name=\"twitter:data1\" content=\"Dpress.ma\" \/>\n\t<meta name=\"twitter:label2\" content=\"Dur\u00e9e de lecture estim\u00e9e\" \/>\n\t<meta name=\"twitter:data2\" content=\"4 minutes\" \/>\n<script type=\"application\/ld+json\" class=\"yoast-schema-graph\">{\"@context\":\"https:\\\/\\\/schema.org\",\"@graph\":[{\"@type\":\"Article\",\"@id\":\"https:\\\/\\\/dpress.ma\\\/fr\\\/2025\\\/05\\\/15\\\/le-mediateur-du-royaume-preside-a-rabat-louverture-de-la-reunion-du-conseil-dadministration-de-linstitut-international-de-lombudsman\\\/#article\",\"isPartOf\":{\"@id\":\"https:\\\/\\\/dpress.ma\\\/fr\\\/2025\\\/05\\\/15\\\/le-mediateur-du-royaume-preside-a-rabat-louverture-de-la-reunion-du-conseil-dadministration-de-linstitut-international-de-lombudsman\\\/\"},\"author\":{\"name\":\"Dpress.ma\",\"@id\":\"https:\\\/\\\/dpress.ma\\\/fr\\\/#\\\/schema\\\/person\\\/4898febf3ccd59e6578d838656a306a0\"},\"headline\":\"Le M\u00e9diateur du Royaume pr\u00e9side \u00e0 Rabat l\u2019ouverture de la r\u00e9union du Conseil d\u2019administration de l\u2019Institut international de l\u2019Ombudsman\",\"datePublished\":\"2025-05-15T09:40:10+00:00\",\"dateModified\":\"2025-05-15T09:40:11+00:00\",\"mainEntityOfPage\":{\"@id\":\"https:\\\/\\\/dpress.ma\\\/fr\\\/2025\\\/05\\\/15\\\/le-mediateur-du-royaume-preside-a-rabat-louverture-de-la-reunion-du-conseil-dadministration-de-linstitut-international-de-lombudsman\\\/\"},\"wordCount\":773,\"commentCount\":0,\"image\":{\"@id\":\"https:\\\/\\\/dpress.ma\\\/fr\\\/2025\\\/05\\\/15\\\/le-mediateur-du-royaume-preside-a-rabat-louverture-de-la-reunion-du-conseil-dadministration-de-linstitut-international-de-lombudsman\\\/#primaryimage\"},\"thumbnailUrl\":\"https:\\\/\\\/dpress.ma\\\/fr\\\/wp-content\\\/uploads\\\/sites\\\/2\\\/2025\\\/05\\\/dimensions2-101.jpg\",\"articleSection\":[\"societe et regions\"],\"inLanguage\":\"fr-FR\",\"potentialAction\":[{\"@type\":\"CommentAction\",\"name\":\"Comment\",\"target\":[\"https:\\\/\\\/dpress.ma\\\/fr\\\/2025\\\/05\\\/15\\\/le-mediateur-du-royaume-preside-a-rabat-louverture-de-la-reunion-du-conseil-dadministration-de-linstitut-international-de-lombudsman\\\/#respond\"]}]},{\"@type\":\"WebPage\",\"@id\":\"https:\\\/\\\/dpress.ma\\\/fr\\\/2025\\\/05\\\/15\\\/le-mediateur-du-royaume-preside-a-rabat-louverture-de-la-reunion-du-conseil-dadministration-de-linstitut-international-de-lombudsman\\\/\",\"url\":\"https:\\\/\\\/dpress.ma\\\/fr\\\/2025\\\/05\\\/15\\\/le-mediateur-du-royaume-preside-a-rabat-louverture-de-la-reunion-du-conseil-dadministration-de-linstitut-international-de-lombudsman\\\/\",\"name\":\"Le M\u00e9diateur du Royaume pr\u00e9side \u00e0 Rabat l\u2019ouverture de la r\u00e9union du Conseil d\u2019administration de l\u2019Institut international de l\u2019Ombudsman - Dpress.ma\\\/fr\",\"isPartOf\":{\"@id\":\"https:\\\/\\\/dpress.ma\\\/fr\\\/#website\"},\"primaryImageOfPage\":{\"@id\":\"https:\\\/\\\/dpress.ma\\\/fr\\\/2025\\\/05\\\/15\\\/le-mediateur-du-royaume-preside-a-rabat-louverture-de-la-reunion-du-conseil-dadministration-de-linstitut-international-de-lombudsman\\\/#primaryimage\"},\"image\":{\"@id\":\"https:\\\/\\\/dpress.ma\\\/fr\\\/2025\\\/05\\\/15\\\/le-mediateur-du-royaume-preside-a-rabat-louverture-de-la-reunion-du-conseil-dadministration-de-linstitut-international-de-lombudsman\\\/#primaryimage\"},\"thumbnailUrl\":\"https:\\\/\\\/dpress.ma\\\/fr\\\/wp-content\\\/uploads\\\/sites\\\/2\\\/2025\\\/05\\\/dimensions2-101.jpg\",\"datePublished\":\"2025-05-15T09:40:10+00:00\",\"dateModified\":\"2025-05-15T09:40:11+00:00\",\"author\":{\"@id\":\"https:\\\/\\\/dpress.ma\\\/fr\\\/#\\\/schema\\\/person\\\/4898febf3ccd59e6578d838656a306a0\"},\"breadcrumb\":{\"@id\":\"https:\\\/\\\/dpress.ma\\\/fr\\\/2025\\\/05\\\/15\\\/le-mediateur-du-royaume-preside-a-rabat-louverture-de-la-reunion-du-conseil-dadministration-de-linstitut-international-de-lombudsman\\\/#breadcrumb\"},\"inLanguage\":\"fr-FR\",\"potentialAction\":[{\"@type\":\"ReadAction\",\"target\":[\"https:\\\/\\\/dpress.ma\\\/fr\\\/2025\\\/05\\\/15\\\/le-mediateur-du-royaume-preside-a-rabat-louverture-de-la-reunion-du-conseil-dadministration-de-linstitut-international-de-lombudsman\\\/\"]}]},{\"@type\":\"ImageObject\",\"inLanguage\":\"fr-FR\",\"@id\":\"https:\\\/\\\/dpress.ma\\\/fr\\\/2025\\\/05\\\/15\\\/le-mediateur-du-royaume-preside-a-rabat-louverture-de-la-reunion-du-conseil-dadministration-de-linstitut-international-de-lombudsman\\\/#primaryimage\",\"url\":\"https:\\\/\\\/dpress.ma\\\/fr\\\/wp-content\\\/uploads\\\/sites\\\/2\\\/2025\\\/05\\\/dimensions2-101.jpg\",\"contentUrl\":\"https:\\\/\\\/dpress.ma\\\/fr\\\/wp-content\\\/uploads\\\/sites\\\/2\\\/2025\\\/05\\\/dimensions2-101.jpg\",\"width\":2539,\"height\":1594},{\"@type\":\"BreadcrumbList\",\"@id\":\"https:\\\/\\\/dpress.ma\\\/fr\\\/2025\\\/05\\\/15\\\/le-mediateur-du-royaume-preside-a-rabat-louverture-de-la-reunion-du-conseil-dadministration-de-linstitut-international-de-lombudsman\\\/#breadcrumb\",\"itemListElement\":[{\"@type\":\"ListItem\",\"position\":1,\"name\":\"Home\",\"item\":\"https:\\\/\\\/dpress.ma\\\/fr\\\/\"},{\"@type\":\"ListItem\",\"position\":2,\"name\":\"Le M\u00e9diateur du Royaume pr\u00e9side \u00e0 Rabat l\u2019ouverture de la r\u00e9union du Conseil d\u2019administration de l\u2019Institut international de l\u2019Ombudsman\"}]},{\"@type\":\"WebSite\",\"@id\":\"https:\\\/\\\/dpress.ma\\\/fr\\\/#website\",\"url\":\"https:\\\/\\\/dpress.ma\\\/fr\\\/\",\"name\":\"Dpress.ma\\\/fr\",\"description\":\"\",\"potentialAction\":[{\"@type\":\"SearchAction\",\"target\":{\"@type\":\"EntryPoint\",\"urlTemplate\":\"https:\\\/\\\/dpress.ma\\\/fr\\\/?s={search_term_string}\"},\"query-input\":{\"@type\":\"PropertyValueSpecification\",\"valueRequired\":true,\"valueName\":\"search_term_string\"}}],\"inLanguage\":\"fr-FR\"},{\"@type\":\"Person\",\"@id\":\"https:\\\/\\\/dpress.ma\\\/fr\\\/#\\\/schema\\\/person\\\/4898febf3ccd59e6578d838656a306a0\",\"name\":\"Dpress.ma\",\"image\":{\"@type\":\"ImageObject\",\"inLanguage\":\"fr-FR\",\"@id\":\"https:\\\/\\\/secure.gravatar.com\\\/avatar\\\/72ecc30e9db047a2e0e7176561eb9d564ed77c8108376495b19bd8336405198a?s=96&d=mm&r=g\",\"url\":\"https:\\\/\\\/secure.gravatar.com\\\/avatar\\\/72ecc30e9db047a2e0e7176561eb9d564ed77c8108376495b19bd8336405198a?s=96&d=mm&r=g\",\"contentUrl\":\"https:\\\/\\\/secure.gravatar.com\\\/avatar\\\/72ecc30e9db047a2e0e7176561eb9d564ed77c8108376495b19bd8336405198a?s=96&d=mm&r=g\",\"caption\":\"Dpress.ma\"},\"sameAs\":[\"https:\\\/\\\/www.dpress.ma\"],\"url\":\"https:\\\/\\\/dpress.ma\\\/fr\\\/author\\\/dpress-ma\\\/\"}]}<\/script>\n<!-- \/ Yoast SEO plugin. -->","yoast_head_json":{"title":"Le M\u00e9diateur du Royaume pr\u00e9side \u00e0 Rabat l\u2019ouverture de la r\u00e9union du Conseil d\u2019administration de l\u2019Institut international de l\u2019Ombudsman - Dpress.ma\/fr","robots":{"index":"index","follow":"follow","max-snippet":"max-snippet:-1","max-image-preview":"max-image-preview:large","max-video-preview":"max-video-preview:-1"},"canonical":"https:\/\/dpress.ma\/fr\/2025\/05\/15\/le-mediateur-du-royaume-preside-a-rabat-louverture-de-la-reunion-du-conseil-dadministration-de-linstitut-international-de-lombudsman\/","og_locale":"fr_FR","og_type":"article","og_title":"Le M\u00e9diateur du Royaume pr\u00e9side \u00e0 Rabat l\u2019ouverture de la r\u00e9union du Conseil d\u2019administration de l\u2019Institut international de l\u2019Ombudsman - Dpress.ma\/fr","og_description":"dpress Le M\u00e9diateur du Royaume, Hassan Tariq, a pr\u00e9sid\u00e9, mardi \u00e0 Rabat, l\u2019ouverture de la r\u00e9union du Conseil d\u2019administration de l\u2019Institut international de l\u2019Ombudsman (IIO), qui se tient dans le cadre des r\u00e9unions des instances d\u00e9cisionnelles et th\u00e9matiques de l\u2019Institut, tenues \u00e0 l\u2019Institution du M\u00e9diateur du 12 au 14 mai, en pr\u00e9sence de Mme Nashieli &hellip;","og_url":"https:\/\/dpress.ma\/fr\/2025\/05\/15\/le-mediateur-du-royaume-preside-a-rabat-louverture-de-la-reunion-du-conseil-dadministration-de-linstitut-international-de-lombudsman\/","og_site_name":"Dpress.ma\/fr","article_published_time":"2025-05-15T09:40:10+00:00","article_modified_time":"2025-05-15T09:40:11+00:00","og_image":[{"width":2539,"height":1594,"url":"https:\/\/dpress.ma\/fr\/wp-content\/uploads\/sites\/2\/2025\/05\/dimensions2-101.jpg","type":"image\/jpeg"}],"author":"Dpress.ma","twitter_card":"summary_large_image","twitter_misc":{"\u00c9crit par":"Dpress.ma","Dur\u00e9e de lecture estim\u00e9e":"4 minutes"},"schema":{"@context":"https:\/\/schema.org","@graph":[{"@type":"Article","@id":"https:\/\/dpress.ma\/fr\/2025\/05\/15\/le-mediateur-du-royaume-preside-a-rabat-louverture-de-la-reunion-du-conseil-dadministration-de-linstitut-international-de-lombudsman\/#article","isPartOf":{"@id":"https:\/\/dpress.ma\/fr\/2025\/05\/15\/le-mediateur-du-royaume-preside-a-rabat-louverture-de-la-reunion-du-conseil-dadministration-de-linstitut-international-de-lombudsman\/"},"author":{"name":"Dpress.ma","@id":"https:\/\/dpress.ma\/fr\/#\/schema\/person\/4898febf3ccd59e6578d838656a306a0"},"headline":"Le M\u00e9diateur du Royaume pr\u00e9side \u00e0 Rabat l\u2019ouverture de la r\u00e9union du Conseil d\u2019administration de l\u2019Institut international de l\u2019Ombudsman","datePublished":"2025-05-15T09:40:10+00:00","dateModified":"2025-05-15T09:40:11+00:00","mainEntityOfPage":{"@id":"https:\/\/dpress.ma\/fr\/2025\/05\/15\/le-mediateur-du-royaume-preside-a-rabat-louverture-de-la-reunion-du-conseil-dadministration-de-linstitut-international-de-lombudsman\/"},"wordCount":773,"commentCount":0,"image":{"@id":"https:\/\/dpress.ma\/fr\/2025\/05\/15\/le-mediateur-du-royaume-preside-a-rabat-louverture-de-la-reunion-du-conseil-dadministration-de-linstitut-international-de-lombudsman\/#primaryimage"},"thumbnailUrl":"https:\/\/dpress.ma\/fr\/wp-content\/uploads\/sites\/2\/2025\/05\/dimensions2-101.jpg","articleSection":["societe et regions"],"inLanguage":"fr-FR","potentialAction":[{"@type":"CommentAction","name":"Comment","target":["https:\/\/dpress.ma\/fr\/2025\/05\/15\/le-mediateur-du-royaume-preside-a-rabat-louverture-de-la-reunion-du-conseil-dadministration-de-linstitut-international-de-lombudsman\/#respond"]}]},{"@type":"WebPage","@id":"https:\/\/dpress.ma\/fr\/2025\/05\/15\/le-mediateur-du-royaume-preside-a-rabat-louverture-de-la-reunion-du-conseil-dadministration-de-linstitut-international-de-lombudsman\/","url":"https:\/\/dpress.ma\/fr\/2025\/05\/15\/le-mediateur-du-royaume-preside-a-rabat-louverture-de-la-reunion-du-conseil-dadministration-de-linstitut-international-de-lombudsman\/","name":"Le M\u00e9diateur du Royaume pr\u00e9side \u00e0 Rabat l\u2019ouverture de la r\u00e9union du Conseil d\u2019administration de l\u2019Institut international de l\u2019Ombudsman - Dpress.ma\/fr","isPartOf":{"@id":"https:\/\/dpress.ma\/fr\/#website"},"primaryImageOfPage":{"@id":"https:\/\/dpress.ma\/fr\/2025\/05\/15\/le-mediateur-du-royaume-preside-a-rabat-louverture-de-la-reunion-du-conseil-dadministration-de-linstitut-international-de-lombudsman\/#primaryimage"},"image":{"@id":"https:\/\/dpress.ma\/fr\/2025\/05\/15\/le-mediateur-du-royaume-preside-a-rabat-louverture-de-la-reunion-du-conseil-dadministration-de-linstitut-international-de-lombudsman\/#primaryimage"},"thumbnailUrl":"https:\/\/dpress.ma\/fr\/wp-content\/uploads\/sites\/2\/2025\/05\/dimensions2-101.jpg","datePublished":"2025-05-15T09:40:10+00:00","dateModified":"2025-05-15T09:40:11+00:00","author":{"@id":"https:\/\/dpress.ma\/fr\/#\/schema\/person\/4898febf3ccd59e6578d838656a306a0"},"breadcrumb":{"@id":"https:\/\/dpress.ma\/fr\/2025\/05\/15\/le-mediateur-du-royaume-preside-a-rabat-louverture-de-la-reunion-du-conseil-dadministration-de-linstitut-international-de-lombudsman\/#breadcrumb"},"inLanguage":"fr-FR","potentialAction":[{"@type":"ReadAction","target":["https:\/\/dpress.ma\/fr\/2025\/05\/15\/le-mediateur-du-royaume-preside-a-rabat-louverture-de-la-reunion-du-conseil-dadministration-de-linstitut-international-de-lombudsman\/"]}]},{"@type":"ImageObject","inLanguage":"fr-FR","@id":"https:\/\/dpress.ma\/fr\/2025\/05\/15\/le-mediateur-du-royaume-preside-a-rabat-louverture-de-la-reunion-du-conseil-dadministration-de-linstitut-international-de-lombudsman\/#primaryimage","url":"https:\/\/dpress.ma\/fr\/wp-content\/uploads\/sites\/2\/2025\/05\/dimensions2-101.jpg","contentUrl":"https:\/\/dpress.ma\/fr\/wp-content\/uploads\/sites\/2\/2025\/05\/dimensions2-101.jpg","width":2539,"height":1594},{"@type":"BreadcrumbList","@id":"https:\/\/dpress.ma\/fr\/2025\/05\/15\/le-mediateur-du-royaume-preside-a-rabat-louverture-de-la-reunion-du-conseil-dadministration-de-linstitut-international-de-lombudsman\/#breadcrumb","itemListElement":[{"@type":"ListItem","position":1,"name":"Home","item":"https:\/\/dpress.ma\/fr\/"},{"@type":"ListItem","position":2,"name":"Le M\u00e9diateur du Royaume pr\u00e9side \u00e0 Rabat l\u2019ouverture de la r\u00e9union du Conseil d\u2019administration de l\u2019Institut international de l\u2019Ombudsman"}]},{"@type":"WebSite","@id":"https:\/\/dpress.ma\/fr\/#website","url":"https:\/\/dpress.ma\/fr\/","name":"Dpress.ma\/fr","description":"","potentialAction":[{"@type":"SearchAction","target":{"@type":"EntryPoint","urlTemplate":"https:\/\/dpress.ma\/fr\/?s={search_term_string}"},"query-input":{"@type":"PropertyValueSpecification","valueRequired":true,"valueName":"search_term_string"}}],"inLanguage":"fr-FR"},{"@type":"Person","@id":"https:\/\/dpress.ma\/fr\/#\/schema\/person\/4898febf3ccd59e6578d838656a306a0","name":"Dpress.ma","image":{"@type":"ImageObject","inLanguage":"fr-FR","@id":"https:\/\/secure.gravatar.com\/avatar\/72ecc30e9db047a2e0e7176561eb9d564ed77c8108376495b19bd8336405198a?s=96&d=mm&r=g","url":"https:\/\/secure.gravatar.com\/avatar\/72ecc30e9db047a2e0e7176561eb9d564ed77c8108376495b19bd8336405198a?s=96&d=mm&r=g","contentUrl":"https:\/\/secure.gravatar.com\/avatar\/72ecc30e9db047a2e0e7176561eb9d564ed77c8108376495b19bd8336405198a?s=96&d=mm&r=g","caption":"Dpress.ma"},"sameAs":["https:\/\/www.dpress.ma"],"url":"https:\/\/dpress.ma\/fr\/author\/dpress-ma\/"}]}},"amp_enabled":true,"_links":{"self":[{"href":"https:\/\/dpress.ma\/fr\/wp-json\/wp\/v2\/posts\/14607","targetHints":{"allow":["GET"]}}],"collection":[{"href":"https:\/\/dpress.ma\/fr\/wp-json\/wp\/v2\/posts"}],"about":[{"href":"https:\/\/dpress.ma\/fr\/wp-json\/wp\/v2\/types\/post"}],"author":[{"embeddable":true,"href":"https:\/\/dpress.ma\/fr\/wp-json\/wp\/v2\/users\/2"}],"replies":[{"embeddable":true,"href":"https:\/\/dpress.ma\/fr\/wp-json\/wp\/v2\/comments?post=14607"}],"version-history":[{"count":1,"href":"https:\/\/dpress.ma\/fr\/wp-json\/wp\/v2\/posts\/14607\/revisions"}],"predecessor-version":[{"id":14609,"href":"https:\/\/dpress.ma\/fr\/wp-json\/wp\/v2\/posts\/14607\/revisions\/14609"}],"wp:featuredmedia":[{"embeddable":true,"href":"https:\/\/dpress.ma\/fr\/wp-json\/wp\/v2\/media\/14608"}],"wp:attachment":[{"href":"https:\/\/dpress.ma\/fr\/wp-json\/wp\/v2\/media?parent=14607"}],"wp:term":[{"taxonomy":"category","embeddable":true,"href":"https:\/\/dpress.ma\/fr\/wp-json\/wp\/v2\/categories?post=14607"},{"taxonomy":"post_tag","embeddable":true,"href":"https:\/\/dpress.ma\/fr\/wp-json\/wp\/v2\/tags?post=14607"}],"curies":[{"name":"wp","href":"https:\/\/api.w.org\/{rel}","templated":true}]}}