{"id":14601,"date":"2025-05-15T08:47:26","date_gmt":"2025-05-15T08:47:26","guid":{"rendered":"https:\/\/dpress.ma\/fr\/?p=14601"},"modified":"2025-05-15T08:47:27","modified_gmt":"2025-05-15T08:47:27","slug":"signature-dun-memorandum-dentente-pour-la-promotion-des-droits-des-personnes-agees","status":"publish","type":"post","link":"https:\/\/dpress.ma\/fr\/2025\/05\/15\/signature-dun-memorandum-dentente-pour-la-promotion-des-droits-des-personnes-agees\/","title":{"rendered":"Signature d\u2019un m\u00e9morandum d\u2019entente pour la promotion des droits des personnes \u00e2g\u00e9es"},"content":{"rendered":"\n<p>dpress<\/p>\n\n\n\n<p>Un m\u00e9morandum d\u2019entente tripartite portant sur la promotion des droits des personnes \u00e2g\u00e9es dans la r\u00e9gion Casablanca-Settat, a \u00e9t\u00e9 sign\u00e9 mercredi \u00e0 Casablanca, entre le Secr\u00e9tariat d\u2019\u00c9tat charg\u00e9 de l\u2019Insertion sociale, la Wilaya de la r\u00e9gion et le Conseil de la r\u00e9gion.<\/p>\n\n\n\n<p>La c\u00e9r\u00e9monie de signature s\u2019est tenue dans le cadre des rencontres r\u00e9gionales sur les droits des personnes \u00e2g\u00e9es, organis\u00e9es sous le th\u00e8me \u201cPour une vision innovante et inclusive des personnes \u00e2g\u00e9es : renforcer la protection, soutenir la participation et ancrer les valeurs\u201d.<\/p>\n\n\n\n<p>Ce m\u00e9morandum vise \u00e0 renforcer la coop\u00e9ration institutionnelle en faveur de l\u2019am\u00e9lioration des services d\u00e9di\u00e9s aux personnes \u00e2g\u00e9es, en prenant en compte les sp\u00e9cificit\u00e9s territoriales et l\u2019urgence li\u00e9e aux mutations d\u00e9mographiques que conna\u00eet le pays.<\/p>\n\n\n\n<p>S\u2019exprimant \u00e0 cette occasion, le secr\u00e9taire d\u2019\u00c9tat aupr\u00e8s de la ministre de la Solidarit\u00e9, de l\u2019Insertion sociale et de la Famille, charg\u00e9 de l\u2019Insertion sociale, Abdeljabbar Rachidi, a soulign\u00e9 l\u2019importance de ces rencontres r\u00e9gionales dans l\u2019\u00e9laboration de politiques sociales int\u00e9gr\u00e9es et durables.<\/p>\n\n\n\n<p>\u201cLe Maroc conna\u00eet un changement d\u00e9mographique majeur, avec une augmentation rapide du nombre de personnes \u00e2g\u00e9es\u201d, a-t-il relev\u00e9, pr\u00e9cisant qu\u2019en 2024, cette cat\u00e9gorie a atteint 5 millions de personnes, un chiffre qui devrait avoisiner les 10 millions \u00e0 l\u2019horizon 2050.<\/p>\n\n\n\n<p>Ces rencontres r\u00e9gionales, a poursuivi le ministre, visent \u00e0 dresser un \u00e9tat des lieux des besoins sp\u00e9cifiques des personnes \u00e2g\u00e9es, analyser les disparit\u00e9s territoriales et proposer des solutions adapt\u00e9es.<\/p>\n\n\n\n<p>Et de soutenir : \u201cLe processus de co-construction avec les acteurs locaux est primordial pour \u00e9laborer des politiques publiques plus efficaces, qui r\u00e9pondent aux enjeux locaux tout en \u00e9tant en phase avec les objectifs nationaux\u201d.<\/p>\n\n\n\n<p>De son c\u00f4t\u00e9, le pr\u00e9sident du Conseil de la r\u00e9gion Casablanca-Settat, Abdellatif Ma\u00e2zouz, a indiqu\u00e9 que ces rencontres offrent une opportunit\u00e9 unique pour ancrer la territorialisation des politiques sociales.<\/p>\n\n\n\n<p>\u201cCasablanca-Settat conna\u00eet une croissance notable de sa population \u00e2g\u00e9e, ce qui engendre de v\u00e9ritables d\u00e9fis pour les services publics et les infrastructures locales\u201d, a fait savoir M. Ma\u00e2zouz, soulignant la n\u00e9cessit\u00e9 d\u2019une implication forte des r\u00e9gions dans la r\u00e9ponse aux besoins de cette frange de la population, en coordination avec l\u2019\u00c9tat et la soci\u00e9t\u00e9 civile.<\/p>\n\n\n\n<p>Il a insist\u00e9 sur l\u2019urgence de mettre en \u0153uvre des politiques de proximit\u00e9, de renforcer la solidarit\u00e9 interg\u00e9n\u00e9rationnelle et la synergie entre les diff\u00e9rents acteurs du territoire pour garantir une vie digne aux a\u00een\u00e9s.<\/p>\n\n\n\n<p>Cela implique, selon lui, la mise en place de programmes et de services sociaux, culturels et r\u00e9cr\u00e9atifs \u00e0 leur intention, le renforcement des infrastructures sociales, l\u2019organisation de campagnes de sensibilisation, ainsi que la valorisation des savoirs et exp\u00e9riences accumul\u00e9s par cette cat\u00e9gorie de citoyens, en vue de leur transmission aux g\u00e9n\u00e9rations montantes.<\/p>\n\n\n\n<p>R\u00e9unissant des responsables publics, parlementaires, universitaires, acteurs de la soci\u00e9t\u00e9 civile, experts et institutions \u0153uvrant dans le domaine de la famille et du handicap, cette rencontre a \u00e9t\u00e9 l\u2019occasion d\u2019aborder les principaux enjeux li\u00e9s au vieillissement, notamment les mutations d\u00e9mographiques et leurs implications territoriales, les besoins en mati\u00e8re de sant\u00e9, de services sociaux et de protection, la valorisation du capital humain \u00e2g\u00e9, ainsi que le renforcement des liens sociaux et des valeurs citoyennes.<\/p>\n\n\n\n<p>Ces rencontres r\u00e9gionales s\u2019inscrivent dans le cadre de la mise en \u0153uvre des Hautes Orientations Royales sur l\u2019activation de politiques publiques d\u00e9di\u00e9es aux personnes \u00e2g\u00e9es, du programme gouvernemental 2021-2026, du nouveau mod\u00e8le de d\u00e9veloppement, ainsi que des engagements internationaux du Maroc en la mati\u00e8re.<\/p>\n","protected":false},"excerpt":{"rendered":"<p>dpress Un m\u00e9morandum d\u2019entente tripartite portant sur la promotion des droits des personnes \u00e2g\u00e9es dans la r\u00e9gion Casablanca-Settat, a \u00e9t\u00e9 sign\u00e9 mercredi \u00e0 Casablanca, entre le Secr\u00e9tariat d\u2019\u00c9tat charg\u00e9 de l\u2019Insertion sociale, la Wilaya de la r\u00e9gion et le Conseil de la r\u00e9gion. La c\u00e9r\u00e9monie de signature s\u2019est tenue dans le cadre des rencontres r\u00e9gionales &hellip;<\/p>\n","protected":false},"author":2,"featured_media":14602,"comment_status":"open","ping_status":"open","sticky":false,"template":"","format":"standard","meta":{"footnotes":""},"categories":[40],"tags":[],"class_list":["post-14601","post","type-post","status-publish","format-standard","has-post-thumbnail","hentry","category-societe-et-regions"],"yoast_head":"<!-- This site is optimized with the Yoast SEO plugin v27.5 - https:\/\/yoast.com\/product\/yoast-seo-wordpress\/ -->\n<title>Signature d\u2019un m\u00e9morandum d\u2019entente pour la promotion des droits des personnes \u00e2g\u00e9es - Dpress.ma\/fr<\/title>\n<meta name=\"robots\" content=\"index, follow, max-snippet:-1, max-image-preview:large, max-video-preview:-1\" \/>\n<link rel=\"canonical\" href=\"https:\/\/dpress.ma\/fr\/2025\/05\/15\/signature-dun-memorandum-dentente-pour-la-promotion-des-droits-des-personnes-agees\/\" \/>\n<meta property=\"og:locale\" content=\"fr_FR\" \/>\n<meta property=\"og:type\" content=\"article\" \/>\n<meta property=\"og:title\" content=\"Signature d\u2019un m\u00e9morandum d\u2019entente pour la promotion des droits des personnes \u00e2g\u00e9es - Dpress.ma\/fr\" \/>\n<meta property=\"og:description\" content=\"dpress Un m\u00e9morandum d\u2019entente tripartite portant sur la promotion des droits des personnes \u00e2g\u00e9es dans la r\u00e9gion Casablanca-Settat, a \u00e9t\u00e9 sign\u00e9 mercredi \u00e0 Casablanca, entre le Secr\u00e9tariat d\u2019\u00c9tat charg\u00e9 de l\u2019Insertion sociale, la Wilaya de la r\u00e9gion et le Conseil de la r\u00e9gion. La c\u00e9r\u00e9monie de signature s\u2019est tenue dans le cadre des rencontres r\u00e9gionales &hellip;\" \/>\n<meta property=\"og:url\" content=\"https:\/\/dpress.ma\/fr\/2025\/05\/15\/signature-dun-memorandum-dentente-pour-la-promotion-des-droits-des-personnes-agees\/\" \/>\n<meta property=\"og:site_name\" content=\"Dpress.ma\/fr\" \/>\n<meta property=\"article:published_time\" content=\"2025-05-15T08:47:26+00:00\" \/>\n<meta property=\"article:modified_time\" content=\"2025-05-15T08:47:27+00:00\" \/>\n<meta property=\"og:image\" content=\"https:\/\/dpress.ma\/fr\/wp-content\/uploads\/sites\/2\/2025\/05\/dimensions2-99.jpg\" \/>\n\t<meta property=\"og:image:width\" content=\"2539\" \/>\n\t<meta property=\"og:image:height\" content=\"1594\" \/>\n\t<meta property=\"og:image:type\" content=\"image\/jpeg\" \/>\n<meta name=\"author\" content=\"Dpress.ma\" \/>\n<meta name=\"twitter:card\" content=\"summary_large_image\" \/>\n<meta name=\"twitter:label1\" content=\"\u00c9crit par\" \/>\n\t<meta name=\"twitter:data1\" content=\"Dpress.ma\" \/>\n\t<meta name=\"twitter:label2\" content=\"Dur\u00e9e de lecture estim\u00e9e\" \/>\n\t<meta name=\"twitter:data2\" content=\"4 minutes\" \/>\n<script type=\"application\/ld+json\" class=\"yoast-schema-graph\">{\"@context\":\"https:\\\/\\\/schema.org\",\"@graph\":[{\"@type\":\"Article\",\"@id\":\"https:\\\/\\\/dpress.ma\\\/fr\\\/2025\\\/05\\\/15\\\/signature-dun-memorandum-dentente-pour-la-promotion-des-droits-des-personnes-agees\\\/#article\",\"isPartOf\":{\"@id\":\"https:\\\/\\\/dpress.ma\\\/fr\\\/2025\\\/05\\\/15\\\/signature-dun-memorandum-dentente-pour-la-promotion-des-droits-des-personnes-agees\\\/\"},\"author\":{\"name\":\"Dpress.ma\",\"@id\":\"https:\\\/\\\/dpress.ma\\\/fr\\\/#\\\/schema\\\/person\\\/4898febf3ccd59e6578d838656a306a0\"},\"headline\":\"Signature d\u2019un m\u00e9morandum d\u2019entente pour la promotion des droits des personnes \u00e2g\u00e9es\",\"datePublished\":\"2025-05-15T08:47:26+00:00\",\"dateModified\":\"2025-05-15T08:47:27+00:00\",\"mainEntityOfPage\":{\"@id\":\"https:\\\/\\\/dpress.ma\\\/fr\\\/2025\\\/05\\\/15\\\/signature-dun-memorandum-dentente-pour-la-promotion-des-droits-des-personnes-agees\\\/\"},\"wordCount\":656,\"commentCount\":0,\"image\":{\"@id\":\"https:\\\/\\\/dpress.ma\\\/fr\\\/2025\\\/05\\\/15\\\/signature-dun-memorandum-dentente-pour-la-promotion-des-droits-des-personnes-agees\\\/#primaryimage\"},\"thumbnailUrl\":\"https:\\\/\\\/dpress.ma\\\/fr\\\/wp-content\\\/uploads\\\/sites\\\/2\\\/2025\\\/05\\\/dimensions2-99.jpg\",\"articleSection\":[\"societe et regions\"],\"inLanguage\":\"fr-FR\",\"potentialAction\":[{\"@type\":\"CommentAction\",\"name\":\"Comment\",\"target\":[\"https:\\\/\\\/dpress.ma\\\/fr\\\/2025\\\/05\\\/15\\\/signature-dun-memorandum-dentente-pour-la-promotion-des-droits-des-personnes-agees\\\/#respond\"]}]},{\"@type\":\"WebPage\",\"@id\":\"https:\\\/\\\/dpress.ma\\\/fr\\\/2025\\\/05\\\/15\\\/signature-dun-memorandum-dentente-pour-la-promotion-des-droits-des-personnes-agees\\\/\",\"url\":\"https:\\\/\\\/dpress.ma\\\/fr\\\/2025\\\/05\\\/15\\\/signature-dun-memorandum-dentente-pour-la-promotion-des-droits-des-personnes-agees\\\/\",\"name\":\"Signature d\u2019un m\u00e9morandum d\u2019entente pour la promotion des droits des personnes \u00e2g\u00e9es - Dpress.ma\\\/fr\",\"isPartOf\":{\"@id\":\"https:\\\/\\\/dpress.ma\\\/fr\\\/#website\"},\"primaryImageOfPage\":{\"@id\":\"https:\\\/\\\/dpress.ma\\\/fr\\\/2025\\\/05\\\/15\\\/signature-dun-memorandum-dentente-pour-la-promotion-des-droits-des-personnes-agees\\\/#primaryimage\"},\"image\":{\"@id\":\"https:\\\/\\\/dpress.ma\\\/fr\\\/2025\\\/05\\\/15\\\/signature-dun-memorandum-dentente-pour-la-promotion-des-droits-des-personnes-agees\\\/#primaryimage\"},\"thumbnailUrl\":\"https:\\\/\\\/dpress.ma\\\/fr\\\/wp-content\\\/uploads\\\/sites\\\/2\\\/2025\\\/05\\\/dimensions2-99.jpg\",\"datePublished\":\"2025-05-15T08:47:26+00:00\",\"dateModified\":\"2025-05-15T08:47:27+00:00\",\"author\":{\"@id\":\"https:\\\/\\\/dpress.ma\\\/fr\\\/#\\\/schema\\\/person\\\/4898febf3ccd59e6578d838656a306a0\"},\"breadcrumb\":{\"@id\":\"https:\\\/\\\/dpress.ma\\\/fr\\\/2025\\\/05\\\/15\\\/signature-dun-memorandum-dentente-pour-la-promotion-des-droits-des-personnes-agees\\\/#breadcrumb\"},\"inLanguage\":\"fr-FR\",\"potentialAction\":[{\"@type\":\"ReadAction\",\"target\":[\"https:\\\/\\\/dpress.ma\\\/fr\\\/2025\\\/05\\\/15\\\/signature-dun-memorandum-dentente-pour-la-promotion-des-droits-des-personnes-agees\\\/\"]}]},{\"@type\":\"ImageObject\",\"inLanguage\":\"fr-FR\",\"@id\":\"https:\\\/\\\/dpress.ma\\\/fr\\\/2025\\\/05\\\/15\\\/signature-dun-memorandum-dentente-pour-la-promotion-des-droits-des-personnes-agees\\\/#primaryimage\",\"url\":\"https:\\\/\\\/dpress.ma\\\/fr\\\/wp-content\\\/uploads\\\/sites\\\/2\\\/2025\\\/05\\\/dimensions2-99.jpg\",\"contentUrl\":\"https:\\\/\\\/dpress.ma\\\/fr\\\/wp-content\\\/uploads\\\/sites\\\/2\\\/2025\\\/05\\\/dimensions2-99.jpg\",\"width\":2539,\"height\":1594},{\"@type\":\"BreadcrumbList\",\"@id\":\"https:\\\/\\\/dpress.ma\\\/fr\\\/2025\\\/05\\\/15\\\/signature-dun-memorandum-dentente-pour-la-promotion-des-droits-des-personnes-agees\\\/#breadcrumb\",\"itemListElement\":[{\"@type\":\"ListItem\",\"position\":1,\"name\":\"Home\",\"item\":\"https:\\\/\\\/dpress.ma\\\/fr\\\/\"},{\"@type\":\"ListItem\",\"position\":2,\"name\":\"Signature d\u2019un m\u00e9morandum d\u2019entente pour la promotion des droits des personnes \u00e2g\u00e9es\"}]},{\"@type\":\"WebSite\",\"@id\":\"https:\\\/\\\/dpress.ma\\\/fr\\\/#website\",\"url\":\"https:\\\/\\\/dpress.ma\\\/fr\\\/\",\"name\":\"Dpress.ma\\\/fr\",\"description\":\"\",\"potentialAction\":[{\"@type\":\"SearchAction\",\"target\":{\"@type\":\"EntryPoint\",\"urlTemplate\":\"https:\\\/\\\/dpress.ma\\\/fr\\\/?s={search_term_string}\"},\"query-input\":{\"@type\":\"PropertyValueSpecification\",\"valueRequired\":true,\"valueName\":\"search_term_string\"}}],\"inLanguage\":\"fr-FR\"},{\"@type\":\"Person\",\"@id\":\"https:\\\/\\\/dpress.ma\\\/fr\\\/#\\\/schema\\\/person\\\/4898febf3ccd59e6578d838656a306a0\",\"name\":\"Dpress.ma\",\"image\":{\"@type\":\"ImageObject\",\"inLanguage\":\"fr-FR\",\"@id\":\"https:\\\/\\\/secure.gravatar.com\\\/avatar\\\/72ecc30e9db047a2e0e7176561eb9d564ed77c8108376495b19bd8336405198a?s=96&d=mm&r=g\",\"url\":\"https:\\\/\\\/secure.gravatar.com\\\/avatar\\\/72ecc30e9db047a2e0e7176561eb9d564ed77c8108376495b19bd8336405198a?s=96&d=mm&r=g\",\"contentUrl\":\"https:\\\/\\\/secure.gravatar.com\\\/avatar\\\/72ecc30e9db047a2e0e7176561eb9d564ed77c8108376495b19bd8336405198a?s=96&d=mm&r=g\",\"caption\":\"Dpress.ma\"},\"sameAs\":[\"https:\\\/\\\/www.dpress.ma\"],\"url\":\"https:\\\/\\\/dpress.ma\\\/fr\\\/author\\\/dpress-ma\\\/\"}]}<\/script>\n<!-- \/ Yoast SEO plugin. -->","yoast_head_json":{"title":"Signature d\u2019un m\u00e9morandum d\u2019entente pour la promotion des droits des personnes \u00e2g\u00e9es - Dpress.ma\/fr","robots":{"index":"index","follow":"follow","max-snippet":"max-snippet:-1","max-image-preview":"max-image-preview:large","max-video-preview":"max-video-preview:-1"},"canonical":"https:\/\/dpress.ma\/fr\/2025\/05\/15\/signature-dun-memorandum-dentente-pour-la-promotion-des-droits-des-personnes-agees\/","og_locale":"fr_FR","og_type":"article","og_title":"Signature d\u2019un m\u00e9morandum d\u2019entente pour la promotion des droits des personnes \u00e2g\u00e9es - Dpress.ma\/fr","og_description":"dpress Un m\u00e9morandum d\u2019entente tripartite portant sur la promotion des droits des personnes \u00e2g\u00e9es dans la r\u00e9gion Casablanca-Settat, a \u00e9t\u00e9 sign\u00e9 mercredi \u00e0 Casablanca, entre le Secr\u00e9tariat d\u2019\u00c9tat charg\u00e9 de l\u2019Insertion sociale, la Wilaya de la r\u00e9gion et le Conseil de la r\u00e9gion. La c\u00e9r\u00e9monie de signature s\u2019est tenue dans le cadre des rencontres r\u00e9gionales &hellip;","og_url":"https:\/\/dpress.ma\/fr\/2025\/05\/15\/signature-dun-memorandum-dentente-pour-la-promotion-des-droits-des-personnes-agees\/","og_site_name":"Dpress.ma\/fr","article_published_time":"2025-05-15T08:47:26+00:00","article_modified_time":"2025-05-15T08:47:27+00:00","og_image":[{"width":2539,"height":1594,"url":"https:\/\/dpress.ma\/fr\/wp-content\/uploads\/sites\/2\/2025\/05\/dimensions2-99.jpg","type":"image\/jpeg"}],"author":"Dpress.ma","twitter_card":"summary_large_image","twitter_misc":{"\u00c9crit par":"Dpress.ma","Dur\u00e9e de lecture estim\u00e9e":"4 minutes"},"schema":{"@context":"https:\/\/schema.org","@graph":[{"@type":"Article","@id":"https:\/\/dpress.ma\/fr\/2025\/05\/15\/signature-dun-memorandum-dentente-pour-la-promotion-des-droits-des-personnes-agees\/#article","isPartOf":{"@id":"https:\/\/dpress.ma\/fr\/2025\/05\/15\/signature-dun-memorandum-dentente-pour-la-promotion-des-droits-des-personnes-agees\/"},"author":{"name":"Dpress.ma","@id":"https:\/\/dpress.ma\/fr\/#\/schema\/person\/4898febf3ccd59e6578d838656a306a0"},"headline":"Signature d\u2019un m\u00e9morandum d\u2019entente pour la promotion des droits des personnes \u00e2g\u00e9es","datePublished":"2025-05-15T08:47:26+00:00","dateModified":"2025-05-15T08:47:27+00:00","mainEntityOfPage":{"@id":"https:\/\/dpress.ma\/fr\/2025\/05\/15\/signature-dun-memorandum-dentente-pour-la-promotion-des-droits-des-personnes-agees\/"},"wordCount":656,"commentCount":0,"image":{"@id":"https:\/\/dpress.ma\/fr\/2025\/05\/15\/signature-dun-memorandum-dentente-pour-la-promotion-des-droits-des-personnes-agees\/#primaryimage"},"thumbnailUrl":"https:\/\/dpress.ma\/fr\/wp-content\/uploads\/sites\/2\/2025\/05\/dimensions2-99.jpg","articleSection":["societe et regions"],"inLanguage":"fr-FR","potentialAction":[{"@type":"CommentAction","name":"Comment","target":["https:\/\/dpress.ma\/fr\/2025\/05\/15\/signature-dun-memorandum-dentente-pour-la-promotion-des-droits-des-personnes-agees\/#respond"]}]},{"@type":"WebPage","@id":"https:\/\/dpress.ma\/fr\/2025\/05\/15\/signature-dun-memorandum-dentente-pour-la-promotion-des-droits-des-personnes-agees\/","url":"https:\/\/dpress.ma\/fr\/2025\/05\/15\/signature-dun-memorandum-dentente-pour-la-promotion-des-droits-des-personnes-agees\/","name":"Signature d\u2019un m\u00e9morandum d\u2019entente pour la promotion des droits des personnes \u00e2g\u00e9es - Dpress.ma\/fr","isPartOf":{"@id":"https:\/\/dpress.ma\/fr\/#website"},"primaryImageOfPage":{"@id":"https:\/\/dpress.ma\/fr\/2025\/05\/15\/signature-dun-memorandum-dentente-pour-la-promotion-des-droits-des-personnes-agees\/#primaryimage"},"image":{"@id":"https:\/\/dpress.ma\/fr\/2025\/05\/15\/signature-dun-memorandum-dentente-pour-la-promotion-des-droits-des-personnes-agees\/#primaryimage"},"thumbnailUrl":"https:\/\/dpress.ma\/fr\/wp-content\/uploads\/sites\/2\/2025\/05\/dimensions2-99.jpg","datePublished":"2025-05-15T08:47:26+00:00","dateModified":"2025-05-15T08:47:27+00:00","author":{"@id":"https:\/\/dpress.ma\/fr\/#\/schema\/person\/4898febf3ccd59e6578d838656a306a0"},"breadcrumb":{"@id":"https:\/\/dpress.ma\/fr\/2025\/05\/15\/signature-dun-memorandum-dentente-pour-la-promotion-des-droits-des-personnes-agees\/#breadcrumb"},"inLanguage":"fr-FR","potentialAction":[{"@type":"ReadAction","target":["https:\/\/dpress.ma\/fr\/2025\/05\/15\/signature-dun-memorandum-dentente-pour-la-promotion-des-droits-des-personnes-agees\/"]}]},{"@type":"ImageObject","inLanguage":"fr-FR","@id":"https:\/\/dpress.ma\/fr\/2025\/05\/15\/signature-dun-memorandum-dentente-pour-la-promotion-des-droits-des-personnes-agees\/#primaryimage","url":"https:\/\/dpress.ma\/fr\/wp-content\/uploads\/sites\/2\/2025\/05\/dimensions2-99.jpg","contentUrl":"https:\/\/dpress.ma\/fr\/wp-content\/uploads\/sites\/2\/2025\/05\/dimensions2-99.jpg","width":2539,"height":1594},{"@type":"BreadcrumbList","@id":"https:\/\/dpress.ma\/fr\/2025\/05\/15\/signature-dun-memorandum-dentente-pour-la-promotion-des-droits-des-personnes-agees\/#breadcrumb","itemListElement":[{"@type":"ListItem","position":1,"name":"Home","item":"https:\/\/dpress.ma\/fr\/"},{"@type":"ListItem","position":2,"name":"Signature d\u2019un m\u00e9morandum d\u2019entente pour la promotion des droits des personnes \u00e2g\u00e9es"}]},{"@type":"WebSite","@id":"https:\/\/dpress.ma\/fr\/#website","url":"https:\/\/dpress.ma\/fr\/","name":"Dpress.ma\/fr","description":"","potentialAction":[{"@type":"SearchAction","target":{"@type":"EntryPoint","urlTemplate":"https:\/\/dpress.ma\/fr\/?s={search_term_string}"},"query-input":{"@type":"PropertyValueSpecification","valueRequired":true,"valueName":"search_term_string"}}],"inLanguage":"fr-FR"},{"@type":"Person","@id":"https:\/\/dpress.ma\/fr\/#\/schema\/person\/4898febf3ccd59e6578d838656a306a0","name":"Dpress.ma","image":{"@type":"ImageObject","inLanguage":"fr-FR","@id":"https:\/\/secure.gravatar.com\/avatar\/72ecc30e9db047a2e0e7176561eb9d564ed77c8108376495b19bd8336405198a?s=96&d=mm&r=g","url":"https:\/\/secure.gravatar.com\/avatar\/72ecc30e9db047a2e0e7176561eb9d564ed77c8108376495b19bd8336405198a?s=96&d=mm&r=g","contentUrl":"https:\/\/secure.gravatar.com\/avatar\/72ecc30e9db047a2e0e7176561eb9d564ed77c8108376495b19bd8336405198a?s=96&d=mm&r=g","caption":"Dpress.ma"},"sameAs":["https:\/\/www.dpress.ma"],"url":"https:\/\/dpress.ma\/fr\/author\/dpress-ma\/"}]}},"amp_enabled":true,"_links":{"self":[{"href":"https:\/\/dpress.ma\/fr\/wp-json\/wp\/v2\/posts\/14601","targetHints":{"allow":["GET"]}}],"collection":[{"href":"https:\/\/dpress.ma\/fr\/wp-json\/wp\/v2\/posts"}],"about":[{"href":"https:\/\/dpress.ma\/fr\/wp-json\/wp\/v2\/types\/post"}],"author":[{"embeddable":true,"href":"https:\/\/dpress.ma\/fr\/wp-json\/wp\/v2\/users\/2"}],"replies":[{"embeddable":true,"href":"https:\/\/dpress.ma\/fr\/wp-json\/wp\/v2\/comments?post=14601"}],"version-history":[{"count":1,"href":"https:\/\/dpress.ma\/fr\/wp-json\/wp\/v2\/posts\/14601\/revisions"}],"predecessor-version":[{"id":14603,"href":"https:\/\/dpress.ma\/fr\/wp-json\/wp\/v2\/posts\/14601\/revisions\/14603"}],"wp:featuredmedia":[{"embeddable":true,"href":"https:\/\/dpress.ma\/fr\/wp-json\/wp\/v2\/media\/14602"}],"wp:attachment":[{"href":"https:\/\/dpress.ma\/fr\/wp-json\/wp\/v2\/media?parent=14601"}],"wp:term":[{"taxonomy":"category","embeddable":true,"href":"https:\/\/dpress.ma\/fr\/wp-json\/wp\/v2\/categories?post=14601"},{"taxonomy":"post_tag","embeddable":true,"href":"https:\/\/dpress.ma\/fr\/wp-json\/wp\/v2\/tags?post=14601"}],"curies":[{"name":"wp","href":"https:\/\/api.w.org\/{rel}","templated":true}]}}