{"id":14598,"date":"2025-05-15T08:38:54","date_gmt":"2025-05-15T08:38:54","guid":{"rendered":"https:\/\/dpress.ma\/fr\/?p=14598"},"modified":"2025-05-15T09:57:04","modified_gmt":"2025-05-15T09:57:04","slug":"signature-dune-convention-de-partenariat-entre-la-ligue-marocaine-pour-la-protection-de-lenfance-et-le-ministere-de-la-justice","status":"publish","type":"post","link":"https:\/\/dpress.ma\/fr\/2025\/05\/15\/signature-dune-convention-de-partenariat-entre-la-ligue-marocaine-pour-la-protection-de-lenfance-et-le-ministere-de-la-justice\/","title":{"rendered":"Signature d\u2019une convention de partenariat entre la Ligue Marocaine pour la Protection de l\u2019Enfance et le minist\u00e8re de la Justice"},"content":{"rendered":"\n<p>dpress<\/p>\n\n\n\n<p>Son Altesse la Princesse Lalla Zineb a pr\u00e9sid\u00e9, mercredi \u00e0 Rabat, une c\u00e9r\u00e9monie de signature d\u2019une convention de partenariat entre la Ligue Marocaine pour la Protection de l\u2019Enfance et le minist\u00e8re de la Justice.<\/p>\n\n\n\n<p>Cette convention sign\u00e9e par Son Altesse la Princesse Lalla Zineb, Pr\u00e9sidente de la Ligue Marocaine pour la Protection de l\u2019Enfance (LMPE) et M. Abdellatif Ouahbi, ministre de la Justice, a pour objet, le renforcement des relations de coop\u00e9ration et de partenariat dans les domaines ayant trait \u00e0 la protection et \u00e0 la cons\u00e9cration des droits des enfants priv\u00e9s de l\u2019environnement familial, indique la Ligue dans un communiqu\u00e9.<\/p>\n\n\n\n<p>En vertu de cette convention, les deux parties s\u2019engagent \u00e0 mutualiser les efforts pour renforcer la lutte contre les diff\u00e9rentes formes de violence \u00e0 l\u2019\u00e9gard des enfants et des femmes en situation de vuln\u00e9rabilit\u00e9.<\/p>\n\n\n\n<p>Pour r\u00e9aliser les objectifs escompt\u00e9s, le minist\u00e8re de la Justice, s\u2019engage \u00e0 contribuer au soutien des centres d\u2019accueil et de prise en charge des enfants priv\u00e9s de famille, \u00e0 l\u2019encadrement des sessions de formation du personnel de la ligue et \u00e0 l\u2019assistance juridique des b\u00e9n\u00e9ficiaires, conform\u00e9ment aux Hautes Directives de Sa Majest\u00e9 le Roi Mohamed VI, que Dieu l\u2019Assiste, visant la mise en \u0153uvre des m\u00e9canismes de protection et d\u2019insertion sociale des m\u00e8res et enfants en situation de pr\u00e9carit\u00e9.<\/p>\n\n\n\n<p>Dans une allocution prononc\u00e9e \u00e0 l\u2019occasion, SA la Princesse Lalla Zineb, a tenu \u00e0 saluer l\u2019appui constant du minist\u00e8re de la Justice en faveur des institutions de la ligue et son engagement soutenu en mati\u00e8re d\u2019accompagnement et d\u2019assistance juridique de la population cible.<\/p>\n\n\n\n<p>De son c\u00f4t\u00e9, le ministre de la Justice, a mis en exergue la vision ambitieuse port\u00e9e par Son Altesse la Princesse Lalla Zineb, pour l\u2019am\u00e9lioration des conditions de prise en charge des enfants priv\u00e9s de famille et la pr\u00e9servation de leurs droits fondamentaux, conform\u00e9ment \u00e0 l\u2019esprit et aux dispositions de la constitution du Royaume et des conventions internationales.<\/p>\n","protected":false},"excerpt":{"rendered":"<p>dpress Son Altesse la Princesse Lalla Zineb a pr\u00e9sid\u00e9, mercredi \u00e0 Rabat, une c\u00e9r\u00e9monie de signature d\u2019une convention de partenariat entre la Ligue Marocaine pour la Protection de l\u2019Enfance et le minist\u00e8re de la Justice. Cette convention sign\u00e9e par Son Altesse la Princesse Lalla Zineb, Pr\u00e9sidente de la Ligue Marocaine pour la Protection de l\u2019Enfance &hellip;<\/p>\n","protected":false},"author":2,"featured_media":14599,"comment_status":"open","ping_status":"open","sticky":false,"template":"","format":"standard","meta":{"footnotes":""},"categories":[40],"tags":[],"class_list":["post-14598","post","type-post","status-publish","format-standard","has-post-thumbnail","hentry","category-societe-et-regions"],"yoast_head":"<!-- This site is optimized with the Yoast SEO plugin v27.5 - https:\/\/yoast.com\/product\/yoast-seo-wordpress\/ -->\n<title>Signature d\u2019une convention de partenariat entre la Ligue Marocaine pour la Protection de l\u2019Enfance et le minist\u00e8re de la Justice - Dpress.ma\/fr<\/title>\n<meta name=\"robots\" content=\"index, follow, max-snippet:-1, max-image-preview:large, max-video-preview:-1\" \/>\n<link rel=\"canonical\" href=\"https:\/\/dpress.ma\/fr\/2025\/05\/15\/signature-dune-convention-de-partenariat-entre-la-ligue-marocaine-pour-la-protection-de-lenfance-et-le-ministere-de-la-justice\/\" \/>\n<meta property=\"og:locale\" content=\"fr_FR\" \/>\n<meta property=\"og:type\" content=\"article\" \/>\n<meta property=\"og:title\" content=\"Signature d\u2019une convention de partenariat entre la Ligue Marocaine pour la Protection de l\u2019Enfance et le minist\u00e8re de la Justice - Dpress.ma\/fr\" \/>\n<meta property=\"og:description\" content=\"dpress Son Altesse la Princesse Lalla Zineb a pr\u00e9sid\u00e9, mercredi \u00e0 Rabat, une c\u00e9r\u00e9monie de signature d\u2019une convention de partenariat entre la Ligue Marocaine pour la Protection de l\u2019Enfance et le minist\u00e8re de la Justice. Cette convention sign\u00e9e par Son Altesse la Princesse Lalla Zineb, Pr\u00e9sidente de la Ligue Marocaine pour la Protection de l\u2019Enfance &hellip;\" \/>\n<meta property=\"og:url\" content=\"https:\/\/dpress.ma\/fr\/2025\/05\/15\/signature-dune-convention-de-partenariat-entre-la-ligue-marocaine-pour-la-protection-de-lenfance-et-le-ministere-de-la-justice\/\" \/>\n<meta property=\"og:site_name\" content=\"Dpress.ma\/fr\" \/>\n<meta property=\"article:published_time\" content=\"2025-05-15T08:38:54+00:00\" \/>\n<meta property=\"article:modified_time\" content=\"2025-05-15T09:57:04+00:00\" \/>\n<meta property=\"og:image\" content=\"https:\/\/dpress.ma\/fr\/wp-content\/uploads\/sites\/2\/2025\/05\/dimensions2-98.jpg\" \/>\n\t<meta property=\"og:image:width\" content=\"2539\" \/>\n\t<meta property=\"og:image:height\" content=\"1594\" \/>\n\t<meta property=\"og:image:type\" content=\"image\/jpeg\" \/>\n<meta name=\"author\" content=\"Dpress.ma\" \/>\n<meta name=\"twitter:card\" content=\"summary_large_image\" \/>\n<meta name=\"twitter:label1\" content=\"\u00c9crit par\" \/>\n\t<meta name=\"twitter:data1\" content=\"Dpress.ma\" \/>\n\t<meta name=\"twitter:label2\" content=\"Dur\u00e9e de lecture estim\u00e9e\" \/>\n\t<meta name=\"twitter:data2\" content=\"2 minutes\" \/>\n<script type=\"application\/ld+json\" class=\"yoast-schema-graph\">{\"@context\":\"https:\\\/\\\/schema.org\",\"@graph\":[{\"@type\":\"Article\",\"@id\":\"https:\\\/\\\/dpress.ma\\\/fr\\\/2025\\\/05\\\/15\\\/signature-dune-convention-de-partenariat-entre-la-ligue-marocaine-pour-la-protection-de-lenfance-et-le-ministere-de-la-justice\\\/#article\",\"isPartOf\":{\"@id\":\"https:\\\/\\\/dpress.ma\\\/fr\\\/2025\\\/05\\\/15\\\/signature-dune-convention-de-partenariat-entre-la-ligue-marocaine-pour-la-protection-de-lenfance-et-le-ministere-de-la-justice\\\/\"},\"author\":{\"name\":\"Dpress.ma\",\"@id\":\"https:\\\/\\\/dpress.ma\\\/fr\\\/#\\\/schema\\\/person\\\/4898febf3ccd59e6578d838656a306a0\"},\"headline\":\"Signature d\u2019une convention de partenariat entre la Ligue Marocaine pour la Protection de l\u2019Enfance et le minist\u00e8re de la Justice\",\"datePublished\":\"2025-05-15T08:38:54+00:00\",\"dateModified\":\"2025-05-15T09:57:04+00:00\",\"mainEntityOfPage\":{\"@id\":\"https:\\\/\\\/dpress.ma\\\/fr\\\/2025\\\/05\\\/15\\\/signature-dune-convention-de-partenariat-entre-la-ligue-marocaine-pour-la-protection-de-lenfance-et-le-ministere-de-la-justice\\\/\"},\"wordCount\":376,\"commentCount\":0,\"image\":{\"@id\":\"https:\\\/\\\/dpress.ma\\\/fr\\\/2025\\\/05\\\/15\\\/signature-dune-convention-de-partenariat-entre-la-ligue-marocaine-pour-la-protection-de-lenfance-et-le-ministere-de-la-justice\\\/#primaryimage\"},\"thumbnailUrl\":\"https:\\\/\\\/dpress.ma\\\/fr\\\/wp-content\\\/uploads\\\/sites\\\/2\\\/2025\\\/05\\\/dimensions2-98.jpg\",\"articleSection\":[\"societe et regions\"],\"inLanguage\":\"fr-FR\",\"potentialAction\":[{\"@type\":\"CommentAction\",\"name\":\"Comment\",\"target\":[\"https:\\\/\\\/dpress.ma\\\/fr\\\/2025\\\/05\\\/15\\\/signature-dune-convention-de-partenariat-entre-la-ligue-marocaine-pour-la-protection-de-lenfance-et-le-ministere-de-la-justice\\\/#respond\"]}]},{\"@type\":\"WebPage\",\"@id\":\"https:\\\/\\\/dpress.ma\\\/fr\\\/2025\\\/05\\\/15\\\/signature-dune-convention-de-partenariat-entre-la-ligue-marocaine-pour-la-protection-de-lenfance-et-le-ministere-de-la-justice\\\/\",\"url\":\"https:\\\/\\\/dpress.ma\\\/fr\\\/2025\\\/05\\\/15\\\/signature-dune-convention-de-partenariat-entre-la-ligue-marocaine-pour-la-protection-de-lenfance-et-le-ministere-de-la-justice\\\/\",\"name\":\"Signature d\u2019une convention de partenariat entre la Ligue Marocaine pour la Protection de l\u2019Enfance et le minist\u00e8re de la Justice - Dpress.ma\\\/fr\",\"isPartOf\":{\"@id\":\"https:\\\/\\\/dpress.ma\\\/fr\\\/#website\"},\"primaryImageOfPage\":{\"@id\":\"https:\\\/\\\/dpress.ma\\\/fr\\\/2025\\\/05\\\/15\\\/signature-dune-convention-de-partenariat-entre-la-ligue-marocaine-pour-la-protection-de-lenfance-et-le-ministere-de-la-justice\\\/#primaryimage\"},\"image\":{\"@id\":\"https:\\\/\\\/dpress.ma\\\/fr\\\/2025\\\/05\\\/15\\\/signature-dune-convention-de-partenariat-entre-la-ligue-marocaine-pour-la-protection-de-lenfance-et-le-ministere-de-la-justice\\\/#primaryimage\"},\"thumbnailUrl\":\"https:\\\/\\\/dpress.ma\\\/fr\\\/wp-content\\\/uploads\\\/sites\\\/2\\\/2025\\\/05\\\/dimensions2-98.jpg\",\"datePublished\":\"2025-05-15T08:38:54+00:00\",\"dateModified\":\"2025-05-15T09:57:04+00:00\",\"author\":{\"@id\":\"https:\\\/\\\/dpress.ma\\\/fr\\\/#\\\/schema\\\/person\\\/4898febf3ccd59e6578d838656a306a0\"},\"breadcrumb\":{\"@id\":\"https:\\\/\\\/dpress.ma\\\/fr\\\/2025\\\/05\\\/15\\\/signature-dune-convention-de-partenariat-entre-la-ligue-marocaine-pour-la-protection-de-lenfance-et-le-ministere-de-la-justice\\\/#breadcrumb\"},\"inLanguage\":\"fr-FR\",\"potentialAction\":[{\"@type\":\"ReadAction\",\"target\":[\"https:\\\/\\\/dpress.ma\\\/fr\\\/2025\\\/05\\\/15\\\/signature-dune-convention-de-partenariat-entre-la-ligue-marocaine-pour-la-protection-de-lenfance-et-le-ministere-de-la-justice\\\/\"]}]},{\"@type\":\"ImageObject\",\"inLanguage\":\"fr-FR\",\"@id\":\"https:\\\/\\\/dpress.ma\\\/fr\\\/2025\\\/05\\\/15\\\/signature-dune-convention-de-partenariat-entre-la-ligue-marocaine-pour-la-protection-de-lenfance-et-le-ministere-de-la-justice\\\/#primaryimage\",\"url\":\"https:\\\/\\\/dpress.ma\\\/fr\\\/wp-content\\\/uploads\\\/sites\\\/2\\\/2025\\\/05\\\/dimensions2-98.jpg\",\"contentUrl\":\"https:\\\/\\\/dpress.ma\\\/fr\\\/wp-content\\\/uploads\\\/sites\\\/2\\\/2025\\\/05\\\/dimensions2-98.jpg\",\"width\":2539,\"height\":1594},{\"@type\":\"BreadcrumbList\",\"@id\":\"https:\\\/\\\/dpress.ma\\\/fr\\\/2025\\\/05\\\/15\\\/signature-dune-convention-de-partenariat-entre-la-ligue-marocaine-pour-la-protection-de-lenfance-et-le-ministere-de-la-justice\\\/#breadcrumb\",\"itemListElement\":[{\"@type\":\"ListItem\",\"position\":1,\"name\":\"Home\",\"item\":\"https:\\\/\\\/dpress.ma\\\/fr\\\/\"},{\"@type\":\"ListItem\",\"position\":2,\"name\":\"Signature d\u2019une convention de partenariat entre la Ligue Marocaine pour la Protection de l\u2019Enfance et le minist\u00e8re de la Justice\"}]},{\"@type\":\"WebSite\",\"@id\":\"https:\\\/\\\/dpress.ma\\\/fr\\\/#website\",\"url\":\"https:\\\/\\\/dpress.ma\\\/fr\\\/\",\"name\":\"Dpress.ma\\\/fr\",\"description\":\"\",\"potentialAction\":[{\"@type\":\"SearchAction\",\"target\":{\"@type\":\"EntryPoint\",\"urlTemplate\":\"https:\\\/\\\/dpress.ma\\\/fr\\\/?s={search_term_string}\"},\"query-input\":{\"@type\":\"PropertyValueSpecification\",\"valueRequired\":true,\"valueName\":\"search_term_string\"}}],\"inLanguage\":\"fr-FR\"},{\"@type\":\"Person\",\"@id\":\"https:\\\/\\\/dpress.ma\\\/fr\\\/#\\\/schema\\\/person\\\/4898febf3ccd59e6578d838656a306a0\",\"name\":\"Dpress.ma\",\"image\":{\"@type\":\"ImageObject\",\"inLanguage\":\"fr-FR\",\"@id\":\"https:\\\/\\\/secure.gravatar.com\\\/avatar\\\/72ecc30e9db047a2e0e7176561eb9d564ed77c8108376495b19bd8336405198a?s=96&d=mm&r=g\",\"url\":\"https:\\\/\\\/secure.gravatar.com\\\/avatar\\\/72ecc30e9db047a2e0e7176561eb9d564ed77c8108376495b19bd8336405198a?s=96&d=mm&r=g\",\"contentUrl\":\"https:\\\/\\\/secure.gravatar.com\\\/avatar\\\/72ecc30e9db047a2e0e7176561eb9d564ed77c8108376495b19bd8336405198a?s=96&d=mm&r=g\",\"caption\":\"Dpress.ma\"},\"sameAs\":[\"https:\\\/\\\/www.dpress.ma\"],\"url\":\"https:\\\/\\\/dpress.ma\\\/fr\\\/author\\\/dpress-ma\\\/\"}]}<\/script>\n<!-- \/ Yoast SEO plugin. -->","yoast_head_json":{"title":"Signature d\u2019une convention de partenariat entre la Ligue Marocaine pour la Protection de l\u2019Enfance et le minist\u00e8re de la Justice - Dpress.ma\/fr","robots":{"index":"index","follow":"follow","max-snippet":"max-snippet:-1","max-image-preview":"max-image-preview:large","max-video-preview":"max-video-preview:-1"},"canonical":"https:\/\/dpress.ma\/fr\/2025\/05\/15\/signature-dune-convention-de-partenariat-entre-la-ligue-marocaine-pour-la-protection-de-lenfance-et-le-ministere-de-la-justice\/","og_locale":"fr_FR","og_type":"article","og_title":"Signature d\u2019une convention de partenariat entre la Ligue Marocaine pour la Protection de l\u2019Enfance et le minist\u00e8re de la Justice - Dpress.ma\/fr","og_description":"dpress Son Altesse la Princesse Lalla Zineb a pr\u00e9sid\u00e9, mercredi \u00e0 Rabat, une c\u00e9r\u00e9monie de signature d\u2019une convention de partenariat entre la Ligue Marocaine pour la Protection de l\u2019Enfance et le minist\u00e8re de la Justice. Cette convention sign\u00e9e par Son Altesse la Princesse Lalla Zineb, Pr\u00e9sidente de la Ligue Marocaine pour la Protection de l\u2019Enfance &hellip;","og_url":"https:\/\/dpress.ma\/fr\/2025\/05\/15\/signature-dune-convention-de-partenariat-entre-la-ligue-marocaine-pour-la-protection-de-lenfance-et-le-ministere-de-la-justice\/","og_site_name":"Dpress.ma\/fr","article_published_time":"2025-05-15T08:38:54+00:00","article_modified_time":"2025-05-15T09:57:04+00:00","og_image":[{"width":2539,"height":1594,"url":"https:\/\/dpress.ma\/fr\/wp-content\/uploads\/sites\/2\/2025\/05\/dimensions2-98.jpg","type":"image\/jpeg"}],"author":"Dpress.ma","twitter_card":"summary_large_image","twitter_misc":{"\u00c9crit par":"Dpress.ma","Dur\u00e9e de lecture estim\u00e9e":"2 minutes"},"schema":{"@context":"https:\/\/schema.org","@graph":[{"@type":"Article","@id":"https:\/\/dpress.ma\/fr\/2025\/05\/15\/signature-dune-convention-de-partenariat-entre-la-ligue-marocaine-pour-la-protection-de-lenfance-et-le-ministere-de-la-justice\/#article","isPartOf":{"@id":"https:\/\/dpress.ma\/fr\/2025\/05\/15\/signature-dune-convention-de-partenariat-entre-la-ligue-marocaine-pour-la-protection-de-lenfance-et-le-ministere-de-la-justice\/"},"author":{"name":"Dpress.ma","@id":"https:\/\/dpress.ma\/fr\/#\/schema\/person\/4898febf3ccd59e6578d838656a306a0"},"headline":"Signature d\u2019une convention de partenariat entre la Ligue Marocaine pour la Protection de l\u2019Enfance et le minist\u00e8re de la Justice","datePublished":"2025-05-15T08:38:54+00:00","dateModified":"2025-05-15T09:57:04+00:00","mainEntityOfPage":{"@id":"https:\/\/dpress.ma\/fr\/2025\/05\/15\/signature-dune-convention-de-partenariat-entre-la-ligue-marocaine-pour-la-protection-de-lenfance-et-le-ministere-de-la-justice\/"},"wordCount":376,"commentCount":0,"image":{"@id":"https:\/\/dpress.ma\/fr\/2025\/05\/15\/signature-dune-convention-de-partenariat-entre-la-ligue-marocaine-pour-la-protection-de-lenfance-et-le-ministere-de-la-justice\/#primaryimage"},"thumbnailUrl":"https:\/\/dpress.ma\/fr\/wp-content\/uploads\/sites\/2\/2025\/05\/dimensions2-98.jpg","articleSection":["societe et regions"],"inLanguage":"fr-FR","potentialAction":[{"@type":"CommentAction","name":"Comment","target":["https:\/\/dpress.ma\/fr\/2025\/05\/15\/signature-dune-convention-de-partenariat-entre-la-ligue-marocaine-pour-la-protection-de-lenfance-et-le-ministere-de-la-justice\/#respond"]}]},{"@type":"WebPage","@id":"https:\/\/dpress.ma\/fr\/2025\/05\/15\/signature-dune-convention-de-partenariat-entre-la-ligue-marocaine-pour-la-protection-de-lenfance-et-le-ministere-de-la-justice\/","url":"https:\/\/dpress.ma\/fr\/2025\/05\/15\/signature-dune-convention-de-partenariat-entre-la-ligue-marocaine-pour-la-protection-de-lenfance-et-le-ministere-de-la-justice\/","name":"Signature d\u2019une convention de partenariat entre la Ligue Marocaine pour la Protection de l\u2019Enfance et le minist\u00e8re de la Justice - Dpress.ma\/fr","isPartOf":{"@id":"https:\/\/dpress.ma\/fr\/#website"},"primaryImageOfPage":{"@id":"https:\/\/dpress.ma\/fr\/2025\/05\/15\/signature-dune-convention-de-partenariat-entre-la-ligue-marocaine-pour-la-protection-de-lenfance-et-le-ministere-de-la-justice\/#primaryimage"},"image":{"@id":"https:\/\/dpress.ma\/fr\/2025\/05\/15\/signature-dune-convention-de-partenariat-entre-la-ligue-marocaine-pour-la-protection-de-lenfance-et-le-ministere-de-la-justice\/#primaryimage"},"thumbnailUrl":"https:\/\/dpress.ma\/fr\/wp-content\/uploads\/sites\/2\/2025\/05\/dimensions2-98.jpg","datePublished":"2025-05-15T08:38:54+00:00","dateModified":"2025-05-15T09:57:04+00:00","author":{"@id":"https:\/\/dpress.ma\/fr\/#\/schema\/person\/4898febf3ccd59e6578d838656a306a0"},"breadcrumb":{"@id":"https:\/\/dpress.ma\/fr\/2025\/05\/15\/signature-dune-convention-de-partenariat-entre-la-ligue-marocaine-pour-la-protection-de-lenfance-et-le-ministere-de-la-justice\/#breadcrumb"},"inLanguage":"fr-FR","potentialAction":[{"@type":"ReadAction","target":["https:\/\/dpress.ma\/fr\/2025\/05\/15\/signature-dune-convention-de-partenariat-entre-la-ligue-marocaine-pour-la-protection-de-lenfance-et-le-ministere-de-la-justice\/"]}]},{"@type":"ImageObject","inLanguage":"fr-FR","@id":"https:\/\/dpress.ma\/fr\/2025\/05\/15\/signature-dune-convention-de-partenariat-entre-la-ligue-marocaine-pour-la-protection-de-lenfance-et-le-ministere-de-la-justice\/#primaryimage","url":"https:\/\/dpress.ma\/fr\/wp-content\/uploads\/sites\/2\/2025\/05\/dimensions2-98.jpg","contentUrl":"https:\/\/dpress.ma\/fr\/wp-content\/uploads\/sites\/2\/2025\/05\/dimensions2-98.jpg","width":2539,"height":1594},{"@type":"BreadcrumbList","@id":"https:\/\/dpress.ma\/fr\/2025\/05\/15\/signature-dune-convention-de-partenariat-entre-la-ligue-marocaine-pour-la-protection-de-lenfance-et-le-ministere-de-la-justice\/#breadcrumb","itemListElement":[{"@type":"ListItem","position":1,"name":"Home","item":"https:\/\/dpress.ma\/fr\/"},{"@type":"ListItem","position":2,"name":"Signature d\u2019une convention de partenariat entre la Ligue Marocaine pour la Protection de l\u2019Enfance et le minist\u00e8re de la Justice"}]},{"@type":"WebSite","@id":"https:\/\/dpress.ma\/fr\/#website","url":"https:\/\/dpress.ma\/fr\/","name":"Dpress.ma\/fr","description":"","potentialAction":[{"@type":"SearchAction","target":{"@type":"EntryPoint","urlTemplate":"https:\/\/dpress.ma\/fr\/?s={search_term_string}"},"query-input":{"@type":"PropertyValueSpecification","valueRequired":true,"valueName":"search_term_string"}}],"inLanguage":"fr-FR"},{"@type":"Person","@id":"https:\/\/dpress.ma\/fr\/#\/schema\/person\/4898febf3ccd59e6578d838656a306a0","name":"Dpress.ma","image":{"@type":"ImageObject","inLanguage":"fr-FR","@id":"https:\/\/secure.gravatar.com\/avatar\/72ecc30e9db047a2e0e7176561eb9d564ed77c8108376495b19bd8336405198a?s=96&d=mm&r=g","url":"https:\/\/secure.gravatar.com\/avatar\/72ecc30e9db047a2e0e7176561eb9d564ed77c8108376495b19bd8336405198a?s=96&d=mm&r=g","contentUrl":"https:\/\/secure.gravatar.com\/avatar\/72ecc30e9db047a2e0e7176561eb9d564ed77c8108376495b19bd8336405198a?s=96&d=mm&r=g","caption":"Dpress.ma"},"sameAs":["https:\/\/www.dpress.ma"],"url":"https:\/\/dpress.ma\/fr\/author\/dpress-ma\/"}]}},"amp_enabled":true,"_links":{"self":[{"href":"https:\/\/dpress.ma\/fr\/wp-json\/wp\/v2\/posts\/14598","targetHints":{"allow":["GET"]}}],"collection":[{"href":"https:\/\/dpress.ma\/fr\/wp-json\/wp\/v2\/posts"}],"about":[{"href":"https:\/\/dpress.ma\/fr\/wp-json\/wp\/v2\/types\/post"}],"author":[{"embeddable":true,"href":"https:\/\/dpress.ma\/fr\/wp-json\/wp\/v2\/users\/2"}],"replies":[{"embeddable":true,"href":"https:\/\/dpress.ma\/fr\/wp-json\/wp\/v2\/comments?post=14598"}],"version-history":[{"count":2,"href":"https:\/\/dpress.ma\/fr\/wp-json\/wp\/v2\/posts\/14598\/revisions"}],"predecessor-version":[{"id":14610,"href":"https:\/\/dpress.ma\/fr\/wp-json\/wp\/v2\/posts\/14598\/revisions\/14610"}],"wp:featuredmedia":[{"embeddable":true,"href":"https:\/\/dpress.ma\/fr\/wp-json\/wp\/v2\/media\/14599"}],"wp:attachment":[{"href":"https:\/\/dpress.ma\/fr\/wp-json\/wp\/v2\/media?parent=14598"}],"wp:term":[{"taxonomy":"category","embeddable":true,"href":"https:\/\/dpress.ma\/fr\/wp-json\/wp\/v2\/categories?post=14598"},{"taxonomy":"post_tag","embeddable":true,"href":"https:\/\/dpress.ma\/fr\/wp-json\/wp\/v2\/tags?post=14598"}],"curies":[{"name":"wp","href":"https:\/\/api.w.org\/{rel}","templated":true}]}}