{"id":14595,"date":"2025-05-15T08:33:41","date_gmt":"2025-05-15T08:33:41","guid":{"rendered":"https:\/\/dpress.ma\/fr\/?p=14595"},"modified":"2025-05-15T08:33:42","modified_gmt":"2025-05-15T08:33:42","slug":"sar-le-prince-heritier-moulay-el-hassan-preside-le-dejeuner-offert-par-sm-le-roi-a-loccasion-du-69e-anniversaire-des-far","status":"publish","type":"post","link":"https:\/\/dpress.ma\/fr\/2025\/05\/15\/sar-le-prince-heritier-moulay-el-hassan-preside-le-dejeuner-offert-par-sm-le-roi-a-loccasion-du-69e-anniversaire-des-far\/","title":{"rendered":"SAR le Prince H\u00e9ritier Moulay El Hassan pr\u00e9side le d\u00e9jeuner offert par SM le Roi \u00e0 l\u2019occasion du 69e anniversaire des FAR"},"content":{"rendered":"\n<p>dpress<\/p>\n\n\n\n<p>Sur Ordre de Sa Majest\u00e9 le Roi Mohammed VI, Chef Supr\u00eame et Chef d\u2019Etat-Major G\u00e9n\u00e9ral des Forces Arm\u00e9es Royales, que Dieu L\u2019assiste, Son Altesse Royale le Prince H\u00e9ritier Moulay El Hassan a pr\u00e9sid\u00e9, hier au Cercle Mess Officiers de Rabat, le d\u00e9jeuner offert par Sa Majest\u00e9 le Roi, \u00e0 l\u2019occasion du 69e anniversaire de la cr\u00e9ation des Forces Arm\u00e9es Royales (FAR).<\/p>\n\n\n\n<p>A son arriv\u00e9e, Son Altesse Royale le Prince H\u00e9ritier Moulay El Hassan a \u00e9t\u00e9 salu\u00e9 par le G\u00e9n\u00e9ral de Corps d\u2019Arm\u00e9e, Inspecteur G\u00e9n\u00e9ral des Forces Arm\u00e9es Royales et Commandant la Zone Sud, avant de passer en revue un d\u00e9tachement du Bataillon du Quartier G\u00e9n\u00e9ral qui rendait les honneurs, indique un communiqu\u00e9 de l\u2019\u00c9tat-Major G\u00e9n\u00e9ral des Forces Arm\u00e9es Royales.<\/p>\n\n\n\n<p>Son Altesse Royale a ensuite \u00e9t\u00e9 salu\u00e9 par le Chef du Gouvernement, le Ministre d\u00e9l\u00e9gu\u00e9 aupr\u00e8s du Chef du Gouvernement, charg\u00e9 de l\u2019Administration de la D\u00e9fense Nationale, le G\u00e9n\u00e9ral de Corps d\u2019Arm\u00e9e, Commandant la Gendarmerie Royale, le G\u00e9n\u00e9ral de Brigade, Chef du 3e Bureau des FAR, le G\u00e9n\u00e9ral de Division A\u00e9rienne, Inspecteur des Forces Royales Air, le Contre-Amiral, Inspecteur de la Marine Royale et le Colonel-Major, Commandant d\u2019Armes D\u00e9l\u00e9gu\u00e9 de la Place de Rabat-Sal\u00e9.<\/p>\n\n\n\n<p>Ont pris part \u00e0 ce d\u00e9jeuner, le Chef du Gouvernement, les Pr\u00e9sidents des deux Chambres du Parlement, des Conseillers de Sa Majest\u00e9 le Roi, le premier pr\u00e9sident de la Cour de cassation, Pr\u00e9sident d\u00e9l\u00e9gu\u00e9 du Conseil sup\u00e9rieur du pouvoir judiciaire, le Procureur g\u00e9n\u00e9ral du Roi pr\u00e8s la Cour de cassation, Pr\u00e9sident du Minist\u00e8re public, les membres du gouvernement, les pr\u00e9sidents des instances constitutionnelles, des membres du Cabinet Royal, les Officiers sup\u00e9rieurs de l\u2019\u00c9tat-Major G\u00e9n\u00e9ral des FAR, les Attach\u00e9s militaires \u00e9trangers accr\u00e9dit\u00e9s \u00e0 Rabat, et d\u2019autres personnalit\u00e9s civiles et militaires.<\/p>\n\n\n\n<p>Le 69e anniversaire de la cr\u00e9ation des FAR a \u00e9t\u00e9 c\u00e9l\u00e9br\u00e9 au niveau des diff\u00e9rentes Places d\u2019Armes, Garnisons, Unit\u00e9s et Contingents des FAR, \u00e0 travers des c\u00e9r\u00e9monies marqu\u00e9es, notamment par la lev\u00e9e des couleurs, la lecture de l\u2019Ordre du Jour adress\u00e9 par Sa Majest\u00e9 le Roi aux membres des Forces Arm\u00e9es Royales, et la remise de d\u00e9corations ainsi que des d\u00e9fil\u00e9s des troupes.<\/p>\n","protected":false},"excerpt":{"rendered":"<p>dpress Sur Ordre de Sa Majest\u00e9 le Roi Mohammed VI, Chef Supr\u00eame et Chef d\u2019Etat-Major G\u00e9n\u00e9ral des Forces Arm\u00e9es Royales, que Dieu L\u2019assiste, Son Altesse Royale le Prince H\u00e9ritier Moulay El Hassan a pr\u00e9sid\u00e9, hier au Cercle Mess Officiers de Rabat, le d\u00e9jeuner offert par Sa Majest\u00e9 le Roi, \u00e0 l\u2019occasion du 69e anniversaire de &hellip;<\/p>\n","protected":false},"author":2,"featured_media":14596,"comment_status":"open","ping_status":"open","sticky":false,"template":"","format":"standard","meta":{"footnotes":""},"categories":[29],"tags":[],"class_list":["post-14595","post","type-post","status-publish","format-standard","has-post-thumbnail","hentry","category-activites-royales"],"yoast_head":"<!-- This site is optimized with the Yoast SEO plugin v27.5 - https:\/\/yoast.com\/product\/yoast-seo-wordpress\/ -->\n<title>SAR le Prince H\u00e9ritier Moulay El Hassan pr\u00e9side le d\u00e9jeuner offert par SM le Roi \u00e0 l\u2019occasion du 69e anniversaire des FAR - Dpress.ma\/fr<\/title>\n<meta name=\"robots\" content=\"index, follow, max-snippet:-1, max-image-preview:large, max-video-preview:-1\" \/>\n<link rel=\"canonical\" href=\"https:\/\/dpress.ma\/fr\/2025\/05\/15\/sar-le-prince-heritier-moulay-el-hassan-preside-le-dejeuner-offert-par-sm-le-roi-a-loccasion-du-69e-anniversaire-des-far\/\" \/>\n<meta property=\"og:locale\" content=\"fr_FR\" \/>\n<meta property=\"og:type\" content=\"article\" \/>\n<meta property=\"og:title\" content=\"SAR le Prince H\u00e9ritier Moulay El Hassan pr\u00e9side le d\u00e9jeuner offert par SM le Roi \u00e0 l\u2019occasion du 69e anniversaire des FAR - Dpress.ma\/fr\" \/>\n<meta property=\"og:description\" content=\"dpress Sur Ordre de Sa Majest\u00e9 le Roi Mohammed VI, Chef Supr\u00eame et Chef d\u2019Etat-Major G\u00e9n\u00e9ral des Forces Arm\u00e9es Royales, que Dieu L\u2019assiste, Son Altesse Royale le Prince H\u00e9ritier Moulay El Hassan a pr\u00e9sid\u00e9, hier au Cercle Mess Officiers de Rabat, le d\u00e9jeuner offert par Sa Majest\u00e9 le Roi, \u00e0 l\u2019occasion du 69e anniversaire de &hellip;\" \/>\n<meta property=\"og:url\" content=\"https:\/\/dpress.ma\/fr\/2025\/05\/15\/sar-le-prince-heritier-moulay-el-hassan-preside-le-dejeuner-offert-par-sm-le-roi-a-loccasion-du-69e-anniversaire-des-far\/\" \/>\n<meta property=\"og:site_name\" content=\"Dpress.ma\/fr\" \/>\n<meta property=\"article:published_time\" content=\"2025-05-15T08:33:41+00:00\" \/>\n<meta property=\"article:modified_time\" content=\"2025-05-15T08:33:42+00:00\" \/>\n<meta property=\"og:image\" content=\"https:\/\/dpress.ma\/fr\/wp-content\/uploads\/sites\/2\/2025\/05\/dimensions2-97.jpg\" \/>\n\t<meta property=\"og:image:width\" content=\"2539\" \/>\n\t<meta property=\"og:image:height\" content=\"1594\" \/>\n\t<meta property=\"og:image:type\" content=\"image\/jpeg\" \/>\n<meta name=\"author\" content=\"Dpress.ma\" \/>\n<meta name=\"twitter:card\" content=\"summary_large_image\" \/>\n<meta name=\"twitter:label1\" content=\"\u00c9crit par\" \/>\n\t<meta name=\"twitter:data1\" content=\"Dpress.ma\" \/>\n\t<meta name=\"twitter:label2\" content=\"Dur\u00e9e de lecture estim\u00e9e\" \/>\n\t<meta name=\"twitter:data2\" content=\"2 minutes\" \/>\n<script type=\"application\/ld+json\" class=\"yoast-schema-graph\">{\"@context\":\"https:\\\/\\\/schema.org\",\"@graph\":[{\"@type\":\"Article\",\"@id\":\"https:\\\/\\\/dpress.ma\\\/fr\\\/2025\\\/05\\\/15\\\/sar-le-prince-heritier-moulay-el-hassan-preside-le-dejeuner-offert-par-sm-le-roi-a-loccasion-du-69e-anniversaire-des-far\\\/#article\",\"isPartOf\":{\"@id\":\"https:\\\/\\\/dpress.ma\\\/fr\\\/2025\\\/05\\\/15\\\/sar-le-prince-heritier-moulay-el-hassan-preside-le-dejeuner-offert-par-sm-le-roi-a-loccasion-du-69e-anniversaire-des-far\\\/\"},\"author\":{\"name\":\"Dpress.ma\",\"@id\":\"https:\\\/\\\/dpress.ma\\\/fr\\\/#\\\/schema\\\/person\\\/4898febf3ccd59e6578d838656a306a0\"},\"headline\":\"SAR le Prince H\u00e9ritier Moulay El Hassan pr\u00e9side le d\u00e9jeuner offert par SM le Roi \u00e0 l\u2019occasion du 69e anniversaire des FAR\",\"datePublished\":\"2025-05-15T08:33:41+00:00\",\"dateModified\":\"2025-05-15T08:33:42+00:00\",\"mainEntityOfPage\":{\"@id\":\"https:\\\/\\\/dpress.ma\\\/fr\\\/2025\\\/05\\\/15\\\/sar-le-prince-heritier-moulay-el-hassan-preside-le-dejeuner-offert-par-sm-le-roi-a-loccasion-du-69e-anniversaire-des-far\\\/\"},\"wordCount\":449,\"commentCount\":0,\"image\":{\"@id\":\"https:\\\/\\\/dpress.ma\\\/fr\\\/2025\\\/05\\\/15\\\/sar-le-prince-heritier-moulay-el-hassan-preside-le-dejeuner-offert-par-sm-le-roi-a-loccasion-du-69e-anniversaire-des-far\\\/#primaryimage\"},\"thumbnailUrl\":\"https:\\\/\\\/dpress.ma\\\/fr\\\/wp-content\\\/uploads\\\/sites\\\/2\\\/2025\\\/05\\\/dimensions2-97.jpg\",\"articleSection\":[\"Activit\u00e9s Royales\"],\"inLanguage\":\"fr-FR\",\"potentialAction\":[{\"@type\":\"CommentAction\",\"name\":\"Comment\",\"target\":[\"https:\\\/\\\/dpress.ma\\\/fr\\\/2025\\\/05\\\/15\\\/sar-le-prince-heritier-moulay-el-hassan-preside-le-dejeuner-offert-par-sm-le-roi-a-loccasion-du-69e-anniversaire-des-far\\\/#respond\"]}]},{\"@type\":\"WebPage\",\"@id\":\"https:\\\/\\\/dpress.ma\\\/fr\\\/2025\\\/05\\\/15\\\/sar-le-prince-heritier-moulay-el-hassan-preside-le-dejeuner-offert-par-sm-le-roi-a-loccasion-du-69e-anniversaire-des-far\\\/\",\"url\":\"https:\\\/\\\/dpress.ma\\\/fr\\\/2025\\\/05\\\/15\\\/sar-le-prince-heritier-moulay-el-hassan-preside-le-dejeuner-offert-par-sm-le-roi-a-loccasion-du-69e-anniversaire-des-far\\\/\",\"name\":\"SAR le Prince H\u00e9ritier Moulay El Hassan pr\u00e9side le d\u00e9jeuner offert par SM le Roi \u00e0 l\u2019occasion du 69e anniversaire des FAR - Dpress.ma\\\/fr\",\"isPartOf\":{\"@id\":\"https:\\\/\\\/dpress.ma\\\/fr\\\/#website\"},\"primaryImageOfPage\":{\"@id\":\"https:\\\/\\\/dpress.ma\\\/fr\\\/2025\\\/05\\\/15\\\/sar-le-prince-heritier-moulay-el-hassan-preside-le-dejeuner-offert-par-sm-le-roi-a-loccasion-du-69e-anniversaire-des-far\\\/#primaryimage\"},\"image\":{\"@id\":\"https:\\\/\\\/dpress.ma\\\/fr\\\/2025\\\/05\\\/15\\\/sar-le-prince-heritier-moulay-el-hassan-preside-le-dejeuner-offert-par-sm-le-roi-a-loccasion-du-69e-anniversaire-des-far\\\/#primaryimage\"},\"thumbnailUrl\":\"https:\\\/\\\/dpress.ma\\\/fr\\\/wp-content\\\/uploads\\\/sites\\\/2\\\/2025\\\/05\\\/dimensions2-97.jpg\",\"datePublished\":\"2025-05-15T08:33:41+00:00\",\"dateModified\":\"2025-05-15T08:33:42+00:00\",\"author\":{\"@id\":\"https:\\\/\\\/dpress.ma\\\/fr\\\/#\\\/schema\\\/person\\\/4898febf3ccd59e6578d838656a306a0\"},\"breadcrumb\":{\"@id\":\"https:\\\/\\\/dpress.ma\\\/fr\\\/2025\\\/05\\\/15\\\/sar-le-prince-heritier-moulay-el-hassan-preside-le-dejeuner-offert-par-sm-le-roi-a-loccasion-du-69e-anniversaire-des-far\\\/#breadcrumb\"},\"inLanguage\":\"fr-FR\",\"potentialAction\":[{\"@type\":\"ReadAction\",\"target\":[\"https:\\\/\\\/dpress.ma\\\/fr\\\/2025\\\/05\\\/15\\\/sar-le-prince-heritier-moulay-el-hassan-preside-le-dejeuner-offert-par-sm-le-roi-a-loccasion-du-69e-anniversaire-des-far\\\/\"]}]},{\"@type\":\"ImageObject\",\"inLanguage\":\"fr-FR\",\"@id\":\"https:\\\/\\\/dpress.ma\\\/fr\\\/2025\\\/05\\\/15\\\/sar-le-prince-heritier-moulay-el-hassan-preside-le-dejeuner-offert-par-sm-le-roi-a-loccasion-du-69e-anniversaire-des-far\\\/#primaryimage\",\"url\":\"https:\\\/\\\/dpress.ma\\\/fr\\\/wp-content\\\/uploads\\\/sites\\\/2\\\/2025\\\/05\\\/dimensions2-97.jpg\",\"contentUrl\":\"https:\\\/\\\/dpress.ma\\\/fr\\\/wp-content\\\/uploads\\\/sites\\\/2\\\/2025\\\/05\\\/dimensions2-97.jpg\",\"width\":2539,\"height\":1594},{\"@type\":\"BreadcrumbList\",\"@id\":\"https:\\\/\\\/dpress.ma\\\/fr\\\/2025\\\/05\\\/15\\\/sar-le-prince-heritier-moulay-el-hassan-preside-le-dejeuner-offert-par-sm-le-roi-a-loccasion-du-69e-anniversaire-des-far\\\/#breadcrumb\",\"itemListElement\":[{\"@type\":\"ListItem\",\"position\":1,\"name\":\"Home\",\"item\":\"https:\\\/\\\/dpress.ma\\\/fr\\\/\"},{\"@type\":\"ListItem\",\"position\":2,\"name\":\"SAR le Prince H\u00e9ritier Moulay El Hassan pr\u00e9side le d\u00e9jeuner offert par SM le Roi \u00e0 l\u2019occasion du 69e anniversaire des FAR\"}]},{\"@type\":\"WebSite\",\"@id\":\"https:\\\/\\\/dpress.ma\\\/fr\\\/#website\",\"url\":\"https:\\\/\\\/dpress.ma\\\/fr\\\/\",\"name\":\"Dpress.ma\\\/fr\",\"description\":\"\",\"potentialAction\":[{\"@type\":\"SearchAction\",\"target\":{\"@type\":\"EntryPoint\",\"urlTemplate\":\"https:\\\/\\\/dpress.ma\\\/fr\\\/?s={search_term_string}\"},\"query-input\":{\"@type\":\"PropertyValueSpecification\",\"valueRequired\":true,\"valueName\":\"search_term_string\"}}],\"inLanguage\":\"fr-FR\"},{\"@type\":\"Person\",\"@id\":\"https:\\\/\\\/dpress.ma\\\/fr\\\/#\\\/schema\\\/person\\\/4898febf3ccd59e6578d838656a306a0\",\"name\":\"Dpress.ma\",\"image\":{\"@type\":\"ImageObject\",\"inLanguage\":\"fr-FR\",\"@id\":\"https:\\\/\\\/secure.gravatar.com\\\/avatar\\\/72ecc30e9db047a2e0e7176561eb9d564ed77c8108376495b19bd8336405198a?s=96&d=mm&r=g\",\"url\":\"https:\\\/\\\/secure.gravatar.com\\\/avatar\\\/72ecc30e9db047a2e0e7176561eb9d564ed77c8108376495b19bd8336405198a?s=96&d=mm&r=g\",\"contentUrl\":\"https:\\\/\\\/secure.gravatar.com\\\/avatar\\\/72ecc30e9db047a2e0e7176561eb9d564ed77c8108376495b19bd8336405198a?s=96&d=mm&r=g\",\"caption\":\"Dpress.ma\"},\"sameAs\":[\"https:\\\/\\\/www.dpress.ma\"],\"url\":\"https:\\\/\\\/dpress.ma\\\/fr\\\/author\\\/dpress-ma\\\/\"}]}<\/script>\n<!-- \/ Yoast SEO plugin. -->","yoast_head_json":{"title":"SAR le Prince H\u00e9ritier Moulay El Hassan pr\u00e9side le d\u00e9jeuner offert par SM le Roi \u00e0 l\u2019occasion du 69e anniversaire des FAR - Dpress.ma\/fr","robots":{"index":"index","follow":"follow","max-snippet":"max-snippet:-1","max-image-preview":"max-image-preview:large","max-video-preview":"max-video-preview:-1"},"canonical":"https:\/\/dpress.ma\/fr\/2025\/05\/15\/sar-le-prince-heritier-moulay-el-hassan-preside-le-dejeuner-offert-par-sm-le-roi-a-loccasion-du-69e-anniversaire-des-far\/","og_locale":"fr_FR","og_type":"article","og_title":"SAR le Prince H\u00e9ritier Moulay El Hassan pr\u00e9side le d\u00e9jeuner offert par SM le Roi \u00e0 l\u2019occasion du 69e anniversaire des FAR - Dpress.ma\/fr","og_description":"dpress Sur Ordre de Sa Majest\u00e9 le Roi Mohammed VI, Chef Supr\u00eame et Chef d\u2019Etat-Major G\u00e9n\u00e9ral des Forces Arm\u00e9es Royales, que Dieu L\u2019assiste, Son Altesse Royale le Prince H\u00e9ritier Moulay El Hassan a pr\u00e9sid\u00e9, hier au Cercle Mess Officiers de Rabat, le d\u00e9jeuner offert par Sa Majest\u00e9 le Roi, \u00e0 l\u2019occasion du 69e anniversaire de &hellip;","og_url":"https:\/\/dpress.ma\/fr\/2025\/05\/15\/sar-le-prince-heritier-moulay-el-hassan-preside-le-dejeuner-offert-par-sm-le-roi-a-loccasion-du-69e-anniversaire-des-far\/","og_site_name":"Dpress.ma\/fr","article_published_time":"2025-05-15T08:33:41+00:00","article_modified_time":"2025-05-15T08:33:42+00:00","og_image":[{"width":2539,"height":1594,"url":"https:\/\/dpress.ma\/fr\/wp-content\/uploads\/sites\/2\/2025\/05\/dimensions2-97.jpg","type":"image\/jpeg"}],"author":"Dpress.ma","twitter_card":"summary_large_image","twitter_misc":{"\u00c9crit par":"Dpress.ma","Dur\u00e9e de lecture estim\u00e9e":"2 minutes"},"schema":{"@context":"https:\/\/schema.org","@graph":[{"@type":"Article","@id":"https:\/\/dpress.ma\/fr\/2025\/05\/15\/sar-le-prince-heritier-moulay-el-hassan-preside-le-dejeuner-offert-par-sm-le-roi-a-loccasion-du-69e-anniversaire-des-far\/#article","isPartOf":{"@id":"https:\/\/dpress.ma\/fr\/2025\/05\/15\/sar-le-prince-heritier-moulay-el-hassan-preside-le-dejeuner-offert-par-sm-le-roi-a-loccasion-du-69e-anniversaire-des-far\/"},"author":{"name":"Dpress.ma","@id":"https:\/\/dpress.ma\/fr\/#\/schema\/person\/4898febf3ccd59e6578d838656a306a0"},"headline":"SAR le Prince H\u00e9ritier Moulay El Hassan pr\u00e9side le d\u00e9jeuner offert par SM le Roi \u00e0 l\u2019occasion du 69e anniversaire des FAR","datePublished":"2025-05-15T08:33:41+00:00","dateModified":"2025-05-15T08:33:42+00:00","mainEntityOfPage":{"@id":"https:\/\/dpress.ma\/fr\/2025\/05\/15\/sar-le-prince-heritier-moulay-el-hassan-preside-le-dejeuner-offert-par-sm-le-roi-a-loccasion-du-69e-anniversaire-des-far\/"},"wordCount":449,"commentCount":0,"image":{"@id":"https:\/\/dpress.ma\/fr\/2025\/05\/15\/sar-le-prince-heritier-moulay-el-hassan-preside-le-dejeuner-offert-par-sm-le-roi-a-loccasion-du-69e-anniversaire-des-far\/#primaryimage"},"thumbnailUrl":"https:\/\/dpress.ma\/fr\/wp-content\/uploads\/sites\/2\/2025\/05\/dimensions2-97.jpg","articleSection":["Activit\u00e9s Royales"],"inLanguage":"fr-FR","potentialAction":[{"@type":"CommentAction","name":"Comment","target":["https:\/\/dpress.ma\/fr\/2025\/05\/15\/sar-le-prince-heritier-moulay-el-hassan-preside-le-dejeuner-offert-par-sm-le-roi-a-loccasion-du-69e-anniversaire-des-far\/#respond"]}]},{"@type":"WebPage","@id":"https:\/\/dpress.ma\/fr\/2025\/05\/15\/sar-le-prince-heritier-moulay-el-hassan-preside-le-dejeuner-offert-par-sm-le-roi-a-loccasion-du-69e-anniversaire-des-far\/","url":"https:\/\/dpress.ma\/fr\/2025\/05\/15\/sar-le-prince-heritier-moulay-el-hassan-preside-le-dejeuner-offert-par-sm-le-roi-a-loccasion-du-69e-anniversaire-des-far\/","name":"SAR le Prince H\u00e9ritier Moulay El Hassan pr\u00e9side le d\u00e9jeuner offert par SM le Roi \u00e0 l\u2019occasion du 69e anniversaire des FAR - Dpress.ma\/fr","isPartOf":{"@id":"https:\/\/dpress.ma\/fr\/#website"},"primaryImageOfPage":{"@id":"https:\/\/dpress.ma\/fr\/2025\/05\/15\/sar-le-prince-heritier-moulay-el-hassan-preside-le-dejeuner-offert-par-sm-le-roi-a-loccasion-du-69e-anniversaire-des-far\/#primaryimage"},"image":{"@id":"https:\/\/dpress.ma\/fr\/2025\/05\/15\/sar-le-prince-heritier-moulay-el-hassan-preside-le-dejeuner-offert-par-sm-le-roi-a-loccasion-du-69e-anniversaire-des-far\/#primaryimage"},"thumbnailUrl":"https:\/\/dpress.ma\/fr\/wp-content\/uploads\/sites\/2\/2025\/05\/dimensions2-97.jpg","datePublished":"2025-05-15T08:33:41+00:00","dateModified":"2025-05-15T08:33:42+00:00","author":{"@id":"https:\/\/dpress.ma\/fr\/#\/schema\/person\/4898febf3ccd59e6578d838656a306a0"},"breadcrumb":{"@id":"https:\/\/dpress.ma\/fr\/2025\/05\/15\/sar-le-prince-heritier-moulay-el-hassan-preside-le-dejeuner-offert-par-sm-le-roi-a-loccasion-du-69e-anniversaire-des-far\/#breadcrumb"},"inLanguage":"fr-FR","potentialAction":[{"@type":"ReadAction","target":["https:\/\/dpress.ma\/fr\/2025\/05\/15\/sar-le-prince-heritier-moulay-el-hassan-preside-le-dejeuner-offert-par-sm-le-roi-a-loccasion-du-69e-anniversaire-des-far\/"]}]},{"@type":"ImageObject","inLanguage":"fr-FR","@id":"https:\/\/dpress.ma\/fr\/2025\/05\/15\/sar-le-prince-heritier-moulay-el-hassan-preside-le-dejeuner-offert-par-sm-le-roi-a-loccasion-du-69e-anniversaire-des-far\/#primaryimage","url":"https:\/\/dpress.ma\/fr\/wp-content\/uploads\/sites\/2\/2025\/05\/dimensions2-97.jpg","contentUrl":"https:\/\/dpress.ma\/fr\/wp-content\/uploads\/sites\/2\/2025\/05\/dimensions2-97.jpg","width":2539,"height":1594},{"@type":"BreadcrumbList","@id":"https:\/\/dpress.ma\/fr\/2025\/05\/15\/sar-le-prince-heritier-moulay-el-hassan-preside-le-dejeuner-offert-par-sm-le-roi-a-loccasion-du-69e-anniversaire-des-far\/#breadcrumb","itemListElement":[{"@type":"ListItem","position":1,"name":"Home","item":"https:\/\/dpress.ma\/fr\/"},{"@type":"ListItem","position":2,"name":"SAR le Prince H\u00e9ritier Moulay El Hassan pr\u00e9side le d\u00e9jeuner offert par SM le Roi \u00e0 l\u2019occasion du 69e anniversaire des FAR"}]},{"@type":"WebSite","@id":"https:\/\/dpress.ma\/fr\/#website","url":"https:\/\/dpress.ma\/fr\/","name":"Dpress.ma\/fr","description":"","potentialAction":[{"@type":"SearchAction","target":{"@type":"EntryPoint","urlTemplate":"https:\/\/dpress.ma\/fr\/?s={search_term_string}"},"query-input":{"@type":"PropertyValueSpecification","valueRequired":true,"valueName":"search_term_string"}}],"inLanguage":"fr-FR"},{"@type":"Person","@id":"https:\/\/dpress.ma\/fr\/#\/schema\/person\/4898febf3ccd59e6578d838656a306a0","name":"Dpress.ma","image":{"@type":"ImageObject","inLanguage":"fr-FR","@id":"https:\/\/secure.gravatar.com\/avatar\/72ecc30e9db047a2e0e7176561eb9d564ed77c8108376495b19bd8336405198a?s=96&d=mm&r=g","url":"https:\/\/secure.gravatar.com\/avatar\/72ecc30e9db047a2e0e7176561eb9d564ed77c8108376495b19bd8336405198a?s=96&d=mm&r=g","contentUrl":"https:\/\/secure.gravatar.com\/avatar\/72ecc30e9db047a2e0e7176561eb9d564ed77c8108376495b19bd8336405198a?s=96&d=mm&r=g","caption":"Dpress.ma"},"sameAs":["https:\/\/www.dpress.ma"],"url":"https:\/\/dpress.ma\/fr\/author\/dpress-ma\/"}]}},"amp_enabled":true,"_links":{"self":[{"href":"https:\/\/dpress.ma\/fr\/wp-json\/wp\/v2\/posts\/14595","targetHints":{"allow":["GET"]}}],"collection":[{"href":"https:\/\/dpress.ma\/fr\/wp-json\/wp\/v2\/posts"}],"about":[{"href":"https:\/\/dpress.ma\/fr\/wp-json\/wp\/v2\/types\/post"}],"author":[{"embeddable":true,"href":"https:\/\/dpress.ma\/fr\/wp-json\/wp\/v2\/users\/2"}],"replies":[{"embeddable":true,"href":"https:\/\/dpress.ma\/fr\/wp-json\/wp\/v2\/comments?post=14595"}],"version-history":[{"count":1,"href":"https:\/\/dpress.ma\/fr\/wp-json\/wp\/v2\/posts\/14595\/revisions"}],"predecessor-version":[{"id":14597,"href":"https:\/\/dpress.ma\/fr\/wp-json\/wp\/v2\/posts\/14595\/revisions\/14597"}],"wp:featuredmedia":[{"embeddable":true,"href":"https:\/\/dpress.ma\/fr\/wp-json\/wp\/v2\/media\/14596"}],"wp:attachment":[{"href":"https:\/\/dpress.ma\/fr\/wp-json\/wp\/v2\/media?parent=14595"}],"wp:term":[{"taxonomy":"category","embeddable":true,"href":"https:\/\/dpress.ma\/fr\/wp-json\/wp\/v2\/categories?post=14595"},{"taxonomy":"post_tag","embeddable":true,"href":"https:\/\/dpress.ma\/fr\/wp-json\/wp\/v2\/tags?post=14595"}],"curies":[{"name":"wp","href":"https:\/\/api.w.org\/{rel}","templated":true}]}}