{"id":14510,"date":"2025-05-12T14:16:56","date_gmt":"2025-05-12T14:16:56","guid":{"rendered":"https:\/\/dpress.ma\/fr\/?p=14510"},"modified":"2025-05-12T14:20:55","modified_gmt":"2025-05-12T14:20:55","slug":"le-burundi-reaffirme-son-soutien-a-lintegrite-territoriale-du-maroc-et-a-la-souverainete-du-royaume-sur-son-sahara","status":"publish","type":"post","link":"https:\/\/dpress.ma\/fr\/2025\/05\/12\/le-burundi-reaffirme-son-soutien-a-lintegrite-territoriale-du-maroc-et-a-la-souverainete-du-royaume-sur-son-sahara\/","title":{"rendered":"Le Burundi r\u00e9affirme son soutien \u00e0 l\u2019int\u00e9grit\u00e9 territoriale du Maroc et \u00e0 la souverainet\u00e9 du Royaume sur son Sahara"},"content":{"rendered":"\n<p>dpress<\/p>\n\n\n\n<p>La R\u00e9publique du Burundi a r\u00e9affirm\u00e9, lundi, son soutien \u00e0 l\u2019int\u00e9grit\u00e9 territoriale du Maroc et \u00e0 la souverainet\u00e9 du Royaume sur son Sahara.<\/p>\n\n\n\n<p>Cette position a \u00e9t\u00e9 exprim\u00e9e par le ministre burundais des Affaires \u00e9trang\u00e8res, Albert Shingiro, dans un communiqu\u00e9 conjoint sign\u00e9 \u00e0 l\u2019occasion de la tenue \u00e0 Rabat de la premi\u00e8re session de la Commission Mixte de coop\u00e9ration Maroc-Burundi, copr\u00e9sid\u00e9e avec le ministre des Affaires \u00e9trang\u00e8res, de la Coop\u00e9ration africaine et des Marocains r\u00e9sidant \u00e0 l\u2019\u00e9tranger, Nasser Bourita.<\/p>\n\n\n\n<p>Dans ce communiqu\u00e9 conjoint, le chef de la diplomatie burundaise a salu\u00e9 la dynamique internationale impuls\u00e9e, depuis des ann\u00e9es, par Sa Majest\u00e9 le Roi Mohammed VI en faveur de la marocanit\u00e9 du Sahara et en appui \u00e0 l\u2019initiative marocaine d\u2019autonomie.<\/p>\n\n\n\n<p>Il a aussi&nbsp;r\u00e9it\u00e9r\u00e9 la position constante de la R\u00e9publique du Burundi en faveur de l\u2019int\u00e9grit\u00e9 territoriale et de la souverainet\u00e9 du Maroc sur l\u2019ensemble de son territoire, y compris la r\u00e9gion du Sahara, r\u00e9affirmant le soutien de son pays au plan d\u2019autonomie pr\u00e9sent\u00e9 par le Royaume, comme la seule solution cr\u00e9dible et r\u00e9aliste pour la r\u00e9solution de ce diff\u00e9rend r\u00e9gional.<\/p>\n\n\n\n<p>M. Shingiro&nbsp;a \u00e9galement salu\u00e9 les efforts des Nations Unies en tant que cadre exclusif pour parvenir \u00e0 une solution r\u00e9aliste, pratique et durable au diff\u00e9rend autour du Sahara.<\/p>\n","protected":false},"excerpt":{"rendered":"<p>dpress La R\u00e9publique du Burundi a r\u00e9affirm\u00e9, lundi, son soutien \u00e0 l\u2019int\u00e9grit\u00e9 territoriale du Maroc et \u00e0 la souverainet\u00e9 du Royaume sur son Sahara. Cette position a \u00e9t\u00e9 exprim\u00e9e par le ministre burundais des Affaires \u00e9trang\u00e8res, Albert Shingiro, dans un communiqu\u00e9 conjoint sign\u00e9 \u00e0 l\u2019occasion de la tenue \u00e0 Rabat de la premi\u00e8re session de &hellip;<\/p>\n","protected":false},"author":2,"featured_media":14513,"comment_status":"open","ping_status":"open","sticky":false,"template":"","format":"standard","meta":{"footnotes":""},"categories":[30],"tags":[],"class_list":["post-14510","post","type-post","status-publish","format-standard","has-post-thumbnail","hentry","category-sahara-marocain"],"yoast_head":"<!-- This site is optimized with the Yoast SEO plugin v27.5 - https:\/\/yoast.com\/product\/yoast-seo-wordpress\/ -->\n<title>Le Burundi r\u00e9affirme son soutien \u00e0 l\u2019int\u00e9grit\u00e9 territoriale du Maroc et \u00e0 la souverainet\u00e9 du Royaume sur son Sahara - Dpress.ma\/fr<\/title>\n<meta name=\"robots\" content=\"index, follow, max-snippet:-1, max-image-preview:large, max-video-preview:-1\" \/>\n<link rel=\"canonical\" href=\"https:\/\/dpress.ma\/fr\/2025\/05\/12\/le-burundi-reaffirme-son-soutien-a-lintegrite-territoriale-du-maroc-et-a-la-souverainete-du-royaume-sur-son-sahara\/\" \/>\n<meta property=\"og:locale\" content=\"fr_FR\" \/>\n<meta property=\"og:type\" content=\"article\" \/>\n<meta property=\"og:title\" content=\"Le Burundi r\u00e9affirme son soutien \u00e0 l\u2019int\u00e9grit\u00e9 territoriale du Maroc et \u00e0 la souverainet\u00e9 du Royaume sur son Sahara - Dpress.ma\/fr\" \/>\n<meta property=\"og:description\" content=\"dpress La R\u00e9publique du Burundi a r\u00e9affirm\u00e9, lundi, son soutien \u00e0 l\u2019int\u00e9grit\u00e9 territoriale du Maroc et \u00e0 la souverainet\u00e9 du Royaume sur son Sahara. Cette position a \u00e9t\u00e9 exprim\u00e9e par le ministre burundais des Affaires \u00e9trang\u00e8res, Albert Shingiro, dans un communiqu\u00e9 conjoint sign\u00e9 \u00e0 l\u2019occasion de la tenue \u00e0 Rabat de la premi\u00e8re session de &hellip;\" \/>\n<meta property=\"og:url\" content=\"https:\/\/dpress.ma\/fr\/2025\/05\/12\/le-burundi-reaffirme-son-soutien-a-lintegrite-territoriale-du-maroc-et-a-la-souverainete-du-royaume-sur-son-sahara\/\" \/>\n<meta property=\"og:site_name\" content=\"Dpress.ma\/fr\" \/>\n<meta property=\"article:published_time\" content=\"2025-05-12T14:16:56+00:00\" \/>\n<meta property=\"article:modified_time\" content=\"2025-05-12T14:20:55+00:00\" \/>\n<meta property=\"og:image\" content=\"https:\/\/dpress.ma\/fr\/wp-content\/uploads\/sites\/2\/2025\/05\/dimensions2-70.jpg\" \/>\n\t<meta property=\"og:image:width\" content=\"2539\" \/>\n\t<meta property=\"og:image:height\" content=\"1594\" \/>\n\t<meta property=\"og:image:type\" content=\"image\/jpeg\" \/>\n<meta name=\"author\" content=\"Dpress.ma\" \/>\n<meta name=\"twitter:card\" content=\"summary_large_image\" \/>\n<meta name=\"twitter:label1\" content=\"\u00c9crit par\" \/>\n\t<meta name=\"twitter:data1\" content=\"Dpress.ma\" \/>\n\t<meta name=\"twitter:label2\" content=\"Dur\u00e9e de lecture estim\u00e9e\" \/>\n\t<meta name=\"twitter:data2\" content=\"2 minutes\" \/>\n<script type=\"application\/ld+json\" class=\"yoast-schema-graph\">{\"@context\":\"https:\\\/\\\/schema.org\",\"@graph\":[{\"@type\":\"Article\",\"@id\":\"https:\\\/\\\/dpress.ma\\\/fr\\\/2025\\\/05\\\/12\\\/le-burundi-reaffirme-son-soutien-a-lintegrite-territoriale-du-maroc-et-a-la-souverainete-du-royaume-sur-son-sahara\\\/#article\",\"isPartOf\":{\"@id\":\"https:\\\/\\\/dpress.ma\\\/fr\\\/2025\\\/05\\\/12\\\/le-burundi-reaffirme-son-soutien-a-lintegrite-territoriale-du-maroc-et-a-la-souverainete-du-royaume-sur-son-sahara\\\/\"},\"author\":{\"name\":\"Dpress.ma\",\"@id\":\"https:\\\/\\\/dpress.ma\\\/fr\\\/#\\\/schema\\\/person\\\/4898febf3ccd59e6578d838656a306a0\"},\"headline\":\"Le Burundi r\u00e9affirme son soutien \u00e0 l\u2019int\u00e9grit\u00e9 territoriale du Maroc et \u00e0 la souverainet\u00e9 du Royaume sur son Sahara\",\"datePublished\":\"2025-05-12T14:16:56+00:00\",\"dateModified\":\"2025-05-12T14:20:55+00:00\",\"mainEntityOfPage\":{\"@id\":\"https:\\\/\\\/dpress.ma\\\/fr\\\/2025\\\/05\\\/12\\\/le-burundi-reaffirme-son-soutien-a-lintegrite-territoriale-du-maroc-et-a-la-souverainete-du-royaume-sur-son-sahara\\\/\"},\"wordCount\":261,\"commentCount\":0,\"image\":{\"@id\":\"https:\\\/\\\/dpress.ma\\\/fr\\\/2025\\\/05\\\/12\\\/le-burundi-reaffirme-son-soutien-a-lintegrite-territoriale-du-maroc-et-a-la-souverainete-du-royaume-sur-son-sahara\\\/#primaryimage\"},\"thumbnailUrl\":\"https:\\\/\\\/dpress.ma\\\/fr\\\/wp-content\\\/uploads\\\/sites\\\/2\\\/2025\\\/05\\\/dimensions2-70.jpg\",\"articleSection\":[\"Sahara Marocain\"],\"inLanguage\":\"fr-FR\",\"potentialAction\":[{\"@type\":\"CommentAction\",\"name\":\"Comment\",\"target\":[\"https:\\\/\\\/dpress.ma\\\/fr\\\/2025\\\/05\\\/12\\\/le-burundi-reaffirme-son-soutien-a-lintegrite-territoriale-du-maroc-et-a-la-souverainete-du-royaume-sur-son-sahara\\\/#respond\"]}]},{\"@type\":\"WebPage\",\"@id\":\"https:\\\/\\\/dpress.ma\\\/fr\\\/2025\\\/05\\\/12\\\/le-burundi-reaffirme-son-soutien-a-lintegrite-territoriale-du-maroc-et-a-la-souverainete-du-royaume-sur-son-sahara\\\/\",\"url\":\"https:\\\/\\\/dpress.ma\\\/fr\\\/2025\\\/05\\\/12\\\/le-burundi-reaffirme-son-soutien-a-lintegrite-territoriale-du-maroc-et-a-la-souverainete-du-royaume-sur-son-sahara\\\/\",\"name\":\"Le Burundi r\u00e9affirme son soutien \u00e0 l\u2019int\u00e9grit\u00e9 territoriale du Maroc et \u00e0 la souverainet\u00e9 du Royaume sur son Sahara - Dpress.ma\\\/fr\",\"isPartOf\":{\"@id\":\"https:\\\/\\\/dpress.ma\\\/fr\\\/#website\"},\"primaryImageOfPage\":{\"@id\":\"https:\\\/\\\/dpress.ma\\\/fr\\\/2025\\\/05\\\/12\\\/le-burundi-reaffirme-son-soutien-a-lintegrite-territoriale-du-maroc-et-a-la-souverainete-du-royaume-sur-son-sahara\\\/#primaryimage\"},\"image\":{\"@id\":\"https:\\\/\\\/dpress.ma\\\/fr\\\/2025\\\/05\\\/12\\\/le-burundi-reaffirme-son-soutien-a-lintegrite-territoriale-du-maroc-et-a-la-souverainete-du-royaume-sur-son-sahara\\\/#primaryimage\"},\"thumbnailUrl\":\"https:\\\/\\\/dpress.ma\\\/fr\\\/wp-content\\\/uploads\\\/sites\\\/2\\\/2025\\\/05\\\/dimensions2-70.jpg\",\"datePublished\":\"2025-05-12T14:16:56+00:00\",\"dateModified\":\"2025-05-12T14:20:55+00:00\",\"author\":{\"@id\":\"https:\\\/\\\/dpress.ma\\\/fr\\\/#\\\/schema\\\/person\\\/4898febf3ccd59e6578d838656a306a0\"},\"breadcrumb\":{\"@id\":\"https:\\\/\\\/dpress.ma\\\/fr\\\/2025\\\/05\\\/12\\\/le-burundi-reaffirme-son-soutien-a-lintegrite-territoriale-du-maroc-et-a-la-souverainete-du-royaume-sur-son-sahara\\\/#breadcrumb\"},\"inLanguage\":\"fr-FR\",\"potentialAction\":[{\"@type\":\"ReadAction\",\"target\":[\"https:\\\/\\\/dpress.ma\\\/fr\\\/2025\\\/05\\\/12\\\/le-burundi-reaffirme-son-soutien-a-lintegrite-territoriale-du-maroc-et-a-la-souverainete-du-royaume-sur-son-sahara\\\/\"]}]},{\"@type\":\"ImageObject\",\"inLanguage\":\"fr-FR\",\"@id\":\"https:\\\/\\\/dpress.ma\\\/fr\\\/2025\\\/05\\\/12\\\/le-burundi-reaffirme-son-soutien-a-lintegrite-territoriale-du-maroc-et-a-la-souverainete-du-royaume-sur-son-sahara\\\/#primaryimage\",\"url\":\"https:\\\/\\\/dpress.ma\\\/fr\\\/wp-content\\\/uploads\\\/sites\\\/2\\\/2025\\\/05\\\/dimensions2-70.jpg\",\"contentUrl\":\"https:\\\/\\\/dpress.ma\\\/fr\\\/wp-content\\\/uploads\\\/sites\\\/2\\\/2025\\\/05\\\/dimensions2-70.jpg\",\"width\":2539,\"height\":1594},{\"@type\":\"BreadcrumbList\",\"@id\":\"https:\\\/\\\/dpress.ma\\\/fr\\\/2025\\\/05\\\/12\\\/le-burundi-reaffirme-son-soutien-a-lintegrite-territoriale-du-maroc-et-a-la-souverainete-du-royaume-sur-son-sahara\\\/#breadcrumb\",\"itemListElement\":[{\"@type\":\"ListItem\",\"position\":1,\"name\":\"Home\",\"item\":\"https:\\\/\\\/dpress.ma\\\/fr\\\/\"},{\"@type\":\"ListItem\",\"position\":2,\"name\":\"Le Burundi r\u00e9affirme son soutien \u00e0 l\u2019int\u00e9grit\u00e9 territoriale du Maroc et \u00e0 la souverainet\u00e9 du Royaume sur son Sahara\"}]},{\"@type\":\"WebSite\",\"@id\":\"https:\\\/\\\/dpress.ma\\\/fr\\\/#website\",\"url\":\"https:\\\/\\\/dpress.ma\\\/fr\\\/\",\"name\":\"Dpress.ma\\\/fr\",\"description\":\"\",\"potentialAction\":[{\"@type\":\"SearchAction\",\"target\":{\"@type\":\"EntryPoint\",\"urlTemplate\":\"https:\\\/\\\/dpress.ma\\\/fr\\\/?s={search_term_string}\"},\"query-input\":{\"@type\":\"PropertyValueSpecification\",\"valueRequired\":true,\"valueName\":\"search_term_string\"}}],\"inLanguage\":\"fr-FR\"},{\"@type\":\"Person\",\"@id\":\"https:\\\/\\\/dpress.ma\\\/fr\\\/#\\\/schema\\\/person\\\/4898febf3ccd59e6578d838656a306a0\",\"name\":\"Dpress.ma\",\"image\":{\"@type\":\"ImageObject\",\"inLanguage\":\"fr-FR\",\"@id\":\"https:\\\/\\\/secure.gravatar.com\\\/avatar\\\/72ecc30e9db047a2e0e7176561eb9d564ed77c8108376495b19bd8336405198a?s=96&d=mm&r=g\",\"url\":\"https:\\\/\\\/secure.gravatar.com\\\/avatar\\\/72ecc30e9db047a2e0e7176561eb9d564ed77c8108376495b19bd8336405198a?s=96&d=mm&r=g\",\"contentUrl\":\"https:\\\/\\\/secure.gravatar.com\\\/avatar\\\/72ecc30e9db047a2e0e7176561eb9d564ed77c8108376495b19bd8336405198a?s=96&d=mm&r=g\",\"caption\":\"Dpress.ma\"},\"sameAs\":[\"https:\\\/\\\/www.dpress.ma\"],\"url\":\"https:\\\/\\\/dpress.ma\\\/fr\\\/author\\\/dpress-ma\\\/\"}]}<\/script>\n<!-- \/ Yoast SEO plugin. -->","yoast_head_json":{"title":"Le Burundi r\u00e9affirme son soutien \u00e0 l\u2019int\u00e9grit\u00e9 territoriale du Maroc et \u00e0 la souverainet\u00e9 du Royaume sur son Sahara - Dpress.ma\/fr","robots":{"index":"index","follow":"follow","max-snippet":"max-snippet:-1","max-image-preview":"max-image-preview:large","max-video-preview":"max-video-preview:-1"},"canonical":"https:\/\/dpress.ma\/fr\/2025\/05\/12\/le-burundi-reaffirme-son-soutien-a-lintegrite-territoriale-du-maroc-et-a-la-souverainete-du-royaume-sur-son-sahara\/","og_locale":"fr_FR","og_type":"article","og_title":"Le Burundi r\u00e9affirme son soutien \u00e0 l\u2019int\u00e9grit\u00e9 territoriale du Maroc et \u00e0 la souverainet\u00e9 du Royaume sur son Sahara - Dpress.ma\/fr","og_description":"dpress La R\u00e9publique du Burundi a r\u00e9affirm\u00e9, lundi, son soutien \u00e0 l\u2019int\u00e9grit\u00e9 territoriale du Maroc et \u00e0 la souverainet\u00e9 du Royaume sur son Sahara. Cette position a \u00e9t\u00e9 exprim\u00e9e par le ministre burundais des Affaires \u00e9trang\u00e8res, Albert Shingiro, dans un communiqu\u00e9 conjoint sign\u00e9 \u00e0 l\u2019occasion de la tenue \u00e0 Rabat de la premi\u00e8re session de &hellip;","og_url":"https:\/\/dpress.ma\/fr\/2025\/05\/12\/le-burundi-reaffirme-son-soutien-a-lintegrite-territoriale-du-maroc-et-a-la-souverainete-du-royaume-sur-son-sahara\/","og_site_name":"Dpress.ma\/fr","article_published_time":"2025-05-12T14:16:56+00:00","article_modified_time":"2025-05-12T14:20:55+00:00","og_image":[{"width":2539,"height":1594,"url":"https:\/\/dpress.ma\/fr\/wp-content\/uploads\/sites\/2\/2025\/05\/dimensions2-70.jpg","type":"image\/jpeg"}],"author":"Dpress.ma","twitter_card":"summary_large_image","twitter_misc":{"\u00c9crit par":"Dpress.ma","Dur\u00e9e de lecture estim\u00e9e":"2 minutes"},"schema":{"@context":"https:\/\/schema.org","@graph":[{"@type":"Article","@id":"https:\/\/dpress.ma\/fr\/2025\/05\/12\/le-burundi-reaffirme-son-soutien-a-lintegrite-territoriale-du-maroc-et-a-la-souverainete-du-royaume-sur-son-sahara\/#article","isPartOf":{"@id":"https:\/\/dpress.ma\/fr\/2025\/05\/12\/le-burundi-reaffirme-son-soutien-a-lintegrite-territoriale-du-maroc-et-a-la-souverainete-du-royaume-sur-son-sahara\/"},"author":{"name":"Dpress.ma","@id":"https:\/\/dpress.ma\/fr\/#\/schema\/person\/4898febf3ccd59e6578d838656a306a0"},"headline":"Le Burundi r\u00e9affirme son soutien \u00e0 l\u2019int\u00e9grit\u00e9 territoriale du Maroc et \u00e0 la souverainet\u00e9 du Royaume sur son Sahara","datePublished":"2025-05-12T14:16:56+00:00","dateModified":"2025-05-12T14:20:55+00:00","mainEntityOfPage":{"@id":"https:\/\/dpress.ma\/fr\/2025\/05\/12\/le-burundi-reaffirme-son-soutien-a-lintegrite-territoriale-du-maroc-et-a-la-souverainete-du-royaume-sur-son-sahara\/"},"wordCount":261,"commentCount":0,"image":{"@id":"https:\/\/dpress.ma\/fr\/2025\/05\/12\/le-burundi-reaffirme-son-soutien-a-lintegrite-territoriale-du-maroc-et-a-la-souverainete-du-royaume-sur-son-sahara\/#primaryimage"},"thumbnailUrl":"https:\/\/dpress.ma\/fr\/wp-content\/uploads\/sites\/2\/2025\/05\/dimensions2-70.jpg","articleSection":["Sahara Marocain"],"inLanguage":"fr-FR","potentialAction":[{"@type":"CommentAction","name":"Comment","target":["https:\/\/dpress.ma\/fr\/2025\/05\/12\/le-burundi-reaffirme-son-soutien-a-lintegrite-territoriale-du-maroc-et-a-la-souverainete-du-royaume-sur-son-sahara\/#respond"]}]},{"@type":"WebPage","@id":"https:\/\/dpress.ma\/fr\/2025\/05\/12\/le-burundi-reaffirme-son-soutien-a-lintegrite-territoriale-du-maroc-et-a-la-souverainete-du-royaume-sur-son-sahara\/","url":"https:\/\/dpress.ma\/fr\/2025\/05\/12\/le-burundi-reaffirme-son-soutien-a-lintegrite-territoriale-du-maroc-et-a-la-souverainete-du-royaume-sur-son-sahara\/","name":"Le Burundi r\u00e9affirme son soutien \u00e0 l\u2019int\u00e9grit\u00e9 territoriale du Maroc et \u00e0 la souverainet\u00e9 du Royaume sur son Sahara - Dpress.ma\/fr","isPartOf":{"@id":"https:\/\/dpress.ma\/fr\/#website"},"primaryImageOfPage":{"@id":"https:\/\/dpress.ma\/fr\/2025\/05\/12\/le-burundi-reaffirme-son-soutien-a-lintegrite-territoriale-du-maroc-et-a-la-souverainete-du-royaume-sur-son-sahara\/#primaryimage"},"image":{"@id":"https:\/\/dpress.ma\/fr\/2025\/05\/12\/le-burundi-reaffirme-son-soutien-a-lintegrite-territoriale-du-maroc-et-a-la-souverainete-du-royaume-sur-son-sahara\/#primaryimage"},"thumbnailUrl":"https:\/\/dpress.ma\/fr\/wp-content\/uploads\/sites\/2\/2025\/05\/dimensions2-70.jpg","datePublished":"2025-05-12T14:16:56+00:00","dateModified":"2025-05-12T14:20:55+00:00","author":{"@id":"https:\/\/dpress.ma\/fr\/#\/schema\/person\/4898febf3ccd59e6578d838656a306a0"},"breadcrumb":{"@id":"https:\/\/dpress.ma\/fr\/2025\/05\/12\/le-burundi-reaffirme-son-soutien-a-lintegrite-territoriale-du-maroc-et-a-la-souverainete-du-royaume-sur-son-sahara\/#breadcrumb"},"inLanguage":"fr-FR","potentialAction":[{"@type":"ReadAction","target":["https:\/\/dpress.ma\/fr\/2025\/05\/12\/le-burundi-reaffirme-son-soutien-a-lintegrite-territoriale-du-maroc-et-a-la-souverainete-du-royaume-sur-son-sahara\/"]}]},{"@type":"ImageObject","inLanguage":"fr-FR","@id":"https:\/\/dpress.ma\/fr\/2025\/05\/12\/le-burundi-reaffirme-son-soutien-a-lintegrite-territoriale-du-maroc-et-a-la-souverainete-du-royaume-sur-son-sahara\/#primaryimage","url":"https:\/\/dpress.ma\/fr\/wp-content\/uploads\/sites\/2\/2025\/05\/dimensions2-70.jpg","contentUrl":"https:\/\/dpress.ma\/fr\/wp-content\/uploads\/sites\/2\/2025\/05\/dimensions2-70.jpg","width":2539,"height":1594},{"@type":"BreadcrumbList","@id":"https:\/\/dpress.ma\/fr\/2025\/05\/12\/le-burundi-reaffirme-son-soutien-a-lintegrite-territoriale-du-maroc-et-a-la-souverainete-du-royaume-sur-son-sahara\/#breadcrumb","itemListElement":[{"@type":"ListItem","position":1,"name":"Home","item":"https:\/\/dpress.ma\/fr\/"},{"@type":"ListItem","position":2,"name":"Le Burundi r\u00e9affirme son soutien \u00e0 l\u2019int\u00e9grit\u00e9 territoriale du Maroc et \u00e0 la souverainet\u00e9 du Royaume sur son Sahara"}]},{"@type":"WebSite","@id":"https:\/\/dpress.ma\/fr\/#website","url":"https:\/\/dpress.ma\/fr\/","name":"Dpress.ma\/fr","description":"","potentialAction":[{"@type":"SearchAction","target":{"@type":"EntryPoint","urlTemplate":"https:\/\/dpress.ma\/fr\/?s={search_term_string}"},"query-input":{"@type":"PropertyValueSpecification","valueRequired":true,"valueName":"search_term_string"}}],"inLanguage":"fr-FR"},{"@type":"Person","@id":"https:\/\/dpress.ma\/fr\/#\/schema\/person\/4898febf3ccd59e6578d838656a306a0","name":"Dpress.ma","image":{"@type":"ImageObject","inLanguage":"fr-FR","@id":"https:\/\/secure.gravatar.com\/avatar\/72ecc30e9db047a2e0e7176561eb9d564ed77c8108376495b19bd8336405198a?s=96&d=mm&r=g","url":"https:\/\/secure.gravatar.com\/avatar\/72ecc30e9db047a2e0e7176561eb9d564ed77c8108376495b19bd8336405198a?s=96&d=mm&r=g","contentUrl":"https:\/\/secure.gravatar.com\/avatar\/72ecc30e9db047a2e0e7176561eb9d564ed77c8108376495b19bd8336405198a?s=96&d=mm&r=g","caption":"Dpress.ma"},"sameAs":["https:\/\/www.dpress.ma"],"url":"https:\/\/dpress.ma\/fr\/author\/dpress-ma\/"}]}},"amp_enabled":true,"_links":{"self":[{"href":"https:\/\/dpress.ma\/fr\/wp-json\/wp\/v2\/posts\/14510","targetHints":{"allow":["GET"]}}],"collection":[{"href":"https:\/\/dpress.ma\/fr\/wp-json\/wp\/v2\/posts"}],"about":[{"href":"https:\/\/dpress.ma\/fr\/wp-json\/wp\/v2\/types\/post"}],"author":[{"embeddable":true,"href":"https:\/\/dpress.ma\/fr\/wp-json\/wp\/v2\/users\/2"}],"replies":[{"embeddable":true,"href":"https:\/\/dpress.ma\/fr\/wp-json\/wp\/v2\/comments?post=14510"}],"version-history":[{"count":1,"href":"https:\/\/dpress.ma\/fr\/wp-json\/wp\/v2\/posts\/14510\/revisions"}],"predecessor-version":[{"id":14512,"href":"https:\/\/dpress.ma\/fr\/wp-json\/wp\/v2\/posts\/14510\/revisions\/14512"}],"wp:featuredmedia":[{"embeddable":true,"href":"https:\/\/dpress.ma\/fr\/wp-json\/wp\/v2\/media\/14513"}],"wp:attachment":[{"href":"https:\/\/dpress.ma\/fr\/wp-json\/wp\/v2\/media?parent=14510"}],"wp:term":[{"taxonomy":"category","embeddable":true,"href":"https:\/\/dpress.ma\/fr\/wp-json\/wp\/v2\/categories?post=14510"},{"taxonomy":"post_tag","embeddable":true,"href":"https:\/\/dpress.ma\/fr\/wp-json\/wp\/v2\/tags?post=14510"}],"curies":[{"name":"wp","href":"https:\/\/api.w.org\/{rel}","templated":true}]}}