{"id":14507,"date":"2025-05-12T13:36:51","date_gmt":"2025-05-12T13:36:51","guid":{"rendered":"https:\/\/dpress.ma\/fr\/?p=14507"},"modified":"2025-05-12T13:36:53","modified_gmt":"2025-05-12T13:36:53","slug":"tenue-a-rabat-de-la-1ere-session-de-la-commission-mixte-de-cooperation-maroc-burundi","status":"publish","type":"post","link":"https:\/\/dpress.ma\/fr\/2025\/05\/12\/tenue-a-rabat-de-la-1ere-session-de-la-commission-mixte-de-cooperation-maroc-burundi\/","title":{"rendered":"Tenue \u00e0 Rabat de la 1\u00e8re session de la Commission Mixte de Coop\u00e9ration Maroc-Burundi"},"content":{"rendered":"\n<p>dpress<\/p>\n\n\n\n<p>Le ministre des Affaires \u00e9trang\u00e8res, de la Coop\u00e9ration africaine et des Marocains r\u00e9sidant \u00e0 l\u2019\u00e9tranger, Nasser Bourita, a re\u00e7u, lundi \u00e0 Rabat, son homologue burundais, Albert Shingiro, \u00e0 l\u2019occasion de la tenue de la 1\u00e8re session de la Commission Mixte de Coop\u00e9ration entre le Royaume du Maroc et la R\u00e9publique du Burundi.<\/p>\n\n\n\n<p>Cette premi\u00e8re Commission Mixte est appel\u00e9e \u00e0 donner une nouvelle impulsion pour consolider davantage les liens entre le Maroc et le Burundi.<\/p>\n\n\n\n<p>Dans ce cadre, les deux ministres ont sign\u00e9 dix accords de coop\u00e9ration, portant sur divers domaines dont les finances, l\u2019\u00e9nergie, l\u2019infrastructure, l\u2019agriculture, la sant\u00e9, le tourisme, la formation professionnelle, les bourses acad\u00e9miques et le partage d\u2019expertises, l\u2019\u00e9ducation, la formation, la d\u00e9centralisation et la gouvernance locale, ainsi qu\u2019une nouvelle Feuille de Route de coop\u00e9ration pour la p\u00e9riode 2025-2027 couvrant plusieurs secteurs d\u2019activit\u00e9s.<\/p>\n\n\n\n<p>Les deux ministres se sont aussi f\u00e9licit\u00e9s de la qualit\u00e9 des relations bilat\u00e9rales privil\u00e9gi\u00e9es entre le Maroc et le Burundi, qui sont marqu\u00e9es du sceau de la fraternit\u00e9 et de l\u2019amiti\u00e9 gr\u00e2ce \u00e0 la volont\u00e9 clairvoyante des deux Chefs d\u2019\u00c9tat, Sa Majest\u00e9 le Roi Mohammed VI, que Dieu L\u2019assiste, et Son Excellence M. Evariste Ndayishimiye, Pr\u00e9sident de la R\u00e9publique du Burundi.<\/p>\n","protected":false},"excerpt":{"rendered":"<p>dpress Le ministre des Affaires \u00e9trang\u00e8res, de la Coop\u00e9ration africaine et des Marocains r\u00e9sidant \u00e0 l\u2019\u00e9tranger, Nasser Bourita, a re\u00e7u, lundi \u00e0 Rabat, son homologue burundais, Albert Shingiro, \u00e0 l\u2019occasion de la tenue de la 1\u00e8re session de la Commission Mixte de Coop\u00e9ration entre le Royaume du Maroc et la R\u00e9publique du Burundi. Cette premi\u00e8re &hellip;<\/p>\n","protected":false},"author":2,"featured_media":14508,"comment_status":"open","ping_status":"open","sticky":false,"template":"","format":"standard","meta":{"footnotes":""},"categories":[26],"tags":[],"class_list":["post-14507","post","type-post","status-publish","format-standard","has-post-thumbnail","hentry","category-politiques"],"yoast_head":"<!-- This site is optimized with the Yoast SEO plugin v27.5 - https:\/\/yoast.com\/product\/yoast-seo-wordpress\/ -->\n<title>Tenue \u00e0 Rabat de la 1\u00e8re session de la Commission Mixte de Coop\u00e9ration Maroc-Burundi - Dpress.ma\/fr<\/title>\n<meta name=\"robots\" content=\"index, follow, max-snippet:-1, max-image-preview:large, max-video-preview:-1\" \/>\n<link rel=\"canonical\" href=\"https:\/\/dpress.ma\/fr\/2025\/05\/12\/tenue-a-rabat-de-la-1ere-session-de-la-commission-mixte-de-cooperation-maroc-burundi\/\" \/>\n<meta property=\"og:locale\" content=\"fr_FR\" \/>\n<meta property=\"og:type\" content=\"article\" \/>\n<meta property=\"og:title\" content=\"Tenue \u00e0 Rabat de la 1\u00e8re session de la Commission Mixte de Coop\u00e9ration Maroc-Burundi - Dpress.ma\/fr\" \/>\n<meta property=\"og:description\" content=\"dpress Le ministre des Affaires \u00e9trang\u00e8res, de la Coop\u00e9ration africaine et des Marocains r\u00e9sidant \u00e0 l\u2019\u00e9tranger, Nasser Bourita, a re\u00e7u, lundi \u00e0 Rabat, son homologue burundais, Albert Shingiro, \u00e0 l\u2019occasion de la tenue de la 1\u00e8re session de la Commission Mixte de Coop\u00e9ration entre le Royaume du Maroc et la R\u00e9publique du Burundi. Cette premi\u00e8re &hellip;\" \/>\n<meta property=\"og:url\" content=\"https:\/\/dpress.ma\/fr\/2025\/05\/12\/tenue-a-rabat-de-la-1ere-session-de-la-commission-mixte-de-cooperation-maroc-burundi\/\" \/>\n<meta property=\"og:site_name\" content=\"Dpress.ma\/fr\" \/>\n<meta property=\"article:published_time\" content=\"2025-05-12T13:36:51+00:00\" \/>\n<meta property=\"article:modified_time\" content=\"2025-05-12T13:36:53+00:00\" \/>\n<meta property=\"og:image\" content=\"https:\/\/dpress.ma\/fr\/wp-content\/uploads\/sites\/2\/2025\/05\/dimensions2-68.jpg\" \/>\n\t<meta property=\"og:image:width\" content=\"2539\" \/>\n\t<meta property=\"og:image:height\" content=\"1594\" \/>\n\t<meta property=\"og:image:type\" content=\"image\/jpeg\" \/>\n<meta name=\"author\" content=\"Dpress.ma\" \/>\n<meta name=\"twitter:card\" content=\"summary_large_image\" \/>\n<meta name=\"twitter:label1\" content=\"\u00c9crit par\" \/>\n\t<meta name=\"twitter:data1\" content=\"Dpress.ma\" \/>\n\t<meta name=\"twitter:label2\" content=\"Dur\u00e9e de lecture estim\u00e9e\" \/>\n\t<meta name=\"twitter:data2\" content=\"2 minutes\" \/>\n<script type=\"application\/ld+json\" class=\"yoast-schema-graph\">{\"@context\":\"https:\\\/\\\/schema.org\",\"@graph\":[{\"@type\":\"Article\",\"@id\":\"https:\\\/\\\/dpress.ma\\\/fr\\\/2025\\\/05\\\/12\\\/tenue-a-rabat-de-la-1ere-session-de-la-commission-mixte-de-cooperation-maroc-burundi\\\/#article\",\"isPartOf\":{\"@id\":\"https:\\\/\\\/dpress.ma\\\/fr\\\/2025\\\/05\\\/12\\\/tenue-a-rabat-de-la-1ere-session-de-la-commission-mixte-de-cooperation-maroc-burundi\\\/\"},\"author\":{\"name\":\"Dpress.ma\",\"@id\":\"https:\\\/\\\/dpress.ma\\\/fr\\\/#\\\/schema\\\/person\\\/4898febf3ccd59e6578d838656a306a0\"},\"headline\":\"Tenue \u00e0 Rabat de la 1\u00e8re session de la Commission Mixte de Coop\u00e9ration Maroc-Burundi\",\"datePublished\":\"2025-05-12T13:36:51+00:00\",\"dateModified\":\"2025-05-12T13:36:53+00:00\",\"mainEntityOfPage\":{\"@id\":\"https:\\\/\\\/dpress.ma\\\/fr\\\/2025\\\/05\\\/12\\\/tenue-a-rabat-de-la-1ere-session-de-la-commission-mixte-de-cooperation-maroc-burundi\\\/\"},\"wordCount\":241,\"commentCount\":0,\"image\":{\"@id\":\"https:\\\/\\\/dpress.ma\\\/fr\\\/2025\\\/05\\\/12\\\/tenue-a-rabat-de-la-1ere-session-de-la-commission-mixte-de-cooperation-maroc-burundi\\\/#primaryimage\"},\"thumbnailUrl\":\"https:\\\/\\\/dpress.ma\\\/fr\\\/wp-content\\\/uploads\\\/sites\\\/2\\\/2025\\\/05\\\/dimensions2-68.jpg\",\"articleSection\":[\"Politiques\"],\"inLanguage\":\"fr-FR\",\"potentialAction\":[{\"@type\":\"CommentAction\",\"name\":\"Comment\",\"target\":[\"https:\\\/\\\/dpress.ma\\\/fr\\\/2025\\\/05\\\/12\\\/tenue-a-rabat-de-la-1ere-session-de-la-commission-mixte-de-cooperation-maroc-burundi\\\/#respond\"]}]},{\"@type\":\"WebPage\",\"@id\":\"https:\\\/\\\/dpress.ma\\\/fr\\\/2025\\\/05\\\/12\\\/tenue-a-rabat-de-la-1ere-session-de-la-commission-mixte-de-cooperation-maroc-burundi\\\/\",\"url\":\"https:\\\/\\\/dpress.ma\\\/fr\\\/2025\\\/05\\\/12\\\/tenue-a-rabat-de-la-1ere-session-de-la-commission-mixte-de-cooperation-maroc-burundi\\\/\",\"name\":\"Tenue \u00e0 Rabat de la 1\u00e8re session de la Commission Mixte de Coop\u00e9ration Maroc-Burundi - Dpress.ma\\\/fr\",\"isPartOf\":{\"@id\":\"https:\\\/\\\/dpress.ma\\\/fr\\\/#website\"},\"primaryImageOfPage\":{\"@id\":\"https:\\\/\\\/dpress.ma\\\/fr\\\/2025\\\/05\\\/12\\\/tenue-a-rabat-de-la-1ere-session-de-la-commission-mixte-de-cooperation-maroc-burundi\\\/#primaryimage\"},\"image\":{\"@id\":\"https:\\\/\\\/dpress.ma\\\/fr\\\/2025\\\/05\\\/12\\\/tenue-a-rabat-de-la-1ere-session-de-la-commission-mixte-de-cooperation-maroc-burundi\\\/#primaryimage\"},\"thumbnailUrl\":\"https:\\\/\\\/dpress.ma\\\/fr\\\/wp-content\\\/uploads\\\/sites\\\/2\\\/2025\\\/05\\\/dimensions2-68.jpg\",\"datePublished\":\"2025-05-12T13:36:51+00:00\",\"dateModified\":\"2025-05-12T13:36:53+00:00\",\"author\":{\"@id\":\"https:\\\/\\\/dpress.ma\\\/fr\\\/#\\\/schema\\\/person\\\/4898febf3ccd59e6578d838656a306a0\"},\"breadcrumb\":{\"@id\":\"https:\\\/\\\/dpress.ma\\\/fr\\\/2025\\\/05\\\/12\\\/tenue-a-rabat-de-la-1ere-session-de-la-commission-mixte-de-cooperation-maroc-burundi\\\/#breadcrumb\"},\"inLanguage\":\"fr-FR\",\"potentialAction\":[{\"@type\":\"ReadAction\",\"target\":[\"https:\\\/\\\/dpress.ma\\\/fr\\\/2025\\\/05\\\/12\\\/tenue-a-rabat-de-la-1ere-session-de-la-commission-mixte-de-cooperation-maroc-burundi\\\/\"]}]},{\"@type\":\"ImageObject\",\"inLanguage\":\"fr-FR\",\"@id\":\"https:\\\/\\\/dpress.ma\\\/fr\\\/2025\\\/05\\\/12\\\/tenue-a-rabat-de-la-1ere-session-de-la-commission-mixte-de-cooperation-maroc-burundi\\\/#primaryimage\",\"url\":\"https:\\\/\\\/dpress.ma\\\/fr\\\/wp-content\\\/uploads\\\/sites\\\/2\\\/2025\\\/05\\\/dimensions2-68.jpg\",\"contentUrl\":\"https:\\\/\\\/dpress.ma\\\/fr\\\/wp-content\\\/uploads\\\/sites\\\/2\\\/2025\\\/05\\\/dimensions2-68.jpg\",\"width\":2539,\"height\":1594},{\"@type\":\"BreadcrumbList\",\"@id\":\"https:\\\/\\\/dpress.ma\\\/fr\\\/2025\\\/05\\\/12\\\/tenue-a-rabat-de-la-1ere-session-de-la-commission-mixte-de-cooperation-maroc-burundi\\\/#breadcrumb\",\"itemListElement\":[{\"@type\":\"ListItem\",\"position\":1,\"name\":\"Home\",\"item\":\"https:\\\/\\\/dpress.ma\\\/fr\\\/\"},{\"@type\":\"ListItem\",\"position\":2,\"name\":\"Tenue \u00e0 Rabat de la 1\u00e8re session de la Commission Mixte de Coop\u00e9ration Maroc-Burundi\"}]},{\"@type\":\"WebSite\",\"@id\":\"https:\\\/\\\/dpress.ma\\\/fr\\\/#website\",\"url\":\"https:\\\/\\\/dpress.ma\\\/fr\\\/\",\"name\":\"Dpress.ma\\\/fr\",\"description\":\"\",\"potentialAction\":[{\"@type\":\"SearchAction\",\"target\":{\"@type\":\"EntryPoint\",\"urlTemplate\":\"https:\\\/\\\/dpress.ma\\\/fr\\\/?s={search_term_string}\"},\"query-input\":{\"@type\":\"PropertyValueSpecification\",\"valueRequired\":true,\"valueName\":\"search_term_string\"}}],\"inLanguage\":\"fr-FR\"},{\"@type\":\"Person\",\"@id\":\"https:\\\/\\\/dpress.ma\\\/fr\\\/#\\\/schema\\\/person\\\/4898febf3ccd59e6578d838656a306a0\",\"name\":\"Dpress.ma\",\"image\":{\"@type\":\"ImageObject\",\"inLanguage\":\"fr-FR\",\"@id\":\"https:\\\/\\\/secure.gravatar.com\\\/avatar\\\/72ecc30e9db047a2e0e7176561eb9d564ed77c8108376495b19bd8336405198a?s=96&d=mm&r=g\",\"url\":\"https:\\\/\\\/secure.gravatar.com\\\/avatar\\\/72ecc30e9db047a2e0e7176561eb9d564ed77c8108376495b19bd8336405198a?s=96&d=mm&r=g\",\"contentUrl\":\"https:\\\/\\\/secure.gravatar.com\\\/avatar\\\/72ecc30e9db047a2e0e7176561eb9d564ed77c8108376495b19bd8336405198a?s=96&d=mm&r=g\",\"caption\":\"Dpress.ma\"},\"sameAs\":[\"https:\\\/\\\/www.dpress.ma\"],\"url\":\"https:\\\/\\\/dpress.ma\\\/fr\\\/author\\\/dpress-ma\\\/\"}]}<\/script>\n<!-- \/ Yoast SEO plugin. -->","yoast_head_json":{"title":"Tenue \u00e0 Rabat de la 1\u00e8re session de la Commission Mixte de Coop\u00e9ration Maroc-Burundi - Dpress.ma\/fr","robots":{"index":"index","follow":"follow","max-snippet":"max-snippet:-1","max-image-preview":"max-image-preview:large","max-video-preview":"max-video-preview:-1"},"canonical":"https:\/\/dpress.ma\/fr\/2025\/05\/12\/tenue-a-rabat-de-la-1ere-session-de-la-commission-mixte-de-cooperation-maroc-burundi\/","og_locale":"fr_FR","og_type":"article","og_title":"Tenue \u00e0 Rabat de la 1\u00e8re session de la Commission Mixte de Coop\u00e9ration Maroc-Burundi - Dpress.ma\/fr","og_description":"dpress Le ministre des Affaires \u00e9trang\u00e8res, de la Coop\u00e9ration africaine et des Marocains r\u00e9sidant \u00e0 l\u2019\u00e9tranger, Nasser Bourita, a re\u00e7u, lundi \u00e0 Rabat, son homologue burundais, Albert Shingiro, \u00e0 l\u2019occasion de la tenue de la 1\u00e8re session de la Commission Mixte de Coop\u00e9ration entre le Royaume du Maroc et la R\u00e9publique du Burundi. Cette premi\u00e8re &hellip;","og_url":"https:\/\/dpress.ma\/fr\/2025\/05\/12\/tenue-a-rabat-de-la-1ere-session-de-la-commission-mixte-de-cooperation-maroc-burundi\/","og_site_name":"Dpress.ma\/fr","article_published_time":"2025-05-12T13:36:51+00:00","article_modified_time":"2025-05-12T13:36:53+00:00","og_image":[{"width":2539,"height":1594,"url":"https:\/\/dpress.ma\/fr\/wp-content\/uploads\/sites\/2\/2025\/05\/dimensions2-68.jpg","type":"image\/jpeg"}],"author":"Dpress.ma","twitter_card":"summary_large_image","twitter_misc":{"\u00c9crit par":"Dpress.ma","Dur\u00e9e de lecture estim\u00e9e":"2 minutes"},"schema":{"@context":"https:\/\/schema.org","@graph":[{"@type":"Article","@id":"https:\/\/dpress.ma\/fr\/2025\/05\/12\/tenue-a-rabat-de-la-1ere-session-de-la-commission-mixte-de-cooperation-maroc-burundi\/#article","isPartOf":{"@id":"https:\/\/dpress.ma\/fr\/2025\/05\/12\/tenue-a-rabat-de-la-1ere-session-de-la-commission-mixte-de-cooperation-maroc-burundi\/"},"author":{"name":"Dpress.ma","@id":"https:\/\/dpress.ma\/fr\/#\/schema\/person\/4898febf3ccd59e6578d838656a306a0"},"headline":"Tenue \u00e0 Rabat de la 1\u00e8re session de la Commission Mixte de Coop\u00e9ration Maroc-Burundi","datePublished":"2025-05-12T13:36:51+00:00","dateModified":"2025-05-12T13:36:53+00:00","mainEntityOfPage":{"@id":"https:\/\/dpress.ma\/fr\/2025\/05\/12\/tenue-a-rabat-de-la-1ere-session-de-la-commission-mixte-de-cooperation-maroc-burundi\/"},"wordCount":241,"commentCount":0,"image":{"@id":"https:\/\/dpress.ma\/fr\/2025\/05\/12\/tenue-a-rabat-de-la-1ere-session-de-la-commission-mixte-de-cooperation-maroc-burundi\/#primaryimage"},"thumbnailUrl":"https:\/\/dpress.ma\/fr\/wp-content\/uploads\/sites\/2\/2025\/05\/dimensions2-68.jpg","articleSection":["Politiques"],"inLanguage":"fr-FR","potentialAction":[{"@type":"CommentAction","name":"Comment","target":["https:\/\/dpress.ma\/fr\/2025\/05\/12\/tenue-a-rabat-de-la-1ere-session-de-la-commission-mixte-de-cooperation-maroc-burundi\/#respond"]}]},{"@type":"WebPage","@id":"https:\/\/dpress.ma\/fr\/2025\/05\/12\/tenue-a-rabat-de-la-1ere-session-de-la-commission-mixte-de-cooperation-maroc-burundi\/","url":"https:\/\/dpress.ma\/fr\/2025\/05\/12\/tenue-a-rabat-de-la-1ere-session-de-la-commission-mixte-de-cooperation-maroc-burundi\/","name":"Tenue \u00e0 Rabat de la 1\u00e8re session de la Commission Mixte de Coop\u00e9ration Maroc-Burundi - Dpress.ma\/fr","isPartOf":{"@id":"https:\/\/dpress.ma\/fr\/#website"},"primaryImageOfPage":{"@id":"https:\/\/dpress.ma\/fr\/2025\/05\/12\/tenue-a-rabat-de-la-1ere-session-de-la-commission-mixte-de-cooperation-maroc-burundi\/#primaryimage"},"image":{"@id":"https:\/\/dpress.ma\/fr\/2025\/05\/12\/tenue-a-rabat-de-la-1ere-session-de-la-commission-mixte-de-cooperation-maroc-burundi\/#primaryimage"},"thumbnailUrl":"https:\/\/dpress.ma\/fr\/wp-content\/uploads\/sites\/2\/2025\/05\/dimensions2-68.jpg","datePublished":"2025-05-12T13:36:51+00:00","dateModified":"2025-05-12T13:36:53+00:00","author":{"@id":"https:\/\/dpress.ma\/fr\/#\/schema\/person\/4898febf3ccd59e6578d838656a306a0"},"breadcrumb":{"@id":"https:\/\/dpress.ma\/fr\/2025\/05\/12\/tenue-a-rabat-de-la-1ere-session-de-la-commission-mixte-de-cooperation-maroc-burundi\/#breadcrumb"},"inLanguage":"fr-FR","potentialAction":[{"@type":"ReadAction","target":["https:\/\/dpress.ma\/fr\/2025\/05\/12\/tenue-a-rabat-de-la-1ere-session-de-la-commission-mixte-de-cooperation-maroc-burundi\/"]}]},{"@type":"ImageObject","inLanguage":"fr-FR","@id":"https:\/\/dpress.ma\/fr\/2025\/05\/12\/tenue-a-rabat-de-la-1ere-session-de-la-commission-mixte-de-cooperation-maroc-burundi\/#primaryimage","url":"https:\/\/dpress.ma\/fr\/wp-content\/uploads\/sites\/2\/2025\/05\/dimensions2-68.jpg","contentUrl":"https:\/\/dpress.ma\/fr\/wp-content\/uploads\/sites\/2\/2025\/05\/dimensions2-68.jpg","width":2539,"height":1594},{"@type":"BreadcrumbList","@id":"https:\/\/dpress.ma\/fr\/2025\/05\/12\/tenue-a-rabat-de-la-1ere-session-de-la-commission-mixte-de-cooperation-maroc-burundi\/#breadcrumb","itemListElement":[{"@type":"ListItem","position":1,"name":"Home","item":"https:\/\/dpress.ma\/fr\/"},{"@type":"ListItem","position":2,"name":"Tenue \u00e0 Rabat de la 1\u00e8re session de la Commission Mixte de Coop\u00e9ration Maroc-Burundi"}]},{"@type":"WebSite","@id":"https:\/\/dpress.ma\/fr\/#website","url":"https:\/\/dpress.ma\/fr\/","name":"Dpress.ma\/fr","description":"","potentialAction":[{"@type":"SearchAction","target":{"@type":"EntryPoint","urlTemplate":"https:\/\/dpress.ma\/fr\/?s={search_term_string}"},"query-input":{"@type":"PropertyValueSpecification","valueRequired":true,"valueName":"search_term_string"}}],"inLanguage":"fr-FR"},{"@type":"Person","@id":"https:\/\/dpress.ma\/fr\/#\/schema\/person\/4898febf3ccd59e6578d838656a306a0","name":"Dpress.ma","image":{"@type":"ImageObject","inLanguage":"fr-FR","@id":"https:\/\/secure.gravatar.com\/avatar\/72ecc30e9db047a2e0e7176561eb9d564ed77c8108376495b19bd8336405198a?s=96&d=mm&r=g","url":"https:\/\/secure.gravatar.com\/avatar\/72ecc30e9db047a2e0e7176561eb9d564ed77c8108376495b19bd8336405198a?s=96&d=mm&r=g","contentUrl":"https:\/\/secure.gravatar.com\/avatar\/72ecc30e9db047a2e0e7176561eb9d564ed77c8108376495b19bd8336405198a?s=96&d=mm&r=g","caption":"Dpress.ma"},"sameAs":["https:\/\/www.dpress.ma"],"url":"https:\/\/dpress.ma\/fr\/author\/dpress-ma\/"}]}},"amp_enabled":true,"_links":{"self":[{"href":"https:\/\/dpress.ma\/fr\/wp-json\/wp\/v2\/posts\/14507","targetHints":{"allow":["GET"]}}],"collection":[{"href":"https:\/\/dpress.ma\/fr\/wp-json\/wp\/v2\/posts"}],"about":[{"href":"https:\/\/dpress.ma\/fr\/wp-json\/wp\/v2\/types\/post"}],"author":[{"embeddable":true,"href":"https:\/\/dpress.ma\/fr\/wp-json\/wp\/v2\/users\/2"}],"replies":[{"embeddable":true,"href":"https:\/\/dpress.ma\/fr\/wp-json\/wp\/v2\/comments?post=14507"}],"version-history":[{"count":1,"href":"https:\/\/dpress.ma\/fr\/wp-json\/wp\/v2\/posts\/14507\/revisions"}],"predecessor-version":[{"id":14509,"href":"https:\/\/dpress.ma\/fr\/wp-json\/wp\/v2\/posts\/14507\/revisions\/14509"}],"wp:featuredmedia":[{"embeddable":true,"href":"https:\/\/dpress.ma\/fr\/wp-json\/wp\/v2\/media\/14508"}],"wp:attachment":[{"href":"https:\/\/dpress.ma\/fr\/wp-json\/wp\/v2\/media?parent=14507"}],"wp:term":[{"taxonomy":"category","embeddable":true,"href":"https:\/\/dpress.ma\/fr\/wp-json\/wp\/v2\/categories?post=14507"},{"taxonomy":"post_tag","embeddable":true,"href":"https:\/\/dpress.ma\/fr\/wp-json\/wp\/v2\/tags?post=14507"}],"curies":[{"name":"wp","href":"https:\/\/api.w.org\/{rel}","templated":true}]}}