{"id":14480,"date":"2025-05-10T09:55:03","date_gmt":"2025-05-10T09:55:03","guid":{"rendered":"https:\/\/dpress.ma\/fr\/?p=14480"},"modified":"2025-05-10T09:55:04","modified_gmt":"2025-05-10T09:55:04","slug":"sar-la-princesse-lalla-hasnaa-offre-a-bakou-une-ceremonie-de-the-en-lhonneur-de-personnalites-feminines-azerbaidjanaises-du-monde-de-la-culture-et-des-arts","status":"publish","type":"post","link":"https:\/\/dpress.ma\/fr\/2025\/05\/10\/sar-la-princesse-lalla-hasnaa-offre-a-bakou-une-ceremonie-de-the-en-lhonneur-de-personnalites-feminines-azerbaidjanaises-du-monde-de-la-culture-et-des-arts\/","title":{"rendered":"SAR la Princesse Lalla Hasnaa offre \u00e0 Bakou une c\u00e9r\u00e9monie de th\u00e9 en l\u2019honneur de personnalit\u00e9s f\u00e9minines azerba\u00efdjanaises du monde de la culture et des arts"},"content":{"rendered":"\n<p>dpress<\/p>\n\n\n\n<p>Son Altesse Royale la Princesse Lalla Hasnaa, Pr\u00e9sidente de la Fondation pour la Sauvegarde du Patrimoine culturel de Rabat, a offert, jeudi \u00e0 Bakou, une c\u00e9r\u00e9monie de th\u00e9 en l\u2019honneur de&nbsp; personnalit\u00e9s f\u00e9minines azerba\u00efdjanaises du monde de la culture et des arts.<\/p>\n\n\n\n<p>Ont pris part \u00e0 cette c\u00e9r\u00e9monie, Mmes Chafiga Mammadova, actrice de th\u00e9\u00e2tre et de cin\u00e9ma et figure embl\u00e9matique de la sc\u00e8ne artistique azerba\u00efdjanaise, Fidan Hadjieva, artiste du peuple de la R\u00e9publique d\u2019Azerba\u00efdjan, chanteuse d\u2019op\u00e9ra et mezzo-soprano, Amina Melikova, Directrice du Mus\u00e9e national du tapis d\u2019Azerba\u00efdjan, et Shirin Melikova, directrice du Mus\u00e9e national des beaux-arts d\u2019Azerba\u00efdjan.<\/p>\n\n\n\n<p>Ont aussi pris part \u00e0 cette c\u00e9r\u00e9monie, Mmes Nadezhda Ismayilova, journaliste \u00e9m\u00e9rite de la R\u00e9publique d\u2019Azerba\u00efdjan, Sabina Shikhlinskaya, artiste \u00e9m\u00e9rite de la R\u00e9publique d\u2019Azerba\u00efdjan, Asmar Babayeva, directrice artistique de \u201cAzerkhalcha\u201d, un \u00e9tablissement d\u00e9di\u00e9 \u00e0 la pr\u00e9servation et \u00e0 la promotion du tissage de tapis azerba\u00efdjanais, Firuza Sultan-Zade, directrice du Centre r\u00e9publicain pour le d\u00e9veloppement de l\u2019enfance et de la jeunesse, G\u00fcnel Rzayeva, directrice du Centre du livre de Bakou, Gulnara Khalilova, styliste et directrice du Centre des costumes nationaux d\u2019Azerba\u00efdjan, Rena Mamadova, directrice de d\u00e9partement au centre Heydar Aliyev, et Nargiz Guliyeva, artiste-peintre de renom.<\/p>\n\n\n\n<p>Ont \u00e9t\u00e9 \u00e9galement pr\u00e9sentes \u00e0 cette c\u00e9r\u00e9monie de th\u00e9, Mmes Nouzha Alaoui, Secr\u00e9taire g\u00e9n\u00e9rale de la Fondation pour la Sauvegarde du Patrimoine culturel de Rabat et A\u00efcha El Boukhari, \u00e9pouse de l\u2019ambassadeur du Royaume du Maroc \u00e0 Bakou.<\/p>\n","protected":false},"excerpt":{"rendered":"<p>dpress Son Altesse Royale la Princesse Lalla Hasnaa, Pr\u00e9sidente de la Fondation pour la Sauvegarde du Patrimoine culturel de Rabat, a offert, jeudi \u00e0 Bakou, une c\u00e9r\u00e9monie de th\u00e9 en l\u2019honneur de&nbsp; personnalit\u00e9s f\u00e9minines azerba\u00efdjanaises du monde de la culture et des arts. Ont pris part \u00e0 cette c\u00e9r\u00e9monie, Mmes Chafiga Mammadova, actrice de th\u00e9\u00e2tre &hellip;<\/p>\n","protected":false},"author":2,"featured_media":14481,"comment_status":"open","ping_status":"open","sticky":false,"template":"","format":"standard","meta":{"footnotes":""},"categories":[31],"tags":[],"class_list":["post-14480","post","type-post","status-publish","format-standard","has-post-thumbnail","hentry","category-art-et-culture"],"yoast_head":"<!-- This site is optimized with the Yoast SEO plugin v27.5 - https:\/\/yoast.com\/product\/yoast-seo-wordpress\/ -->\n<title>SAR la Princesse Lalla Hasnaa offre \u00e0 Bakou une c\u00e9r\u00e9monie de th\u00e9 en l\u2019honneur de personnalit\u00e9s f\u00e9minines azerba\u00efdjanaises du monde de la culture et des arts - Dpress.ma\/fr<\/title>\n<meta name=\"robots\" content=\"index, follow, max-snippet:-1, max-image-preview:large, max-video-preview:-1\" \/>\n<link rel=\"canonical\" href=\"https:\/\/dpress.ma\/fr\/2025\/05\/10\/sar-la-princesse-lalla-hasnaa-offre-a-bakou-une-ceremonie-de-the-en-lhonneur-de-personnalites-feminines-azerbaidjanaises-du-monde-de-la-culture-et-des-arts\/\" \/>\n<meta property=\"og:locale\" content=\"fr_FR\" \/>\n<meta property=\"og:type\" content=\"article\" \/>\n<meta property=\"og:title\" content=\"SAR la Princesse Lalla Hasnaa offre \u00e0 Bakou une c\u00e9r\u00e9monie de th\u00e9 en l\u2019honneur de personnalit\u00e9s f\u00e9minines azerba\u00efdjanaises du monde de la culture et des arts - Dpress.ma\/fr\" \/>\n<meta property=\"og:description\" content=\"dpress Son Altesse Royale la Princesse Lalla Hasnaa, Pr\u00e9sidente de la Fondation pour la Sauvegarde du Patrimoine culturel de Rabat, a offert, jeudi \u00e0 Bakou, une c\u00e9r\u00e9monie de th\u00e9 en l\u2019honneur de&nbsp; personnalit\u00e9s f\u00e9minines azerba\u00efdjanaises du monde de la culture et des arts. Ont pris part \u00e0 cette c\u00e9r\u00e9monie, Mmes Chafiga Mammadova, actrice de th\u00e9\u00e2tre &hellip;\" \/>\n<meta property=\"og:url\" content=\"https:\/\/dpress.ma\/fr\/2025\/05\/10\/sar-la-princesse-lalla-hasnaa-offre-a-bakou-une-ceremonie-de-the-en-lhonneur-de-personnalites-feminines-azerbaidjanaises-du-monde-de-la-culture-et-des-arts\/\" \/>\n<meta property=\"og:site_name\" content=\"Dpress.ma\/fr\" \/>\n<meta property=\"article:published_time\" content=\"2025-05-10T09:55:03+00:00\" \/>\n<meta property=\"article:modified_time\" content=\"2025-05-10T09:55:04+00:00\" \/>\n<meta property=\"og:image\" content=\"https:\/\/dpress.ma\/fr\/wp-content\/uploads\/sites\/2\/2025\/05\/dimensions2-64.jpg\" \/>\n\t<meta property=\"og:image:width\" content=\"2539\" \/>\n\t<meta property=\"og:image:height\" content=\"1594\" \/>\n\t<meta property=\"og:image:type\" content=\"image\/jpeg\" \/>\n<meta name=\"author\" content=\"Dpress.ma\" \/>\n<meta name=\"twitter:card\" content=\"summary_large_image\" \/>\n<meta name=\"twitter:label1\" content=\"\u00c9crit par\" \/>\n\t<meta name=\"twitter:data1\" content=\"Dpress.ma\" \/>\n\t<meta name=\"twitter:label2\" content=\"Dur\u00e9e de lecture estim\u00e9e\" \/>\n\t<meta name=\"twitter:data2\" content=\"2 minutes\" \/>\n<script type=\"application\/ld+json\" class=\"yoast-schema-graph\">{\"@context\":\"https:\\\/\\\/schema.org\",\"@graph\":[{\"@type\":\"Article\",\"@id\":\"https:\\\/\\\/dpress.ma\\\/fr\\\/2025\\\/05\\\/10\\\/sar-la-princesse-lalla-hasnaa-offre-a-bakou-une-ceremonie-de-the-en-lhonneur-de-personnalites-feminines-azerbaidjanaises-du-monde-de-la-culture-et-des-arts\\\/#article\",\"isPartOf\":{\"@id\":\"https:\\\/\\\/dpress.ma\\\/fr\\\/2025\\\/05\\\/10\\\/sar-la-princesse-lalla-hasnaa-offre-a-bakou-une-ceremonie-de-the-en-lhonneur-de-personnalites-feminines-azerbaidjanaises-du-monde-de-la-culture-et-des-arts\\\/\"},\"author\":{\"name\":\"Dpress.ma\",\"@id\":\"https:\\\/\\\/dpress.ma\\\/fr\\\/#\\\/schema\\\/person\\\/4898febf3ccd59e6578d838656a306a0\"},\"headline\":\"SAR la Princesse Lalla Hasnaa offre \u00e0 Bakou une c\u00e9r\u00e9monie de th\u00e9 en l\u2019honneur de personnalit\u00e9s f\u00e9minines azerba\u00efdjanaises du monde de la culture et des arts\",\"datePublished\":\"2025-05-10T09:55:03+00:00\",\"dateModified\":\"2025-05-10T09:55:04+00:00\",\"mainEntityOfPage\":{\"@id\":\"https:\\\/\\\/dpress.ma\\\/fr\\\/2025\\\/05\\\/10\\\/sar-la-princesse-lalla-hasnaa-offre-a-bakou-une-ceremonie-de-the-en-lhonneur-de-personnalites-feminines-azerbaidjanaises-du-monde-de-la-culture-et-des-arts\\\/\"},\"wordCount\":309,\"commentCount\":0,\"image\":{\"@id\":\"https:\\\/\\\/dpress.ma\\\/fr\\\/2025\\\/05\\\/10\\\/sar-la-princesse-lalla-hasnaa-offre-a-bakou-une-ceremonie-de-the-en-lhonneur-de-personnalites-feminines-azerbaidjanaises-du-monde-de-la-culture-et-des-arts\\\/#primaryimage\"},\"thumbnailUrl\":\"https:\\\/\\\/dpress.ma\\\/fr\\\/wp-content\\\/uploads\\\/sites\\\/2\\\/2025\\\/05\\\/dimensions2-64.jpg\",\"articleSection\":[\"Art et Culture\"],\"inLanguage\":\"fr-FR\",\"potentialAction\":[{\"@type\":\"CommentAction\",\"name\":\"Comment\",\"target\":[\"https:\\\/\\\/dpress.ma\\\/fr\\\/2025\\\/05\\\/10\\\/sar-la-princesse-lalla-hasnaa-offre-a-bakou-une-ceremonie-de-the-en-lhonneur-de-personnalites-feminines-azerbaidjanaises-du-monde-de-la-culture-et-des-arts\\\/#respond\"]}]},{\"@type\":\"WebPage\",\"@id\":\"https:\\\/\\\/dpress.ma\\\/fr\\\/2025\\\/05\\\/10\\\/sar-la-princesse-lalla-hasnaa-offre-a-bakou-une-ceremonie-de-the-en-lhonneur-de-personnalites-feminines-azerbaidjanaises-du-monde-de-la-culture-et-des-arts\\\/\",\"url\":\"https:\\\/\\\/dpress.ma\\\/fr\\\/2025\\\/05\\\/10\\\/sar-la-princesse-lalla-hasnaa-offre-a-bakou-une-ceremonie-de-the-en-lhonneur-de-personnalites-feminines-azerbaidjanaises-du-monde-de-la-culture-et-des-arts\\\/\",\"name\":\"SAR la Princesse Lalla Hasnaa offre \u00e0 Bakou une c\u00e9r\u00e9monie de th\u00e9 en l\u2019honneur de personnalit\u00e9s f\u00e9minines azerba\u00efdjanaises du monde de la culture et des arts - Dpress.ma\\\/fr\",\"isPartOf\":{\"@id\":\"https:\\\/\\\/dpress.ma\\\/fr\\\/#website\"},\"primaryImageOfPage\":{\"@id\":\"https:\\\/\\\/dpress.ma\\\/fr\\\/2025\\\/05\\\/10\\\/sar-la-princesse-lalla-hasnaa-offre-a-bakou-une-ceremonie-de-the-en-lhonneur-de-personnalites-feminines-azerbaidjanaises-du-monde-de-la-culture-et-des-arts\\\/#primaryimage\"},\"image\":{\"@id\":\"https:\\\/\\\/dpress.ma\\\/fr\\\/2025\\\/05\\\/10\\\/sar-la-princesse-lalla-hasnaa-offre-a-bakou-une-ceremonie-de-the-en-lhonneur-de-personnalites-feminines-azerbaidjanaises-du-monde-de-la-culture-et-des-arts\\\/#primaryimage\"},\"thumbnailUrl\":\"https:\\\/\\\/dpress.ma\\\/fr\\\/wp-content\\\/uploads\\\/sites\\\/2\\\/2025\\\/05\\\/dimensions2-64.jpg\",\"datePublished\":\"2025-05-10T09:55:03+00:00\",\"dateModified\":\"2025-05-10T09:55:04+00:00\",\"author\":{\"@id\":\"https:\\\/\\\/dpress.ma\\\/fr\\\/#\\\/schema\\\/person\\\/4898febf3ccd59e6578d838656a306a0\"},\"breadcrumb\":{\"@id\":\"https:\\\/\\\/dpress.ma\\\/fr\\\/2025\\\/05\\\/10\\\/sar-la-princesse-lalla-hasnaa-offre-a-bakou-une-ceremonie-de-the-en-lhonneur-de-personnalites-feminines-azerbaidjanaises-du-monde-de-la-culture-et-des-arts\\\/#breadcrumb\"},\"inLanguage\":\"fr-FR\",\"potentialAction\":[{\"@type\":\"ReadAction\",\"target\":[\"https:\\\/\\\/dpress.ma\\\/fr\\\/2025\\\/05\\\/10\\\/sar-la-princesse-lalla-hasnaa-offre-a-bakou-une-ceremonie-de-the-en-lhonneur-de-personnalites-feminines-azerbaidjanaises-du-monde-de-la-culture-et-des-arts\\\/\"]}]},{\"@type\":\"ImageObject\",\"inLanguage\":\"fr-FR\",\"@id\":\"https:\\\/\\\/dpress.ma\\\/fr\\\/2025\\\/05\\\/10\\\/sar-la-princesse-lalla-hasnaa-offre-a-bakou-une-ceremonie-de-the-en-lhonneur-de-personnalites-feminines-azerbaidjanaises-du-monde-de-la-culture-et-des-arts\\\/#primaryimage\",\"url\":\"https:\\\/\\\/dpress.ma\\\/fr\\\/wp-content\\\/uploads\\\/sites\\\/2\\\/2025\\\/05\\\/dimensions2-64.jpg\",\"contentUrl\":\"https:\\\/\\\/dpress.ma\\\/fr\\\/wp-content\\\/uploads\\\/sites\\\/2\\\/2025\\\/05\\\/dimensions2-64.jpg\",\"width\":2539,\"height\":1594},{\"@type\":\"BreadcrumbList\",\"@id\":\"https:\\\/\\\/dpress.ma\\\/fr\\\/2025\\\/05\\\/10\\\/sar-la-princesse-lalla-hasnaa-offre-a-bakou-une-ceremonie-de-the-en-lhonneur-de-personnalites-feminines-azerbaidjanaises-du-monde-de-la-culture-et-des-arts\\\/#breadcrumb\",\"itemListElement\":[{\"@type\":\"ListItem\",\"position\":1,\"name\":\"Home\",\"item\":\"https:\\\/\\\/dpress.ma\\\/fr\\\/\"},{\"@type\":\"ListItem\",\"position\":2,\"name\":\"SAR la Princesse Lalla Hasnaa offre \u00e0 Bakou une c\u00e9r\u00e9monie de th\u00e9 en l\u2019honneur de personnalit\u00e9s f\u00e9minines azerba\u00efdjanaises du monde de la culture et des arts\"}]},{\"@type\":\"WebSite\",\"@id\":\"https:\\\/\\\/dpress.ma\\\/fr\\\/#website\",\"url\":\"https:\\\/\\\/dpress.ma\\\/fr\\\/\",\"name\":\"Dpress.ma\\\/fr\",\"description\":\"\",\"potentialAction\":[{\"@type\":\"SearchAction\",\"target\":{\"@type\":\"EntryPoint\",\"urlTemplate\":\"https:\\\/\\\/dpress.ma\\\/fr\\\/?s={search_term_string}\"},\"query-input\":{\"@type\":\"PropertyValueSpecification\",\"valueRequired\":true,\"valueName\":\"search_term_string\"}}],\"inLanguage\":\"fr-FR\"},{\"@type\":\"Person\",\"@id\":\"https:\\\/\\\/dpress.ma\\\/fr\\\/#\\\/schema\\\/person\\\/4898febf3ccd59e6578d838656a306a0\",\"name\":\"Dpress.ma\",\"image\":{\"@type\":\"ImageObject\",\"inLanguage\":\"fr-FR\",\"@id\":\"https:\\\/\\\/secure.gravatar.com\\\/avatar\\\/72ecc30e9db047a2e0e7176561eb9d564ed77c8108376495b19bd8336405198a?s=96&d=mm&r=g\",\"url\":\"https:\\\/\\\/secure.gravatar.com\\\/avatar\\\/72ecc30e9db047a2e0e7176561eb9d564ed77c8108376495b19bd8336405198a?s=96&d=mm&r=g\",\"contentUrl\":\"https:\\\/\\\/secure.gravatar.com\\\/avatar\\\/72ecc30e9db047a2e0e7176561eb9d564ed77c8108376495b19bd8336405198a?s=96&d=mm&r=g\",\"caption\":\"Dpress.ma\"},\"sameAs\":[\"https:\\\/\\\/www.dpress.ma\"],\"url\":\"https:\\\/\\\/dpress.ma\\\/fr\\\/author\\\/dpress-ma\\\/\"}]}<\/script>\n<!-- \/ Yoast SEO plugin. -->","yoast_head_json":{"title":"SAR la Princesse Lalla Hasnaa offre \u00e0 Bakou une c\u00e9r\u00e9monie de th\u00e9 en l\u2019honneur de personnalit\u00e9s f\u00e9minines azerba\u00efdjanaises du monde de la culture et des arts - Dpress.ma\/fr","robots":{"index":"index","follow":"follow","max-snippet":"max-snippet:-1","max-image-preview":"max-image-preview:large","max-video-preview":"max-video-preview:-1"},"canonical":"https:\/\/dpress.ma\/fr\/2025\/05\/10\/sar-la-princesse-lalla-hasnaa-offre-a-bakou-une-ceremonie-de-the-en-lhonneur-de-personnalites-feminines-azerbaidjanaises-du-monde-de-la-culture-et-des-arts\/","og_locale":"fr_FR","og_type":"article","og_title":"SAR la Princesse Lalla Hasnaa offre \u00e0 Bakou une c\u00e9r\u00e9monie de th\u00e9 en l\u2019honneur de personnalit\u00e9s f\u00e9minines azerba\u00efdjanaises du monde de la culture et des arts - Dpress.ma\/fr","og_description":"dpress Son Altesse Royale la Princesse Lalla Hasnaa, Pr\u00e9sidente de la Fondation pour la Sauvegarde du Patrimoine culturel de Rabat, a offert, jeudi \u00e0 Bakou, une c\u00e9r\u00e9monie de th\u00e9 en l\u2019honneur de&nbsp; personnalit\u00e9s f\u00e9minines azerba\u00efdjanaises du monde de la culture et des arts. Ont pris part \u00e0 cette c\u00e9r\u00e9monie, Mmes Chafiga Mammadova, actrice de th\u00e9\u00e2tre &hellip;","og_url":"https:\/\/dpress.ma\/fr\/2025\/05\/10\/sar-la-princesse-lalla-hasnaa-offre-a-bakou-une-ceremonie-de-the-en-lhonneur-de-personnalites-feminines-azerbaidjanaises-du-monde-de-la-culture-et-des-arts\/","og_site_name":"Dpress.ma\/fr","article_published_time":"2025-05-10T09:55:03+00:00","article_modified_time":"2025-05-10T09:55:04+00:00","og_image":[{"width":2539,"height":1594,"url":"https:\/\/dpress.ma\/fr\/wp-content\/uploads\/sites\/2\/2025\/05\/dimensions2-64.jpg","type":"image\/jpeg"}],"author":"Dpress.ma","twitter_card":"summary_large_image","twitter_misc":{"\u00c9crit par":"Dpress.ma","Dur\u00e9e de lecture estim\u00e9e":"2 minutes"},"schema":{"@context":"https:\/\/schema.org","@graph":[{"@type":"Article","@id":"https:\/\/dpress.ma\/fr\/2025\/05\/10\/sar-la-princesse-lalla-hasnaa-offre-a-bakou-une-ceremonie-de-the-en-lhonneur-de-personnalites-feminines-azerbaidjanaises-du-monde-de-la-culture-et-des-arts\/#article","isPartOf":{"@id":"https:\/\/dpress.ma\/fr\/2025\/05\/10\/sar-la-princesse-lalla-hasnaa-offre-a-bakou-une-ceremonie-de-the-en-lhonneur-de-personnalites-feminines-azerbaidjanaises-du-monde-de-la-culture-et-des-arts\/"},"author":{"name":"Dpress.ma","@id":"https:\/\/dpress.ma\/fr\/#\/schema\/person\/4898febf3ccd59e6578d838656a306a0"},"headline":"SAR la Princesse Lalla Hasnaa offre \u00e0 Bakou une c\u00e9r\u00e9monie de th\u00e9 en l\u2019honneur de personnalit\u00e9s f\u00e9minines azerba\u00efdjanaises du monde de la culture et des arts","datePublished":"2025-05-10T09:55:03+00:00","dateModified":"2025-05-10T09:55:04+00:00","mainEntityOfPage":{"@id":"https:\/\/dpress.ma\/fr\/2025\/05\/10\/sar-la-princesse-lalla-hasnaa-offre-a-bakou-une-ceremonie-de-the-en-lhonneur-de-personnalites-feminines-azerbaidjanaises-du-monde-de-la-culture-et-des-arts\/"},"wordCount":309,"commentCount":0,"image":{"@id":"https:\/\/dpress.ma\/fr\/2025\/05\/10\/sar-la-princesse-lalla-hasnaa-offre-a-bakou-une-ceremonie-de-the-en-lhonneur-de-personnalites-feminines-azerbaidjanaises-du-monde-de-la-culture-et-des-arts\/#primaryimage"},"thumbnailUrl":"https:\/\/dpress.ma\/fr\/wp-content\/uploads\/sites\/2\/2025\/05\/dimensions2-64.jpg","articleSection":["Art et Culture"],"inLanguage":"fr-FR","potentialAction":[{"@type":"CommentAction","name":"Comment","target":["https:\/\/dpress.ma\/fr\/2025\/05\/10\/sar-la-princesse-lalla-hasnaa-offre-a-bakou-une-ceremonie-de-the-en-lhonneur-de-personnalites-feminines-azerbaidjanaises-du-monde-de-la-culture-et-des-arts\/#respond"]}]},{"@type":"WebPage","@id":"https:\/\/dpress.ma\/fr\/2025\/05\/10\/sar-la-princesse-lalla-hasnaa-offre-a-bakou-une-ceremonie-de-the-en-lhonneur-de-personnalites-feminines-azerbaidjanaises-du-monde-de-la-culture-et-des-arts\/","url":"https:\/\/dpress.ma\/fr\/2025\/05\/10\/sar-la-princesse-lalla-hasnaa-offre-a-bakou-une-ceremonie-de-the-en-lhonneur-de-personnalites-feminines-azerbaidjanaises-du-monde-de-la-culture-et-des-arts\/","name":"SAR la Princesse Lalla Hasnaa offre \u00e0 Bakou une c\u00e9r\u00e9monie de th\u00e9 en l\u2019honneur de personnalit\u00e9s f\u00e9minines azerba\u00efdjanaises du monde de la culture et des arts - Dpress.ma\/fr","isPartOf":{"@id":"https:\/\/dpress.ma\/fr\/#website"},"primaryImageOfPage":{"@id":"https:\/\/dpress.ma\/fr\/2025\/05\/10\/sar-la-princesse-lalla-hasnaa-offre-a-bakou-une-ceremonie-de-the-en-lhonneur-de-personnalites-feminines-azerbaidjanaises-du-monde-de-la-culture-et-des-arts\/#primaryimage"},"image":{"@id":"https:\/\/dpress.ma\/fr\/2025\/05\/10\/sar-la-princesse-lalla-hasnaa-offre-a-bakou-une-ceremonie-de-the-en-lhonneur-de-personnalites-feminines-azerbaidjanaises-du-monde-de-la-culture-et-des-arts\/#primaryimage"},"thumbnailUrl":"https:\/\/dpress.ma\/fr\/wp-content\/uploads\/sites\/2\/2025\/05\/dimensions2-64.jpg","datePublished":"2025-05-10T09:55:03+00:00","dateModified":"2025-05-10T09:55:04+00:00","author":{"@id":"https:\/\/dpress.ma\/fr\/#\/schema\/person\/4898febf3ccd59e6578d838656a306a0"},"breadcrumb":{"@id":"https:\/\/dpress.ma\/fr\/2025\/05\/10\/sar-la-princesse-lalla-hasnaa-offre-a-bakou-une-ceremonie-de-the-en-lhonneur-de-personnalites-feminines-azerbaidjanaises-du-monde-de-la-culture-et-des-arts\/#breadcrumb"},"inLanguage":"fr-FR","potentialAction":[{"@type":"ReadAction","target":["https:\/\/dpress.ma\/fr\/2025\/05\/10\/sar-la-princesse-lalla-hasnaa-offre-a-bakou-une-ceremonie-de-the-en-lhonneur-de-personnalites-feminines-azerbaidjanaises-du-monde-de-la-culture-et-des-arts\/"]}]},{"@type":"ImageObject","inLanguage":"fr-FR","@id":"https:\/\/dpress.ma\/fr\/2025\/05\/10\/sar-la-princesse-lalla-hasnaa-offre-a-bakou-une-ceremonie-de-the-en-lhonneur-de-personnalites-feminines-azerbaidjanaises-du-monde-de-la-culture-et-des-arts\/#primaryimage","url":"https:\/\/dpress.ma\/fr\/wp-content\/uploads\/sites\/2\/2025\/05\/dimensions2-64.jpg","contentUrl":"https:\/\/dpress.ma\/fr\/wp-content\/uploads\/sites\/2\/2025\/05\/dimensions2-64.jpg","width":2539,"height":1594},{"@type":"BreadcrumbList","@id":"https:\/\/dpress.ma\/fr\/2025\/05\/10\/sar-la-princesse-lalla-hasnaa-offre-a-bakou-une-ceremonie-de-the-en-lhonneur-de-personnalites-feminines-azerbaidjanaises-du-monde-de-la-culture-et-des-arts\/#breadcrumb","itemListElement":[{"@type":"ListItem","position":1,"name":"Home","item":"https:\/\/dpress.ma\/fr\/"},{"@type":"ListItem","position":2,"name":"SAR la Princesse Lalla Hasnaa offre \u00e0 Bakou une c\u00e9r\u00e9monie de th\u00e9 en l\u2019honneur de personnalit\u00e9s f\u00e9minines azerba\u00efdjanaises du monde de la culture et des arts"}]},{"@type":"WebSite","@id":"https:\/\/dpress.ma\/fr\/#website","url":"https:\/\/dpress.ma\/fr\/","name":"Dpress.ma\/fr","description":"","potentialAction":[{"@type":"SearchAction","target":{"@type":"EntryPoint","urlTemplate":"https:\/\/dpress.ma\/fr\/?s={search_term_string}"},"query-input":{"@type":"PropertyValueSpecification","valueRequired":true,"valueName":"search_term_string"}}],"inLanguage":"fr-FR"},{"@type":"Person","@id":"https:\/\/dpress.ma\/fr\/#\/schema\/person\/4898febf3ccd59e6578d838656a306a0","name":"Dpress.ma","image":{"@type":"ImageObject","inLanguage":"fr-FR","@id":"https:\/\/secure.gravatar.com\/avatar\/72ecc30e9db047a2e0e7176561eb9d564ed77c8108376495b19bd8336405198a?s=96&d=mm&r=g","url":"https:\/\/secure.gravatar.com\/avatar\/72ecc30e9db047a2e0e7176561eb9d564ed77c8108376495b19bd8336405198a?s=96&d=mm&r=g","contentUrl":"https:\/\/secure.gravatar.com\/avatar\/72ecc30e9db047a2e0e7176561eb9d564ed77c8108376495b19bd8336405198a?s=96&d=mm&r=g","caption":"Dpress.ma"},"sameAs":["https:\/\/www.dpress.ma"],"url":"https:\/\/dpress.ma\/fr\/author\/dpress-ma\/"}]}},"amp_enabled":true,"_links":{"self":[{"href":"https:\/\/dpress.ma\/fr\/wp-json\/wp\/v2\/posts\/14480","targetHints":{"allow":["GET"]}}],"collection":[{"href":"https:\/\/dpress.ma\/fr\/wp-json\/wp\/v2\/posts"}],"about":[{"href":"https:\/\/dpress.ma\/fr\/wp-json\/wp\/v2\/types\/post"}],"author":[{"embeddable":true,"href":"https:\/\/dpress.ma\/fr\/wp-json\/wp\/v2\/users\/2"}],"replies":[{"embeddable":true,"href":"https:\/\/dpress.ma\/fr\/wp-json\/wp\/v2\/comments?post=14480"}],"version-history":[{"count":1,"href":"https:\/\/dpress.ma\/fr\/wp-json\/wp\/v2\/posts\/14480\/revisions"}],"predecessor-version":[{"id":14482,"href":"https:\/\/dpress.ma\/fr\/wp-json\/wp\/v2\/posts\/14480\/revisions\/14482"}],"wp:featuredmedia":[{"embeddable":true,"href":"https:\/\/dpress.ma\/fr\/wp-json\/wp\/v2\/media\/14481"}],"wp:attachment":[{"href":"https:\/\/dpress.ma\/fr\/wp-json\/wp\/v2\/media?parent=14480"}],"wp:term":[{"taxonomy":"category","embeddable":true,"href":"https:\/\/dpress.ma\/fr\/wp-json\/wp\/v2\/categories?post=14480"},{"taxonomy":"post_tag","embeddable":true,"href":"https:\/\/dpress.ma\/fr\/wp-json\/wp\/v2\/tags?post=14480"}],"curies":[{"name":"wp","href":"https:\/\/api.w.org\/{rel}","templated":true}]}}