{"id":1431,"date":"2022-04-29T13:51:52","date_gmt":"2022-04-29T13:51:52","guid":{"rendered":"https:\/\/dpress.ma\/fr\/?p=1431"},"modified":"2022-04-29T13:51:54","modified_gmt":"2022-04-29T13:51:54","slug":"le-conseil-de-gouvernement-adopte-un-projet-de-decret-fixant-la-liste-des-metiers-artistiques","status":"publish","type":"post","link":"https:\/\/dpress.ma\/fr\/2022\/04\/29\/le-conseil-de-gouvernement-adopte-un-projet-de-decret-fixant-la-liste-des-metiers-artistiques\/","title":{"rendered":"Le Conseil de gouvernement adopte un projet de d\u00e9cret fixant la liste des m\u00e9tiers artistiques"},"content":{"rendered":"\n<p>Dpress<\/p>\n\n\n\n<p>Le Conseil de gouvernement, r\u00e9uni jeudi \u00e0 Rabat sous la pr\u00e9sidence du Chef du gouvernement, Aziz Akhannouch, a adopt\u00e9 le projet de d\u00e9cret N\u00b0 2.22.227 portant sur l\u2019amendement du d\u00e9cret N\u00b0 2.18.546 promulgu\u00e9 le 24 ao\u00fbt 2018, fixant la liste des m\u00e9tiers artistiques.<\/p>\n\n\n\n<p>Pr\u00e9sent\u00e9 par le ministre de la Jeunesse, de la Culture et de la Communication, Mohamed Mehdi Bensaid, ce projet de d\u00e9cret vient modifier et remplacer la liste jointe au d\u00e9cret susmentionn\u00e9, en ajoutant une s\u00e9rie de m\u00e9tiers artistiques \u00e0 la liste pr\u00e9cit\u00e9e et en transf\u00e9rant certains m\u00e9tiers d\u2019un domaine \u00e0 un autre, a indiqu\u00e9 le ministre d\u00e9l\u00e9gu\u00e9 charg\u00e9 des Relations avec le parlement, porte-parole du gouvernement, Mustapha Baitas, lors d\u2019un point de presse \u00e0 l\u2019issue de ce Conseil.<\/p>\n\n\n\n<p>Ce projet a supprim\u00e9 le tableau N\u00b0 3 relatif aux m\u00e9tiers des arts du spectacle, a pr\u00e9cis\u00e9 M. Baitas, notant qu\u2019il a \u00e9t\u00e9 proc\u00e9d\u00e9 au transfert des m\u00e9tiers y contenu au tableau relatif aux m\u00e9tiers artistiques et techniques, en modifiant son num\u00e9ro du 4 au 3, partant du fait que tous les m\u00e9tiers y contenu sont de v\u00e9ritables m\u00e9tiers techniques et pour que le d\u00e9cret des m\u00e9tiers artistiques soit en conformit\u00e9 avec les m\u00e9tiers pr\u00e9vus dans la loi n\u00b0 68.16 relative \u00e0 l\u2019artiste et aux m\u00e9tiers artistiques mise en application en vertu du Dahir n\u00b0 1.16.116 du 25 ao\u00fbt 2016.<\/p>\n","protected":false},"excerpt":{"rendered":"<p>Dpress Le Conseil de gouvernement, r\u00e9uni jeudi \u00e0 Rabat sous la pr\u00e9sidence du Chef du gouvernement, Aziz Akhannouch, a adopt\u00e9 le projet de d\u00e9cret N\u00b0 2.22.227 portant sur l\u2019amendement du d\u00e9cret N\u00b0 2.18.546 promulgu\u00e9 le 24 ao\u00fbt 2018, fixant la liste des m\u00e9tiers artistiques. Pr\u00e9sent\u00e9 par le ministre de la Jeunesse, de la Culture et &hellip;<\/p>\n","protected":false},"author":2,"featured_media":1301,"comment_status":"closed","ping_status":"open","sticky":false,"template":"","format":"standard","meta":{"footnotes":""},"categories":[26],"tags":[],"class_list":["post-1431","post","type-post","status-publish","format-standard","has-post-thumbnail","hentry","category-politiques"],"yoast_head":"<!-- This site is optimized with the Yoast SEO plugin v27.5 - https:\/\/yoast.com\/product\/yoast-seo-wordpress\/ -->\n<title>Le Conseil de gouvernement adopte un projet de d\u00e9cret fixant la liste des m\u00e9tiers artistiques - Dpress.ma\/fr<\/title>\n<meta name=\"description\" content=\"Le Conseil de gouvernement, r\u00e9uni jeudi \u00e0 Rabat sous la pr\u00e9sidence du Chef du gouvernement, Aziz Akhannouch, a adopt\u00e9 le projet...\" \/>\n<meta name=\"robots\" content=\"index, follow, max-snippet:-1, max-image-preview:large, max-video-preview:-1\" \/>\n<link rel=\"canonical\" href=\"https:\/\/dpress.ma\/fr\/2022\/04\/29\/le-conseil-de-gouvernement-adopte-un-projet-de-decret-fixant-la-liste-des-metiers-artistiques\/\" \/>\n<meta property=\"og:locale\" content=\"fr_FR\" \/>\n<meta property=\"og:type\" content=\"article\" \/>\n<meta property=\"og:title\" content=\"Le Conseil de gouvernement adopte un projet de d\u00e9cret fixant la liste des m\u00e9tiers artistiques - Dpress.ma\/fr\" \/>\n<meta property=\"og:description\" content=\"Le Conseil de gouvernement, r\u00e9uni jeudi \u00e0 Rabat sous la pr\u00e9sidence du Chef du gouvernement, Aziz Akhannouch, a adopt\u00e9 le projet...\" \/>\n<meta property=\"og:url\" content=\"https:\/\/dpress.ma\/fr\/2022\/04\/29\/le-conseil-de-gouvernement-adopte-un-projet-de-decret-fixant-la-liste-des-metiers-artistiques\/\" \/>\n<meta property=\"og:site_name\" content=\"Dpress.ma\/fr\" \/>\n<meta property=\"article:published_time\" content=\"2022-04-29T13:51:52+00:00\" \/>\n<meta property=\"article:modified_time\" content=\"2022-04-29T13:51:54+00:00\" \/>\n<meta property=\"og:image\" content=\"https:\/\/dpress.ma\/fr\/wp-content\/uploads\/sites\/2\/2022\/04\/akhannouch-fr1.jpg\" \/>\n\t<meta property=\"og:image:width\" content=\"2539\" \/>\n\t<meta property=\"og:image:height\" content=\"1594\" \/>\n\t<meta property=\"og:image:type\" content=\"image\/jpeg\" \/>\n<meta name=\"author\" content=\"Dpress.ma\" \/>\n<meta name=\"twitter:card\" content=\"summary_large_image\" \/>\n<meta name=\"twitter:label1\" content=\"\u00c9crit par\" \/>\n\t<meta name=\"twitter:data1\" content=\"Dpress.ma\" \/>\n\t<meta name=\"twitter:label2\" content=\"Dur\u00e9e de lecture estim\u00e9e\" \/>\n\t<meta name=\"twitter:data2\" content=\"2 minutes\" \/>\n<script type=\"application\/ld+json\" class=\"yoast-schema-graph\">{\"@context\":\"https:\\\/\\\/schema.org\",\"@graph\":[{\"@type\":\"Article\",\"@id\":\"https:\\\/\\\/dpress.ma\\\/fr\\\/2022\\\/04\\\/29\\\/le-conseil-de-gouvernement-adopte-un-projet-de-decret-fixant-la-liste-des-metiers-artistiques\\\/#article\",\"isPartOf\":{\"@id\":\"https:\\\/\\\/dpress.ma\\\/fr\\\/2022\\\/04\\\/29\\\/le-conseil-de-gouvernement-adopte-un-projet-de-decret-fixant-la-liste-des-metiers-artistiques\\\/\"},\"author\":{\"name\":\"Dpress.ma\",\"@id\":\"https:\\\/\\\/dpress.ma\\\/fr\\\/#\\\/schema\\\/person\\\/4898febf3ccd59e6578d838656a306a0\"},\"headline\":\"Le Conseil de gouvernement adopte un projet de d\u00e9cret fixant la liste des m\u00e9tiers artistiques\",\"datePublished\":\"2022-04-29T13:51:52+00:00\",\"dateModified\":\"2022-04-29T13:51:54+00:00\",\"mainEntityOfPage\":{\"@id\":\"https:\\\/\\\/dpress.ma\\\/fr\\\/2022\\\/04\\\/29\\\/le-conseil-de-gouvernement-adopte-un-projet-de-decret-fixant-la-liste-des-metiers-artistiques\\\/\"},\"wordCount\":261,\"image\":{\"@id\":\"https:\\\/\\\/dpress.ma\\\/fr\\\/2022\\\/04\\\/29\\\/le-conseil-de-gouvernement-adopte-un-projet-de-decret-fixant-la-liste-des-metiers-artistiques\\\/#primaryimage\"},\"thumbnailUrl\":\"https:\\\/\\\/dpress.ma\\\/fr\\\/wp-content\\\/uploads\\\/sites\\\/2\\\/2022\\\/04\\\/akhannouch-fr1.jpg\",\"articleSection\":[\"Politiques\"],\"inLanguage\":\"fr-FR\"},{\"@type\":\"WebPage\",\"@id\":\"https:\\\/\\\/dpress.ma\\\/fr\\\/2022\\\/04\\\/29\\\/le-conseil-de-gouvernement-adopte-un-projet-de-decret-fixant-la-liste-des-metiers-artistiques\\\/\",\"url\":\"https:\\\/\\\/dpress.ma\\\/fr\\\/2022\\\/04\\\/29\\\/le-conseil-de-gouvernement-adopte-un-projet-de-decret-fixant-la-liste-des-metiers-artistiques\\\/\",\"name\":\"Le Conseil de gouvernement adopte un projet de d\u00e9cret fixant la liste des m\u00e9tiers artistiques - Dpress.ma\\\/fr\",\"isPartOf\":{\"@id\":\"https:\\\/\\\/dpress.ma\\\/fr\\\/#website\"},\"primaryImageOfPage\":{\"@id\":\"https:\\\/\\\/dpress.ma\\\/fr\\\/2022\\\/04\\\/29\\\/le-conseil-de-gouvernement-adopte-un-projet-de-decret-fixant-la-liste-des-metiers-artistiques\\\/#primaryimage\"},\"image\":{\"@id\":\"https:\\\/\\\/dpress.ma\\\/fr\\\/2022\\\/04\\\/29\\\/le-conseil-de-gouvernement-adopte-un-projet-de-decret-fixant-la-liste-des-metiers-artistiques\\\/#primaryimage\"},\"thumbnailUrl\":\"https:\\\/\\\/dpress.ma\\\/fr\\\/wp-content\\\/uploads\\\/sites\\\/2\\\/2022\\\/04\\\/akhannouch-fr1.jpg\",\"datePublished\":\"2022-04-29T13:51:52+00:00\",\"dateModified\":\"2022-04-29T13:51:54+00:00\",\"author\":{\"@id\":\"https:\\\/\\\/dpress.ma\\\/fr\\\/#\\\/schema\\\/person\\\/4898febf3ccd59e6578d838656a306a0\"},\"description\":\"Le Conseil de gouvernement, r\u00e9uni jeudi \u00e0 Rabat sous la pr\u00e9sidence du Chef du gouvernement, Aziz Akhannouch, a adopt\u00e9 le projet...\",\"breadcrumb\":{\"@id\":\"https:\\\/\\\/dpress.ma\\\/fr\\\/2022\\\/04\\\/29\\\/le-conseil-de-gouvernement-adopte-un-projet-de-decret-fixant-la-liste-des-metiers-artistiques\\\/#breadcrumb\"},\"inLanguage\":\"fr-FR\",\"potentialAction\":[{\"@type\":\"ReadAction\",\"target\":[\"https:\\\/\\\/dpress.ma\\\/fr\\\/2022\\\/04\\\/29\\\/le-conseil-de-gouvernement-adopte-un-projet-de-decret-fixant-la-liste-des-metiers-artistiques\\\/\"]}]},{\"@type\":\"ImageObject\",\"inLanguage\":\"fr-FR\",\"@id\":\"https:\\\/\\\/dpress.ma\\\/fr\\\/2022\\\/04\\\/29\\\/le-conseil-de-gouvernement-adopte-un-projet-de-decret-fixant-la-liste-des-metiers-artistiques\\\/#primaryimage\",\"url\":\"https:\\\/\\\/dpress.ma\\\/fr\\\/wp-content\\\/uploads\\\/sites\\\/2\\\/2022\\\/04\\\/akhannouch-fr1.jpg\",\"contentUrl\":\"https:\\\/\\\/dpress.ma\\\/fr\\\/wp-content\\\/uploads\\\/sites\\\/2\\\/2022\\\/04\\\/akhannouch-fr1.jpg\",\"width\":2539,\"height\":1594},{\"@type\":\"BreadcrumbList\",\"@id\":\"https:\\\/\\\/dpress.ma\\\/fr\\\/2022\\\/04\\\/29\\\/le-conseil-de-gouvernement-adopte-un-projet-de-decret-fixant-la-liste-des-metiers-artistiques\\\/#breadcrumb\",\"itemListElement\":[{\"@type\":\"ListItem\",\"position\":1,\"name\":\"Home\",\"item\":\"https:\\\/\\\/dpress.ma\\\/fr\\\/\"},{\"@type\":\"ListItem\",\"position\":2,\"name\":\"Le Conseil de gouvernement adopte un projet de d\u00e9cret fixant la liste des m\u00e9tiers artistiques\"}]},{\"@type\":\"WebSite\",\"@id\":\"https:\\\/\\\/dpress.ma\\\/fr\\\/#website\",\"url\":\"https:\\\/\\\/dpress.ma\\\/fr\\\/\",\"name\":\"Dpress.ma\\\/fr\",\"description\":\"\",\"potentialAction\":[{\"@type\":\"SearchAction\",\"target\":{\"@type\":\"EntryPoint\",\"urlTemplate\":\"https:\\\/\\\/dpress.ma\\\/fr\\\/?s={search_term_string}\"},\"query-input\":{\"@type\":\"PropertyValueSpecification\",\"valueRequired\":true,\"valueName\":\"search_term_string\"}}],\"inLanguage\":\"fr-FR\"},{\"@type\":\"Person\",\"@id\":\"https:\\\/\\\/dpress.ma\\\/fr\\\/#\\\/schema\\\/person\\\/4898febf3ccd59e6578d838656a306a0\",\"name\":\"Dpress.ma\",\"image\":{\"@type\":\"ImageObject\",\"inLanguage\":\"fr-FR\",\"@id\":\"https:\\\/\\\/secure.gravatar.com\\\/avatar\\\/72ecc30e9db047a2e0e7176561eb9d564ed77c8108376495b19bd8336405198a?s=96&d=mm&r=g\",\"url\":\"https:\\\/\\\/secure.gravatar.com\\\/avatar\\\/72ecc30e9db047a2e0e7176561eb9d564ed77c8108376495b19bd8336405198a?s=96&d=mm&r=g\",\"contentUrl\":\"https:\\\/\\\/secure.gravatar.com\\\/avatar\\\/72ecc30e9db047a2e0e7176561eb9d564ed77c8108376495b19bd8336405198a?s=96&d=mm&r=g\",\"caption\":\"Dpress.ma\"},\"sameAs\":[\"https:\\\/\\\/www.dpress.ma\"],\"url\":\"https:\\\/\\\/dpress.ma\\\/fr\\\/author\\\/dpress-ma\\\/\"}]}<\/script>\n<!-- \/ Yoast SEO plugin. -->","yoast_head_json":{"title":"Le Conseil de gouvernement adopte un projet de d\u00e9cret fixant la liste des m\u00e9tiers artistiques - Dpress.ma\/fr","description":"Le Conseil de gouvernement, r\u00e9uni jeudi \u00e0 Rabat sous la pr\u00e9sidence du Chef du gouvernement, Aziz Akhannouch, a adopt\u00e9 le projet...","robots":{"index":"index","follow":"follow","max-snippet":"max-snippet:-1","max-image-preview":"max-image-preview:large","max-video-preview":"max-video-preview:-1"},"canonical":"https:\/\/dpress.ma\/fr\/2022\/04\/29\/le-conseil-de-gouvernement-adopte-un-projet-de-decret-fixant-la-liste-des-metiers-artistiques\/","og_locale":"fr_FR","og_type":"article","og_title":"Le Conseil de gouvernement adopte un projet de d\u00e9cret fixant la liste des m\u00e9tiers artistiques - Dpress.ma\/fr","og_description":"Le Conseil de gouvernement, r\u00e9uni jeudi \u00e0 Rabat sous la pr\u00e9sidence du Chef du gouvernement, Aziz Akhannouch, a adopt\u00e9 le projet...","og_url":"https:\/\/dpress.ma\/fr\/2022\/04\/29\/le-conseil-de-gouvernement-adopte-un-projet-de-decret-fixant-la-liste-des-metiers-artistiques\/","og_site_name":"Dpress.ma\/fr","article_published_time":"2022-04-29T13:51:52+00:00","article_modified_time":"2022-04-29T13:51:54+00:00","og_image":[{"width":2539,"height":1594,"url":"https:\/\/dpress.ma\/fr\/wp-content\/uploads\/sites\/2\/2022\/04\/akhannouch-fr1.jpg","type":"image\/jpeg"}],"author":"Dpress.ma","twitter_card":"summary_large_image","twitter_misc":{"\u00c9crit par":"Dpress.ma","Dur\u00e9e de lecture estim\u00e9e":"2 minutes"},"schema":{"@context":"https:\/\/schema.org","@graph":[{"@type":"Article","@id":"https:\/\/dpress.ma\/fr\/2022\/04\/29\/le-conseil-de-gouvernement-adopte-un-projet-de-decret-fixant-la-liste-des-metiers-artistiques\/#article","isPartOf":{"@id":"https:\/\/dpress.ma\/fr\/2022\/04\/29\/le-conseil-de-gouvernement-adopte-un-projet-de-decret-fixant-la-liste-des-metiers-artistiques\/"},"author":{"name":"Dpress.ma","@id":"https:\/\/dpress.ma\/fr\/#\/schema\/person\/4898febf3ccd59e6578d838656a306a0"},"headline":"Le Conseil de gouvernement adopte un projet de d\u00e9cret fixant la liste des m\u00e9tiers artistiques","datePublished":"2022-04-29T13:51:52+00:00","dateModified":"2022-04-29T13:51:54+00:00","mainEntityOfPage":{"@id":"https:\/\/dpress.ma\/fr\/2022\/04\/29\/le-conseil-de-gouvernement-adopte-un-projet-de-decret-fixant-la-liste-des-metiers-artistiques\/"},"wordCount":261,"image":{"@id":"https:\/\/dpress.ma\/fr\/2022\/04\/29\/le-conseil-de-gouvernement-adopte-un-projet-de-decret-fixant-la-liste-des-metiers-artistiques\/#primaryimage"},"thumbnailUrl":"https:\/\/dpress.ma\/fr\/wp-content\/uploads\/sites\/2\/2022\/04\/akhannouch-fr1.jpg","articleSection":["Politiques"],"inLanguage":"fr-FR"},{"@type":"WebPage","@id":"https:\/\/dpress.ma\/fr\/2022\/04\/29\/le-conseil-de-gouvernement-adopte-un-projet-de-decret-fixant-la-liste-des-metiers-artistiques\/","url":"https:\/\/dpress.ma\/fr\/2022\/04\/29\/le-conseil-de-gouvernement-adopte-un-projet-de-decret-fixant-la-liste-des-metiers-artistiques\/","name":"Le Conseil de gouvernement adopte un projet de d\u00e9cret fixant la liste des m\u00e9tiers artistiques - Dpress.ma\/fr","isPartOf":{"@id":"https:\/\/dpress.ma\/fr\/#website"},"primaryImageOfPage":{"@id":"https:\/\/dpress.ma\/fr\/2022\/04\/29\/le-conseil-de-gouvernement-adopte-un-projet-de-decret-fixant-la-liste-des-metiers-artistiques\/#primaryimage"},"image":{"@id":"https:\/\/dpress.ma\/fr\/2022\/04\/29\/le-conseil-de-gouvernement-adopte-un-projet-de-decret-fixant-la-liste-des-metiers-artistiques\/#primaryimage"},"thumbnailUrl":"https:\/\/dpress.ma\/fr\/wp-content\/uploads\/sites\/2\/2022\/04\/akhannouch-fr1.jpg","datePublished":"2022-04-29T13:51:52+00:00","dateModified":"2022-04-29T13:51:54+00:00","author":{"@id":"https:\/\/dpress.ma\/fr\/#\/schema\/person\/4898febf3ccd59e6578d838656a306a0"},"description":"Le Conseil de gouvernement, r\u00e9uni jeudi \u00e0 Rabat sous la pr\u00e9sidence du Chef du gouvernement, Aziz Akhannouch, a adopt\u00e9 le projet...","breadcrumb":{"@id":"https:\/\/dpress.ma\/fr\/2022\/04\/29\/le-conseil-de-gouvernement-adopte-un-projet-de-decret-fixant-la-liste-des-metiers-artistiques\/#breadcrumb"},"inLanguage":"fr-FR","potentialAction":[{"@type":"ReadAction","target":["https:\/\/dpress.ma\/fr\/2022\/04\/29\/le-conseil-de-gouvernement-adopte-un-projet-de-decret-fixant-la-liste-des-metiers-artistiques\/"]}]},{"@type":"ImageObject","inLanguage":"fr-FR","@id":"https:\/\/dpress.ma\/fr\/2022\/04\/29\/le-conseil-de-gouvernement-adopte-un-projet-de-decret-fixant-la-liste-des-metiers-artistiques\/#primaryimage","url":"https:\/\/dpress.ma\/fr\/wp-content\/uploads\/sites\/2\/2022\/04\/akhannouch-fr1.jpg","contentUrl":"https:\/\/dpress.ma\/fr\/wp-content\/uploads\/sites\/2\/2022\/04\/akhannouch-fr1.jpg","width":2539,"height":1594},{"@type":"BreadcrumbList","@id":"https:\/\/dpress.ma\/fr\/2022\/04\/29\/le-conseil-de-gouvernement-adopte-un-projet-de-decret-fixant-la-liste-des-metiers-artistiques\/#breadcrumb","itemListElement":[{"@type":"ListItem","position":1,"name":"Home","item":"https:\/\/dpress.ma\/fr\/"},{"@type":"ListItem","position":2,"name":"Le Conseil de gouvernement adopte un projet de d\u00e9cret fixant la liste des m\u00e9tiers artistiques"}]},{"@type":"WebSite","@id":"https:\/\/dpress.ma\/fr\/#website","url":"https:\/\/dpress.ma\/fr\/","name":"Dpress.ma\/fr","description":"","potentialAction":[{"@type":"SearchAction","target":{"@type":"EntryPoint","urlTemplate":"https:\/\/dpress.ma\/fr\/?s={search_term_string}"},"query-input":{"@type":"PropertyValueSpecification","valueRequired":true,"valueName":"search_term_string"}}],"inLanguage":"fr-FR"},{"@type":"Person","@id":"https:\/\/dpress.ma\/fr\/#\/schema\/person\/4898febf3ccd59e6578d838656a306a0","name":"Dpress.ma","image":{"@type":"ImageObject","inLanguage":"fr-FR","@id":"https:\/\/secure.gravatar.com\/avatar\/72ecc30e9db047a2e0e7176561eb9d564ed77c8108376495b19bd8336405198a?s=96&d=mm&r=g","url":"https:\/\/secure.gravatar.com\/avatar\/72ecc30e9db047a2e0e7176561eb9d564ed77c8108376495b19bd8336405198a?s=96&d=mm&r=g","contentUrl":"https:\/\/secure.gravatar.com\/avatar\/72ecc30e9db047a2e0e7176561eb9d564ed77c8108376495b19bd8336405198a?s=96&d=mm&r=g","caption":"Dpress.ma"},"sameAs":["https:\/\/www.dpress.ma"],"url":"https:\/\/dpress.ma\/fr\/author\/dpress-ma\/"}]}},"amp_enabled":true,"_links":{"self":[{"href":"https:\/\/dpress.ma\/fr\/wp-json\/wp\/v2\/posts\/1431","targetHints":{"allow":["GET"]}}],"collection":[{"href":"https:\/\/dpress.ma\/fr\/wp-json\/wp\/v2\/posts"}],"about":[{"href":"https:\/\/dpress.ma\/fr\/wp-json\/wp\/v2\/types\/post"}],"author":[{"embeddable":true,"href":"https:\/\/dpress.ma\/fr\/wp-json\/wp\/v2\/users\/2"}],"replies":[{"embeddable":true,"href":"https:\/\/dpress.ma\/fr\/wp-json\/wp\/v2\/comments?post=1431"}],"version-history":[{"count":1,"href":"https:\/\/dpress.ma\/fr\/wp-json\/wp\/v2\/posts\/1431\/revisions"}],"predecessor-version":[{"id":1432,"href":"https:\/\/dpress.ma\/fr\/wp-json\/wp\/v2\/posts\/1431\/revisions\/1432"}],"wp:featuredmedia":[{"embeddable":true,"href":"https:\/\/dpress.ma\/fr\/wp-json\/wp\/v2\/media\/1301"}],"wp:attachment":[{"href":"https:\/\/dpress.ma\/fr\/wp-json\/wp\/v2\/media?parent=1431"}],"wp:term":[{"taxonomy":"category","embeddable":true,"href":"https:\/\/dpress.ma\/fr\/wp-json\/wp\/v2\/categories?post=1431"},{"taxonomy":"post_tag","embeddable":true,"href":"https:\/\/dpress.ma\/fr\/wp-json\/wp\/v2\/tags?post=1431"}],"curies":[{"name":"wp","href":"https:\/\/api.w.org\/{rel}","templated":true}]}}