{"id":1421,"date":"2022-04-29T13:28:39","date_gmt":"2022-04-29T13:28:39","guid":{"rendered":"https:\/\/dpress.ma\/fr\/?p=1421"},"modified":"2022-04-29T13:28:41","modified_gmt":"2022-04-29T13:28:41","slug":"le-conseil-de-gouvernement-approuve-des-propositions-de-nomination-a-de-hautes-fonctions","status":"publish","type":"post","link":"https:\/\/dpress.ma\/fr\/2022\/04\/29\/le-conseil-de-gouvernement-approuve-des-propositions-de-nomination-a-de-hautes-fonctions\/","title":{"rendered":"Le Conseil de gouvernement approuve des propositions de nomination \u00e0 de hautes fonctions"},"content":{"rendered":"\n<p>Dpress<\/p>\n\n\n\n<p>Le Conseil de gouvernement, r\u00e9uni jeudi, a approuv\u00e9 des propositions de nomination \u00e0 de hautes fonctions, conform\u00e9ment aux dispositions de l\u2019article 92 de la Constitution.<\/p>\n\n\n\n<p>Au niveau du minist\u00e8re d\u00e9l\u00e9gu\u00e9 aupr\u00e8s du Chef du gouvernement charg\u00e9 de l\u2019Investissement, de la Convergence et de l\u2019\u00c9valuation des politiques publiques, M. Rachid El Khich a \u00e9t\u00e9 nomm\u00e9 directeur des ressources, des affaires juridiques et des syst\u00e8mes d\u2019information et M. Hicham Chaoudri, directeur d\u2019Investissement, a indiqu\u00e9 le ministre d\u00e9l\u00e9gu\u00e9 charg\u00e9 des Relations avec le Parlement, porte-parole du gouvernement, Mustapha Baitas lors d\u2019un point de presse \u00e0 l\u2019issue de ce conseil.<\/p>\n\n\n\n<p>S\u2019agissant du minist\u00e8re de l\u2019Enseignement sup\u00e9rieur, de la recherche scientifique et de l\u2019innovation, M. Abdellatif Makram a \u00e9t\u00e9 nomm\u00e9 Doyen de la Facult\u00e9 des sciences de T\u00e9touan et M. Mohamed El Arabi Karkab, Doyen de la Facult\u00e9 Polydisciplinaire de Larache, a ajout\u00e9 le ministre.<\/p>\n","protected":false},"excerpt":{"rendered":"<p>Dpress Le Conseil de gouvernement, r\u00e9uni jeudi, a approuv\u00e9 des propositions de nomination \u00e0 de hautes fonctions, conform\u00e9ment aux dispositions de l\u2019article 92 de la Constitution. Au niveau du minist\u00e8re d\u00e9l\u00e9gu\u00e9 aupr\u00e8s du Chef du gouvernement charg\u00e9 de l\u2019Investissement, de la Convergence et de l\u2019\u00c9valuation des politiques publiques, M. Rachid El Khich a \u00e9t\u00e9 nomm\u00e9 &hellip;<\/p>\n","protected":false},"author":2,"featured_media":1422,"comment_status":"closed","ping_status":"open","sticky":false,"template":"","format":"standard","meta":{"footnotes":""},"categories":[26],"tags":[],"class_list":["post-1421","post","type-post","status-publish","format-standard","has-post-thumbnail","hentry","category-politiques"],"yoast_head":"<!-- This site is optimized with the Yoast SEO plugin v27.5 - https:\/\/yoast.com\/product\/yoast-seo-wordpress\/ -->\n<title>Le Conseil de gouvernement approuve des propositions de nomination \u00e0 de hautes fonctions - Dpress.ma\/fr<\/title>\n<meta name=\"description\" content=\"Le Conseil de gouvernement, r\u00e9uni jeudi, a approuv\u00e9 des propositions de nomination \u00e0 de hautes fonctions,...\" \/>\n<meta name=\"robots\" content=\"index, follow, max-snippet:-1, max-image-preview:large, max-video-preview:-1\" \/>\n<link rel=\"canonical\" href=\"https:\/\/dpress.ma\/fr\/2022\/04\/29\/le-conseil-de-gouvernement-approuve-des-propositions-de-nomination-a-de-hautes-fonctions\/\" \/>\n<meta property=\"og:locale\" content=\"fr_FR\" \/>\n<meta property=\"og:type\" content=\"article\" \/>\n<meta property=\"og:title\" content=\"Le Conseil de gouvernement approuve des propositions de nomination \u00e0 de hautes fonctions - Dpress.ma\/fr\" \/>\n<meta property=\"og:description\" content=\"Le Conseil de gouvernement, r\u00e9uni jeudi, a approuv\u00e9 des propositions de nomination \u00e0 de hautes fonctions,...\" \/>\n<meta property=\"og:url\" content=\"https:\/\/dpress.ma\/fr\/2022\/04\/29\/le-conseil-de-gouvernement-approuve-des-propositions-de-nomination-a-de-hautes-fonctions\/\" \/>\n<meta property=\"og:site_name\" content=\"Dpress.ma\/fr\" \/>\n<meta property=\"article:published_time\" content=\"2022-04-29T13:28:39+00:00\" \/>\n<meta property=\"article:modified_time\" content=\"2022-04-29T13:28:41+00:00\" \/>\n<meta property=\"og:image\" content=\"https:\/\/dpress.ma\/fr\/wp-content\/uploads\/sites\/2\/2022\/04\/baitas.jpg\" \/>\n\t<meta property=\"og:image:width\" content=\"2539\" \/>\n\t<meta property=\"og:image:height\" content=\"1594\" \/>\n\t<meta property=\"og:image:type\" content=\"image\/jpeg\" \/>\n<meta name=\"author\" content=\"Dpress.ma\" \/>\n<meta name=\"twitter:card\" content=\"summary_large_image\" \/>\n<meta name=\"twitter:label1\" content=\"\u00c9crit par\" \/>\n\t<meta name=\"twitter:data1\" content=\"Dpress.ma\" \/>\n\t<meta name=\"twitter:label2\" content=\"Dur\u00e9e de lecture estim\u00e9e\" \/>\n\t<meta name=\"twitter:data2\" content=\"1 minute\" \/>\n<script type=\"application\/ld+json\" class=\"yoast-schema-graph\">{\"@context\":\"https:\\\/\\\/schema.org\",\"@graph\":[{\"@type\":\"Article\",\"@id\":\"https:\\\/\\\/dpress.ma\\\/fr\\\/2022\\\/04\\\/29\\\/le-conseil-de-gouvernement-approuve-des-propositions-de-nomination-a-de-hautes-fonctions\\\/#article\",\"isPartOf\":{\"@id\":\"https:\\\/\\\/dpress.ma\\\/fr\\\/2022\\\/04\\\/29\\\/le-conseil-de-gouvernement-approuve-des-propositions-de-nomination-a-de-hautes-fonctions\\\/\"},\"author\":{\"name\":\"Dpress.ma\",\"@id\":\"https:\\\/\\\/dpress.ma\\\/fr\\\/#\\\/schema\\\/person\\\/4898febf3ccd59e6578d838656a306a0\"},\"headline\":\"Le Conseil de gouvernement approuve des propositions de nomination \u00e0 de hautes fonctions\",\"datePublished\":\"2022-04-29T13:28:39+00:00\",\"dateModified\":\"2022-04-29T13:28:41+00:00\",\"mainEntityOfPage\":{\"@id\":\"https:\\\/\\\/dpress.ma\\\/fr\\\/2022\\\/04\\\/29\\\/le-conseil-de-gouvernement-approuve-des-propositions-de-nomination-a-de-hautes-fonctions\\\/\"},\"wordCount\":172,\"image\":{\"@id\":\"https:\\\/\\\/dpress.ma\\\/fr\\\/2022\\\/04\\\/29\\\/le-conseil-de-gouvernement-approuve-des-propositions-de-nomination-a-de-hautes-fonctions\\\/#primaryimage\"},\"thumbnailUrl\":\"https:\\\/\\\/dpress.ma\\\/fr\\\/wp-content\\\/uploads\\\/sites\\\/2\\\/2022\\\/04\\\/baitas.jpg\",\"articleSection\":[\"Politiques\"],\"inLanguage\":\"fr-FR\"},{\"@type\":\"WebPage\",\"@id\":\"https:\\\/\\\/dpress.ma\\\/fr\\\/2022\\\/04\\\/29\\\/le-conseil-de-gouvernement-approuve-des-propositions-de-nomination-a-de-hautes-fonctions\\\/\",\"url\":\"https:\\\/\\\/dpress.ma\\\/fr\\\/2022\\\/04\\\/29\\\/le-conseil-de-gouvernement-approuve-des-propositions-de-nomination-a-de-hautes-fonctions\\\/\",\"name\":\"Le Conseil de gouvernement approuve des propositions de nomination \u00e0 de hautes fonctions - Dpress.ma\\\/fr\",\"isPartOf\":{\"@id\":\"https:\\\/\\\/dpress.ma\\\/fr\\\/#website\"},\"primaryImageOfPage\":{\"@id\":\"https:\\\/\\\/dpress.ma\\\/fr\\\/2022\\\/04\\\/29\\\/le-conseil-de-gouvernement-approuve-des-propositions-de-nomination-a-de-hautes-fonctions\\\/#primaryimage\"},\"image\":{\"@id\":\"https:\\\/\\\/dpress.ma\\\/fr\\\/2022\\\/04\\\/29\\\/le-conseil-de-gouvernement-approuve-des-propositions-de-nomination-a-de-hautes-fonctions\\\/#primaryimage\"},\"thumbnailUrl\":\"https:\\\/\\\/dpress.ma\\\/fr\\\/wp-content\\\/uploads\\\/sites\\\/2\\\/2022\\\/04\\\/baitas.jpg\",\"datePublished\":\"2022-04-29T13:28:39+00:00\",\"dateModified\":\"2022-04-29T13:28:41+00:00\",\"author\":{\"@id\":\"https:\\\/\\\/dpress.ma\\\/fr\\\/#\\\/schema\\\/person\\\/4898febf3ccd59e6578d838656a306a0\"},\"description\":\"Le Conseil de gouvernement, r\u00e9uni jeudi, a approuv\u00e9 des propositions de nomination \u00e0 de hautes fonctions,...\",\"breadcrumb\":{\"@id\":\"https:\\\/\\\/dpress.ma\\\/fr\\\/2022\\\/04\\\/29\\\/le-conseil-de-gouvernement-approuve-des-propositions-de-nomination-a-de-hautes-fonctions\\\/#breadcrumb\"},\"inLanguage\":\"fr-FR\",\"potentialAction\":[{\"@type\":\"ReadAction\",\"target\":[\"https:\\\/\\\/dpress.ma\\\/fr\\\/2022\\\/04\\\/29\\\/le-conseil-de-gouvernement-approuve-des-propositions-de-nomination-a-de-hautes-fonctions\\\/\"]}]},{\"@type\":\"ImageObject\",\"inLanguage\":\"fr-FR\",\"@id\":\"https:\\\/\\\/dpress.ma\\\/fr\\\/2022\\\/04\\\/29\\\/le-conseil-de-gouvernement-approuve-des-propositions-de-nomination-a-de-hautes-fonctions\\\/#primaryimage\",\"url\":\"https:\\\/\\\/dpress.ma\\\/fr\\\/wp-content\\\/uploads\\\/sites\\\/2\\\/2022\\\/04\\\/baitas.jpg\",\"contentUrl\":\"https:\\\/\\\/dpress.ma\\\/fr\\\/wp-content\\\/uploads\\\/sites\\\/2\\\/2022\\\/04\\\/baitas.jpg\",\"width\":2539,\"height\":1594},{\"@type\":\"BreadcrumbList\",\"@id\":\"https:\\\/\\\/dpress.ma\\\/fr\\\/2022\\\/04\\\/29\\\/le-conseil-de-gouvernement-approuve-des-propositions-de-nomination-a-de-hautes-fonctions\\\/#breadcrumb\",\"itemListElement\":[{\"@type\":\"ListItem\",\"position\":1,\"name\":\"Home\",\"item\":\"https:\\\/\\\/dpress.ma\\\/fr\\\/\"},{\"@type\":\"ListItem\",\"position\":2,\"name\":\"Le Conseil de gouvernement approuve des propositions de nomination \u00e0 de hautes fonctions\"}]},{\"@type\":\"WebSite\",\"@id\":\"https:\\\/\\\/dpress.ma\\\/fr\\\/#website\",\"url\":\"https:\\\/\\\/dpress.ma\\\/fr\\\/\",\"name\":\"Dpress.ma\\\/fr\",\"description\":\"\",\"potentialAction\":[{\"@type\":\"SearchAction\",\"target\":{\"@type\":\"EntryPoint\",\"urlTemplate\":\"https:\\\/\\\/dpress.ma\\\/fr\\\/?s={search_term_string}\"},\"query-input\":{\"@type\":\"PropertyValueSpecification\",\"valueRequired\":true,\"valueName\":\"search_term_string\"}}],\"inLanguage\":\"fr-FR\"},{\"@type\":\"Person\",\"@id\":\"https:\\\/\\\/dpress.ma\\\/fr\\\/#\\\/schema\\\/person\\\/4898febf3ccd59e6578d838656a306a0\",\"name\":\"Dpress.ma\",\"image\":{\"@type\":\"ImageObject\",\"inLanguage\":\"fr-FR\",\"@id\":\"https:\\\/\\\/secure.gravatar.com\\\/avatar\\\/72ecc30e9db047a2e0e7176561eb9d564ed77c8108376495b19bd8336405198a?s=96&d=mm&r=g\",\"url\":\"https:\\\/\\\/secure.gravatar.com\\\/avatar\\\/72ecc30e9db047a2e0e7176561eb9d564ed77c8108376495b19bd8336405198a?s=96&d=mm&r=g\",\"contentUrl\":\"https:\\\/\\\/secure.gravatar.com\\\/avatar\\\/72ecc30e9db047a2e0e7176561eb9d564ed77c8108376495b19bd8336405198a?s=96&d=mm&r=g\",\"caption\":\"Dpress.ma\"},\"sameAs\":[\"https:\\\/\\\/www.dpress.ma\"],\"url\":\"https:\\\/\\\/dpress.ma\\\/fr\\\/author\\\/dpress-ma\\\/\"}]}<\/script>\n<!-- \/ Yoast SEO plugin. -->","yoast_head_json":{"title":"Le Conseil de gouvernement approuve des propositions de nomination \u00e0 de hautes fonctions - Dpress.ma\/fr","description":"Le Conseil de gouvernement, r\u00e9uni jeudi, a approuv\u00e9 des propositions de nomination \u00e0 de hautes fonctions,...","robots":{"index":"index","follow":"follow","max-snippet":"max-snippet:-1","max-image-preview":"max-image-preview:large","max-video-preview":"max-video-preview:-1"},"canonical":"https:\/\/dpress.ma\/fr\/2022\/04\/29\/le-conseil-de-gouvernement-approuve-des-propositions-de-nomination-a-de-hautes-fonctions\/","og_locale":"fr_FR","og_type":"article","og_title":"Le Conseil de gouvernement approuve des propositions de nomination \u00e0 de hautes fonctions - Dpress.ma\/fr","og_description":"Le Conseil de gouvernement, r\u00e9uni jeudi, a approuv\u00e9 des propositions de nomination \u00e0 de hautes fonctions,...","og_url":"https:\/\/dpress.ma\/fr\/2022\/04\/29\/le-conseil-de-gouvernement-approuve-des-propositions-de-nomination-a-de-hautes-fonctions\/","og_site_name":"Dpress.ma\/fr","article_published_time":"2022-04-29T13:28:39+00:00","article_modified_time":"2022-04-29T13:28:41+00:00","og_image":[{"width":2539,"height":1594,"url":"https:\/\/dpress.ma\/fr\/wp-content\/uploads\/sites\/2\/2022\/04\/baitas.jpg","type":"image\/jpeg"}],"author":"Dpress.ma","twitter_card":"summary_large_image","twitter_misc":{"\u00c9crit par":"Dpress.ma","Dur\u00e9e de lecture estim\u00e9e":"1 minute"},"schema":{"@context":"https:\/\/schema.org","@graph":[{"@type":"Article","@id":"https:\/\/dpress.ma\/fr\/2022\/04\/29\/le-conseil-de-gouvernement-approuve-des-propositions-de-nomination-a-de-hautes-fonctions\/#article","isPartOf":{"@id":"https:\/\/dpress.ma\/fr\/2022\/04\/29\/le-conseil-de-gouvernement-approuve-des-propositions-de-nomination-a-de-hautes-fonctions\/"},"author":{"name":"Dpress.ma","@id":"https:\/\/dpress.ma\/fr\/#\/schema\/person\/4898febf3ccd59e6578d838656a306a0"},"headline":"Le Conseil de gouvernement approuve des propositions de nomination \u00e0 de hautes fonctions","datePublished":"2022-04-29T13:28:39+00:00","dateModified":"2022-04-29T13:28:41+00:00","mainEntityOfPage":{"@id":"https:\/\/dpress.ma\/fr\/2022\/04\/29\/le-conseil-de-gouvernement-approuve-des-propositions-de-nomination-a-de-hautes-fonctions\/"},"wordCount":172,"image":{"@id":"https:\/\/dpress.ma\/fr\/2022\/04\/29\/le-conseil-de-gouvernement-approuve-des-propositions-de-nomination-a-de-hautes-fonctions\/#primaryimage"},"thumbnailUrl":"https:\/\/dpress.ma\/fr\/wp-content\/uploads\/sites\/2\/2022\/04\/baitas.jpg","articleSection":["Politiques"],"inLanguage":"fr-FR"},{"@type":"WebPage","@id":"https:\/\/dpress.ma\/fr\/2022\/04\/29\/le-conseil-de-gouvernement-approuve-des-propositions-de-nomination-a-de-hautes-fonctions\/","url":"https:\/\/dpress.ma\/fr\/2022\/04\/29\/le-conseil-de-gouvernement-approuve-des-propositions-de-nomination-a-de-hautes-fonctions\/","name":"Le Conseil de gouvernement approuve des propositions de nomination \u00e0 de hautes fonctions - Dpress.ma\/fr","isPartOf":{"@id":"https:\/\/dpress.ma\/fr\/#website"},"primaryImageOfPage":{"@id":"https:\/\/dpress.ma\/fr\/2022\/04\/29\/le-conseil-de-gouvernement-approuve-des-propositions-de-nomination-a-de-hautes-fonctions\/#primaryimage"},"image":{"@id":"https:\/\/dpress.ma\/fr\/2022\/04\/29\/le-conseil-de-gouvernement-approuve-des-propositions-de-nomination-a-de-hautes-fonctions\/#primaryimage"},"thumbnailUrl":"https:\/\/dpress.ma\/fr\/wp-content\/uploads\/sites\/2\/2022\/04\/baitas.jpg","datePublished":"2022-04-29T13:28:39+00:00","dateModified":"2022-04-29T13:28:41+00:00","author":{"@id":"https:\/\/dpress.ma\/fr\/#\/schema\/person\/4898febf3ccd59e6578d838656a306a0"},"description":"Le Conseil de gouvernement, r\u00e9uni jeudi, a approuv\u00e9 des propositions de nomination \u00e0 de hautes fonctions,...","breadcrumb":{"@id":"https:\/\/dpress.ma\/fr\/2022\/04\/29\/le-conseil-de-gouvernement-approuve-des-propositions-de-nomination-a-de-hautes-fonctions\/#breadcrumb"},"inLanguage":"fr-FR","potentialAction":[{"@type":"ReadAction","target":["https:\/\/dpress.ma\/fr\/2022\/04\/29\/le-conseil-de-gouvernement-approuve-des-propositions-de-nomination-a-de-hautes-fonctions\/"]}]},{"@type":"ImageObject","inLanguage":"fr-FR","@id":"https:\/\/dpress.ma\/fr\/2022\/04\/29\/le-conseil-de-gouvernement-approuve-des-propositions-de-nomination-a-de-hautes-fonctions\/#primaryimage","url":"https:\/\/dpress.ma\/fr\/wp-content\/uploads\/sites\/2\/2022\/04\/baitas.jpg","contentUrl":"https:\/\/dpress.ma\/fr\/wp-content\/uploads\/sites\/2\/2022\/04\/baitas.jpg","width":2539,"height":1594},{"@type":"BreadcrumbList","@id":"https:\/\/dpress.ma\/fr\/2022\/04\/29\/le-conseil-de-gouvernement-approuve-des-propositions-de-nomination-a-de-hautes-fonctions\/#breadcrumb","itemListElement":[{"@type":"ListItem","position":1,"name":"Home","item":"https:\/\/dpress.ma\/fr\/"},{"@type":"ListItem","position":2,"name":"Le Conseil de gouvernement approuve des propositions de nomination \u00e0 de hautes fonctions"}]},{"@type":"WebSite","@id":"https:\/\/dpress.ma\/fr\/#website","url":"https:\/\/dpress.ma\/fr\/","name":"Dpress.ma\/fr","description":"","potentialAction":[{"@type":"SearchAction","target":{"@type":"EntryPoint","urlTemplate":"https:\/\/dpress.ma\/fr\/?s={search_term_string}"},"query-input":{"@type":"PropertyValueSpecification","valueRequired":true,"valueName":"search_term_string"}}],"inLanguage":"fr-FR"},{"@type":"Person","@id":"https:\/\/dpress.ma\/fr\/#\/schema\/person\/4898febf3ccd59e6578d838656a306a0","name":"Dpress.ma","image":{"@type":"ImageObject","inLanguage":"fr-FR","@id":"https:\/\/secure.gravatar.com\/avatar\/72ecc30e9db047a2e0e7176561eb9d564ed77c8108376495b19bd8336405198a?s=96&d=mm&r=g","url":"https:\/\/secure.gravatar.com\/avatar\/72ecc30e9db047a2e0e7176561eb9d564ed77c8108376495b19bd8336405198a?s=96&d=mm&r=g","contentUrl":"https:\/\/secure.gravatar.com\/avatar\/72ecc30e9db047a2e0e7176561eb9d564ed77c8108376495b19bd8336405198a?s=96&d=mm&r=g","caption":"Dpress.ma"},"sameAs":["https:\/\/www.dpress.ma"],"url":"https:\/\/dpress.ma\/fr\/author\/dpress-ma\/"}]}},"amp_enabled":true,"_links":{"self":[{"href":"https:\/\/dpress.ma\/fr\/wp-json\/wp\/v2\/posts\/1421","targetHints":{"allow":["GET"]}}],"collection":[{"href":"https:\/\/dpress.ma\/fr\/wp-json\/wp\/v2\/posts"}],"about":[{"href":"https:\/\/dpress.ma\/fr\/wp-json\/wp\/v2\/types\/post"}],"author":[{"embeddable":true,"href":"https:\/\/dpress.ma\/fr\/wp-json\/wp\/v2\/users\/2"}],"replies":[{"embeddable":true,"href":"https:\/\/dpress.ma\/fr\/wp-json\/wp\/v2\/comments?post=1421"}],"version-history":[{"count":1,"href":"https:\/\/dpress.ma\/fr\/wp-json\/wp\/v2\/posts\/1421\/revisions"}],"predecessor-version":[{"id":1424,"href":"https:\/\/dpress.ma\/fr\/wp-json\/wp\/v2\/posts\/1421\/revisions\/1424"}],"wp:featuredmedia":[{"embeddable":true,"href":"https:\/\/dpress.ma\/fr\/wp-json\/wp\/v2\/media\/1422"}],"wp:attachment":[{"href":"https:\/\/dpress.ma\/fr\/wp-json\/wp\/v2\/media?parent=1421"}],"wp:term":[{"taxonomy":"category","embeddable":true,"href":"https:\/\/dpress.ma\/fr\/wp-json\/wp\/v2\/categories?post=1421"},{"taxonomy":"post_tag","embeddable":true,"href":"https:\/\/dpress.ma\/fr\/wp-json\/wp\/v2\/tags?post=1421"}],"curies":[{"name":"wp","href":"https:\/\/api.w.org\/{rel}","templated":true}]}}