{"id":1415,"date":"2022-04-29T13:12:36","date_gmt":"2022-04-29T13:12:36","guid":{"rendered":"https:\/\/dpress.ma\/fr\/?p=1415"},"modified":"2022-04-29T13:12:38","modified_gmt":"2022-04-29T13:12:38","slug":"sa-majeste-le-roi-mohammed-vi-amir-al-mouminine-commemore-laylat-al-qadr-benie","status":"publish","type":"post","link":"https:\/\/dpress.ma\/fr\/2022\/04\/29\/sa-majeste-le-roi-mohammed-vi-amir-al-mouminine-commemore-laylat-al-qadr-benie\/","title":{"rendered":"Sa Majest\u00e9 le Roi Mohammed VI, Amir Al-Mouminine, comm\u00e9more Laylat Al-Qadr b\u00e9nie"},"content":{"rendered":"\n<p>Dpress<\/p>\n\n\n\n<p>Sa Majest\u00e9 le Roi Mohammed VI, Amir Al-Mouminine, que Dieu L\u2019assiste, accompagn\u00e9 de SAR le Prince H\u00e9ritier Moulay El Hassan et de SAR le Prince Moulay Rachid, a comm\u00e9mor\u00e9, jeudi 26 Ramadan 1443 de l\u2019H\u00e9gire correspondant au 28 avril 2022, Laylat Al-Qadr b\u00e9nie.<\/p>\n\n\n\n<p>A cette occasion religieuse b\u00e9nie, SM le Roi, que Dieu Le pr\u00e9serve, a accompli les pri\u00e8res d\u2019Al-Icha et des Taraouih. Le ministre des Habous et des Affaires islamiques a cl\u00f4tur\u00e9 \u201cSahih Al Boukhari\u201d devant Amir Al-Mouminine.<\/p>\n\n\n\n<p>Eu \u00e9gard \u00e0 la poursuite de l\u2019application des mesures pr\u00e9ventives en vigueur, Sa Majest\u00e9 le Roi, que Dieu Le glorifie, a bien voulu c\u00e9l\u00e9brer cette nuit b\u00e9nie dans un cadre priv\u00e9 et avec une assistance tr\u00e8s r\u00e9duite.<\/p>\n\n\n\n<p>Puisse Dieu pr\u00e9server Sa Majest\u00e9 le Roi, perp\u00e9tuer sur Lui les bienfaits de la sant\u00e9 et Lui accorder longue vie. Puisse-t-Il combler le Souverain en la personne de Son Altesse Royale le Prince H\u00e9ritier Moulay El Hassan, de Son Altesse Royale le Prince Moulay Rachid et de tous les membres de l\u2019illustre Famille Royale. Dieu L\u2019Audient, exauce les v\u0153ux de ceux qui L\u2019implorent.<\/p>\n","protected":false},"excerpt":{"rendered":"<p>Dpress Sa Majest\u00e9 le Roi Mohammed VI, Amir Al-Mouminine, que Dieu L\u2019assiste, accompagn\u00e9 de SAR le Prince H\u00e9ritier Moulay El Hassan et de SAR le Prince Moulay Rachid, a comm\u00e9mor\u00e9, jeudi 26 Ramadan 1443 de l\u2019H\u00e9gire correspondant au 28 avril 2022, Laylat Al-Qadr b\u00e9nie. A cette occasion religieuse b\u00e9nie, SM le Roi, que Dieu Le &hellip;<\/p>\n","protected":false},"author":2,"featured_media":1416,"comment_status":"closed","ping_status":"open","sticky":false,"template":"","format":"standard","meta":{"footnotes":""},"categories":[29],"tags":[],"class_list":["post-1415","post","type-post","status-publish","format-standard","has-post-thumbnail","hentry","category-activites-royales"],"yoast_head":"<!-- This site is optimized with the Yoast SEO plugin v27.5 - https:\/\/yoast.com\/product\/yoast-seo-wordpress\/ -->\n<title>Sa Majest\u00e9 le Roi Mohammed VI, Amir Al-Mouminine, comm\u00e9more Laylat Al-Qadr b\u00e9nie - Dpress.ma\/fr<\/title>\n<meta name=\"description\" content=\"Sa Majest\u00e9 le Roi Mohammed VI, Amir Al-Mouminine, que Dieu L\u2019assiste, accompagn\u00e9 de SAR le Prince H\u00e9ritier Moulay El Hassan et ....\" \/>\n<meta name=\"robots\" content=\"index, follow, max-snippet:-1, max-image-preview:large, max-video-preview:-1\" \/>\n<link rel=\"canonical\" href=\"https:\/\/dpress.ma\/fr\/2022\/04\/29\/sa-majeste-le-roi-mohammed-vi-amir-al-mouminine-commemore-laylat-al-qadr-benie\/\" \/>\n<meta property=\"og:locale\" content=\"fr_FR\" \/>\n<meta property=\"og:type\" content=\"article\" \/>\n<meta property=\"og:title\" content=\"Sa Majest\u00e9 le Roi Mohammed VI, Amir Al-Mouminine, comm\u00e9more Laylat Al-Qadr b\u00e9nie - Dpress.ma\/fr\" \/>\n<meta property=\"og:description\" content=\"Sa Majest\u00e9 le Roi Mohammed VI, Amir Al-Mouminine, que Dieu L\u2019assiste, accompagn\u00e9 de SAR le Prince H\u00e9ritier Moulay El Hassan et ....\" \/>\n<meta property=\"og:url\" content=\"https:\/\/dpress.ma\/fr\/2022\/04\/29\/sa-majeste-le-roi-mohammed-vi-amir-al-mouminine-commemore-laylat-al-qadr-benie\/\" \/>\n<meta property=\"og:site_name\" content=\"Dpress.ma\/fr\" \/>\n<meta property=\"article:published_time\" content=\"2022-04-29T13:12:36+00:00\" \/>\n<meta property=\"article:modified_time\" content=\"2022-04-29T13:12:38+00:00\" \/>\n<meta property=\"og:image\" content=\"https:\/\/dpress.ma\/fr\/wp-content\/uploads\/sites\/2\/2022\/04\/dimensions2-4.jpg\" \/>\n\t<meta property=\"og:image:width\" content=\"2539\" \/>\n\t<meta property=\"og:image:height\" content=\"1594\" \/>\n\t<meta property=\"og:image:type\" content=\"image\/jpeg\" \/>\n<meta name=\"author\" content=\"Dpress.ma\" \/>\n<meta name=\"twitter:card\" content=\"summary_large_image\" \/>\n<meta name=\"twitter:label1\" content=\"\u00c9crit par\" \/>\n\t<meta name=\"twitter:data1\" content=\"Dpress.ma\" \/>\n\t<meta name=\"twitter:label2\" content=\"Dur\u00e9e de lecture estim\u00e9e\" \/>\n\t<meta name=\"twitter:data2\" content=\"1 minute\" \/>\n<script type=\"application\/ld+json\" class=\"yoast-schema-graph\">{\"@context\":\"https:\\\/\\\/schema.org\",\"@graph\":[{\"@type\":\"Article\",\"@id\":\"https:\\\/\\\/dpress.ma\\\/fr\\\/2022\\\/04\\\/29\\\/sa-majeste-le-roi-mohammed-vi-amir-al-mouminine-commemore-laylat-al-qadr-benie\\\/#article\",\"isPartOf\":{\"@id\":\"https:\\\/\\\/dpress.ma\\\/fr\\\/2022\\\/04\\\/29\\\/sa-majeste-le-roi-mohammed-vi-amir-al-mouminine-commemore-laylat-al-qadr-benie\\\/\"},\"author\":{\"name\":\"Dpress.ma\",\"@id\":\"https:\\\/\\\/dpress.ma\\\/fr\\\/#\\\/schema\\\/person\\\/4898febf3ccd59e6578d838656a306a0\"},\"headline\":\"Sa Majest\u00e9 le Roi Mohammed VI, Amir Al-Mouminine, comm\u00e9more Laylat Al-Qadr b\u00e9nie\",\"datePublished\":\"2022-04-29T13:12:36+00:00\",\"dateModified\":\"2022-04-29T13:12:38+00:00\",\"mainEntityOfPage\":{\"@id\":\"https:\\\/\\\/dpress.ma\\\/fr\\\/2022\\\/04\\\/29\\\/sa-majeste-le-roi-mohammed-vi-amir-al-mouminine-commemore-laylat-al-qadr-benie\\\/\"},\"wordCount\":214,\"image\":{\"@id\":\"https:\\\/\\\/dpress.ma\\\/fr\\\/2022\\\/04\\\/29\\\/sa-majeste-le-roi-mohammed-vi-amir-al-mouminine-commemore-laylat-al-qadr-benie\\\/#primaryimage\"},\"thumbnailUrl\":\"https:\\\/\\\/dpress.ma\\\/fr\\\/wp-content\\\/uploads\\\/sites\\\/2\\\/2022\\\/04\\\/dimensions2-4.jpg\",\"articleSection\":[\"Activit\u00e9s Royales\"],\"inLanguage\":\"fr-FR\"},{\"@type\":\"WebPage\",\"@id\":\"https:\\\/\\\/dpress.ma\\\/fr\\\/2022\\\/04\\\/29\\\/sa-majeste-le-roi-mohammed-vi-amir-al-mouminine-commemore-laylat-al-qadr-benie\\\/\",\"url\":\"https:\\\/\\\/dpress.ma\\\/fr\\\/2022\\\/04\\\/29\\\/sa-majeste-le-roi-mohammed-vi-amir-al-mouminine-commemore-laylat-al-qadr-benie\\\/\",\"name\":\"Sa Majest\u00e9 le Roi Mohammed VI, Amir Al-Mouminine, comm\u00e9more Laylat Al-Qadr b\u00e9nie - Dpress.ma\\\/fr\",\"isPartOf\":{\"@id\":\"https:\\\/\\\/dpress.ma\\\/fr\\\/#website\"},\"primaryImageOfPage\":{\"@id\":\"https:\\\/\\\/dpress.ma\\\/fr\\\/2022\\\/04\\\/29\\\/sa-majeste-le-roi-mohammed-vi-amir-al-mouminine-commemore-laylat-al-qadr-benie\\\/#primaryimage\"},\"image\":{\"@id\":\"https:\\\/\\\/dpress.ma\\\/fr\\\/2022\\\/04\\\/29\\\/sa-majeste-le-roi-mohammed-vi-amir-al-mouminine-commemore-laylat-al-qadr-benie\\\/#primaryimage\"},\"thumbnailUrl\":\"https:\\\/\\\/dpress.ma\\\/fr\\\/wp-content\\\/uploads\\\/sites\\\/2\\\/2022\\\/04\\\/dimensions2-4.jpg\",\"datePublished\":\"2022-04-29T13:12:36+00:00\",\"dateModified\":\"2022-04-29T13:12:38+00:00\",\"author\":{\"@id\":\"https:\\\/\\\/dpress.ma\\\/fr\\\/#\\\/schema\\\/person\\\/4898febf3ccd59e6578d838656a306a0\"},\"description\":\"Sa Majest\u00e9 le Roi Mohammed VI, Amir Al-Mouminine, que Dieu L\u2019assiste, accompagn\u00e9 de SAR le Prince H\u00e9ritier Moulay El Hassan et ....\",\"breadcrumb\":{\"@id\":\"https:\\\/\\\/dpress.ma\\\/fr\\\/2022\\\/04\\\/29\\\/sa-majeste-le-roi-mohammed-vi-amir-al-mouminine-commemore-laylat-al-qadr-benie\\\/#breadcrumb\"},\"inLanguage\":\"fr-FR\",\"potentialAction\":[{\"@type\":\"ReadAction\",\"target\":[\"https:\\\/\\\/dpress.ma\\\/fr\\\/2022\\\/04\\\/29\\\/sa-majeste-le-roi-mohammed-vi-amir-al-mouminine-commemore-laylat-al-qadr-benie\\\/\"]}]},{\"@type\":\"ImageObject\",\"inLanguage\":\"fr-FR\",\"@id\":\"https:\\\/\\\/dpress.ma\\\/fr\\\/2022\\\/04\\\/29\\\/sa-majeste-le-roi-mohammed-vi-amir-al-mouminine-commemore-laylat-al-qadr-benie\\\/#primaryimage\",\"url\":\"https:\\\/\\\/dpress.ma\\\/fr\\\/wp-content\\\/uploads\\\/sites\\\/2\\\/2022\\\/04\\\/dimensions2-4.jpg\",\"contentUrl\":\"https:\\\/\\\/dpress.ma\\\/fr\\\/wp-content\\\/uploads\\\/sites\\\/2\\\/2022\\\/04\\\/dimensions2-4.jpg\",\"width\":2539,\"height\":1594},{\"@type\":\"BreadcrumbList\",\"@id\":\"https:\\\/\\\/dpress.ma\\\/fr\\\/2022\\\/04\\\/29\\\/sa-majeste-le-roi-mohammed-vi-amir-al-mouminine-commemore-laylat-al-qadr-benie\\\/#breadcrumb\",\"itemListElement\":[{\"@type\":\"ListItem\",\"position\":1,\"name\":\"Home\",\"item\":\"https:\\\/\\\/dpress.ma\\\/fr\\\/\"},{\"@type\":\"ListItem\",\"position\":2,\"name\":\"Sa Majest\u00e9 le Roi Mohammed VI, Amir Al-Mouminine, comm\u00e9more Laylat Al-Qadr b\u00e9nie\"}]},{\"@type\":\"WebSite\",\"@id\":\"https:\\\/\\\/dpress.ma\\\/fr\\\/#website\",\"url\":\"https:\\\/\\\/dpress.ma\\\/fr\\\/\",\"name\":\"Dpress.ma\\\/fr\",\"description\":\"\",\"potentialAction\":[{\"@type\":\"SearchAction\",\"target\":{\"@type\":\"EntryPoint\",\"urlTemplate\":\"https:\\\/\\\/dpress.ma\\\/fr\\\/?s={search_term_string}\"},\"query-input\":{\"@type\":\"PropertyValueSpecification\",\"valueRequired\":true,\"valueName\":\"search_term_string\"}}],\"inLanguage\":\"fr-FR\"},{\"@type\":\"Person\",\"@id\":\"https:\\\/\\\/dpress.ma\\\/fr\\\/#\\\/schema\\\/person\\\/4898febf3ccd59e6578d838656a306a0\",\"name\":\"Dpress.ma\",\"image\":{\"@type\":\"ImageObject\",\"inLanguage\":\"fr-FR\",\"@id\":\"https:\\\/\\\/secure.gravatar.com\\\/avatar\\\/72ecc30e9db047a2e0e7176561eb9d564ed77c8108376495b19bd8336405198a?s=96&d=mm&r=g\",\"url\":\"https:\\\/\\\/secure.gravatar.com\\\/avatar\\\/72ecc30e9db047a2e0e7176561eb9d564ed77c8108376495b19bd8336405198a?s=96&d=mm&r=g\",\"contentUrl\":\"https:\\\/\\\/secure.gravatar.com\\\/avatar\\\/72ecc30e9db047a2e0e7176561eb9d564ed77c8108376495b19bd8336405198a?s=96&d=mm&r=g\",\"caption\":\"Dpress.ma\"},\"sameAs\":[\"https:\\\/\\\/www.dpress.ma\"],\"url\":\"https:\\\/\\\/dpress.ma\\\/fr\\\/author\\\/dpress-ma\\\/\"}]}<\/script>\n<!-- \/ Yoast SEO plugin. -->","yoast_head_json":{"title":"Sa Majest\u00e9 le Roi Mohammed VI, Amir Al-Mouminine, comm\u00e9more Laylat Al-Qadr b\u00e9nie - Dpress.ma\/fr","description":"Sa Majest\u00e9 le Roi Mohammed VI, Amir Al-Mouminine, que Dieu L\u2019assiste, accompagn\u00e9 de SAR le Prince H\u00e9ritier Moulay El Hassan et ....","robots":{"index":"index","follow":"follow","max-snippet":"max-snippet:-1","max-image-preview":"max-image-preview:large","max-video-preview":"max-video-preview:-1"},"canonical":"https:\/\/dpress.ma\/fr\/2022\/04\/29\/sa-majeste-le-roi-mohammed-vi-amir-al-mouminine-commemore-laylat-al-qadr-benie\/","og_locale":"fr_FR","og_type":"article","og_title":"Sa Majest\u00e9 le Roi Mohammed VI, Amir Al-Mouminine, comm\u00e9more Laylat Al-Qadr b\u00e9nie - Dpress.ma\/fr","og_description":"Sa Majest\u00e9 le Roi Mohammed VI, Amir Al-Mouminine, que Dieu L\u2019assiste, accompagn\u00e9 de SAR le Prince H\u00e9ritier Moulay El Hassan et ....","og_url":"https:\/\/dpress.ma\/fr\/2022\/04\/29\/sa-majeste-le-roi-mohammed-vi-amir-al-mouminine-commemore-laylat-al-qadr-benie\/","og_site_name":"Dpress.ma\/fr","article_published_time":"2022-04-29T13:12:36+00:00","article_modified_time":"2022-04-29T13:12:38+00:00","og_image":[{"width":2539,"height":1594,"url":"https:\/\/dpress.ma\/fr\/wp-content\/uploads\/sites\/2\/2022\/04\/dimensions2-4.jpg","type":"image\/jpeg"}],"author":"Dpress.ma","twitter_card":"summary_large_image","twitter_misc":{"\u00c9crit par":"Dpress.ma","Dur\u00e9e de lecture estim\u00e9e":"1 minute"},"schema":{"@context":"https:\/\/schema.org","@graph":[{"@type":"Article","@id":"https:\/\/dpress.ma\/fr\/2022\/04\/29\/sa-majeste-le-roi-mohammed-vi-amir-al-mouminine-commemore-laylat-al-qadr-benie\/#article","isPartOf":{"@id":"https:\/\/dpress.ma\/fr\/2022\/04\/29\/sa-majeste-le-roi-mohammed-vi-amir-al-mouminine-commemore-laylat-al-qadr-benie\/"},"author":{"name":"Dpress.ma","@id":"https:\/\/dpress.ma\/fr\/#\/schema\/person\/4898febf3ccd59e6578d838656a306a0"},"headline":"Sa Majest\u00e9 le Roi Mohammed VI, Amir Al-Mouminine, comm\u00e9more Laylat Al-Qadr b\u00e9nie","datePublished":"2022-04-29T13:12:36+00:00","dateModified":"2022-04-29T13:12:38+00:00","mainEntityOfPage":{"@id":"https:\/\/dpress.ma\/fr\/2022\/04\/29\/sa-majeste-le-roi-mohammed-vi-amir-al-mouminine-commemore-laylat-al-qadr-benie\/"},"wordCount":214,"image":{"@id":"https:\/\/dpress.ma\/fr\/2022\/04\/29\/sa-majeste-le-roi-mohammed-vi-amir-al-mouminine-commemore-laylat-al-qadr-benie\/#primaryimage"},"thumbnailUrl":"https:\/\/dpress.ma\/fr\/wp-content\/uploads\/sites\/2\/2022\/04\/dimensions2-4.jpg","articleSection":["Activit\u00e9s Royales"],"inLanguage":"fr-FR"},{"@type":"WebPage","@id":"https:\/\/dpress.ma\/fr\/2022\/04\/29\/sa-majeste-le-roi-mohammed-vi-amir-al-mouminine-commemore-laylat-al-qadr-benie\/","url":"https:\/\/dpress.ma\/fr\/2022\/04\/29\/sa-majeste-le-roi-mohammed-vi-amir-al-mouminine-commemore-laylat-al-qadr-benie\/","name":"Sa Majest\u00e9 le Roi Mohammed VI, Amir Al-Mouminine, comm\u00e9more Laylat Al-Qadr b\u00e9nie - Dpress.ma\/fr","isPartOf":{"@id":"https:\/\/dpress.ma\/fr\/#website"},"primaryImageOfPage":{"@id":"https:\/\/dpress.ma\/fr\/2022\/04\/29\/sa-majeste-le-roi-mohammed-vi-amir-al-mouminine-commemore-laylat-al-qadr-benie\/#primaryimage"},"image":{"@id":"https:\/\/dpress.ma\/fr\/2022\/04\/29\/sa-majeste-le-roi-mohammed-vi-amir-al-mouminine-commemore-laylat-al-qadr-benie\/#primaryimage"},"thumbnailUrl":"https:\/\/dpress.ma\/fr\/wp-content\/uploads\/sites\/2\/2022\/04\/dimensions2-4.jpg","datePublished":"2022-04-29T13:12:36+00:00","dateModified":"2022-04-29T13:12:38+00:00","author":{"@id":"https:\/\/dpress.ma\/fr\/#\/schema\/person\/4898febf3ccd59e6578d838656a306a0"},"description":"Sa Majest\u00e9 le Roi Mohammed VI, Amir Al-Mouminine, que Dieu L\u2019assiste, accompagn\u00e9 de SAR le Prince H\u00e9ritier Moulay El Hassan et ....","breadcrumb":{"@id":"https:\/\/dpress.ma\/fr\/2022\/04\/29\/sa-majeste-le-roi-mohammed-vi-amir-al-mouminine-commemore-laylat-al-qadr-benie\/#breadcrumb"},"inLanguage":"fr-FR","potentialAction":[{"@type":"ReadAction","target":["https:\/\/dpress.ma\/fr\/2022\/04\/29\/sa-majeste-le-roi-mohammed-vi-amir-al-mouminine-commemore-laylat-al-qadr-benie\/"]}]},{"@type":"ImageObject","inLanguage":"fr-FR","@id":"https:\/\/dpress.ma\/fr\/2022\/04\/29\/sa-majeste-le-roi-mohammed-vi-amir-al-mouminine-commemore-laylat-al-qadr-benie\/#primaryimage","url":"https:\/\/dpress.ma\/fr\/wp-content\/uploads\/sites\/2\/2022\/04\/dimensions2-4.jpg","contentUrl":"https:\/\/dpress.ma\/fr\/wp-content\/uploads\/sites\/2\/2022\/04\/dimensions2-4.jpg","width":2539,"height":1594},{"@type":"BreadcrumbList","@id":"https:\/\/dpress.ma\/fr\/2022\/04\/29\/sa-majeste-le-roi-mohammed-vi-amir-al-mouminine-commemore-laylat-al-qadr-benie\/#breadcrumb","itemListElement":[{"@type":"ListItem","position":1,"name":"Home","item":"https:\/\/dpress.ma\/fr\/"},{"@type":"ListItem","position":2,"name":"Sa Majest\u00e9 le Roi Mohammed VI, Amir Al-Mouminine, comm\u00e9more Laylat Al-Qadr b\u00e9nie"}]},{"@type":"WebSite","@id":"https:\/\/dpress.ma\/fr\/#website","url":"https:\/\/dpress.ma\/fr\/","name":"Dpress.ma\/fr","description":"","potentialAction":[{"@type":"SearchAction","target":{"@type":"EntryPoint","urlTemplate":"https:\/\/dpress.ma\/fr\/?s={search_term_string}"},"query-input":{"@type":"PropertyValueSpecification","valueRequired":true,"valueName":"search_term_string"}}],"inLanguage":"fr-FR"},{"@type":"Person","@id":"https:\/\/dpress.ma\/fr\/#\/schema\/person\/4898febf3ccd59e6578d838656a306a0","name":"Dpress.ma","image":{"@type":"ImageObject","inLanguage":"fr-FR","@id":"https:\/\/secure.gravatar.com\/avatar\/72ecc30e9db047a2e0e7176561eb9d564ed77c8108376495b19bd8336405198a?s=96&d=mm&r=g","url":"https:\/\/secure.gravatar.com\/avatar\/72ecc30e9db047a2e0e7176561eb9d564ed77c8108376495b19bd8336405198a?s=96&d=mm&r=g","contentUrl":"https:\/\/secure.gravatar.com\/avatar\/72ecc30e9db047a2e0e7176561eb9d564ed77c8108376495b19bd8336405198a?s=96&d=mm&r=g","caption":"Dpress.ma"},"sameAs":["https:\/\/www.dpress.ma"],"url":"https:\/\/dpress.ma\/fr\/author\/dpress-ma\/"}]}},"amp_enabled":true,"_links":{"self":[{"href":"https:\/\/dpress.ma\/fr\/wp-json\/wp\/v2\/posts\/1415","targetHints":{"allow":["GET"]}}],"collection":[{"href":"https:\/\/dpress.ma\/fr\/wp-json\/wp\/v2\/posts"}],"about":[{"href":"https:\/\/dpress.ma\/fr\/wp-json\/wp\/v2\/types\/post"}],"author":[{"embeddable":true,"href":"https:\/\/dpress.ma\/fr\/wp-json\/wp\/v2\/users\/2"}],"replies":[{"embeddable":true,"href":"https:\/\/dpress.ma\/fr\/wp-json\/wp\/v2\/comments?post=1415"}],"version-history":[{"count":1,"href":"https:\/\/dpress.ma\/fr\/wp-json\/wp\/v2\/posts\/1415\/revisions"}],"predecessor-version":[{"id":1417,"href":"https:\/\/dpress.ma\/fr\/wp-json\/wp\/v2\/posts\/1415\/revisions\/1417"}],"wp:featuredmedia":[{"embeddable":true,"href":"https:\/\/dpress.ma\/fr\/wp-json\/wp\/v2\/media\/1416"}],"wp:attachment":[{"href":"https:\/\/dpress.ma\/fr\/wp-json\/wp\/v2\/media?parent=1415"}],"wp:term":[{"taxonomy":"category","embeddable":true,"href":"https:\/\/dpress.ma\/fr\/wp-json\/wp\/v2\/categories?post=1415"},{"taxonomy":"post_tag","embeddable":true,"href":"https:\/\/dpress.ma\/fr\/wp-json\/wp\/v2\/tags?post=1415"}],"curies":[{"name":"wp","href":"https:\/\/api.w.org\/{rel}","templated":true}]}}