{"id":1400,"date":"2022-04-28T12:15:39","date_gmt":"2022-04-28T12:15:39","guid":{"rendered":"https:\/\/dpress.ma\/fr\/?p=1400"},"modified":"2022-04-28T12:15:40","modified_gmt":"2022-04-28T12:15:40","slug":"le-maroc-abrite-ledition-2023-du-congres-mondial-uic-de-la-grande-vitesse-ferroviaire","status":"publish","type":"post","link":"https:\/\/dpress.ma\/fr\/2022\/04\/28\/le-maroc-abrite-ledition-2023-du-congres-mondial-uic-de-la-grande-vitesse-ferroviaire\/","title":{"rendered":"Le Maroc abrite l\u2019\u00e9dition 2023 du Congr\u00e8s Mondial UIC de la Grande Vitesse Ferroviaire"},"content":{"rendered":"\n<p>Dpress<\/p>\n\n\n\n<p>Le Maroc a \u00e9t\u00e9 choisi par l\u2019Union Internationale des Chemins de Fer (UIC) pour abriter, du 7 au 10 mars 2023, l\u2019\u00e9dition 2023 du Congr\u00e8s Mondial UIC de la Grande Vitesse Ferroviaire.<\/p>\n\n\n\n<p>\u201cTenant compte du positionnement dont jouit le Maroc au niveau Afrique et Moyen-Orient dans le domaine de la grande vitesse ferroviaire, l\u2019UIC choisit le Royaume du Maroc pour abriter l\u2019\u00e9dition 2023 du Congr\u00e8s Mondial UIC de la Grande Vitesse Ferroviaire\u201d, annoncent l\u2019Office national des chemins de fer (ONCF) et l\u2019UIC dans un communiqu\u00e9 conjoint.<\/p>\n\n\n\n<p>A cet effet, cette 11e \u00e9dition du Congr\u00e8s qui se tiendra du 7 au 10 mars 2023 \u00e0 Marrakech, sous l\u2019\u00e9gide de l\u2019UIC et de l\u2019ONCF, rassemblera tous les acteurs de la grande vitesse ferroviaire dans le monde, ajoute la m\u00eame source.<\/p>\n\n\n\n<p>En adoptant comme devise \u201cLa Grande Vitesse Ferroviaire : la bonne vitesse pour notre plan\u00e8te\u201d, le congr\u00e8s met l\u2019accent sur la contribution du chemin de fer \u00e0 la r\u00e9solution des probl\u00e8mes climatiques et \u00e0 son r\u00f4le dans l\u2019am\u00e9nagement du territoire.<\/p>\n\n\n\n<p>Cit\u00e9s par le communiqu\u00e9, le Directeur G\u00e9n\u00e9ral de l\u2019ONCF, Mohamed Rabie Khlie et le Directeur G\u00e9n\u00e9ral de l\u2019UIC, Fran\u00e7ois Davenne ont soulign\u00e9 qu\u2019il s\u2019agit du meilleur cadre pour maximiser la valeur ajout\u00e9e des chemins de fer pour la collectivit\u00e9 et pour partager les derni\u00e8res avanc\u00e9es technologiques.<\/p>\n\n\n\n<p>\u201cLa Grande Vitesse Ferroviaire est loin d\u2019avoir \u00e9puis\u00e9 le potentiel des solutions adapt\u00e9es \u00e0 la croissance de la mobilit\u00e9 durable \u00e0 l\u2019\u00e9chelle de la plan\u00e8te\u201d, ont-ils d\u00e9clar\u00e9.<\/p>\n\n\n\n<p>Trois milliards de voyageurs empruntent chaque ann\u00e9e des trains \u00e0 grande vitesse, et cet essor est dynamis\u00e9 par l\u2019extension continue du r\u00e9seau ferroviaire \u00e0 grande vitesse et des services associ\u00e9s, souligne le communiqu\u00e9.<\/p>\n\n\n\n<p>\u201cEn effet, si pr\u00e8s de 56.000 km de lignes \u00e0 grande vitesse sont actuellement en service dans le monde, ce chiffre doublera dans les 30 prochaines ann\u00e9es\u201d, rel\u00e8ve la m\u00eame source, notant que les pays qui se sont d\u00e9j\u00e0 engag\u00e9s dans cette voie compl\u00e8tent le maillage de leur propre r\u00e9seau et ils sont rejoints par de nouveaux pays et de nouveaux \u00c9tats convaincus par ce mode de transport.<\/p>\n\n\n\n<p>\u201cCela n\u2019est pas sans poser quelques d\u00e9fis strat\u00e9giques, industriels, techniques ou financiers que le Congr\u00e8s abordera durant trois jours de Congr\u00e8s\u201d, ajoute le communiqu\u00e9.<\/p>\n\n\n\n<p>Plus de 1.500 participants sont attendus pour cette \u00e9dition du Congr\u00e8s Mondial UIC de la Grande Vitesse Ferroviaire \u00e0 Marrakech, dont les d\u00e9cideurs politiques, les autorit\u00e9s en charge des transports, les entreprises ferroviaires et acteurs cl\u00e9s de l\u2019intermodalit\u00e9, les gestionnaires d\u2019infrastructure, les industriels, les institutions financi\u00e8res, les clients, les instituts d\u2019\u00e9tudes et de recherche, et les universit\u00e9s, etc.<\/p>\n\n\n\n<p>Une invitation pour soumission d\u2019articles \u00e0 pr\u00e9senter lors du congr\u00e8s est lanc\u00e9e aupr\u00e8s des chercheurs, universitaires, \u00e9tudiants et experts ferroviaires, fait savoir le communiqu\u00e9.<\/p>\n","protected":false},"excerpt":{"rendered":"<p>Dpress Le Maroc a \u00e9t\u00e9 choisi par l\u2019Union Internationale des Chemins de Fer (UIC) pour abriter, du 7 au 10 mars 2023, l\u2019\u00e9dition 2023 du Congr\u00e8s Mondial UIC de la Grande Vitesse Ferroviaire. \u201cTenant compte du positionnement dont jouit le Maroc au niveau Afrique et Moyen-Orient dans le domaine de la grande vitesse ferroviaire, l\u2019UIC &hellip;<\/p>\n","protected":false},"author":2,"featured_media":1401,"comment_status":"closed","ping_status":"open","sticky":false,"template":"","format":"standard","meta":{"footnotes":""},"categories":[25],"tags":[],"class_list":["post-1400","post","type-post","status-publish","format-standard","has-post-thumbnail","hentry","category-economie"],"yoast_head":"<!-- This site is optimized with the Yoast SEO plugin v27.5 - https:\/\/yoast.com\/product\/yoast-seo-wordpress\/ -->\n<title>Le Maroc abrite l\u2019\u00e9dition 2023 du Congr\u00e8s Mondial UIC de la Grande Vitesse Ferroviaire - Dpress.ma\/fr<\/title>\n<meta name=\"description\" content=\"Le Maroc a \u00e9t\u00e9 choisi par l\u2019Union Internationale des Chemins de Fer (UIC) pour abriter, du 7 au 10 mars 2023, l\u2019\u00e9dition 2023 du...\" \/>\n<meta name=\"robots\" content=\"index, follow, max-snippet:-1, max-image-preview:large, max-video-preview:-1\" \/>\n<link rel=\"canonical\" href=\"https:\/\/dpress.ma\/fr\/2022\/04\/28\/le-maroc-abrite-ledition-2023-du-congres-mondial-uic-de-la-grande-vitesse-ferroviaire\/\" \/>\n<meta property=\"og:locale\" content=\"fr_FR\" \/>\n<meta property=\"og:type\" content=\"article\" \/>\n<meta property=\"og:title\" content=\"Le Maroc abrite l\u2019\u00e9dition 2023 du Congr\u00e8s Mondial UIC de la Grande Vitesse Ferroviaire - Dpress.ma\/fr\" \/>\n<meta property=\"og:description\" content=\"Le Maroc a \u00e9t\u00e9 choisi par l\u2019Union Internationale des Chemins de Fer (UIC) pour abriter, du 7 au 10 mars 2023, l\u2019\u00e9dition 2023 du...\" \/>\n<meta property=\"og:url\" content=\"https:\/\/dpress.ma\/fr\/2022\/04\/28\/le-maroc-abrite-ledition-2023-du-congres-mondial-uic-de-la-grande-vitesse-ferroviaire\/\" \/>\n<meta property=\"og:site_name\" content=\"Dpress.ma\/fr\" \/>\n<meta property=\"article:published_time\" content=\"2022-04-28T12:15:39+00:00\" \/>\n<meta property=\"article:modified_time\" content=\"2022-04-28T12:15:40+00:00\" \/>\n<meta property=\"og:image\" content=\"https:\/\/dpress.ma\/fr\/wp-content\/uploads\/sites\/2\/2022\/04\/oncf-fr.jpg\" \/>\n\t<meta property=\"og:image:width\" content=\"2539\" \/>\n\t<meta property=\"og:image:height\" content=\"1594\" \/>\n\t<meta property=\"og:image:type\" content=\"image\/jpeg\" \/>\n<meta name=\"author\" content=\"Dpress.ma\" \/>\n<meta name=\"twitter:card\" content=\"summary_large_image\" \/>\n<meta name=\"twitter:label1\" content=\"\u00c9crit par\" \/>\n\t<meta name=\"twitter:data1\" content=\"Dpress.ma\" \/>\n\t<meta name=\"twitter:label2\" content=\"Dur\u00e9e de lecture estim\u00e9e\" \/>\n\t<meta name=\"twitter:data2\" content=\"3 minutes\" \/>\n<script type=\"application\/ld+json\" class=\"yoast-schema-graph\">{\"@context\":\"https:\\\/\\\/schema.org\",\"@graph\":[{\"@type\":\"Article\",\"@id\":\"https:\\\/\\\/dpress.ma\\\/fr\\\/2022\\\/04\\\/28\\\/le-maroc-abrite-ledition-2023-du-congres-mondial-uic-de-la-grande-vitesse-ferroviaire\\\/#article\",\"isPartOf\":{\"@id\":\"https:\\\/\\\/dpress.ma\\\/fr\\\/2022\\\/04\\\/28\\\/le-maroc-abrite-ledition-2023-du-congres-mondial-uic-de-la-grande-vitesse-ferroviaire\\\/\"},\"author\":{\"name\":\"Dpress.ma\",\"@id\":\"https:\\\/\\\/dpress.ma\\\/fr\\\/#\\\/schema\\\/person\\\/4898febf3ccd59e6578d838656a306a0\"},\"headline\":\"Le Maroc abrite l\u2019\u00e9dition 2023 du Congr\u00e8s Mondial UIC de la Grande Vitesse Ferroviaire\",\"datePublished\":\"2022-04-28T12:15:39+00:00\",\"dateModified\":\"2022-04-28T12:15:40+00:00\",\"mainEntityOfPage\":{\"@id\":\"https:\\\/\\\/dpress.ma\\\/fr\\\/2022\\\/04\\\/28\\\/le-maroc-abrite-ledition-2023-du-congres-mondial-uic-de-la-grande-vitesse-ferroviaire\\\/\"},\"wordCount\":512,\"image\":{\"@id\":\"https:\\\/\\\/dpress.ma\\\/fr\\\/2022\\\/04\\\/28\\\/le-maroc-abrite-ledition-2023-du-congres-mondial-uic-de-la-grande-vitesse-ferroviaire\\\/#primaryimage\"},\"thumbnailUrl\":\"https:\\\/\\\/dpress.ma\\\/fr\\\/wp-content\\\/uploads\\\/sites\\\/2\\\/2022\\\/04\\\/oncf-fr.jpg\",\"articleSection\":[\"\u00c9conomie\"],\"inLanguage\":\"fr-FR\"},{\"@type\":\"WebPage\",\"@id\":\"https:\\\/\\\/dpress.ma\\\/fr\\\/2022\\\/04\\\/28\\\/le-maroc-abrite-ledition-2023-du-congres-mondial-uic-de-la-grande-vitesse-ferroviaire\\\/\",\"url\":\"https:\\\/\\\/dpress.ma\\\/fr\\\/2022\\\/04\\\/28\\\/le-maroc-abrite-ledition-2023-du-congres-mondial-uic-de-la-grande-vitesse-ferroviaire\\\/\",\"name\":\"Le Maroc abrite l\u2019\u00e9dition 2023 du Congr\u00e8s Mondial UIC de la Grande Vitesse Ferroviaire - Dpress.ma\\\/fr\",\"isPartOf\":{\"@id\":\"https:\\\/\\\/dpress.ma\\\/fr\\\/#website\"},\"primaryImageOfPage\":{\"@id\":\"https:\\\/\\\/dpress.ma\\\/fr\\\/2022\\\/04\\\/28\\\/le-maroc-abrite-ledition-2023-du-congres-mondial-uic-de-la-grande-vitesse-ferroviaire\\\/#primaryimage\"},\"image\":{\"@id\":\"https:\\\/\\\/dpress.ma\\\/fr\\\/2022\\\/04\\\/28\\\/le-maroc-abrite-ledition-2023-du-congres-mondial-uic-de-la-grande-vitesse-ferroviaire\\\/#primaryimage\"},\"thumbnailUrl\":\"https:\\\/\\\/dpress.ma\\\/fr\\\/wp-content\\\/uploads\\\/sites\\\/2\\\/2022\\\/04\\\/oncf-fr.jpg\",\"datePublished\":\"2022-04-28T12:15:39+00:00\",\"dateModified\":\"2022-04-28T12:15:40+00:00\",\"author\":{\"@id\":\"https:\\\/\\\/dpress.ma\\\/fr\\\/#\\\/schema\\\/person\\\/4898febf3ccd59e6578d838656a306a0\"},\"description\":\"Le Maroc a \u00e9t\u00e9 choisi par l\u2019Union Internationale des Chemins de Fer (UIC) pour abriter, du 7 au 10 mars 2023, l\u2019\u00e9dition 2023 du...\",\"breadcrumb\":{\"@id\":\"https:\\\/\\\/dpress.ma\\\/fr\\\/2022\\\/04\\\/28\\\/le-maroc-abrite-ledition-2023-du-congres-mondial-uic-de-la-grande-vitesse-ferroviaire\\\/#breadcrumb\"},\"inLanguage\":\"fr-FR\",\"potentialAction\":[{\"@type\":\"ReadAction\",\"target\":[\"https:\\\/\\\/dpress.ma\\\/fr\\\/2022\\\/04\\\/28\\\/le-maroc-abrite-ledition-2023-du-congres-mondial-uic-de-la-grande-vitesse-ferroviaire\\\/\"]}]},{\"@type\":\"ImageObject\",\"inLanguage\":\"fr-FR\",\"@id\":\"https:\\\/\\\/dpress.ma\\\/fr\\\/2022\\\/04\\\/28\\\/le-maroc-abrite-ledition-2023-du-congres-mondial-uic-de-la-grande-vitesse-ferroviaire\\\/#primaryimage\",\"url\":\"https:\\\/\\\/dpress.ma\\\/fr\\\/wp-content\\\/uploads\\\/sites\\\/2\\\/2022\\\/04\\\/oncf-fr.jpg\",\"contentUrl\":\"https:\\\/\\\/dpress.ma\\\/fr\\\/wp-content\\\/uploads\\\/sites\\\/2\\\/2022\\\/04\\\/oncf-fr.jpg\",\"width\":2539,\"height\":1594},{\"@type\":\"BreadcrumbList\",\"@id\":\"https:\\\/\\\/dpress.ma\\\/fr\\\/2022\\\/04\\\/28\\\/le-maroc-abrite-ledition-2023-du-congres-mondial-uic-de-la-grande-vitesse-ferroviaire\\\/#breadcrumb\",\"itemListElement\":[{\"@type\":\"ListItem\",\"position\":1,\"name\":\"Home\",\"item\":\"https:\\\/\\\/dpress.ma\\\/fr\\\/\"},{\"@type\":\"ListItem\",\"position\":2,\"name\":\"Le Maroc abrite l\u2019\u00e9dition 2023 du Congr\u00e8s Mondial UIC de la Grande Vitesse Ferroviaire\"}]},{\"@type\":\"WebSite\",\"@id\":\"https:\\\/\\\/dpress.ma\\\/fr\\\/#website\",\"url\":\"https:\\\/\\\/dpress.ma\\\/fr\\\/\",\"name\":\"Dpress.ma\\\/fr\",\"description\":\"\",\"potentialAction\":[{\"@type\":\"SearchAction\",\"target\":{\"@type\":\"EntryPoint\",\"urlTemplate\":\"https:\\\/\\\/dpress.ma\\\/fr\\\/?s={search_term_string}\"},\"query-input\":{\"@type\":\"PropertyValueSpecification\",\"valueRequired\":true,\"valueName\":\"search_term_string\"}}],\"inLanguage\":\"fr-FR\"},{\"@type\":\"Person\",\"@id\":\"https:\\\/\\\/dpress.ma\\\/fr\\\/#\\\/schema\\\/person\\\/4898febf3ccd59e6578d838656a306a0\",\"name\":\"Dpress.ma\",\"image\":{\"@type\":\"ImageObject\",\"inLanguage\":\"fr-FR\",\"@id\":\"https:\\\/\\\/secure.gravatar.com\\\/avatar\\\/72ecc30e9db047a2e0e7176561eb9d564ed77c8108376495b19bd8336405198a?s=96&d=mm&r=g\",\"url\":\"https:\\\/\\\/secure.gravatar.com\\\/avatar\\\/72ecc30e9db047a2e0e7176561eb9d564ed77c8108376495b19bd8336405198a?s=96&d=mm&r=g\",\"contentUrl\":\"https:\\\/\\\/secure.gravatar.com\\\/avatar\\\/72ecc30e9db047a2e0e7176561eb9d564ed77c8108376495b19bd8336405198a?s=96&d=mm&r=g\",\"caption\":\"Dpress.ma\"},\"sameAs\":[\"https:\\\/\\\/www.dpress.ma\"],\"url\":\"https:\\\/\\\/dpress.ma\\\/fr\\\/author\\\/dpress-ma\\\/\"}]}<\/script>\n<!-- \/ Yoast SEO plugin. -->","yoast_head_json":{"title":"Le Maroc abrite l\u2019\u00e9dition 2023 du Congr\u00e8s Mondial UIC de la Grande Vitesse Ferroviaire - Dpress.ma\/fr","description":"Le Maroc a \u00e9t\u00e9 choisi par l\u2019Union Internationale des Chemins de Fer (UIC) pour abriter, du 7 au 10 mars 2023, l\u2019\u00e9dition 2023 du...","robots":{"index":"index","follow":"follow","max-snippet":"max-snippet:-1","max-image-preview":"max-image-preview:large","max-video-preview":"max-video-preview:-1"},"canonical":"https:\/\/dpress.ma\/fr\/2022\/04\/28\/le-maroc-abrite-ledition-2023-du-congres-mondial-uic-de-la-grande-vitesse-ferroviaire\/","og_locale":"fr_FR","og_type":"article","og_title":"Le Maroc abrite l\u2019\u00e9dition 2023 du Congr\u00e8s Mondial UIC de la Grande Vitesse Ferroviaire - Dpress.ma\/fr","og_description":"Le Maroc a \u00e9t\u00e9 choisi par l\u2019Union Internationale des Chemins de Fer (UIC) pour abriter, du 7 au 10 mars 2023, l\u2019\u00e9dition 2023 du...","og_url":"https:\/\/dpress.ma\/fr\/2022\/04\/28\/le-maroc-abrite-ledition-2023-du-congres-mondial-uic-de-la-grande-vitesse-ferroviaire\/","og_site_name":"Dpress.ma\/fr","article_published_time":"2022-04-28T12:15:39+00:00","article_modified_time":"2022-04-28T12:15:40+00:00","og_image":[{"width":2539,"height":1594,"url":"https:\/\/dpress.ma\/fr\/wp-content\/uploads\/sites\/2\/2022\/04\/oncf-fr.jpg","type":"image\/jpeg"}],"author":"Dpress.ma","twitter_card":"summary_large_image","twitter_misc":{"\u00c9crit par":"Dpress.ma","Dur\u00e9e de lecture estim\u00e9e":"3 minutes"},"schema":{"@context":"https:\/\/schema.org","@graph":[{"@type":"Article","@id":"https:\/\/dpress.ma\/fr\/2022\/04\/28\/le-maroc-abrite-ledition-2023-du-congres-mondial-uic-de-la-grande-vitesse-ferroviaire\/#article","isPartOf":{"@id":"https:\/\/dpress.ma\/fr\/2022\/04\/28\/le-maroc-abrite-ledition-2023-du-congres-mondial-uic-de-la-grande-vitesse-ferroviaire\/"},"author":{"name":"Dpress.ma","@id":"https:\/\/dpress.ma\/fr\/#\/schema\/person\/4898febf3ccd59e6578d838656a306a0"},"headline":"Le Maroc abrite l\u2019\u00e9dition 2023 du Congr\u00e8s Mondial UIC de la Grande Vitesse Ferroviaire","datePublished":"2022-04-28T12:15:39+00:00","dateModified":"2022-04-28T12:15:40+00:00","mainEntityOfPage":{"@id":"https:\/\/dpress.ma\/fr\/2022\/04\/28\/le-maroc-abrite-ledition-2023-du-congres-mondial-uic-de-la-grande-vitesse-ferroviaire\/"},"wordCount":512,"image":{"@id":"https:\/\/dpress.ma\/fr\/2022\/04\/28\/le-maroc-abrite-ledition-2023-du-congres-mondial-uic-de-la-grande-vitesse-ferroviaire\/#primaryimage"},"thumbnailUrl":"https:\/\/dpress.ma\/fr\/wp-content\/uploads\/sites\/2\/2022\/04\/oncf-fr.jpg","articleSection":["\u00c9conomie"],"inLanguage":"fr-FR"},{"@type":"WebPage","@id":"https:\/\/dpress.ma\/fr\/2022\/04\/28\/le-maroc-abrite-ledition-2023-du-congres-mondial-uic-de-la-grande-vitesse-ferroviaire\/","url":"https:\/\/dpress.ma\/fr\/2022\/04\/28\/le-maroc-abrite-ledition-2023-du-congres-mondial-uic-de-la-grande-vitesse-ferroviaire\/","name":"Le Maroc abrite l\u2019\u00e9dition 2023 du Congr\u00e8s Mondial UIC de la Grande Vitesse Ferroviaire - Dpress.ma\/fr","isPartOf":{"@id":"https:\/\/dpress.ma\/fr\/#website"},"primaryImageOfPage":{"@id":"https:\/\/dpress.ma\/fr\/2022\/04\/28\/le-maroc-abrite-ledition-2023-du-congres-mondial-uic-de-la-grande-vitesse-ferroviaire\/#primaryimage"},"image":{"@id":"https:\/\/dpress.ma\/fr\/2022\/04\/28\/le-maroc-abrite-ledition-2023-du-congres-mondial-uic-de-la-grande-vitesse-ferroviaire\/#primaryimage"},"thumbnailUrl":"https:\/\/dpress.ma\/fr\/wp-content\/uploads\/sites\/2\/2022\/04\/oncf-fr.jpg","datePublished":"2022-04-28T12:15:39+00:00","dateModified":"2022-04-28T12:15:40+00:00","author":{"@id":"https:\/\/dpress.ma\/fr\/#\/schema\/person\/4898febf3ccd59e6578d838656a306a0"},"description":"Le Maroc a \u00e9t\u00e9 choisi par l\u2019Union Internationale des Chemins de Fer (UIC) pour abriter, du 7 au 10 mars 2023, l\u2019\u00e9dition 2023 du...","breadcrumb":{"@id":"https:\/\/dpress.ma\/fr\/2022\/04\/28\/le-maroc-abrite-ledition-2023-du-congres-mondial-uic-de-la-grande-vitesse-ferroviaire\/#breadcrumb"},"inLanguage":"fr-FR","potentialAction":[{"@type":"ReadAction","target":["https:\/\/dpress.ma\/fr\/2022\/04\/28\/le-maroc-abrite-ledition-2023-du-congres-mondial-uic-de-la-grande-vitesse-ferroviaire\/"]}]},{"@type":"ImageObject","inLanguage":"fr-FR","@id":"https:\/\/dpress.ma\/fr\/2022\/04\/28\/le-maroc-abrite-ledition-2023-du-congres-mondial-uic-de-la-grande-vitesse-ferroviaire\/#primaryimage","url":"https:\/\/dpress.ma\/fr\/wp-content\/uploads\/sites\/2\/2022\/04\/oncf-fr.jpg","contentUrl":"https:\/\/dpress.ma\/fr\/wp-content\/uploads\/sites\/2\/2022\/04\/oncf-fr.jpg","width":2539,"height":1594},{"@type":"BreadcrumbList","@id":"https:\/\/dpress.ma\/fr\/2022\/04\/28\/le-maroc-abrite-ledition-2023-du-congres-mondial-uic-de-la-grande-vitesse-ferroviaire\/#breadcrumb","itemListElement":[{"@type":"ListItem","position":1,"name":"Home","item":"https:\/\/dpress.ma\/fr\/"},{"@type":"ListItem","position":2,"name":"Le Maroc abrite l\u2019\u00e9dition 2023 du Congr\u00e8s Mondial UIC de la Grande Vitesse Ferroviaire"}]},{"@type":"WebSite","@id":"https:\/\/dpress.ma\/fr\/#website","url":"https:\/\/dpress.ma\/fr\/","name":"Dpress.ma\/fr","description":"","potentialAction":[{"@type":"SearchAction","target":{"@type":"EntryPoint","urlTemplate":"https:\/\/dpress.ma\/fr\/?s={search_term_string}"},"query-input":{"@type":"PropertyValueSpecification","valueRequired":true,"valueName":"search_term_string"}}],"inLanguage":"fr-FR"},{"@type":"Person","@id":"https:\/\/dpress.ma\/fr\/#\/schema\/person\/4898febf3ccd59e6578d838656a306a0","name":"Dpress.ma","image":{"@type":"ImageObject","inLanguage":"fr-FR","@id":"https:\/\/secure.gravatar.com\/avatar\/72ecc30e9db047a2e0e7176561eb9d564ed77c8108376495b19bd8336405198a?s=96&d=mm&r=g","url":"https:\/\/secure.gravatar.com\/avatar\/72ecc30e9db047a2e0e7176561eb9d564ed77c8108376495b19bd8336405198a?s=96&d=mm&r=g","contentUrl":"https:\/\/secure.gravatar.com\/avatar\/72ecc30e9db047a2e0e7176561eb9d564ed77c8108376495b19bd8336405198a?s=96&d=mm&r=g","caption":"Dpress.ma"},"sameAs":["https:\/\/www.dpress.ma"],"url":"https:\/\/dpress.ma\/fr\/author\/dpress-ma\/"}]}},"amp_enabled":true,"_links":{"self":[{"href":"https:\/\/dpress.ma\/fr\/wp-json\/wp\/v2\/posts\/1400","targetHints":{"allow":["GET"]}}],"collection":[{"href":"https:\/\/dpress.ma\/fr\/wp-json\/wp\/v2\/posts"}],"about":[{"href":"https:\/\/dpress.ma\/fr\/wp-json\/wp\/v2\/types\/post"}],"author":[{"embeddable":true,"href":"https:\/\/dpress.ma\/fr\/wp-json\/wp\/v2\/users\/2"}],"replies":[{"embeddable":true,"href":"https:\/\/dpress.ma\/fr\/wp-json\/wp\/v2\/comments?post=1400"}],"version-history":[{"count":1,"href":"https:\/\/dpress.ma\/fr\/wp-json\/wp\/v2\/posts\/1400\/revisions"}],"predecessor-version":[{"id":1402,"href":"https:\/\/dpress.ma\/fr\/wp-json\/wp\/v2\/posts\/1400\/revisions\/1402"}],"wp:featuredmedia":[{"embeddable":true,"href":"https:\/\/dpress.ma\/fr\/wp-json\/wp\/v2\/media\/1401"}],"wp:attachment":[{"href":"https:\/\/dpress.ma\/fr\/wp-json\/wp\/v2\/media?parent=1400"}],"wp:term":[{"taxonomy":"category","embeddable":true,"href":"https:\/\/dpress.ma\/fr\/wp-json\/wp\/v2\/categories?post=1400"},{"taxonomy":"post_tag","embeddable":true,"href":"https:\/\/dpress.ma\/fr\/wp-json\/wp\/v2\/tags?post=1400"}],"curies":[{"name":"wp","href":"https:\/\/api.w.org\/{rel}","templated":true}]}}