{"id":1386,"date":"2022-04-28T11:03:07","date_gmt":"2022-04-28T11:03:07","guid":{"rendered":"https:\/\/dpress.ma\/fr\/?p=1386"},"modified":"2022-04-28T11:03:08","modified_gmt":"2022-04-28T11:03:08","slug":"mme-el-mansouri-conduit-la-delegation-marocaine-a-la-reunion-de-haut-niveau-sur-le-nouvel-agenda-urbain","status":"publish","type":"post","link":"https:\/\/dpress.ma\/fr\/2022\/04\/28\/mme-el-mansouri-conduit-la-delegation-marocaine-a-la-reunion-de-haut-niveau-sur-le-nouvel-agenda-urbain\/","title":{"rendered":"Mme El Mansouri conduit la d\u00e9l\u00e9gation marocaine \u00e0 la r\u00e9union de haut niveau sur le \u201cnouvel agenda urbain\u201d"},"content":{"rendered":"\n<p>Dpress<\/p>\n\n\n\n<p>La ministre de l\u2019Am\u00e9nagement du territoire national, de l\u2019urbanisme, de l\u2019habitat et de la politique de la ville, Fatima Ezzahra El Mansouri, conduit une d\u00e9l\u00e9gation marocaine \u00e0 la r\u00e9union de haut niveau sur la mise en \u0153uvre du Nouvel agenda urbain qui se tient jeudi au si\u00e8ge de l\u2019ONU \u00e0 New York.<\/p>\n\n\n\n<p>La d\u00e9l\u00e9gation marocaine \u00e0 cet \u00e9v\u00e9nement organis\u00e9 \u00e0 l\u2019initiative du pr\u00e9sident de l\u2019Assembl\u00e9e g\u00e9n\u00e9rale de l\u2019ONU, Abdulla Shahid en collaboration avec ONU-Habitat, est compos\u00e9e notamment de repr\u00e9sentants du minist\u00e8re de l\u2019Am\u00e9nagement du territoire national, de l\u2019urbanisme, de l\u2019habitat et de la politique de la ville.<br>En perspective de sa participation \u00e0 ce rendez-vous, Mme El Mansouri s\u2019est r\u00e9unie avec ses homologues africains dans le cadre du Dialogue Minist\u00e9riel sur l\u2019Agenda Urbain Africain (AUA).<\/p>\n\n\n\n<p>Cette r\u00e9union, qui s\u2019est tenue au si\u00e8ge de la Mission permanente du Nigeria, \u00e0 New York, a \u00e9t\u00e9 l\u2019occasion pour les Etats membres africains d\u2019affiner les orientations pour une position commune pour la mise en \u0153uvre de l\u2019Agenda Urbain Africain.<\/p>\n\n\n\n<p>La ministre a eu \u00e9galement des entretiens avec plusieurs personnalit\u00e9s dont la directrice ex\u00e9cutive du Programme des Nations Unies pour les \u00e9tablissements humains, Maimunah Mohd Sharif, selon un communiqu\u00e9 du minist\u00e8re.<\/p>\n\n\n\n<p>La participation de la ministre \u00e0 cet \u00e9v\u00e8nement vise \u00e0 renforcer les engagements pris par le Royaume en mati\u00e8re de d\u00e9veloppement durable. En effet, le Maroc a publi\u00e9 son Rapport national relatif \u00e0 la mise en \u0153uvre du nouvel agenda urbain le 21 mars 2022 figurant, ainsi, parmi les 8 pays du continent \u00e0 avoir tenu cet engagement sur un total de 54 pays africains.<\/p>\n\n\n\n<p>Ce document est le premier rapport national quadriennal relatif \u00e0 la mise en \u0153uvre du nouvel agenda urbain par le Royaume du Maroc. Il a \u00e9t\u00e9 \u00e9labor\u00e9 conform\u00e9ment aux directives de l\u2019Onu-Habitat en la mati\u00e8re, indique-t-on.<\/p>\n\n\n\n<p>La r\u00e9union de haut niveau sur la mise en \u0153uvre du nouvel agenda urbain, \u00e0 laquelle participent des Etats membres de l\u2019ONU et des acteurs locaux et non-\u00e9tatiques, se fixe pour objectif notamment de positionner le nouvel agenda urbain comme une feuille de route pour acc\u00e9l\u00e9rer la mise en \u0153uvre de l\u2019Agenda 2030, notamment l\u2019Objectif de d\u00e9veloppement durable 11 (ODD 11).<\/p>\n\n\n\n<p>Il s\u2019agit aussi de reconna\u00eetre l\u2019importance des villes et les actions de transformation identifi\u00e9es dans le nouvel agenda urbain, y compris la promotion de strat\u00e9gies int\u00e9gr\u00e9es de d\u00e9veloppement urbain durable, selon une approche participative et territoriale, pour assurer une reprise plus juste et durable apr\u00e8s la pand\u00e9mie de Covid-19.<\/p>\n\n\n\n<p>Ce conclave vise \u00e9galement \u00e0 acc\u00e9l\u00e9rer l\u2019action sur la dimension urbaine des contributions d\u00e9termin\u00e9es au niveau national et soutenir la coordination aux niveaux mondial, r\u00e9gional, national, infranational et local en faveur de la r\u00e9silience au climat et aux catastrophes, de l\u2019adaptation et de l\u2019att\u00e9nuation, des solutions fond\u00e9es sur la nature, de l\u2019\u00e9conomie circulaire et des ressources terrestres et marines la pollution.<\/p>\n\n\n\n<p>Selon l\u2019ONU, l\u2019intensification de l\u2019engagement et de la mise en \u0153uvre du nouvel agenda urbain n\u00e9cessitera de simplifier son contenu, d\u2019accro\u00eetre la connaissance de son fonctionnement et de donner la priorit\u00e9 aux actions cl\u00e9s qui ont des effets d\u2019entra\u00eenement positifs sur plusieurs agendas mondiaux, et de jeter les bases d\u2019un plus grand nombre de coalitions multipartites avec lesquelles les \u00c9tats membres peuvent s\u2019associer pour combler les lacunes techniques, de financement et de capacit\u00e9.<\/p>\n\n\n\n<p>Il est pr\u00e9vu que les discussions lors de ce conclave \u00e9claireront l\u2019engagement des \u00c9tats membres lors d\u2019autres r\u00e9unions de haut niveau, notamment sur la migration, le changement climatique, la biodiversit\u00e9, la r\u00e9duction des risques de catastrophe, au G20, le G7, le Forum urbain mondial, l\u2019Assembl\u00e9e Habitat, ainsi que le Forum politique de haut niveau sur le d\u00e9veloppement durable, qui examine l\u2019ODD 11.<\/p>\n\n\n\n<p>Adopt\u00e9 lors de la Conf\u00e9rence des Nations Unies sur le logement et l\u2019urbanisation durable (HABITAT III), qui s\u2019\u00e9tait tenue \u00e0 Quito, en \u00c9quateur, en 2016, le Nouvel agenda urbain est un document orient\u00e9 vers l\u2019action qui \u00e9tablit des normes mondiales de r\u00e9alisation en mati\u00e8re de d\u00e9veloppement urbain durable.<\/p>\n\n\n\n<p>Il propose aux pays une feuille de route pour atteindre les cibles de l\u2019ODD 11 visant \u00e0 am\u00e9liorer l\u2019acc\u00e8s au logement et aux syst\u00e8mes de transport durables, promouvoir les bidonvilles, la planification participative des \u00e9tablissements humain, sauvegarder le patrimoine culturel et naturel mondial, r\u00e9duire les impacts environnementaux n\u00e9gatifs des villes et mettre en \u0153uvre des cadres de r\u00e9duction des risques de catastrophe.<\/p>\n","protected":false},"excerpt":{"rendered":"<p>Dpress La ministre de l\u2019Am\u00e9nagement du territoire national, de l\u2019urbanisme, de l\u2019habitat et de la politique de la ville, Fatima Ezzahra El Mansouri, conduit une d\u00e9l\u00e9gation marocaine \u00e0 la r\u00e9union de haut niveau sur la mise en \u0153uvre du Nouvel agenda urbain qui se tient jeudi au si\u00e8ge de l\u2019ONU \u00e0 New York. La d\u00e9l\u00e9gation &hellip;<\/p>\n","protected":false},"author":2,"featured_media":1387,"comment_status":"closed","ping_status":"open","sticky":false,"template":"","format":"standard","meta":{"footnotes":""},"categories":[33],"tags":[],"class_list":["post-1386","post","type-post","status-publish","format-standard","has-post-thumbnail","hentry","category-diplomatie-parallele"],"yoast_head":"<!-- This site is optimized with the Yoast SEO plugin v27.5 - https:\/\/yoast.com\/product\/yoast-seo-wordpress\/ -->\n<title>Mme El Mansouri conduit la d\u00e9l\u00e9gation marocaine \u00e0 la r\u00e9union de haut niveau sur le \u201cnouvel agenda urbain\u201d - Dpress.ma\/fr<\/title>\n<meta name=\"description\" content=\"La ministre de l\u2019Am\u00e9nagement du territoire national, de l\u2019urbanisme, de l\u2019habitat et de la politique de la ville, Fatima Ezzahra...\" \/>\n<meta name=\"robots\" content=\"index, follow, max-snippet:-1, max-image-preview:large, max-video-preview:-1\" \/>\n<link rel=\"canonical\" href=\"https:\/\/dpress.ma\/fr\/2022\/04\/28\/mme-el-mansouri-conduit-la-delegation-marocaine-a-la-reunion-de-haut-niveau-sur-le-nouvel-agenda-urbain\/\" \/>\n<meta property=\"og:locale\" content=\"fr_FR\" \/>\n<meta property=\"og:type\" content=\"article\" \/>\n<meta property=\"og:title\" content=\"Mme El Mansouri conduit la d\u00e9l\u00e9gation marocaine \u00e0 la r\u00e9union de haut niveau sur le \u201cnouvel agenda urbain\u201d - Dpress.ma\/fr\" \/>\n<meta property=\"og:description\" content=\"La ministre de l\u2019Am\u00e9nagement du territoire national, de l\u2019urbanisme, de l\u2019habitat et de la politique de la ville, Fatima Ezzahra...\" \/>\n<meta property=\"og:url\" content=\"https:\/\/dpress.ma\/fr\/2022\/04\/28\/mme-el-mansouri-conduit-la-delegation-marocaine-a-la-reunion-de-haut-niveau-sur-le-nouvel-agenda-urbain\/\" \/>\n<meta property=\"og:site_name\" content=\"Dpress.ma\/fr\" \/>\n<meta property=\"article:published_time\" content=\"2022-04-28T11:03:07+00:00\" \/>\n<meta property=\"article:modified_time\" content=\"2022-04-28T11:03:08+00:00\" \/>\n<meta property=\"og:image\" content=\"https:\/\/dpress.ma\/fr\/wp-content\/uploads\/sites\/2\/2022\/04\/fz-el-mansouri-1-fr.jpg\" \/>\n\t<meta property=\"og:image:width\" content=\"2539\" \/>\n\t<meta property=\"og:image:height\" content=\"1594\" \/>\n\t<meta property=\"og:image:type\" content=\"image\/jpeg\" \/>\n<meta name=\"author\" content=\"Dpress.ma\" \/>\n<meta name=\"twitter:card\" content=\"summary_large_image\" \/>\n<meta name=\"twitter:label1\" content=\"\u00c9crit par\" \/>\n\t<meta name=\"twitter:data1\" content=\"Dpress.ma\" \/>\n\t<meta name=\"twitter:label2\" content=\"Dur\u00e9e de lecture estim\u00e9e\" \/>\n\t<meta name=\"twitter:data2\" content=\"4 minutes\" \/>\n<script type=\"application\/ld+json\" class=\"yoast-schema-graph\">{\"@context\":\"https:\\\/\\\/schema.org\",\"@graph\":[{\"@type\":\"Article\",\"@id\":\"https:\\\/\\\/dpress.ma\\\/fr\\\/2022\\\/04\\\/28\\\/mme-el-mansouri-conduit-la-delegation-marocaine-a-la-reunion-de-haut-niveau-sur-le-nouvel-agenda-urbain\\\/#article\",\"isPartOf\":{\"@id\":\"https:\\\/\\\/dpress.ma\\\/fr\\\/2022\\\/04\\\/28\\\/mme-el-mansouri-conduit-la-delegation-marocaine-a-la-reunion-de-haut-niveau-sur-le-nouvel-agenda-urbain\\\/\"},\"author\":{\"name\":\"Dpress.ma\",\"@id\":\"https:\\\/\\\/dpress.ma\\\/fr\\\/#\\\/schema\\\/person\\\/4898febf3ccd59e6578d838656a306a0\"},\"headline\":\"Mme El Mansouri conduit la d\u00e9l\u00e9gation marocaine \u00e0 la r\u00e9union de haut niveau sur le \u201cnouvel agenda urbain\u201d\",\"datePublished\":\"2022-04-28T11:03:07+00:00\",\"dateModified\":\"2022-04-28T11:03:08+00:00\",\"mainEntityOfPage\":{\"@id\":\"https:\\\/\\\/dpress.ma\\\/fr\\\/2022\\\/04\\\/28\\\/mme-el-mansouri-conduit-la-delegation-marocaine-a-la-reunion-de-haut-niveau-sur-le-nouvel-agenda-urbain\\\/\"},\"wordCount\":819,\"image\":{\"@id\":\"https:\\\/\\\/dpress.ma\\\/fr\\\/2022\\\/04\\\/28\\\/mme-el-mansouri-conduit-la-delegation-marocaine-a-la-reunion-de-haut-niveau-sur-le-nouvel-agenda-urbain\\\/#primaryimage\"},\"thumbnailUrl\":\"https:\\\/\\\/dpress.ma\\\/fr\\\/wp-content\\\/uploads\\\/sites\\\/2\\\/2022\\\/04\\\/fz-el-mansouri-1-fr.jpg\",\"articleSection\":[\"Diplomatie Parall\u00e8le\"],\"inLanguage\":\"fr-FR\"},{\"@type\":\"WebPage\",\"@id\":\"https:\\\/\\\/dpress.ma\\\/fr\\\/2022\\\/04\\\/28\\\/mme-el-mansouri-conduit-la-delegation-marocaine-a-la-reunion-de-haut-niveau-sur-le-nouvel-agenda-urbain\\\/\",\"url\":\"https:\\\/\\\/dpress.ma\\\/fr\\\/2022\\\/04\\\/28\\\/mme-el-mansouri-conduit-la-delegation-marocaine-a-la-reunion-de-haut-niveau-sur-le-nouvel-agenda-urbain\\\/\",\"name\":\"Mme El Mansouri conduit la d\u00e9l\u00e9gation marocaine \u00e0 la r\u00e9union de haut niveau sur le \u201cnouvel agenda urbain\u201d - Dpress.ma\\\/fr\",\"isPartOf\":{\"@id\":\"https:\\\/\\\/dpress.ma\\\/fr\\\/#website\"},\"primaryImageOfPage\":{\"@id\":\"https:\\\/\\\/dpress.ma\\\/fr\\\/2022\\\/04\\\/28\\\/mme-el-mansouri-conduit-la-delegation-marocaine-a-la-reunion-de-haut-niveau-sur-le-nouvel-agenda-urbain\\\/#primaryimage\"},\"image\":{\"@id\":\"https:\\\/\\\/dpress.ma\\\/fr\\\/2022\\\/04\\\/28\\\/mme-el-mansouri-conduit-la-delegation-marocaine-a-la-reunion-de-haut-niveau-sur-le-nouvel-agenda-urbain\\\/#primaryimage\"},\"thumbnailUrl\":\"https:\\\/\\\/dpress.ma\\\/fr\\\/wp-content\\\/uploads\\\/sites\\\/2\\\/2022\\\/04\\\/fz-el-mansouri-1-fr.jpg\",\"datePublished\":\"2022-04-28T11:03:07+00:00\",\"dateModified\":\"2022-04-28T11:03:08+00:00\",\"author\":{\"@id\":\"https:\\\/\\\/dpress.ma\\\/fr\\\/#\\\/schema\\\/person\\\/4898febf3ccd59e6578d838656a306a0\"},\"description\":\"La ministre de l\u2019Am\u00e9nagement du territoire national, de l\u2019urbanisme, de l\u2019habitat et de la politique de la ville, Fatima Ezzahra...\",\"breadcrumb\":{\"@id\":\"https:\\\/\\\/dpress.ma\\\/fr\\\/2022\\\/04\\\/28\\\/mme-el-mansouri-conduit-la-delegation-marocaine-a-la-reunion-de-haut-niveau-sur-le-nouvel-agenda-urbain\\\/#breadcrumb\"},\"inLanguage\":\"fr-FR\",\"potentialAction\":[{\"@type\":\"ReadAction\",\"target\":[\"https:\\\/\\\/dpress.ma\\\/fr\\\/2022\\\/04\\\/28\\\/mme-el-mansouri-conduit-la-delegation-marocaine-a-la-reunion-de-haut-niveau-sur-le-nouvel-agenda-urbain\\\/\"]}]},{\"@type\":\"ImageObject\",\"inLanguage\":\"fr-FR\",\"@id\":\"https:\\\/\\\/dpress.ma\\\/fr\\\/2022\\\/04\\\/28\\\/mme-el-mansouri-conduit-la-delegation-marocaine-a-la-reunion-de-haut-niveau-sur-le-nouvel-agenda-urbain\\\/#primaryimage\",\"url\":\"https:\\\/\\\/dpress.ma\\\/fr\\\/wp-content\\\/uploads\\\/sites\\\/2\\\/2022\\\/04\\\/fz-el-mansouri-1-fr.jpg\",\"contentUrl\":\"https:\\\/\\\/dpress.ma\\\/fr\\\/wp-content\\\/uploads\\\/sites\\\/2\\\/2022\\\/04\\\/fz-el-mansouri-1-fr.jpg\",\"width\":2539,\"height\":1594},{\"@type\":\"BreadcrumbList\",\"@id\":\"https:\\\/\\\/dpress.ma\\\/fr\\\/2022\\\/04\\\/28\\\/mme-el-mansouri-conduit-la-delegation-marocaine-a-la-reunion-de-haut-niveau-sur-le-nouvel-agenda-urbain\\\/#breadcrumb\",\"itemListElement\":[{\"@type\":\"ListItem\",\"position\":1,\"name\":\"Home\",\"item\":\"https:\\\/\\\/dpress.ma\\\/fr\\\/\"},{\"@type\":\"ListItem\",\"position\":2,\"name\":\"Mme El Mansouri conduit la d\u00e9l\u00e9gation marocaine \u00e0 la r\u00e9union de haut niveau sur le \u201cnouvel agenda urbain\u201d\"}]},{\"@type\":\"WebSite\",\"@id\":\"https:\\\/\\\/dpress.ma\\\/fr\\\/#website\",\"url\":\"https:\\\/\\\/dpress.ma\\\/fr\\\/\",\"name\":\"Dpress.ma\\\/fr\",\"description\":\"\",\"potentialAction\":[{\"@type\":\"SearchAction\",\"target\":{\"@type\":\"EntryPoint\",\"urlTemplate\":\"https:\\\/\\\/dpress.ma\\\/fr\\\/?s={search_term_string}\"},\"query-input\":{\"@type\":\"PropertyValueSpecification\",\"valueRequired\":true,\"valueName\":\"search_term_string\"}}],\"inLanguage\":\"fr-FR\"},{\"@type\":\"Person\",\"@id\":\"https:\\\/\\\/dpress.ma\\\/fr\\\/#\\\/schema\\\/person\\\/4898febf3ccd59e6578d838656a306a0\",\"name\":\"Dpress.ma\",\"image\":{\"@type\":\"ImageObject\",\"inLanguage\":\"fr-FR\",\"@id\":\"https:\\\/\\\/secure.gravatar.com\\\/avatar\\\/72ecc30e9db047a2e0e7176561eb9d564ed77c8108376495b19bd8336405198a?s=96&d=mm&r=g\",\"url\":\"https:\\\/\\\/secure.gravatar.com\\\/avatar\\\/72ecc30e9db047a2e0e7176561eb9d564ed77c8108376495b19bd8336405198a?s=96&d=mm&r=g\",\"contentUrl\":\"https:\\\/\\\/secure.gravatar.com\\\/avatar\\\/72ecc30e9db047a2e0e7176561eb9d564ed77c8108376495b19bd8336405198a?s=96&d=mm&r=g\",\"caption\":\"Dpress.ma\"},\"sameAs\":[\"https:\\\/\\\/www.dpress.ma\"],\"url\":\"https:\\\/\\\/dpress.ma\\\/fr\\\/author\\\/dpress-ma\\\/\"}]}<\/script>\n<!-- \/ Yoast SEO plugin. -->","yoast_head_json":{"title":"Mme El Mansouri conduit la d\u00e9l\u00e9gation marocaine \u00e0 la r\u00e9union de haut niveau sur le \u201cnouvel agenda urbain\u201d - Dpress.ma\/fr","description":"La ministre de l\u2019Am\u00e9nagement du territoire national, de l\u2019urbanisme, de l\u2019habitat et de la politique de la ville, Fatima Ezzahra...","robots":{"index":"index","follow":"follow","max-snippet":"max-snippet:-1","max-image-preview":"max-image-preview:large","max-video-preview":"max-video-preview:-1"},"canonical":"https:\/\/dpress.ma\/fr\/2022\/04\/28\/mme-el-mansouri-conduit-la-delegation-marocaine-a-la-reunion-de-haut-niveau-sur-le-nouvel-agenda-urbain\/","og_locale":"fr_FR","og_type":"article","og_title":"Mme El Mansouri conduit la d\u00e9l\u00e9gation marocaine \u00e0 la r\u00e9union de haut niveau sur le \u201cnouvel agenda urbain\u201d - Dpress.ma\/fr","og_description":"La ministre de l\u2019Am\u00e9nagement du territoire national, de l\u2019urbanisme, de l\u2019habitat et de la politique de la ville, Fatima Ezzahra...","og_url":"https:\/\/dpress.ma\/fr\/2022\/04\/28\/mme-el-mansouri-conduit-la-delegation-marocaine-a-la-reunion-de-haut-niveau-sur-le-nouvel-agenda-urbain\/","og_site_name":"Dpress.ma\/fr","article_published_time":"2022-04-28T11:03:07+00:00","article_modified_time":"2022-04-28T11:03:08+00:00","og_image":[{"width":2539,"height":1594,"url":"https:\/\/dpress.ma\/fr\/wp-content\/uploads\/sites\/2\/2022\/04\/fz-el-mansouri-1-fr.jpg","type":"image\/jpeg"}],"author":"Dpress.ma","twitter_card":"summary_large_image","twitter_misc":{"\u00c9crit par":"Dpress.ma","Dur\u00e9e de lecture estim\u00e9e":"4 minutes"},"schema":{"@context":"https:\/\/schema.org","@graph":[{"@type":"Article","@id":"https:\/\/dpress.ma\/fr\/2022\/04\/28\/mme-el-mansouri-conduit-la-delegation-marocaine-a-la-reunion-de-haut-niveau-sur-le-nouvel-agenda-urbain\/#article","isPartOf":{"@id":"https:\/\/dpress.ma\/fr\/2022\/04\/28\/mme-el-mansouri-conduit-la-delegation-marocaine-a-la-reunion-de-haut-niveau-sur-le-nouvel-agenda-urbain\/"},"author":{"name":"Dpress.ma","@id":"https:\/\/dpress.ma\/fr\/#\/schema\/person\/4898febf3ccd59e6578d838656a306a0"},"headline":"Mme El Mansouri conduit la d\u00e9l\u00e9gation marocaine \u00e0 la r\u00e9union de haut niveau sur le \u201cnouvel agenda urbain\u201d","datePublished":"2022-04-28T11:03:07+00:00","dateModified":"2022-04-28T11:03:08+00:00","mainEntityOfPage":{"@id":"https:\/\/dpress.ma\/fr\/2022\/04\/28\/mme-el-mansouri-conduit-la-delegation-marocaine-a-la-reunion-de-haut-niveau-sur-le-nouvel-agenda-urbain\/"},"wordCount":819,"image":{"@id":"https:\/\/dpress.ma\/fr\/2022\/04\/28\/mme-el-mansouri-conduit-la-delegation-marocaine-a-la-reunion-de-haut-niveau-sur-le-nouvel-agenda-urbain\/#primaryimage"},"thumbnailUrl":"https:\/\/dpress.ma\/fr\/wp-content\/uploads\/sites\/2\/2022\/04\/fz-el-mansouri-1-fr.jpg","articleSection":["Diplomatie Parall\u00e8le"],"inLanguage":"fr-FR"},{"@type":"WebPage","@id":"https:\/\/dpress.ma\/fr\/2022\/04\/28\/mme-el-mansouri-conduit-la-delegation-marocaine-a-la-reunion-de-haut-niveau-sur-le-nouvel-agenda-urbain\/","url":"https:\/\/dpress.ma\/fr\/2022\/04\/28\/mme-el-mansouri-conduit-la-delegation-marocaine-a-la-reunion-de-haut-niveau-sur-le-nouvel-agenda-urbain\/","name":"Mme El Mansouri conduit la d\u00e9l\u00e9gation marocaine \u00e0 la r\u00e9union de haut niveau sur le \u201cnouvel agenda urbain\u201d - Dpress.ma\/fr","isPartOf":{"@id":"https:\/\/dpress.ma\/fr\/#website"},"primaryImageOfPage":{"@id":"https:\/\/dpress.ma\/fr\/2022\/04\/28\/mme-el-mansouri-conduit-la-delegation-marocaine-a-la-reunion-de-haut-niveau-sur-le-nouvel-agenda-urbain\/#primaryimage"},"image":{"@id":"https:\/\/dpress.ma\/fr\/2022\/04\/28\/mme-el-mansouri-conduit-la-delegation-marocaine-a-la-reunion-de-haut-niveau-sur-le-nouvel-agenda-urbain\/#primaryimage"},"thumbnailUrl":"https:\/\/dpress.ma\/fr\/wp-content\/uploads\/sites\/2\/2022\/04\/fz-el-mansouri-1-fr.jpg","datePublished":"2022-04-28T11:03:07+00:00","dateModified":"2022-04-28T11:03:08+00:00","author":{"@id":"https:\/\/dpress.ma\/fr\/#\/schema\/person\/4898febf3ccd59e6578d838656a306a0"},"description":"La ministre de l\u2019Am\u00e9nagement du territoire national, de l\u2019urbanisme, de l\u2019habitat et de la politique de la ville, Fatima Ezzahra...","breadcrumb":{"@id":"https:\/\/dpress.ma\/fr\/2022\/04\/28\/mme-el-mansouri-conduit-la-delegation-marocaine-a-la-reunion-de-haut-niveau-sur-le-nouvel-agenda-urbain\/#breadcrumb"},"inLanguage":"fr-FR","potentialAction":[{"@type":"ReadAction","target":["https:\/\/dpress.ma\/fr\/2022\/04\/28\/mme-el-mansouri-conduit-la-delegation-marocaine-a-la-reunion-de-haut-niveau-sur-le-nouvel-agenda-urbain\/"]}]},{"@type":"ImageObject","inLanguage":"fr-FR","@id":"https:\/\/dpress.ma\/fr\/2022\/04\/28\/mme-el-mansouri-conduit-la-delegation-marocaine-a-la-reunion-de-haut-niveau-sur-le-nouvel-agenda-urbain\/#primaryimage","url":"https:\/\/dpress.ma\/fr\/wp-content\/uploads\/sites\/2\/2022\/04\/fz-el-mansouri-1-fr.jpg","contentUrl":"https:\/\/dpress.ma\/fr\/wp-content\/uploads\/sites\/2\/2022\/04\/fz-el-mansouri-1-fr.jpg","width":2539,"height":1594},{"@type":"BreadcrumbList","@id":"https:\/\/dpress.ma\/fr\/2022\/04\/28\/mme-el-mansouri-conduit-la-delegation-marocaine-a-la-reunion-de-haut-niveau-sur-le-nouvel-agenda-urbain\/#breadcrumb","itemListElement":[{"@type":"ListItem","position":1,"name":"Home","item":"https:\/\/dpress.ma\/fr\/"},{"@type":"ListItem","position":2,"name":"Mme El Mansouri conduit la d\u00e9l\u00e9gation marocaine \u00e0 la r\u00e9union de haut niveau sur le \u201cnouvel agenda urbain\u201d"}]},{"@type":"WebSite","@id":"https:\/\/dpress.ma\/fr\/#website","url":"https:\/\/dpress.ma\/fr\/","name":"Dpress.ma\/fr","description":"","potentialAction":[{"@type":"SearchAction","target":{"@type":"EntryPoint","urlTemplate":"https:\/\/dpress.ma\/fr\/?s={search_term_string}"},"query-input":{"@type":"PropertyValueSpecification","valueRequired":true,"valueName":"search_term_string"}}],"inLanguage":"fr-FR"},{"@type":"Person","@id":"https:\/\/dpress.ma\/fr\/#\/schema\/person\/4898febf3ccd59e6578d838656a306a0","name":"Dpress.ma","image":{"@type":"ImageObject","inLanguage":"fr-FR","@id":"https:\/\/secure.gravatar.com\/avatar\/72ecc30e9db047a2e0e7176561eb9d564ed77c8108376495b19bd8336405198a?s=96&d=mm&r=g","url":"https:\/\/secure.gravatar.com\/avatar\/72ecc30e9db047a2e0e7176561eb9d564ed77c8108376495b19bd8336405198a?s=96&d=mm&r=g","contentUrl":"https:\/\/secure.gravatar.com\/avatar\/72ecc30e9db047a2e0e7176561eb9d564ed77c8108376495b19bd8336405198a?s=96&d=mm&r=g","caption":"Dpress.ma"},"sameAs":["https:\/\/www.dpress.ma"],"url":"https:\/\/dpress.ma\/fr\/author\/dpress-ma\/"}]}},"amp_enabled":true,"_links":{"self":[{"href":"https:\/\/dpress.ma\/fr\/wp-json\/wp\/v2\/posts\/1386","targetHints":{"allow":["GET"]}}],"collection":[{"href":"https:\/\/dpress.ma\/fr\/wp-json\/wp\/v2\/posts"}],"about":[{"href":"https:\/\/dpress.ma\/fr\/wp-json\/wp\/v2\/types\/post"}],"author":[{"embeddable":true,"href":"https:\/\/dpress.ma\/fr\/wp-json\/wp\/v2\/users\/2"}],"replies":[{"embeddable":true,"href":"https:\/\/dpress.ma\/fr\/wp-json\/wp\/v2\/comments?post=1386"}],"version-history":[{"count":1,"href":"https:\/\/dpress.ma\/fr\/wp-json\/wp\/v2\/posts\/1386\/revisions"}],"predecessor-version":[{"id":1388,"href":"https:\/\/dpress.ma\/fr\/wp-json\/wp\/v2\/posts\/1386\/revisions\/1388"}],"wp:featuredmedia":[{"embeddable":true,"href":"https:\/\/dpress.ma\/fr\/wp-json\/wp\/v2\/media\/1387"}],"wp:attachment":[{"href":"https:\/\/dpress.ma\/fr\/wp-json\/wp\/v2\/media?parent=1386"}],"wp:term":[{"taxonomy":"category","embeddable":true,"href":"https:\/\/dpress.ma\/fr\/wp-json\/wp\/v2\/categories?post=1386"},{"taxonomy":"post_tag","embeddable":true,"href":"https:\/\/dpress.ma\/fr\/wp-json\/wp\/v2\/tags?post=1386"}],"curies":[{"name":"wp","href":"https:\/\/api.w.org\/{rel}","templated":true}]}}