{"id":13773,"date":"2025-04-09T11:21:12","date_gmt":"2025-04-09T11:21:12","guid":{"rendered":"https:\/\/dpress.ma\/fr\/?p=13773"},"modified":"2025-04-09T11:21:13","modified_gmt":"2025-04-09T11:21:13","slug":"le-renforcement-de-la-cooperation-parlementaire-au-coeur-des-entretiens-entre-le-vice-president-de-la-chambre-des-conseillers-et-une-delegation-de-lassemblee-nationale-de-zambie","status":"publish","type":"post","link":"https:\/\/dpress.ma\/fr\/2025\/04\/09\/le-renforcement-de-la-cooperation-parlementaire-au-coeur-des-entretiens-entre-le-vice-president-de-la-chambre-des-conseillers-et-une-delegation-de-lassemblee-nationale-de-zambie\/","title":{"rendered":"Le renforcement de la coop\u00e9ration parlementaire au c\u0153ur des entretiens entre le vice-pr\u00e9sident de la Chambre des conseillers et une d\u00e9l\u00e9gation de l\u2019Assembl\u00e9e nationale de Zambie"},"content":{"rendered":"\n<p>dpress<\/p>\n\n\n\n<p>Le vice-pr\u00e9sident de la Chambre des conseillers, Lahcen Haddad, a re\u00e7u, hier \u00e0 Rabat, une d\u00e9l\u00e9gation de la Commission de la r\u00e9forme et de la modernisation de l\u2019Assembl\u00e9e nationale de la R\u00e9publique de Zambie, actuellement en visite au Royaume dans le cadre\u00a0du renforcement des\u00a0\u00e9changes d\u2019exp\u00e9riences et l\u2019examen des moyens \u00e0 m\u00eame de renforcer la coop\u00e9ration parlementaire entre les deux pays amis.<\/p>\n\n\n\n<p>\u00c0 cette occasion, les deux parties ont soulign\u00e9 l\u2019importance de la mise en \u0153uvre de programmes de travail conjoints, incluant l\u2019\u00e9change de visites, la formation parlementaire et la coordination des positions au sein des instances parlementaires continentales et internationales, indique un communiqu\u00e9 de la Chambre des conseillers.<\/p>\n\n\n\n<p>Ce partenariat parlementaire actif et fructueux refl\u00e8te la profondeur des relations historiques entre les deux pays et contribue au renforcement de la coop\u00e9ration Sud-Sud, l\u2019un des piliers strat\u00e9giques de la politique ext\u00e9rieure du Royaume men\u00e9e sous la Conduite \u00e9clair\u00e9e de Sa Majest\u00e9 le Roi Mohammed VI.<\/p>\n\n\n\n<p>Lors de cette rencontre, M. Haddad a salu\u00e9 la dynamique positive que connaissent les relations bilat\u00e9rales, notamment depuis la Visite Royale historique \u00e0 Lusaka en 2017, qui a jet\u00e9 les bases d\u2019un partenariat strat\u00e9gique entre les deux pays dans plusieurs domaines prometteurs, tels que l\u2019agriculture, la formation, les \u00e9nergies renouvelables, ainsi que d\u2019autres secteurs prioritaires, pr\u00e9cise la m\u00eame source.<\/p>\n\n\n\n<p>Aussi, il s\u2019est f\u00e9licit\u00e9 de la tenue, en d\u00e9cembre 2024 \u00e0 La\u00e2youne, de la commission mixte entre les deux pays, un indicateur fort de la solidit\u00e9 des relations politiques et de la coop\u00e9ration multidimensionnelle entre Rabat et Lusaka.<\/p>\n\n\n\n<p>Il a, par ailleurs, mis en avant les opportunit\u00e9s \u00e9conomiques prometteuses \u00e0 m\u00eame de stimuler la coop\u00e9ration bilat\u00e9rale, notamment \u00e0 travers l\u2019augmentation des investissements crois\u00e9s et le soutien aux acteurs du secteur priv\u00e9.<\/p>\n\n\n\n<p>\u00c0 ce titre, il a exprim\u00e9 l\u2019appr\u00e9ciation du Maroc pour la position constante de la R\u00e9publique de Zambie en faveur de l\u2019int\u00e9grit\u00e9 territoriale du Royaume, concr\u00e9tis\u00e9e par l\u2019ouverture d\u2019un consulat g\u00e9n\u00e9ral \u00e0 La\u00e2youne en 2020, en tant que signe tangible de solidarit\u00e9 africaine et de reconnaissance de la souverainet\u00e9 du Maroc sur ses provinces du Sud.<\/p>\n\n\n\n<p>M. Haddad a \u00e9galement soulign\u00e9 que la coop\u00e9ration parlementaire repr\u00e9sente un levier fondamental pour renforcer les relations bilat\u00e9rales et \u00e9largir les domaines de partenariat, en soutenant et en stimulant les efforts communs des gouvernements, tout en favorisant la concertation sur les enjeux r\u00e9gionaux et internationaux d\u2019int\u00e9r\u00eat partag\u00e9.<\/p>\n\n\n\n<p>Par la m\u00eame occasion, il a \u00e9voqu\u00e9 les mesures constitutionnelles et l\u00e9gislatives adopt\u00e9es par le Maroc pour garantir une participation citoyenne effective aux d\u00e9bats sur les diff\u00e9rents textes l\u00e9gislatifs, en particulier les lois de finances.<\/p>\n\n\n\n<p>Il a, en outre, mis en lumi\u00e8re les efforts politiques et institutionnels d\u00e9ploy\u00e9s pour renforcer l\u2019autonomisation des femmes marocaines et accro\u00eetre leur pr\u00e9sence dans les instances repr\u00e9sentatives, notamment au sein de l\u2019institution parlementaire.<\/p>\n\n\n\n<p>De son c\u00f4t\u00e9, le chef de la d\u00e9l\u00e9gation zambienne, Frank Moyo, a exprim\u00e9 la fiert\u00e9 de son pays des liens de fraternit\u00e9 et de coop\u00e9ration avec le Maroc, soulignant que le Royaume constitue un mod\u00e8le en mati\u00e8re de r\u00e9forme l\u00e9gislative et institutionnelle, que la Zambie aspire \u00e0 suivre.<\/p>\n\n\n\n<p>Il a \u00e9galement exprim\u00e9 l\u2019espoir de voir ces relations bilat\u00e9rales se renforcer davantage dans divers domaines, notamment \u00e0 la faveur de l\u2019\u00e9lan insuffl\u00e9 par la Visite Royale en Zambie.<\/p>\n\n\n\n<p>Dans ce cadre, le responsable parlementaire zambien a r\u00e9affirm\u00e9 la volont\u00e9 de son pays de d\u00e9velopper les relations parlementaires en vue de les hisser \u00e0 la hauteur de l\u2019excellence des relations politiques et \u00e9conomiques, estimant que cette visite repr\u00e9sente une occasion privil\u00e9gi\u00e9e pour consolider les canaux de coop\u00e9ration parlementaire et renforcer leur r\u00f4le dans la promotion des relations bilat\u00e9rales.<\/p>\n","protected":false},"excerpt":{"rendered":"<p>dpress Le vice-pr\u00e9sident de la Chambre des conseillers, Lahcen Haddad, a re\u00e7u, hier \u00e0 Rabat, une d\u00e9l\u00e9gation de la Commission de la r\u00e9forme et de la modernisation de l\u2019Assembl\u00e9e nationale de la R\u00e9publique de Zambie, actuellement en visite au Royaume dans le cadre\u00a0du renforcement des\u00a0\u00e9changes d\u2019exp\u00e9riences et l\u2019examen des moyens \u00e0 m\u00eame de renforcer la &hellip;<\/p>\n","protected":false},"author":2,"featured_media":13774,"comment_status":"open","ping_status":"open","sticky":false,"template":"","format":"standard","meta":{"footnotes":""},"categories":[34],"tags":[],"class_list":["post-13773","post","type-post","status-publish","format-standard","has-post-thumbnail","hentry","category-diplomatie-parlementaire"],"yoast_head":"<!-- This site is optimized with the Yoast SEO plugin v27.4 - https:\/\/yoast.com\/product\/yoast-seo-wordpress\/ -->\n<title>Le renforcement de la coop\u00e9ration parlementaire au c\u0153ur des entretiens entre le vice-pr\u00e9sident de la Chambre des conseillers et une d\u00e9l\u00e9gation de l\u2019Assembl\u00e9e nationale de Zambie - Dpress.ma\/fr<\/title>\n<meta name=\"robots\" content=\"index, follow, max-snippet:-1, max-image-preview:large, max-video-preview:-1\" \/>\n<link rel=\"canonical\" href=\"https:\/\/dpress.ma\/fr\/2025\/04\/09\/le-renforcement-de-la-cooperation-parlementaire-au-coeur-des-entretiens-entre-le-vice-president-de-la-chambre-des-conseillers-et-une-delegation-de-lassemblee-nationale-de-zambie\/\" \/>\n<meta property=\"og:locale\" content=\"fr_FR\" \/>\n<meta property=\"og:type\" content=\"article\" \/>\n<meta property=\"og:title\" content=\"Le renforcement de la coop\u00e9ration parlementaire au c\u0153ur des entretiens entre le vice-pr\u00e9sident de la Chambre des conseillers et une d\u00e9l\u00e9gation de l\u2019Assembl\u00e9e nationale de Zambie - Dpress.ma\/fr\" \/>\n<meta property=\"og:description\" content=\"dpress Le vice-pr\u00e9sident de la Chambre des conseillers, Lahcen Haddad, a re\u00e7u, hier \u00e0 Rabat, une d\u00e9l\u00e9gation de la Commission de la r\u00e9forme et de la modernisation de l\u2019Assembl\u00e9e nationale de la R\u00e9publique de Zambie, actuellement en visite au Royaume dans le cadre\u00a0du renforcement des\u00a0\u00e9changes d\u2019exp\u00e9riences et l\u2019examen des moyens \u00e0 m\u00eame de renforcer la &hellip;\" \/>\n<meta property=\"og:url\" content=\"https:\/\/dpress.ma\/fr\/2025\/04\/09\/le-renforcement-de-la-cooperation-parlementaire-au-coeur-des-entretiens-entre-le-vice-president-de-la-chambre-des-conseillers-et-une-delegation-de-lassemblee-nationale-de-zambie\/\" \/>\n<meta property=\"og:site_name\" content=\"Dpress.ma\/fr\" \/>\n<meta property=\"article:published_time\" content=\"2025-04-09T11:21:12+00:00\" \/>\n<meta property=\"article:modified_time\" content=\"2025-04-09T11:21:13+00:00\" \/>\n<meta property=\"og:image\" content=\"https:\/\/dpress.ma\/fr\/wp-content\/uploads\/sites\/2\/2025\/04\/dimensions2-42.jpg\" \/>\n\t<meta property=\"og:image:width\" content=\"2539\" \/>\n\t<meta property=\"og:image:height\" content=\"1594\" \/>\n\t<meta property=\"og:image:type\" content=\"image\/jpeg\" \/>\n<meta name=\"author\" content=\"Dpress.ma\" \/>\n<meta name=\"twitter:card\" content=\"summary_large_image\" \/>\n<meta name=\"twitter:label1\" content=\"\u00c9crit par\" \/>\n\t<meta name=\"twitter:data1\" content=\"Dpress.ma\" \/>\n\t<meta name=\"twitter:label2\" content=\"Dur\u00e9e de lecture estim\u00e9e\" \/>\n\t<meta name=\"twitter:data2\" content=\"4 minutes\" \/>\n<script type=\"application\/ld+json\" class=\"yoast-schema-graph\">{\"@context\":\"https:\\\/\\\/schema.org\",\"@graph\":[{\"@type\":\"Article\",\"@id\":\"https:\\\/\\\/dpress.ma\\\/fr\\\/2025\\\/04\\\/09\\\/le-renforcement-de-la-cooperation-parlementaire-au-coeur-des-entretiens-entre-le-vice-president-de-la-chambre-des-conseillers-et-une-delegation-de-lassemblee-nationale-de-zambie\\\/#article\",\"isPartOf\":{\"@id\":\"https:\\\/\\\/dpress.ma\\\/fr\\\/2025\\\/04\\\/09\\\/le-renforcement-de-la-cooperation-parlementaire-au-coeur-des-entretiens-entre-le-vice-president-de-la-chambre-des-conseillers-et-une-delegation-de-lassemblee-nationale-de-zambie\\\/\"},\"author\":{\"name\":\"Dpress.ma\",\"@id\":\"https:\\\/\\\/dpress.ma\\\/fr\\\/#\\\/schema\\\/person\\\/4898febf3ccd59e6578d838656a306a0\"},\"headline\":\"Le renforcement de la coop\u00e9ration parlementaire au c\u0153ur des entretiens entre le vice-pr\u00e9sident de la Chambre des conseillers et une d\u00e9l\u00e9gation de l\u2019Assembl\u00e9e nationale de Zambie\",\"datePublished\":\"2025-04-09T11:21:12+00:00\",\"dateModified\":\"2025-04-09T11:21:13+00:00\",\"mainEntityOfPage\":{\"@id\":\"https:\\\/\\\/dpress.ma\\\/fr\\\/2025\\\/04\\\/09\\\/le-renforcement-de-la-cooperation-parlementaire-au-coeur-des-entretiens-entre-le-vice-president-de-la-chambre-des-conseillers-et-une-delegation-de-lassemblee-nationale-de-zambie\\\/\"},\"wordCount\":705,\"commentCount\":0,\"image\":{\"@id\":\"https:\\\/\\\/dpress.ma\\\/fr\\\/2025\\\/04\\\/09\\\/le-renforcement-de-la-cooperation-parlementaire-au-coeur-des-entretiens-entre-le-vice-president-de-la-chambre-des-conseillers-et-une-delegation-de-lassemblee-nationale-de-zambie\\\/#primaryimage\"},\"thumbnailUrl\":\"https:\\\/\\\/dpress.ma\\\/fr\\\/wp-content\\\/uploads\\\/sites\\\/2\\\/2025\\\/04\\\/dimensions2-42.jpg\",\"articleSection\":[\"Diplomatie Parlementaire\"],\"inLanguage\":\"fr-FR\",\"potentialAction\":[{\"@type\":\"CommentAction\",\"name\":\"Comment\",\"target\":[\"https:\\\/\\\/dpress.ma\\\/fr\\\/2025\\\/04\\\/09\\\/le-renforcement-de-la-cooperation-parlementaire-au-coeur-des-entretiens-entre-le-vice-president-de-la-chambre-des-conseillers-et-une-delegation-de-lassemblee-nationale-de-zambie\\\/#respond\"]}]},{\"@type\":\"WebPage\",\"@id\":\"https:\\\/\\\/dpress.ma\\\/fr\\\/2025\\\/04\\\/09\\\/le-renforcement-de-la-cooperation-parlementaire-au-coeur-des-entretiens-entre-le-vice-president-de-la-chambre-des-conseillers-et-une-delegation-de-lassemblee-nationale-de-zambie\\\/\",\"url\":\"https:\\\/\\\/dpress.ma\\\/fr\\\/2025\\\/04\\\/09\\\/le-renforcement-de-la-cooperation-parlementaire-au-coeur-des-entretiens-entre-le-vice-president-de-la-chambre-des-conseillers-et-une-delegation-de-lassemblee-nationale-de-zambie\\\/\",\"name\":\"Le renforcement de la coop\u00e9ration parlementaire au c\u0153ur des entretiens entre le vice-pr\u00e9sident de la Chambre des conseillers et une d\u00e9l\u00e9gation de l\u2019Assembl\u00e9e nationale de Zambie - Dpress.ma\\\/fr\",\"isPartOf\":{\"@id\":\"https:\\\/\\\/dpress.ma\\\/fr\\\/#website\"},\"primaryImageOfPage\":{\"@id\":\"https:\\\/\\\/dpress.ma\\\/fr\\\/2025\\\/04\\\/09\\\/le-renforcement-de-la-cooperation-parlementaire-au-coeur-des-entretiens-entre-le-vice-president-de-la-chambre-des-conseillers-et-une-delegation-de-lassemblee-nationale-de-zambie\\\/#primaryimage\"},\"image\":{\"@id\":\"https:\\\/\\\/dpress.ma\\\/fr\\\/2025\\\/04\\\/09\\\/le-renforcement-de-la-cooperation-parlementaire-au-coeur-des-entretiens-entre-le-vice-president-de-la-chambre-des-conseillers-et-une-delegation-de-lassemblee-nationale-de-zambie\\\/#primaryimage\"},\"thumbnailUrl\":\"https:\\\/\\\/dpress.ma\\\/fr\\\/wp-content\\\/uploads\\\/sites\\\/2\\\/2025\\\/04\\\/dimensions2-42.jpg\",\"datePublished\":\"2025-04-09T11:21:12+00:00\",\"dateModified\":\"2025-04-09T11:21:13+00:00\",\"author\":{\"@id\":\"https:\\\/\\\/dpress.ma\\\/fr\\\/#\\\/schema\\\/person\\\/4898febf3ccd59e6578d838656a306a0\"},\"breadcrumb\":{\"@id\":\"https:\\\/\\\/dpress.ma\\\/fr\\\/2025\\\/04\\\/09\\\/le-renforcement-de-la-cooperation-parlementaire-au-coeur-des-entretiens-entre-le-vice-president-de-la-chambre-des-conseillers-et-une-delegation-de-lassemblee-nationale-de-zambie\\\/#breadcrumb\"},\"inLanguage\":\"fr-FR\",\"potentialAction\":[{\"@type\":\"ReadAction\",\"target\":[\"https:\\\/\\\/dpress.ma\\\/fr\\\/2025\\\/04\\\/09\\\/le-renforcement-de-la-cooperation-parlementaire-au-coeur-des-entretiens-entre-le-vice-president-de-la-chambre-des-conseillers-et-une-delegation-de-lassemblee-nationale-de-zambie\\\/\"]}]},{\"@type\":\"ImageObject\",\"inLanguage\":\"fr-FR\",\"@id\":\"https:\\\/\\\/dpress.ma\\\/fr\\\/2025\\\/04\\\/09\\\/le-renforcement-de-la-cooperation-parlementaire-au-coeur-des-entretiens-entre-le-vice-president-de-la-chambre-des-conseillers-et-une-delegation-de-lassemblee-nationale-de-zambie\\\/#primaryimage\",\"url\":\"https:\\\/\\\/dpress.ma\\\/fr\\\/wp-content\\\/uploads\\\/sites\\\/2\\\/2025\\\/04\\\/dimensions2-42.jpg\",\"contentUrl\":\"https:\\\/\\\/dpress.ma\\\/fr\\\/wp-content\\\/uploads\\\/sites\\\/2\\\/2025\\\/04\\\/dimensions2-42.jpg\",\"width\":2539,\"height\":1594},{\"@type\":\"BreadcrumbList\",\"@id\":\"https:\\\/\\\/dpress.ma\\\/fr\\\/2025\\\/04\\\/09\\\/le-renforcement-de-la-cooperation-parlementaire-au-coeur-des-entretiens-entre-le-vice-president-de-la-chambre-des-conseillers-et-une-delegation-de-lassemblee-nationale-de-zambie\\\/#breadcrumb\",\"itemListElement\":[{\"@type\":\"ListItem\",\"position\":1,\"name\":\"Home\",\"item\":\"https:\\\/\\\/dpress.ma\\\/fr\\\/\"},{\"@type\":\"ListItem\",\"position\":2,\"name\":\"Le renforcement de la coop\u00e9ration parlementaire au c\u0153ur des entretiens entre le vice-pr\u00e9sident de la Chambre des conseillers et une d\u00e9l\u00e9gation de l\u2019Assembl\u00e9e nationale de Zambie\"}]},{\"@type\":\"WebSite\",\"@id\":\"https:\\\/\\\/dpress.ma\\\/fr\\\/#website\",\"url\":\"https:\\\/\\\/dpress.ma\\\/fr\\\/\",\"name\":\"Dpress.ma\\\/fr\",\"description\":\"\",\"potentialAction\":[{\"@type\":\"SearchAction\",\"target\":{\"@type\":\"EntryPoint\",\"urlTemplate\":\"https:\\\/\\\/dpress.ma\\\/fr\\\/?s={search_term_string}\"},\"query-input\":{\"@type\":\"PropertyValueSpecification\",\"valueRequired\":true,\"valueName\":\"search_term_string\"}}],\"inLanguage\":\"fr-FR\"},{\"@type\":\"Person\",\"@id\":\"https:\\\/\\\/dpress.ma\\\/fr\\\/#\\\/schema\\\/person\\\/4898febf3ccd59e6578d838656a306a0\",\"name\":\"Dpress.ma\",\"image\":{\"@type\":\"ImageObject\",\"inLanguage\":\"fr-FR\",\"@id\":\"https:\\\/\\\/secure.gravatar.com\\\/avatar\\\/72ecc30e9db047a2e0e7176561eb9d564ed77c8108376495b19bd8336405198a?s=96&d=mm&r=g\",\"url\":\"https:\\\/\\\/secure.gravatar.com\\\/avatar\\\/72ecc30e9db047a2e0e7176561eb9d564ed77c8108376495b19bd8336405198a?s=96&d=mm&r=g\",\"contentUrl\":\"https:\\\/\\\/secure.gravatar.com\\\/avatar\\\/72ecc30e9db047a2e0e7176561eb9d564ed77c8108376495b19bd8336405198a?s=96&d=mm&r=g\",\"caption\":\"Dpress.ma\"},\"sameAs\":[\"https:\\\/\\\/www.dpress.ma\"],\"url\":\"https:\\\/\\\/dpress.ma\\\/fr\\\/author\\\/dpress-ma\\\/\"}]}<\/script>\n<!-- \/ Yoast SEO plugin. -->","yoast_head_json":{"title":"Le renforcement de la coop\u00e9ration parlementaire au c\u0153ur des entretiens entre le vice-pr\u00e9sident de la Chambre des conseillers et une d\u00e9l\u00e9gation de l\u2019Assembl\u00e9e nationale de Zambie - Dpress.ma\/fr","robots":{"index":"index","follow":"follow","max-snippet":"max-snippet:-1","max-image-preview":"max-image-preview:large","max-video-preview":"max-video-preview:-1"},"canonical":"https:\/\/dpress.ma\/fr\/2025\/04\/09\/le-renforcement-de-la-cooperation-parlementaire-au-coeur-des-entretiens-entre-le-vice-president-de-la-chambre-des-conseillers-et-une-delegation-de-lassemblee-nationale-de-zambie\/","og_locale":"fr_FR","og_type":"article","og_title":"Le renforcement de la coop\u00e9ration parlementaire au c\u0153ur des entretiens entre le vice-pr\u00e9sident de la Chambre des conseillers et une d\u00e9l\u00e9gation de l\u2019Assembl\u00e9e nationale de Zambie - Dpress.ma\/fr","og_description":"dpress Le vice-pr\u00e9sident de la Chambre des conseillers, Lahcen Haddad, a re\u00e7u, hier \u00e0 Rabat, une d\u00e9l\u00e9gation de la Commission de la r\u00e9forme et de la modernisation de l\u2019Assembl\u00e9e nationale de la R\u00e9publique de Zambie, actuellement en visite au Royaume dans le cadre\u00a0du renforcement des\u00a0\u00e9changes d\u2019exp\u00e9riences et l\u2019examen des moyens \u00e0 m\u00eame de renforcer la &hellip;","og_url":"https:\/\/dpress.ma\/fr\/2025\/04\/09\/le-renforcement-de-la-cooperation-parlementaire-au-coeur-des-entretiens-entre-le-vice-president-de-la-chambre-des-conseillers-et-une-delegation-de-lassemblee-nationale-de-zambie\/","og_site_name":"Dpress.ma\/fr","article_published_time":"2025-04-09T11:21:12+00:00","article_modified_time":"2025-04-09T11:21:13+00:00","og_image":[{"width":2539,"height":1594,"url":"https:\/\/dpress.ma\/fr\/wp-content\/uploads\/sites\/2\/2025\/04\/dimensions2-42.jpg","type":"image\/jpeg"}],"author":"Dpress.ma","twitter_card":"summary_large_image","twitter_misc":{"\u00c9crit par":"Dpress.ma","Dur\u00e9e de lecture estim\u00e9e":"4 minutes"},"schema":{"@context":"https:\/\/schema.org","@graph":[{"@type":"Article","@id":"https:\/\/dpress.ma\/fr\/2025\/04\/09\/le-renforcement-de-la-cooperation-parlementaire-au-coeur-des-entretiens-entre-le-vice-president-de-la-chambre-des-conseillers-et-une-delegation-de-lassemblee-nationale-de-zambie\/#article","isPartOf":{"@id":"https:\/\/dpress.ma\/fr\/2025\/04\/09\/le-renforcement-de-la-cooperation-parlementaire-au-coeur-des-entretiens-entre-le-vice-president-de-la-chambre-des-conseillers-et-une-delegation-de-lassemblee-nationale-de-zambie\/"},"author":{"name":"Dpress.ma","@id":"https:\/\/dpress.ma\/fr\/#\/schema\/person\/4898febf3ccd59e6578d838656a306a0"},"headline":"Le renforcement de la coop\u00e9ration parlementaire au c\u0153ur des entretiens entre le vice-pr\u00e9sident de la Chambre des conseillers et une d\u00e9l\u00e9gation de l\u2019Assembl\u00e9e nationale de Zambie","datePublished":"2025-04-09T11:21:12+00:00","dateModified":"2025-04-09T11:21:13+00:00","mainEntityOfPage":{"@id":"https:\/\/dpress.ma\/fr\/2025\/04\/09\/le-renforcement-de-la-cooperation-parlementaire-au-coeur-des-entretiens-entre-le-vice-president-de-la-chambre-des-conseillers-et-une-delegation-de-lassemblee-nationale-de-zambie\/"},"wordCount":705,"commentCount":0,"image":{"@id":"https:\/\/dpress.ma\/fr\/2025\/04\/09\/le-renforcement-de-la-cooperation-parlementaire-au-coeur-des-entretiens-entre-le-vice-president-de-la-chambre-des-conseillers-et-une-delegation-de-lassemblee-nationale-de-zambie\/#primaryimage"},"thumbnailUrl":"https:\/\/dpress.ma\/fr\/wp-content\/uploads\/sites\/2\/2025\/04\/dimensions2-42.jpg","articleSection":["Diplomatie Parlementaire"],"inLanguage":"fr-FR","potentialAction":[{"@type":"CommentAction","name":"Comment","target":["https:\/\/dpress.ma\/fr\/2025\/04\/09\/le-renforcement-de-la-cooperation-parlementaire-au-coeur-des-entretiens-entre-le-vice-president-de-la-chambre-des-conseillers-et-une-delegation-de-lassemblee-nationale-de-zambie\/#respond"]}]},{"@type":"WebPage","@id":"https:\/\/dpress.ma\/fr\/2025\/04\/09\/le-renforcement-de-la-cooperation-parlementaire-au-coeur-des-entretiens-entre-le-vice-president-de-la-chambre-des-conseillers-et-une-delegation-de-lassemblee-nationale-de-zambie\/","url":"https:\/\/dpress.ma\/fr\/2025\/04\/09\/le-renforcement-de-la-cooperation-parlementaire-au-coeur-des-entretiens-entre-le-vice-president-de-la-chambre-des-conseillers-et-une-delegation-de-lassemblee-nationale-de-zambie\/","name":"Le renforcement de la coop\u00e9ration parlementaire au c\u0153ur des entretiens entre le vice-pr\u00e9sident de la Chambre des conseillers et une d\u00e9l\u00e9gation de l\u2019Assembl\u00e9e nationale de Zambie - Dpress.ma\/fr","isPartOf":{"@id":"https:\/\/dpress.ma\/fr\/#website"},"primaryImageOfPage":{"@id":"https:\/\/dpress.ma\/fr\/2025\/04\/09\/le-renforcement-de-la-cooperation-parlementaire-au-coeur-des-entretiens-entre-le-vice-president-de-la-chambre-des-conseillers-et-une-delegation-de-lassemblee-nationale-de-zambie\/#primaryimage"},"image":{"@id":"https:\/\/dpress.ma\/fr\/2025\/04\/09\/le-renforcement-de-la-cooperation-parlementaire-au-coeur-des-entretiens-entre-le-vice-president-de-la-chambre-des-conseillers-et-une-delegation-de-lassemblee-nationale-de-zambie\/#primaryimage"},"thumbnailUrl":"https:\/\/dpress.ma\/fr\/wp-content\/uploads\/sites\/2\/2025\/04\/dimensions2-42.jpg","datePublished":"2025-04-09T11:21:12+00:00","dateModified":"2025-04-09T11:21:13+00:00","author":{"@id":"https:\/\/dpress.ma\/fr\/#\/schema\/person\/4898febf3ccd59e6578d838656a306a0"},"breadcrumb":{"@id":"https:\/\/dpress.ma\/fr\/2025\/04\/09\/le-renforcement-de-la-cooperation-parlementaire-au-coeur-des-entretiens-entre-le-vice-president-de-la-chambre-des-conseillers-et-une-delegation-de-lassemblee-nationale-de-zambie\/#breadcrumb"},"inLanguage":"fr-FR","potentialAction":[{"@type":"ReadAction","target":["https:\/\/dpress.ma\/fr\/2025\/04\/09\/le-renforcement-de-la-cooperation-parlementaire-au-coeur-des-entretiens-entre-le-vice-president-de-la-chambre-des-conseillers-et-une-delegation-de-lassemblee-nationale-de-zambie\/"]}]},{"@type":"ImageObject","inLanguage":"fr-FR","@id":"https:\/\/dpress.ma\/fr\/2025\/04\/09\/le-renforcement-de-la-cooperation-parlementaire-au-coeur-des-entretiens-entre-le-vice-president-de-la-chambre-des-conseillers-et-une-delegation-de-lassemblee-nationale-de-zambie\/#primaryimage","url":"https:\/\/dpress.ma\/fr\/wp-content\/uploads\/sites\/2\/2025\/04\/dimensions2-42.jpg","contentUrl":"https:\/\/dpress.ma\/fr\/wp-content\/uploads\/sites\/2\/2025\/04\/dimensions2-42.jpg","width":2539,"height":1594},{"@type":"BreadcrumbList","@id":"https:\/\/dpress.ma\/fr\/2025\/04\/09\/le-renforcement-de-la-cooperation-parlementaire-au-coeur-des-entretiens-entre-le-vice-president-de-la-chambre-des-conseillers-et-une-delegation-de-lassemblee-nationale-de-zambie\/#breadcrumb","itemListElement":[{"@type":"ListItem","position":1,"name":"Home","item":"https:\/\/dpress.ma\/fr\/"},{"@type":"ListItem","position":2,"name":"Le renforcement de la coop\u00e9ration parlementaire au c\u0153ur des entretiens entre le vice-pr\u00e9sident de la Chambre des conseillers et une d\u00e9l\u00e9gation de l\u2019Assembl\u00e9e nationale de Zambie"}]},{"@type":"WebSite","@id":"https:\/\/dpress.ma\/fr\/#website","url":"https:\/\/dpress.ma\/fr\/","name":"Dpress.ma\/fr","description":"","potentialAction":[{"@type":"SearchAction","target":{"@type":"EntryPoint","urlTemplate":"https:\/\/dpress.ma\/fr\/?s={search_term_string}"},"query-input":{"@type":"PropertyValueSpecification","valueRequired":true,"valueName":"search_term_string"}}],"inLanguage":"fr-FR"},{"@type":"Person","@id":"https:\/\/dpress.ma\/fr\/#\/schema\/person\/4898febf3ccd59e6578d838656a306a0","name":"Dpress.ma","image":{"@type":"ImageObject","inLanguage":"fr-FR","@id":"https:\/\/secure.gravatar.com\/avatar\/72ecc30e9db047a2e0e7176561eb9d564ed77c8108376495b19bd8336405198a?s=96&d=mm&r=g","url":"https:\/\/secure.gravatar.com\/avatar\/72ecc30e9db047a2e0e7176561eb9d564ed77c8108376495b19bd8336405198a?s=96&d=mm&r=g","contentUrl":"https:\/\/secure.gravatar.com\/avatar\/72ecc30e9db047a2e0e7176561eb9d564ed77c8108376495b19bd8336405198a?s=96&d=mm&r=g","caption":"Dpress.ma"},"sameAs":["https:\/\/www.dpress.ma"],"url":"https:\/\/dpress.ma\/fr\/author\/dpress-ma\/"}]}},"amp_enabled":true,"_links":{"self":[{"href":"https:\/\/dpress.ma\/fr\/wp-json\/wp\/v2\/posts\/13773","targetHints":{"allow":["GET"]}}],"collection":[{"href":"https:\/\/dpress.ma\/fr\/wp-json\/wp\/v2\/posts"}],"about":[{"href":"https:\/\/dpress.ma\/fr\/wp-json\/wp\/v2\/types\/post"}],"author":[{"embeddable":true,"href":"https:\/\/dpress.ma\/fr\/wp-json\/wp\/v2\/users\/2"}],"replies":[{"embeddable":true,"href":"https:\/\/dpress.ma\/fr\/wp-json\/wp\/v2\/comments?post=13773"}],"version-history":[{"count":1,"href":"https:\/\/dpress.ma\/fr\/wp-json\/wp\/v2\/posts\/13773\/revisions"}],"predecessor-version":[{"id":13775,"href":"https:\/\/dpress.ma\/fr\/wp-json\/wp\/v2\/posts\/13773\/revisions\/13775"}],"wp:featuredmedia":[{"embeddable":true,"href":"https:\/\/dpress.ma\/fr\/wp-json\/wp\/v2\/media\/13774"}],"wp:attachment":[{"href":"https:\/\/dpress.ma\/fr\/wp-json\/wp\/v2\/media?parent=13773"}],"wp:term":[{"taxonomy":"category","embeddable":true,"href":"https:\/\/dpress.ma\/fr\/wp-json\/wp\/v2\/categories?post=13773"},{"taxonomy":"post_tag","embeddable":true,"href":"https:\/\/dpress.ma\/fr\/wp-json\/wp\/v2\/tags?post=13773"}],"curies":[{"name":"wp","href":"https:\/\/api.w.org\/{rel}","templated":true}]}}