{"id":13770,"date":"2025-04-09T09:05:36","date_gmt":"2025-04-09T09:05:36","guid":{"rendered":"https:\/\/dpress.ma\/fr\/?p=13770"},"modified":"2025-04-09T09:05:38","modified_gmt":"2025-04-09T09:05:38","slug":"inauguration-des-nouveaux-locaux-du-consulat-general-de-france-et-de-linstitut-francais","status":"publish","type":"post","link":"https:\/\/dpress.ma\/fr\/2025\/04\/09\/inauguration-des-nouveaux-locaux-du-consulat-general-de-france-et-de-linstitut-francais\/","title":{"rendered":"Inauguration des nouveaux locaux du Consulat g\u00e9n\u00e9ral de France et de l\u2019Institut Fran\u00e7ais"},"content":{"rendered":"\n<p>dpress<\/p>\n\n\n\n<p>Le si\u00e8ge r\u00e9nov\u00e9 du Consulat g\u00e9n\u00e9ral de France \u00e0 F\u00e8s et le nouveau b\u00e2timent de l\u2019institut fran\u00e7ais ont \u00e9t\u00e9 inaugur\u00e9s, hier.<\/p>\n\n\n\n<p>S\u2019exprimant lors de cette c\u00e9r\u00e9monie, l\u2019ambassadeur de France au Maroc, M. Christophe Lecourtier, a soulign\u00e9 l\u2019orientation de la France vers des actions tangibles dans sa relation avec le Royaume.<\/p>\n\n\n\n<p>\u201dA travers le Livre que Sa Majest\u00e9 le Roi Mohammed VI nous a appel\u00e9 \u00e0 \u00e9crire, nous voulons que chaque ligne r\u00e9sonne concr\u00e8tement et s\u2019inscrive dans une r\u00e9alit\u00e9 et pas simplement dans des mots\u201d, a-t-il pr\u00e9cis\u00e9, soulignant que ce site r\u00e9nov\u00e9 est une r\u00e9alit\u00e9 tangible et solide.<\/p>\n\n\n\n<p>S\u2019agissant de la r\u00e9novation du b\u00e2timent historique du consulat g\u00e9n\u00e9ral \u00e0 F\u00e8s, M. Lecourtier a relev\u00e9 que cette infrastructure \u201cva s\u2019inscrire durablement dans le paysage urbain et dans l\u2019histoire de la ville de F\u00e8s\u201d.<\/p>\n\n\n\n<p>Il a qualifi\u00e9 le projet de \u201cchoix strat\u00e9gique\u201d visant \u00e0 \u201crenforcer la pr\u00e9sence de la France \u00e0 F\u00e8s dans toutes ses dimensions administratives, culturelles, \u00e9ducatives et humaines\u201d.<\/p>\n\n\n\n<p>Le diplomate a pr\u00e9cis\u00e9 que le site am\u00e9liorera l\u2019accueil des ressortissants fran\u00e7ais tout en symbolisant l\u2019investissement de la France dans le d\u00e9veloppement concret d\u2019une relation de coop\u00e9ration avec le Maroc.<\/p>\n\n\n\n<p>Le projet de r\u00e9novation, qui a dur\u00e9 deux ans, refl\u00e8te, selon Lecourtier, \u201cla place que la ville occupe dans la diplomatie\u201d et le \u201cdynamisme des relation avec le Royaume du Maroc\u201d.<\/p>\n\n\n\n<p>Il a rappel\u00e9 que la France est le seul pays \u00e0 maintenir un consulat de plein exercice \u00e0 F\u00e8s, signe d\u2019une volont\u00e9 d\u2019\u00eatre pr\u00e9sent aupr\u00e8s de ses ressortissants et de renforcer les liens avec une ville au riche patrimoine historique et intellectuel, soulignant que la nouveau site a \u00e9t\u00e9 restructur\u00e9 selon des normes actuelles, en tenant compte de l\u2019identit\u00e9 de F\u00e8s.<\/p>\n\n\n\n<p>Dans une d\u00e9claration \u00e0 la MAP, la directrice g\u00e9n\u00e9rale de l\u2019Institut Fran\u00e7ais du Maroc, Agn\u00e8s Humruzian, a soulign\u00e9 que le regroupement des services consulaires et culturels vise \u00e0 cr\u00e9er un espace fonctionnel pour les citoyens fran\u00e7ais n\u00e9cessitant des services administratifs et pour le public marocain int\u00e9ress\u00e9 par les activit\u00e9s culturelles et \u00e9ducatives.<\/p>\n\n\n\n<p>\u201cLe b\u00e2timent abrite les services consulaires, une m\u00e9diath\u00e8que g\u00e9r\u00e9e par l\u2019Institut fran\u00e7ais et un centre de langues\u201d, a-t-elle pr\u00e9cis\u00e9, soulignant qu\u2019il est pr\u00e9vu qu\u2019il accueille \u00e0 terme les \u00e9quipes de Campus France, qui orientent les \u00e9tudiants marocains vers des \u00e9tudes en France.<\/p>\n\n\n\n<p>Parall\u00e8lement, l\u2019Institut Fran\u00e7ais de F\u00e8s maintiendra ses activit\u00e9s \u201chors-les-murs\u201d en collaboration avec ses partenaires locaux \u00e9ducatifs, culturels et associatifs.<\/p>\n\n\n\n<p>De son c\u00f4t\u00e9, la consule g\u00e9n\u00e9rale de France \u00e0 F\u00e8s, Carine Foeller Viallon a soulign\u00e9 que cette inauguration marque \u201cune nouvelle page\u201d pour la pr\u00e9sence fran\u00e7aise dans la ville.<\/p>\n\n\n\n<p>Elle a d\u00e9crit ce nouveau site comme \u201cune promesse\u201d, celle d\u2019une pr\u00e9sence \u00e0 la fois \u201cinstitutionnelle\u201d, au service des ressortissants fran\u00e7ais, et \u201chumaine\u201d, visant \u00e0 \u201cfaire vivre le dialogue entre les cultures fran\u00e7aise et marocaine\u201d.<\/p>\n\n\n\n<p>Mme Foeller Viallon a insist\u00e9 sur le \u201csens tr\u00e8s profond\u201d que cette dimension culturelle conf\u00e8re \u00e0 la mission du Consulat et de l\u2019Institut, au-del\u00e0 de ses fonctions administratives.<\/p>\n\n\n\n<p>Les responsables du consulat de France \u00e0 F\u00e8s estiment que cette inauguration marquera une \u00e9tape importante dans le renforcement des liens entre la France et le Maroc, dans une dynamique r\u00e9gionale, et ouvre la voie \u00e0 de nombreuses initiatives \u00e0 venir \u00e0&nbsp;l\u2019image de l\u2019\u00e9v\u00e9nement d\u00e9di\u00e9 \u00e0 l\u2019art traditionnel Al Halqa organis\u00e9 prochainement dans le jardin attenant \u00e0 l\u2019Institut. Cette initiative associe une vingtaine de classes dont les \u00e9l\u00e8ves ont men\u00e9 un travail dans le cadre d\u2019un projet \u00e9cologique intitul\u00e9 \u201cREGARDENOUS\u201d.<\/p>\n\n\n\n<p>La c\u00e9r\u00e9monie d\u2019inauguration s\u2019est d\u00e9roul\u00e9e \u00e9galement en pr\u00e9sence du Wali de la r\u00e9gion F\u00e8s-Mekn\u00e8s, gouverneur de la pr\u00e9fecture de F\u00e8s, M. Mouaad Jamai, du pr\u00e9sident du conseil de la r\u00e9gion F\u00e8s-Mekn\u00e8s, Abdelouahed El Ansari, du pr\u00e9sident du conseil Communal de F\u00e8s, Abdeslam Bekkali et de repr\u00e9sentants de la communaut\u00e9 fran\u00e7aise.<\/p>\n","protected":false},"excerpt":{"rendered":"<p>dpress Le si\u00e8ge r\u00e9nov\u00e9 du Consulat g\u00e9n\u00e9ral de France \u00e0 F\u00e8s et le nouveau b\u00e2timent de l\u2019institut fran\u00e7ais ont \u00e9t\u00e9 inaugur\u00e9s, hier. S\u2019exprimant lors de cette c\u00e9r\u00e9monie, l\u2019ambassadeur de France au Maroc, M. Christophe Lecourtier, a soulign\u00e9 l\u2019orientation de la France vers des actions tangibles dans sa relation avec le Royaume. \u201dA travers le Livre &hellip;<\/p>\n","protected":false},"author":2,"featured_media":13771,"comment_status":"open","ping_status":"open","sticky":false,"template":"","format":"standard","meta":{"footnotes":""},"categories":[40],"tags":[],"class_list":["post-13770","post","type-post","status-publish","format-standard","has-post-thumbnail","hentry","category-societe-et-regions"],"yoast_head":"<!-- This site is optimized with the Yoast SEO plugin v27.4 - https:\/\/yoast.com\/product\/yoast-seo-wordpress\/ -->\n<title>Inauguration des nouveaux locaux du Consulat g\u00e9n\u00e9ral de France et de l\u2019Institut Fran\u00e7ais - Dpress.ma\/fr<\/title>\n<meta name=\"robots\" content=\"index, follow, max-snippet:-1, max-image-preview:large, max-video-preview:-1\" \/>\n<link rel=\"canonical\" href=\"https:\/\/dpress.ma\/fr\/2025\/04\/09\/inauguration-des-nouveaux-locaux-du-consulat-general-de-france-et-de-linstitut-francais\/\" \/>\n<meta property=\"og:locale\" content=\"fr_FR\" \/>\n<meta property=\"og:type\" content=\"article\" \/>\n<meta property=\"og:title\" content=\"Inauguration des nouveaux locaux du Consulat g\u00e9n\u00e9ral de France et de l\u2019Institut Fran\u00e7ais - Dpress.ma\/fr\" \/>\n<meta property=\"og:description\" content=\"dpress Le si\u00e8ge r\u00e9nov\u00e9 du Consulat g\u00e9n\u00e9ral de France \u00e0 F\u00e8s et le nouveau b\u00e2timent de l\u2019institut fran\u00e7ais ont \u00e9t\u00e9 inaugur\u00e9s, hier. S\u2019exprimant lors de cette c\u00e9r\u00e9monie, l\u2019ambassadeur de France au Maroc, M. Christophe Lecourtier, a soulign\u00e9 l\u2019orientation de la France vers des actions tangibles dans sa relation avec le Royaume. \u201dA travers le Livre &hellip;\" \/>\n<meta property=\"og:url\" content=\"https:\/\/dpress.ma\/fr\/2025\/04\/09\/inauguration-des-nouveaux-locaux-du-consulat-general-de-france-et-de-linstitut-francais\/\" \/>\n<meta property=\"og:site_name\" content=\"Dpress.ma\/fr\" \/>\n<meta property=\"article:published_time\" content=\"2025-04-09T09:05:36+00:00\" \/>\n<meta property=\"article:modified_time\" content=\"2025-04-09T09:05:38+00:00\" \/>\n<meta property=\"og:image\" content=\"https:\/\/dpress.ma\/fr\/wp-content\/uploads\/sites\/2\/2025\/04\/dimensions2-41.jpg\" \/>\n\t<meta property=\"og:image:width\" content=\"2539\" \/>\n\t<meta property=\"og:image:height\" content=\"1594\" \/>\n\t<meta property=\"og:image:type\" content=\"image\/jpeg\" \/>\n<meta name=\"author\" content=\"Dpress.ma\" \/>\n<meta name=\"twitter:card\" content=\"summary_large_image\" \/>\n<meta name=\"twitter:label1\" content=\"\u00c9crit par\" \/>\n\t<meta name=\"twitter:data1\" content=\"Dpress.ma\" \/>\n\t<meta name=\"twitter:label2\" content=\"Dur\u00e9e de lecture estim\u00e9e\" \/>\n\t<meta name=\"twitter:data2\" content=\"4 minutes\" \/>\n<script type=\"application\/ld+json\" class=\"yoast-schema-graph\">{\"@context\":\"https:\\\/\\\/schema.org\",\"@graph\":[{\"@type\":\"Article\",\"@id\":\"https:\\\/\\\/dpress.ma\\\/fr\\\/2025\\\/04\\\/09\\\/inauguration-des-nouveaux-locaux-du-consulat-general-de-france-et-de-linstitut-francais\\\/#article\",\"isPartOf\":{\"@id\":\"https:\\\/\\\/dpress.ma\\\/fr\\\/2025\\\/04\\\/09\\\/inauguration-des-nouveaux-locaux-du-consulat-general-de-france-et-de-linstitut-francais\\\/\"},\"author\":{\"name\":\"Dpress.ma\",\"@id\":\"https:\\\/\\\/dpress.ma\\\/fr\\\/#\\\/schema\\\/person\\\/4898febf3ccd59e6578d838656a306a0\"},\"headline\":\"Inauguration des nouveaux locaux du Consulat g\u00e9n\u00e9ral de France et de l\u2019Institut Fran\u00e7ais\",\"datePublished\":\"2025-04-09T09:05:36+00:00\",\"dateModified\":\"2025-04-09T09:05:38+00:00\",\"mainEntityOfPage\":{\"@id\":\"https:\\\/\\\/dpress.ma\\\/fr\\\/2025\\\/04\\\/09\\\/inauguration-des-nouveaux-locaux-du-consulat-general-de-france-et-de-linstitut-francais\\\/\"},\"wordCount\":736,\"commentCount\":0,\"image\":{\"@id\":\"https:\\\/\\\/dpress.ma\\\/fr\\\/2025\\\/04\\\/09\\\/inauguration-des-nouveaux-locaux-du-consulat-general-de-france-et-de-linstitut-francais\\\/#primaryimage\"},\"thumbnailUrl\":\"https:\\\/\\\/dpress.ma\\\/fr\\\/wp-content\\\/uploads\\\/sites\\\/2\\\/2025\\\/04\\\/dimensions2-41.jpg\",\"articleSection\":[\"societe et regions\"],\"inLanguage\":\"fr-FR\",\"potentialAction\":[{\"@type\":\"CommentAction\",\"name\":\"Comment\",\"target\":[\"https:\\\/\\\/dpress.ma\\\/fr\\\/2025\\\/04\\\/09\\\/inauguration-des-nouveaux-locaux-du-consulat-general-de-france-et-de-linstitut-francais\\\/#respond\"]}]},{\"@type\":\"WebPage\",\"@id\":\"https:\\\/\\\/dpress.ma\\\/fr\\\/2025\\\/04\\\/09\\\/inauguration-des-nouveaux-locaux-du-consulat-general-de-france-et-de-linstitut-francais\\\/\",\"url\":\"https:\\\/\\\/dpress.ma\\\/fr\\\/2025\\\/04\\\/09\\\/inauguration-des-nouveaux-locaux-du-consulat-general-de-france-et-de-linstitut-francais\\\/\",\"name\":\"Inauguration des nouveaux locaux du Consulat g\u00e9n\u00e9ral de France et de l\u2019Institut Fran\u00e7ais - Dpress.ma\\\/fr\",\"isPartOf\":{\"@id\":\"https:\\\/\\\/dpress.ma\\\/fr\\\/#website\"},\"primaryImageOfPage\":{\"@id\":\"https:\\\/\\\/dpress.ma\\\/fr\\\/2025\\\/04\\\/09\\\/inauguration-des-nouveaux-locaux-du-consulat-general-de-france-et-de-linstitut-francais\\\/#primaryimage\"},\"image\":{\"@id\":\"https:\\\/\\\/dpress.ma\\\/fr\\\/2025\\\/04\\\/09\\\/inauguration-des-nouveaux-locaux-du-consulat-general-de-france-et-de-linstitut-francais\\\/#primaryimage\"},\"thumbnailUrl\":\"https:\\\/\\\/dpress.ma\\\/fr\\\/wp-content\\\/uploads\\\/sites\\\/2\\\/2025\\\/04\\\/dimensions2-41.jpg\",\"datePublished\":\"2025-04-09T09:05:36+00:00\",\"dateModified\":\"2025-04-09T09:05:38+00:00\",\"author\":{\"@id\":\"https:\\\/\\\/dpress.ma\\\/fr\\\/#\\\/schema\\\/person\\\/4898febf3ccd59e6578d838656a306a0\"},\"breadcrumb\":{\"@id\":\"https:\\\/\\\/dpress.ma\\\/fr\\\/2025\\\/04\\\/09\\\/inauguration-des-nouveaux-locaux-du-consulat-general-de-france-et-de-linstitut-francais\\\/#breadcrumb\"},\"inLanguage\":\"fr-FR\",\"potentialAction\":[{\"@type\":\"ReadAction\",\"target\":[\"https:\\\/\\\/dpress.ma\\\/fr\\\/2025\\\/04\\\/09\\\/inauguration-des-nouveaux-locaux-du-consulat-general-de-france-et-de-linstitut-francais\\\/\"]}]},{\"@type\":\"ImageObject\",\"inLanguage\":\"fr-FR\",\"@id\":\"https:\\\/\\\/dpress.ma\\\/fr\\\/2025\\\/04\\\/09\\\/inauguration-des-nouveaux-locaux-du-consulat-general-de-france-et-de-linstitut-francais\\\/#primaryimage\",\"url\":\"https:\\\/\\\/dpress.ma\\\/fr\\\/wp-content\\\/uploads\\\/sites\\\/2\\\/2025\\\/04\\\/dimensions2-41.jpg\",\"contentUrl\":\"https:\\\/\\\/dpress.ma\\\/fr\\\/wp-content\\\/uploads\\\/sites\\\/2\\\/2025\\\/04\\\/dimensions2-41.jpg\",\"width\":2539,\"height\":1594},{\"@type\":\"BreadcrumbList\",\"@id\":\"https:\\\/\\\/dpress.ma\\\/fr\\\/2025\\\/04\\\/09\\\/inauguration-des-nouveaux-locaux-du-consulat-general-de-france-et-de-linstitut-francais\\\/#breadcrumb\",\"itemListElement\":[{\"@type\":\"ListItem\",\"position\":1,\"name\":\"Home\",\"item\":\"https:\\\/\\\/dpress.ma\\\/fr\\\/\"},{\"@type\":\"ListItem\",\"position\":2,\"name\":\"Inauguration des nouveaux locaux du Consulat g\u00e9n\u00e9ral de France et de l\u2019Institut Fran\u00e7ais\"}]},{\"@type\":\"WebSite\",\"@id\":\"https:\\\/\\\/dpress.ma\\\/fr\\\/#website\",\"url\":\"https:\\\/\\\/dpress.ma\\\/fr\\\/\",\"name\":\"Dpress.ma\\\/fr\",\"description\":\"\",\"potentialAction\":[{\"@type\":\"SearchAction\",\"target\":{\"@type\":\"EntryPoint\",\"urlTemplate\":\"https:\\\/\\\/dpress.ma\\\/fr\\\/?s={search_term_string}\"},\"query-input\":{\"@type\":\"PropertyValueSpecification\",\"valueRequired\":true,\"valueName\":\"search_term_string\"}}],\"inLanguage\":\"fr-FR\"},{\"@type\":\"Person\",\"@id\":\"https:\\\/\\\/dpress.ma\\\/fr\\\/#\\\/schema\\\/person\\\/4898febf3ccd59e6578d838656a306a0\",\"name\":\"Dpress.ma\",\"image\":{\"@type\":\"ImageObject\",\"inLanguage\":\"fr-FR\",\"@id\":\"https:\\\/\\\/secure.gravatar.com\\\/avatar\\\/72ecc30e9db047a2e0e7176561eb9d564ed77c8108376495b19bd8336405198a?s=96&d=mm&r=g\",\"url\":\"https:\\\/\\\/secure.gravatar.com\\\/avatar\\\/72ecc30e9db047a2e0e7176561eb9d564ed77c8108376495b19bd8336405198a?s=96&d=mm&r=g\",\"contentUrl\":\"https:\\\/\\\/secure.gravatar.com\\\/avatar\\\/72ecc30e9db047a2e0e7176561eb9d564ed77c8108376495b19bd8336405198a?s=96&d=mm&r=g\",\"caption\":\"Dpress.ma\"},\"sameAs\":[\"https:\\\/\\\/www.dpress.ma\"],\"url\":\"https:\\\/\\\/dpress.ma\\\/fr\\\/author\\\/dpress-ma\\\/\"}]}<\/script>\n<!-- \/ Yoast SEO plugin. -->","yoast_head_json":{"title":"Inauguration des nouveaux locaux du Consulat g\u00e9n\u00e9ral de France et de l\u2019Institut Fran\u00e7ais - Dpress.ma\/fr","robots":{"index":"index","follow":"follow","max-snippet":"max-snippet:-1","max-image-preview":"max-image-preview:large","max-video-preview":"max-video-preview:-1"},"canonical":"https:\/\/dpress.ma\/fr\/2025\/04\/09\/inauguration-des-nouveaux-locaux-du-consulat-general-de-france-et-de-linstitut-francais\/","og_locale":"fr_FR","og_type":"article","og_title":"Inauguration des nouveaux locaux du Consulat g\u00e9n\u00e9ral de France et de l\u2019Institut Fran\u00e7ais - Dpress.ma\/fr","og_description":"dpress Le si\u00e8ge r\u00e9nov\u00e9 du Consulat g\u00e9n\u00e9ral de France \u00e0 F\u00e8s et le nouveau b\u00e2timent de l\u2019institut fran\u00e7ais ont \u00e9t\u00e9 inaugur\u00e9s, hier. S\u2019exprimant lors de cette c\u00e9r\u00e9monie, l\u2019ambassadeur de France au Maroc, M. Christophe Lecourtier, a soulign\u00e9 l\u2019orientation de la France vers des actions tangibles dans sa relation avec le Royaume. \u201dA travers le Livre &hellip;","og_url":"https:\/\/dpress.ma\/fr\/2025\/04\/09\/inauguration-des-nouveaux-locaux-du-consulat-general-de-france-et-de-linstitut-francais\/","og_site_name":"Dpress.ma\/fr","article_published_time":"2025-04-09T09:05:36+00:00","article_modified_time":"2025-04-09T09:05:38+00:00","og_image":[{"width":2539,"height":1594,"url":"https:\/\/dpress.ma\/fr\/wp-content\/uploads\/sites\/2\/2025\/04\/dimensions2-41.jpg","type":"image\/jpeg"}],"author":"Dpress.ma","twitter_card":"summary_large_image","twitter_misc":{"\u00c9crit par":"Dpress.ma","Dur\u00e9e de lecture estim\u00e9e":"4 minutes"},"schema":{"@context":"https:\/\/schema.org","@graph":[{"@type":"Article","@id":"https:\/\/dpress.ma\/fr\/2025\/04\/09\/inauguration-des-nouveaux-locaux-du-consulat-general-de-france-et-de-linstitut-francais\/#article","isPartOf":{"@id":"https:\/\/dpress.ma\/fr\/2025\/04\/09\/inauguration-des-nouveaux-locaux-du-consulat-general-de-france-et-de-linstitut-francais\/"},"author":{"name":"Dpress.ma","@id":"https:\/\/dpress.ma\/fr\/#\/schema\/person\/4898febf3ccd59e6578d838656a306a0"},"headline":"Inauguration des nouveaux locaux du Consulat g\u00e9n\u00e9ral de France et de l\u2019Institut Fran\u00e7ais","datePublished":"2025-04-09T09:05:36+00:00","dateModified":"2025-04-09T09:05:38+00:00","mainEntityOfPage":{"@id":"https:\/\/dpress.ma\/fr\/2025\/04\/09\/inauguration-des-nouveaux-locaux-du-consulat-general-de-france-et-de-linstitut-francais\/"},"wordCount":736,"commentCount":0,"image":{"@id":"https:\/\/dpress.ma\/fr\/2025\/04\/09\/inauguration-des-nouveaux-locaux-du-consulat-general-de-france-et-de-linstitut-francais\/#primaryimage"},"thumbnailUrl":"https:\/\/dpress.ma\/fr\/wp-content\/uploads\/sites\/2\/2025\/04\/dimensions2-41.jpg","articleSection":["societe et regions"],"inLanguage":"fr-FR","potentialAction":[{"@type":"CommentAction","name":"Comment","target":["https:\/\/dpress.ma\/fr\/2025\/04\/09\/inauguration-des-nouveaux-locaux-du-consulat-general-de-france-et-de-linstitut-francais\/#respond"]}]},{"@type":"WebPage","@id":"https:\/\/dpress.ma\/fr\/2025\/04\/09\/inauguration-des-nouveaux-locaux-du-consulat-general-de-france-et-de-linstitut-francais\/","url":"https:\/\/dpress.ma\/fr\/2025\/04\/09\/inauguration-des-nouveaux-locaux-du-consulat-general-de-france-et-de-linstitut-francais\/","name":"Inauguration des nouveaux locaux du Consulat g\u00e9n\u00e9ral de France et de l\u2019Institut Fran\u00e7ais - Dpress.ma\/fr","isPartOf":{"@id":"https:\/\/dpress.ma\/fr\/#website"},"primaryImageOfPage":{"@id":"https:\/\/dpress.ma\/fr\/2025\/04\/09\/inauguration-des-nouveaux-locaux-du-consulat-general-de-france-et-de-linstitut-francais\/#primaryimage"},"image":{"@id":"https:\/\/dpress.ma\/fr\/2025\/04\/09\/inauguration-des-nouveaux-locaux-du-consulat-general-de-france-et-de-linstitut-francais\/#primaryimage"},"thumbnailUrl":"https:\/\/dpress.ma\/fr\/wp-content\/uploads\/sites\/2\/2025\/04\/dimensions2-41.jpg","datePublished":"2025-04-09T09:05:36+00:00","dateModified":"2025-04-09T09:05:38+00:00","author":{"@id":"https:\/\/dpress.ma\/fr\/#\/schema\/person\/4898febf3ccd59e6578d838656a306a0"},"breadcrumb":{"@id":"https:\/\/dpress.ma\/fr\/2025\/04\/09\/inauguration-des-nouveaux-locaux-du-consulat-general-de-france-et-de-linstitut-francais\/#breadcrumb"},"inLanguage":"fr-FR","potentialAction":[{"@type":"ReadAction","target":["https:\/\/dpress.ma\/fr\/2025\/04\/09\/inauguration-des-nouveaux-locaux-du-consulat-general-de-france-et-de-linstitut-francais\/"]}]},{"@type":"ImageObject","inLanguage":"fr-FR","@id":"https:\/\/dpress.ma\/fr\/2025\/04\/09\/inauguration-des-nouveaux-locaux-du-consulat-general-de-france-et-de-linstitut-francais\/#primaryimage","url":"https:\/\/dpress.ma\/fr\/wp-content\/uploads\/sites\/2\/2025\/04\/dimensions2-41.jpg","contentUrl":"https:\/\/dpress.ma\/fr\/wp-content\/uploads\/sites\/2\/2025\/04\/dimensions2-41.jpg","width":2539,"height":1594},{"@type":"BreadcrumbList","@id":"https:\/\/dpress.ma\/fr\/2025\/04\/09\/inauguration-des-nouveaux-locaux-du-consulat-general-de-france-et-de-linstitut-francais\/#breadcrumb","itemListElement":[{"@type":"ListItem","position":1,"name":"Home","item":"https:\/\/dpress.ma\/fr\/"},{"@type":"ListItem","position":2,"name":"Inauguration des nouveaux locaux du Consulat g\u00e9n\u00e9ral de France et de l\u2019Institut Fran\u00e7ais"}]},{"@type":"WebSite","@id":"https:\/\/dpress.ma\/fr\/#website","url":"https:\/\/dpress.ma\/fr\/","name":"Dpress.ma\/fr","description":"","potentialAction":[{"@type":"SearchAction","target":{"@type":"EntryPoint","urlTemplate":"https:\/\/dpress.ma\/fr\/?s={search_term_string}"},"query-input":{"@type":"PropertyValueSpecification","valueRequired":true,"valueName":"search_term_string"}}],"inLanguage":"fr-FR"},{"@type":"Person","@id":"https:\/\/dpress.ma\/fr\/#\/schema\/person\/4898febf3ccd59e6578d838656a306a0","name":"Dpress.ma","image":{"@type":"ImageObject","inLanguage":"fr-FR","@id":"https:\/\/secure.gravatar.com\/avatar\/72ecc30e9db047a2e0e7176561eb9d564ed77c8108376495b19bd8336405198a?s=96&d=mm&r=g","url":"https:\/\/secure.gravatar.com\/avatar\/72ecc30e9db047a2e0e7176561eb9d564ed77c8108376495b19bd8336405198a?s=96&d=mm&r=g","contentUrl":"https:\/\/secure.gravatar.com\/avatar\/72ecc30e9db047a2e0e7176561eb9d564ed77c8108376495b19bd8336405198a?s=96&d=mm&r=g","caption":"Dpress.ma"},"sameAs":["https:\/\/www.dpress.ma"],"url":"https:\/\/dpress.ma\/fr\/author\/dpress-ma\/"}]}},"amp_enabled":true,"_links":{"self":[{"href":"https:\/\/dpress.ma\/fr\/wp-json\/wp\/v2\/posts\/13770","targetHints":{"allow":["GET"]}}],"collection":[{"href":"https:\/\/dpress.ma\/fr\/wp-json\/wp\/v2\/posts"}],"about":[{"href":"https:\/\/dpress.ma\/fr\/wp-json\/wp\/v2\/types\/post"}],"author":[{"embeddable":true,"href":"https:\/\/dpress.ma\/fr\/wp-json\/wp\/v2\/users\/2"}],"replies":[{"embeddable":true,"href":"https:\/\/dpress.ma\/fr\/wp-json\/wp\/v2\/comments?post=13770"}],"version-history":[{"count":1,"href":"https:\/\/dpress.ma\/fr\/wp-json\/wp\/v2\/posts\/13770\/revisions"}],"predecessor-version":[{"id":13772,"href":"https:\/\/dpress.ma\/fr\/wp-json\/wp\/v2\/posts\/13770\/revisions\/13772"}],"wp:featuredmedia":[{"embeddable":true,"href":"https:\/\/dpress.ma\/fr\/wp-json\/wp\/v2\/media\/13771"}],"wp:attachment":[{"href":"https:\/\/dpress.ma\/fr\/wp-json\/wp\/v2\/media?parent=13770"}],"wp:term":[{"taxonomy":"category","embeddable":true,"href":"https:\/\/dpress.ma\/fr\/wp-json\/wp\/v2\/categories?post=13770"},{"taxonomy":"post_tag","embeddable":true,"href":"https:\/\/dpress.ma\/fr\/wp-json\/wp\/v2\/tags?post=13770"}],"curies":[{"name":"wp","href":"https:\/\/api.w.org\/{rel}","templated":true}]}}