{"id":13767,"date":"2025-04-09T08:53:33","date_gmt":"2025-04-09T08:53:33","guid":{"rendered":"https:\/\/dpress.ma\/fr\/?p=13767"},"modified":"2025-04-09T08:53:34","modified_gmt":"2025-04-09T08:53:34","slug":"coup-denvoi-des-rencontres-erasmus-entre-leurope-centrale-et-le-maroc","status":"publish","type":"post","link":"https:\/\/dpress.ma\/fr\/2025\/04\/09\/coup-denvoi-des-rencontres-erasmus-entre-leurope-centrale-et-le-maroc\/","title":{"rendered":"Coup d\u2019envoi des rencontres Erasmus+ entre l\u2019Europe centrale et le Maroc"},"content":{"rendered":"\n<p>dpress<\/p>\n\n\n\n<p>Les rencontres internationales autour du programme Erasmus+ entre l\u2019Europe centrale et le Maroc ont d\u00e9marr\u00e9, hier \u00e0 l\u2019Universit\u00e9 Mohammed VI Polytechnique (UM6P) de Bengu\u00e9rir, en pr\u00e9sence de personnalit\u00e9s du monde acad\u00e9mique, ainsi que de repr\u00e9sentants du programme Erasmus+ en Europe et au Royaume.<\/p>\n\n\n\n<p>Organis\u00e9 \u00e0 l\u2019initiative des agences nationales du programme Erasmus+ en Autriche, en R\u00e9publique tch\u00e8que et en Hongrie, en partenariat avec le bureau Erasmus+ Maroc et le minist\u00e8re de l\u2019Enseignement sup\u00e9rieur, de la Recherche scientifique et de l\u2019Innovation, cet \u00e9v\u00e8nement qui se poursuit jusqu\u2019au 10 avril, vise \u00e0 explorer les perspectives de coop\u00e9ration acad\u00e9mique, \u00e0 \u00e9changer les bonnes pratiques et \u00e0 lancer de nouveaux partenariats dans le cadre du programme Erasmus+ dans plusieurs domaines prioritaires communs, tels que le changement climatique, la transition num\u00e9rique, l\u2019\u00e9conomie verte et l\u2019entrepreneuriat social.<\/p>\n\n\n\n<p>Dans une d\u00e9claration \u00e0 la MAP \u00e0 cette occasion, l\u2019ambassadeur de la Hongrie au Maroc, Miklos Tromler, a salu\u00e9 l\u2019exemplarit\u00e9 de la coop\u00e9ration scientifique entre la Hongrie et le Royaume, soulignant l\u2019importance du travail avec la jeunesse \u00e0 travers de nombreux projets de recherche, de d\u00e9veloppement et d\u2019innovation.<\/p>\n\n\n\n<p>\u201cPlusieurs partenariats ont \u00e9t\u00e9 \u00e9tablis entre les universit\u00e9s hongroises et marocaines, non seulement dans le cadre de la mobilit\u00e9 des \u00e9tudiants et des professeurs, mais aussi dans des initiatives communes en mati\u00e8re de recherche et d\u00e9veloppement\u201d, a-t-il fait savoir, faisant part de la volont\u00e9 de la Hongrie de b\u00e9n\u00e9ficier de l\u2019exp\u00e9rience et du savoir-faire marocains pour renforcer davantage cette coop\u00e9ration dans les ann\u00e9es \u00e0 venir.<\/p>\n\n\n\n<p>Pour sa part, le directeur de l\u2019Agence nationale pour l\u2019\u00e9ducation internationale et la recherche en R\u00e9publique tch\u00e8que, Michal Uhl,&nbsp;a mis en exergue le r\u00f4le strat\u00e9gique du Maroc en tant que carrefour majeur entre l\u2019Europe et l\u2019Afrique, soulignant que sa position de porte d\u2019entr\u00e9e vers le continent africain est non seulement pleinement reconnue, mais \u00e9galement hautement appr\u00e9ci\u00e9e par la communaut\u00e9 internationale.<\/p>\n\n\n\n<p>\u201cCette position g\u00e9ographique privil\u00e9gi\u00e9e fait du Royaume un partenaire unique pour les universit\u00e9s d\u2019Europe centrale, offrant de nombreuses opportunit\u00e9s de collaboration\u201d, a-t-il fait valoir, notant que ces rencontres seront&nbsp;l\u2019occasion de partager des exp\u00e9riences, consolider les partenariats existants et en cr\u00e9er de nouveaux, l\u2019objectif \u00e9tant de d\u00e9velopper les \u00e9changes entre les universit\u00e9s europ\u00e9ennes et marocaines, tant pour les \u00e9tudiants que pour les enseignants-chercheurs.<\/p>\n\n\n\n<p>De son c\u00f4t\u00e9, la coordinatrice nationale du bureau Erasmus+ au Maroc, Latifa Daadaoui, a affirm\u00e9 que ce rendez-vous acad\u00e9mique vise \u00e0 intensifier les relations de coop\u00e9ration dans l\u2019enseignement sup\u00e9rieur et la recherche \u00e0 travers le programme Erasmus+, pr\u00e9cisant qu\u2019il s\u2019agit en outre d\u2019une occasion de cr\u00e9er des ponts qui permettront aux \u00e9tudiants de renforcer leurs capacit\u00e9s gr\u00e2ce aux mobilit\u00e9s internationales.<\/p>\n\n\n\n<p>Cet \u00e9v\u00e8nement, qui r\u00e9unit environ 100 responsables des relations internationales et enseignants-chercheurs issus d\u2019universit\u00e9s marocaines et europ\u00e9ennes, se veut une plateforme privil\u00e9gi\u00e9e pour favoriser la coop\u00e9ration scientifique et acad\u00e9mique, \u00e9largir les r\u00e9seaux de partenariat et d\u00e9velopper des projets strat\u00e9giques durables dans les domaines de l\u2019enseignement sup\u00e9rieur, de la recherche et de l\u2019innovation.<\/p>\n\n\n\n<p>Il s\u2019agit \u00e9galement d\u2019une \u00e9tape cl\u00e9 pour consolider la position du Maroc en tant qu\u2019acteur central dans l\u2019espace universitaire euro-m\u00e9diterran\u00e9en, et d\u2019une opportunit\u00e9 prometteuse pour les \u00e9tudiants et chercheurs de divers horizons.<\/p>\n\n\n\n<p>Le programme de ces rencontrent s\u2019annonce riche et vari\u00e9, avec \u00e0 la cl\u00e9 des sessions de travail consacr\u00e9es \u00e0 la pr\u00e9sentation des opportunit\u00e9s offertes par le programme Erasmus+ 2021-2027, \u00e0 la conception de nouveaux projets de coop\u00e9ration et au renforcement des capacit\u00e9s des acteurs de l\u2019enseignement sup\u00e9rieur, en plus d\u2019une s\u00e9rie d\u2019activit\u00e9s sociales et culturelles destin\u00e9es \u00e0&nbsp;favoriser les \u00e9changes entre les participants, discuter des accords de coop\u00e9ration existants et faire \u00e9merger de nouvelles id\u00e9es de partenariats entre \u00e9tablissements marocains et europ\u00e9ens.<\/p>\n","protected":false},"excerpt":{"rendered":"<p>dpress Les rencontres internationales autour du programme Erasmus+ entre l\u2019Europe centrale et le Maroc ont d\u00e9marr\u00e9, hier \u00e0 l\u2019Universit\u00e9 Mohammed VI Polytechnique (UM6P) de Bengu\u00e9rir, en pr\u00e9sence de personnalit\u00e9s du monde acad\u00e9mique, ainsi que de repr\u00e9sentants du programme Erasmus+ en Europe et au Royaume. Organis\u00e9 \u00e0 l\u2019initiative des agences nationales du programme Erasmus+ en Autriche, &hellip;<\/p>\n","protected":false},"author":2,"featured_media":13768,"comment_status":"open","ping_status":"open","sticky":false,"template":"","format":"standard","meta":{"footnotes":""},"categories":[40],"tags":[],"class_list":["post-13767","post","type-post","status-publish","format-standard","has-post-thumbnail","hentry","category-societe-et-regions"],"yoast_head":"<!-- This site is optimized with the Yoast SEO plugin v27.4 - https:\/\/yoast.com\/product\/yoast-seo-wordpress\/ -->\n<title>Coup d\u2019envoi des rencontres Erasmus+ entre l\u2019Europe centrale et le Maroc - Dpress.ma\/fr<\/title>\n<meta name=\"robots\" content=\"index, follow, max-snippet:-1, max-image-preview:large, max-video-preview:-1\" \/>\n<link rel=\"canonical\" href=\"https:\/\/dpress.ma\/fr\/2025\/04\/09\/coup-denvoi-des-rencontres-erasmus-entre-leurope-centrale-et-le-maroc\/\" \/>\n<meta property=\"og:locale\" content=\"fr_FR\" \/>\n<meta property=\"og:type\" content=\"article\" \/>\n<meta property=\"og:title\" content=\"Coup d\u2019envoi des rencontres Erasmus+ entre l\u2019Europe centrale et le Maroc - Dpress.ma\/fr\" \/>\n<meta property=\"og:description\" content=\"dpress Les rencontres internationales autour du programme Erasmus+ entre l\u2019Europe centrale et le Maroc ont d\u00e9marr\u00e9, hier \u00e0 l\u2019Universit\u00e9 Mohammed VI Polytechnique (UM6P) de Bengu\u00e9rir, en pr\u00e9sence de personnalit\u00e9s du monde acad\u00e9mique, ainsi que de repr\u00e9sentants du programme Erasmus+ en Europe et au Royaume. Organis\u00e9 \u00e0 l\u2019initiative des agences nationales du programme Erasmus+ en Autriche, &hellip;\" \/>\n<meta property=\"og:url\" content=\"https:\/\/dpress.ma\/fr\/2025\/04\/09\/coup-denvoi-des-rencontres-erasmus-entre-leurope-centrale-et-le-maroc\/\" \/>\n<meta property=\"og:site_name\" content=\"Dpress.ma\/fr\" \/>\n<meta property=\"article:published_time\" content=\"2025-04-09T08:53:33+00:00\" \/>\n<meta property=\"article:modified_time\" content=\"2025-04-09T08:53:34+00:00\" \/>\n<meta property=\"og:image\" content=\"https:\/\/dpress.ma\/fr\/wp-content\/uploads\/sites\/2\/2025\/04\/dimensions2-40.jpg\" \/>\n\t<meta property=\"og:image:width\" content=\"2539\" \/>\n\t<meta property=\"og:image:height\" content=\"1594\" \/>\n\t<meta property=\"og:image:type\" content=\"image\/jpeg\" \/>\n<meta name=\"author\" content=\"Dpress.ma\" \/>\n<meta name=\"twitter:card\" content=\"summary_large_image\" \/>\n<meta name=\"twitter:label1\" content=\"\u00c9crit par\" \/>\n\t<meta name=\"twitter:data1\" content=\"Dpress.ma\" \/>\n\t<meta name=\"twitter:label2\" content=\"Dur\u00e9e de lecture estim\u00e9e\" \/>\n\t<meta name=\"twitter:data2\" content=\"4 minutes\" \/>\n<script type=\"application\/ld+json\" class=\"yoast-schema-graph\">{\"@context\":\"https:\\\/\\\/schema.org\",\"@graph\":[{\"@type\":\"Article\",\"@id\":\"https:\\\/\\\/dpress.ma\\\/fr\\\/2025\\\/04\\\/09\\\/coup-denvoi-des-rencontres-erasmus-entre-leurope-centrale-et-le-maroc\\\/#article\",\"isPartOf\":{\"@id\":\"https:\\\/\\\/dpress.ma\\\/fr\\\/2025\\\/04\\\/09\\\/coup-denvoi-des-rencontres-erasmus-entre-leurope-centrale-et-le-maroc\\\/\"},\"author\":{\"name\":\"Dpress.ma\",\"@id\":\"https:\\\/\\\/dpress.ma\\\/fr\\\/#\\\/schema\\\/person\\\/4898febf3ccd59e6578d838656a306a0\"},\"headline\":\"Coup d\u2019envoi des rencontres Erasmus+ entre l\u2019Europe centrale et le Maroc\",\"datePublished\":\"2025-04-09T08:53:33+00:00\",\"dateModified\":\"2025-04-09T08:53:34+00:00\",\"mainEntityOfPage\":{\"@id\":\"https:\\\/\\\/dpress.ma\\\/fr\\\/2025\\\/04\\\/09\\\/coup-denvoi-des-rencontres-erasmus-entre-leurope-centrale-et-le-maroc\\\/\"},\"wordCount\":709,\"commentCount\":0,\"image\":{\"@id\":\"https:\\\/\\\/dpress.ma\\\/fr\\\/2025\\\/04\\\/09\\\/coup-denvoi-des-rencontres-erasmus-entre-leurope-centrale-et-le-maroc\\\/#primaryimage\"},\"thumbnailUrl\":\"https:\\\/\\\/dpress.ma\\\/fr\\\/wp-content\\\/uploads\\\/sites\\\/2\\\/2025\\\/04\\\/dimensions2-40.jpg\",\"articleSection\":[\"societe et regions\"],\"inLanguage\":\"fr-FR\",\"potentialAction\":[{\"@type\":\"CommentAction\",\"name\":\"Comment\",\"target\":[\"https:\\\/\\\/dpress.ma\\\/fr\\\/2025\\\/04\\\/09\\\/coup-denvoi-des-rencontres-erasmus-entre-leurope-centrale-et-le-maroc\\\/#respond\"]}]},{\"@type\":\"WebPage\",\"@id\":\"https:\\\/\\\/dpress.ma\\\/fr\\\/2025\\\/04\\\/09\\\/coup-denvoi-des-rencontres-erasmus-entre-leurope-centrale-et-le-maroc\\\/\",\"url\":\"https:\\\/\\\/dpress.ma\\\/fr\\\/2025\\\/04\\\/09\\\/coup-denvoi-des-rencontres-erasmus-entre-leurope-centrale-et-le-maroc\\\/\",\"name\":\"Coup d\u2019envoi des rencontres Erasmus+ entre l\u2019Europe centrale et le Maroc - Dpress.ma\\\/fr\",\"isPartOf\":{\"@id\":\"https:\\\/\\\/dpress.ma\\\/fr\\\/#website\"},\"primaryImageOfPage\":{\"@id\":\"https:\\\/\\\/dpress.ma\\\/fr\\\/2025\\\/04\\\/09\\\/coup-denvoi-des-rencontres-erasmus-entre-leurope-centrale-et-le-maroc\\\/#primaryimage\"},\"image\":{\"@id\":\"https:\\\/\\\/dpress.ma\\\/fr\\\/2025\\\/04\\\/09\\\/coup-denvoi-des-rencontres-erasmus-entre-leurope-centrale-et-le-maroc\\\/#primaryimage\"},\"thumbnailUrl\":\"https:\\\/\\\/dpress.ma\\\/fr\\\/wp-content\\\/uploads\\\/sites\\\/2\\\/2025\\\/04\\\/dimensions2-40.jpg\",\"datePublished\":\"2025-04-09T08:53:33+00:00\",\"dateModified\":\"2025-04-09T08:53:34+00:00\",\"author\":{\"@id\":\"https:\\\/\\\/dpress.ma\\\/fr\\\/#\\\/schema\\\/person\\\/4898febf3ccd59e6578d838656a306a0\"},\"breadcrumb\":{\"@id\":\"https:\\\/\\\/dpress.ma\\\/fr\\\/2025\\\/04\\\/09\\\/coup-denvoi-des-rencontres-erasmus-entre-leurope-centrale-et-le-maroc\\\/#breadcrumb\"},\"inLanguage\":\"fr-FR\",\"potentialAction\":[{\"@type\":\"ReadAction\",\"target\":[\"https:\\\/\\\/dpress.ma\\\/fr\\\/2025\\\/04\\\/09\\\/coup-denvoi-des-rencontres-erasmus-entre-leurope-centrale-et-le-maroc\\\/\"]}]},{\"@type\":\"ImageObject\",\"inLanguage\":\"fr-FR\",\"@id\":\"https:\\\/\\\/dpress.ma\\\/fr\\\/2025\\\/04\\\/09\\\/coup-denvoi-des-rencontres-erasmus-entre-leurope-centrale-et-le-maroc\\\/#primaryimage\",\"url\":\"https:\\\/\\\/dpress.ma\\\/fr\\\/wp-content\\\/uploads\\\/sites\\\/2\\\/2025\\\/04\\\/dimensions2-40.jpg\",\"contentUrl\":\"https:\\\/\\\/dpress.ma\\\/fr\\\/wp-content\\\/uploads\\\/sites\\\/2\\\/2025\\\/04\\\/dimensions2-40.jpg\",\"width\":2539,\"height\":1594},{\"@type\":\"BreadcrumbList\",\"@id\":\"https:\\\/\\\/dpress.ma\\\/fr\\\/2025\\\/04\\\/09\\\/coup-denvoi-des-rencontres-erasmus-entre-leurope-centrale-et-le-maroc\\\/#breadcrumb\",\"itemListElement\":[{\"@type\":\"ListItem\",\"position\":1,\"name\":\"Home\",\"item\":\"https:\\\/\\\/dpress.ma\\\/fr\\\/\"},{\"@type\":\"ListItem\",\"position\":2,\"name\":\"Coup d\u2019envoi des rencontres Erasmus+ entre l\u2019Europe centrale et le Maroc\"}]},{\"@type\":\"WebSite\",\"@id\":\"https:\\\/\\\/dpress.ma\\\/fr\\\/#website\",\"url\":\"https:\\\/\\\/dpress.ma\\\/fr\\\/\",\"name\":\"Dpress.ma\\\/fr\",\"description\":\"\",\"potentialAction\":[{\"@type\":\"SearchAction\",\"target\":{\"@type\":\"EntryPoint\",\"urlTemplate\":\"https:\\\/\\\/dpress.ma\\\/fr\\\/?s={search_term_string}\"},\"query-input\":{\"@type\":\"PropertyValueSpecification\",\"valueRequired\":true,\"valueName\":\"search_term_string\"}}],\"inLanguage\":\"fr-FR\"},{\"@type\":\"Person\",\"@id\":\"https:\\\/\\\/dpress.ma\\\/fr\\\/#\\\/schema\\\/person\\\/4898febf3ccd59e6578d838656a306a0\",\"name\":\"Dpress.ma\",\"image\":{\"@type\":\"ImageObject\",\"inLanguage\":\"fr-FR\",\"@id\":\"https:\\\/\\\/secure.gravatar.com\\\/avatar\\\/72ecc30e9db047a2e0e7176561eb9d564ed77c8108376495b19bd8336405198a?s=96&d=mm&r=g\",\"url\":\"https:\\\/\\\/secure.gravatar.com\\\/avatar\\\/72ecc30e9db047a2e0e7176561eb9d564ed77c8108376495b19bd8336405198a?s=96&d=mm&r=g\",\"contentUrl\":\"https:\\\/\\\/secure.gravatar.com\\\/avatar\\\/72ecc30e9db047a2e0e7176561eb9d564ed77c8108376495b19bd8336405198a?s=96&d=mm&r=g\",\"caption\":\"Dpress.ma\"},\"sameAs\":[\"https:\\\/\\\/www.dpress.ma\"],\"url\":\"https:\\\/\\\/dpress.ma\\\/fr\\\/author\\\/dpress-ma\\\/\"}]}<\/script>\n<!-- \/ Yoast SEO plugin. -->","yoast_head_json":{"title":"Coup d\u2019envoi des rencontres Erasmus+ entre l\u2019Europe centrale et le Maroc - Dpress.ma\/fr","robots":{"index":"index","follow":"follow","max-snippet":"max-snippet:-1","max-image-preview":"max-image-preview:large","max-video-preview":"max-video-preview:-1"},"canonical":"https:\/\/dpress.ma\/fr\/2025\/04\/09\/coup-denvoi-des-rencontres-erasmus-entre-leurope-centrale-et-le-maroc\/","og_locale":"fr_FR","og_type":"article","og_title":"Coup d\u2019envoi des rencontres Erasmus+ entre l\u2019Europe centrale et le Maroc - Dpress.ma\/fr","og_description":"dpress Les rencontres internationales autour du programme Erasmus+ entre l\u2019Europe centrale et le Maroc ont d\u00e9marr\u00e9, hier \u00e0 l\u2019Universit\u00e9 Mohammed VI Polytechnique (UM6P) de Bengu\u00e9rir, en pr\u00e9sence de personnalit\u00e9s du monde acad\u00e9mique, ainsi que de repr\u00e9sentants du programme Erasmus+ en Europe et au Royaume. Organis\u00e9 \u00e0 l\u2019initiative des agences nationales du programme Erasmus+ en Autriche, &hellip;","og_url":"https:\/\/dpress.ma\/fr\/2025\/04\/09\/coup-denvoi-des-rencontres-erasmus-entre-leurope-centrale-et-le-maroc\/","og_site_name":"Dpress.ma\/fr","article_published_time":"2025-04-09T08:53:33+00:00","article_modified_time":"2025-04-09T08:53:34+00:00","og_image":[{"width":2539,"height":1594,"url":"https:\/\/dpress.ma\/fr\/wp-content\/uploads\/sites\/2\/2025\/04\/dimensions2-40.jpg","type":"image\/jpeg"}],"author":"Dpress.ma","twitter_card":"summary_large_image","twitter_misc":{"\u00c9crit par":"Dpress.ma","Dur\u00e9e de lecture estim\u00e9e":"4 minutes"},"schema":{"@context":"https:\/\/schema.org","@graph":[{"@type":"Article","@id":"https:\/\/dpress.ma\/fr\/2025\/04\/09\/coup-denvoi-des-rencontres-erasmus-entre-leurope-centrale-et-le-maroc\/#article","isPartOf":{"@id":"https:\/\/dpress.ma\/fr\/2025\/04\/09\/coup-denvoi-des-rencontres-erasmus-entre-leurope-centrale-et-le-maroc\/"},"author":{"name":"Dpress.ma","@id":"https:\/\/dpress.ma\/fr\/#\/schema\/person\/4898febf3ccd59e6578d838656a306a0"},"headline":"Coup d\u2019envoi des rencontres Erasmus+ entre l\u2019Europe centrale et le Maroc","datePublished":"2025-04-09T08:53:33+00:00","dateModified":"2025-04-09T08:53:34+00:00","mainEntityOfPage":{"@id":"https:\/\/dpress.ma\/fr\/2025\/04\/09\/coup-denvoi-des-rencontres-erasmus-entre-leurope-centrale-et-le-maroc\/"},"wordCount":709,"commentCount":0,"image":{"@id":"https:\/\/dpress.ma\/fr\/2025\/04\/09\/coup-denvoi-des-rencontres-erasmus-entre-leurope-centrale-et-le-maroc\/#primaryimage"},"thumbnailUrl":"https:\/\/dpress.ma\/fr\/wp-content\/uploads\/sites\/2\/2025\/04\/dimensions2-40.jpg","articleSection":["societe et regions"],"inLanguage":"fr-FR","potentialAction":[{"@type":"CommentAction","name":"Comment","target":["https:\/\/dpress.ma\/fr\/2025\/04\/09\/coup-denvoi-des-rencontres-erasmus-entre-leurope-centrale-et-le-maroc\/#respond"]}]},{"@type":"WebPage","@id":"https:\/\/dpress.ma\/fr\/2025\/04\/09\/coup-denvoi-des-rencontres-erasmus-entre-leurope-centrale-et-le-maroc\/","url":"https:\/\/dpress.ma\/fr\/2025\/04\/09\/coup-denvoi-des-rencontres-erasmus-entre-leurope-centrale-et-le-maroc\/","name":"Coup d\u2019envoi des rencontres Erasmus+ entre l\u2019Europe centrale et le Maroc - Dpress.ma\/fr","isPartOf":{"@id":"https:\/\/dpress.ma\/fr\/#website"},"primaryImageOfPage":{"@id":"https:\/\/dpress.ma\/fr\/2025\/04\/09\/coup-denvoi-des-rencontres-erasmus-entre-leurope-centrale-et-le-maroc\/#primaryimage"},"image":{"@id":"https:\/\/dpress.ma\/fr\/2025\/04\/09\/coup-denvoi-des-rencontres-erasmus-entre-leurope-centrale-et-le-maroc\/#primaryimage"},"thumbnailUrl":"https:\/\/dpress.ma\/fr\/wp-content\/uploads\/sites\/2\/2025\/04\/dimensions2-40.jpg","datePublished":"2025-04-09T08:53:33+00:00","dateModified":"2025-04-09T08:53:34+00:00","author":{"@id":"https:\/\/dpress.ma\/fr\/#\/schema\/person\/4898febf3ccd59e6578d838656a306a0"},"breadcrumb":{"@id":"https:\/\/dpress.ma\/fr\/2025\/04\/09\/coup-denvoi-des-rencontres-erasmus-entre-leurope-centrale-et-le-maroc\/#breadcrumb"},"inLanguage":"fr-FR","potentialAction":[{"@type":"ReadAction","target":["https:\/\/dpress.ma\/fr\/2025\/04\/09\/coup-denvoi-des-rencontres-erasmus-entre-leurope-centrale-et-le-maroc\/"]}]},{"@type":"ImageObject","inLanguage":"fr-FR","@id":"https:\/\/dpress.ma\/fr\/2025\/04\/09\/coup-denvoi-des-rencontres-erasmus-entre-leurope-centrale-et-le-maroc\/#primaryimage","url":"https:\/\/dpress.ma\/fr\/wp-content\/uploads\/sites\/2\/2025\/04\/dimensions2-40.jpg","contentUrl":"https:\/\/dpress.ma\/fr\/wp-content\/uploads\/sites\/2\/2025\/04\/dimensions2-40.jpg","width":2539,"height":1594},{"@type":"BreadcrumbList","@id":"https:\/\/dpress.ma\/fr\/2025\/04\/09\/coup-denvoi-des-rencontres-erasmus-entre-leurope-centrale-et-le-maroc\/#breadcrumb","itemListElement":[{"@type":"ListItem","position":1,"name":"Home","item":"https:\/\/dpress.ma\/fr\/"},{"@type":"ListItem","position":2,"name":"Coup d\u2019envoi des rencontres Erasmus+ entre l\u2019Europe centrale et le Maroc"}]},{"@type":"WebSite","@id":"https:\/\/dpress.ma\/fr\/#website","url":"https:\/\/dpress.ma\/fr\/","name":"Dpress.ma\/fr","description":"","potentialAction":[{"@type":"SearchAction","target":{"@type":"EntryPoint","urlTemplate":"https:\/\/dpress.ma\/fr\/?s={search_term_string}"},"query-input":{"@type":"PropertyValueSpecification","valueRequired":true,"valueName":"search_term_string"}}],"inLanguage":"fr-FR"},{"@type":"Person","@id":"https:\/\/dpress.ma\/fr\/#\/schema\/person\/4898febf3ccd59e6578d838656a306a0","name":"Dpress.ma","image":{"@type":"ImageObject","inLanguage":"fr-FR","@id":"https:\/\/secure.gravatar.com\/avatar\/72ecc30e9db047a2e0e7176561eb9d564ed77c8108376495b19bd8336405198a?s=96&d=mm&r=g","url":"https:\/\/secure.gravatar.com\/avatar\/72ecc30e9db047a2e0e7176561eb9d564ed77c8108376495b19bd8336405198a?s=96&d=mm&r=g","contentUrl":"https:\/\/secure.gravatar.com\/avatar\/72ecc30e9db047a2e0e7176561eb9d564ed77c8108376495b19bd8336405198a?s=96&d=mm&r=g","caption":"Dpress.ma"},"sameAs":["https:\/\/www.dpress.ma"],"url":"https:\/\/dpress.ma\/fr\/author\/dpress-ma\/"}]}},"amp_enabled":true,"_links":{"self":[{"href":"https:\/\/dpress.ma\/fr\/wp-json\/wp\/v2\/posts\/13767","targetHints":{"allow":["GET"]}}],"collection":[{"href":"https:\/\/dpress.ma\/fr\/wp-json\/wp\/v2\/posts"}],"about":[{"href":"https:\/\/dpress.ma\/fr\/wp-json\/wp\/v2\/types\/post"}],"author":[{"embeddable":true,"href":"https:\/\/dpress.ma\/fr\/wp-json\/wp\/v2\/users\/2"}],"replies":[{"embeddable":true,"href":"https:\/\/dpress.ma\/fr\/wp-json\/wp\/v2\/comments?post=13767"}],"version-history":[{"count":1,"href":"https:\/\/dpress.ma\/fr\/wp-json\/wp\/v2\/posts\/13767\/revisions"}],"predecessor-version":[{"id":13769,"href":"https:\/\/dpress.ma\/fr\/wp-json\/wp\/v2\/posts\/13767\/revisions\/13769"}],"wp:featuredmedia":[{"embeddable":true,"href":"https:\/\/dpress.ma\/fr\/wp-json\/wp\/v2\/media\/13768"}],"wp:attachment":[{"href":"https:\/\/dpress.ma\/fr\/wp-json\/wp\/v2\/media?parent=13767"}],"wp:term":[{"taxonomy":"category","embeddable":true,"href":"https:\/\/dpress.ma\/fr\/wp-json\/wp\/v2\/categories?post=13767"},{"taxonomy":"post_tag","embeddable":true,"href":"https:\/\/dpress.ma\/fr\/wp-json\/wp\/v2\/tags?post=13767"}],"curies":[{"name":"wp","href":"https:\/\/api.w.org\/{rel}","templated":true}]}}