{"id":13764,"date":"2025-04-09T08:50:10","date_gmt":"2025-04-09T08:50:10","guid":{"rendered":"https:\/\/dpress.ma\/fr\/?p=13764"},"modified":"2025-04-09T08:50:11","modified_gmt":"2025-04-09T08:50:11","slug":"la-feuille-de-route-2022-2026-vise-a-reduire-dun-tiers-la-deperdition-scolaire-ministre","status":"publish","type":"post","link":"https:\/\/dpress.ma\/fr\/2025\/04\/09\/la-feuille-de-route-2022-2026-vise-a-reduire-dun-tiers-la-deperdition-scolaire-ministre\/","title":{"rendered":"la feuille de route 2022-2026 vise \u00e0 r\u00e9duire d\u2019un tiers la d\u00e9perdition scolaire (ministre)"},"content":{"rendered":"\n<p>dpress<\/p>\n\n\n\n<p>La feuille de route 2022-2026 pour une \u00e9cole publique de qualit\u00e9 pour tous vise \u00e0 r\u00e9duire d\u2019un tiers\u00a0la d\u00e9perdition\u00a0scolaire d\u2019ici 2026, a indiqu\u00e9, hier \u00e0 Rabat,\u00a0le ministre de l\u2019\u00c9ducation nationale, du Pr\u00e9scolaire et des Sports, Mohamed Saad Berrada.<\/p>\n\n\n\n<p>S\u2019exprimant \u00e0 l\u2019ouverture des travaux de la premi\u00e8re conf\u00e9rence nationale sur la mobilisation soci\u00e9tale pour lutter contre la d\u00e9perdition scolaire, M.&nbsp;Berrada a soulign\u00e9 que pour&nbsp;atteindre cet objectif, le minist\u00e8re adopte une s\u00e9rie d\u2019approches pour lutter contre ce ph\u00e9nom\u00e8ne, notamment pr\u00e9ventives bas\u00e9es sur la mobilisation soci\u00e9tale, qui ont \u00e9t\u00e9 renforc\u00e9es davantage dans le cadre de partenariats institutionnels.<\/p>\n\n\n\n<p>La r\u00e9alisation de cet objectif passe \u00e9galement par le renforcement du m\u00e9canisme de veille au sein des \u00e9tablissements d\u2019enseignement, la ma\u00eetrise des apprentissages fondamentaux et l\u2019accroissement du nombre d\u2019\u00e9l\u00e8ves b\u00e9n\u00e9ficiant d\u2019activit\u00e9s parascolaires, eu \u00e9gard \u00e0 son r\u00f4le central dans la r\u00e9duction de l\u2019abandon scolaire et le retour en classe des d\u00e9crocheurs, a-t-il relev\u00e9.<\/p>\n\n\n\n<p>Apr\u00e8s avoir salu\u00e9 la contribution des diff\u00e9rents partenaires institutionnels et de la soci\u00e9t\u00e9 civile \u00e0 la r\u00e9ussite de cette feuille de route, le ministre a appel\u00e9 \u00e0 capitaliser sur les r\u00e9sultats r\u00e9alis\u00e9s et \u00e0 renforcer les efforts d\u00e9ploy\u00e9s en mati\u00e8re de suivi du ph\u00e9nom\u00e8ne de la d\u00e9perdition scolaire.<\/p>\n\n\n\n<p>Pour sa part,&nbsp;l\u2019ambassadrice de l\u2019Union europ\u00e9enne (UE) au Maroc, Patricia Llombart Cussac, a affirm\u00e9 que le secteur de l\u2019\u00e9ducation constitue une priorit\u00e9 dans le partenariat fiable et stable entre l\u2019UE et le Maroc, pr\u00e9cisant que cette coop\u00e9ration vise \u00e0 promouvoir une \u00e9ducation inclusive et de qualit\u00e9, qui accorde une attention particuli\u00e8re aux besoins des cat\u00e9gories les plus vuln\u00e9rables, notamment en milieu rural.<\/p>\n\n\n\n<p>\u201cDonner aux jeunes, en particulier aux filles les plus vuln\u00e9rables, les moyens n\u00e9cessaires pour achever leur parcours \u00e9ducatif, contribue \u00e0 b\u00e2tir une \u00e9conomie prosp\u00e8re et une soci\u00e9t\u00e9 plus r\u00e9siliente\u201d, a-t-elle dit, tout en se f\u00e9licitant, dans ce sens, de l\u2019initiative lanc\u00e9e par la r\u00e9gion de B\u00e9ni Mellal-Kh\u00e9nifra, pour sensibiliser les familles \u00e0 l\u2019importance de l\u2019\u00e9ducation et r\u00e9duire le ph\u00e9nom\u00e8ne de d\u00e9crochage scolaire.<\/p>\n\n\n\n<p>Initi\u00e9e en partenariat avec l\u2019UE, cette conf\u00e9rence s\u2019inscrit dans le cadre de la mise en \u0153uvre des dispositions de l\u2019accord de partenariat et de coop\u00e9ration conclu entre le minist\u00e8re et la Pr\u00e9sidence du Minist\u00e8re public relatif \u00e0 l\u2019obligation de l\u2019enseignement fondamental pour r\u00e9duire le d\u00e9crochage scolaire, ainsi que de la convention-cadre avec le minist\u00e8re de la Solidarit\u00e9, de l\u2019Inclusion sociale et de la Famille, visant&nbsp;la concr\u00e9tisation des obligations contenues dans la \u201cD\u00e9claration de Marrakech 2020\u201d en vue d\u2019\u00e9liminer la violence faite aux femmes.<\/p>\n","protected":false},"excerpt":{"rendered":"<p>dpress La feuille de route 2022-2026 pour une \u00e9cole publique de qualit\u00e9 pour tous vise \u00e0 r\u00e9duire d\u2019un tiers\u00a0la d\u00e9perdition\u00a0scolaire d\u2019ici 2026, a indiqu\u00e9, hier \u00e0 Rabat,\u00a0le ministre de l\u2019\u00c9ducation nationale, du Pr\u00e9scolaire et des Sports, Mohamed Saad Berrada. S\u2019exprimant \u00e0 l\u2019ouverture des travaux de la premi\u00e8re conf\u00e9rence nationale sur la mobilisation soci\u00e9tale pour lutter &hellip;<\/p>\n","protected":false},"author":2,"featured_media":13765,"comment_status":"open","ping_status":"open","sticky":false,"template":"","format":"standard","meta":{"footnotes":""},"categories":[40],"tags":[],"class_list":["post-13764","post","type-post","status-publish","format-standard","has-post-thumbnail","hentry","category-societe-et-regions"],"yoast_head":"<!-- This site is optimized with the Yoast SEO plugin v27.4 - https:\/\/yoast.com\/product\/yoast-seo-wordpress\/ -->\n<title>la feuille de route 2022-2026 vise \u00e0 r\u00e9duire d\u2019un tiers la d\u00e9perdition scolaire (ministre) - Dpress.ma\/fr<\/title>\n<meta name=\"robots\" content=\"index, follow, max-snippet:-1, max-image-preview:large, max-video-preview:-1\" \/>\n<link rel=\"canonical\" href=\"https:\/\/dpress.ma\/fr\/2025\/04\/09\/la-feuille-de-route-2022-2026-vise-a-reduire-dun-tiers-la-deperdition-scolaire-ministre\/\" \/>\n<meta property=\"og:locale\" content=\"fr_FR\" \/>\n<meta property=\"og:type\" content=\"article\" \/>\n<meta property=\"og:title\" content=\"la feuille de route 2022-2026 vise \u00e0 r\u00e9duire d\u2019un tiers la d\u00e9perdition scolaire (ministre) - Dpress.ma\/fr\" \/>\n<meta property=\"og:description\" content=\"dpress La feuille de route 2022-2026 pour une \u00e9cole publique de qualit\u00e9 pour tous vise \u00e0 r\u00e9duire d\u2019un tiers\u00a0la d\u00e9perdition\u00a0scolaire d\u2019ici 2026, a indiqu\u00e9, hier \u00e0 Rabat,\u00a0le ministre de l\u2019\u00c9ducation nationale, du Pr\u00e9scolaire et des Sports, Mohamed Saad Berrada. S\u2019exprimant \u00e0 l\u2019ouverture des travaux de la premi\u00e8re conf\u00e9rence nationale sur la mobilisation soci\u00e9tale pour lutter &hellip;\" \/>\n<meta property=\"og:url\" content=\"https:\/\/dpress.ma\/fr\/2025\/04\/09\/la-feuille-de-route-2022-2026-vise-a-reduire-dun-tiers-la-deperdition-scolaire-ministre\/\" \/>\n<meta property=\"og:site_name\" content=\"Dpress.ma\/fr\" \/>\n<meta property=\"article:published_time\" content=\"2025-04-09T08:50:10+00:00\" \/>\n<meta property=\"article:modified_time\" content=\"2025-04-09T08:50:11+00:00\" \/>\n<meta property=\"og:image\" content=\"https:\/\/dpress.ma\/fr\/wp-content\/uploads\/sites\/2\/2025\/04\/dimensions2-39.jpg\" \/>\n\t<meta property=\"og:image:width\" content=\"2539\" \/>\n\t<meta property=\"og:image:height\" content=\"1594\" \/>\n\t<meta property=\"og:image:type\" content=\"image\/jpeg\" \/>\n<meta name=\"author\" content=\"Dpress.ma\" \/>\n<meta name=\"twitter:card\" content=\"summary_large_image\" \/>\n<meta name=\"twitter:label1\" content=\"\u00c9crit par\" \/>\n\t<meta name=\"twitter:data1\" content=\"Dpress.ma\" \/>\n\t<meta name=\"twitter:label2\" content=\"Dur\u00e9e de lecture estim\u00e9e\" \/>\n\t<meta name=\"twitter:data2\" content=\"3 minutes\" \/>\n<script type=\"application\/ld+json\" class=\"yoast-schema-graph\">{\"@context\":\"https:\\\/\\\/schema.org\",\"@graph\":[{\"@type\":\"Article\",\"@id\":\"https:\\\/\\\/dpress.ma\\\/fr\\\/2025\\\/04\\\/09\\\/la-feuille-de-route-2022-2026-vise-a-reduire-dun-tiers-la-deperdition-scolaire-ministre\\\/#article\",\"isPartOf\":{\"@id\":\"https:\\\/\\\/dpress.ma\\\/fr\\\/2025\\\/04\\\/09\\\/la-feuille-de-route-2022-2026-vise-a-reduire-dun-tiers-la-deperdition-scolaire-ministre\\\/\"},\"author\":{\"name\":\"Dpress.ma\",\"@id\":\"https:\\\/\\\/dpress.ma\\\/fr\\\/#\\\/schema\\\/person\\\/4898febf3ccd59e6578d838656a306a0\"},\"headline\":\"la feuille de route 2022-2026 vise \u00e0 r\u00e9duire d\u2019un tiers la d\u00e9perdition scolaire (ministre)\",\"datePublished\":\"2025-04-09T08:50:10+00:00\",\"dateModified\":\"2025-04-09T08:50:11+00:00\",\"mainEntityOfPage\":{\"@id\":\"https:\\\/\\\/dpress.ma\\\/fr\\\/2025\\\/04\\\/09\\\/la-feuille-de-route-2022-2026-vise-a-reduire-dun-tiers-la-deperdition-scolaire-ministre\\\/\"},\"wordCount\":512,\"commentCount\":0,\"image\":{\"@id\":\"https:\\\/\\\/dpress.ma\\\/fr\\\/2025\\\/04\\\/09\\\/la-feuille-de-route-2022-2026-vise-a-reduire-dun-tiers-la-deperdition-scolaire-ministre\\\/#primaryimage\"},\"thumbnailUrl\":\"https:\\\/\\\/dpress.ma\\\/fr\\\/wp-content\\\/uploads\\\/sites\\\/2\\\/2025\\\/04\\\/dimensions2-39.jpg\",\"articleSection\":[\"societe et regions\"],\"inLanguage\":\"fr-FR\",\"potentialAction\":[{\"@type\":\"CommentAction\",\"name\":\"Comment\",\"target\":[\"https:\\\/\\\/dpress.ma\\\/fr\\\/2025\\\/04\\\/09\\\/la-feuille-de-route-2022-2026-vise-a-reduire-dun-tiers-la-deperdition-scolaire-ministre\\\/#respond\"]}]},{\"@type\":\"WebPage\",\"@id\":\"https:\\\/\\\/dpress.ma\\\/fr\\\/2025\\\/04\\\/09\\\/la-feuille-de-route-2022-2026-vise-a-reduire-dun-tiers-la-deperdition-scolaire-ministre\\\/\",\"url\":\"https:\\\/\\\/dpress.ma\\\/fr\\\/2025\\\/04\\\/09\\\/la-feuille-de-route-2022-2026-vise-a-reduire-dun-tiers-la-deperdition-scolaire-ministre\\\/\",\"name\":\"la feuille de route 2022-2026 vise \u00e0 r\u00e9duire d\u2019un tiers la d\u00e9perdition scolaire (ministre) - Dpress.ma\\\/fr\",\"isPartOf\":{\"@id\":\"https:\\\/\\\/dpress.ma\\\/fr\\\/#website\"},\"primaryImageOfPage\":{\"@id\":\"https:\\\/\\\/dpress.ma\\\/fr\\\/2025\\\/04\\\/09\\\/la-feuille-de-route-2022-2026-vise-a-reduire-dun-tiers-la-deperdition-scolaire-ministre\\\/#primaryimage\"},\"image\":{\"@id\":\"https:\\\/\\\/dpress.ma\\\/fr\\\/2025\\\/04\\\/09\\\/la-feuille-de-route-2022-2026-vise-a-reduire-dun-tiers-la-deperdition-scolaire-ministre\\\/#primaryimage\"},\"thumbnailUrl\":\"https:\\\/\\\/dpress.ma\\\/fr\\\/wp-content\\\/uploads\\\/sites\\\/2\\\/2025\\\/04\\\/dimensions2-39.jpg\",\"datePublished\":\"2025-04-09T08:50:10+00:00\",\"dateModified\":\"2025-04-09T08:50:11+00:00\",\"author\":{\"@id\":\"https:\\\/\\\/dpress.ma\\\/fr\\\/#\\\/schema\\\/person\\\/4898febf3ccd59e6578d838656a306a0\"},\"breadcrumb\":{\"@id\":\"https:\\\/\\\/dpress.ma\\\/fr\\\/2025\\\/04\\\/09\\\/la-feuille-de-route-2022-2026-vise-a-reduire-dun-tiers-la-deperdition-scolaire-ministre\\\/#breadcrumb\"},\"inLanguage\":\"fr-FR\",\"potentialAction\":[{\"@type\":\"ReadAction\",\"target\":[\"https:\\\/\\\/dpress.ma\\\/fr\\\/2025\\\/04\\\/09\\\/la-feuille-de-route-2022-2026-vise-a-reduire-dun-tiers-la-deperdition-scolaire-ministre\\\/\"]}]},{\"@type\":\"ImageObject\",\"inLanguage\":\"fr-FR\",\"@id\":\"https:\\\/\\\/dpress.ma\\\/fr\\\/2025\\\/04\\\/09\\\/la-feuille-de-route-2022-2026-vise-a-reduire-dun-tiers-la-deperdition-scolaire-ministre\\\/#primaryimage\",\"url\":\"https:\\\/\\\/dpress.ma\\\/fr\\\/wp-content\\\/uploads\\\/sites\\\/2\\\/2025\\\/04\\\/dimensions2-39.jpg\",\"contentUrl\":\"https:\\\/\\\/dpress.ma\\\/fr\\\/wp-content\\\/uploads\\\/sites\\\/2\\\/2025\\\/04\\\/dimensions2-39.jpg\",\"width\":2539,\"height\":1594},{\"@type\":\"BreadcrumbList\",\"@id\":\"https:\\\/\\\/dpress.ma\\\/fr\\\/2025\\\/04\\\/09\\\/la-feuille-de-route-2022-2026-vise-a-reduire-dun-tiers-la-deperdition-scolaire-ministre\\\/#breadcrumb\",\"itemListElement\":[{\"@type\":\"ListItem\",\"position\":1,\"name\":\"Home\",\"item\":\"https:\\\/\\\/dpress.ma\\\/fr\\\/\"},{\"@type\":\"ListItem\",\"position\":2,\"name\":\"la feuille de route 2022-2026 vise \u00e0 r\u00e9duire d\u2019un tiers la d\u00e9perdition scolaire (ministre)\"}]},{\"@type\":\"WebSite\",\"@id\":\"https:\\\/\\\/dpress.ma\\\/fr\\\/#website\",\"url\":\"https:\\\/\\\/dpress.ma\\\/fr\\\/\",\"name\":\"Dpress.ma\\\/fr\",\"description\":\"\",\"potentialAction\":[{\"@type\":\"SearchAction\",\"target\":{\"@type\":\"EntryPoint\",\"urlTemplate\":\"https:\\\/\\\/dpress.ma\\\/fr\\\/?s={search_term_string}\"},\"query-input\":{\"@type\":\"PropertyValueSpecification\",\"valueRequired\":true,\"valueName\":\"search_term_string\"}}],\"inLanguage\":\"fr-FR\"},{\"@type\":\"Person\",\"@id\":\"https:\\\/\\\/dpress.ma\\\/fr\\\/#\\\/schema\\\/person\\\/4898febf3ccd59e6578d838656a306a0\",\"name\":\"Dpress.ma\",\"image\":{\"@type\":\"ImageObject\",\"inLanguage\":\"fr-FR\",\"@id\":\"https:\\\/\\\/secure.gravatar.com\\\/avatar\\\/72ecc30e9db047a2e0e7176561eb9d564ed77c8108376495b19bd8336405198a?s=96&d=mm&r=g\",\"url\":\"https:\\\/\\\/secure.gravatar.com\\\/avatar\\\/72ecc30e9db047a2e0e7176561eb9d564ed77c8108376495b19bd8336405198a?s=96&d=mm&r=g\",\"contentUrl\":\"https:\\\/\\\/secure.gravatar.com\\\/avatar\\\/72ecc30e9db047a2e0e7176561eb9d564ed77c8108376495b19bd8336405198a?s=96&d=mm&r=g\",\"caption\":\"Dpress.ma\"},\"sameAs\":[\"https:\\\/\\\/www.dpress.ma\"],\"url\":\"https:\\\/\\\/dpress.ma\\\/fr\\\/author\\\/dpress-ma\\\/\"}]}<\/script>\n<!-- \/ Yoast SEO plugin. -->","yoast_head_json":{"title":"la feuille de route 2022-2026 vise \u00e0 r\u00e9duire d\u2019un tiers la d\u00e9perdition scolaire (ministre) - Dpress.ma\/fr","robots":{"index":"index","follow":"follow","max-snippet":"max-snippet:-1","max-image-preview":"max-image-preview:large","max-video-preview":"max-video-preview:-1"},"canonical":"https:\/\/dpress.ma\/fr\/2025\/04\/09\/la-feuille-de-route-2022-2026-vise-a-reduire-dun-tiers-la-deperdition-scolaire-ministre\/","og_locale":"fr_FR","og_type":"article","og_title":"la feuille de route 2022-2026 vise \u00e0 r\u00e9duire d\u2019un tiers la d\u00e9perdition scolaire (ministre) - Dpress.ma\/fr","og_description":"dpress La feuille de route 2022-2026 pour une \u00e9cole publique de qualit\u00e9 pour tous vise \u00e0 r\u00e9duire d\u2019un tiers\u00a0la d\u00e9perdition\u00a0scolaire d\u2019ici 2026, a indiqu\u00e9, hier \u00e0 Rabat,\u00a0le ministre de l\u2019\u00c9ducation nationale, du Pr\u00e9scolaire et des Sports, Mohamed Saad Berrada. S\u2019exprimant \u00e0 l\u2019ouverture des travaux de la premi\u00e8re conf\u00e9rence nationale sur la mobilisation soci\u00e9tale pour lutter &hellip;","og_url":"https:\/\/dpress.ma\/fr\/2025\/04\/09\/la-feuille-de-route-2022-2026-vise-a-reduire-dun-tiers-la-deperdition-scolaire-ministre\/","og_site_name":"Dpress.ma\/fr","article_published_time":"2025-04-09T08:50:10+00:00","article_modified_time":"2025-04-09T08:50:11+00:00","og_image":[{"width":2539,"height":1594,"url":"https:\/\/dpress.ma\/fr\/wp-content\/uploads\/sites\/2\/2025\/04\/dimensions2-39.jpg","type":"image\/jpeg"}],"author":"Dpress.ma","twitter_card":"summary_large_image","twitter_misc":{"\u00c9crit par":"Dpress.ma","Dur\u00e9e de lecture estim\u00e9e":"3 minutes"},"schema":{"@context":"https:\/\/schema.org","@graph":[{"@type":"Article","@id":"https:\/\/dpress.ma\/fr\/2025\/04\/09\/la-feuille-de-route-2022-2026-vise-a-reduire-dun-tiers-la-deperdition-scolaire-ministre\/#article","isPartOf":{"@id":"https:\/\/dpress.ma\/fr\/2025\/04\/09\/la-feuille-de-route-2022-2026-vise-a-reduire-dun-tiers-la-deperdition-scolaire-ministre\/"},"author":{"name":"Dpress.ma","@id":"https:\/\/dpress.ma\/fr\/#\/schema\/person\/4898febf3ccd59e6578d838656a306a0"},"headline":"la feuille de route 2022-2026 vise \u00e0 r\u00e9duire d\u2019un tiers la d\u00e9perdition scolaire (ministre)","datePublished":"2025-04-09T08:50:10+00:00","dateModified":"2025-04-09T08:50:11+00:00","mainEntityOfPage":{"@id":"https:\/\/dpress.ma\/fr\/2025\/04\/09\/la-feuille-de-route-2022-2026-vise-a-reduire-dun-tiers-la-deperdition-scolaire-ministre\/"},"wordCount":512,"commentCount":0,"image":{"@id":"https:\/\/dpress.ma\/fr\/2025\/04\/09\/la-feuille-de-route-2022-2026-vise-a-reduire-dun-tiers-la-deperdition-scolaire-ministre\/#primaryimage"},"thumbnailUrl":"https:\/\/dpress.ma\/fr\/wp-content\/uploads\/sites\/2\/2025\/04\/dimensions2-39.jpg","articleSection":["societe et regions"],"inLanguage":"fr-FR","potentialAction":[{"@type":"CommentAction","name":"Comment","target":["https:\/\/dpress.ma\/fr\/2025\/04\/09\/la-feuille-de-route-2022-2026-vise-a-reduire-dun-tiers-la-deperdition-scolaire-ministre\/#respond"]}]},{"@type":"WebPage","@id":"https:\/\/dpress.ma\/fr\/2025\/04\/09\/la-feuille-de-route-2022-2026-vise-a-reduire-dun-tiers-la-deperdition-scolaire-ministre\/","url":"https:\/\/dpress.ma\/fr\/2025\/04\/09\/la-feuille-de-route-2022-2026-vise-a-reduire-dun-tiers-la-deperdition-scolaire-ministre\/","name":"la feuille de route 2022-2026 vise \u00e0 r\u00e9duire d\u2019un tiers la d\u00e9perdition scolaire (ministre) - Dpress.ma\/fr","isPartOf":{"@id":"https:\/\/dpress.ma\/fr\/#website"},"primaryImageOfPage":{"@id":"https:\/\/dpress.ma\/fr\/2025\/04\/09\/la-feuille-de-route-2022-2026-vise-a-reduire-dun-tiers-la-deperdition-scolaire-ministre\/#primaryimage"},"image":{"@id":"https:\/\/dpress.ma\/fr\/2025\/04\/09\/la-feuille-de-route-2022-2026-vise-a-reduire-dun-tiers-la-deperdition-scolaire-ministre\/#primaryimage"},"thumbnailUrl":"https:\/\/dpress.ma\/fr\/wp-content\/uploads\/sites\/2\/2025\/04\/dimensions2-39.jpg","datePublished":"2025-04-09T08:50:10+00:00","dateModified":"2025-04-09T08:50:11+00:00","author":{"@id":"https:\/\/dpress.ma\/fr\/#\/schema\/person\/4898febf3ccd59e6578d838656a306a0"},"breadcrumb":{"@id":"https:\/\/dpress.ma\/fr\/2025\/04\/09\/la-feuille-de-route-2022-2026-vise-a-reduire-dun-tiers-la-deperdition-scolaire-ministre\/#breadcrumb"},"inLanguage":"fr-FR","potentialAction":[{"@type":"ReadAction","target":["https:\/\/dpress.ma\/fr\/2025\/04\/09\/la-feuille-de-route-2022-2026-vise-a-reduire-dun-tiers-la-deperdition-scolaire-ministre\/"]}]},{"@type":"ImageObject","inLanguage":"fr-FR","@id":"https:\/\/dpress.ma\/fr\/2025\/04\/09\/la-feuille-de-route-2022-2026-vise-a-reduire-dun-tiers-la-deperdition-scolaire-ministre\/#primaryimage","url":"https:\/\/dpress.ma\/fr\/wp-content\/uploads\/sites\/2\/2025\/04\/dimensions2-39.jpg","contentUrl":"https:\/\/dpress.ma\/fr\/wp-content\/uploads\/sites\/2\/2025\/04\/dimensions2-39.jpg","width":2539,"height":1594},{"@type":"BreadcrumbList","@id":"https:\/\/dpress.ma\/fr\/2025\/04\/09\/la-feuille-de-route-2022-2026-vise-a-reduire-dun-tiers-la-deperdition-scolaire-ministre\/#breadcrumb","itemListElement":[{"@type":"ListItem","position":1,"name":"Home","item":"https:\/\/dpress.ma\/fr\/"},{"@type":"ListItem","position":2,"name":"la feuille de route 2022-2026 vise \u00e0 r\u00e9duire d\u2019un tiers la d\u00e9perdition scolaire (ministre)"}]},{"@type":"WebSite","@id":"https:\/\/dpress.ma\/fr\/#website","url":"https:\/\/dpress.ma\/fr\/","name":"Dpress.ma\/fr","description":"","potentialAction":[{"@type":"SearchAction","target":{"@type":"EntryPoint","urlTemplate":"https:\/\/dpress.ma\/fr\/?s={search_term_string}"},"query-input":{"@type":"PropertyValueSpecification","valueRequired":true,"valueName":"search_term_string"}}],"inLanguage":"fr-FR"},{"@type":"Person","@id":"https:\/\/dpress.ma\/fr\/#\/schema\/person\/4898febf3ccd59e6578d838656a306a0","name":"Dpress.ma","image":{"@type":"ImageObject","inLanguage":"fr-FR","@id":"https:\/\/secure.gravatar.com\/avatar\/72ecc30e9db047a2e0e7176561eb9d564ed77c8108376495b19bd8336405198a?s=96&d=mm&r=g","url":"https:\/\/secure.gravatar.com\/avatar\/72ecc30e9db047a2e0e7176561eb9d564ed77c8108376495b19bd8336405198a?s=96&d=mm&r=g","contentUrl":"https:\/\/secure.gravatar.com\/avatar\/72ecc30e9db047a2e0e7176561eb9d564ed77c8108376495b19bd8336405198a?s=96&d=mm&r=g","caption":"Dpress.ma"},"sameAs":["https:\/\/www.dpress.ma"],"url":"https:\/\/dpress.ma\/fr\/author\/dpress-ma\/"}]}},"amp_enabled":true,"_links":{"self":[{"href":"https:\/\/dpress.ma\/fr\/wp-json\/wp\/v2\/posts\/13764","targetHints":{"allow":["GET"]}}],"collection":[{"href":"https:\/\/dpress.ma\/fr\/wp-json\/wp\/v2\/posts"}],"about":[{"href":"https:\/\/dpress.ma\/fr\/wp-json\/wp\/v2\/types\/post"}],"author":[{"embeddable":true,"href":"https:\/\/dpress.ma\/fr\/wp-json\/wp\/v2\/users\/2"}],"replies":[{"embeddable":true,"href":"https:\/\/dpress.ma\/fr\/wp-json\/wp\/v2\/comments?post=13764"}],"version-history":[{"count":1,"href":"https:\/\/dpress.ma\/fr\/wp-json\/wp\/v2\/posts\/13764\/revisions"}],"predecessor-version":[{"id":13766,"href":"https:\/\/dpress.ma\/fr\/wp-json\/wp\/v2\/posts\/13764\/revisions\/13766"}],"wp:featuredmedia":[{"embeddable":true,"href":"https:\/\/dpress.ma\/fr\/wp-json\/wp\/v2\/media\/13765"}],"wp:attachment":[{"href":"https:\/\/dpress.ma\/fr\/wp-json\/wp\/v2\/media?parent=13764"}],"wp:term":[{"taxonomy":"category","embeddable":true,"href":"https:\/\/dpress.ma\/fr\/wp-json\/wp\/v2\/categories?post=13764"},{"taxonomy":"post_tag","embeddable":true,"href":"https:\/\/dpress.ma\/fr\/wp-json\/wp\/v2\/tags?post=13764"}],"curies":[{"name":"wp","href":"https:\/\/api.w.org\/{rel}","templated":true}]}}