{"id":13761,"date":"2025-04-09T08:46:42","date_gmt":"2025-04-09T08:46:42","guid":{"rendered":"https:\/\/dpress.ma\/fr\/?p=13761"},"modified":"2025-04-09T08:46:43","modified_gmt":"2025-04-09T08:46:43","slug":"la-promotion-de-linnovation-dans-lecosysteme-cooperatif-marocain-au-centre-dune-rencontre-regionale","status":"publish","type":"post","link":"https:\/\/dpress.ma\/fr\/2025\/04\/09\/la-promotion-de-linnovation-dans-lecosysteme-cooperatif-marocain-au-centre-dune-rencontre-regionale\/","title":{"rendered":"La promotion de l\u2019innovation dans l\u2019\u00e9cosyst\u00e8me coop\u00e9ratif marocain au centre d\u2019une rencontre r\u00e9gionale"},"content":{"rendered":"\n<p>dpress<\/p>\n\n\n\n<p>Une rencontre r\u00e9gionale visant \u00e0 promouvoir l\u2019innovation et l\u2019entrepreneuriat coop\u00e9ratif a \u00e9t\u00e9 organis\u00e9e, hier au Centre de formation et d\u2019animation du tissu associatif et coop\u00e9ratif de\u00a0Casablanca-Settat, \u00e0 l\u2019initiative de la D\u00e9l\u00e9gation r\u00e9gionale de l\u2019Office du D\u00e9veloppement des Coop\u00e9ratives de la R\u00e9gion\u00a0Casablanca-Settat (ODCO).<\/p>\n\n\n\n<p>Tenue sous le th\u00e8me \u201cCoop\u00e9ratives innovantes pour un d\u00e9veloppement territorial durable\u201d, cette rencontre organis\u00e9e en partenariat avec la Fondation Mohammed V pour la Solidarit\u00e9, le Comit\u00e9 R\u00e9gional de D\u00e9veloppement Humain (CRDH) et les acteurs locaux du secteur coop\u00e9ratif, s\u2019inscrit dans le cadre de l\u2019initiative \u201cBanque de projets coop\u00e9ratifs\u201d, lanc\u00e9e par l\u2019ODCO dans le but de soutenir les coop\u00e9ratives en facilitant leur acc\u00e8s \u00e0 des id\u00e9es de projets innovants et de renforcer l\u2019attractivit\u00e9 du secteur coop\u00e9ratif.<\/p>\n\n\n\n<p>Cet \u00e9v\u00e8nement qui a r\u00e9uni des repr\u00e9sentants de nombreuses coop\u00e9ratives actives dans divers secteurs, des porteurs de projets innovants, ainsi que des acteurs \u00e9conomiques, institutionnels et des experts en \u00e9conomie sociale et solidaire, a permis de discuter des moyens de renforcer le r\u00f4le des coop\u00e9ratives dans le d\u00e9veloppement \u00e9conomique et social de la r\u00e9gion de&nbsp;Casablanca-Settat, ainsi que de pr\u00e9senter des id\u00e9es de projets innovants dans le cadre de l\u2019\u00e9conomie sociale.<\/p>\n\n\n\n<p>Dans une d\u00e9claration \u00e0 la MAP, le D\u00e9l\u00e9gu\u00e9 r\u00e9gional de l\u2019ODCO de&nbsp;Casablanca-Settat, Bouchaib Hounaini, a indiqu\u00e9 que l\u2019objectif de cet \u00e9v\u00e9nement est de stimuler l\u2019investissement dans le secteur coop\u00e9ratif, en mettant en avant les projets innovants qui contribuent \u00e0 un d\u00e9veloppement durable et inclusif, notant l\u2019engagement de l\u2019Office \u00e0 soutenir les coop\u00e9ratives et \u00e0 promouvoir l\u2019innovation dans ce secteur.<\/p>\n\n\n\n<p>\u201cL\u2019ODCO travaille activement \u00e0 l\u2019accompagnement des coop\u00e9ratives dans leur d\u00e9marche de d\u00e9veloppement et d\u2019innovation. Nous cherchons \u00e0 stimuler la cr\u00e9ativit\u00e9 et \u00e0 favoriser l\u2019\u00e9mergence de projets qui r\u00e9pondent aux besoins sp\u00e9cifiques de la r\u00e9gion de&nbsp;Casablanca-Settat. \u00c0 travers cette rencontre, nous visons \u00e0 renforcer l\u2019attractivit\u00e9 du secteur coop\u00e9ratif et \u00e0 offrir aux acteurs des outils et des solutions pour r\u00e9ussir dans un environnement \u00e9conomique de plus en plus comp\u00e9titif\u201d, a-t-il estim\u00e9.<\/p>\n\n\n\n<p>Par la m\u00eame occasion, la Cheffe du Service de la Banque de projets et de l\u2019innovation sociale \u00e0 l\u2019ODCO,&nbsp;Hanane Miri, a soulign\u00e9 l\u2019importance de l\u2019initiative \u201cBanque de projets coop\u00e9ratifs\u201d pour accompagner les coop\u00e9ratives dans leur transition vers des mod\u00e8les plus durables et innovants.<\/p>\n\n\n\n<p>\u201cCette rencontre repr\u00e9sente une \u00e9tape cl\u00e9 dans la promotion de l\u2019innovation sociale au sein des coop\u00e9ratives. En tant que Banque de projets, notre r\u00f4le est de faciliter l\u2019acc\u00e8s des coop\u00e9ratives aux id\u00e9es innovantes et aux financements n\u00e9cessaires pour les transformer en projets concrets. Nous avons \u00e0 c\u0153ur de renforcer l\u2019impact des coop\u00e9ratives sur le terrain, en particulier en favorisant des solutions qui r\u00e9pondent aux d\u00e9fis actuels de la r\u00e9gion et du pays\u201d, a-t-elle soutenu.<\/p>\n\n\n\n<p>De son c\u00f4t\u00e9, le Coordonnateur r\u00e9gional des projets de la Fondation Mohammed V pour la Solidarit\u00e9 pour la r\u00e9gion de&nbsp;Casablanca-Settat, Abdlhamid Sanhajir, a soulign\u00e9 que la Fondation \u201cest pleinement engag\u00e9e dans la promotion de l\u2019innovation sociale \u00e0 travers son soutien aux coop\u00e9ratives, en particulier celles qui visent \u00e0 am\u00e9liorer les conditions de vie des populations vuln\u00e9rables\u201d.<\/p>\n\n\n\n<p>\u201cNous travaillons en \u00e9troite collaboration avec plusieurs partenaires pour offrir aux coop\u00e9ratives les moyens n\u00e9cessaires \u00e0 leur succ\u00e8s, notamment par le biais de l\u2019accompagnement technique, des financements et des formations\u201d.<\/p>\n\n\n\n<p>Dans cette m\u00eame veine, le Chef du Service ing\u00e9nierie de formation au sein du CRDH de&nbsp;Casablanca-Settat, Tarik El Marrakchi, a soulign\u00e9 l\u2019importance du partenariat entre l\u2019INDH et l\u2019ODCO dans le soutien au d\u00e9veloppement des coop\u00e9ratives, faisant savoir que le CRDH soutient activement les initiatives qui visent \u00e0 renforcer l\u2019autonomisation des populations locales, en particulier les jeunes et les femmes.<\/p>\n\n\n\n<p>\u201cNous croyons fermement que le secteur coop\u00e9ratif est un vecteur cl\u00e9 pour le d\u00e9veloppement durable de notre r\u00e9gion, et nous mettons tout en \u0153uvre pour faciliter l\u2019acc\u00e8s des coop\u00e9ratives \u00e0 des ressources financi\u00e8res et techniques afin de favoriser leur succ\u00e8s\u201d, a-t-il fait savoir.<\/p>\n\n\n\n<p>La rencontre a \u00e9t\u00e9 marqu\u00e9e \u00e9galement par des expos\u00e9s sur les opportunit\u00e9s de financement et de formation, les programmes d\u2019accompagnement des entreprises coop\u00e9ratives \u00e9mergentes, et un \u00e9tat des lieux des secteurs les plus comp\u00e9titifs de la R\u00e9gion.<\/p>\n\n\n\n<p>Un \u201cIdeathon\u201d a \u00e9t\u00e9 organis\u00e9 en parall\u00e8le pour identifier des projets coop\u00e9ratifs \u00e0 fort impact social et \u00e9conomique. Ce concours d\u2019id\u00e9es cherche \u00e0 r\u00e9compenser les projets les plus innovants, porteurs d\u2019un impact social et \u00e9conomique tangible, dans le but de stimuler l\u2019investissement dans le secteur coop\u00e9ratif.<\/p>\n\n\n\n<p>Cette rencontre r\u00e9gionale de&nbsp;Casablanca-Settat s\u2019inscrit dans une s\u00e9rie d\u2019\u00e9v\u00e9nements similaires organis\u00e9s dans diff\u00e9rentes r\u00e9gions du Royaume, visant \u00e0 promouvoir l\u2019\u00e9conomie sociale et \u00e0 renforcer les coop\u00e9ratives en tant que moteur de d\u00e9veloppement territorial.<\/p>\n","protected":false},"excerpt":{"rendered":"<p>dpress Une rencontre r\u00e9gionale visant \u00e0 promouvoir l\u2019innovation et l\u2019entrepreneuriat coop\u00e9ratif a \u00e9t\u00e9 organis\u00e9e, hier au Centre de formation et d\u2019animation du tissu associatif et coop\u00e9ratif de\u00a0Casablanca-Settat, \u00e0 l\u2019initiative de la D\u00e9l\u00e9gation r\u00e9gionale de l\u2019Office du D\u00e9veloppement des Coop\u00e9ratives de la R\u00e9gion\u00a0Casablanca-Settat (ODCO). Tenue sous le th\u00e8me \u201cCoop\u00e9ratives innovantes pour un d\u00e9veloppement territorial durable\u201d, cette &hellip;<\/p>\n","protected":false},"author":2,"featured_media":13762,"comment_status":"open","ping_status":"open","sticky":false,"template":"","format":"standard","meta":{"footnotes":""},"categories":[40],"tags":[],"class_list":["post-13761","post","type-post","status-publish","format-standard","has-post-thumbnail","hentry","category-societe-et-regions"],"yoast_head":"<!-- This site is optimized with the Yoast SEO plugin v27.4 - https:\/\/yoast.com\/product\/yoast-seo-wordpress\/ -->\n<title>La promotion de l\u2019innovation dans l\u2019\u00e9cosyst\u00e8me coop\u00e9ratif marocain au centre d\u2019une rencontre r\u00e9gionale - Dpress.ma\/fr<\/title>\n<meta name=\"robots\" content=\"index, follow, max-snippet:-1, max-image-preview:large, max-video-preview:-1\" \/>\n<link rel=\"canonical\" href=\"https:\/\/dpress.ma\/fr\/2025\/04\/09\/la-promotion-de-linnovation-dans-lecosysteme-cooperatif-marocain-au-centre-dune-rencontre-regionale\/\" \/>\n<meta property=\"og:locale\" content=\"fr_FR\" \/>\n<meta property=\"og:type\" content=\"article\" \/>\n<meta property=\"og:title\" content=\"La promotion de l\u2019innovation dans l\u2019\u00e9cosyst\u00e8me coop\u00e9ratif marocain au centre d\u2019une rencontre r\u00e9gionale - Dpress.ma\/fr\" \/>\n<meta property=\"og:description\" content=\"dpress Une rencontre r\u00e9gionale visant \u00e0 promouvoir l\u2019innovation et l\u2019entrepreneuriat coop\u00e9ratif a \u00e9t\u00e9 organis\u00e9e, hier au Centre de formation et d\u2019animation du tissu associatif et coop\u00e9ratif de\u00a0Casablanca-Settat, \u00e0 l\u2019initiative de la D\u00e9l\u00e9gation r\u00e9gionale de l\u2019Office du D\u00e9veloppement des Coop\u00e9ratives de la R\u00e9gion\u00a0Casablanca-Settat (ODCO). Tenue sous le th\u00e8me \u201cCoop\u00e9ratives innovantes pour un d\u00e9veloppement territorial durable\u201d, cette &hellip;\" \/>\n<meta property=\"og:url\" content=\"https:\/\/dpress.ma\/fr\/2025\/04\/09\/la-promotion-de-linnovation-dans-lecosysteme-cooperatif-marocain-au-centre-dune-rencontre-regionale\/\" \/>\n<meta property=\"og:site_name\" content=\"Dpress.ma\/fr\" \/>\n<meta property=\"article:published_time\" content=\"2025-04-09T08:46:42+00:00\" \/>\n<meta property=\"article:modified_time\" content=\"2025-04-09T08:46:43+00:00\" \/>\n<meta property=\"og:image\" content=\"https:\/\/dpress.ma\/fr\/wp-content\/uploads\/sites\/2\/2025\/04\/dimensions2-38.jpg\" \/>\n\t<meta property=\"og:image:width\" content=\"2539\" \/>\n\t<meta property=\"og:image:height\" content=\"1594\" \/>\n\t<meta property=\"og:image:type\" content=\"image\/jpeg\" \/>\n<meta name=\"author\" content=\"Dpress.ma\" \/>\n<meta name=\"twitter:card\" content=\"summary_large_image\" \/>\n<meta name=\"twitter:label1\" content=\"\u00c9crit par\" \/>\n\t<meta name=\"twitter:data1\" content=\"Dpress.ma\" \/>\n\t<meta name=\"twitter:label2\" content=\"Dur\u00e9e de lecture estim\u00e9e\" \/>\n\t<meta name=\"twitter:data2\" content=\"5 minutes\" \/>\n<script type=\"application\/ld+json\" class=\"yoast-schema-graph\">{\"@context\":\"https:\\\/\\\/schema.org\",\"@graph\":[{\"@type\":\"Article\",\"@id\":\"https:\\\/\\\/dpress.ma\\\/fr\\\/2025\\\/04\\\/09\\\/la-promotion-de-linnovation-dans-lecosysteme-cooperatif-marocain-au-centre-dune-rencontre-regionale\\\/#article\",\"isPartOf\":{\"@id\":\"https:\\\/\\\/dpress.ma\\\/fr\\\/2025\\\/04\\\/09\\\/la-promotion-de-linnovation-dans-lecosysteme-cooperatif-marocain-au-centre-dune-rencontre-regionale\\\/\"},\"author\":{\"name\":\"Dpress.ma\",\"@id\":\"https:\\\/\\\/dpress.ma\\\/fr\\\/#\\\/schema\\\/person\\\/4898febf3ccd59e6578d838656a306a0\"},\"headline\":\"La promotion de l\u2019innovation dans l\u2019\u00e9cosyst\u00e8me coop\u00e9ratif marocain au centre d\u2019une rencontre r\u00e9gionale\",\"datePublished\":\"2025-04-09T08:46:42+00:00\",\"dateModified\":\"2025-04-09T08:46:43+00:00\",\"mainEntityOfPage\":{\"@id\":\"https:\\\/\\\/dpress.ma\\\/fr\\\/2025\\\/04\\\/09\\\/la-promotion-de-linnovation-dans-lecosysteme-cooperatif-marocain-au-centre-dune-rencontre-regionale\\\/\"},\"wordCount\":898,\"commentCount\":0,\"image\":{\"@id\":\"https:\\\/\\\/dpress.ma\\\/fr\\\/2025\\\/04\\\/09\\\/la-promotion-de-linnovation-dans-lecosysteme-cooperatif-marocain-au-centre-dune-rencontre-regionale\\\/#primaryimage\"},\"thumbnailUrl\":\"https:\\\/\\\/dpress.ma\\\/fr\\\/wp-content\\\/uploads\\\/sites\\\/2\\\/2025\\\/04\\\/dimensions2-38.jpg\",\"articleSection\":[\"societe et regions\"],\"inLanguage\":\"fr-FR\",\"potentialAction\":[{\"@type\":\"CommentAction\",\"name\":\"Comment\",\"target\":[\"https:\\\/\\\/dpress.ma\\\/fr\\\/2025\\\/04\\\/09\\\/la-promotion-de-linnovation-dans-lecosysteme-cooperatif-marocain-au-centre-dune-rencontre-regionale\\\/#respond\"]}]},{\"@type\":\"WebPage\",\"@id\":\"https:\\\/\\\/dpress.ma\\\/fr\\\/2025\\\/04\\\/09\\\/la-promotion-de-linnovation-dans-lecosysteme-cooperatif-marocain-au-centre-dune-rencontre-regionale\\\/\",\"url\":\"https:\\\/\\\/dpress.ma\\\/fr\\\/2025\\\/04\\\/09\\\/la-promotion-de-linnovation-dans-lecosysteme-cooperatif-marocain-au-centre-dune-rencontre-regionale\\\/\",\"name\":\"La promotion de l\u2019innovation dans l\u2019\u00e9cosyst\u00e8me coop\u00e9ratif marocain au centre d\u2019une rencontre r\u00e9gionale - Dpress.ma\\\/fr\",\"isPartOf\":{\"@id\":\"https:\\\/\\\/dpress.ma\\\/fr\\\/#website\"},\"primaryImageOfPage\":{\"@id\":\"https:\\\/\\\/dpress.ma\\\/fr\\\/2025\\\/04\\\/09\\\/la-promotion-de-linnovation-dans-lecosysteme-cooperatif-marocain-au-centre-dune-rencontre-regionale\\\/#primaryimage\"},\"image\":{\"@id\":\"https:\\\/\\\/dpress.ma\\\/fr\\\/2025\\\/04\\\/09\\\/la-promotion-de-linnovation-dans-lecosysteme-cooperatif-marocain-au-centre-dune-rencontre-regionale\\\/#primaryimage\"},\"thumbnailUrl\":\"https:\\\/\\\/dpress.ma\\\/fr\\\/wp-content\\\/uploads\\\/sites\\\/2\\\/2025\\\/04\\\/dimensions2-38.jpg\",\"datePublished\":\"2025-04-09T08:46:42+00:00\",\"dateModified\":\"2025-04-09T08:46:43+00:00\",\"author\":{\"@id\":\"https:\\\/\\\/dpress.ma\\\/fr\\\/#\\\/schema\\\/person\\\/4898febf3ccd59e6578d838656a306a0\"},\"breadcrumb\":{\"@id\":\"https:\\\/\\\/dpress.ma\\\/fr\\\/2025\\\/04\\\/09\\\/la-promotion-de-linnovation-dans-lecosysteme-cooperatif-marocain-au-centre-dune-rencontre-regionale\\\/#breadcrumb\"},\"inLanguage\":\"fr-FR\",\"potentialAction\":[{\"@type\":\"ReadAction\",\"target\":[\"https:\\\/\\\/dpress.ma\\\/fr\\\/2025\\\/04\\\/09\\\/la-promotion-de-linnovation-dans-lecosysteme-cooperatif-marocain-au-centre-dune-rencontre-regionale\\\/\"]}]},{\"@type\":\"ImageObject\",\"inLanguage\":\"fr-FR\",\"@id\":\"https:\\\/\\\/dpress.ma\\\/fr\\\/2025\\\/04\\\/09\\\/la-promotion-de-linnovation-dans-lecosysteme-cooperatif-marocain-au-centre-dune-rencontre-regionale\\\/#primaryimage\",\"url\":\"https:\\\/\\\/dpress.ma\\\/fr\\\/wp-content\\\/uploads\\\/sites\\\/2\\\/2025\\\/04\\\/dimensions2-38.jpg\",\"contentUrl\":\"https:\\\/\\\/dpress.ma\\\/fr\\\/wp-content\\\/uploads\\\/sites\\\/2\\\/2025\\\/04\\\/dimensions2-38.jpg\",\"width\":2539,\"height\":1594},{\"@type\":\"BreadcrumbList\",\"@id\":\"https:\\\/\\\/dpress.ma\\\/fr\\\/2025\\\/04\\\/09\\\/la-promotion-de-linnovation-dans-lecosysteme-cooperatif-marocain-au-centre-dune-rencontre-regionale\\\/#breadcrumb\",\"itemListElement\":[{\"@type\":\"ListItem\",\"position\":1,\"name\":\"Home\",\"item\":\"https:\\\/\\\/dpress.ma\\\/fr\\\/\"},{\"@type\":\"ListItem\",\"position\":2,\"name\":\"La promotion de l\u2019innovation dans l\u2019\u00e9cosyst\u00e8me coop\u00e9ratif marocain au centre d\u2019une rencontre r\u00e9gionale\"}]},{\"@type\":\"WebSite\",\"@id\":\"https:\\\/\\\/dpress.ma\\\/fr\\\/#website\",\"url\":\"https:\\\/\\\/dpress.ma\\\/fr\\\/\",\"name\":\"Dpress.ma\\\/fr\",\"description\":\"\",\"potentialAction\":[{\"@type\":\"SearchAction\",\"target\":{\"@type\":\"EntryPoint\",\"urlTemplate\":\"https:\\\/\\\/dpress.ma\\\/fr\\\/?s={search_term_string}\"},\"query-input\":{\"@type\":\"PropertyValueSpecification\",\"valueRequired\":true,\"valueName\":\"search_term_string\"}}],\"inLanguage\":\"fr-FR\"},{\"@type\":\"Person\",\"@id\":\"https:\\\/\\\/dpress.ma\\\/fr\\\/#\\\/schema\\\/person\\\/4898febf3ccd59e6578d838656a306a0\",\"name\":\"Dpress.ma\",\"image\":{\"@type\":\"ImageObject\",\"inLanguage\":\"fr-FR\",\"@id\":\"https:\\\/\\\/secure.gravatar.com\\\/avatar\\\/72ecc30e9db047a2e0e7176561eb9d564ed77c8108376495b19bd8336405198a?s=96&d=mm&r=g\",\"url\":\"https:\\\/\\\/secure.gravatar.com\\\/avatar\\\/72ecc30e9db047a2e0e7176561eb9d564ed77c8108376495b19bd8336405198a?s=96&d=mm&r=g\",\"contentUrl\":\"https:\\\/\\\/secure.gravatar.com\\\/avatar\\\/72ecc30e9db047a2e0e7176561eb9d564ed77c8108376495b19bd8336405198a?s=96&d=mm&r=g\",\"caption\":\"Dpress.ma\"},\"sameAs\":[\"https:\\\/\\\/www.dpress.ma\"],\"url\":\"https:\\\/\\\/dpress.ma\\\/fr\\\/author\\\/dpress-ma\\\/\"}]}<\/script>\n<!-- \/ Yoast SEO plugin. -->","yoast_head_json":{"title":"La promotion de l\u2019innovation dans l\u2019\u00e9cosyst\u00e8me coop\u00e9ratif marocain au centre d\u2019une rencontre r\u00e9gionale - Dpress.ma\/fr","robots":{"index":"index","follow":"follow","max-snippet":"max-snippet:-1","max-image-preview":"max-image-preview:large","max-video-preview":"max-video-preview:-1"},"canonical":"https:\/\/dpress.ma\/fr\/2025\/04\/09\/la-promotion-de-linnovation-dans-lecosysteme-cooperatif-marocain-au-centre-dune-rencontre-regionale\/","og_locale":"fr_FR","og_type":"article","og_title":"La promotion de l\u2019innovation dans l\u2019\u00e9cosyst\u00e8me coop\u00e9ratif marocain au centre d\u2019une rencontre r\u00e9gionale - Dpress.ma\/fr","og_description":"dpress Une rencontre r\u00e9gionale visant \u00e0 promouvoir l\u2019innovation et l\u2019entrepreneuriat coop\u00e9ratif a \u00e9t\u00e9 organis\u00e9e, hier au Centre de formation et d\u2019animation du tissu associatif et coop\u00e9ratif de\u00a0Casablanca-Settat, \u00e0 l\u2019initiative de la D\u00e9l\u00e9gation r\u00e9gionale de l\u2019Office du D\u00e9veloppement des Coop\u00e9ratives de la R\u00e9gion\u00a0Casablanca-Settat (ODCO). Tenue sous le th\u00e8me \u201cCoop\u00e9ratives innovantes pour un d\u00e9veloppement territorial durable\u201d, cette &hellip;","og_url":"https:\/\/dpress.ma\/fr\/2025\/04\/09\/la-promotion-de-linnovation-dans-lecosysteme-cooperatif-marocain-au-centre-dune-rencontre-regionale\/","og_site_name":"Dpress.ma\/fr","article_published_time":"2025-04-09T08:46:42+00:00","article_modified_time":"2025-04-09T08:46:43+00:00","og_image":[{"width":2539,"height":1594,"url":"https:\/\/dpress.ma\/fr\/wp-content\/uploads\/sites\/2\/2025\/04\/dimensions2-38.jpg","type":"image\/jpeg"}],"author":"Dpress.ma","twitter_card":"summary_large_image","twitter_misc":{"\u00c9crit par":"Dpress.ma","Dur\u00e9e de lecture estim\u00e9e":"5 minutes"},"schema":{"@context":"https:\/\/schema.org","@graph":[{"@type":"Article","@id":"https:\/\/dpress.ma\/fr\/2025\/04\/09\/la-promotion-de-linnovation-dans-lecosysteme-cooperatif-marocain-au-centre-dune-rencontre-regionale\/#article","isPartOf":{"@id":"https:\/\/dpress.ma\/fr\/2025\/04\/09\/la-promotion-de-linnovation-dans-lecosysteme-cooperatif-marocain-au-centre-dune-rencontre-regionale\/"},"author":{"name":"Dpress.ma","@id":"https:\/\/dpress.ma\/fr\/#\/schema\/person\/4898febf3ccd59e6578d838656a306a0"},"headline":"La promotion de l\u2019innovation dans l\u2019\u00e9cosyst\u00e8me coop\u00e9ratif marocain au centre d\u2019une rencontre r\u00e9gionale","datePublished":"2025-04-09T08:46:42+00:00","dateModified":"2025-04-09T08:46:43+00:00","mainEntityOfPage":{"@id":"https:\/\/dpress.ma\/fr\/2025\/04\/09\/la-promotion-de-linnovation-dans-lecosysteme-cooperatif-marocain-au-centre-dune-rencontre-regionale\/"},"wordCount":898,"commentCount":0,"image":{"@id":"https:\/\/dpress.ma\/fr\/2025\/04\/09\/la-promotion-de-linnovation-dans-lecosysteme-cooperatif-marocain-au-centre-dune-rencontre-regionale\/#primaryimage"},"thumbnailUrl":"https:\/\/dpress.ma\/fr\/wp-content\/uploads\/sites\/2\/2025\/04\/dimensions2-38.jpg","articleSection":["societe et regions"],"inLanguage":"fr-FR","potentialAction":[{"@type":"CommentAction","name":"Comment","target":["https:\/\/dpress.ma\/fr\/2025\/04\/09\/la-promotion-de-linnovation-dans-lecosysteme-cooperatif-marocain-au-centre-dune-rencontre-regionale\/#respond"]}]},{"@type":"WebPage","@id":"https:\/\/dpress.ma\/fr\/2025\/04\/09\/la-promotion-de-linnovation-dans-lecosysteme-cooperatif-marocain-au-centre-dune-rencontre-regionale\/","url":"https:\/\/dpress.ma\/fr\/2025\/04\/09\/la-promotion-de-linnovation-dans-lecosysteme-cooperatif-marocain-au-centre-dune-rencontre-regionale\/","name":"La promotion de l\u2019innovation dans l\u2019\u00e9cosyst\u00e8me coop\u00e9ratif marocain au centre d\u2019une rencontre r\u00e9gionale - Dpress.ma\/fr","isPartOf":{"@id":"https:\/\/dpress.ma\/fr\/#website"},"primaryImageOfPage":{"@id":"https:\/\/dpress.ma\/fr\/2025\/04\/09\/la-promotion-de-linnovation-dans-lecosysteme-cooperatif-marocain-au-centre-dune-rencontre-regionale\/#primaryimage"},"image":{"@id":"https:\/\/dpress.ma\/fr\/2025\/04\/09\/la-promotion-de-linnovation-dans-lecosysteme-cooperatif-marocain-au-centre-dune-rencontre-regionale\/#primaryimage"},"thumbnailUrl":"https:\/\/dpress.ma\/fr\/wp-content\/uploads\/sites\/2\/2025\/04\/dimensions2-38.jpg","datePublished":"2025-04-09T08:46:42+00:00","dateModified":"2025-04-09T08:46:43+00:00","author":{"@id":"https:\/\/dpress.ma\/fr\/#\/schema\/person\/4898febf3ccd59e6578d838656a306a0"},"breadcrumb":{"@id":"https:\/\/dpress.ma\/fr\/2025\/04\/09\/la-promotion-de-linnovation-dans-lecosysteme-cooperatif-marocain-au-centre-dune-rencontre-regionale\/#breadcrumb"},"inLanguage":"fr-FR","potentialAction":[{"@type":"ReadAction","target":["https:\/\/dpress.ma\/fr\/2025\/04\/09\/la-promotion-de-linnovation-dans-lecosysteme-cooperatif-marocain-au-centre-dune-rencontre-regionale\/"]}]},{"@type":"ImageObject","inLanguage":"fr-FR","@id":"https:\/\/dpress.ma\/fr\/2025\/04\/09\/la-promotion-de-linnovation-dans-lecosysteme-cooperatif-marocain-au-centre-dune-rencontre-regionale\/#primaryimage","url":"https:\/\/dpress.ma\/fr\/wp-content\/uploads\/sites\/2\/2025\/04\/dimensions2-38.jpg","contentUrl":"https:\/\/dpress.ma\/fr\/wp-content\/uploads\/sites\/2\/2025\/04\/dimensions2-38.jpg","width":2539,"height":1594},{"@type":"BreadcrumbList","@id":"https:\/\/dpress.ma\/fr\/2025\/04\/09\/la-promotion-de-linnovation-dans-lecosysteme-cooperatif-marocain-au-centre-dune-rencontre-regionale\/#breadcrumb","itemListElement":[{"@type":"ListItem","position":1,"name":"Home","item":"https:\/\/dpress.ma\/fr\/"},{"@type":"ListItem","position":2,"name":"La promotion de l\u2019innovation dans l\u2019\u00e9cosyst\u00e8me coop\u00e9ratif marocain au centre d\u2019une rencontre r\u00e9gionale"}]},{"@type":"WebSite","@id":"https:\/\/dpress.ma\/fr\/#website","url":"https:\/\/dpress.ma\/fr\/","name":"Dpress.ma\/fr","description":"","potentialAction":[{"@type":"SearchAction","target":{"@type":"EntryPoint","urlTemplate":"https:\/\/dpress.ma\/fr\/?s={search_term_string}"},"query-input":{"@type":"PropertyValueSpecification","valueRequired":true,"valueName":"search_term_string"}}],"inLanguage":"fr-FR"},{"@type":"Person","@id":"https:\/\/dpress.ma\/fr\/#\/schema\/person\/4898febf3ccd59e6578d838656a306a0","name":"Dpress.ma","image":{"@type":"ImageObject","inLanguage":"fr-FR","@id":"https:\/\/secure.gravatar.com\/avatar\/72ecc30e9db047a2e0e7176561eb9d564ed77c8108376495b19bd8336405198a?s=96&d=mm&r=g","url":"https:\/\/secure.gravatar.com\/avatar\/72ecc30e9db047a2e0e7176561eb9d564ed77c8108376495b19bd8336405198a?s=96&d=mm&r=g","contentUrl":"https:\/\/secure.gravatar.com\/avatar\/72ecc30e9db047a2e0e7176561eb9d564ed77c8108376495b19bd8336405198a?s=96&d=mm&r=g","caption":"Dpress.ma"},"sameAs":["https:\/\/www.dpress.ma"],"url":"https:\/\/dpress.ma\/fr\/author\/dpress-ma\/"}]}},"amp_enabled":true,"_links":{"self":[{"href":"https:\/\/dpress.ma\/fr\/wp-json\/wp\/v2\/posts\/13761","targetHints":{"allow":["GET"]}}],"collection":[{"href":"https:\/\/dpress.ma\/fr\/wp-json\/wp\/v2\/posts"}],"about":[{"href":"https:\/\/dpress.ma\/fr\/wp-json\/wp\/v2\/types\/post"}],"author":[{"embeddable":true,"href":"https:\/\/dpress.ma\/fr\/wp-json\/wp\/v2\/users\/2"}],"replies":[{"embeddable":true,"href":"https:\/\/dpress.ma\/fr\/wp-json\/wp\/v2\/comments?post=13761"}],"version-history":[{"count":1,"href":"https:\/\/dpress.ma\/fr\/wp-json\/wp\/v2\/posts\/13761\/revisions"}],"predecessor-version":[{"id":13763,"href":"https:\/\/dpress.ma\/fr\/wp-json\/wp\/v2\/posts\/13761\/revisions\/13763"}],"wp:featuredmedia":[{"embeddable":true,"href":"https:\/\/dpress.ma\/fr\/wp-json\/wp\/v2\/media\/13762"}],"wp:attachment":[{"href":"https:\/\/dpress.ma\/fr\/wp-json\/wp\/v2\/media?parent=13761"}],"wp:term":[{"taxonomy":"category","embeddable":true,"href":"https:\/\/dpress.ma\/fr\/wp-json\/wp\/v2\/categories?post=13761"},{"taxonomy":"post_tag","embeddable":true,"href":"https:\/\/dpress.ma\/fr\/wp-json\/wp\/v2\/tags?post=13761"}],"curies":[{"name":"wp","href":"https:\/\/api.w.org\/{rel}","templated":true}]}}