{"id":13464,"date":"2025-03-26T11:15:59","date_gmt":"2025-03-26T11:15:59","guid":{"rendered":"https:\/\/dpress.ma\/fr\/?p=13464"},"modified":"2025-03-26T11:16:01","modified_gmt":"2025-03-26T11:16:01","slug":"le-ramadan-et-les-nomades-de-loriental-quand-la-simplicite-se-mele-a-la-spiritualite","status":"publish","type":"post","link":"https:\/\/dpress.ma\/fr\/2025\/03\/26\/le-ramadan-et-les-nomades-de-loriental-quand-la-simplicite-se-mele-a-la-spiritualite\/","title":{"rendered":"Le Ramadan et les nomades de l&rsquo;Oriental : Quand la simplicit\u00e9 se m\u00eale \u00e0 la spiritualit\u00e9"},"content":{"rendered":"\n<p class=\"wp-block-paragraph\">dpress<\/p>\n\n\n\n<p class=\"wp-block-paragraph\">Au c\u0153ur d\u2019un vaste territoire semi-d\u00e9sertique dans la r\u00e9gion de l\u2019Oriental, les nomades vivent les jours du Ramadan en parfaite harmonie avec la nature&nbsp;: Un style de vie simple empreint d\u2019une atmosph\u00e8re spirituelle particuli\u00e8re qui met en avant la profondeur de leur lien avec les coutumes et traditions authentiques.<\/p>\n\n\n\n<p class=\"wp-block-paragraph\">Visible dans les d\u00e9tails de leur quotidien, cette harmonie refl\u00e8te la force de leur foi, synonyme de tranquillit\u00e9 et de satisfaction, et o\u00f9 leur vie devient un t\u00e9moignage vivant de l\u2019\u00e2me humaine lorsqu\u2019elle se fonde dans l\u2019h\u00e9ritage culturel et les traditions h\u00e9rit\u00e9es de g\u00e9n\u00e9ration en g\u00e9n\u00e9ration.<\/p>\n\n\n\n<p class=\"wp-block-paragraph\">Les nuits ramadanesques, sombres et froides pendant cette saison, apportent une saveur particuli\u00e8re \u00e0 la vie des nomades&nbsp;: Les membres de la famille se rassemblent autour d\u2019un feu tranquille, \u00e9changeant sur les voyages des nomades et les histoires de leurs anc\u00eatres, et discutant des \u00e9v\u00e9nements qui ponctuent leur vie quotidienne, tandis que les lumi\u00e8res des lanternes traditionnelles brillent, ajoutant un charme particulier \u00e0 l\u2019atmosph\u00e8re.<\/p>\n\n\n\n<p class=\"wp-block-paragraph\">Dans la commune d\u2019Ouled Ghziyel, dans le cercle d\u2019Ain Bni Mathar (province de Jerada), la journ\u00e9e des nomades durant le ramadan d\u00e9bute aux premi\u00e8res lueurs de l\u2019aube, lorsque les hommes partent avec le troupeau de b\u00e9tail \u00e0 la recherche de p\u00e2turages et d\u2019eau, tandis que les femmes s\u2019occupent de g\u00e9rer la tente et de pr\u00e9parer les n\u00e9cessit\u00e9s de la journ\u00e9e, et malgr\u00e9 les conditions m\u00e9t\u00e9orologiques climatiques instables qui caract\u00e9risent cette r\u00e9gion, ils continuent leur je\u00fbne avec patience, puisant leur force dans leur foi profonde.<\/p>\n\n\n\n<p class=\"wp-block-paragraph\">Hassan Jebbour, un nomade d\u2019Ouled Ghziyel, se r\u00e9veille t\u00f4t pour commencer la journ\u00e9e du bon pied. A l\u2019aube, il l\u00e2che le b\u00e9tail en p\u00e2ture et ne revient chez lui qu\u2019\u00e0 midi pour se reposer un peu en pr\u00e9vision d\u2019une autre sortie dans l\u2019apr\u00e8s-midi.<\/p>\n\n\n\n<p class=\"wp-block-paragraph\">Avant l\u2019appel \u00e0 la pri\u00e8re d\u2019Al Maghrib, lui et sa femme tiennent \u00e0 pr\u00e9parer le repas de l\u2019iftar qui rassemble tous les membres de la famille autour d\u2019une m\u00eame table, compos\u00e9e principalement de lait, de dattes, de th\u00e9 et de harira, des produits essentiels de la table des nomades, en plus de p\u00e2tisseries que leurs femmes ma\u00eetrisent et qu\u2019elles pr\u00e9parent \u00e0 partir d\u2019aliments et d\u2019ingr\u00e9dients simples dont elles disposent.<\/p>\n\n\n\n<p class=\"wp-block-paragraph\">Hassan Jebbour a expliqu\u00e9, dans une interview accord\u00e9e \u00e0 la MAP, que les nomades tiennent \u00e0 accomplir les rituels religieux, notamment la pri\u00e8re de Tarawih, \u00e0 son heure, malgr\u00e9 l\u2019\u00e9loignement des centres urbains et des mosqu\u00e9es, notant que certaines familles installent de petites tentes pour prier, tandis que d\u2019autres recourent aux moyens de transport disponibles pour se rendre dans des mosqu\u00e9es, parfois \u00e0 plusieurs kilom\u00e8tres, pour accomplir les pri\u00e8res d\u2019Isha et de Tarawih.<\/p>\n\n\n\n<p class=\"wp-block-paragraph\">A cet \u00e9gard, il a soulign\u00e9 qu\u2019apr\u00e8s la rupture du je\u00fbne et la pri\u00e8re de Tarawih il s\u2019assoit avec les membres de sa famille pour r\u00e9citer des versets du Saint Coran, dans une atmosph\u00e8re remplie de qui\u00e9tude, avant de discuter de leurs affaires quotidiennes et planifier les itin\u00e9raires des caravanes pastorales, dans une tradition qui refl\u00e8te l\u2019importance de la sagesse collective dans la gestion de la vie b\u00e9douine.<\/p>\n\n\n\n<p class=\"wp-block-paragraph\">Pour sa part, Fatima Jebbour a fait savoir que durant le mois sacr\u00e9 les femmes entament les pr\u00e9paratifs d\u00e8s le matin&nbsp;: ramassent du bois, apportent de l\u2019eau et pr\u00e9parent le pain traditionnel, en plus de la harira, \u00abmsemen\u00bb ou \u00ab baghrir\u00bb pour le repas de l\u2019iftar.<\/p>\n\n\n\n<p class=\"wp-block-paragraph\">Pour ce qui est du repas du S\u2019hour, a-t-elle poursuivi, il repose sur des aliments simples comme le lait de ch\u00e8vre, le pain et les dattes, pr\u00e9cisant que la c\u00e9l\u00e9bration de la nuit du milieu du mois de Ramadan et de Laylat Al Qadr se distingue par des rituels particuliers, o\u00f9 le \u00abBarkoukoush\u00bb ou \u00abTrid\u00bb est pr\u00e9par\u00e9 avec du poulet local, ou encore \u00abGueddid\u00bb, autour duquel les familles se retrouvent dans une tradition qui refl\u00e8te leur attachement \u00e0 leur patrimoine culturel ancestral, transmis de g\u00e9n\u00e9ration en g\u00e9n\u00e9ration.<\/p>\n\n\n\n<p class=\"wp-block-paragraph\">Bien que ces rituels du Ramadan ne soient pas sans d\u00e9fis, les valeurs de coop\u00e9ration et de solidarit\u00e9 restent pr\u00e9dominantes, car les familles proches partagent leurs maigres ressources, incarnant l\u2019esprit de solidarit\u00e9 qui caract\u00e9rise la vie \u00e0 la campagne.<\/p>\n\n\n\n<p class=\"wp-block-paragraph\">A cet \u00e9gard, Jamal Haddadi, professeur \u00e0 l\u2019Universit\u00e9 Mohammed Premier d\u2019Oujda et chercheur en patrimoine, a relev\u00e9 que la vie nomade, notamment pendant le Ramadan, repose sur une r\u00e9partition des r\u00f4les au sein de la famille. Les hommes s\u2019occupent du b\u00e9tail, les femmes g\u00e8rent la tente et les enfants participent aux t\u00e2ches quotidiennes comme la collecte du bois et l\u2019approvisionnement en eau, ce qui les aide \u00e0 d\u00e9velopper leur autonomie d\u00e8s leur plus jeune \u00e2ge.<\/p>\n\n\n\n<p class=\"wp-block-paragraph\">Il a encha\u00een\u00e9 que les nomades sont rest\u00e9s fid\u00e8les \u00e0 leur mode de vie, consid\u00e9rant le Ramadan comme une occasion de consolider les valeurs religieuses et sociales et de renforcer les liens familiaux, affirmant que malgr\u00e9 l\u2019\u00e9loignement des mosqu\u00e9es et des centres urbains, ils tiennent \u00e0 c\u00e9l\u00e9brer ce mois avec les moyens que leur permet leur environnement.<\/p>\n\n\n\n<p class=\"wp-block-paragraph\">Ce professeur-chercheur a estim\u00e9 que parler de nomades revient \u00e0 parler d\u2019une culture et d\u2019un mode de vie qui implique le d\u00e9placement constant \u00e0 la recherche de p\u00e2turages et d\u2019eau, notant que cette cat\u00e9gorie est confront\u00e9e \u00e0 des d\u00e9fis croissants en raison du changement climatique, qui a contraint certaines familles \u00e0 migrer vers les villes.<\/p>\n\n\n\n<p class=\"wp-block-paragraph\">Il a mis l\u2019accent, dans ce sens, sur l\u2019imp\u00e9ratif de pr\u00e9server la culture des nomades et de documenter leur patrimoine, y compris leurs habitudes alimentaires, leurs v\u00eatements traditionnels et les styles qu\u2019ils adoptent pour s\u2019adapter \u00e0 leur environnement difficile, car, selon lui, les nomades ne repr\u00e9sentent pas seulement un mode de vie, mais constituent plut\u00f4t une partie int\u00e9grante de l\u2019identit\u00e9 culturelle de la r\u00e9gion de l\u2019Oriental.<\/p>\n\n\n\n<p class=\"wp-block-paragraph\">La vie des nomades pendant le Ramadan, avec tous ses d\u00e9fis et ses rituels, refl\u00e8te la coexistence extraordinaire de l\u2019\u00eatre humain avec son environnement, et est aussi une v\u00e9ritable incarnation des valeurs de solidarit\u00e9 et de soutien mutuel entre les membres de la famille et de la soci\u00e9t\u00e9.<\/p>\n\n\n\n<p class=\"wp-block-paragraph\">A la lumi\u00e8re des pressions auxquelles cette cat\u00e9gorie est confront\u00e9e, notamment les changements climatiques, \u00e9conomiques et sociaux, il subsiste un espoir de faire revivre ce patrimoine et de le prot\u00e9ger de l\u2019extinction, non seulement par un soutien continu, mais aussi en reconnaissant l\u2019importance de la culture nomade et en pr\u00e9servant leur mode de vie comme une composante essentielle de l\u2019identit\u00e9 de la r\u00e9gion de l\u2019Oriental.<\/p>\n","protected":false},"excerpt":{"rendered":"<p>dpress Au c\u0153ur d\u2019un vaste territoire semi-d\u00e9sertique dans la r\u00e9gion de l\u2019Oriental, les nomades vivent les jours du Ramadan en parfaite harmonie avec la nature&nbsp;: Un style de vie simple empreint d\u2019une atmosph\u00e8re spirituelle particuli\u00e8re qui met en avant la profondeur de leur lien avec les coutumes et traditions authentiques. Visible dans les d\u00e9tails de &hellip;<\/p>\n","protected":false},"author":2,"featured_media":13465,"comment_status":"open","ping_status":"open","sticky":false,"template":"","format":"standard","meta":{"footnotes":""},"categories":[40],"tags":[],"class_list":["post-13464","post","type-post","status-publish","format-standard","has-post-thumbnail","hentry","category-societe-et-regions"],"yoast_head":"<!-- This site is optimized with the Yoast SEO plugin v28.0 - https:\/\/yoast.com\/product\/yoast-seo-wordpress\/ -->\n<title>Le Ramadan et les nomades de l&#039;Oriental : Quand la simplicit\u00e9 se m\u00eale \u00e0 la spiritualit\u00e9 - Dpress.ma\/fr<\/title>\n<meta name=\"robots\" content=\"index, follow, max-snippet:-1, max-image-preview:large, max-video-preview:-1\" \/>\n<link rel=\"canonical\" href=\"https:\/\/dpress.ma\/fr\/2025\/03\/26\/le-ramadan-et-les-nomades-de-loriental-quand-la-simplicite-se-mele-a-la-spiritualite\/\" \/>\n<meta property=\"og:locale\" content=\"fr_FR\" \/>\n<meta property=\"og:type\" content=\"article\" \/>\n<meta property=\"og:title\" content=\"Le Ramadan et les nomades de l&#039;Oriental : Quand la simplicit\u00e9 se m\u00eale \u00e0 la spiritualit\u00e9 - Dpress.ma\/fr\" \/>\n<meta property=\"og:description\" content=\"dpress Au c\u0153ur d\u2019un vaste territoire semi-d\u00e9sertique dans la r\u00e9gion de l\u2019Oriental, les nomades vivent les jours du Ramadan en parfaite harmonie avec la nature&nbsp;: Un style de vie simple empreint d\u2019une atmosph\u00e8re spirituelle particuli\u00e8re qui met en avant la profondeur de leur lien avec les coutumes et traditions authentiques. Visible dans les d\u00e9tails de &hellip;\" \/>\n<meta property=\"og:url\" content=\"https:\/\/dpress.ma\/fr\/2025\/03\/26\/le-ramadan-et-les-nomades-de-loriental-quand-la-simplicite-se-mele-a-la-spiritualite\/\" \/>\n<meta property=\"og:site_name\" content=\"Dpress.ma\/fr\" \/>\n<meta property=\"article:published_time\" content=\"2025-03-26T11:15:59+00:00\" \/>\n<meta property=\"article:modified_time\" content=\"2025-03-26T11:16:01+00:00\" \/>\n<meta property=\"og:image\" content=\"https:\/\/dpress.ma\/fr\/wp-content\/uploads\/sites\/2\/2025\/03\/dimensions2-99.jpg\" \/>\n\t<meta property=\"og:image:width\" content=\"2539\" \/>\n\t<meta property=\"og:image:height\" content=\"1594\" \/>\n\t<meta property=\"og:image:type\" content=\"image\/jpeg\" \/>\n<meta name=\"author\" content=\"Dpress.ma\" \/>\n<meta name=\"twitter:card\" content=\"summary_large_image\" \/>\n<meta name=\"twitter:label1\" content=\"\u00c9crit par\" \/>\n\t<meta name=\"twitter:data1\" content=\"Dpress.ma\" \/>\n\t<meta name=\"twitter:label2\" content=\"Dur\u00e9e de lecture estim\u00e9e\" \/>\n\t<meta name=\"twitter:data2\" content=\"6 minutes\" \/>\n<script type=\"application\/ld+json\" class=\"yoast-schema-graph\">{\"@context\":\"https:\\\/\\\/schema.org\",\"@graph\":[{\"@type\":\"Article\",\"@id\":\"https:\\\/\\\/dpress.ma\\\/fr\\\/2025\\\/03\\\/26\\\/le-ramadan-et-les-nomades-de-loriental-quand-la-simplicite-se-mele-a-la-spiritualite\\\/#article\",\"isPartOf\":{\"@id\":\"https:\\\/\\\/dpress.ma\\\/fr\\\/2025\\\/03\\\/26\\\/le-ramadan-et-les-nomades-de-loriental-quand-la-simplicite-se-mele-a-la-spiritualite\\\/\"},\"author\":{\"name\":\"Dpress.ma\",\"@id\":\"https:\\\/\\\/dpress.ma\\\/fr\\\/#\\\/schema\\\/person\\\/4898febf3ccd59e6578d838656a306a0\"},\"headline\":\"Le Ramadan et les nomades de l&rsquo;Oriental : Quand la simplicit\u00e9 se m\u00eale \u00e0 la spiritualit\u00e9\",\"datePublished\":\"2025-03-26T11:15:59+00:00\",\"dateModified\":\"2025-03-26T11:16:01+00:00\",\"mainEntityOfPage\":{\"@id\":\"https:\\\/\\\/dpress.ma\\\/fr\\\/2025\\\/03\\\/26\\\/le-ramadan-et-les-nomades-de-loriental-quand-la-simplicite-se-mele-a-la-spiritualite\\\/\"},\"wordCount\":1203,\"commentCount\":0,\"image\":{\"@id\":\"https:\\\/\\\/dpress.ma\\\/fr\\\/2025\\\/03\\\/26\\\/le-ramadan-et-les-nomades-de-loriental-quand-la-simplicite-se-mele-a-la-spiritualite\\\/#primaryimage\"},\"thumbnailUrl\":\"https:\\\/\\\/dpress.ma\\\/fr\\\/wp-content\\\/uploads\\\/sites\\\/2\\\/2025\\\/03\\\/dimensions2-99.jpg\",\"articleSection\":[\"societe et regions\"],\"inLanguage\":\"fr-FR\",\"potentialAction\":[{\"@type\":\"CommentAction\",\"name\":\"Comment\",\"target\":[\"https:\\\/\\\/dpress.ma\\\/fr\\\/2025\\\/03\\\/26\\\/le-ramadan-et-les-nomades-de-loriental-quand-la-simplicite-se-mele-a-la-spiritualite\\\/#respond\"]}]},{\"@type\":\"WebPage\",\"@id\":\"https:\\\/\\\/dpress.ma\\\/fr\\\/2025\\\/03\\\/26\\\/le-ramadan-et-les-nomades-de-loriental-quand-la-simplicite-se-mele-a-la-spiritualite\\\/\",\"url\":\"https:\\\/\\\/dpress.ma\\\/fr\\\/2025\\\/03\\\/26\\\/le-ramadan-et-les-nomades-de-loriental-quand-la-simplicite-se-mele-a-la-spiritualite\\\/\",\"name\":\"Le Ramadan et les nomades de l'Oriental : Quand la simplicit\u00e9 se m\u00eale \u00e0 la spiritualit\u00e9 - Dpress.ma\\\/fr\",\"isPartOf\":{\"@id\":\"https:\\\/\\\/dpress.ma\\\/fr\\\/#website\"},\"primaryImageOfPage\":{\"@id\":\"https:\\\/\\\/dpress.ma\\\/fr\\\/2025\\\/03\\\/26\\\/le-ramadan-et-les-nomades-de-loriental-quand-la-simplicite-se-mele-a-la-spiritualite\\\/#primaryimage\"},\"image\":{\"@id\":\"https:\\\/\\\/dpress.ma\\\/fr\\\/2025\\\/03\\\/26\\\/le-ramadan-et-les-nomades-de-loriental-quand-la-simplicite-se-mele-a-la-spiritualite\\\/#primaryimage\"},\"thumbnailUrl\":\"https:\\\/\\\/dpress.ma\\\/fr\\\/wp-content\\\/uploads\\\/sites\\\/2\\\/2025\\\/03\\\/dimensions2-99.jpg\",\"datePublished\":\"2025-03-26T11:15:59+00:00\",\"dateModified\":\"2025-03-26T11:16:01+00:00\",\"author\":{\"@id\":\"https:\\\/\\\/dpress.ma\\\/fr\\\/#\\\/schema\\\/person\\\/4898febf3ccd59e6578d838656a306a0\"},\"breadcrumb\":{\"@id\":\"https:\\\/\\\/dpress.ma\\\/fr\\\/2025\\\/03\\\/26\\\/le-ramadan-et-les-nomades-de-loriental-quand-la-simplicite-se-mele-a-la-spiritualite\\\/#breadcrumb\"},\"inLanguage\":\"fr-FR\",\"potentialAction\":[{\"@type\":\"ReadAction\",\"target\":[\"https:\\\/\\\/dpress.ma\\\/fr\\\/2025\\\/03\\\/26\\\/le-ramadan-et-les-nomades-de-loriental-quand-la-simplicite-se-mele-a-la-spiritualite\\\/\"]}]},{\"@type\":\"ImageObject\",\"inLanguage\":\"fr-FR\",\"@id\":\"https:\\\/\\\/dpress.ma\\\/fr\\\/2025\\\/03\\\/26\\\/le-ramadan-et-les-nomades-de-loriental-quand-la-simplicite-se-mele-a-la-spiritualite\\\/#primaryimage\",\"url\":\"https:\\\/\\\/dpress.ma\\\/fr\\\/wp-content\\\/uploads\\\/sites\\\/2\\\/2025\\\/03\\\/dimensions2-99.jpg\",\"contentUrl\":\"https:\\\/\\\/dpress.ma\\\/fr\\\/wp-content\\\/uploads\\\/sites\\\/2\\\/2025\\\/03\\\/dimensions2-99.jpg\",\"width\":2539,\"height\":1594},{\"@type\":\"BreadcrumbList\",\"@id\":\"https:\\\/\\\/dpress.ma\\\/fr\\\/2025\\\/03\\\/26\\\/le-ramadan-et-les-nomades-de-loriental-quand-la-simplicite-se-mele-a-la-spiritualite\\\/#breadcrumb\",\"itemListElement\":[{\"@type\":\"ListItem\",\"position\":1,\"name\":\"Home\",\"item\":\"https:\\\/\\\/dpress.ma\\\/fr\\\/\"},{\"@type\":\"ListItem\",\"position\":2,\"name\":\"Le Ramadan et les nomades de l&#8217;Oriental : Quand la simplicit\u00e9 se m\u00eale \u00e0 la spiritualit\u00e9\"}]},{\"@type\":\"WebSite\",\"@id\":\"https:\\\/\\\/dpress.ma\\\/fr\\\/#website\",\"url\":\"https:\\\/\\\/dpress.ma\\\/fr\\\/\",\"name\":\"Dpress.ma\\\/fr\",\"description\":\"\",\"potentialAction\":[{\"@type\":\"SearchAction\",\"target\":{\"@type\":\"EntryPoint\",\"urlTemplate\":\"https:\\\/\\\/dpress.ma\\\/fr\\\/?s={search_term_string}\"},\"query-input\":{\"@type\":\"PropertyValueSpecification\",\"valueRequired\":true,\"valueName\":\"search_term_string\"}}],\"inLanguage\":\"fr-FR\"},{\"@type\":\"Person\",\"@id\":\"https:\\\/\\\/dpress.ma\\\/fr\\\/#\\\/schema\\\/person\\\/4898febf3ccd59e6578d838656a306a0\",\"name\":\"Dpress.ma\",\"image\":{\"@type\":\"ImageObject\",\"inLanguage\":\"fr-FR\",\"@id\":\"https:\\\/\\\/secure.gravatar.com\\\/avatar\\\/72ecc30e9db047a2e0e7176561eb9d564ed77c8108376495b19bd8336405198a?s=96&d=mm&r=g\",\"url\":\"https:\\\/\\\/secure.gravatar.com\\\/avatar\\\/72ecc30e9db047a2e0e7176561eb9d564ed77c8108376495b19bd8336405198a?s=96&d=mm&r=g\",\"contentUrl\":\"https:\\\/\\\/secure.gravatar.com\\\/avatar\\\/72ecc30e9db047a2e0e7176561eb9d564ed77c8108376495b19bd8336405198a?s=96&d=mm&r=g\",\"caption\":\"Dpress.ma\"},\"sameAs\":[\"https:\\\/\\\/www.dpress.ma\"],\"url\":\"https:\\\/\\\/dpress.ma\\\/fr\\\/author\\\/dpress-ma\\\/\"}]}<\/script>\n<!-- \/ Yoast SEO plugin. -->","yoast_head_json":{"title":"Le Ramadan et les nomades de l'Oriental : Quand la simplicit\u00e9 se m\u00eale \u00e0 la spiritualit\u00e9 - Dpress.ma\/fr","robots":{"index":"index","follow":"follow","max-snippet":"max-snippet:-1","max-image-preview":"max-image-preview:large","max-video-preview":"max-video-preview:-1"},"canonical":"https:\/\/dpress.ma\/fr\/2025\/03\/26\/le-ramadan-et-les-nomades-de-loriental-quand-la-simplicite-se-mele-a-la-spiritualite\/","og_locale":"fr_FR","og_type":"article","og_title":"Le Ramadan et les nomades de l'Oriental : Quand la simplicit\u00e9 se m\u00eale \u00e0 la spiritualit\u00e9 - Dpress.ma\/fr","og_description":"dpress Au c\u0153ur d\u2019un vaste territoire semi-d\u00e9sertique dans la r\u00e9gion de l\u2019Oriental, les nomades vivent les jours du Ramadan en parfaite harmonie avec la nature&nbsp;: Un style de vie simple empreint d\u2019une atmosph\u00e8re spirituelle particuli\u00e8re qui met en avant la profondeur de leur lien avec les coutumes et traditions authentiques. Visible dans les d\u00e9tails de &hellip;","og_url":"https:\/\/dpress.ma\/fr\/2025\/03\/26\/le-ramadan-et-les-nomades-de-loriental-quand-la-simplicite-se-mele-a-la-spiritualite\/","og_site_name":"Dpress.ma\/fr","article_published_time":"2025-03-26T11:15:59+00:00","article_modified_time":"2025-03-26T11:16:01+00:00","og_image":[{"width":2539,"height":1594,"url":"https:\/\/dpress.ma\/fr\/wp-content\/uploads\/sites\/2\/2025\/03\/dimensions2-99.jpg","type":"image\/jpeg"}],"author":"Dpress.ma","twitter_card":"summary_large_image","twitter_misc":{"\u00c9crit par":"Dpress.ma","Dur\u00e9e de lecture estim\u00e9e":"6 minutes"},"schema":{"@context":"https:\/\/schema.org","@graph":[{"@type":"Article","@id":"https:\/\/dpress.ma\/fr\/2025\/03\/26\/le-ramadan-et-les-nomades-de-loriental-quand-la-simplicite-se-mele-a-la-spiritualite\/#article","isPartOf":{"@id":"https:\/\/dpress.ma\/fr\/2025\/03\/26\/le-ramadan-et-les-nomades-de-loriental-quand-la-simplicite-se-mele-a-la-spiritualite\/"},"author":{"name":"Dpress.ma","@id":"https:\/\/dpress.ma\/fr\/#\/schema\/person\/4898febf3ccd59e6578d838656a306a0"},"headline":"Le Ramadan et les nomades de l&rsquo;Oriental : Quand la simplicit\u00e9 se m\u00eale \u00e0 la spiritualit\u00e9","datePublished":"2025-03-26T11:15:59+00:00","dateModified":"2025-03-26T11:16:01+00:00","mainEntityOfPage":{"@id":"https:\/\/dpress.ma\/fr\/2025\/03\/26\/le-ramadan-et-les-nomades-de-loriental-quand-la-simplicite-se-mele-a-la-spiritualite\/"},"wordCount":1203,"commentCount":0,"image":{"@id":"https:\/\/dpress.ma\/fr\/2025\/03\/26\/le-ramadan-et-les-nomades-de-loriental-quand-la-simplicite-se-mele-a-la-spiritualite\/#primaryimage"},"thumbnailUrl":"https:\/\/dpress.ma\/fr\/wp-content\/uploads\/sites\/2\/2025\/03\/dimensions2-99.jpg","articleSection":["societe et regions"],"inLanguage":"fr-FR","potentialAction":[{"@type":"CommentAction","name":"Comment","target":["https:\/\/dpress.ma\/fr\/2025\/03\/26\/le-ramadan-et-les-nomades-de-loriental-quand-la-simplicite-se-mele-a-la-spiritualite\/#respond"]}]},{"@type":"WebPage","@id":"https:\/\/dpress.ma\/fr\/2025\/03\/26\/le-ramadan-et-les-nomades-de-loriental-quand-la-simplicite-se-mele-a-la-spiritualite\/","url":"https:\/\/dpress.ma\/fr\/2025\/03\/26\/le-ramadan-et-les-nomades-de-loriental-quand-la-simplicite-se-mele-a-la-spiritualite\/","name":"Le Ramadan et les nomades de l'Oriental : Quand la simplicit\u00e9 se m\u00eale \u00e0 la spiritualit\u00e9 - Dpress.ma\/fr","isPartOf":{"@id":"https:\/\/dpress.ma\/fr\/#website"},"primaryImageOfPage":{"@id":"https:\/\/dpress.ma\/fr\/2025\/03\/26\/le-ramadan-et-les-nomades-de-loriental-quand-la-simplicite-se-mele-a-la-spiritualite\/#primaryimage"},"image":{"@id":"https:\/\/dpress.ma\/fr\/2025\/03\/26\/le-ramadan-et-les-nomades-de-loriental-quand-la-simplicite-se-mele-a-la-spiritualite\/#primaryimage"},"thumbnailUrl":"https:\/\/dpress.ma\/fr\/wp-content\/uploads\/sites\/2\/2025\/03\/dimensions2-99.jpg","datePublished":"2025-03-26T11:15:59+00:00","dateModified":"2025-03-26T11:16:01+00:00","author":{"@id":"https:\/\/dpress.ma\/fr\/#\/schema\/person\/4898febf3ccd59e6578d838656a306a0"},"breadcrumb":{"@id":"https:\/\/dpress.ma\/fr\/2025\/03\/26\/le-ramadan-et-les-nomades-de-loriental-quand-la-simplicite-se-mele-a-la-spiritualite\/#breadcrumb"},"inLanguage":"fr-FR","potentialAction":[{"@type":"ReadAction","target":["https:\/\/dpress.ma\/fr\/2025\/03\/26\/le-ramadan-et-les-nomades-de-loriental-quand-la-simplicite-se-mele-a-la-spiritualite\/"]}]},{"@type":"ImageObject","inLanguage":"fr-FR","@id":"https:\/\/dpress.ma\/fr\/2025\/03\/26\/le-ramadan-et-les-nomades-de-loriental-quand-la-simplicite-se-mele-a-la-spiritualite\/#primaryimage","url":"https:\/\/dpress.ma\/fr\/wp-content\/uploads\/sites\/2\/2025\/03\/dimensions2-99.jpg","contentUrl":"https:\/\/dpress.ma\/fr\/wp-content\/uploads\/sites\/2\/2025\/03\/dimensions2-99.jpg","width":2539,"height":1594},{"@type":"BreadcrumbList","@id":"https:\/\/dpress.ma\/fr\/2025\/03\/26\/le-ramadan-et-les-nomades-de-loriental-quand-la-simplicite-se-mele-a-la-spiritualite\/#breadcrumb","itemListElement":[{"@type":"ListItem","position":1,"name":"Home","item":"https:\/\/dpress.ma\/fr\/"},{"@type":"ListItem","position":2,"name":"Le Ramadan et les nomades de l&#8217;Oriental : Quand la simplicit\u00e9 se m\u00eale \u00e0 la spiritualit\u00e9"}]},{"@type":"WebSite","@id":"https:\/\/dpress.ma\/fr\/#website","url":"https:\/\/dpress.ma\/fr\/","name":"Dpress.ma\/fr","description":"","potentialAction":[{"@type":"SearchAction","target":{"@type":"EntryPoint","urlTemplate":"https:\/\/dpress.ma\/fr\/?s={search_term_string}"},"query-input":{"@type":"PropertyValueSpecification","valueRequired":true,"valueName":"search_term_string"}}],"inLanguage":"fr-FR"},{"@type":"Person","@id":"https:\/\/dpress.ma\/fr\/#\/schema\/person\/4898febf3ccd59e6578d838656a306a0","name":"Dpress.ma","image":{"@type":"ImageObject","inLanguage":"fr-FR","@id":"https:\/\/secure.gravatar.com\/avatar\/72ecc30e9db047a2e0e7176561eb9d564ed77c8108376495b19bd8336405198a?s=96&d=mm&r=g","url":"https:\/\/secure.gravatar.com\/avatar\/72ecc30e9db047a2e0e7176561eb9d564ed77c8108376495b19bd8336405198a?s=96&d=mm&r=g","contentUrl":"https:\/\/secure.gravatar.com\/avatar\/72ecc30e9db047a2e0e7176561eb9d564ed77c8108376495b19bd8336405198a?s=96&d=mm&r=g","caption":"Dpress.ma"},"sameAs":["https:\/\/www.dpress.ma"],"url":"https:\/\/dpress.ma\/fr\/author\/dpress-ma\/"}]}},"amp_enabled":true,"_links":{"self":[{"href":"https:\/\/dpress.ma\/fr\/wp-json\/wp\/v2\/posts\/13464","targetHints":{"allow":["GET"]}}],"collection":[{"href":"https:\/\/dpress.ma\/fr\/wp-json\/wp\/v2\/posts"}],"about":[{"href":"https:\/\/dpress.ma\/fr\/wp-json\/wp\/v2\/types\/post"}],"author":[{"embeddable":true,"href":"https:\/\/dpress.ma\/fr\/wp-json\/wp\/v2\/users\/2"}],"replies":[{"embeddable":true,"href":"https:\/\/dpress.ma\/fr\/wp-json\/wp\/v2\/comments?post=13464"}],"version-history":[{"count":1,"href":"https:\/\/dpress.ma\/fr\/wp-json\/wp\/v2\/posts\/13464\/revisions"}],"predecessor-version":[{"id":13466,"href":"https:\/\/dpress.ma\/fr\/wp-json\/wp\/v2\/posts\/13464\/revisions\/13466"}],"wp:featuredmedia":[{"embeddable":true,"href":"https:\/\/dpress.ma\/fr\/wp-json\/wp\/v2\/media\/13465"}],"wp:attachment":[{"href":"https:\/\/dpress.ma\/fr\/wp-json\/wp\/v2\/media?parent=13464"}],"wp:term":[{"taxonomy":"category","embeddable":true,"href":"https:\/\/dpress.ma\/fr\/wp-json\/wp\/v2\/categories?post=13464"},{"taxonomy":"post_tag","embeddable":true,"href":"https:\/\/dpress.ma\/fr\/wp-json\/wp\/v2\/tags?post=13464"}],"curies":[{"name":"wp","href":"https:\/\/api.w.org\/{rel}","templated":true}]}}