{"id":13458,"date":"2025-03-25T21:05:28","date_gmt":"2025-03-25T21:05:28","guid":{"rendered":"https:\/\/dpress.ma\/fr\/?p=13458"},"modified":"2025-03-25T21:05:29","modified_gmt":"2025-03-25T21:05:29","slug":"devant-le-conseil-de-securite-le-maroc-denonce-le-deux-poids-deux-mesures-selectif-de-lambassadeur-algerien-sur-la-question-du-sahara-marocain","status":"publish","type":"post","link":"https:\/\/dpress.ma\/fr\/2025\/03\/25\/devant-le-conseil-de-securite-le-maroc-denonce-le-deux-poids-deux-mesures-selectif-de-lambassadeur-algerien-sur-la-question-du-sahara-marocain\/","title":{"rendered":"Devant le Conseil de s\u00e9curit\u00e9, le Maroc d\u00e9nonce le \u00ab\u00a0deux poids, deux mesures s\u00e9lectif\u00a0\u00bb de l&rsquo;ambassadeur alg\u00e9rien sur la question du Sahara marocain"},"content":{"rendered":"\n<p dir=\"ltr\">Dpress<\/p>\n\n\n\n<p dir=\"ltr\">La Repr\u00e9sentante permanente adjointe du Maroc aupr\u00e8s des Nations Unies, Majda Moutchou, a \u00e9pingl\u00e9, devant le Conseil de s\u00e9curit\u00e9, le \u201cdeux poids, deux mesures flagrant et s\u00e9lectif\u201d auquel s\u2019est livr\u00e9 l\u2019ambassadeur alg\u00e9rien \u00e0 l\u2019ONU sur l&rsquo;\u00e9largissement du mandat de la MINURSO \u00e0 la composante des droits de l\u2019Homme, en d\u00e9non\u00e7ant une \u201cmanipulation politique s\u00e9lective\u201d.<\/p>\n\n\n\n<p dir=\"ltr\">\u201cUne d\u00e9l\u00e9gation, la seule parmi les nombreuses d\u00e9l\u00e9gations qui ont pris la parole devant le Conseil lors de ce d\u00e9bat, a mentionn\u00e9 la composante des droits de l\u2019Homme et a essay\u00e9 de la lier \u00e0 la MINURSO\u201d, a soulign\u00e9 d\u2019embl\u00e9e la diplomate marocaine en riposte \u00e0 l\u2019intervention de l\u2019ambassadeur alg\u00e9rien lundi lors d\u2019un d\u00e9bat public du Conseil de s\u00e9curit\u00e9 sur le renforcement de la capacit\u00e9 d\u2019adaptation des op\u00e9rations de paix de l\u2019ONU.<\/p>\n\n\n\n<p dir=\"ltr\">Elle a relev\u00e9 que la d\u00e9l\u00e9gation marocaine a \u00e9t\u00e9 surprise et \u00e9tonn\u00e9e par cette intervention, car \u201celle refl\u00e8te une masterclass en manipulation politique s\u00e9lective\u201d, notant que l\u2019ambassadeur alg\u00e9rien \u201ca soudainement retrouv\u00e9 une passion nouvelle pour les droits de l&rsquo;Homme et le droit international\u201d.<\/p>\n\n\n\n<p dir=\"ltr\">\u00c9clairant l\u2019intervenant avec des r\u00e9alit\u00e9s \u201cqui sont soit volontairement ignor\u00e9es, soit commod\u00e9ment oubli\u00e9es\u201d, la diplomate a indiqu\u00e9 que le mandat de la MINURSO est on ne peut plus clair, car il a \u00e9t\u00e9 \u00e9tabli par le Conseil de s\u00e9curit\u00e9 pour superviser le cessez-le-feu.<\/p>\n\n\n\n<p dir=\"ltr\">\u201cCe mandat a \u00e9t\u00e9 clairement d\u00e9fini par le Conseil de s\u00e9curit\u00e9, et toute tentative de la d\u00e9l\u00e9gation alg\u00e9rienne de d\u00e9former son r\u00f4le est soit mal inform\u00e9e, soit d\u00e9lib\u00e9r\u00e9ment trompeuse\u201d, a-t-elle pr\u00e9cis\u00e9, ajoutant que contrairement \u00e0 ce qui a \u00e9t\u00e9 sugg\u00e9r\u00e9, sept op\u00e9rations de paix de l&rsquo;ONU sur onze ne disposent pas de mandat de surveillance des droits humains.<\/p>\n\n\n\n<p dir=\"ltr\">\u201cNous aussi, nous nous demandons pourquoi la d\u00e9l\u00e9gation alg\u00e9rienne, faisant preuve d&rsquo;un deux poids, deux mesures flagrant et s\u00e9lectif, se concentre uniquement sur la MINURSO et ferme les yeux sur les autres op\u00e9rations de maintien de la paix\u201d, a soulign\u00e9 Mme Moutchou.<\/p>\n\n\n\n<p dir=\"ltr\">Et de poursuivre que le Conseil de s\u00e9curit\u00e9 attribue ces mandats en fonction de la situation sp\u00e9cifique sur le terrain. \u201cIl ne s&rsquo;agit ni d&rsquo;une r\u00e8gle syst\u00e9matique ni d&rsquo;une exception; il s&rsquo;agit d&rsquo;une d\u00e9cision prise au cas par cas\u201d.<\/p>\n\n\n\n<p dir=\"ltr\">\u201cDe plus, malgr\u00e9 les tentatives persistantes et d\u00e9sesp\u00e9r\u00e9es de cette m\u00eame d\u00e9l\u00e9gation, en octobre 2024, le Conseil de s\u00e9curit\u00e9 a rejet\u00e9 en bloc l&rsquo;inclusion d&rsquo;un m\u00e9canisme de surveillance des droits de l&rsquo;Homme dans le mandat de la MINURSO. Ce rejet n&rsquo;\u00e9tait pas accidentel: il r\u00e9affirmait que la situation des droits de l&rsquo;Homme au Sahara marocain ne n\u00e9cessite pas un tel m\u00e9canisme\u201d, a affirm\u00e9 la diplomate.<\/p>\n\n\n\n<p dir=\"ltr\">Pour la Repr\u00e9sentante permanente adjointe du Maroc \u00e0 l\u2019ONU, il s&rsquo;agit d&rsquo;un message clair que le Conseil de s\u00e9curit\u00e9 est parfaitement conscient des man\u0153uvres politiques de certaines parties.<\/p>\n\n\n\n<p dir=\"ltr\">Toujours en r\u00e9ponse \u00e0 la d\u00e9claration de l\u2019ambassadeur alg\u00e9rien qui \u201csemble si profond\u00e9ment pr\u00e9occup\u00e9\u201d par les droits de l\u2019Homme, Mme Mouchou l\u2019a interpell\u00e9 sur une \u201cquestion bien plus urgente: les camps de Tindouf, situ\u00e9s sur le territoire alg\u00e9rien, o\u00f9 la population vit sous une oppression quotidienne, priv\u00e9e de ses droits fondamentaux et soumise \u00e0 de s\u00e9v\u00e8res restrictions de mouvement et \u200b\u200bdes violations flagrantes du droit international\u201d.<\/p>\n\n\n\n<p dir=\"ltr\">Elle a, par ailleurs, fait observer que le Maroc a toujours d\u00e9montr\u00e9 son engagement ind\u00e9fectible en faveur de la promotion des droits de l&rsquo;Homme et du respect des droits et libert\u00e9s fondamentaux de tous les individus, ajoutant que le Royaume a constamment collabor\u00e9 avec les proc\u00e9dures sp\u00e9ciales du Conseil des droits de l&rsquo;Homme des Nations Unies.<\/p>\n\n\n\n<p dir=\"ltr\">Le Maroc a \u00e9galement accueilli plusieurs visites d&rsquo;experts de l\u2019ONU et coop\u00e9r\u00e9 de mani\u00e8re constructive afin de favoriser la transparence, le dialogue et le progr\u00e8s, a-t-elle dit, notant que les efforts du Maroc en mati\u00e8re de promotion des droits de l&rsquo;Homme ne se limitent pas \u00e0 des paroles, mais se traduisent par des actions concr\u00e8tes visant \u00e0 garantir le bien-\u00eatre et la dignit\u00e9 de chaque citoyen.<\/p>\n\n\n\n<p dir=\"ltr\">En r\u00e9ponse \u00e0 la mention par l\u2019ambassadeur alg\u00e9rien du droit \u00e0 l\u2019autod\u00e9termination, la diplomate marocaine a r\u00e9v\u00e9l\u00e9 une \u201ccontradiction troublante\u201d, expliquant que, pour l\u2019Alg\u00e9rie, l&rsquo;autod\u00e9termination \u00ab\u00a0est un concept s\u00e9lectif utilis\u00e9 comme arme politique contre l&rsquo;int\u00e9grit\u00e9 territoriale du Maroc, et pourtant commod\u00e9ment ignor\u00e9 lorsqu&rsquo;il s&rsquo;agit des aspirations l\u00e9gitimes d&rsquo;autres peuples, qui vivent encore sous occupation et oppression \u00e9trang\u00e8res\u00a0\u00bb.<\/p>\n\n\n\n<p dir=\"ltr\">\u201cL&rsquo;ONU doit pr\u00eater attention \u00e0 toutes ces aspirations, sans exception ni s\u00e9lectivit\u00e9, y compris sur le territoire des \u00c9tats qui pr\u00f4nent l&rsquo;autod\u00e9termination pour les autres tout en la refusant syst\u00e9matiquement aux peuples opprim\u00e9s sur leur propre territoire\u201d, a-t-elle encore indiqu\u00e9.<\/p>\n\n\n\n<p dir=\"ltr\">Elle a encha\u00een\u00e9 en soulignant que \u201cle droit \u00e0 l&rsquo;autod\u00e9termination ne peut \u00eatre un outil politique utilis\u00e9 de mani\u00e8re s\u00e9lective, invoqu\u00e9 par certains et ignor\u00e9 par d&rsquo;autres. Ce n&rsquo;est pas une carte jou\u00e9e par commodit\u00e9\u201d.<\/p>\n\n\n\n<p dir=\"ltr\">Et la diplomate de conclure en r\u00e9it\u00e9rant que \u201cle Sahara a toujours fait partie int\u00e9grante du Maroc. Il est Marocain et le restera \u00e0 jamais. Il ne s&rsquo;agit pas d&rsquo;une revendication fond\u00e9e sur des \u00e9v\u00e9nements r\u00e9cents, mais du reflet de si\u00e8cles de liens historiques, culturels et g\u00e9ographiques\u201d.<\/p>\n","protected":false},"excerpt":{"rendered":"<p>Dpress La Repr\u00e9sentante permanente adjointe du Maroc aupr\u00e8s des Nations Unies, Majda Moutchou, a \u00e9pingl\u00e9, devant le Conseil de s\u00e9curit\u00e9, le \u201cdeux poids, deux mesures flagrant et s\u00e9lectif\u201d auquel s\u2019est livr\u00e9 l\u2019ambassadeur alg\u00e9rien \u00e0 l\u2019ONU sur l&rsquo;\u00e9largissement du mandat de la MINURSO \u00e0 la composante des droits de l\u2019Homme, en d\u00e9non\u00e7ant une \u201cmanipulation politique s\u00e9lective\u201d. &hellip;<\/p>\n","protected":false},"author":2,"featured_media":13459,"comment_status":"open","ping_status":"open","sticky":false,"template":"","format":"standard","meta":{"footnotes":""},"categories":[30],"tags":[],"class_list":["post-13458","post","type-post","status-publish","format-standard","has-post-thumbnail","hentry","category-sahara-marocain"],"yoast_head":"<!-- This site is optimized with the Yoast SEO plugin v27.5 - https:\/\/yoast.com\/product\/yoast-seo-wordpress\/ -->\n<title>Devant le Conseil de s\u00e9curit\u00e9, le Maroc d\u00e9nonce le &quot;deux poids, deux mesures s\u00e9lectif&quot; de l&#039;ambassadeur alg\u00e9rien sur la question du Sahara marocain - Dpress.ma\/fr<\/title>\n<meta name=\"robots\" content=\"index, follow, max-snippet:-1, max-image-preview:large, max-video-preview:-1\" \/>\n<link rel=\"canonical\" href=\"https:\/\/dpress.ma\/fr\/2025\/03\/25\/devant-le-conseil-de-securite-le-maroc-denonce-le-deux-poids-deux-mesures-selectif-de-lambassadeur-algerien-sur-la-question-du-sahara-marocain\/\" \/>\n<meta property=\"og:locale\" content=\"fr_FR\" \/>\n<meta property=\"og:type\" content=\"article\" \/>\n<meta property=\"og:title\" content=\"Devant le Conseil de s\u00e9curit\u00e9, le Maroc d\u00e9nonce le &quot;deux poids, deux mesures s\u00e9lectif&quot; de l&#039;ambassadeur alg\u00e9rien sur la question du Sahara marocain - Dpress.ma\/fr\" \/>\n<meta property=\"og:description\" content=\"Dpress La Repr\u00e9sentante permanente adjointe du Maroc aupr\u00e8s des Nations Unies, Majda Moutchou, a \u00e9pingl\u00e9, devant le Conseil de s\u00e9curit\u00e9, le \u201cdeux poids, deux mesures flagrant et s\u00e9lectif\u201d auquel s\u2019est livr\u00e9 l\u2019ambassadeur alg\u00e9rien \u00e0 l\u2019ONU sur l&rsquo;\u00e9largissement du mandat de la MINURSO \u00e0 la composante des droits de l\u2019Homme, en d\u00e9non\u00e7ant une \u201cmanipulation politique s\u00e9lective\u201d. &hellip;\" \/>\n<meta property=\"og:url\" content=\"https:\/\/dpress.ma\/fr\/2025\/03\/25\/devant-le-conseil-de-securite-le-maroc-denonce-le-deux-poids-deux-mesures-selectif-de-lambassadeur-algerien-sur-la-question-du-sahara-marocain\/\" \/>\n<meta property=\"og:site_name\" content=\"Dpress.ma\/fr\" \/>\n<meta property=\"article:published_time\" content=\"2025-03-25T21:05:28+00:00\" \/>\n<meta property=\"article:modified_time\" content=\"2025-03-25T21:05:29+00:00\" \/>\n<meta property=\"og:image\" content=\"https:\/\/dpress.ma\/fr\/wp-content\/uploads\/sites\/2\/2025\/03\/La-Representante-permanente-adjointe-du-Maroc-aupres-des-Nations-Unies-Majda-Moutchou.png\" \/>\n\t<meta property=\"og:image:width\" content=\"780\" \/>\n\t<meta property=\"og:image:height\" content=\"470\" \/>\n\t<meta property=\"og:image:type\" content=\"image\/png\" \/>\n<meta name=\"author\" content=\"Dpress.ma\" \/>\n<meta name=\"twitter:card\" content=\"summary_large_image\" \/>\n<meta name=\"twitter:label1\" content=\"\u00c9crit par\" \/>\n\t<meta name=\"twitter:data1\" content=\"Dpress.ma\" \/>\n\t<meta name=\"twitter:label2\" content=\"Dur\u00e9e de lecture estim\u00e9e\" \/>\n\t<meta name=\"twitter:data2\" content=\"5 minutes\" \/>\n<script type=\"application\/ld+json\" class=\"yoast-schema-graph\">{\"@context\":\"https:\\\/\\\/schema.org\",\"@graph\":[{\"@type\":\"Article\",\"@id\":\"https:\\\/\\\/dpress.ma\\\/fr\\\/2025\\\/03\\\/25\\\/devant-le-conseil-de-securite-le-maroc-denonce-le-deux-poids-deux-mesures-selectif-de-lambassadeur-algerien-sur-la-question-du-sahara-marocain\\\/#article\",\"isPartOf\":{\"@id\":\"https:\\\/\\\/dpress.ma\\\/fr\\\/2025\\\/03\\\/25\\\/devant-le-conseil-de-securite-le-maroc-denonce-le-deux-poids-deux-mesures-selectif-de-lambassadeur-algerien-sur-la-question-du-sahara-marocain\\\/\"},\"author\":{\"name\":\"Dpress.ma\",\"@id\":\"https:\\\/\\\/dpress.ma\\\/fr\\\/#\\\/schema\\\/person\\\/4898febf3ccd59e6578d838656a306a0\"},\"headline\":\"Devant le Conseil de s\u00e9curit\u00e9, le Maroc d\u00e9nonce le \u00ab\u00a0deux poids, deux mesures s\u00e9lectif\u00a0\u00bb de l&rsquo;ambassadeur alg\u00e9rien sur la question du Sahara marocain\",\"datePublished\":\"2025-03-25T21:05:28+00:00\",\"dateModified\":\"2025-03-25T21:05:29+00:00\",\"mainEntityOfPage\":{\"@id\":\"https:\\\/\\\/dpress.ma\\\/fr\\\/2025\\\/03\\\/25\\\/devant-le-conseil-de-securite-le-maroc-denonce-le-deux-poids-deux-mesures-selectif-de-lambassadeur-algerien-sur-la-question-du-sahara-marocain\\\/\"},\"wordCount\":966,\"commentCount\":0,\"image\":{\"@id\":\"https:\\\/\\\/dpress.ma\\\/fr\\\/2025\\\/03\\\/25\\\/devant-le-conseil-de-securite-le-maroc-denonce-le-deux-poids-deux-mesures-selectif-de-lambassadeur-algerien-sur-la-question-du-sahara-marocain\\\/#primaryimage\"},\"thumbnailUrl\":\"https:\\\/\\\/dpress.ma\\\/fr\\\/wp-content\\\/uploads\\\/sites\\\/2\\\/2025\\\/03\\\/La-Representante-permanente-adjointe-du-Maroc-aupres-des-Nations-Unies-Majda-Moutchou.png\",\"articleSection\":[\"Sahara Marocain\"],\"inLanguage\":\"fr-FR\",\"potentialAction\":[{\"@type\":\"CommentAction\",\"name\":\"Comment\",\"target\":[\"https:\\\/\\\/dpress.ma\\\/fr\\\/2025\\\/03\\\/25\\\/devant-le-conseil-de-securite-le-maroc-denonce-le-deux-poids-deux-mesures-selectif-de-lambassadeur-algerien-sur-la-question-du-sahara-marocain\\\/#respond\"]}]},{\"@type\":\"WebPage\",\"@id\":\"https:\\\/\\\/dpress.ma\\\/fr\\\/2025\\\/03\\\/25\\\/devant-le-conseil-de-securite-le-maroc-denonce-le-deux-poids-deux-mesures-selectif-de-lambassadeur-algerien-sur-la-question-du-sahara-marocain\\\/\",\"url\":\"https:\\\/\\\/dpress.ma\\\/fr\\\/2025\\\/03\\\/25\\\/devant-le-conseil-de-securite-le-maroc-denonce-le-deux-poids-deux-mesures-selectif-de-lambassadeur-algerien-sur-la-question-du-sahara-marocain\\\/\",\"name\":\"Devant le Conseil de s\u00e9curit\u00e9, le Maroc d\u00e9nonce le \\\"deux poids, deux mesures s\u00e9lectif\\\" de l'ambassadeur alg\u00e9rien sur la question du Sahara marocain - Dpress.ma\\\/fr\",\"isPartOf\":{\"@id\":\"https:\\\/\\\/dpress.ma\\\/fr\\\/#website\"},\"primaryImageOfPage\":{\"@id\":\"https:\\\/\\\/dpress.ma\\\/fr\\\/2025\\\/03\\\/25\\\/devant-le-conseil-de-securite-le-maroc-denonce-le-deux-poids-deux-mesures-selectif-de-lambassadeur-algerien-sur-la-question-du-sahara-marocain\\\/#primaryimage\"},\"image\":{\"@id\":\"https:\\\/\\\/dpress.ma\\\/fr\\\/2025\\\/03\\\/25\\\/devant-le-conseil-de-securite-le-maroc-denonce-le-deux-poids-deux-mesures-selectif-de-lambassadeur-algerien-sur-la-question-du-sahara-marocain\\\/#primaryimage\"},\"thumbnailUrl\":\"https:\\\/\\\/dpress.ma\\\/fr\\\/wp-content\\\/uploads\\\/sites\\\/2\\\/2025\\\/03\\\/La-Representante-permanente-adjointe-du-Maroc-aupres-des-Nations-Unies-Majda-Moutchou.png\",\"datePublished\":\"2025-03-25T21:05:28+00:00\",\"dateModified\":\"2025-03-25T21:05:29+00:00\",\"author\":{\"@id\":\"https:\\\/\\\/dpress.ma\\\/fr\\\/#\\\/schema\\\/person\\\/4898febf3ccd59e6578d838656a306a0\"},\"breadcrumb\":{\"@id\":\"https:\\\/\\\/dpress.ma\\\/fr\\\/2025\\\/03\\\/25\\\/devant-le-conseil-de-securite-le-maroc-denonce-le-deux-poids-deux-mesures-selectif-de-lambassadeur-algerien-sur-la-question-du-sahara-marocain\\\/#breadcrumb\"},\"inLanguage\":\"fr-FR\",\"potentialAction\":[{\"@type\":\"ReadAction\",\"target\":[\"https:\\\/\\\/dpress.ma\\\/fr\\\/2025\\\/03\\\/25\\\/devant-le-conseil-de-securite-le-maroc-denonce-le-deux-poids-deux-mesures-selectif-de-lambassadeur-algerien-sur-la-question-du-sahara-marocain\\\/\"]}]},{\"@type\":\"ImageObject\",\"inLanguage\":\"fr-FR\",\"@id\":\"https:\\\/\\\/dpress.ma\\\/fr\\\/2025\\\/03\\\/25\\\/devant-le-conseil-de-securite-le-maroc-denonce-le-deux-poids-deux-mesures-selectif-de-lambassadeur-algerien-sur-la-question-du-sahara-marocain\\\/#primaryimage\",\"url\":\"https:\\\/\\\/dpress.ma\\\/fr\\\/wp-content\\\/uploads\\\/sites\\\/2\\\/2025\\\/03\\\/La-Representante-permanente-adjointe-du-Maroc-aupres-des-Nations-Unies-Majda-Moutchou.png\",\"contentUrl\":\"https:\\\/\\\/dpress.ma\\\/fr\\\/wp-content\\\/uploads\\\/sites\\\/2\\\/2025\\\/03\\\/La-Representante-permanente-adjointe-du-Maroc-aupres-des-Nations-Unies-Majda-Moutchou.png\",\"width\":780,\"height\":470},{\"@type\":\"BreadcrumbList\",\"@id\":\"https:\\\/\\\/dpress.ma\\\/fr\\\/2025\\\/03\\\/25\\\/devant-le-conseil-de-securite-le-maroc-denonce-le-deux-poids-deux-mesures-selectif-de-lambassadeur-algerien-sur-la-question-du-sahara-marocain\\\/#breadcrumb\",\"itemListElement\":[{\"@type\":\"ListItem\",\"position\":1,\"name\":\"Home\",\"item\":\"https:\\\/\\\/dpress.ma\\\/fr\\\/\"},{\"@type\":\"ListItem\",\"position\":2,\"name\":\"Devant le Conseil de s\u00e9curit\u00e9, le Maroc d\u00e9nonce le &#8220;deux poids, deux mesures s\u00e9lectif&#8221; de l&#8217;ambassadeur alg\u00e9rien sur la question du Sahara marocain\"}]},{\"@type\":\"WebSite\",\"@id\":\"https:\\\/\\\/dpress.ma\\\/fr\\\/#website\",\"url\":\"https:\\\/\\\/dpress.ma\\\/fr\\\/\",\"name\":\"Dpress.ma\\\/fr\",\"description\":\"\",\"potentialAction\":[{\"@type\":\"SearchAction\",\"target\":{\"@type\":\"EntryPoint\",\"urlTemplate\":\"https:\\\/\\\/dpress.ma\\\/fr\\\/?s={search_term_string}\"},\"query-input\":{\"@type\":\"PropertyValueSpecification\",\"valueRequired\":true,\"valueName\":\"search_term_string\"}}],\"inLanguage\":\"fr-FR\"},{\"@type\":\"Person\",\"@id\":\"https:\\\/\\\/dpress.ma\\\/fr\\\/#\\\/schema\\\/person\\\/4898febf3ccd59e6578d838656a306a0\",\"name\":\"Dpress.ma\",\"image\":{\"@type\":\"ImageObject\",\"inLanguage\":\"fr-FR\",\"@id\":\"https:\\\/\\\/secure.gravatar.com\\\/avatar\\\/72ecc30e9db047a2e0e7176561eb9d564ed77c8108376495b19bd8336405198a?s=96&d=mm&r=g\",\"url\":\"https:\\\/\\\/secure.gravatar.com\\\/avatar\\\/72ecc30e9db047a2e0e7176561eb9d564ed77c8108376495b19bd8336405198a?s=96&d=mm&r=g\",\"contentUrl\":\"https:\\\/\\\/secure.gravatar.com\\\/avatar\\\/72ecc30e9db047a2e0e7176561eb9d564ed77c8108376495b19bd8336405198a?s=96&d=mm&r=g\",\"caption\":\"Dpress.ma\"},\"sameAs\":[\"https:\\\/\\\/www.dpress.ma\"],\"url\":\"https:\\\/\\\/dpress.ma\\\/fr\\\/author\\\/dpress-ma\\\/\"}]}<\/script>\n<!-- \/ Yoast SEO plugin. -->","yoast_head_json":{"title":"Devant le Conseil de s\u00e9curit\u00e9, le Maroc d\u00e9nonce le \"deux poids, deux mesures s\u00e9lectif\" de l'ambassadeur alg\u00e9rien sur la question du Sahara marocain - Dpress.ma\/fr","robots":{"index":"index","follow":"follow","max-snippet":"max-snippet:-1","max-image-preview":"max-image-preview:large","max-video-preview":"max-video-preview:-1"},"canonical":"https:\/\/dpress.ma\/fr\/2025\/03\/25\/devant-le-conseil-de-securite-le-maroc-denonce-le-deux-poids-deux-mesures-selectif-de-lambassadeur-algerien-sur-la-question-du-sahara-marocain\/","og_locale":"fr_FR","og_type":"article","og_title":"Devant le Conseil de s\u00e9curit\u00e9, le Maroc d\u00e9nonce le \"deux poids, deux mesures s\u00e9lectif\" de l'ambassadeur alg\u00e9rien sur la question du Sahara marocain - Dpress.ma\/fr","og_description":"Dpress La Repr\u00e9sentante permanente adjointe du Maroc aupr\u00e8s des Nations Unies, Majda Moutchou, a \u00e9pingl\u00e9, devant le Conseil de s\u00e9curit\u00e9, le \u201cdeux poids, deux mesures flagrant et s\u00e9lectif\u201d auquel s\u2019est livr\u00e9 l\u2019ambassadeur alg\u00e9rien \u00e0 l\u2019ONU sur l&rsquo;\u00e9largissement du mandat de la MINURSO \u00e0 la composante des droits de l\u2019Homme, en d\u00e9non\u00e7ant une \u201cmanipulation politique s\u00e9lective\u201d. &hellip;","og_url":"https:\/\/dpress.ma\/fr\/2025\/03\/25\/devant-le-conseil-de-securite-le-maroc-denonce-le-deux-poids-deux-mesures-selectif-de-lambassadeur-algerien-sur-la-question-du-sahara-marocain\/","og_site_name":"Dpress.ma\/fr","article_published_time":"2025-03-25T21:05:28+00:00","article_modified_time":"2025-03-25T21:05:29+00:00","og_image":[{"width":780,"height":470,"url":"https:\/\/dpress.ma\/fr\/wp-content\/uploads\/sites\/2\/2025\/03\/La-Representante-permanente-adjointe-du-Maroc-aupres-des-Nations-Unies-Majda-Moutchou.png","type":"image\/png"}],"author":"Dpress.ma","twitter_card":"summary_large_image","twitter_misc":{"\u00c9crit par":"Dpress.ma","Dur\u00e9e de lecture estim\u00e9e":"5 minutes"},"schema":{"@context":"https:\/\/schema.org","@graph":[{"@type":"Article","@id":"https:\/\/dpress.ma\/fr\/2025\/03\/25\/devant-le-conseil-de-securite-le-maroc-denonce-le-deux-poids-deux-mesures-selectif-de-lambassadeur-algerien-sur-la-question-du-sahara-marocain\/#article","isPartOf":{"@id":"https:\/\/dpress.ma\/fr\/2025\/03\/25\/devant-le-conseil-de-securite-le-maroc-denonce-le-deux-poids-deux-mesures-selectif-de-lambassadeur-algerien-sur-la-question-du-sahara-marocain\/"},"author":{"name":"Dpress.ma","@id":"https:\/\/dpress.ma\/fr\/#\/schema\/person\/4898febf3ccd59e6578d838656a306a0"},"headline":"Devant le Conseil de s\u00e9curit\u00e9, le Maroc d\u00e9nonce le \u00ab\u00a0deux poids, deux mesures s\u00e9lectif\u00a0\u00bb de l&rsquo;ambassadeur alg\u00e9rien sur la question du Sahara marocain","datePublished":"2025-03-25T21:05:28+00:00","dateModified":"2025-03-25T21:05:29+00:00","mainEntityOfPage":{"@id":"https:\/\/dpress.ma\/fr\/2025\/03\/25\/devant-le-conseil-de-securite-le-maroc-denonce-le-deux-poids-deux-mesures-selectif-de-lambassadeur-algerien-sur-la-question-du-sahara-marocain\/"},"wordCount":966,"commentCount":0,"image":{"@id":"https:\/\/dpress.ma\/fr\/2025\/03\/25\/devant-le-conseil-de-securite-le-maroc-denonce-le-deux-poids-deux-mesures-selectif-de-lambassadeur-algerien-sur-la-question-du-sahara-marocain\/#primaryimage"},"thumbnailUrl":"https:\/\/dpress.ma\/fr\/wp-content\/uploads\/sites\/2\/2025\/03\/La-Representante-permanente-adjointe-du-Maroc-aupres-des-Nations-Unies-Majda-Moutchou.png","articleSection":["Sahara Marocain"],"inLanguage":"fr-FR","potentialAction":[{"@type":"CommentAction","name":"Comment","target":["https:\/\/dpress.ma\/fr\/2025\/03\/25\/devant-le-conseil-de-securite-le-maroc-denonce-le-deux-poids-deux-mesures-selectif-de-lambassadeur-algerien-sur-la-question-du-sahara-marocain\/#respond"]}]},{"@type":"WebPage","@id":"https:\/\/dpress.ma\/fr\/2025\/03\/25\/devant-le-conseil-de-securite-le-maroc-denonce-le-deux-poids-deux-mesures-selectif-de-lambassadeur-algerien-sur-la-question-du-sahara-marocain\/","url":"https:\/\/dpress.ma\/fr\/2025\/03\/25\/devant-le-conseil-de-securite-le-maroc-denonce-le-deux-poids-deux-mesures-selectif-de-lambassadeur-algerien-sur-la-question-du-sahara-marocain\/","name":"Devant le Conseil de s\u00e9curit\u00e9, le Maroc d\u00e9nonce le \"deux poids, deux mesures s\u00e9lectif\" de l'ambassadeur alg\u00e9rien sur la question du Sahara marocain - Dpress.ma\/fr","isPartOf":{"@id":"https:\/\/dpress.ma\/fr\/#website"},"primaryImageOfPage":{"@id":"https:\/\/dpress.ma\/fr\/2025\/03\/25\/devant-le-conseil-de-securite-le-maroc-denonce-le-deux-poids-deux-mesures-selectif-de-lambassadeur-algerien-sur-la-question-du-sahara-marocain\/#primaryimage"},"image":{"@id":"https:\/\/dpress.ma\/fr\/2025\/03\/25\/devant-le-conseil-de-securite-le-maroc-denonce-le-deux-poids-deux-mesures-selectif-de-lambassadeur-algerien-sur-la-question-du-sahara-marocain\/#primaryimage"},"thumbnailUrl":"https:\/\/dpress.ma\/fr\/wp-content\/uploads\/sites\/2\/2025\/03\/La-Representante-permanente-adjointe-du-Maroc-aupres-des-Nations-Unies-Majda-Moutchou.png","datePublished":"2025-03-25T21:05:28+00:00","dateModified":"2025-03-25T21:05:29+00:00","author":{"@id":"https:\/\/dpress.ma\/fr\/#\/schema\/person\/4898febf3ccd59e6578d838656a306a0"},"breadcrumb":{"@id":"https:\/\/dpress.ma\/fr\/2025\/03\/25\/devant-le-conseil-de-securite-le-maroc-denonce-le-deux-poids-deux-mesures-selectif-de-lambassadeur-algerien-sur-la-question-du-sahara-marocain\/#breadcrumb"},"inLanguage":"fr-FR","potentialAction":[{"@type":"ReadAction","target":["https:\/\/dpress.ma\/fr\/2025\/03\/25\/devant-le-conseil-de-securite-le-maroc-denonce-le-deux-poids-deux-mesures-selectif-de-lambassadeur-algerien-sur-la-question-du-sahara-marocain\/"]}]},{"@type":"ImageObject","inLanguage":"fr-FR","@id":"https:\/\/dpress.ma\/fr\/2025\/03\/25\/devant-le-conseil-de-securite-le-maroc-denonce-le-deux-poids-deux-mesures-selectif-de-lambassadeur-algerien-sur-la-question-du-sahara-marocain\/#primaryimage","url":"https:\/\/dpress.ma\/fr\/wp-content\/uploads\/sites\/2\/2025\/03\/La-Representante-permanente-adjointe-du-Maroc-aupres-des-Nations-Unies-Majda-Moutchou.png","contentUrl":"https:\/\/dpress.ma\/fr\/wp-content\/uploads\/sites\/2\/2025\/03\/La-Representante-permanente-adjointe-du-Maroc-aupres-des-Nations-Unies-Majda-Moutchou.png","width":780,"height":470},{"@type":"BreadcrumbList","@id":"https:\/\/dpress.ma\/fr\/2025\/03\/25\/devant-le-conseil-de-securite-le-maroc-denonce-le-deux-poids-deux-mesures-selectif-de-lambassadeur-algerien-sur-la-question-du-sahara-marocain\/#breadcrumb","itemListElement":[{"@type":"ListItem","position":1,"name":"Home","item":"https:\/\/dpress.ma\/fr\/"},{"@type":"ListItem","position":2,"name":"Devant le Conseil de s\u00e9curit\u00e9, le Maroc d\u00e9nonce le &#8220;deux poids, deux mesures s\u00e9lectif&#8221; de l&#8217;ambassadeur alg\u00e9rien sur la question du Sahara marocain"}]},{"@type":"WebSite","@id":"https:\/\/dpress.ma\/fr\/#website","url":"https:\/\/dpress.ma\/fr\/","name":"Dpress.ma\/fr","description":"","potentialAction":[{"@type":"SearchAction","target":{"@type":"EntryPoint","urlTemplate":"https:\/\/dpress.ma\/fr\/?s={search_term_string}"},"query-input":{"@type":"PropertyValueSpecification","valueRequired":true,"valueName":"search_term_string"}}],"inLanguage":"fr-FR"},{"@type":"Person","@id":"https:\/\/dpress.ma\/fr\/#\/schema\/person\/4898febf3ccd59e6578d838656a306a0","name":"Dpress.ma","image":{"@type":"ImageObject","inLanguage":"fr-FR","@id":"https:\/\/secure.gravatar.com\/avatar\/72ecc30e9db047a2e0e7176561eb9d564ed77c8108376495b19bd8336405198a?s=96&d=mm&r=g","url":"https:\/\/secure.gravatar.com\/avatar\/72ecc30e9db047a2e0e7176561eb9d564ed77c8108376495b19bd8336405198a?s=96&d=mm&r=g","contentUrl":"https:\/\/secure.gravatar.com\/avatar\/72ecc30e9db047a2e0e7176561eb9d564ed77c8108376495b19bd8336405198a?s=96&d=mm&r=g","caption":"Dpress.ma"},"sameAs":["https:\/\/www.dpress.ma"],"url":"https:\/\/dpress.ma\/fr\/author\/dpress-ma\/"}]}},"amp_enabled":true,"_links":{"self":[{"href":"https:\/\/dpress.ma\/fr\/wp-json\/wp\/v2\/posts\/13458","targetHints":{"allow":["GET"]}}],"collection":[{"href":"https:\/\/dpress.ma\/fr\/wp-json\/wp\/v2\/posts"}],"about":[{"href":"https:\/\/dpress.ma\/fr\/wp-json\/wp\/v2\/types\/post"}],"author":[{"embeddable":true,"href":"https:\/\/dpress.ma\/fr\/wp-json\/wp\/v2\/users\/2"}],"replies":[{"embeddable":true,"href":"https:\/\/dpress.ma\/fr\/wp-json\/wp\/v2\/comments?post=13458"}],"version-history":[{"count":1,"href":"https:\/\/dpress.ma\/fr\/wp-json\/wp\/v2\/posts\/13458\/revisions"}],"predecessor-version":[{"id":13460,"href":"https:\/\/dpress.ma\/fr\/wp-json\/wp\/v2\/posts\/13458\/revisions\/13460"}],"wp:featuredmedia":[{"embeddable":true,"href":"https:\/\/dpress.ma\/fr\/wp-json\/wp\/v2\/media\/13459"}],"wp:attachment":[{"href":"https:\/\/dpress.ma\/fr\/wp-json\/wp\/v2\/media?parent=13458"}],"wp:term":[{"taxonomy":"category","embeddable":true,"href":"https:\/\/dpress.ma\/fr\/wp-json\/wp\/v2\/categories?post=13458"},{"taxonomy":"post_tag","embeddable":true,"href":"https:\/\/dpress.ma\/fr\/wp-json\/wp\/v2\/tags?post=13458"}],"curies":[{"name":"wp","href":"https:\/\/api.w.org\/{rel}","templated":true}]}}