{"id":13446,"date":"2025-03-25T11:35:39","date_gmt":"2025-03-25T11:35:39","guid":{"rendered":"https:\/\/dpress.ma\/fr\/?p=13446"},"modified":"2025-03-25T11:35:48","modified_gmt":"2025-03-25T11:35:48","slug":"m-bourita-rencontre-a-rabat-m-staffan-de-mistura-lenvoye-personnel-du-sg-de-lonu-pour-le-sahara-marocain","status":"publish","type":"post","link":"https:\/\/dpress.ma\/fr\/2025\/03\/25\/m-bourita-rencontre-a-rabat-m-staffan-de-mistura-lenvoye-personnel-du-sg-de-lonu-pour-le-sahara-marocain\/","title":{"rendered":"M. Bourita rencontre \u00e0 Rabat M. Staffan de Mistura, l\u2019Envoy\u00e9 Personnel du SG de l\u2019ONU pour le Sahara marocain"},"content":{"rendered":"\n<p class=\"wp-block-paragraph\">dpress<\/p>\n\n\n\n<p class=\"wp-block-paragraph\">Le ministre des Affaires \u00e9trang\u00e8res, de la Coop\u00e9ration africaine et des Marocains r\u00e9sidant \u00e0 l\u2019\u00e9tranger, M. Nasser Bourita, s\u2019est entretenu, lundi \u00e0 Rabat, avec l\u2019Envoy\u00e9 Personnel du Secr\u00e9taire G\u00e9n\u00e9ral de l\u2019ONU pour le Sahara marocain, M. Staffan de Mistura.<\/p>\n\n\n\n<p class=\"wp-block-paragraph\">La visite, qui s\u2019inscrit dans le cadre d\u2019une tourn\u00e9e r\u00e9gionale, intervient \u00e0 la veille des consultations informelles du Conseil de s\u00e9curit\u00e9 de l\u2019ONU pr\u00e9vues \u00e0 la mi-avril 2025, indique un communiqu\u00e9 du minist\u00e8re des Affaires \u00e9trang\u00e8res, de la Coop\u00e9ration africaine et des Marocains r\u00e9sidant \u00e0 l\u2019\u00e9tranger.<\/p>\n\n\n\n<p class=\"wp-block-paragraph\">Cette rencontre s\u2019est d\u00e9roul\u00e9e en pr\u00e9sence de l\u2019Ambassadeur, Repr\u00e9sentant Permanent du Royaume du Maroc aupr\u00e8s de l\u2019ONU, M. Omar Hilale.<\/p>\n\n\n\n<p class=\"wp-block-paragraph\">Lors de cet entretien, la d\u00e9l\u00e9gation marocaine a expos\u00e9 la dynamique internationale impuls\u00e9e par Sa Majest\u00e9 le Roi Mohammed VI, que Dieu L\u2019assiste, en faveur de la marocanit\u00e9 du Sahara et en appui \u00e0 l\u2019Initiative marocaine d\u2019Autonomie. Dans ce contexte, le Souverain avait appel\u00e9 les Nations Unies, \u00e0 l\u2019occasion du 49e anniversaire de la Glorieuse Marche Verte, le 06 novembre 2024, \u00e0 \u201cprendre leurs responsabilit\u00e9s en mettant en \u00e9vidence la grande diff\u00e9rence entre deux paradigmes : Celui qu\u2019incarne le Maroc dans son Sahara, r\u00e9aliste et l\u00e9gitime et celui qui repose sur une vision scl\u00e9ros\u00e9e, coup\u00e9e du monde r\u00e9el et de ses \u00e9volutions\u201d.<\/p>\n\n\n\n<p class=\"wp-block-paragraph\">La d\u00e9l\u00e9gation marocaine a \u00e9galement r\u00e9it\u00e9r\u00e9 le soutien du Royaume aux efforts du Secr\u00e9taire G\u00e9n\u00e9ral de l\u2019ONU et de son Envoy\u00e9 Personnel visant \u00e0 parvenir \u00e0 une solution politique, r\u00e9aliste, pragmatique et durable sur la base exclusive de l\u2019Initiative marocaine d\u2019Autonomie, dans le cadre de la souverainet\u00e9 et de l\u2019int\u00e9grit\u00e9 territoriale du Maroc.<\/p>\n","protected":false},"excerpt":{"rendered":"<p>dpress Le ministre des Affaires \u00e9trang\u00e8res, de la Coop\u00e9ration africaine et des Marocains r\u00e9sidant \u00e0 l\u2019\u00e9tranger, M. Nasser Bourita, s\u2019est entretenu, lundi \u00e0 Rabat, avec l\u2019Envoy\u00e9 Personnel du Secr\u00e9taire G\u00e9n\u00e9ral de l\u2019ONU pour le Sahara marocain, M. Staffan de Mistura. La visite, qui s\u2019inscrit dans le cadre d\u2019une tourn\u00e9e r\u00e9gionale, intervient \u00e0 la veille des &hellip;<\/p>\n","protected":false},"author":2,"featured_media":13447,"comment_status":"open","ping_status":"open","sticky":false,"template":"","format":"standard","meta":{"footnotes":""},"categories":[26],"tags":[],"class_list":["post-13446","post","type-post","status-publish","format-standard","has-post-thumbnail","hentry","category-politiques"],"yoast_head":"<!-- This site is optimized with the Yoast SEO plugin v28.0 - https:\/\/yoast.com\/product\/yoast-seo-wordpress\/ -->\n<title>M. Bourita rencontre \u00e0 Rabat M. Staffan de Mistura, l\u2019Envoy\u00e9 Personnel du SG de l\u2019ONU pour le Sahara marocain - Dpress.ma\/fr<\/title>\n<meta name=\"robots\" content=\"index, follow, max-snippet:-1, max-image-preview:large, max-video-preview:-1\" \/>\n<link rel=\"canonical\" href=\"https:\/\/dpress.ma\/fr\/2025\/03\/25\/m-bourita-rencontre-a-rabat-m-staffan-de-mistura-lenvoye-personnel-du-sg-de-lonu-pour-le-sahara-marocain\/\" \/>\n<meta property=\"og:locale\" content=\"fr_FR\" \/>\n<meta property=\"og:type\" content=\"article\" \/>\n<meta property=\"og:title\" content=\"M. Bourita rencontre \u00e0 Rabat M. Staffan de Mistura, l\u2019Envoy\u00e9 Personnel du SG de l\u2019ONU pour le Sahara marocain - Dpress.ma\/fr\" \/>\n<meta property=\"og:description\" content=\"dpress Le ministre des Affaires \u00e9trang\u00e8res, de la Coop\u00e9ration africaine et des Marocains r\u00e9sidant \u00e0 l\u2019\u00e9tranger, M. Nasser Bourita, s\u2019est entretenu, lundi \u00e0 Rabat, avec l\u2019Envoy\u00e9 Personnel du Secr\u00e9taire G\u00e9n\u00e9ral de l\u2019ONU pour le Sahara marocain, M. Staffan de Mistura. La visite, qui s\u2019inscrit dans le cadre d\u2019une tourn\u00e9e r\u00e9gionale, intervient \u00e0 la veille des &hellip;\" \/>\n<meta property=\"og:url\" content=\"https:\/\/dpress.ma\/fr\/2025\/03\/25\/m-bourita-rencontre-a-rabat-m-staffan-de-mistura-lenvoye-personnel-du-sg-de-lonu-pour-le-sahara-marocain\/\" \/>\n<meta property=\"og:site_name\" content=\"Dpress.ma\/fr\" \/>\n<meta property=\"article:published_time\" content=\"2025-03-25T11:35:39+00:00\" \/>\n<meta property=\"article:modified_time\" content=\"2025-03-25T11:35:48+00:00\" \/>\n<meta property=\"og:image\" content=\"https:\/\/dpress.ma\/fr\/wp-content\/uploads\/sites\/2\/2025\/03\/dimensions2-96.jpg\" \/>\n\t<meta property=\"og:image:width\" content=\"2539\" \/>\n\t<meta property=\"og:image:height\" content=\"1594\" \/>\n\t<meta property=\"og:image:type\" content=\"image\/jpeg\" \/>\n<meta name=\"author\" content=\"Dpress.ma\" \/>\n<meta name=\"twitter:card\" content=\"summary_large_image\" \/>\n<meta name=\"twitter:label1\" content=\"\u00c9crit par\" \/>\n\t<meta name=\"twitter:data1\" content=\"Dpress.ma\" \/>\n\t<meta name=\"twitter:label2\" content=\"Dur\u00e9e de lecture estim\u00e9e\" \/>\n\t<meta name=\"twitter:data2\" content=\"2 minutes\" \/>\n<script type=\"application\/ld+json\" class=\"yoast-schema-graph\">{\"@context\":\"https:\\\/\\\/schema.org\",\"@graph\":[{\"@type\":\"Article\",\"@id\":\"https:\\\/\\\/dpress.ma\\\/fr\\\/2025\\\/03\\\/25\\\/m-bourita-rencontre-a-rabat-m-staffan-de-mistura-lenvoye-personnel-du-sg-de-lonu-pour-le-sahara-marocain\\\/#article\",\"isPartOf\":{\"@id\":\"https:\\\/\\\/dpress.ma\\\/fr\\\/2025\\\/03\\\/25\\\/m-bourita-rencontre-a-rabat-m-staffan-de-mistura-lenvoye-personnel-du-sg-de-lonu-pour-le-sahara-marocain\\\/\"},\"author\":{\"name\":\"Dpress.ma\",\"@id\":\"https:\\\/\\\/dpress.ma\\\/fr\\\/#\\\/schema\\\/person\\\/4898febf3ccd59e6578d838656a306a0\"},\"headline\":\"M. Bourita rencontre \u00e0 Rabat M. Staffan de Mistura, l\u2019Envoy\u00e9 Personnel du SG de l\u2019ONU pour le Sahara marocain\",\"datePublished\":\"2025-03-25T11:35:39+00:00\",\"dateModified\":\"2025-03-25T11:35:48+00:00\",\"mainEntityOfPage\":{\"@id\":\"https:\\\/\\\/dpress.ma\\\/fr\\\/2025\\\/03\\\/25\\\/m-bourita-rencontre-a-rabat-m-staffan-de-mistura-lenvoye-personnel-du-sg-de-lonu-pour-le-sahara-marocain\\\/\"},\"wordCount\":326,\"commentCount\":0,\"image\":{\"@id\":\"https:\\\/\\\/dpress.ma\\\/fr\\\/2025\\\/03\\\/25\\\/m-bourita-rencontre-a-rabat-m-staffan-de-mistura-lenvoye-personnel-du-sg-de-lonu-pour-le-sahara-marocain\\\/#primaryimage\"},\"thumbnailUrl\":\"https:\\\/\\\/dpress.ma\\\/fr\\\/wp-content\\\/uploads\\\/sites\\\/2\\\/2025\\\/03\\\/dimensions2-96.jpg\",\"articleSection\":[\"Politiques\"],\"inLanguage\":\"fr-FR\",\"potentialAction\":[{\"@type\":\"CommentAction\",\"name\":\"Comment\",\"target\":[\"https:\\\/\\\/dpress.ma\\\/fr\\\/2025\\\/03\\\/25\\\/m-bourita-rencontre-a-rabat-m-staffan-de-mistura-lenvoye-personnel-du-sg-de-lonu-pour-le-sahara-marocain\\\/#respond\"]}]},{\"@type\":\"WebPage\",\"@id\":\"https:\\\/\\\/dpress.ma\\\/fr\\\/2025\\\/03\\\/25\\\/m-bourita-rencontre-a-rabat-m-staffan-de-mistura-lenvoye-personnel-du-sg-de-lonu-pour-le-sahara-marocain\\\/\",\"url\":\"https:\\\/\\\/dpress.ma\\\/fr\\\/2025\\\/03\\\/25\\\/m-bourita-rencontre-a-rabat-m-staffan-de-mistura-lenvoye-personnel-du-sg-de-lonu-pour-le-sahara-marocain\\\/\",\"name\":\"M. Bourita rencontre \u00e0 Rabat M. Staffan de Mistura, l\u2019Envoy\u00e9 Personnel du SG de l\u2019ONU pour le Sahara marocain - Dpress.ma\\\/fr\",\"isPartOf\":{\"@id\":\"https:\\\/\\\/dpress.ma\\\/fr\\\/#website\"},\"primaryImageOfPage\":{\"@id\":\"https:\\\/\\\/dpress.ma\\\/fr\\\/2025\\\/03\\\/25\\\/m-bourita-rencontre-a-rabat-m-staffan-de-mistura-lenvoye-personnel-du-sg-de-lonu-pour-le-sahara-marocain\\\/#primaryimage\"},\"image\":{\"@id\":\"https:\\\/\\\/dpress.ma\\\/fr\\\/2025\\\/03\\\/25\\\/m-bourita-rencontre-a-rabat-m-staffan-de-mistura-lenvoye-personnel-du-sg-de-lonu-pour-le-sahara-marocain\\\/#primaryimage\"},\"thumbnailUrl\":\"https:\\\/\\\/dpress.ma\\\/fr\\\/wp-content\\\/uploads\\\/sites\\\/2\\\/2025\\\/03\\\/dimensions2-96.jpg\",\"datePublished\":\"2025-03-25T11:35:39+00:00\",\"dateModified\":\"2025-03-25T11:35:48+00:00\",\"author\":{\"@id\":\"https:\\\/\\\/dpress.ma\\\/fr\\\/#\\\/schema\\\/person\\\/4898febf3ccd59e6578d838656a306a0\"},\"breadcrumb\":{\"@id\":\"https:\\\/\\\/dpress.ma\\\/fr\\\/2025\\\/03\\\/25\\\/m-bourita-rencontre-a-rabat-m-staffan-de-mistura-lenvoye-personnel-du-sg-de-lonu-pour-le-sahara-marocain\\\/#breadcrumb\"},\"inLanguage\":\"fr-FR\",\"potentialAction\":[{\"@type\":\"ReadAction\",\"target\":[\"https:\\\/\\\/dpress.ma\\\/fr\\\/2025\\\/03\\\/25\\\/m-bourita-rencontre-a-rabat-m-staffan-de-mistura-lenvoye-personnel-du-sg-de-lonu-pour-le-sahara-marocain\\\/\"]}]},{\"@type\":\"ImageObject\",\"inLanguage\":\"fr-FR\",\"@id\":\"https:\\\/\\\/dpress.ma\\\/fr\\\/2025\\\/03\\\/25\\\/m-bourita-rencontre-a-rabat-m-staffan-de-mistura-lenvoye-personnel-du-sg-de-lonu-pour-le-sahara-marocain\\\/#primaryimage\",\"url\":\"https:\\\/\\\/dpress.ma\\\/fr\\\/wp-content\\\/uploads\\\/sites\\\/2\\\/2025\\\/03\\\/dimensions2-96.jpg\",\"contentUrl\":\"https:\\\/\\\/dpress.ma\\\/fr\\\/wp-content\\\/uploads\\\/sites\\\/2\\\/2025\\\/03\\\/dimensions2-96.jpg\",\"width\":2539,\"height\":1594},{\"@type\":\"BreadcrumbList\",\"@id\":\"https:\\\/\\\/dpress.ma\\\/fr\\\/2025\\\/03\\\/25\\\/m-bourita-rencontre-a-rabat-m-staffan-de-mistura-lenvoye-personnel-du-sg-de-lonu-pour-le-sahara-marocain\\\/#breadcrumb\",\"itemListElement\":[{\"@type\":\"ListItem\",\"position\":1,\"name\":\"Home\",\"item\":\"https:\\\/\\\/dpress.ma\\\/fr\\\/\"},{\"@type\":\"ListItem\",\"position\":2,\"name\":\"M. Bourita rencontre \u00e0 Rabat M. Staffan de Mistura, l\u2019Envoy\u00e9 Personnel du SG de l\u2019ONU pour le Sahara marocain\"}]},{\"@type\":\"WebSite\",\"@id\":\"https:\\\/\\\/dpress.ma\\\/fr\\\/#website\",\"url\":\"https:\\\/\\\/dpress.ma\\\/fr\\\/\",\"name\":\"Dpress.ma\\\/fr\",\"description\":\"\",\"potentialAction\":[{\"@type\":\"SearchAction\",\"target\":{\"@type\":\"EntryPoint\",\"urlTemplate\":\"https:\\\/\\\/dpress.ma\\\/fr\\\/?s={search_term_string}\"},\"query-input\":{\"@type\":\"PropertyValueSpecification\",\"valueRequired\":true,\"valueName\":\"search_term_string\"}}],\"inLanguage\":\"fr-FR\"},{\"@type\":\"Person\",\"@id\":\"https:\\\/\\\/dpress.ma\\\/fr\\\/#\\\/schema\\\/person\\\/4898febf3ccd59e6578d838656a306a0\",\"name\":\"Dpress.ma\",\"image\":{\"@type\":\"ImageObject\",\"inLanguage\":\"fr-FR\",\"@id\":\"https:\\\/\\\/secure.gravatar.com\\\/avatar\\\/72ecc30e9db047a2e0e7176561eb9d564ed77c8108376495b19bd8336405198a?s=96&d=mm&r=g\",\"url\":\"https:\\\/\\\/secure.gravatar.com\\\/avatar\\\/72ecc30e9db047a2e0e7176561eb9d564ed77c8108376495b19bd8336405198a?s=96&d=mm&r=g\",\"contentUrl\":\"https:\\\/\\\/secure.gravatar.com\\\/avatar\\\/72ecc30e9db047a2e0e7176561eb9d564ed77c8108376495b19bd8336405198a?s=96&d=mm&r=g\",\"caption\":\"Dpress.ma\"},\"sameAs\":[\"https:\\\/\\\/www.dpress.ma\"],\"url\":\"https:\\\/\\\/dpress.ma\\\/fr\\\/author\\\/dpress-ma\\\/\"}]}<\/script>\n<!-- \/ Yoast SEO plugin. -->","yoast_head_json":{"title":"M. Bourita rencontre \u00e0 Rabat M. Staffan de Mistura, l\u2019Envoy\u00e9 Personnel du SG de l\u2019ONU pour le Sahara marocain - Dpress.ma\/fr","robots":{"index":"index","follow":"follow","max-snippet":"max-snippet:-1","max-image-preview":"max-image-preview:large","max-video-preview":"max-video-preview:-1"},"canonical":"https:\/\/dpress.ma\/fr\/2025\/03\/25\/m-bourita-rencontre-a-rabat-m-staffan-de-mistura-lenvoye-personnel-du-sg-de-lonu-pour-le-sahara-marocain\/","og_locale":"fr_FR","og_type":"article","og_title":"M. Bourita rencontre \u00e0 Rabat M. Staffan de Mistura, l\u2019Envoy\u00e9 Personnel du SG de l\u2019ONU pour le Sahara marocain - Dpress.ma\/fr","og_description":"dpress Le ministre des Affaires \u00e9trang\u00e8res, de la Coop\u00e9ration africaine et des Marocains r\u00e9sidant \u00e0 l\u2019\u00e9tranger, M. Nasser Bourita, s\u2019est entretenu, lundi \u00e0 Rabat, avec l\u2019Envoy\u00e9 Personnel du Secr\u00e9taire G\u00e9n\u00e9ral de l\u2019ONU pour le Sahara marocain, M. Staffan de Mistura. La visite, qui s\u2019inscrit dans le cadre d\u2019une tourn\u00e9e r\u00e9gionale, intervient \u00e0 la veille des &hellip;","og_url":"https:\/\/dpress.ma\/fr\/2025\/03\/25\/m-bourita-rencontre-a-rabat-m-staffan-de-mistura-lenvoye-personnel-du-sg-de-lonu-pour-le-sahara-marocain\/","og_site_name":"Dpress.ma\/fr","article_published_time":"2025-03-25T11:35:39+00:00","article_modified_time":"2025-03-25T11:35:48+00:00","og_image":[{"width":2539,"height":1594,"url":"https:\/\/dpress.ma\/fr\/wp-content\/uploads\/sites\/2\/2025\/03\/dimensions2-96.jpg","type":"image\/jpeg"}],"author":"Dpress.ma","twitter_card":"summary_large_image","twitter_misc":{"\u00c9crit par":"Dpress.ma","Dur\u00e9e de lecture estim\u00e9e":"2 minutes"},"schema":{"@context":"https:\/\/schema.org","@graph":[{"@type":"Article","@id":"https:\/\/dpress.ma\/fr\/2025\/03\/25\/m-bourita-rencontre-a-rabat-m-staffan-de-mistura-lenvoye-personnel-du-sg-de-lonu-pour-le-sahara-marocain\/#article","isPartOf":{"@id":"https:\/\/dpress.ma\/fr\/2025\/03\/25\/m-bourita-rencontre-a-rabat-m-staffan-de-mistura-lenvoye-personnel-du-sg-de-lonu-pour-le-sahara-marocain\/"},"author":{"name":"Dpress.ma","@id":"https:\/\/dpress.ma\/fr\/#\/schema\/person\/4898febf3ccd59e6578d838656a306a0"},"headline":"M. Bourita rencontre \u00e0 Rabat M. Staffan de Mistura, l\u2019Envoy\u00e9 Personnel du SG de l\u2019ONU pour le Sahara marocain","datePublished":"2025-03-25T11:35:39+00:00","dateModified":"2025-03-25T11:35:48+00:00","mainEntityOfPage":{"@id":"https:\/\/dpress.ma\/fr\/2025\/03\/25\/m-bourita-rencontre-a-rabat-m-staffan-de-mistura-lenvoye-personnel-du-sg-de-lonu-pour-le-sahara-marocain\/"},"wordCount":326,"commentCount":0,"image":{"@id":"https:\/\/dpress.ma\/fr\/2025\/03\/25\/m-bourita-rencontre-a-rabat-m-staffan-de-mistura-lenvoye-personnel-du-sg-de-lonu-pour-le-sahara-marocain\/#primaryimage"},"thumbnailUrl":"https:\/\/dpress.ma\/fr\/wp-content\/uploads\/sites\/2\/2025\/03\/dimensions2-96.jpg","articleSection":["Politiques"],"inLanguage":"fr-FR","potentialAction":[{"@type":"CommentAction","name":"Comment","target":["https:\/\/dpress.ma\/fr\/2025\/03\/25\/m-bourita-rencontre-a-rabat-m-staffan-de-mistura-lenvoye-personnel-du-sg-de-lonu-pour-le-sahara-marocain\/#respond"]}]},{"@type":"WebPage","@id":"https:\/\/dpress.ma\/fr\/2025\/03\/25\/m-bourita-rencontre-a-rabat-m-staffan-de-mistura-lenvoye-personnel-du-sg-de-lonu-pour-le-sahara-marocain\/","url":"https:\/\/dpress.ma\/fr\/2025\/03\/25\/m-bourita-rencontre-a-rabat-m-staffan-de-mistura-lenvoye-personnel-du-sg-de-lonu-pour-le-sahara-marocain\/","name":"M. Bourita rencontre \u00e0 Rabat M. Staffan de Mistura, l\u2019Envoy\u00e9 Personnel du SG de l\u2019ONU pour le Sahara marocain - Dpress.ma\/fr","isPartOf":{"@id":"https:\/\/dpress.ma\/fr\/#website"},"primaryImageOfPage":{"@id":"https:\/\/dpress.ma\/fr\/2025\/03\/25\/m-bourita-rencontre-a-rabat-m-staffan-de-mistura-lenvoye-personnel-du-sg-de-lonu-pour-le-sahara-marocain\/#primaryimage"},"image":{"@id":"https:\/\/dpress.ma\/fr\/2025\/03\/25\/m-bourita-rencontre-a-rabat-m-staffan-de-mistura-lenvoye-personnel-du-sg-de-lonu-pour-le-sahara-marocain\/#primaryimage"},"thumbnailUrl":"https:\/\/dpress.ma\/fr\/wp-content\/uploads\/sites\/2\/2025\/03\/dimensions2-96.jpg","datePublished":"2025-03-25T11:35:39+00:00","dateModified":"2025-03-25T11:35:48+00:00","author":{"@id":"https:\/\/dpress.ma\/fr\/#\/schema\/person\/4898febf3ccd59e6578d838656a306a0"},"breadcrumb":{"@id":"https:\/\/dpress.ma\/fr\/2025\/03\/25\/m-bourita-rencontre-a-rabat-m-staffan-de-mistura-lenvoye-personnel-du-sg-de-lonu-pour-le-sahara-marocain\/#breadcrumb"},"inLanguage":"fr-FR","potentialAction":[{"@type":"ReadAction","target":["https:\/\/dpress.ma\/fr\/2025\/03\/25\/m-bourita-rencontre-a-rabat-m-staffan-de-mistura-lenvoye-personnel-du-sg-de-lonu-pour-le-sahara-marocain\/"]}]},{"@type":"ImageObject","inLanguage":"fr-FR","@id":"https:\/\/dpress.ma\/fr\/2025\/03\/25\/m-bourita-rencontre-a-rabat-m-staffan-de-mistura-lenvoye-personnel-du-sg-de-lonu-pour-le-sahara-marocain\/#primaryimage","url":"https:\/\/dpress.ma\/fr\/wp-content\/uploads\/sites\/2\/2025\/03\/dimensions2-96.jpg","contentUrl":"https:\/\/dpress.ma\/fr\/wp-content\/uploads\/sites\/2\/2025\/03\/dimensions2-96.jpg","width":2539,"height":1594},{"@type":"BreadcrumbList","@id":"https:\/\/dpress.ma\/fr\/2025\/03\/25\/m-bourita-rencontre-a-rabat-m-staffan-de-mistura-lenvoye-personnel-du-sg-de-lonu-pour-le-sahara-marocain\/#breadcrumb","itemListElement":[{"@type":"ListItem","position":1,"name":"Home","item":"https:\/\/dpress.ma\/fr\/"},{"@type":"ListItem","position":2,"name":"M. Bourita rencontre \u00e0 Rabat M. Staffan de Mistura, l\u2019Envoy\u00e9 Personnel du SG de l\u2019ONU pour le Sahara marocain"}]},{"@type":"WebSite","@id":"https:\/\/dpress.ma\/fr\/#website","url":"https:\/\/dpress.ma\/fr\/","name":"Dpress.ma\/fr","description":"","potentialAction":[{"@type":"SearchAction","target":{"@type":"EntryPoint","urlTemplate":"https:\/\/dpress.ma\/fr\/?s={search_term_string}"},"query-input":{"@type":"PropertyValueSpecification","valueRequired":true,"valueName":"search_term_string"}}],"inLanguage":"fr-FR"},{"@type":"Person","@id":"https:\/\/dpress.ma\/fr\/#\/schema\/person\/4898febf3ccd59e6578d838656a306a0","name":"Dpress.ma","image":{"@type":"ImageObject","inLanguage":"fr-FR","@id":"https:\/\/secure.gravatar.com\/avatar\/72ecc30e9db047a2e0e7176561eb9d564ed77c8108376495b19bd8336405198a?s=96&d=mm&r=g","url":"https:\/\/secure.gravatar.com\/avatar\/72ecc30e9db047a2e0e7176561eb9d564ed77c8108376495b19bd8336405198a?s=96&d=mm&r=g","contentUrl":"https:\/\/secure.gravatar.com\/avatar\/72ecc30e9db047a2e0e7176561eb9d564ed77c8108376495b19bd8336405198a?s=96&d=mm&r=g","caption":"Dpress.ma"},"sameAs":["https:\/\/www.dpress.ma"],"url":"https:\/\/dpress.ma\/fr\/author\/dpress-ma\/"}]}},"amp_enabled":true,"_links":{"self":[{"href":"https:\/\/dpress.ma\/fr\/wp-json\/wp\/v2\/posts\/13446","targetHints":{"allow":["GET"]}}],"collection":[{"href":"https:\/\/dpress.ma\/fr\/wp-json\/wp\/v2\/posts"}],"about":[{"href":"https:\/\/dpress.ma\/fr\/wp-json\/wp\/v2\/types\/post"}],"author":[{"embeddable":true,"href":"https:\/\/dpress.ma\/fr\/wp-json\/wp\/v2\/users\/2"}],"replies":[{"embeddable":true,"href":"https:\/\/dpress.ma\/fr\/wp-json\/wp\/v2\/comments?post=13446"}],"version-history":[{"count":1,"href":"https:\/\/dpress.ma\/fr\/wp-json\/wp\/v2\/posts\/13446\/revisions"}],"predecessor-version":[{"id":13448,"href":"https:\/\/dpress.ma\/fr\/wp-json\/wp\/v2\/posts\/13446\/revisions\/13448"}],"wp:featuredmedia":[{"embeddable":true,"href":"https:\/\/dpress.ma\/fr\/wp-json\/wp\/v2\/media\/13447"}],"wp:attachment":[{"href":"https:\/\/dpress.ma\/fr\/wp-json\/wp\/v2\/media?parent=13446"}],"wp:term":[{"taxonomy":"category","embeddable":true,"href":"https:\/\/dpress.ma\/fr\/wp-json\/wp\/v2\/categories?post=13446"},{"taxonomy":"post_tag","embeddable":true,"href":"https:\/\/dpress.ma\/fr\/wp-json\/wp\/v2\/tags?post=13446"}],"curies":[{"name":"wp","href":"https:\/\/api.w.org\/{rel}","templated":true}]}}